{"id":153263,"date":"2022-06-25T01:30:06","date_gmt":"2022-06-25T00:30:06","guid":{"rendered":"https:\/\/radioljubuski.ba\/?p=153263"},"modified":"2022-06-25T01:30:08","modified_gmt":"2022-06-25T00:30:08","slug":"americki-biskupi-nakon-sto-je-ukinuta-ustavna-zastita-pobacaja-u-sad-u-zahvaljujemo-bogu","status":"publish","type":"post","link":"https:\/\/radioljubuski.ba\/index.php\/2022\/06\/25\/americki-biskupi-nakon-sto-je-ukinuta-ustavna-zastita-pobacaja-u-sad-u-zahvaljujemo-bogu\/","title":{"rendered":"Ameri\u010dki biskupi nakon \u0161to je ukinuta ustavna za\u0161tita poba\u010daja u SAD-u: Zahvaljujemo Bogu"},"content":{"rendered":"\n<p>\u201cAmerika je zasnovana na istini da su svi mu\u0161karci i \u017eene stvoreni jednaki, s bogomdanim pravima na \u017eivot, slobodu i tra\u017eenje sre\u0107e\u201d, poru\u010dili su ameri\u010dki biskupi nakon vijesti da je ameri\u010dki Vrhovni sud, najvi\u0161e zakonodavno tijelo, poni\u0161tilo presudu Roe protiv Wadea, kojom je 1973. godine zajam\u010dena ustavna za\u0161tita poba\u010daja u SAD-u.<\/p>\n\n\n\n<figure class=\"wp-block-embed is-type-wp-embed is-provider-radio-ljubuski wp-block-embed-radio-ljubuski\"><div class=\"wp-block-embed__wrapper\">\n<blockquote class=\"wp-embedded-content\" data-secret=\"OOjpKQg11P\"><a href=\"https:\/\/radioljubuski.ba\/index.php\/2022\/06\/25\/vrhovni-sud-sad-a-srusio-ustavnu-zastitu-pobacaja\/\">Vrhovni sud SAD-a sru\u0161io ustavnu za\u0161titu poba\u010daja!<\/a><\/blockquote><iframe loading=\"lazy\" class=\"wp-embedded-content\" sandbox=\"allow-scripts\" security=\"restricted\" style=\"position: absolute; clip: rect(1px, 1px, 1px, 1px);\" title=\"&#8220;Vrhovni sud SAD-a sru\u0161io ustavnu za\u0161titu poba\u010daja!&#8221; &#8212;   RADIO LJUBU\u0160KI\" src=\"https:\/\/radioljubuski.ba\/index.php\/2022\/06\/25\/vrhovni-sud-sad-a-srusio-ustavnu-zastitu-pobacaja\/embed\/#?secret=e3E8l1b1Zz#?secret=OOjpKQg11P\" data-secret=\"OOjpKQg11P\" width=\"600\" height=\"338\" frameborder=\"0\" marginwidth=\"0\" marginheight=\"0\" scrolling=\"no\"><\/iframe>\n<\/div><\/figure>\n\n\n\n<p>\u201cOva istina \u017ealosno se odri\u010de odlukom Vrhovnog suda u slu\u010daju Roe v. Wade, koja je legalizirala i normalizirala uzimanje nevinog ljudskog \u017eivota. Zahvaljujemo danas Bogu da je Sud ukinuo tu odluku.\u201d<\/p>\n\n\n\n<p>\u201cDana\u0161nja odluka tako\u0111er je plod molitvi, \u017ertvi i zagovaranja bezbrojnih obi\u010dnih Amerikanaca iz svih dru\u0161tvenih slojeva. Kroz ove duge godine, milijuni na\u0161ih sugra\u0111ana radili su zajedno u miru kako bi educirali i uvjerili svoje bli\u017enje u nepravednost poba\u010daja, kako bi ponudili pomo\u0107 i brigu \u017eenama te kako bi pru\u017eili alternative poba\u010daju, uklju\u010duju\u0107i posvojenje, posvajanje i javne politike koje doista podr\u017eavaju obitelji\u201d, stoji u priop\u0107enju koje potpisuju nadbiskup Los Angelesa Jose H. Gomez i nadbiskup Baltimorea William E. Lori, navodi\u00a0<a href=\"https:\/\/www.catholicnewsagency.com\/news\/251247\/supreme-court-roe-v-wade-dobbs-decision\" target=\"_blank\" rel=\"noreferrer noopener\">Catholic News Agency<\/a>.<\/p>\n\n\n\n<figure class=\"wp-block-image\"><img decoding=\"async\" src=\"https:\/\/narod.hr\/wp-content\/uploads\/2022\/06\/gomez.jpg\" alt=\"\"\/><\/figure>\n\n\n\n<h3 class=\"wp-block-heading\"><strong>\u010cak 13 dr\u017eava donijelo je zakone o gotovo potpunoj zabrani poba\u010daja koji \u0107e sada stupiti na snagu<\/strong><\/h3>\n\n\n\n<p>Vode\u0107i ameri\u010dki katoli\u010dki portal sastavio je i&nbsp;<a href=\"https:\/\/www.catholicnewsagency.com\/news\/251551\/roe-is-overturned-what-happens-next\" target=\"_blank\" rel=\"noreferrer noopener\">popis<\/a>&nbsp;regulacije poba\u010daja po saveznim dr\u017eavama. Prema tom popisu, \u010dak 13 dr\u017eava (me\u0111u kojima su Alabama i Teksas) donijelo je zakone o gotovo potpunoj zabrani poba\u010daja koji \u0107e sada stupiti na snagu. Jo\u0161 nekoliko dr\u017eava ima odre\u0111ena ograni\u010denja, poput zabrane eugeni\u010dkog poba\u010daja ili zabrane poba\u010daja na zahtjev nakon \u0161to fetusu po\u010dne kucati srce.<\/p>\n\n\n\n<p>Vrhovni sud ameri\u010dke savezne dr\u017eave Alabame, podsje\u0107amo, nedavno je presudio da je nero\u0111eno dijete osoba.<\/p>\n\n\n\n<p>Osim Alabame, postoji 12 drugih dr\u017eava u SAD-u koje definiraju nero\u0111enu djecu kao osobe. To uklju\u010duje Arkansas, Idaho, Illinois, Kansas, Kentucky, Louisianu, Mississippi, Missouri, Oklahomu, Tennessee i Texas.<\/p>\n\n\n\n<blockquote class=\"twitter-tweet\"><p lang=\"en\" dir=\"ltr\">\ud83d\udea8 BREAKING \ud83d\udea8 Following the SCOTUS ruling overturning Roe v. Wade, Missouri has just become the first in the country to effectively end abortion with our AG opinion signed moments ago. This is a monumental day for the sanctity of life. <a href=\"https:\/\/t.co\/Jphy72R4rq\">pic.twitter.com\/Jphy72R4rq<\/a><\/p>&mdash; Attorney General Eric Schmitt (@AGEricSchmitt) <a href=\"https:\/\/twitter.com\/AGEricSchmitt\/status\/1540338042413944832?ref_src=twsrc%5Etfw\">June 24, 2022<\/a><\/blockquote> <script async src=\"https:\/\/platform.twitter.com\/widgets.js\" charset=\"utf-8\"><\/script>\n\n\n\n<p>Ne\u0161to vi\u0161e dr\u017eava pak ima zakone koji \u0161tite legalnost poba\u010daja na zahtjev od kojih je u nekima (poput New Yorka i Colorada) abortus dopu\u0161ten prakti\u010dki do trenutka ro\u0111enja. \u010cetiri ameri\u010dke dr\u017eave poba\u010daj su za\u0161titile Ustavom.<\/p>\n\n\n\n<p>Izvor:narod.hr<\/p>\n","protected":false},"excerpt":{"rendered":"<p>\u201cAmerika je zasnovana na istini da su svi mu\u0161karci i \u017eene stvoreni jednaki, s bogomdanim pravima na \u017eivot, slobodu i tra\u017eenje sre\u0107e\u201d, poru\u010dili su ameri\u010dki biskupi nakon vijesti da je ameri\u010dki Vrhovni sud, najvi\u0161e zakonodavno tijelo, poni\u0161tilo presudu Roe protiv Wadea, kojom je 1973. godine zajam\u010dena ustavna za\u0161tita poba\u010daja u SAD-u. \u201cOva istina \u017ealosno se [&hellip;]<\/p>\n","protected":false},"author":2,"featured_media":153264,"comment_status":"closed","ping_status":"closed","sticky":false,"template":"","format":"standard","meta":{"h5ap_radio_sources":[],"footnotes":""},"categories":[1],"tags":[],"class_list":["post-153263","post","type-post","status-publish","format-standard","has-post-thumbnail","hentry","category-bihiregija"],"yoast_head":"<!-- This site is optimized with the Yoast SEO plugin v27.4 - https:\/\/yoast.com\/product\/yoast-seo-wordpress\/ -->\n<title>Ameri\u010dki biskupi nakon \u0161to je ukinuta ustavna za\u0161tita poba\u010daja u SAD-u: Zahvaljujemo Bogu - RADIO LJUBU\u0160KI<\/title>\n<meta name=\"robots\" content=\"index, follow, max-snippet:-1, max-image-preview:large, max-video-preview:-1\" \/>\n<link rel=\"canonical\" href=\"https:\/\/radioljubuski.ba\/index.php\/2022\/06\/25\/americki-biskupi-nakon-sto-je-ukinuta-ustavna-zastita-pobacaja-u-sad-u-zahvaljujemo-bogu\/\" \/>\n<meta property=\"og:locale\" content=\"hr_HR\" \/>\n<meta property=\"og:type\" content=\"article\" \/>\n<meta property=\"og:title\" content=\"Ameri\u010dki biskupi nakon \u0161to je ukinuta ustavna za\u0161tita poba\u010daja u SAD-u: Zahvaljujemo Bogu - RADIO LJUBU\u0160KI\" \/>\n<meta property=\"og:description\" content=\"\u201cAmerika je zasnovana na istini da su svi mu\u0161karci i \u017eene stvoreni jednaki, s bogomdanim pravima na \u017eivot, slobodu i tra\u017eenje sre\u0107e\u201d, poru\u010dili su ameri\u010dki biskupi nakon vijesti da je ameri\u010dki Vrhovni sud, najvi\u0161e zakonodavno tijelo, poni\u0161tilo presudu Roe protiv Wadea, kojom je 1973. godine zajam\u010dena ustavna za\u0161tita poba\u010daja u SAD-u. \u201cOva istina \u017ealosno se [&hellip;]\" \/>\n<meta property=\"og:url\" content=\"https:\/\/radioljubuski.ba\/index.php\/2022\/06\/25\/americki-biskupi-nakon-sto-je-ukinuta-ustavna-zastita-pobacaja-u-sad-u-zahvaljujemo-bogu\/\" \/>\n<meta property=\"og:site_name\" content=\"RADIO LJUBU\u0160KI\" \/>\n<meta property=\"article:publisher\" content=\"https:\/\/www.facebook.com\/Radiio-Ljubuski-1490835324566332\" \/>\n<meta property=\"article:published_time\" content=\"2022-06-25T00:30:06+00:00\" \/>\n<meta property=\"article:modified_time\" content=\"2022-06-25T00:30:08+00:00\" \/>\n<meta property=\"og:image\" content=\"https:\/\/radioljubuski.ba\/wp-content\/uploads\/2022\/06\/biskupiHN20200304483232-scaled-1-696x464-1.jpg\" \/>\n\t<meta property=\"og:image:width\" content=\"696\" \/>\n\t<meta property=\"og:image:height\" content=\"464\" \/>\n\t<meta property=\"og:image:type\" content=\"image\/jpeg\" \/>\n<meta name=\"author\" content=\"Radio Ljubu\u0161ki\" \/>\n<meta name=\"twitter:card\" content=\"summary_large_image\" \/>\n<meta name=\"twitter:creator\" content=\"@radioljubuski\" \/>\n<meta name=\"twitter:site\" content=\"@radioljubuski\" \/>\n<meta name=\"twitter:label1\" content=\"Napisao\/la\" \/>\n\t<meta name=\"twitter:data1\" content=\"Radio Ljubu\u0161ki\" \/>\n\t<meta name=\"twitter:label2\" content=\"Procijenjeno vrijeme \u010ditanja\" \/>\n\t<meta name=\"twitter:data2\" content=\"2 minute\" \/>\n<script type=\"application\/ld+json\" class=\"yoast-schema-graph\">{\"@context\":\"https:\\\/\\\/schema.org\",\"@graph\":[{\"@type\":\"Article\",\"@id\":\"https:\\\/\\\/radioljubuski.ba\\\/index.php\\\/2022\\\/06\\\/25\\\/americki-biskupi-nakon-sto-je-ukinuta-ustavna-zastita-pobacaja-u-sad-u-zahvaljujemo-bogu\\\/#article\",\"isPartOf\":{\"@id\":\"https:\\\/\\\/radioljubuski.ba\\\/index.php\\\/2022\\\/06\\\/25\\\/americki-biskupi-nakon-sto-je-ukinuta-ustavna-zastita-pobacaja-u-sad-u-zahvaljujemo-bogu\\\/\"},\"author\":{\"name\":\"Radio Ljubu\u0161ki\",\"@id\":\"https:\\\/\\\/radioljubuski.ba\\\/#\\\/schema\\\/person\\\/19fc700381a780f69665d7956c469e3b\"},\"headline\":\"Ameri\u010dki biskupi nakon \u0161to je ukinuta ustavna za\u0161tita poba\u010daja u SAD-u: Zahvaljujemo Bogu\",\"datePublished\":\"2022-06-25T00:30:06+00:00\",\"dateModified\":\"2022-06-25T00:30:08+00:00\",\"mainEntityOfPage\":{\"@id\":\"https:\\\/\\\/radioljubuski.ba\\\/index.php\\\/2022\\\/06\\\/25\\\/americki-biskupi-nakon-sto-je-ukinuta-ustavna-zastita-pobacaja-u-sad-u-zahvaljujemo-bogu\\\/\"},\"wordCount\":456,\"publisher\":{\"@id\":\"https:\\\/\\\/radioljubuski.ba\\\/#organization\"},\"image\":{\"@id\":\"https:\\\/\\\/radioljubuski.ba\\\/index.php\\\/2022\\\/06\\\/25\\\/americki-biskupi-nakon-sto-je-ukinuta-ustavna-zastita-pobacaja-u-sad-u-zahvaljujemo-bogu\\\/#primaryimage\"},\"thumbnailUrl\":\"https:\\\/\\\/radioljubuski.ba\\\/wp-content\\\/uploads\\\/2022\\\/06\\\/biskupiHN20200304483232-scaled-1-696x464-1.jpg\",\"articleSection\":[\"BIH i regija\"],\"inLanguage\":\"hr\"},{\"@type\":\"WebPage\",\"@id\":\"https:\\\/\\\/radioljubuski.ba\\\/index.php\\\/2022\\\/06\\\/25\\\/americki-biskupi-nakon-sto-je-ukinuta-ustavna-zastita-pobacaja-u-sad-u-zahvaljujemo-bogu\\\/\",\"url\":\"https:\\\/\\\/radioljubuski.ba\\\/index.php\\\/2022\\\/06\\\/25\\\/americki-biskupi-nakon-sto-je-ukinuta-ustavna-zastita-pobacaja-u-sad-u-zahvaljujemo-bogu\\\/\",\"name\":\"Ameri\u010dki biskupi nakon \u0161to je ukinuta ustavna za\u0161tita poba\u010daja u SAD-u: Zahvaljujemo Bogu - RADIO LJUBU\u0160KI\",\"isPartOf\":{\"@id\":\"https:\\\/\\\/radioljubuski.ba\\\/#website\"},\"primaryImageOfPage\":{\"@id\":\"https:\\\/\\\/radioljubuski.ba\\\/index.php\\\/2022\\\/06\\\/25\\\/americki-biskupi-nakon-sto-je-ukinuta-ustavna-zastita-pobacaja-u-sad-u-zahvaljujemo-bogu\\\/#primaryimage\"},\"image\":{\"@id\":\"https:\\\/\\\/radioljubuski.ba\\\/index.php\\\/2022\\\/06\\\/25\\\/americki-biskupi-nakon-sto-je-ukinuta-ustavna-zastita-pobacaja-u-sad-u-zahvaljujemo-bogu\\\/#primaryimage\"},\"thumbnailUrl\":\"https:\\\/\\\/radioljubuski.ba\\\/wp-content\\\/uploads\\\/2022\\\/06\\\/biskupiHN20200304483232-scaled-1-696x464-1.jpg\",\"datePublished\":\"2022-06-25T00:30:06+00:00\",\"dateModified\":\"2022-06-25T00:30:08+00:00\",\"breadcrumb\":{\"@id\":\"https:\\\/\\\/radioljubuski.ba\\\/index.php\\\/2022\\\/06\\\/25\\\/americki-biskupi-nakon-sto-je-ukinuta-ustavna-zastita-pobacaja-u-sad-u-zahvaljujemo-bogu\\\/#breadcrumb\"},\"inLanguage\":\"hr\",\"potentialAction\":[{\"@type\":\"ReadAction\",\"target\":[\"https:\\\/\\\/radioljubuski.ba\\\/index.php\\\/2022\\\/06\\\/25\\\/americki-biskupi-nakon-sto-je-ukinuta-ustavna-zastita-pobacaja-u-sad-u-zahvaljujemo-bogu\\\/\"]}]},{\"@type\":\"ImageObject\",\"inLanguage\":\"hr\",\"@id\":\"https:\\\/\\\/radioljubuski.ba\\\/index.php\\\/2022\\\/06\\\/25\\\/americki-biskupi-nakon-sto-je-ukinuta-ustavna-zastita-pobacaja-u-sad-u-zahvaljujemo-bogu\\\/#primaryimage\",\"url\":\"https:\\\/\\\/radioljubuski.ba\\\/wp-content\\\/uploads\\\/2022\\\/06\\\/biskupiHN20200304483232-scaled-1-696x464-1.jpg\",\"contentUrl\":\"https:\\\/\\\/radioljubuski.ba\\\/wp-content\\\/uploads\\\/2022\\\/06\\\/biskupiHN20200304483232-scaled-1-696x464-1.jpg\",\"width\":696,\"height\":464},{\"@type\":\"BreadcrumbList\",\"@id\":\"https:\\\/\\\/radioljubuski.ba\\\/index.php\\\/2022\\\/06\\\/25\\\/americki-biskupi-nakon-sto-je-ukinuta-ustavna-zastita-pobacaja-u-sad-u-zahvaljujemo-bogu\\\/#breadcrumb\",\"itemListElement\":[{\"@type\":\"ListItem\",\"position\":1,\"name\":\"Po\u010detna stranica\",\"item\":\"https:\\\/\\\/radioljubuski.ba\\\/\"},{\"@type\":\"ListItem\",\"position\":2,\"name\":\"Ameri\u010dki biskupi nakon \u0161to je ukinuta ustavna za\u0161tita poba\u010daja u SAD-u: Zahvaljujemo Bogu\"}]},{\"@type\":\"WebSite\",\"@id\":\"https:\\\/\\\/radioljubuski.ba\\\/#website\",\"url\":\"https:\\\/\\\/radioljubuski.ba\\\/\",\"name\":\"Radio Ljubu\u0161ki\",\"description\":\"Sun\u010dana frekvencija Hercegovine\",\"publisher\":{\"@id\":\"https:\\\/\\\/radioljubuski.ba\\\/#organization\"},\"potentialAction\":[{\"@type\":\"SearchAction\",\"target\":{\"@type\":\"EntryPoint\",\"urlTemplate\":\"https:\\\/\\\/radioljubuski.ba\\\/?s={search_term_string}\"},\"query-input\":{\"@type\":\"PropertyValueSpecification\",\"valueRequired\":true,\"valueName\":\"search_term_string\"}}],\"inLanguage\":\"hr\"},{\"@type\":\"Organization\",\"@id\":\"https:\\\/\\\/radioljubuski.ba\\\/#organization\",\"name\":\"Radio Ljubu\u0161ki\",\"url\":\"https:\\\/\\\/radioljubuski.ba\\\/\",\"logo\":{\"@type\":\"ImageObject\",\"inLanguage\":\"hr\",\"@id\":\"https:\\\/\\\/radioljubuski.ba\\\/#\\\/schema\\\/logo\\\/image\\\/\",\"url\":\"https:\\\/\\\/radioljubuski.ba\\\/wp-content\\\/uploads\\\/2021\\\/02\\\/cropped-Radio_Ljubuski_logo1.jpg\",\"contentUrl\":\"https:\\\/\\\/radioljubuski.ba\\\/wp-content\\\/uploads\\\/2021\\\/02\\\/cropped-Radio_Ljubuski_logo1.jpg\",\"width\":512,\"height\":512,\"caption\":\"Radio Ljubu\u0161ki\"},\"image\":{\"@id\":\"https:\\\/\\\/radioljubuski.ba\\\/#\\\/schema\\\/logo\\\/image\\\/\"},\"sameAs\":[\"https:\\\/\\\/www.facebook.com\\\/Radiio-Ljubuski-1490835324566332\",\"https:\\\/\\\/x.com\\\/radioljubuski\",\"https:\\\/\\\/hr.linkedin.com\\\/company\\\/radio-ljubuski\",\"https:\\\/\\\/www.youtube.com\\\/channel\\\/UCHYaeO_n0Db3tjNGudGpXyw\"]},{\"@type\":\"Person\",\"@id\":\"https:\\\/\\\/radioljubuski.ba\\\/#\\\/schema\\\/person\\\/19fc700381a780f69665d7956c469e3b\",\"name\":\"Radio Ljubu\u0161ki\"}]}<\/script>\n<!-- \/ Yoast SEO plugin. -->","yoast_head_json":{"title":"Ameri\u010dki biskupi nakon \u0161to je ukinuta ustavna za\u0161tita poba\u010daja u SAD-u: Zahvaljujemo Bogu - RADIO LJUBU\u0160KI","robots":{"index":"index","follow":"follow","max-snippet":"max-snippet:-1","max-image-preview":"max-image-preview:large","max-video-preview":"max-video-preview:-1"},"canonical":"https:\/\/radioljubuski.ba\/index.php\/2022\/06\/25\/americki-biskupi-nakon-sto-je-ukinuta-ustavna-zastita-pobacaja-u-sad-u-zahvaljujemo-bogu\/","og_locale":"hr_HR","og_type":"article","og_title":"Ameri\u010dki biskupi nakon \u0161to je ukinuta ustavna za\u0161tita poba\u010daja u SAD-u: Zahvaljujemo Bogu - RADIO LJUBU\u0160KI","og_description":"\u201cAmerika je zasnovana na istini da su svi mu\u0161karci i \u017eene stvoreni jednaki, s bogomdanim pravima na \u017eivot, slobodu i tra\u017eenje sre\u0107e\u201d, poru\u010dili su ameri\u010dki biskupi nakon vijesti da je ameri\u010dki Vrhovni sud, najvi\u0161e zakonodavno tijelo, poni\u0161tilo presudu Roe protiv Wadea, kojom je 1973. godine zajam\u010dena ustavna za\u0161tita poba\u010daja u SAD-u. \u201cOva istina \u017ealosno se [&hellip;]","og_url":"https:\/\/radioljubuski.ba\/index.php\/2022\/06\/25\/americki-biskupi-nakon-sto-je-ukinuta-ustavna-zastita-pobacaja-u-sad-u-zahvaljujemo-bogu\/","og_site_name":"RADIO LJUBU\u0160KI","article_publisher":"https:\/\/www.facebook.com\/Radiio-Ljubuski-1490835324566332","article_published_time":"2022-06-25T00:30:06+00:00","article_modified_time":"2022-06-25T00:30:08+00:00","og_image":[{"width":696,"height":464,"url":"https:\/\/radioljubuski.ba\/wp-content\/uploads\/2022\/06\/biskupiHN20200304483232-scaled-1-696x464-1.jpg","type":"image\/jpeg"}],"author":"Radio Ljubu\u0161ki","twitter_card":"summary_large_image","twitter_creator":"@radioljubuski","twitter_site":"@radioljubuski","twitter_misc":{"Napisao\/la":"Radio Ljubu\u0161ki","Procijenjeno vrijeme \u010ditanja":"2 minute"},"schema":{"@context":"https:\/\/schema.org","@graph":[{"@type":"Article","@id":"https:\/\/radioljubuski.ba\/index.php\/2022\/06\/25\/americki-biskupi-nakon-sto-je-ukinuta-ustavna-zastita-pobacaja-u-sad-u-zahvaljujemo-bogu\/#article","isPartOf":{"@id":"https:\/\/radioljubuski.ba\/index.php\/2022\/06\/25\/americki-biskupi-nakon-sto-je-ukinuta-ustavna-zastita-pobacaja-u-sad-u-zahvaljujemo-bogu\/"},"author":{"name":"Radio Ljubu\u0161ki","@id":"https:\/\/radioljubuski.ba\/#\/schema\/person\/19fc700381a780f69665d7956c469e3b"},"headline":"Ameri\u010dki biskupi nakon \u0161to je ukinuta ustavna za\u0161tita poba\u010daja u SAD-u: Zahvaljujemo Bogu","datePublished":"2022-06-25T00:30:06+00:00","dateModified":"2022-06-25T00:30:08+00:00","mainEntityOfPage":{"@id":"https:\/\/radioljubuski.ba\/index.php\/2022\/06\/25\/americki-biskupi-nakon-sto-je-ukinuta-ustavna-zastita-pobacaja-u-sad-u-zahvaljujemo-bogu\/"},"wordCount":456,"publisher":{"@id":"https:\/\/radioljubuski.ba\/#organization"},"image":{"@id":"https:\/\/radioljubuski.ba\/index.php\/2022\/06\/25\/americki-biskupi-nakon-sto-je-ukinuta-ustavna-zastita-pobacaja-u-sad-u-zahvaljujemo-bogu\/#primaryimage"},"thumbnailUrl":"https:\/\/radioljubuski.ba\/wp-content\/uploads\/2022\/06\/biskupiHN20200304483232-scaled-1-696x464-1.jpg","articleSection":["BIH i regija"],"inLanguage":"hr"},{"@type":"WebPage","@id":"https:\/\/radioljubuski.ba\/index.php\/2022\/06\/25\/americki-biskupi-nakon-sto-je-ukinuta-ustavna-zastita-pobacaja-u-sad-u-zahvaljujemo-bogu\/","url":"https:\/\/radioljubuski.ba\/index.php\/2022\/06\/25\/americki-biskupi-nakon-sto-je-ukinuta-ustavna-zastita-pobacaja-u-sad-u-zahvaljujemo-bogu\/","name":"Ameri\u010dki biskupi nakon \u0161to je ukinuta ustavna za\u0161tita poba\u010daja u SAD-u: Zahvaljujemo Bogu - RADIO LJUBU\u0160KI","isPartOf":{"@id":"https:\/\/radioljubuski.ba\/#website"},"primaryImageOfPage":{"@id":"https:\/\/radioljubuski.ba\/index.php\/2022\/06\/25\/americki-biskupi-nakon-sto-je-ukinuta-ustavna-zastita-pobacaja-u-sad-u-zahvaljujemo-bogu\/#primaryimage"},"image":{"@id":"https:\/\/radioljubuski.ba\/index.php\/2022\/06\/25\/americki-biskupi-nakon-sto-je-ukinuta-ustavna-zastita-pobacaja-u-sad-u-zahvaljujemo-bogu\/#primaryimage"},"thumbnailUrl":"https:\/\/radioljubuski.ba\/wp-content\/uploads\/2022\/06\/biskupiHN20200304483232-scaled-1-696x464-1.jpg","datePublished":"2022-06-25T00:30:06+00:00","dateModified":"2022-06-25T00:30:08+00:00","breadcrumb":{"@id":"https:\/\/radioljubuski.ba\/index.php\/2022\/06\/25\/americki-biskupi-nakon-sto-je-ukinuta-ustavna-zastita-pobacaja-u-sad-u-zahvaljujemo-bogu\/#breadcrumb"},"inLanguage":"hr","potentialAction":[{"@type":"ReadAction","target":["https:\/\/radioljubuski.ba\/index.php\/2022\/06\/25\/americki-biskupi-nakon-sto-je-ukinuta-ustavna-zastita-pobacaja-u-sad-u-zahvaljujemo-bogu\/"]}]},{"@type":"ImageObject","inLanguage":"hr","@id":"https:\/\/radioljubuski.ba\/index.php\/2022\/06\/25\/americki-biskupi-nakon-sto-je-ukinuta-ustavna-zastita-pobacaja-u-sad-u-zahvaljujemo-bogu\/#primaryimage","url":"https:\/\/radioljubuski.ba\/wp-content\/uploads\/2022\/06\/biskupiHN20200304483232-scaled-1-696x464-1.jpg","contentUrl":"https:\/\/radioljubuski.ba\/wp-content\/uploads\/2022\/06\/biskupiHN20200304483232-scaled-1-696x464-1.jpg","width":696,"height":464},{"@type":"BreadcrumbList","@id":"https:\/\/radioljubuski.ba\/index.php\/2022\/06\/25\/americki-biskupi-nakon-sto-je-ukinuta-ustavna-zastita-pobacaja-u-sad-u-zahvaljujemo-bogu\/#breadcrumb","itemListElement":[{"@type":"ListItem","position":1,"name":"Po\u010detna stranica","item":"https:\/\/radioljubuski.ba\/"},{"@type":"ListItem","position":2,"name":"Ameri\u010dki biskupi nakon \u0161to je ukinuta ustavna za\u0161tita poba\u010daja u SAD-u: Zahvaljujemo Bogu"}]},{"@type":"WebSite","@id":"https:\/\/radioljubuski.ba\/#website","url":"https:\/\/radioljubuski.ba\/","name":"Radio Ljubu\u0161ki","description":"Sun\u010dana frekvencija Hercegovine","publisher":{"@id":"https:\/\/radioljubuski.ba\/#organization"},"potentialAction":[{"@type":"SearchAction","target":{"@type":"EntryPoint","urlTemplate":"https:\/\/radioljubuski.ba\/?s={search_term_string}"},"query-input":{"@type":"PropertyValueSpecification","valueRequired":true,"valueName":"search_term_string"}}],"inLanguage":"hr"},{"@type":"Organization","@id":"https:\/\/radioljubuski.ba\/#organization","name":"Radio Ljubu\u0161ki","url":"https:\/\/radioljubuski.ba\/","logo":{"@type":"ImageObject","inLanguage":"hr","@id":"https:\/\/radioljubuski.ba\/#\/schema\/logo\/image\/","url":"https:\/\/radioljubuski.ba\/wp-content\/uploads\/2021\/02\/cropped-Radio_Ljubuski_logo1.jpg","contentUrl":"https:\/\/radioljubuski.ba\/wp-content\/uploads\/2021\/02\/cropped-Radio_Ljubuski_logo1.jpg","width":512,"height":512,"caption":"Radio Ljubu\u0161ki"},"image":{"@id":"https:\/\/radioljubuski.ba\/#\/schema\/logo\/image\/"},"sameAs":["https:\/\/www.facebook.com\/Radiio-Ljubuski-1490835324566332","https:\/\/x.com\/radioljubuski","https:\/\/hr.linkedin.com\/company\/radio-ljubuski","https:\/\/www.youtube.com\/channel\/UCHYaeO_n0Db3tjNGudGpXyw"]},{"@type":"Person","@id":"https:\/\/radioljubuski.ba\/#\/schema\/person\/19fc700381a780f69665d7956c469e3b","name":"Radio Ljubu\u0161ki"}]}},"_links":{"self":[{"href":"https:\/\/radioljubuski.ba\/index.php\/wp-json\/wp\/v2\/posts\/153263","targetHints":{"allow":["GET"]}}],"collection":[{"href":"https:\/\/radioljubuski.ba\/index.php\/wp-json\/wp\/v2\/posts"}],"about":[{"href":"https:\/\/radioljubuski.ba\/index.php\/wp-json\/wp\/v2\/types\/post"}],"author":[{"embeddable":true,"href":"https:\/\/radioljubuski.ba\/index.php\/wp-json\/wp\/v2\/users\/2"}],"replies":[{"embeddable":true,"href":"https:\/\/radioljubuski.ba\/index.php\/wp-json\/wp\/v2\/comments?post=153263"}],"version-history":[{"count":1,"href":"https:\/\/radioljubuski.ba\/index.php\/wp-json\/wp\/v2\/posts\/153263\/revisions"}],"predecessor-version":[{"id":153265,"href":"https:\/\/radioljubuski.ba\/index.php\/wp-json\/wp\/v2\/posts\/153263\/revisions\/153265"}],"wp:featuredmedia":[{"embeddable":true,"href":"https:\/\/radioljubuski.ba\/index.php\/wp-json\/wp\/v2\/media\/153264"}],"wp:attachment":[{"href":"https:\/\/radioljubuski.ba\/index.php\/wp-json\/wp\/v2\/media?parent=153263"}],"wp:term":[{"taxonomy":"category","embeddable":true,"href":"https:\/\/radioljubuski.ba\/index.php\/wp-json\/wp\/v2\/categories?post=153263"},{"taxonomy":"post_tag","embeddable":true,"href":"https:\/\/radioljubuski.ba\/index.php\/wp-json\/wp\/v2\/tags?post=153263"}],"curies":[{"name":"wp","href":"https:\/\/api.w.org\/{rel}","templated":true}]}}