{"id":153280,"date":"2022-06-25T01:41:50","date_gmt":"2022-06-25T00:41:50","guid":{"rendered":"https:\/\/radioljubuski.ba\/?p=153280"},"modified":"2022-06-25T01:41:50","modified_gmt":"2022-06-25T00:41:50","slug":"unicef-zbog-poplava-u-bangladesu-35-milijuna-djece-bez-ciste-vode","status":"publish","type":"post","link":"https:\/\/radioljubuski.ba\/index.php\/2022\/06\/25\/unicef-zbog-poplava-u-bangladesu-35-milijuna-djece-bez-ciste-vode\/","title":{"rendered":"UNICEF: Zbog poplava u Banglade\u0161u 3,5 milijuna djece bez \u010diste vode"},"content":{"rendered":"\n<p>Petnaestero djece utopilo se u iznenadnim poplavama koje su zadesile Banglade\u0161, a 3,5 milijuna hitno treba pitku vodu zbog rastu\u0107e opasnosti od bolesti koje se prenose vodom, kazao je u petak predstavnik UNICEFA te dr\u017eave.<\/p>\n\n\n\n<p>&#8220;Broj djece i porast broja u posljednjih nekoliko dana potresni su. Ogromna podru\u010dja potpuno su potopljena i nemaju pristup pitkoj vodi niti hrani. Djeci hitno treba pomo\u0107i&#8221;, kazao je Sheldon Yett.<\/p>\n\n\n\n<p>Vlade i humanitarne agencije nastoje \u0161to br\u017ee pru\u017eiti pomo\u0107 u pitkoj vodi i drugim potrep\u0161tinama po\u0161to je iznenadna bujica prekrila \u010detvrtinu ove ju\u017enoazijske zemlje.<\/p>\n\n\n\n<p>Poplave su tako\u0111er omele rad zdravstvenih ustanova, zatvorile \u0161kole te onemogu\u0107ile lije\u010denje pothranjenosti stotina djece, kazao je Yett na brifingu u \u017denevi..<\/p>\n\n\n\n<p>Broj slu\u010dajeva proljeva od sredine ovoga tjedna porastao je na 2,700, dodao je.<\/p>\n\n\n\n<p>Vlasti u Banglade\u0161u i susjednoj Indiji upozorile su na rizik od epidemije.<\/p>\n\n\n\n<p>Ukupno je 4,5 milijuna ljudi zarobljeno vodom a &nbsp;desetine su poginule u Banglade\u0161u, od kojih mnogi u najgoroj poplavi u posljednjih 100 godina u regiji Sylhet na sjeveroistoku.&nbsp;<\/p>\n\n\n\n<p>U isto\u010dnoj saveznoj indijskoj dr\u017eavi Assamu, indijski vojni helikopteri koriste se za prijenos hrane i drugih zaliha odcijepljenim zajednicama.<\/p>\n\n\n\n<p>Izvor:pogled.ba<\/p>\n","protected":false},"excerpt":{"rendered":"<p>Petnaestero djece utopilo se u iznenadnim poplavama koje su zadesile Banglade\u0161, a 3,5 milijuna hitno treba pitku vodu zbog rastu\u0107e opasnosti od bolesti koje se prenose vodom, kazao je u petak predstavnik UNICEFA te dr\u017eave. &#8220;Broj djece i porast broja u posljednjih nekoliko dana potresni su. Ogromna podru\u010dja potpuno su potopljena i nemaju pristup pitkoj [&hellip;]<\/p>\n","protected":false},"author":2,"featured_media":153281,"comment_status":"closed","ping_status":"closed","sticky":false,"template":"","format":"standard","meta":{"h5ap_radio_sources":[],"footnotes":""},"categories":[1],"tags":[],"class_list":["post-153280","post","type-post","status-publish","format-standard","has-post-thumbnail","hentry","category-bihiregija"],"yoast_head":"<!-- This site is optimized with the Yoast SEO plugin v27.4 - https:\/\/yoast.com\/product\/yoast-seo-wordpress\/ -->\n<title>UNICEF: Zbog poplava u Banglade\u0161u 3,5 milijuna djece bez \u010diste vode - RADIO LJUBU\u0160KI<\/title>\n<meta name=\"robots\" content=\"index, follow, max-snippet:-1, max-image-preview:large, max-video-preview:-1\" \/>\n<link rel=\"canonical\" href=\"https:\/\/radioljubuski.ba\/index.php\/2022\/06\/25\/unicef-zbog-poplava-u-bangladesu-35-milijuna-djece-bez-ciste-vode\/\" \/>\n<meta property=\"og:locale\" content=\"hr_HR\" \/>\n<meta property=\"og:type\" content=\"article\" \/>\n<meta property=\"og:title\" content=\"UNICEF: Zbog poplava u Banglade\u0161u 3,5 milijuna djece bez \u010diste vode - RADIO LJUBU\u0160KI\" \/>\n<meta property=\"og:description\" content=\"Petnaestero djece utopilo se u iznenadnim poplavama koje su zadesile Banglade\u0161, a 3,5 milijuna hitno treba pitku vodu zbog rastu\u0107e opasnosti od bolesti koje se prenose vodom, kazao je u petak predstavnik UNICEFA te dr\u017eave. &#8220;Broj djece i porast broja u posljednjih nekoliko dana potresni su. Ogromna podru\u010dja potpuno su potopljena i nemaju pristup pitkoj [&hellip;]\" \/>\n<meta property=\"og:url\" content=\"https:\/\/radioljubuski.ba\/index.php\/2022\/06\/25\/unicef-zbog-poplava-u-bangladesu-35-milijuna-djece-bez-ciste-vode\/\" \/>\n<meta property=\"og:site_name\" content=\"RADIO LJUBU\u0160KI\" \/>\n<meta property=\"article:publisher\" content=\"https:\/\/www.facebook.com\/Radiio-Ljubuski-1490835324566332\" \/>\n<meta property=\"article:published_time\" content=\"2022-06-25T00:41:50+00:00\" \/>\n<meta property=\"og:image\" content=\"https:\/\/radioljubuski.ba\/wp-content\/uploads\/2022\/06\/10-2022-06-24-17-36-18-Snimka-zaslona-2022-06-24-173445.jpg\" \/>\n\t<meta property=\"og:image:width\" content=\"1000\" \/>\n\t<meta property=\"og:image:height\" content=\"625\" \/>\n\t<meta property=\"og:image:type\" content=\"image\/jpeg\" \/>\n<meta name=\"author\" content=\"Radio Ljubu\u0161ki\" \/>\n<meta name=\"twitter:card\" content=\"summary_large_image\" \/>\n<meta name=\"twitter:creator\" content=\"@radioljubuski\" \/>\n<meta name=\"twitter:site\" content=\"@radioljubuski\" \/>\n<meta name=\"twitter:label1\" content=\"Napisao\/la\" \/>\n\t<meta name=\"twitter:data1\" content=\"Radio Ljubu\u0161ki\" \/>\n\t<meta name=\"twitter:label2\" content=\"Procijenjeno vrijeme \u010ditanja\" \/>\n\t<meta name=\"twitter:data2\" content=\"1 minuta\" \/>\n<script type=\"application\/ld+json\" class=\"yoast-schema-graph\">{\"@context\":\"https:\\\/\\\/schema.org\",\"@graph\":[{\"@type\":\"Article\",\"@id\":\"https:\\\/\\\/radioljubuski.ba\\\/index.php\\\/2022\\\/06\\\/25\\\/unicef-zbog-poplava-u-bangladesu-35-milijuna-djece-bez-ciste-vode\\\/#article\",\"isPartOf\":{\"@id\":\"https:\\\/\\\/radioljubuski.ba\\\/index.php\\\/2022\\\/06\\\/25\\\/unicef-zbog-poplava-u-bangladesu-35-milijuna-djece-bez-ciste-vode\\\/\"},\"author\":{\"name\":\"Radio Ljubu\u0161ki\",\"@id\":\"https:\\\/\\\/radioljubuski.ba\\\/#\\\/schema\\\/person\\\/19fc700381a780f69665d7956c469e3b\"},\"headline\":\"UNICEF: Zbog poplava u Banglade\u0161u 3,5 milijuna djece bez \u010diste vode\",\"datePublished\":\"2022-06-25T00:41:50+00:00\",\"mainEntityOfPage\":{\"@id\":\"https:\\\/\\\/radioljubuski.ba\\\/index.php\\\/2022\\\/06\\\/25\\\/unicef-zbog-poplava-u-bangladesu-35-milijuna-djece-bez-ciste-vode\\\/\"},\"wordCount\":213,\"publisher\":{\"@id\":\"https:\\\/\\\/radioljubuski.ba\\\/#organization\"},\"image\":{\"@id\":\"https:\\\/\\\/radioljubuski.ba\\\/index.php\\\/2022\\\/06\\\/25\\\/unicef-zbog-poplava-u-bangladesu-35-milijuna-djece-bez-ciste-vode\\\/#primaryimage\"},\"thumbnailUrl\":\"https:\\\/\\\/radioljubuski.ba\\\/wp-content\\\/uploads\\\/2022\\\/06\\\/10-2022-06-24-17-36-18-Snimka-zaslona-2022-06-24-173445.jpg\",\"articleSection\":[\"BIH i regija\"],\"inLanguage\":\"hr\"},{\"@type\":\"WebPage\",\"@id\":\"https:\\\/\\\/radioljubuski.ba\\\/index.php\\\/2022\\\/06\\\/25\\\/unicef-zbog-poplava-u-bangladesu-35-milijuna-djece-bez-ciste-vode\\\/\",\"url\":\"https:\\\/\\\/radioljubuski.ba\\\/index.php\\\/2022\\\/06\\\/25\\\/unicef-zbog-poplava-u-bangladesu-35-milijuna-djece-bez-ciste-vode\\\/\",\"name\":\"UNICEF: Zbog poplava u Banglade\u0161u 3,5 milijuna djece bez \u010diste vode - RADIO LJUBU\u0160KI\",\"isPartOf\":{\"@id\":\"https:\\\/\\\/radioljubuski.ba\\\/#website\"},\"primaryImageOfPage\":{\"@id\":\"https:\\\/\\\/radioljubuski.ba\\\/index.php\\\/2022\\\/06\\\/25\\\/unicef-zbog-poplava-u-bangladesu-35-milijuna-djece-bez-ciste-vode\\\/#primaryimage\"},\"image\":{\"@id\":\"https:\\\/\\\/radioljubuski.ba\\\/index.php\\\/2022\\\/06\\\/25\\\/unicef-zbog-poplava-u-bangladesu-35-milijuna-djece-bez-ciste-vode\\\/#primaryimage\"},\"thumbnailUrl\":\"https:\\\/\\\/radioljubuski.ba\\\/wp-content\\\/uploads\\\/2022\\\/06\\\/10-2022-06-24-17-36-18-Snimka-zaslona-2022-06-24-173445.jpg\",\"datePublished\":\"2022-06-25T00:41:50+00:00\",\"breadcrumb\":{\"@id\":\"https:\\\/\\\/radioljubuski.ba\\\/index.php\\\/2022\\\/06\\\/25\\\/unicef-zbog-poplava-u-bangladesu-35-milijuna-djece-bez-ciste-vode\\\/#breadcrumb\"},\"inLanguage\":\"hr\",\"potentialAction\":[{\"@type\":\"ReadAction\",\"target\":[\"https:\\\/\\\/radioljubuski.ba\\\/index.php\\\/2022\\\/06\\\/25\\\/unicef-zbog-poplava-u-bangladesu-35-milijuna-djece-bez-ciste-vode\\\/\"]}]},{\"@type\":\"ImageObject\",\"inLanguage\":\"hr\",\"@id\":\"https:\\\/\\\/radioljubuski.ba\\\/index.php\\\/2022\\\/06\\\/25\\\/unicef-zbog-poplava-u-bangladesu-35-milijuna-djece-bez-ciste-vode\\\/#primaryimage\",\"url\":\"https:\\\/\\\/radioljubuski.ba\\\/wp-content\\\/uploads\\\/2022\\\/06\\\/10-2022-06-24-17-36-18-Snimka-zaslona-2022-06-24-173445.jpg\",\"contentUrl\":\"https:\\\/\\\/radioljubuski.ba\\\/wp-content\\\/uploads\\\/2022\\\/06\\\/10-2022-06-24-17-36-18-Snimka-zaslona-2022-06-24-173445.jpg\",\"width\":1000,\"height\":625},{\"@type\":\"BreadcrumbList\",\"@id\":\"https:\\\/\\\/radioljubuski.ba\\\/index.php\\\/2022\\\/06\\\/25\\\/unicef-zbog-poplava-u-bangladesu-35-milijuna-djece-bez-ciste-vode\\\/#breadcrumb\",\"itemListElement\":[{\"@type\":\"ListItem\",\"position\":1,\"name\":\"Po\u010detna stranica\",\"item\":\"https:\\\/\\\/radioljubuski.ba\\\/\"},{\"@type\":\"ListItem\",\"position\":2,\"name\":\"UNICEF: Zbog poplava u Banglade\u0161u 3,5 milijuna djece bez \u010diste vode\"}]},{\"@type\":\"WebSite\",\"@id\":\"https:\\\/\\\/radioljubuski.ba\\\/#website\",\"url\":\"https:\\\/\\\/radioljubuski.ba\\\/\",\"name\":\"Radio Ljubu\u0161ki\",\"description\":\"Sun\u010dana frekvencija Hercegovine\",\"publisher\":{\"@id\":\"https:\\\/\\\/radioljubuski.ba\\\/#organization\"},\"potentialAction\":[{\"@type\":\"SearchAction\",\"target\":{\"@type\":\"EntryPoint\",\"urlTemplate\":\"https:\\\/\\\/radioljubuski.ba\\\/?s={search_term_string}\"},\"query-input\":{\"@type\":\"PropertyValueSpecification\",\"valueRequired\":true,\"valueName\":\"search_term_string\"}}],\"inLanguage\":\"hr\"},{\"@type\":\"Organization\",\"@id\":\"https:\\\/\\\/radioljubuski.ba\\\/#organization\",\"name\":\"Radio Ljubu\u0161ki\",\"url\":\"https:\\\/\\\/radioljubuski.ba\\\/\",\"logo\":{\"@type\":\"ImageObject\",\"inLanguage\":\"hr\",\"@id\":\"https:\\\/\\\/radioljubuski.ba\\\/#\\\/schema\\\/logo\\\/image\\\/\",\"url\":\"https:\\\/\\\/radioljubuski.ba\\\/wp-content\\\/uploads\\\/2021\\\/02\\\/cropped-Radio_Ljubuski_logo1.jpg\",\"contentUrl\":\"https:\\\/\\\/radioljubuski.ba\\\/wp-content\\\/uploads\\\/2021\\\/02\\\/cropped-Radio_Ljubuski_logo1.jpg\",\"width\":512,\"height\":512,\"caption\":\"Radio Ljubu\u0161ki\"},\"image\":{\"@id\":\"https:\\\/\\\/radioljubuski.ba\\\/#\\\/schema\\\/logo\\\/image\\\/\"},\"sameAs\":[\"https:\\\/\\\/www.facebook.com\\\/Radiio-Ljubuski-1490835324566332\",\"https:\\\/\\\/x.com\\\/radioljubuski\",\"https:\\\/\\\/hr.linkedin.com\\\/company\\\/radio-ljubuski\",\"https:\\\/\\\/www.youtube.com\\\/channel\\\/UCHYaeO_n0Db3tjNGudGpXyw\"]},{\"@type\":\"Person\",\"@id\":\"https:\\\/\\\/radioljubuski.ba\\\/#\\\/schema\\\/person\\\/19fc700381a780f69665d7956c469e3b\",\"name\":\"Radio Ljubu\u0161ki\"}]}<\/script>\n<!-- \/ Yoast SEO plugin. -->","yoast_head_json":{"title":"UNICEF: Zbog poplava u Banglade\u0161u 3,5 milijuna djece bez \u010diste vode - RADIO LJUBU\u0160KI","robots":{"index":"index","follow":"follow","max-snippet":"max-snippet:-1","max-image-preview":"max-image-preview:large","max-video-preview":"max-video-preview:-1"},"canonical":"https:\/\/radioljubuski.ba\/index.php\/2022\/06\/25\/unicef-zbog-poplava-u-bangladesu-35-milijuna-djece-bez-ciste-vode\/","og_locale":"hr_HR","og_type":"article","og_title":"UNICEF: Zbog poplava u Banglade\u0161u 3,5 milijuna djece bez \u010diste vode - RADIO LJUBU\u0160KI","og_description":"Petnaestero djece utopilo se u iznenadnim poplavama koje su zadesile Banglade\u0161, a 3,5 milijuna hitno treba pitku vodu zbog rastu\u0107e opasnosti od bolesti koje se prenose vodom, kazao je u petak predstavnik UNICEFA te dr\u017eave. &#8220;Broj djece i porast broja u posljednjih nekoliko dana potresni su. Ogromna podru\u010dja potpuno su potopljena i nemaju pristup pitkoj [&hellip;]","og_url":"https:\/\/radioljubuski.ba\/index.php\/2022\/06\/25\/unicef-zbog-poplava-u-bangladesu-35-milijuna-djece-bez-ciste-vode\/","og_site_name":"RADIO LJUBU\u0160KI","article_publisher":"https:\/\/www.facebook.com\/Radiio-Ljubuski-1490835324566332","article_published_time":"2022-06-25T00:41:50+00:00","og_image":[{"width":1000,"height":625,"url":"https:\/\/radioljubuski.ba\/wp-content\/uploads\/2022\/06\/10-2022-06-24-17-36-18-Snimka-zaslona-2022-06-24-173445.jpg","type":"image\/jpeg"}],"author":"Radio Ljubu\u0161ki","twitter_card":"summary_large_image","twitter_creator":"@radioljubuski","twitter_site":"@radioljubuski","twitter_misc":{"Napisao\/la":"Radio Ljubu\u0161ki","Procijenjeno vrijeme \u010ditanja":"1 minuta"},"schema":{"@context":"https:\/\/schema.org","@graph":[{"@type":"Article","@id":"https:\/\/radioljubuski.ba\/index.php\/2022\/06\/25\/unicef-zbog-poplava-u-bangladesu-35-milijuna-djece-bez-ciste-vode\/#article","isPartOf":{"@id":"https:\/\/radioljubuski.ba\/index.php\/2022\/06\/25\/unicef-zbog-poplava-u-bangladesu-35-milijuna-djece-bez-ciste-vode\/"},"author":{"name":"Radio Ljubu\u0161ki","@id":"https:\/\/radioljubuski.ba\/#\/schema\/person\/19fc700381a780f69665d7956c469e3b"},"headline":"UNICEF: Zbog poplava u Banglade\u0161u 3,5 milijuna djece bez \u010diste vode","datePublished":"2022-06-25T00:41:50+00:00","mainEntityOfPage":{"@id":"https:\/\/radioljubuski.ba\/index.php\/2022\/06\/25\/unicef-zbog-poplava-u-bangladesu-35-milijuna-djece-bez-ciste-vode\/"},"wordCount":213,"publisher":{"@id":"https:\/\/radioljubuski.ba\/#organization"},"image":{"@id":"https:\/\/radioljubuski.ba\/index.php\/2022\/06\/25\/unicef-zbog-poplava-u-bangladesu-35-milijuna-djece-bez-ciste-vode\/#primaryimage"},"thumbnailUrl":"https:\/\/radioljubuski.ba\/wp-content\/uploads\/2022\/06\/10-2022-06-24-17-36-18-Snimka-zaslona-2022-06-24-173445.jpg","articleSection":["BIH i regija"],"inLanguage":"hr"},{"@type":"WebPage","@id":"https:\/\/radioljubuski.ba\/index.php\/2022\/06\/25\/unicef-zbog-poplava-u-bangladesu-35-milijuna-djece-bez-ciste-vode\/","url":"https:\/\/radioljubuski.ba\/index.php\/2022\/06\/25\/unicef-zbog-poplava-u-bangladesu-35-milijuna-djece-bez-ciste-vode\/","name":"UNICEF: Zbog poplava u Banglade\u0161u 3,5 milijuna djece bez \u010diste vode - RADIO LJUBU\u0160KI","isPartOf":{"@id":"https:\/\/radioljubuski.ba\/#website"},"primaryImageOfPage":{"@id":"https:\/\/radioljubuski.ba\/index.php\/2022\/06\/25\/unicef-zbog-poplava-u-bangladesu-35-milijuna-djece-bez-ciste-vode\/#primaryimage"},"image":{"@id":"https:\/\/radioljubuski.ba\/index.php\/2022\/06\/25\/unicef-zbog-poplava-u-bangladesu-35-milijuna-djece-bez-ciste-vode\/#primaryimage"},"thumbnailUrl":"https:\/\/radioljubuski.ba\/wp-content\/uploads\/2022\/06\/10-2022-06-24-17-36-18-Snimka-zaslona-2022-06-24-173445.jpg","datePublished":"2022-06-25T00:41:50+00:00","breadcrumb":{"@id":"https:\/\/radioljubuski.ba\/index.php\/2022\/06\/25\/unicef-zbog-poplava-u-bangladesu-35-milijuna-djece-bez-ciste-vode\/#breadcrumb"},"inLanguage":"hr","potentialAction":[{"@type":"ReadAction","target":["https:\/\/radioljubuski.ba\/index.php\/2022\/06\/25\/unicef-zbog-poplava-u-bangladesu-35-milijuna-djece-bez-ciste-vode\/"]}]},{"@type":"ImageObject","inLanguage":"hr","@id":"https:\/\/radioljubuski.ba\/index.php\/2022\/06\/25\/unicef-zbog-poplava-u-bangladesu-35-milijuna-djece-bez-ciste-vode\/#primaryimage","url":"https:\/\/radioljubuski.ba\/wp-content\/uploads\/2022\/06\/10-2022-06-24-17-36-18-Snimka-zaslona-2022-06-24-173445.jpg","contentUrl":"https:\/\/radioljubuski.ba\/wp-content\/uploads\/2022\/06\/10-2022-06-24-17-36-18-Snimka-zaslona-2022-06-24-173445.jpg","width":1000,"height":625},{"@type":"BreadcrumbList","@id":"https:\/\/radioljubuski.ba\/index.php\/2022\/06\/25\/unicef-zbog-poplava-u-bangladesu-35-milijuna-djece-bez-ciste-vode\/#breadcrumb","itemListElement":[{"@type":"ListItem","position":1,"name":"Po\u010detna stranica","item":"https:\/\/radioljubuski.ba\/"},{"@type":"ListItem","position":2,"name":"UNICEF: Zbog poplava u Banglade\u0161u 3,5 milijuna djece bez \u010diste vode"}]},{"@type":"WebSite","@id":"https:\/\/radioljubuski.ba\/#website","url":"https:\/\/radioljubuski.ba\/","name":"Radio Ljubu\u0161ki","description":"Sun\u010dana frekvencija Hercegovine","publisher":{"@id":"https:\/\/radioljubuski.ba\/#organization"},"potentialAction":[{"@type":"SearchAction","target":{"@type":"EntryPoint","urlTemplate":"https:\/\/radioljubuski.ba\/?s={search_term_string}"},"query-input":{"@type":"PropertyValueSpecification","valueRequired":true,"valueName":"search_term_string"}}],"inLanguage":"hr"},{"@type":"Organization","@id":"https:\/\/radioljubuski.ba\/#organization","name":"Radio Ljubu\u0161ki","url":"https:\/\/radioljubuski.ba\/","logo":{"@type":"ImageObject","inLanguage":"hr","@id":"https:\/\/radioljubuski.ba\/#\/schema\/logo\/image\/","url":"https:\/\/radioljubuski.ba\/wp-content\/uploads\/2021\/02\/cropped-Radio_Ljubuski_logo1.jpg","contentUrl":"https:\/\/radioljubuski.ba\/wp-content\/uploads\/2021\/02\/cropped-Radio_Ljubuski_logo1.jpg","width":512,"height":512,"caption":"Radio Ljubu\u0161ki"},"image":{"@id":"https:\/\/radioljubuski.ba\/#\/schema\/logo\/image\/"},"sameAs":["https:\/\/www.facebook.com\/Radiio-Ljubuski-1490835324566332","https:\/\/x.com\/radioljubuski","https:\/\/hr.linkedin.com\/company\/radio-ljubuski","https:\/\/www.youtube.com\/channel\/UCHYaeO_n0Db3tjNGudGpXyw"]},{"@type":"Person","@id":"https:\/\/radioljubuski.ba\/#\/schema\/person\/19fc700381a780f69665d7956c469e3b","name":"Radio Ljubu\u0161ki"}]}},"_links":{"self":[{"href":"https:\/\/radioljubuski.ba\/index.php\/wp-json\/wp\/v2\/posts\/153280","targetHints":{"allow":["GET"]}}],"collection":[{"href":"https:\/\/radioljubuski.ba\/index.php\/wp-json\/wp\/v2\/posts"}],"about":[{"href":"https:\/\/radioljubuski.ba\/index.php\/wp-json\/wp\/v2\/types\/post"}],"author":[{"embeddable":true,"href":"https:\/\/radioljubuski.ba\/index.php\/wp-json\/wp\/v2\/users\/2"}],"replies":[{"embeddable":true,"href":"https:\/\/radioljubuski.ba\/index.php\/wp-json\/wp\/v2\/comments?post=153280"}],"version-history":[{"count":1,"href":"https:\/\/radioljubuski.ba\/index.php\/wp-json\/wp\/v2\/posts\/153280\/revisions"}],"predecessor-version":[{"id":153282,"href":"https:\/\/radioljubuski.ba\/index.php\/wp-json\/wp\/v2\/posts\/153280\/revisions\/153282"}],"wp:featuredmedia":[{"embeddable":true,"href":"https:\/\/radioljubuski.ba\/index.php\/wp-json\/wp\/v2\/media\/153281"}],"wp:attachment":[{"href":"https:\/\/radioljubuski.ba\/index.php\/wp-json\/wp\/v2\/media?parent=153280"}],"wp:term":[{"taxonomy":"category","embeddable":true,"href":"https:\/\/radioljubuski.ba\/index.php\/wp-json\/wp\/v2\/categories?post=153280"},{"taxonomy":"post_tag","embeddable":true,"href":"https:\/\/radioljubuski.ba\/index.php\/wp-json\/wp\/v2\/tags?post=153280"}],"curies":[{"name":"wp","href":"https:\/\/api.w.org\/{rel}","templated":true}]}}