{"id":153285,"date":"2022-06-25T01:44:45","date_gmt":"2022-06-25T00:44:45","guid":{"rendered":"https:\/\/radioljubuski.ba\/?p=153285"},"modified":"2022-06-25T01:44:47","modified_gmt":"2022-06-25T00:44:47","slug":"vauceri-kada-i-kako-ce-gradani-fbih-moci-koristiti-vaucere-od-200-km-za-odmor-video","status":"publish","type":"post","link":"https:\/\/radioljubuski.ba\/index.php\/2022\/06\/25\/vauceri-kada-i-kako-ce-gradani-fbih-moci-koristiti-vaucere-od-200-km-za-odmor-video\/","title":{"rendered":"Vau\u010deri \u2013 Kada i kako \u0107e gra\u0111ani FBiH mo\u0107i koristiti vau\u010dere od 200 KM za odmor ? &#8211; video"},"content":{"rendered":"\n<p>Vlada Federacije Bosne i Hercegovine je pro\u0161li tjedan objavila informaciju da \u0107e gra\u0111ani ovog ljeta imati priliku oti\u0107i na odmor uz subvenciju Vlade u iznosu od 200 KM. Rije\u010d je o vau\u010derima koji \u0107e se mo\u0107i koristiti samo u Federaciji.<\/p>\n\n\n\n<ul class=\"wp-block-list\"><li>Nakon vijesti koja je obradovala gra\u0111ane Federacije BiH da su od ukupno pet milijuna KM koje \u0107e ove godine biti izdvojeno iz federalnog bud\u017eeta za razvoj turizma, dva milijuna KM namijenjena gra\u0111anima za sufinanciranje turisti\u010dkih putovanja u FBiH, stigla su brojna pitanja u Federalno ministarstvo okoli\u0161a i turizma. U prakti\u010dnom video prikazu odgovaramo na njih \u2013 kazali su iz Vlade Federacije.<\/li><\/ul>\n\n\n\n<iframe loading=\"lazy\" title=\"Kada i kako \u0107e gra\u0111ani mo\u0107i koristiti vau\u010dere od 200 KM za odmor\" width=\"640\" height=\"360\" src=\"https:\/\/www.youtube.com\/embed\/2y3sZGPqyoI?feature=oembed\" frameborder=\"0\" allow=\"accelerometer; autoplay; clipboard-write; encrypted-media; gyroscope; picture-in-picture; web-share\" referrerpolicy=\"strict-origin-when-cross-origin\" allowfullscreen><\/iframe>\n\n\n\n<p>Izvor:pogled.ba<\/p>\n","protected":false},"excerpt":{"rendered":"<p>Vlada Federacije Bosne i Hercegovine je pro\u0161li tjedan objavila informaciju da \u0107e gra\u0111ani ovog ljeta imati priliku oti\u0107i na odmor uz subvenciju Vlade u iznosu od 200 KM. Rije\u010d je o vau\u010derima koji \u0107e se mo\u0107i koristiti samo u Federaciji. Nakon vijesti koja je obradovala gra\u0111ane Federacije BiH da su od ukupno pet milijuna KM [&hellip;]<\/p>\n","protected":false},"author":2,"featured_media":153286,"comment_status":"closed","ping_status":"closed","sticky":false,"template":"","format":"standard","meta":{"h5ap_radio_sources":[],"footnotes":""},"categories":[1],"tags":[],"class_list":["post-153285","post","type-post","status-publish","format-standard","has-post-thumbnail","hentry","category-bihiregija"],"yoast_head":"<!-- This site is optimized with the Yoast SEO plugin v27.4 - https:\/\/yoast.com\/product\/yoast-seo-wordpress\/ -->\n<title>Vau\u010deri \u2013 Kada i kako \u0107e gra\u0111ani FBiH mo\u0107i koristiti vau\u010dere od 200 KM za odmor ? - video - RADIO LJUBU\u0160KI<\/title>\n<meta name=\"robots\" content=\"index, follow, max-snippet:-1, max-image-preview:large, max-video-preview:-1\" \/>\n<link rel=\"canonical\" href=\"https:\/\/radioljubuski.ba\/index.php\/2022\/06\/25\/vauceri-kada-i-kako-ce-gradani-fbih-moci-koristiti-vaucere-od-200-km-za-odmor-video\/\" \/>\n<meta property=\"og:locale\" content=\"hr_HR\" \/>\n<meta property=\"og:type\" content=\"article\" \/>\n<meta property=\"og:title\" content=\"Vau\u010deri \u2013 Kada i kako \u0107e gra\u0111ani FBiH mo\u0107i koristiti vau\u010dere od 200 KM za odmor ? - video - RADIO LJUBU\u0160KI\" \/>\n<meta property=\"og:description\" content=\"Vlada Federacije Bosne i Hercegovine je pro\u0161li tjedan objavila informaciju da \u0107e gra\u0111ani ovog ljeta imati priliku oti\u0107i na odmor uz subvenciju Vlade u iznosu od 200 KM. Rije\u010d je o vau\u010derima koji \u0107e se mo\u0107i koristiti samo u Federaciji. Nakon vijesti koja je obradovala gra\u0111ane Federacije BiH da su od ukupno pet milijuna KM [&hellip;]\" \/>\n<meta property=\"og:url\" content=\"https:\/\/radioljubuski.ba\/index.php\/2022\/06\/25\/vauceri-kada-i-kako-ce-gradani-fbih-moci-koristiti-vaucere-od-200-km-za-odmor-video\/\" \/>\n<meta property=\"og:site_name\" content=\"RADIO LJUBU\u0160KI\" \/>\n<meta property=\"article:publisher\" content=\"https:\/\/www.facebook.com\/Radiio-Ljubuski-1490835324566332\" \/>\n<meta property=\"article:published_time\" content=\"2022-06-25T00:44:45+00:00\" \/>\n<meta property=\"article:modified_time\" content=\"2022-06-25T00:44:47+00:00\" \/>\n<meta property=\"og:image\" content=\"https:\/\/radioljubuski.ba\/wp-content\/uploads\/2022\/06\/10-2022-06-24-17-49-01-Snimka-zaslona-2022-06-24-174742.jpg\" \/>\n\t<meta property=\"og:image:width\" content=\"1000\" \/>\n\t<meta property=\"og:image:height\" content=\"625\" \/>\n\t<meta property=\"og:image:type\" content=\"image\/jpeg\" \/>\n<meta name=\"author\" content=\"Radio Ljubu\u0161ki\" \/>\n<meta name=\"twitter:card\" content=\"summary_large_image\" \/>\n<meta name=\"twitter:creator\" content=\"@radioljubuski\" \/>\n<meta name=\"twitter:site\" content=\"@radioljubuski\" \/>\n<meta name=\"twitter:label1\" content=\"Napisao\/la\" \/>\n\t<meta name=\"twitter:data1\" content=\"Radio Ljubu\u0161ki\" \/>\n\t<meta name=\"twitter:label2\" content=\"Procijenjeno vrijeme \u010ditanja\" \/>\n\t<meta name=\"twitter:data2\" content=\"1 minuta\" \/>\n<script type=\"application\/ld+json\" class=\"yoast-schema-graph\">{\"@context\":\"https:\\\/\\\/schema.org\",\"@graph\":[{\"@type\":\"Article\",\"@id\":\"https:\\\/\\\/radioljubuski.ba\\\/index.php\\\/2022\\\/06\\\/25\\\/vauceri-kada-i-kako-ce-gradani-fbih-moci-koristiti-vaucere-od-200-km-za-odmor-video\\\/#article\",\"isPartOf\":{\"@id\":\"https:\\\/\\\/radioljubuski.ba\\\/index.php\\\/2022\\\/06\\\/25\\\/vauceri-kada-i-kako-ce-gradani-fbih-moci-koristiti-vaucere-od-200-km-za-odmor-video\\\/\"},\"author\":{\"name\":\"Radio Ljubu\u0161ki\",\"@id\":\"https:\\\/\\\/radioljubuski.ba\\\/#\\\/schema\\\/person\\\/19fc700381a780f69665d7956c469e3b\"},\"headline\":\"Vau\u010deri \u2013 Kada i kako \u0107e gra\u0111ani FBiH mo\u0107i koristiti vau\u010dere od 200 KM za odmor ? &#8211; video\",\"datePublished\":\"2022-06-25T00:44:45+00:00\",\"dateModified\":\"2022-06-25T00:44:47+00:00\",\"mainEntityOfPage\":{\"@id\":\"https:\\\/\\\/radioljubuski.ba\\\/index.php\\\/2022\\\/06\\\/25\\\/vauceri-kada-i-kako-ce-gradani-fbih-moci-koristiti-vaucere-od-200-km-za-odmor-video\\\/\"},\"wordCount\":141,\"publisher\":{\"@id\":\"https:\\\/\\\/radioljubuski.ba\\\/#organization\"},\"image\":{\"@id\":\"https:\\\/\\\/radioljubuski.ba\\\/index.php\\\/2022\\\/06\\\/25\\\/vauceri-kada-i-kako-ce-gradani-fbih-moci-koristiti-vaucere-od-200-km-za-odmor-video\\\/#primaryimage\"},\"thumbnailUrl\":\"https:\\\/\\\/radioljubuski.ba\\\/wp-content\\\/uploads\\\/2022\\\/06\\\/10-2022-06-24-17-49-01-Snimka-zaslona-2022-06-24-174742.jpg\",\"articleSection\":[\"BIH i regija\"],\"inLanguage\":\"hr\"},{\"@type\":\"WebPage\",\"@id\":\"https:\\\/\\\/radioljubuski.ba\\\/index.php\\\/2022\\\/06\\\/25\\\/vauceri-kada-i-kako-ce-gradani-fbih-moci-koristiti-vaucere-od-200-km-za-odmor-video\\\/\",\"url\":\"https:\\\/\\\/radioljubuski.ba\\\/index.php\\\/2022\\\/06\\\/25\\\/vauceri-kada-i-kako-ce-gradani-fbih-moci-koristiti-vaucere-od-200-km-za-odmor-video\\\/\",\"name\":\"Vau\u010deri \u2013 Kada i kako \u0107e gra\u0111ani FBiH mo\u0107i koristiti vau\u010dere od 200 KM za odmor ? - video - RADIO LJUBU\u0160KI\",\"isPartOf\":{\"@id\":\"https:\\\/\\\/radioljubuski.ba\\\/#website\"},\"primaryImageOfPage\":{\"@id\":\"https:\\\/\\\/radioljubuski.ba\\\/index.php\\\/2022\\\/06\\\/25\\\/vauceri-kada-i-kako-ce-gradani-fbih-moci-koristiti-vaucere-od-200-km-za-odmor-video\\\/#primaryimage\"},\"image\":{\"@id\":\"https:\\\/\\\/radioljubuski.ba\\\/index.php\\\/2022\\\/06\\\/25\\\/vauceri-kada-i-kako-ce-gradani-fbih-moci-koristiti-vaucere-od-200-km-za-odmor-video\\\/#primaryimage\"},\"thumbnailUrl\":\"https:\\\/\\\/radioljubuski.ba\\\/wp-content\\\/uploads\\\/2022\\\/06\\\/10-2022-06-24-17-49-01-Snimka-zaslona-2022-06-24-174742.jpg\",\"datePublished\":\"2022-06-25T00:44:45+00:00\",\"dateModified\":\"2022-06-25T00:44:47+00:00\",\"breadcrumb\":{\"@id\":\"https:\\\/\\\/radioljubuski.ba\\\/index.php\\\/2022\\\/06\\\/25\\\/vauceri-kada-i-kako-ce-gradani-fbih-moci-koristiti-vaucere-od-200-km-za-odmor-video\\\/#breadcrumb\"},\"inLanguage\":\"hr\",\"potentialAction\":[{\"@type\":\"ReadAction\",\"target\":[\"https:\\\/\\\/radioljubuski.ba\\\/index.php\\\/2022\\\/06\\\/25\\\/vauceri-kada-i-kako-ce-gradani-fbih-moci-koristiti-vaucere-od-200-km-za-odmor-video\\\/\"]}]},{\"@type\":\"ImageObject\",\"inLanguage\":\"hr\",\"@id\":\"https:\\\/\\\/radioljubuski.ba\\\/index.php\\\/2022\\\/06\\\/25\\\/vauceri-kada-i-kako-ce-gradani-fbih-moci-koristiti-vaucere-od-200-km-za-odmor-video\\\/#primaryimage\",\"url\":\"https:\\\/\\\/radioljubuski.ba\\\/wp-content\\\/uploads\\\/2022\\\/06\\\/10-2022-06-24-17-49-01-Snimka-zaslona-2022-06-24-174742.jpg\",\"contentUrl\":\"https:\\\/\\\/radioljubuski.ba\\\/wp-content\\\/uploads\\\/2022\\\/06\\\/10-2022-06-24-17-49-01-Snimka-zaslona-2022-06-24-174742.jpg\",\"width\":1000,\"height\":625},{\"@type\":\"BreadcrumbList\",\"@id\":\"https:\\\/\\\/radioljubuski.ba\\\/index.php\\\/2022\\\/06\\\/25\\\/vauceri-kada-i-kako-ce-gradani-fbih-moci-koristiti-vaucere-od-200-km-za-odmor-video\\\/#breadcrumb\",\"itemListElement\":[{\"@type\":\"ListItem\",\"position\":1,\"name\":\"Po\u010detna stranica\",\"item\":\"https:\\\/\\\/radioljubuski.ba\\\/\"},{\"@type\":\"ListItem\",\"position\":2,\"name\":\"Vau\u010deri \u2013 Kada i kako \u0107e gra\u0111ani FBiH mo\u0107i koristiti vau\u010dere od 200 KM za odmor ? &#8211; video\"}]},{\"@type\":\"WebSite\",\"@id\":\"https:\\\/\\\/radioljubuski.ba\\\/#website\",\"url\":\"https:\\\/\\\/radioljubuski.ba\\\/\",\"name\":\"Radio Ljubu\u0161ki\",\"description\":\"Sun\u010dana frekvencija Hercegovine\",\"publisher\":{\"@id\":\"https:\\\/\\\/radioljubuski.ba\\\/#organization\"},\"potentialAction\":[{\"@type\":\"SearchAction\",\"target\":{\"@type\":\"EntryPoint\",\"urlTemplate\":\"https:\\\/\\\/radioljubuski.ba\\\/?s={search_term_string}\"},\"query-input\":{\"@type\":\"PropertyValueSpecification\",\"valueRequired\":true,\"valueName\":\"search_term_string\"}}],\"inLanguage\":\"hr\"},{\"@type\":\"Organization\",\"@id\":\"https:\\\/\\\/radioljubuski.ba\\\/#organization\",\"name\":\"Radio Ljubu\u0161ki\",\"url\":\"https:\\\/\\\/radioljubuski.ba\\\/\",\"logo\":{\"@type\":\"ImageObject\",\"inLanguage\":\"hr\",\"@id\":\"https:\\\/\\\/radioljubuski.ba\\\/#\\\/schema\\\/logo\\\/image\\\/\",\"url\":\"https:\\\/\\\/radioljubuski.ba\\\/wp-content\\\/uploads\\\/2021\\\/02\\\/cropped-Radio_Ljubuski_logo1.jpg\",\"contentUrl\":\"https:\\\/\\\/radioljubuski.ba\\\/wp-content\\\/uploads\\\/2021\\\/02\\\/cropped-Radio_Ljubuski_logo1.jpg\",\"width\":512,\"height\":512,\"caption\":\"Radio Ljubu\u0161ki\"},\"image\":{\"@id\":\"https:\\\/\\\/radioljubuski.ba\\\/#\\\/schema\\\/logo\\\/image\\\/\"},\"sameAs\":[\"https:\\\/\\\/www.facebook.com\\\/Radiio-Ljubuski-1490835324566332\",\"https:\\\/\\\/x.com\\\/radioljubuski\",\"https:\\\/\\\/hr.linkedin.com\\\/company\\\/radio-ljubuski\",\"https:\\\/\\\/www.youtube.com\\\/channel\\\/UCHYaeO_n0Db3tjNGudGpXyw\"]},{\"@type\":\"Person\",\"@id\":\"https:\\\/\\\/radioljubuski.ba\\\/#\\\/schema\\\/person\\\/19fc700381a780f69665d7956c469e3b\",\"name\":\"Radio Ljubu\u0161ki\"}]}<\/script>\n<!-- \/ Yoast SEO plugin. -->","yoast_head_json":{"title":"Vau\u010deri \u2013 Kada i kako \u0107e gra\u0111ani FBiH mo\u0107i koristiti vau\u010dere od 200 KM za odmor ? - video - RADIO LJUBU\u0160KI","robots":{"index":"index","follow":"follow","max-snippet":"max-snippet:-1","max-image-preview":"max-image-preview:large","max-video-preview":"max-video-preview:-1"},"canonical":"https:\/\/radioljubuski.ba\/index.php\/2022\/06\/25\/vauceri-kada-i-kako-ce-gradani-fbih-moci-koristiti-vaucere-od-200-km-za-odmor-video\/","og_locale":"hr_HR","og_type":"article","og_title":"Vau\u010deri \u2013 Kada i kako \u0107e gra\u0111ani FBiH mo\u0107i koristiti vau\u010dere od 200 KM za odmor ? - video - RADIO LJUBU\u0160KI","og_description":"Vlada Federacije Bosne i Hercegovine je pro\u0161li tjedan objavila informaciju da \u0107e gra\u0111ani ovog ljeta imati priliku oti\u0107i na odmor uz subvenciju Vlade u iznosu od 200 KM. Rije\u010d je o vau\u010derima koji \u0107e se mo\u0107i koristiti samo u Federaciji. Nakon vijesti koja je obradovala gra\u0111ane Federacije BiH da su od ukupno pet milijuna KM [&hellip;]","og_url":"https:\/\/radioljubuski.ba\/index.php\/2022\/06\/25\/vauceri-kada-i-kako-ce-gradani-fbih-moci-koristiti-vaucere-od-200-km-za-odmor-video\/","og_site_name":"RADIO LJUBU\u0160KI","article_publisher":"https:\/\/www.facebook.com\/Radiio-Ljubuski-1490835324566332","article_published_time":"2022-06-25T00:44:45+00:00","article_modified_time":"2022-06-25T00:44:47+00:00","og_image":[{"width":1000,"height":625,"url":"https:\/\/radioljubuski.ba\/wp-content\/uploads\/2022\/06\/10-2022-06-24-17-49-01-Snimka-zaslona-2022-06-24-174742.jpg","type":"image\/jpeg"}],"author":"Radio Ljubu\u0161ki","twitter_card":"summary_large_image","twitter_creator":"@radioljubuski","twitter_site":"@radioljubuski","twitter_misc":{"Napisao\/la":"Radio Ljubu\u0161ki","Procijenjeno vrijeme \u010ditanja":"1 minuta"},"schema":{"@context":"https:\/\/schema.org","@graph":[{"@type":"Article","@id":"https:\/\/radioljubuski.ba\/index.php\/2022\/06\/25\/vauceri-kada-i-kako-ce-gradani-fbih-moci-koristiti-vaucere-od-200-km-za-odmor-video\/#article","isPartOf":{"@id":"https:\/\/radioljubuski.ba\/index.php\/2022\/06\/25\/vauceri-kada-i-kako-ce-gradani-fbih-moci-koristiti-vaucere-od-200-km-za-odmor-video\/"},"author":{"name":"Radio Ljubu\u0161ki","@id":"https:\/\/radioljubuski.ba\/#\/schema\/person\/19fc700381a780f69665d7956c469e3b"},"headline":"Vau\u010deri \u2013 Kada i kako \u0107e gra\u0111ani FBiH mo\u0107i koristiti vau\u010dere od 200 KM za odmor ? &#8211; video","datePublished":"2022-06-25T00:44:45+00:00","dateModified":"2022-06-25T00:44:47+00:00","mainEntityOfPage":{"@id":"https:\/\/radioljubuski.ba\/index.php\/2022\/06\/25\/vauceri-kada-i-kako-ce-gradani-fbih-moci-koristiti-vaucere-od-200-km-za-odmor-video\/"},"wordCount":141,"publisher":{"@id":"https:\/\/radioljubuski.ba\/#organization"},"image":{"@id":"https:\/\/radioljubuski.ba\/index.php\/2022\/06\/25\/vauceri-kada-i-kako-ce-gradani-fbih-moci-koristiti-vaucere-od-200-km-za-odmor-video\/#primaryimage"},"thumbnailUrl":"https:\/\/radioljubuski.ba\/wp-content\/uploads\/2022\/06\/10-2022-06-24-17-49-01-Snimka-zaslona-2022-06-24-174742.jpg","articleSection":["BIH i regija"],"inLanguage":"hr"},{"@type":"WebPage","@id":"https:\/\/radioljubuski.ba\/index.php\/2022\/06\/25\/vauceri-kada-i-kako-ce-gradani-fbih-moci-koristiti-vaucere-od-200-km-za-odmor-video\/","url":"https:\/\/radioljubuski.ba\/index.php\/2022\/06\/25\/vauceri-kada-i-kako-ce-gradani-fbih-moci-koristiti-vaucere-od-200-km-za-odmor-video\/","name":"Vau\u010deri \u2013 Kada i kako \u0107e gra\u0111ani FBiH mo\u0107i koristiti vau\u010dere od 200 KM za odmor ? - video - RADIO LJUBU\u0160KI","isPartOf":{"@id":"https:\/\/radioljubuski.ba\/#website"},"primaryImageOfPage":{"@id":"https:\/\/radioljubuski.ba\/index.php\/2022\/06\/25\/vauceri-kada-i-kako-ce-gradani-fbih-moci-koristiti-vaucere-od-200-km-za-odmor-video\/#primaryimage"},"image":{"@id":"https:\/\/radioljubuski.ba\/index.php\/2022\/06\/25\/vauceri-kada-i-kako-ce-gradani-fbih-moci-koristiti-vaucere-od-200-km-za-odmor-video\/#primaryimage"},"thumbnailUrl":"https:\/\/radioljubuski.ba\/wp-content\/uploads\/2022\/06\/10-2022-06-24-17-49-01-Snimka-zaslona-2022-06-24-174742.jpg","datePublished":"2022-06-25T00:44:45+00:00","dateModified":"2022-06-25T00:44:47+00:00","breadcrumb":{"@id":"https:\/\/radioljubuski.ba\/index.php\/2022\/06\/25\/vauceri-kada-i-kako-ce-gradani-fbih-moci-koristiti-vaucere-od-200-km-za-odmor-video\/#breadcrumb"},"inLanguage":"hr","potentialAction":[{"@type":"ReadAction","target":["https:\/\/radioljubuski.ba\/index.php\/2022\/06\/25\/vauceri-kada-i-kako-ce-gradani-fbih-moci-koristiti-vaucere-od-200-km-za-odmor-video\/"]}]},{"@type":"ImageObject","inLanguage":"hr","@id":"https:\/\/radioljubuski.ba\/index.php\/2022\/06\/25\/vauceri-kada-i-kako-ce-gradani-fbih-moci-koristiti-vaucere-od-200-km-za-odmor-video\/#primaryimage","url":"https:\/\/radioljubuski.ba\/wp-content\/uploads\/2022\/06\/10-2022-06-24-17-49-01-Snimka-zaslona-2022-06-24-174742.jpg","contentUrl":"https:\/\/radioljubuski.ba\/wp-content\/uploads\/2022\/06\/10-2022-06-24-17-49-01-Snimka-zaslona-2022-06-24-174742.jpg","width":1000,"height":625},{"@type":"BreadcrumbList","@id":"https:\/\/radioljubuski.ba\/index.php\/2022\/06\/25\/vauceri-kada-i-kako-ce-gradani-fbih-moci-koristiti-vaucere-od-200-km-za-odmor-video\/#breadcrumb","itemListElement":[{"@type":"ListItem","position":1,"name":"Po\u010detna stranica","item":"https:\/\/radioljubuski.ba\/"},{"@type":"ListItem","position":2,"name":"Vau\u010deri \u2013 Kada i kako \u0107e gra\u0111ani FBiH mo\u0107i koristiti vau\u010dere od 200 KM za odmor ? &#8211; video"}]},{"@type":"WebSite","@id":"https:\/\/radioljubuski.ba\/#website","url":"https:\/\/radioljubuski.ba\/","name":"Radio Ljubu\u0161ki","description":"Sun\u010dana frekvencija Hercegovine","publisher":{"@id":"https:\/\/radioljubuski.ba\/#organization"},"potentialAction":[{"@type":"SearchAction","target":{"@type":"EntryPoint","urlTemplate":"https:\/\/radioljubuski.ba\/?s={search_term_string}"},"query-input":{"@type":"PropertyValueSpecification","valueRequired":true,"valueName":"search_term_string"}}],"inLanguage":"hr"},{"@type":"Organization","@id":"https:\/\/radioljubuski.ba\/#organization","name":"Radio Ljubu\u0161ki","url":"https:\/\/radioljubuski.ba\/","logo":{"@type":"ImageObject","inLanguage":"hr","@id":"https:\/\/radioljubuski.ba\/#\/schema\/logo\/image\/","url":"https:\/\/radioljubuski.ba\/wp-content\/uploads\/2021\/02\/cropped-Radio_Ljubuski_logo1.jpg","contentUrl":"https:\/\/radioljubuski.ba\/wp-content\/uploads\/2021\/02\/cropped-Radio_Ljubuski_logo1.jpg","width":512,"height":512,"caption":"Radio Ljubu\u0161ki"},"image":{"@id":"https:\/\/radioljubuski.ba\/#\/schema\/logo\/image\/"},"sameAs":["https:\/\/www.facebook.com\/Radiio-Ljubuski-1490835324566332","https:\/\/x.com\/radioljubuski","https:\/\/hr.linkedin.com\/company\/radio-ljubuski","https:\/\/www.youtube.com\/channel\/UCHYaeO_n0Db3tjNGudGpXyw"]},{"@type":"Person","@id":"https:\/\/radioljubuski.ba\/#\/schema\/person\/19fc700381a780f69665d7956c469e3b","name":"Radio Ljubu\u0161ki"}]}},"_links":{"self":[{"href":"https:\/\/radioljubuski.ba\/index.php\/wp-json\/wp\/v2\/posts\/153285","targetHints":{"allow":["GET"]}}],"collection":[{"href":"https:\/\/radioljubuski.ba\/index.php\/wp-json\/wp\/v2\/posts"}],"about":[{"href":"https:\/\/radioljubuski.ba\/index.php\/wp-json\/wp\/v2\/types\/post"}],"author":[{"embeddable":true,"href":"https:\/\/radioljubuski.ba\/index.php\/wp-json\/wp\/v2\/users\/2"}],"replies":[{"embeddable":true,"href":"https:\/\/radioljubuski.ba\/index.php\/wp-json\/wp\/v2\/comments?post=153285"}],"version-history":[{"count":1,"href":"https:\/\/radioljubuski.ba\/index.php\/wp-json\/wp\/v2\/posts\/153285\/revisions"}],"predecessor-version":[{"id":153287,"href":"https:\/\/radioljubuski.ba\/index.php\/wp-json\/wp\/v2\/posts\/153285\/revisions\/153287"}],"wp:featuredmedia":[{"embeddable":true,"href":"https:\/\/radioljubuski.ba\/index.php\/wp-json\/wp\/v2\/media\/153286"}],"wp:attachment":[{"href":"https:\/\/radioljubuski.ba\/index.php\/wp-json\/wp\/v2\/media?parent=153285"}],"wp:term":[{"taxonomy":"category","embeddable":true,"href":"https:\/\/radioljubuski.ba\/index.php\/wp-json\/wp\/v2\/categories?post=153285"},{"taxonomy":"post_tag","embeddable":true,"href":"https:\/\/radioljubuski.ba\/index.php\/wp-json\/wp\/v2\/tags?post=153285"}],"curies":[{"name":"wp","href":"https:\/\/api.w.org\/{rel}","templated":true}]}}