{"id":153294,"date":"2022-06-25T01:48:33","date_gmt":"2022-06-25T00:48:33","guid":{"rendered":"https:\/\/radioljubuski.ba\/?p=153294"},"modified":"2022-06-25T01:48:35","modified_gmt":"2022-06-25T00:48:35","slug":"od-sljedeceg-mjeseca-skuplje-i-usluge-prijevoza-vlakom","status":"publish","type":"post","link":"https:\/\/radioljubuski.ba\/index.php\/2022\/06\/25\/od-sljedeceg-mjeseca-skuplje-i-usluge-prijevoza-vlakom\/","title":{"rendered":"Od sljede\u0107eg mjeseca skuplje i usluge prijevoza vlakom"},"content":{"rendered":"\n<p>Iz \u017deljeznica Federacije Bosne i Hercegovine obavje\u0161tavaju korisnike usluga da \u0107e od 1. srpnja 2022. godine do\u0107i do pove\u0107anja cijene usluga prijevoza putnika u unutarnjem prometu.<\/p>\n\n\n\n<p>Pove\u0107anje \u0107e, kako je navedeno, iznositi do 20 posto.<\/p>\n\n\n\n<p>Poja\u0161njavaju kako se poskupljenje odnosi na sve relacije preko 30 kilometara. Za relacije koje su do 30 km, cijena ostaje nepromijenjena. Istog dana prestat \u0107e se izdavati i napla\u0107ivati rezervacije mjesta u brzim vlakovima i izvr\u0161iti deklasiranje kola, te \u0107e se sve vozne karte izdavati za 2. razred, prenosi N1.&nbsp;<\/p>\n\n\n\n<p>Izvor:vecernji.ba<\/p>\n","protected":false},"excerpt":{"rendered":"<p>Iz \u017deljeznica Federacije Bosne i Hercegovine obavje\u0161tavaju korisnike usluga da \u0107e od 1. srpnja 2022. godine do\u0107i do pove\u0107anja cijene usluga prijevoza putnika u unutarnjem prometu. Pove\u0107anje \u0107e, kako je navedeno, iznositi do 20 posto. Poja\u0161njavaju kako se poskupljenje odnosi na sve relacije preko 30 kilometara. Za relacije koje su do 30 km, cijena ostaje [&hellip;]<\/p>\n","protected":false},"author":2,"featured_media":153295,"comment_status":"closed","ping_status":"closed","sticky":false,"template":"","format":"standard","meta":{"h5ap_radio_sources":[],"footnotes":""},"categories":[1],"tags":[],"class_list":["post-153294","post","type-post","status-publish","format-standard","has-post-thumbnail","hentry","category-bihiregija"],"yoast_head":"<!-- This site is optimized with the Yoast SEO plugin v27.4 - https:\/\/yoast.com\/product\/yoast-seo-wordpress\/ -->\n<title>Od sljede\u0107eg mjeseca skuplje i usluge prijevoza vlakom - RADIO LJUBU\u0160KI<\/title>\n<meta name=\"robots\" content=\"index, follow, max-snippet:-1, max-image-preview:large, max-video-preview:-1\" \/>\n<link rel=\"canonical\" href=\"https:\/\/radioljubuski.ba\/index.php\/2022\/06\/25\/od-sljedeceg-mjeseca-skuplje-i-usluge-prijevoza-vlakom\/\" \/>\n<meta property=\"og:locale\" content=\"hr_HR\" \/>\n<meta property=\"og:type\" content=\"article\" \/>\n<meta property=\"og:title\" content=\"Od sljede\u0107eg mjeseca skuplje i usluge prijevoza vlakom - RADIO LJUBU\u0160KI\" \/>\n<meta property=\"og:description\" content=\"Iz \u017deljeznica Federacije Bosne i Hercegovine obavje\u0161tavaju korisnike usluga da \u0107e od 1. srpnja 2022. godine do\u0107i do pove\u0107anja cijene usluga prijevoza putnika u unutarnjem prometu. Pove\u0107anje \u0107e, kako je navedeno, iznositi do 20 posto. Poja\u0161njavaju kako se poskupljenje odnosi na sve relacije preko 30 kilometara. Za relacije koje su do 30 km, cijena ostaje [&hellip;]\" \/>\n<meta property=\"og:url\" content=\"https:\/\/radioljubuski.ba\/index.php\/2022\/06\/25\/od-sljedeceg-mjeseca-skuplje-i-usluge-prijevoza-vlakom\/\" \/>\n<meta property=\"og:site_name\" content=\"RADIO LJUBU\u0160KI\" \/>\n<meta property=\"article:publisher\" content=\"https:\/\/www.facebook.com\/Radiio-Ljubuski-1490835324566332\" \/>\n<meta property=\"article:published_time\" content=\"2022-06-25T00:48:33+00:00\" \/>\n<meta property=\"article:modified_time\" content=\"2022-06-25T00:48:35+00:00\" \/>\n<meta property=\"og:image\" content=\"https:\/\/radioljubuski.ba\/wp-content\/uploads\/2022\/06\/10-2022-06-24-18-25-23-9b63c8eced718dc7be84.jpeg\" \/>\n\t<meta property=\"og:image:width\" content=\"1000\" \/>\n\t<meta property=\"og:image:height\" content=\"625\" \/>\n\t<meta property=\"og:image:type\" content=\"image\/jpeg\" \/>\n<meta name=\"author\" content=\"Radio Ljubu\u0161ki\" \/>\n<meta name=\"twitter:card\" content=\"summary_large_image\" \/>\n<meta name=\"twitter:creator\" content=\"@radioljubuski\" \/>\n<meta name=\"twitter:site\" content=\"@radioljubuski\" \/>\n<meta name=\"twitter:label1\" content=\"Napisao\/la\" \/>\n\t<meta name=\"twitter:data1\" content=\"Radio Ljubu\u0161ki\" \/>\n\t<meta name=\"twitter:label2\" content=\"Procijenjeno vrijeme \u010ditanja\" \/>\n\t<meta name=\"twitter:data2\" content=\"1 minuta\" \/>\n<script type=\"application\/ld+json\" class=\"yoast-schema-graph\">{\"@context\":\"https:\\\/\\\/schema.org\",\"@graph\":[{\"@type\":\"Article\",\"@id\":\"https:\\\/\\\/radioljubuski.ba\\\/index.php\\\/2022\\\/06\\\/25\\\/od-sljedeceg-mjeseca-skuplje-i-usluge-prijevoza-vlakom\\\/#article\",\"isPartOf\":{\"@id\":\"https:\\\/\\\/radioljubuski.ba\\\/index.php\\\/2022\\\/06\\\/25\\\/od-sljedeceg-mjeseca-skuplje-i-usluge-prijevoza-vlakom\\\/\"},\"author\":{\"name\":\"Radio Ljubu\u0161ki\",\"@id\":\"https:\\\/\\\/radioljubuski.ba\\\/#\\\/schema\\\/person\\\/19fc700381a780f69665d7956c469e3b\"},\"headline\":\"Od sljede\u0107eg mjeseca skuplje i usluge prijevoza vlakom\",\"datePublished\":\"2022-06-25T00:48:33+00:00\",\"dateModified\":\"2022-06-25T00:48:35+00:00\",\"mainEntityOfPage\":{\"@id\":\"https:\\\/\\\/radioljubuski.ba\\\/index.php\\\/2022\\\/06\\\/25\\\/od-sljedeceg-mjeseca-skuplje-i-usluge-prijevoza-vlakom\\\/\"},\"wordCount\":99,\"publisher\":{\"@id\":\"https:\\\/\\\/radioljubuski.ba\\\/#organization\"},\"image\":{\"@id\":\"https:\\\/\\\/radioljubuski.ba\\\/index.php\\\/2022\\\/06\\\/25\\\/od-sljedeceg-mjeseca-skuplje-i-usluge-prijevoza-vlakom\\\/#primaryimage\"},\"thumbnailUrl\":\"https:\\\/\\\/radioljubuski.ba\\\/wp-content\\\/uploads\\\/2022\\\/06\\\/10-2022-06-24-18-25-23-9b63c8eced718dc7be84.jpeg\",\"articleSection\":[\"BIH i regija\"],\"inLanguage\":\"hr\"},{\"@type\":\"WebPage\",\"@id\":\"https:\\\/\\\/radioljubuski.ba\\\/index.php\\\/2022\\\/06\\\/25\\\/od-sljedeceg-mjeseca-skuplje-i-usluge-prijevoza-vlakom\\\/\",\"url\":\"https:\\\/\\\/radioljubuski.ba\\\/index.php\\\/2022\\\/06\\\/25\\\/od-sljedeceg-mjeseca-skuplje-i-usluge-prijevoza-vlakom\\\/\",\"name\":\"Od sljede\u0107eg mjeseca skuplje i usluge prijevoza vlakom - RADIO LJUBU\u0160KI\",\"isPartOf\":{\"@id\":\"https:\\\/\\\/radioljubuski.ba\\\/#website\"},\"primaryImageOfPage\":{\"@id\":\"https:\\\/\\\/radioljubuski.ba\\\/index.php\\\/2022\\\/06\\\/25\\\/od-sljedeceg-mjeseca-skuplje-i-usluge-prijevoza-vlakom\\\/#primaryimage\"},\"image\":{\"@id\":\"https:\\\/\\\/radioljubuski.ba\\\/index.php\\\/2022\\\/06\\\/25\\\/od-sljedeceg-mjeseca-skuplje-i-usluge-prijevoza-vlakom\\\/#primaryimage\"},\"thumbnailUrl\":\"https:\\\/\\\/radioljubuski.ba\\\/wp-content\\\/uploads\\\/2022\\\/06\\\/10-2022-06-24-18-25-23-9b63c8eced718dc7be84.jpeg\",\"datePublished\":\"2022-06-25T00:48:33+00:00\",\"dateModified\":\"2022-06-25T00:48:35+00:00\",\"breadcrumb\":{\"@id\":\"https:\\\/\\\/radioljubuski.ba\\\/index.php\\\/2022\\\/06\\\/25\\\/od-sljedeceg-mjeseca-skuplje-i-usluge-prijevoza-vlakom\\\/#breadcrumb\"},\"inLanguage\":\"hr\",\"potentialAction\":[{\"@type\":\"ReadAction\",\"target\":[\"https:\\\/\\\/radioljubuski.ba\\\/index.php\\\/2022\\\/06\\\/25\\\/od-sljedeceg-mjeseca-skuplje-i-usluge-prijevoza-vlakom\\\/\"]}]},{\"@type\":\"ImageObject\",\"inLanguage\":\"hr\",\"@id\":\"https:\\\/\\\/radioljubuski.ba\\\/index.php\\\/2022\\\/06\\\/25\\\/od-sljedeceg-mjeseca-skuplje-i-usluge-prijevoza-vlakom\\\/#primaryimage\",\"url\":\"https:\\\/\\\/radioljubuski.ba\\\/wp-content\\\/uploads\\\/2022\\\/06\\\/10-2022-06-24-18-25-23-9b63c8eced718dc7be84.jpeg\",\"contentUrl\":\"https:\\\/\\\/radioljubuski.ba\\\/wp-content\\\/uploads\\\/2022\\\/06\\\/10-2022-06-24-18-25-23-9b63c8eced718dc7be84.jpeg\",\"width\":1000,\"height\":625},{\"@type\":\"BreadcrumbList\",\"@id\":\"https:\\\/\\\/radioljubuski.ba\\\/index.php\\\/2022\\\/06\\\/25\\\/od-sljedeceg-mjeseca-skuplje-i-usluge-prijevoza-vlakom\\\/#breadcrumb\",\"itemListElement\":[{\"@type\":\"ListItem\",\"position\":1,\"name\":\"Po\u010detna stranica\",\"item\":\"https:\\\/\\\/radioljubuski.ba\\\/\"},{\"@type\":\"ListItem\",\"position\":2,\"name\":\"Od sljede\u0107eg mjeseca skuplje i usluge prijevoza vlakom\"}]},{\"@type\":\"WebSite\",\"@id\":\"https:\\\/\\\/radioljubuski.ba\\\/#website\",\"url\":\"https:\\\/\\\/radioljubuski.ba\\\/\",\"name\":\"Radio Ljubu\u0161ki\",\"description\":\"Sun\u010dana frekvencija Hercegovine\",\"publisher\":{\"@id\":\"https:\\\/\\\/radioljubuski.ba\\\/#organization\"},\"potentialAction\":[{\"@type\":\"SearchAction\",\"target\":{\"@type\":\"EntryPoint\",\"urlTemplate\":\"https:\\\/\\\/radioljubuski.ba\\\/?s={search_term_string}\"},\"query-input\":{\"@type\":\"PropertyValueSpecification\",\"valueRequired\":true,\"valueName\":\"search_term_string\"}}],\"inLanguage\":\"hr\"},{\"@type\":\"Organization\",\"@id\":\"https:\\\/\\\/radioljubuski.ba\\\/#organization\",\"name\":\"Radio Ljubu\u0161ki\",\"url\":\"https:\\\/\\\/radioljubuski.ba\\\/\",\"logo\":{\"@type\":\"ImageObject\",\"inLanguage\":\"hr\",\"@id\":\"https:\\\/\\\/radioljubuski.ba\\\/#\\\/schema\\\/logo\\\/image\\\/\",\"url\":\"https:\\\/\\\/radioljubuski.ba\\\/wp-content\\\/uploads\\\/2021\\\/02\\\/cropped-Radio_Ljubuski_logo1.jpg\",\"contentUrl\":\"https:\\\/\\\/radioljubuski.ba\\\/wp-content\\\/uploads\\\/2021\\\/02\\\/cropped-Radio_Ljubuski_logo1.jpg\",\"width\":512,\"height\":512,\"caption\":\"Radio Ljubu\u0161ki\"},\"image\":{\"@id\":\"https:\\\/\\\/radioljubuski.ba\\\/#\\\/schema\\\/logo\\\/image\\\/\"},\"sameAs\":[\"https:\\\/\\\/www.facebook.com\\\/Radiio-Ljubuski-1490835324566332\",\"https:\\\/\\\/x.com\\\/radioljubuski\",\"https:\\\/\\\/hr.linkedin.com\\\/company\\\/radio-ljubuski\",\"https:\\\/\\\/www.youtube.com\\\/channel\\\/UCHYaeO_n0Db3tjNGudGpXyw\"]},{\"@type\":\"Person\",\"@id\":\"https:\\\/\\\/radioljubuski.ba\\\/#\\\/schema\\\/person\\\/19fc700381a780f69665d7956c469e3b\",\"name\":\"Radio Ljubu\u0161ki\"}]}<\/script>\n<!-- \/ Yoast SEO plugin. -->","yoast_head_json":{"title":"Od sljede\u0107eg mjeseca skuplje i usluge prijevoza vlakom - RADIO LJUBU\u0160KI","robots":{"index":"index","follow":"follow","max-snippet":"max-snippet:-1","max-image-preview":"max-image-preview:large","max-video-preview":"max-video-preview:-1"},"canonical":"https:\/\/radioljubuski.ba\/index.php\/2022\/06\/25\/od-sljedeceg-mjeseca-skuplje-i-usluge-prijevoza-vlakom\/","og_locale":"hr_HR","og_type":"article","og_title":"Od sljede\u0107eg mjeseca skuplje i usluge prijevoza vlakom - RADIO LJUBU\u0160KI","og_description":"Iz \u017deljeznica Federacije Bosne i Hercegovine obavje\u0161tavaju korisnike usluga da \u0107e od 1. srpnja 2022. godine do\u0107i do pove\u0107anja cijene usluga prijevoza putnika u unutarnjem prometu. Pove\u0107anje \u0107e, kako je navedeno, iznositi do 20 posto. Poja\u0161njavaju kako se poskupljenje odnosi na sve relacije preko 30 kilometara. Za relacije koje su do 30 km, cijena ostaje [&hellip;]","og_url":"https:\/\/radioljubuski.ba\/index.php\/2022\/06\/25\/od-sljedeceg-mjeseca-skuplje-i-usluge-prijevoza-vlakom\/","og_site_name":"RADIO LJUBU\u0160KI","article_publisher":"https:\/\/www.facebook.com\/Radiio-Ljubuski-1490835324566332","article_published_time":"2022-06-25T00:48:33+00:00","article_modified_time":"2022-06-25T00:48:35+00:00","og_image":[{"width":1000,"height":625,"url":"https:\/\/radioljubuski.ba\/wp-content\/uploads\/2022\/06\/10-2022-06-24-18-25-23-9b63c8eced718dc7be84.jpeg","type":"image\/jpeg"}],"author":"Radio Ljubu\u0161ki","twitter_card":"summary_large_image","twitter_creator":"@radioljubuski","twitter_site":"@radioljubuski","twitter_misc":{"Napisao\/la":"Radio Ljubu\u0161ki","Procijenjeno vrijeme \u010ditanja":"1 minuta"},"schema":{"@context":"https:\/\/schema.org","@graph":[{"@type":"Article","@id":"https:\/\/radioljubuski.ba\/index.php\/2022\/06\/25\/od-sljedeceg-mjeseca-skuplje-i-usluge-prijevoza-vlakom\/#article","isPartOf":{"@id":"https:\/\/radioljubuski.ba\/index.php\/2022\/06\/25\/od-sljedeceg-mjeseca-skuplje-i-usluge-prijevoza-vlakom\/"},"author":{"name":"Radio Ljubu\u0161ki","@id":"https:\/\/radioljubuski.ba\/#\/schema\/person\/19fc700381a780f69665d7956c469e3b"},"headline":"Od sljede\u0107eg mjeseca skuplje i usluge prijevoza vlakom","datePublished":"2022-06-25T00:48:33+00:00","dateModified":"2022-06-25T00:48:35+00:00","mainEntityOfPage":{"@id":"https:\/\/radioljubuski.ba\/index.php\/2022\/06\/25\/od-sljedeceg-mjeseca-skuplje-i-usluge-prijevoza-vlakom\/"},"wordCount":99,"publisher":{"@id":"https:\/\/radioljubuski.ba\/#organization"},"image":{"@id":"https:\/\/radioljubuski.ba\/index.php\/2022\/06\/25\/od-sljedeceg-mjeseca-skuplje-i-usluge-prijevoza-vlakom\/#primaryimage"},"thumbnailUrl":"https:\/\/radioljubuski.ba\/wp-content\/uploads\/2022\/06\/10-2022-06-24-18-25-23-9b63c8eced718dc7be84.jpeg","articleSection":["BIH i regija"],"inLanguage":"hr"},{"@type":"WebPage","@id":"https:\/\/radioljubuski.ba\/index.php\/2022\/06\/25\/od-sljedeceg-mjeseca-skuplje-i-usluge-prijevoza-vlakom\/","url":"https:\/\/radioljubuski.ba\/index.php\/2022\/06\/25\/od-sljedeceg-mjeseca-skuplje-i-usluge-prijevoza-vlakom\/","name":"Od sljede\u0107eg mjeseca skuplje i usluge prijevoza vlakom - RADIO LJUBU\u0160KI","isPartOf":{"@id":"https:\/\/radioljubuski.ba\/#website"},"primaryImageOfPage":{"@id":"https:\/\/radioljubuski.ba\/index.php\/2022\/06\/25\/od-sljedeceg-mjeseca-skuplje-i-usluge-prijevoza-vlakom\/#primaryimage"},"image":{"@id":"https:\/\/radioljubuski.ba\/index.php\/2022\/06\/25\/od-sljedeceg-mjeseca-skuplje-i-usluge-prijevoza-vlakom\/#primaryimage"},"thumbnailUrl":"https:\/\/radioljubuski.ba\/wp-content\/uploads\/2022\/06\/10-2022-06-24-18-25-23-9b63c8eced718dc7be84.jpeg","datePublished":"2022-06-25T00:48:33+00:00","dateModified":"2022-06-25T00:48:35+00:00","breadcrumb":{"@id":"https:\/\/radioljubuski.ba\/index.php\/2022\/06\/25\/od-sljedeceg-mjeseca-skuplje-i-usluge-prijevoza-vlakom\/#breadcrumb"},"inLanguage":"hr","potentialAction":[{"@type":"ReadAction","target":["https:\/\/radioljubuski.ba\/index.php\/2022\/06\/25\/od-sljedeceg-mjeseca-skuplje-i-usluge-prijevoza-vlakom\/"]}]},{"@type":"ImageObject","inLanguage":"hr","@id":"https:\/\/radioljubuski.ba\/index.php\/2022\/06\/25\/od-sljedeceg-mjeseca-skuplje-i-usluge-prijevoza-vlakom\/#primaryimage","url":"https:\/\/radioljubuski.ba\/wp-content\/uploads\/2022\/06\/10-2022-06-24-18-25-23-9b63c8eced718dc7be84.jpeg","contentUrl":"https:\/\/radioljubuski.ba\/wp-content\/uploads\/2022\/06\/10-2022-06-24-18-25-23-9b63c8eced718dc7be84.jpeg","width":1000,"height":625},{"@type":"BreadcrumbList","@id":"https:\/\/radioljubuski.ba\/index.php\/2022\/06\/25\/od-sljedeceg-mjeseca-skuplje-i-usluge-prijevoza-vlakom\/#breadcrumb","itemListElement":[{"@type":"ListItem","position":1,"name":"Po\u010detna stranica","item":"https:\/\/radioljubuski.ba\/"},{"@type":"ListItem","position":2,"name":"Od sljede\u0107eg mjeseca skuplje i usluge prijevoza vlakom"}]},{"@type":"WebSite","@id":"https:\/\/radioljubuski.ba\/#website","url":"https:\/\/radioljubuski.ba\/","name":"Radio Ljubu\u0161ki","description":"Sun\u010dana frekvencija Hercegovine","publisher":{"@id":"https:\/\/radioljubuski.ba\/#organization"},"potentialAction":[{"@type":"SearchAction","target":{"@type":"EntryPoint","urlTemplate":"https:\/\/radioljubuski.ba\/?s={search_term_string}"},"query-input":{"@type":"PropertyValueSpecification","valueRequired":true,"valueName":"search_term_string"}}],"inLanguage":"hr"},{"@type":"Organization","@id":"https:\/\/radioljubuski.ba\/#organization","name":"Radio Ljubu\u0161ki","url":"https:\/\/radioljubuski.ba\/","logo":{"@type":"ImageObject","inLanguage":"hr","@id":"https:\/\/radioljubuski.ba\/#\/schema\/logo\/image\/","url":"https:\/\/radioljubuski.ba\/wp-content\/uploads\/2021\/02\/cropped-Radio_Ljubuski_logo1.jpg","contentUrl":"https:\/\/radioljubuski.ba\/wp-content\/uploads\/2021\/02\/cropped-Radio_Ljubuski_logo1.jpg","width":512,"height":512,"caption":"Radio Ljubu\u0161ki"},"image":{"@id":"https:\/\/radioljubuski.ba\/#\/schema\/logo\/image\/"},"sameAs":["https:\/\/www.facebook.com\/Radiio-Ljubuski-1490835324566332","https:\/\/x.com\/radioljubuski","https:\/\/hr.linkedin.com\/company\/radio-ljubuski","https:\/\/www.youtube.com\/channel\/UCHYaeO_n0Db3tjNGudGpXyw"]},{"@type":"Person","@id":"https:\/\/radioljubuski.ba\/#\/schema\/person\/19fc700381a780f69665d7956c469e3b","name":"Radio Ljubu\u0161ki"}]}},"_links":{"self":[{"href":"https:\/\/radioljubuski.ba\/index.php\/wp-json\/wp\/v2\/posts\/153294","targetHints":{"allow":["GET"]}}],"collection":[{"href":"https:\/\/radioljubuski.ba\/index.php\/wp-json\/wp\/v2\/posts"}],"about":[{"href":"https:\/\/radioljubuski.ba\/index.php\/wp-json\/wp\/v2\/types\/post"}],"author":[{"embeddable":true,"href":"https:\/\/radioljubuski.ba\/index.php\/wp-json\/wp\/v2\/users\/2"}],"replies":[{"embeddable":true,"href":"https:\/\/radioljubuski.ba\/index.php\/wp-json\/wp\/v2\/comments?post=153294"}],"version-history":[{"count":1,"href":"https:\/\/radioljubuski.ba\/index.php\/wp-json\/wp\/v2\/posts\/153294\/revisions"}],"predecessor-version":[{"id":153296,"href":"https:\/\/radioljubuski.ba\/index.php\/wp-json\/wp\/v2\/posts\/153294\/revisions\/153296"}],"wp:featuredmedia":[{"embeddable":true,"href":"https:\/\/radioljubuski.ba\/index.php\/wp-json\/wp\/v2\/media\/153295"}],"wp:attachment":[{"href":"https:\/\/radioljubuski.ba\/index.php\/wp-json\/wp\/v2\/media?parent=153294"}],"wp:term":[{"taxonomy":"category","embeddable":true,"href":"https:\/\/radioljubuski.ba\/index.php\/wp-json\/wp\/v2\/categories?post=153294"},{"taxonomy":"post_tag","embeddable":true,"href":"https:\/\/radioljubuski.ba\/index.php\/wp-json\/wp\/v2\/tags?post=153294"}],"curies":[{"name":"wp","href":"https:\/\/api.w.org\/{rel}","templated":true}]}}