{"id":153313,"date":"2022-06-25T07:07:29","date_gmt":"2022-06-25T06:07:29","guid":{"rendered":"https:\/\/radioljubuski.ba\/?p=153313"},"modified":"2022-06-25T07:07:48","modified_gmt":"2022-06-25T06:07:48","slug":"u-medugorju-izmedu-dva-brda-gospa-je-rasirila-svoje-ruke","status":"publish","type":"post","link":"https:\/\/radioljubuski.ba\/index.php\/2022\/06\/25\/u-medugorju-izmedu-dva-brda-gospa-je-rasirila-svoje-ruke\/","title":{"rendered":"U Me\u0111ugorju, izme\u0111u dva brda, Gospa je ra\u0161irila svoje ruke"},"content":{"rendered":"\n<p>Za 41. obljetnicu Gospinih ukazanja sredi\u0161nje sve\u010dano misno slavlje, koje \u0107e se odr\u017eati 25. lipnja pred vi\u0161e desetaka tisu\u0107a hodo\u010dasnika na vanjskom oltaru iza crkve sv. Jakova u Me\u0111ugorju, predslavit \u0107e fra Jozo Grbe\u0161, provincijal Hercegova\u010dke franjeva\u010dke provincije. <\/p>\n\n\n\n<p>U ovom poznatom hodo\u010dasni\u010dkom mjestu ovih dana slavit \u0107e se gotovo svakog sata misna slavlja i to na ve\u0107ini svjetskih jezika. <\/p>\n\n\n\n<p>Pod vedrim nebom iza crkve sv. Jakova u Me\u0111ugorju doma\u0107i i inozemni sve\u0107enici ispovijedat \u0107e brojne hodo\u010dasnike. <\/p>\n\n\n\n<p>Vjernici \u0107e tijekom dana stalno posje\u0107ivali Podbrdo &#8211; Brdo ukazanja, mjesto prvoga Gospina ukazanja i brdo Kri\u017eevac te, kle\u010de\u0107i u kolonama i bosi, obilaziti oko Gospina kipa u blizini me\u0111ugorske crkve. <\/p>\n\n\n\n<p>Prije to\u010dno 41 godinu \u0161estero mladih iz \u017eupe Me\u0111ugorje posvjedo\u010dilo je kako su na brdu Crnica, na predjelu zvanom Podbrdo, vidjeli Gospu s djetetom u naru\u010dju. Iznena\u0111eni i upla\u0161eni, nisu joj pristupili bli\u017ee. Sutradan u isto doba do\u0161li su moliti i razgovarati s Gospom. <\/p>\n\n\n\n<p>Tako po\u010dinje pri\u010da o ukazanju Gospe u Me\u0111ugorju. Ve\u0107 41 godina svakog 25. lipnja mo\u017ee se u Me\u0111ugorju zabilje\u017eiti nova pri\u010da. Mi smo izabrali jednu od njih.<\/p>\n\n\n\n<p>&#8211; Vi\u0161e od 200 puta bio sam u Me\u0111ugorju &#8211; ka\u017ee nam Krzysztof Balis iz Poljske i dodaje: &#8220;Gospa je nazo\u010dna u Me\u0111ugorju. To se vidi po broju sve\u0107enika, hodo\u010dasnika, ljudi koji se ispovijedaju, koji idu na Brdo ukazanja i brdo Kri\u017eevac bez obzira na to je li jako sunce ili pak nevrijeme. Izme\u0111u ova dva brda, kako ka\u017eu u me\u0111ugorskoj \u017eupi, Gospa je ra\u0161irila ruke.&#8221;<\/p>\n\n\n\n<p>Monika Barska Wroblewska iz poljskog \u0141\u00f3d\u017aa \u010dest je hodo\u010dasnik u Me\u0111ugorju. &#8211; Ovo je mjesto koje ima veliki Marijin kult. Mnogo Poljaka dolazi u Me\u0111ugorje. Vidi se da ljudi ovdje imaju veliku vjeru i da preko molitve rastu u vjeri. Plodovi Me\u0111ugorja moraju se priznati. Velika kriza u svijetu pokazala je da \u010dovjek ne mo\u017ee rije\u0161iti vitalne probleme novcem i da se ljudi moraju okrenuti Bogu i bli\u017enjemu. Svatko nosi svoj kri\u017e u \u017eivotu, a mene se u Me\u0111ugorju posebno dojmilo brdo Kri\u017eevac na koje rado idem i molim se Bogu i Gospi &#8211; kazala nam je ova hodo\u010dasnica. Na parkirali\u0161tima u Me\u0111ugorju neobi\u010dno mnogo autobusa i automobila iz Hrvatske, posebice Splita, Dubrovnika, Vara\u017edina, Rijeke, \u0160ibenika, Zagreba, Osijeka&#8230; Bra\u010dni par Stanka i Mirko Pelivan stigli su osobnim automobilom iz Splita.<\/p>\n\n\n\n<p>Mladi iz Posu\u0161ja &#8211; Josipa i Katarina pje\u0161ice su stigle u 40 kilometara udaljeno Me\u0111ugorje. &#8211; Zavjetovale smo se pje\u0161ice do\u0107i u Me\u0111ugorje. Iako smo dobile \u017euljeve na nogama, nije nam \u017eao. Odli\u010dno se osje\u0107amo jer smo u Me\u0111ugorju dobile unutarnji mir koji smo tra\u017eile.<\/p>\n\n\n\n<p>Proslava obljetnice ukazanja po\u010det \u0107e danas, i to me\u0111unarodnom Hodnjom mira od Humca (Ljubu\u0161ki) do Me\u0111ugorja. Hodnju su pokrenuli me\u0111ugorski hodo\u010dasnici iz inozemstva u vrijeme rata u BiH i Hrvatskoj 1992. godine. Pokreta\u010di hodnje bili su Nijemac Hubert Liepher i pokojni fra Slavko Barbari\u0107. Na uo\u010dnicu Gospina ukazanja ve\u010dernju svetu misu predslavit \u0107e fra Ljubo Kurtovi\u0107, poznati franjevac.<\/p>\n\n\n\n<p><strong>Izvor: Ve\u010dernji list<\/strong><\/p>\n","protected":false},"excerpt":{"rendered":"<p>Za 41. obljetnicu Gospinih ukazanja sredi\u0161nje sve\u010dano misno slavlje, koje \u0107e se odr\u017eati 25. lipnja pred vi\u0161e desetaka tisu\u0107a hodo\u010dasnika na vanjskom oltaru iza crkve sv. Jakova u Me\u0111ugorju, predslavit \u0107e fra Jozo Grbe\u0161, provincijal Hercegova\u010dke franjeva\u010dke provincije. U ovom poznatom hodo\u010dasni\u010dkom mjestu ovih dana slavit \u0107e se gotovo svakog sata misna slavlja i to [&hellip;]<\/p>\n","protected":false},"author":2,"featured_media":148099,"comment_status":"closed","ping_status":"closed","sticky":false,"template":"","format":"standard","meta":{"h5ap_radio_sources":[],"footnotes":""},"categories":[1],"tags":[],"class_list":["post-153313","post","type-post","status-publish","format-standard","has-post-thumbnail","hentry","category-bihiregija"],"yoast_head":"<!-- This site is optimized with the Yoast SEO plugin v27.4 - https:\/\/yoast.com\/product\/yoast-seo-wordpress\/ -->\n<title>U Me\u0111ugorju, izme\u0111u dva brda, Gospa je ra\u0161irila svoje ruke - RADIO LJUBU\u0160KI<\/title>\n<meta name=\"robots\" content=\"index, follow, max-snippet:-1, max-image-preview:large, max-video-preview:-1\" \/>\n<link rel=\"canonical\" href=\"https:\/\/radioljubuski.ba\/index.php\/2022\/06\/25\/u-medugorju-izmedu-dva-brda-gospa-je-rasirila-svoje-ruke\/\" \/>\n<meta property=\"og:locale\" content=\"hr_HR\" \/>\n<meta property=\"og:type\" content=\"article\" \/>\n<meta property=\"og:title\" content=\"U Me\u0111ugorju, izme\u0111u dva brda, Gospa je ra\u0161irila svoje ruke - RADIO LJUBU\u0160KI\" \/>\n<meta property=\"og:description\" content=\"Za 41. obljetnicu Gospinih ukazanja sredi\u0161nje sve\u010dano misno slavlje, koje \u0107e se odr\u017eati 25. lipnja pred vi\u0161e desetaka tisu\u0107a hodo\u010dasnika na vanjskom oltaru iza crkve sv. Jakova u Me\u0111ugorju, predslavit \u0107e fra Jozo Grbe\u0161, provincijal Hercegova\u010dke franjeva\u010dke provincije. U ovom poznatom hodo\u010dasni\u010dkom mjestu ovih dana slavit \u0107e se gotovo svakog sata misna slavlja i to [&hellip;]\" \/>\n<meta property=\"og:url\" content=\"https:\/\/radioljubuski.ba\/index.php\/2022\/06\/25\/u-medugorju-izmedu-dva-brda-gospa-je-rasirila-svoje-ruke\/\" \/>\n<meta property=\"og:site_name\" content=\"RADIO LJUBU\u0160KI\" \/>\n<meta property=\"article:publisher\" content=\"https:\/\/www.facebook.com\/Radiio-Ljubuski-1490835324566332\" \/>\n<meta property=\"article:published_time\" content=\"2022-06-25T06:07:29+00:00\" \/>\n<meta property=\"article:modified_time\" content=\"2022-06-25T06:07:48+00:00\" \/>\n<meta property=\"og:image\" content=\"https:\/\/radioljubuski.ba\/wp-content\/uploads\/2022\/06\/medjugorje.jpg3_-960x640-1.jpg\" \/>\n\t<meta property=\"og:image:width\" content=\"960\" \/>\n\t<meta property=\"og:image:height\" content=\"640\" \/>\n\t<meta property=\"og:image:type\" content=\"image\/jpeg\" \/>\n<meta name=\"author\" content=\"Radio Ljubu\u0161ki\" \/>\n<meta name=\"twitter:card\" content=\"summary_large_image\" \/>\n<meta name=\"twitter:creator\" content=\"@radioljubuski\" \/>\n<meta name=\"twitter:site\" content=\"@radioljubuski\" \/>\n<meta name=\"twitter:label1\" content=\"Napisao\/la\" \/>\n\t<meta name=\"twitter:data1\" content=\"Radio Ljubu\u0161ki\" \/>\n\t<meta name=\"twitter:label2\" content=\"Procijenjeno vrijeme \u010ditanja\" \/>\n\t<meta name=\"twitter:data2\" content=\"3 minute\" \/>\n<script type=\"application\/ld+json\" class=\"yoast-schema-graph\">{\"@context\":\"https:\\\/\\\/schema.org\",\"@graph\":[{\"@type\":\"Article\",\"@id\":\"https:\\\/\\\/radioljubuski.ba\\\/index.php\\\/2022\\\/06\\\/25\\\/u-medugorju-izmedu-dva-brda-gospa-je-rasirila-svoje-ruke\\\/#article\",\"isPartOf\":{\"@id\":\"https:\\\/\\\/radioljubuski.ba\\\/index.php\\\/2022\\\/06\\\/25\\\/u-medugorju-izmedu-dva-brda-gospa-je-rasirila-svoje-ruke\\\/\"},\"author\":{\"name\":\"Radio Ljubu\u0161ki\",\"@id\":\"https:\\\/\\\/radioljubuski.ba\\\/#\\\/schema\\\/person\\\/19fc700381a780f69665d7956c469e3b\"},\"headline\":\"U Me\u0111ugorju, izme\u0111u dva brda, Gospa je ra\u0161irila svoje ruke\",\"datePublished\":\"2022-06-25T06:07:29+00:00\",\"dateModified\":\"2022-06-25T06:07:48+00:00\",\"mainEntityOfPage\":{\"@id\":\"https:\\\/\\\/radioljubuski.ba\\\/index.php\\\/2022\\\/06\\\/25\\\/u-medugorju-izmedu-dva-brda-gospa-je-rasirila-svoje-ruke\\\/\"},\"wordCount\":569,\"publisher\":{\"@id\":\"https:\\\/\\\/radioljubuski.ba\\\/#organization\"},\"image\":{\"@id\":\"https:\\\/\\\/radioljubuski.ba\\\/index.php\\\/2022\\\/06\\\/25\\\/u-medugorju-izmedu-dva-brda-gospa-je-rasirila-svoje-ruke\\\/#primaryimage\"},\"thumbnailUrl\":\"https:\\\/\\\/radioljubuski.ba\\\/wp-content\\\/uploads\\\/2022\\\/06\\\/medjugorje.jpg3_-960x640-1.jpg\",\"articleSection\":[\"BIH i regija\"],\"inLanguage\":\"hr\"},{\"@type\":\"WebPage\",\"@id\":\"https:\\\/\\\/radioljubuski.ba\\\/index.php\\\/2022\\\/06\\\/25\\\/u-medugorju-izmedu-dva-brda-gospa-je-rasirila-svoje-ruke\\\/\",\"url\":\"https:\\\/\\\/radioljubuski.ba\\\/index.php\\\/2022\\\/06\\\/25\\\/u-medugorju-izmedu-dva-brda-gospa-je-rasirila-svoje-ruke\\\/\",\"name\":\"U Me\u0111ugorju, izme\u0111u dva brda, Gospa je ra\u0161irila svoje ruke - RADIO LJUBU\u0160KI\",\"isPartOf\":{\"@id\":\"https:\\\/\\\/radioljubuski.ba\\\/#website\"},\"primaryImageOfPage\":{\"@id\":\"https:\\\/\\\/radioljubuski.ba\\\/index.php\\\/2022\\\/06\\\/25\\\/u-medugorju-izmedu-dva-brda-gospa-je-rasirila-svoje-ruke\\\/#primaryimage\"},\"image\":{\"@id\":\"https:\\\/\\\/radioljubuski.ba\\\/index.php\\\/2022\\\/06\\\/25\\\/u-medugorju-izmedu-dva-brda-gospa-je-rasirila-svoje-ruke\\\/#primaryimage\"},\"thumbnailUrl\":\"https:\\\/\\\/radioljubuski.ba\\\/wp-content\\\/uploads\\\/2022\\\/06\\\/medjugorje.jpg3_-960x640-1.jpg\",\"datePublished\":\"2022-06-25T06:07:29+00:00\",\"dateModified\":\"2022-06-25T06:07:48+00:00\",\"breadcrumb\":{\"@id\":\"https:\\\/\\\/radioljubuski.ba\\\/index.php\\\/2022\\\/06\\\/25\\\/u-medugorju-izmedu-dva-brda-gospa-je-rasirila-svoje-ruke\\\/#breadcrumb\"},\"inLanguage\":\"hr\",\"potentialAction\":[{\"@type\":\"ReadAction\",\"target\":[\"https:\\\/\\\/radioljubuski.ba\\\/index.php\\\/2022\\\/06\\\/25\\\/u-medugorju-izmedu-dva-brda-gospa-je-rasirila-svoje-ruke\\\/\"]}]},{\"@type\":\"ImageObject\",\"inLanguage\":\"hr\",\"@id\":\"https:\\\/\\\/radioljubuski.ba\\\/index.php\\\/2022\\\/06\\\/25\\\/u-medugorju-izmedu-dva-brda-gospa-je-rasirila-svoje-ruke\\\/#primaryimage\",\"url\":\"https:\\\/\\\/radioljubuski.ba\\\/wp-content\\\/uploads\\\/2022\\\/06\\\/medjugorje.jpg3_-960x640-1.jpg\",\"contentUrl\":\"https:\\\/\\\/radioljubuski.ba\\\/wp-content\\\/uploads\\\/2022\\\/06\\\/medjugorje.jpg3_-960x640-1.jpg\",\"width\":960,\"height\":640},{\"@type\":\"BreadcrumbList\",\"@id\":\"https:\\\/\\\/radioljubuski.ba\\\/index.php\\\/2022\\\/06\\\/25\\\/u-medugorju-izmedu-dva-brda-gospa-je-rasirila-svoje-ruke\\\/#breadcrumb\",\"itemListElement\":[{\"@type\":\"ListItem\",\"position\":1,\"name\":\"Po\u010detna stranica\",\"item\":\"https:\\\/\\\/radioljubuski.ba\\\/\"},{\"@type\":\"ListItem\",\"position\":2,\"name\":\"U Me\u0111ugorju, izme\u0111u dva brda, Gospa je ra\u0161irila svoje ruke\"}]},{\"@type\":\"WebSite\",\"@id\":\"https:\\\/\\\/radioljubuski.ba\\\/#website\",\"url\":\"https:\\\/\\\/radioljubuski.ba\\\/\",\"name\":\"Radio Ljubu\u0161ki\",\"description\":\"Sun\u010dana frekvencija Hercegovine\",\"publisher\":{\"@id\":\"https:\\\/\\\/radioljubuski.ba\\\/#organization\"},\"potentialAction\":[{\"@type\":\"SearchAction\",\"target\":{\"@type\":\"EntryPoint\",\"urlTemplate\":\"https:\\\/\\\/radioljubuski.ba\\\/?s={search_term_string}\"},\"query-input\":{\"@type\":\"PropertyValueSpecification\",\"valueRequired\":true,\"valueName\":\"search_term_string\"}}],\"inLanguage\":\"hr\"},{\"@type\":\"Organization\",\"@id\":\"https:\\\/\\\/radioljubuski.ba\\\/#organization\",\"name\":\"Radio Ljubu\u0161ki\",\"url\":\"https:\\\/\\\/radioljubuski.ba\\\/\",\"logo\":{\"@type\":\"ImageObject\",\"inLanguage\":\"hr\",\"@id\":\"https:\\\/\\\/radioljubuski.ba\\\/#\\\/schema\\\/logo\\\/image\\\/\",\"url\":\"https:\\\/\\\/radioljubuski.ba\\\/wp-content\\\/uploads\\\/2021\\\/02\\\/cropped-Radio_Ljubuski_logo1.jpg\",\"contentUrl\":\"https:\\\/\\\/radioljubuski.ba\\\/wp-content\\\/uploads\\\/2021\\\/02\\\/cropped-Radio_Ljubuski_logo1.jpg\",\"width\":512,\"height\":512,\"caption\":\"Radio Ljubu\u0161ki\"},\"image\":{\"@id\":\"https:\\\/\\\/radioljubuski.ba\\\/#\\\/schema\\\/logo\\\/image\\\/\"},\"sameAs\":[\"https:\\\/\\\/www.facebook.com\\\/Radiio-Ljubuski-1490835324566332\",\"https:\\\/\\\/x.com\\\/radioljubuski\",\"https:\\\/\\\/hr.linkedin.com\\\/company\\\/radio-ljubuski\",\"https:\\\/\\\/www.youtube.com\\\/channel\\\/UCHYaeO_n0Db3tjNGudGpXyw\"]},{\"@type\":\"Person\",\"@id\":\"https:\\\/\\\/radioljubuski.ba\\\/#\\\/schema\\\/person\\\/19fc700381a780f69665d7956c469e3b\",\"name\":\"Radio Ljubu\u0161ki\"}]}<\/script>\n<!-- \/ Yoast SEO plugin. -->","yoast_head_json":{"title":"U Me\u0111ugorju, izme\u0111u dva brda, Gospa je ra\u0161irila svoje ruke - RADIO LJUBU\u0160KI","robots":{"index":"index","follow":"follow","max-snippet":"max-snippet:-1","max-image-preview":"max-image-preview:large","max-video-preview":"max-video-preview:-1"},"canonical":"https:\/\/radioljubuski.ba\/index.php\/2022\/06\/25\/u-medugorju-izmedu-dva-brda-gospa-je-rasirila-svoje-ruke\/","og_locale":"hr_HR","og_type":"article","og_title":"U Me\u0111ugorju, izme\u0111u dva brda, Gospa je ra\u0161irila svoje ruke - RADIO LJUBU\u0160KI","og_description":"Za 41. obljetnicu Gospinih ukazanja sredi\u0161nje sve\u010dano misno slavlje, koje \u0107e se odr\u017eati 25. lipnja pred vi\u0161e desetaka tisu\u0107a hodo\u010dasnika na vanjskom oltaru iza crkve sv. Jakova u Me\u0111ugorju, predslavit \u0107e fra Jozo Grbe\u0161, provincijal Hercegova\u010dke franjeva\u010dke provincije. U ovom poznatom hodo\u010dasni\u010dkom mjestu ovih dana slavit \u0107e se gotovo svakog sata misna slavlja i to [&hellip;]","og_url":"https:\/\/radioljubuski.ba\/index.php\/2022\/06\/25\/u-medugorju-izmedu-dva-brda-gospa-je-rasirila-svoje-ruke\/","og_site_name":"RADIO LJUBU\u0160KI","article_publisher":"https:\/\/www.facebook.com\/Radiio-Ljubuski-1490835324566332","article_published_time":"2022-06-25T06:07:29+00:00","article_modified_time":"2022-06-25T06:07:48+00:00","og_image":[{"width":960,"height":640,"url":"https:\/\/radioljubuski.ba\/wp-content\/uploads\/2022\/06\/medjugorje.jpg3_-960x640-1.jpg","type":"image\/jpeg"}],"author":"Radio Ljubu\u0161ki","twitter_card":"summary_large_image","twitter_creator":"@radioljubuski","twitter_site":"@radioljubuski","twitter_misc":{"Napisao\/la":"Radio Ljubu\u0161ki","Procijenjeno vrijeme \u010ditanja":"3 minute"},"schema":{"@context":"https:\/\/schema.org","@graph":[{"@type":"Article","@id":"https:\/\/radioljubuski.ba\/index.php\/2022\/06\/25\/u-medugorju-izmedu-dva-brda-gospa-je-rasirila-svoje-ruke\/#article","isPartOf":{"@id":"https:\/\/radioljubuski.ba\/index.php\/2022\/06\/25\/u-medugorju-izmedu-dva-brda-gospa-je-rasirila-svoje-ruke\/"},"author":{"name":"Radio Ljubu\u0161ki","@id":"https:\/\/radioljubuski.ba\/#\/schema\/person\/19fc700381a780f69665d7956c469e3b"},"headline":"U Me\u0111ugorju, izme\u0111u dva brda, Gospa je ra\u0161irila svoje ruke","datePublished":"2022-06-25T06:07:29+00:00","dateModified":"2022-06-25T06:07:48+00:00","mainEntityOfPage":{"@id":"https:\/\/radioljubuski.ba\/index.php\/2022\/06\/25\/u-medugorju-izmedu-dva-brda-gospa-je-rasirila-svoje-ruke\/"},"wordCount":569,"publisher":{"@id":"https:\/\/radioljubuski.ba\/#organization"},"image":{"@id":"https:\/\/radioljubuski.ba\/index.php\/2022\/06\/25\/u-medugorju-izmedu-dva-brda-gospa-je-rasirila-svoje-ruke\/#primaryimage"},"thumbnailUrl":"https:\/\/radioljubuski.ba\/wp-content\/uploads\/2022\/06\/medjugorje.jpg3_-960x640-1.jpg","articleSection":["BIH i regija"],"inLanguage":"hr"},{"@type":"WebPage","@id":"https:\/\/radioljubuski.ba\/index.php\/2022\/06\/25\/u-medugorju-izmedu-dva-brda-gospa-je-rasirila-svoje-ruke\/","url":"https:\/\/radioljubuski.ba\/index.php\/2022\/06\/25\/u-medugorju-izmedu-dva-brda-gospa-je-rasirila-svoje-ruke\/","name":"U Me\u0111ugorju, izme\u0111u dva brda, Gospa je ra\u0161irila svoje ruke - RADIO LJUBU\u0160KI","isPartOf":{"@id":"https:\/\/radioljubuski.ba\/#website"},"primaryImageOfPage":{"@id":"https:\/\/radioljubuski.ba\/index.php\/2022\/06\/25\/u-medugorju-izmedu-dva-brda-gospa-je-rasirila-svoje-ruke\/#primaryimage"},"image":{"@id":"https:\/\/radioljubuski.ba\/index.php\/2022\/06\/25\/u-medugorju-izmedu-dva-brda-gospa-je-rasirila-svoje-ruke\/#primaryimage"},"thumbnailUrl":"https:\/\/radioljubuski.ba\/wp-content\/uploads\/2022\/06\/medjugorje.jpg3_-960x640-1.jpg","datePublished":"2022-06-25T06:07:29+00:00","dateModified":"2022-06-25T06:07:48+00:00","breadcrumb":{"@id":"https:\/\/radioljubuski.ba\/index.php\/2022\/06\/25\/u-medugorju-izmedu-dva-brda-gospa-je-rasirila-svoje-ruke\/#breadcrumb"},"inLanguage":"hr","potentialAction":[{"@type":"ReadAction","target":["https:\/\/radioljubuski.ba\/index.php\/2022\/06\/25\/u-medugorju-izmedu-dva-brda-gospa-je-rasirila-svoje-ruke\/"]}]},{"@type":"ImageObject","inLanguage":"hr","@id":"https:\/\/radioljubuski.ba\/index.php\/2022\/06\/25\/u-medugorju-izmedu-dva-brda-gospa-je-rasirila-svoje-ruke\/#primaryimage","url":"https:\/\/radioljubuski.ba\/wp-content\/uploads\/2022\/06\/medjugorje.jpg3_-960x640-1.jpg","contentUrl":"https:\/\/radioljubuski.ba\/wp-content\/uploads\/2022\/06\/medjugorje.jpg3_-960x640-1.jpg","width":960,"height":640},{"@type":"BreadcrumbList","@id":"https:\/\/radioljubuski.ba\/index.php\/2022\/06\/25\/u-medugorju-izmedu-dva-brda-gospa-je-rasirila-svoje-ruke\/#breadcrumb","itemListElement":[{"@type":"ListItem","position":1,"name":"Po\u010detna stranica","item":"https:\/\/radioljubuski.ba\/"},{"@type":"ListItem","position":2,"name":"U Me\u0111ugorju, izme\u0111u dva brda, Gospa je ra\u0161irila svoje ruke"}]},{"@type":"WebSite","@id":"https:\/\/radioljubuski.ba\/#website","url":"https:\/\/radioljubuski.ba\/","name":"Radio Ljubu\u0161ki","description":"Sun\u010dana frekvencija Hercegovine","publisher":{"@id":"https:\/\/radioljubuski.ba\/#organization"},"potentialAction":[{"@type":"SearchAction","target":{"@type":"EntryPoint","urlTemplate":"https:\/\/radioljubuski.ba\/?s={search_term_string}"},"query-input":{"@type":"PropertyValueSpecification","valueRequired":true,"valueName":"search_term_string"}}],"inLanguage":"hr"},{"@type":"Organization","@id":"https:\/\/radioljubuski.ba\/#organization","name":"Radio Ljubu\u0161ki","url":"https:\/\/radioljubuski.ba\/","logo":{"@type":"ImageObject","inLanguage":"hr","@id":"https:\/\/radioljubuski.ba\/#\/schema\/logo\/image\/","url":"https:\/\/radioljubuski.ba\/wp-content\/uploads\/2021\/02\/cropped-Radio_Ljubuski_logo1.jpg","contentUrl":"https:\/\/radioljubuski.ba\/wp-content\/uploads\/2021\/02\/cropped-Radio_Ljubuski_logo1.jpg","width":512,"height":512,"caption":"Radio Ljubu\u0161ki"},"image":{"@id":"https:\/\/radioljubuski.ba\/#\/schema\/logo\/image\/"},"sameAs":["https:\/\/www.facebook.com\/Radiio-Ljubuski-1490835324566332","https:\/\/x.com\/radioljubuski","https:\/\/hr.linkedin.com\/company\/radio-ljubuski","https:\/\/www.youtube.com\/channel\/UCHYaeO_n0Db3tjNGudGpXyw"]},{"@type":"Person","@id":"https:\/\/radioljubuski.ba\/#\/schema\/person\/19fc700381a780f69665d7956c469e3b","name":"Radio Ljubu\u0161ki"}]}},"_links":{"self":[{"href":"https:\/\/radioljubuski.ba\/index.php\/wp-json\/wp\/v2\/posts\/153313","targetHints":{"allow":["GET"]}}],"collection":[{"href":"https:\/\/radioljubuski.ba\/index.php\/wp-json\/wp\/v2\/posts"}],"about":[{"href":"https:\/\/radioljubuski.ba\/index.php\/wp-json\/wp\/v2\/types\/post"}],"author":[{"embeddable":true,"href":"https:\/\/radioljubuski.ba\/index.php\/wp-json\/wp\/v2\/users\/2"}],"replies":[{"embeddable":true,"href":"https:\/\/radioljubuski.ba\/index.php\/wp-json\/wp\/v2\/comments?post=153313"}],"version-history":[{"count":2,"href":"https:\/\/radioljubuski.ba\/index.php\/wp-json\/wp\/v2\/posts\/153313\/revisions"}],"predecessor-version":[{"id":153315,"href":"https:\/\/radioljubuski.ba\/index.php\/wp-json\/wp\/v2\/posts\/153313\/revisions\/153315"}],"wp:featuredmedia":[{"embeddable":true,"href":"https:\/\/radioljubuski.ba\/index.php\/wp-json\/wp\/v2\/media\/148099"}],"wp:attachment":[{"href":"https:\/\/radioljubuski.ba\/index.php\/wp-json\/wp\/v2\/media?parent=153313"}],"wp:term":[{"taxonomy":"category","embeddable":true,"href":"https:\/\/radioljubuski.ba\/index.php\/wp-json\/wp\/v2\/categories?post=153313"},{"taxonomy":"post_tag","embeddable":true,"href":"https:\/\/radioljubuski.ba\/index.php\/wp-json\/wp\/v2\/tags?post=153313"}],"curies":[{"name":"wp","href":"https:\/\/api.w.org\/{rel}","templated":true}]}}