{"id":153353,"date":"2022-06-25T10:22:16","date_gmt":"2022-06-25T09:22:16","guid":{"rendered":"https:\/\/radioljubuski.ba\/?p=153353"},"modified":"2022-06-25T10:22:17","modified_gmt":"2022-06-25T09:22:17","slug":"kineski-predsjednik-xi-jinping-posjetit-ce-hong-kong-na-25-godisnjicu-primopredaje","status":"publish","type":"post","link":"https:\/\/radioljubuski.ba\/index.php\/2022\/06\/25\/kineski-predsjednik-xi-jinping-posjetit-ce-hong-kong-na-25-godisnjicu-primopredaje\/","title":{"rendered":"Kineski predsjednik Xi Jinping posjetit \u0107e Hong Kong na 25. godi\u0161njicu primopredaje"},"content":{"rendered":"\n<p>Kineski predsjednik Xi Jinping posjetit \u0107e Hong Kong na 25. godi\u0161njicu predaje grada kontinentalnoj Kini, izvijestila je kineska dr\u017eavna novinska agencija Xinhua.<\/p>\n\n\n\n<p>Bit \u0107e to prvi Xijev posjet izvan kontinentalne Kine od sije\u010dnja 2020. godine, nakon izbijanja pandemije koronavirusa, a nazo\u010dit \u0107e i ceremoniji inauguracije vlade Hong Konga, navodi agencija.&nbsp;<\/p>\n\n\n\n<p>Novi \u010delnik Hong Konga od 1. srpnja bit \u0107e John Lee, biv\u0161i visoko rangirani policajac koji je postao dr\u017eavni slu\u017ebenik te je nadgledao gradsku sigurnosnu politiku tijekom masovnih prodemokratskih prosvjeda 2019. godine.<\/p>\n\n\n\n<p>Hong Kong je predan Kini 1. srpnja 1997. godine, nakon 156 godina britanske kolonijalne vladavine.<\/p>\n\n\n\n<p>Izvor:pogled.ba<\/p>\n","protected":false},"excerpt":{"rendered":"<p>Kineski predsjednik Xi Jinping posjetit \u0107e Hong Kong na 25. godi\u0161njicu predaje grada kontinentalnoj Kini, izvijestila je kineska dr\u017eavna novinska agencija Xinhua. Bit \u0107e to prvi Xijev posjet izvan kontinentalne Kine od sije\u010dnja 2020. godine, nakon izbijanja pandemije koronavirusa, a nazo\u010dit \u0107e i ceremoniji inauguracije vlade Hong Konga, navodi agencija.&nbsp; Novi \u010delnik Hong Konga od [&hellip;]<\/p>\n","protected":false},"author":2,"featured_media":153354,"comment_status":"closed","ping_status":"closed","sticky":false,"template":"","format":"standard","meta":{"h5ap_radio_sources":[],"footnotes":""},"categories":[1],"tags":[],"class_list":["post-153353","post","type-post","status-publish","format-standard","has-post-thumbnail","hentry","category-bihiregija"],"yoast_head":"<!-- This site is optimized with the Yoast SEO plugin v27.4 - https:\/\/yoast.com\/product\/yoast-seo-wordpress\/ -->\n<title>Kineski predsjednik Xi Jinping posjetit \u0107e Hong Kong na 25. godi\u0161njicu primopredaje - RADIO LJUBU\u0160KI<\/title>\n<meta name=\"robots\" content=\"index, follow, max-snippet:-1, max-image-preview:large, max-video-preview:-1\" \/>\n<link rel=\"canonical\" href=\"https:\/\/radioljubuski.ba\/index.php\/2022\/06\/25\/kineski-predsjednik-xi-jinping-posjetit-ce-hong-kong-na-25-godisnjicu-primopredaje\/\" \/>\n<meta property=\"og:locale\" content=\"hr_HR\" \/>\n<meta property=\"og:type\" content=\"article\" \/>\n<meta property=\"og:title\" content=\"Kineski predsjednik Xi Jinping posjetit \u0107e Hong Kong na 25. godi\u0161njicu primopredaje - RADIO LJUBU\u0160KI\" \/>\n<meta property=\"og:description\" content=\"Kineski predsjednik Xi Jinping posjetit \u0107e Hong Kong na 25. godi\u0161njicu predaje grada kontinentalnoj Kini, izvijestila je kineska dr\u017eavna novinska agencija Xinhua. Bit \u0107e to prvi Xijev posjet izvan kontinentalne Kine od sije\u010dnja 2020. godine, nakon izbijanja pandemije koronavirusa, a nazo\u010dit \u0107e i ceremoniji inauguracije vlade Hong Konga, navodi agencija.&nbsp; Novi \u010delnik Hong Konga od [&hellip;]\" \/>\n<meta property=\"og:url\" content=\"https:\/\/radioljubuski.ba\/index.php\/2022\/06\/25\/kineski-predsjednik-xi-jinping-posjetit-ce-hong-kong-na-25-godisnjicu-primopredaje\/\" \/>\n<meta property=\"og:site_name\" content=\"RADIO LJUBU\u0160KI\" \/>\n<meta property=\"article:publisher\" content=\"https:\/\/www.facebook.com\/Radiio-Ljubuski-1490835324566332\" \/>\n<meta property=\"article:published_time\" content=\"2022-06-25T09:22:16+00:00\" \/>\n<meta property=\"article:modified_time\" content=\"2022-06-25T09:22:17+00:00\" \/>\n<meta property=\"og:image\" content=\"https:\/\/radioljubuski.ba\/wp-content\/uploads\/2022\/06\/10-2022-06-25-07-38-35-Snimka-zaslona-2022-06-25-073728.jpg\" \/>\n\t<meta property=\"og:image:width\" content=\"1000\" \/>\n\t<meta property=\"og:image:height\" content=\"625\" \/>\n\t<meta property=\"og:image:type\" content=\"image\/jpeg\" \/>\n<meta name=\"author\" content=\"Radio Ljubu\u0161ki\" \/>\n<meta name=\"twitter:card\" content=\"summary_large_image\" \/>\n<meta name=\"twitter:creator\" content=\"@radioljubuski\" \/>\n<meta name=\"twitter:site\" content=\"@radioljubuski\" \/>\n<meta name=\"twitter:label1\" content=\"Napisao\/la\" \/>\n\t<meta name=\"twitter:data1\" content=\"Radio Ljubu\u0161ki\" \/>\n\t<meta name=\"twitter:label2\" content=\"Procijenjeno vrijeme \u010ditanja\" \/>\n\t<meta name=\"twitter:data2\" content=\"1 minuta\" \/>\n<script type=\"application\/ld+json\" class=\"yoast-schema-graph\">{\"@context\":\"https:\\\/\\\/schema.org\",\"@graph\":[{\"@type\":\"Article\",\"@id\":\"https:\\\/\\\/radioljubuski.ba\\\/index.php\\\/2022\\\/06\\\/25\\\/kineski-predsjednik-xi-jinping-posjetit-ce-hong-kong-na-25-godisnjicu-primopredaje\\\/#article\",\"isPartOf\":{\"@id\":\"https:\\\/\\\/radioljubuski.ba\\\/index.php\\\/2022\\\/06\\\/25\\\/kineski-predsjednik-xi-jinping-posjetit-ce-hong-kong-na-25-godisnjicu-primopredaje\\\/\"},\"author\":{\"name\":\"Radio Ljubu\u0161ki\",\"@id\":\"https:\\\/\\\/radioljubuski.ba\\\/#\\\/schema\\\/person\\\/19fc700381a780f69665d7956c469e3b\"},\"headline\":\"Kineski predsjednik Xi Jinping posjetit \u0107e Hong Kong na 25. godi\u0161njicu primopredaje\",\"datePublished\":\"2022-06-25T09:22:16+00:00\",\"dateModified\":\"2022-06-25T09:22:17+00:00\",\"mainEntityOfPage\":{\"@id\":\"https:\\\/\\\/radioljubuski.ba\\\/index.php\\\/2022\\\/06\\\/25\\\/kineski-predsjednik-xi-jinping-posjetit-ce-hong-kong-na-25-godisnjicu-primopredaje\\\/\"},\"wordCount\":113,\"publisher\":{\"@id\":\"https:\\\/\\\/radioljubuski.ba\\\/#organization\"},\"image\":{\"@id\":\"https:\\\/\\\/radioljubuski.ba\\\/index.php\\\/2022\\\/06\\\/25\\\/kineski-predsjednik-xi-jinping-posjetit-ce-hong-kong-na-25-godisnjicu-primopredaje\\\/#primaryimage\"},\"thumbnailUrl\":\"https:\\\/\\\/radioljubuski.ba\\\/wp-content\\\/uploads\\\/2022\\\/06\\\/10-2022-06-25-07-38-35-Snimka-zaslona-2022-06-25-073728.jpg\",\"articleSection\":[\"BIH i regija\"],\"inLanguage\":\"hr\"},{\"@type\":\"WebPage\",\"@id\":\"https:\\\/\\\/radioljubuski.ba\\\/index.php\\\/2022\\\/06\\\/25\\\/kineski-predsjednik-xi-jinping-posjetit-ce-hong-kong-na-25-godisnjicu-primopredaje\\\/\",\"url\":\"https:\\\/\\\/radioljubuski.ba\\\/index.php\\\/2022\\\/06\\\/25\\\/kineski-predsjednik-xi-jinping-posjetit-ce-hong-kong-na-25-godisnjicu-primopredaje\\\/\",\"name\":\"Kineski predsjednik Xi Jinping posjetit \u0107e Hong Kong na 25. godi\u0161njicu primopredaje - RADIO LJUBU\u0160KI\",\"isPartOf\":{\"@id\":\"https:\\\/\\\/radioljubuski.ba\\\/#website\"},\"primaryImageOfPage\":{\"@id\":\"https:\\\/\\\/radioljubuski.ba\\\/index.php\\\/2022\\\/06\\\/25\\\/kineski-predsjednik-xi-jinping-posjetit-ce-hong-kong-na-25-godisnjicu-primopredaje\\\/#primaryimage\"},\"image\":{\"@id\":\"https:\\\/\\\/radioljubuski.ba\\\/index.php\\\/2022\\\/06\\\/25\\\/kineski-predsjednik-xi-jinping-posjetit-ce-hong-kong-na-25-godisnjicu-primopredaje\\\/#primaryimage\"},\"thumbnailUrl\":\"https:\\\/\\\/radioljubuski.ba\\\/wp-content\\\/uploads\\\/2022\\\/06\\\/10-2022-06-25-07-38-35-Snimka-zaslona-2022-06-25-073728.jpg\",\"datePublished\":\"2022-06-25T09:22:16+00:00\",\"dateModified\":\"2022-06-25T09:22:17+00:00\",\"breadcrumb\":{\"@id\":\"https:\\\/\\\/radioljubuski.ba\\\/index.php\\\/2022\\\/06\\\/25\\\/kineski-predsjednik-xi-jinping-posjetit-ce-hong-kong-na-25-godisnjicu-primopredaje\\\/#breadcrumb\"},\"inLanguage\":\"hr\",\"potentialAction\":[{\"@type\":\"ReadAction\",\"target\":[\"https:\\\/\\\/radioljubuski.ba\\\/index.php\\\/2022\\\/06\\\/25\\\/kineski-predsjednik-xi-jinping-posjetit-ce-hong-kong-na-25-godisnjicu-primopredaje\\\/\"]}]},{\"@type\":\"ImageObject\",\"inLanguage\":\"hr\",\"@id\":\"https:\\\/\\\/radioljubuski.ba\\\/index.php\\\/2022\\\/06\\\/25\\\/kineski-predsjednik-xi-jinping-posjetit-ce-hong-kong-na-25-godisnjicu-primopredaje\\\/#primaryimage\",\"url\":\"https:\\\/\\\/radioljubuski.ba\\\/wp-content\\\/uploads\\\/2022\\\/06\\\/10-2022-06-25-07-38-35-Snimka-zaslona-2022-06-25-073728.jpg\",\"contentUrl\":\"https:\\\/\\\/radioljubuski.ba\\\/wp-content\\\/uploads\\\/2022\\\/06\\\/10-2022-06-25-07-38-35-Snimka-zaslona-2022-06-25-073728.jpg\",\"width\":1000,\"height\":625},{\"@type\":\"BreadcrumbList\",\"@id\":\"https:\\\/\\\/radioljubuski.ba\\\/index.php\\\/2022\\\/06\\\/25\\\/kineski-predsjednik-xi-jinping-posjetit-ce-hong-kong-na-25-godisnjicu-primopredaje\\\/#breadcrumb\",\"itemListElement\":[{\"@type\":\"ListItem\",\"position\":1,\"name\":\"Po\u010detna stranica\",\"item\":\"https:\\\/\\\/radioljubuski.ba\\\/\"},{\"@type\":\"ListItem\",\"position\":2,\"name\":\"Kineski predsjednik Xi Jinping posjetit \u0107e Hong Kong na 25. godi\u0161njicu primopredaje\"}]},{\"@type\":\"WebSite\",\"@id\":\"https:\\\/\\\/radioljubuski.ba\\\/#website\",\"url\":\"https:\\\/\\\/radioljubuski.ba\\\/\",\"name\":\"Radio Ljubu\u0161ki\",\"description\":\"Sun\u010dana frekvencija Hercegovine\",\"publisher\":{\"@id\":\"https:\\\/\\\/radioljubuski.ba\\\/#organization\"},\"potentialAction\":[{\"@type\":\"SearchAction\",\"target\":{\"@type\":\"EntryPoint\",\"urlTemplate\":\"https:\\\/\\\/radioljubuski.ba\\\/?s={search_term_string}\"},\"query-input\":{\"@type\":\"PropertyValueSpecification\",\"valueRequired\":true,\"valueName\":\"search_term_string\"}}],\"inLanguage\":\"hr\"},{\"@type\":\"Organization\",\"@id\":\"https:\\\/\\\/radioljubuski.ba\\\/#organization\",\"name\":\"Radio Ljubu\u0161ki\",\"url\":\"https:\\\/\\\/radioljubuski.ba\\\/\",\"logo\":{\"@type\":\"ImageObject\",\"inLanguage\":\"hr\",\"@id\":\"https:\\\/\\\/radioljubuski.ba\\\/#\\\/schema\\\/logo\\\/image\\\/\",\"url\":\"https:\\\/\\\/radioljubuski.ba\\\/wp-content\\\/uploads\\\/2021\\\/02\\\/cropped-Radio_Ljubuski_logo1.jpg\",\"contentUrl\":\"https:\\\/\\\/radioljubuski.ba\\\/wp-content\\\/uploads\\\/2021\\\/02\\\/cropped-Radio_Ljubuski_logo1.jpg\",\"width\":512,\"height\":512,\"caption\":\"Radio Ljubu\u0161ki\"},\"image\":{\"@id\":\"https:\\\/\\\/radioljubuski.ba\\\/#\\\/schema\\\/logo\\\/image\\\/\"},\"sameAs\":[\"https:\\\/\\\/www.facebook.com\\\/Radiio-Ljubuski-1490835324566332\",\"https:\\\/\\\/x.com\\\/radioljubuski\",\"https:\\\/\\\/hr.linkedin.com\\\/company\\\/radio-ljubuski\",\"https:\\\/\\\/www.youtube.com\\\/channel\\\/UCHYaeO_n0Db3tjNGudGpXyw\"]},{\"@type\":\"Person\",\"@id\":\"https:\\\/\\\/radioljubuski.ba\\\/#\\\/schema\\\/person\\\/19fc700381a780f69665d7956c469e3b\",\"name\":\"Radio Ljubu\u0161ki\"}]}<\/script>\n<!-- \/ Yoast SEO plugin. -->","yoast_head_json":{"title":"Kineski predsjednik Xi Jinping posjetit \u0107e Hong Kong na 25. godi\u0161njicu primopredaje - RADIO LJUBU\u0160KI","robots":{"index":"index","follow":"follow","max-snippet":"max-snippet:-1","max-image-preview":"max-image-preview:large","max-video-preview":"max-video-preview:-1"},"canonical":"https:\/\/radioljubuski.ba\/index.php\/2022\/06\/25\/kineski-predsjednik-xi-jinping-posjetit-ce-hong-kong-na-25-godisnjicu-primopredaje\/","og_locale":"hr_HR","og_type":"article","og_title":"Kineski predsjednik Xi Jinping posjetit \u0107e Hong Kong na 25. godi\u0161njicu primopredaje - RADIO LJUBU\u0160KI","og_description":"Kineski predsjednik Xi Jinping posjetit \u0107e Hong Kong na 25. godi\u0161njicu predaje grada kontinentalnoj Kini, izvijestila je kineska dr\u017eavna novinska agencija Xinhua. Bit \u0107e to prvi Xijev posjet izvan kontinentalne Kine od sije\u010dnja 2020. godine, nakon izbijanja pandemije koronavirusa, a nazo\u010dit \u0107e i ceremoniji inauguracije vlade Hong Konga, navodi agencija.&nbsp; Novi \u010delnik Hong Konga od [&hellip;]","og_url":"https:\/\/radioljubuski.ba\/index.php\/2022\/06\/25\/kineski-predsjednik-xi-jinping-posjetit-ce-hong-kong-na-25-godisnjicu-primopredaje\/","og_site_name":"RADIO LJUBU\u0160KI","article_publisher":"https:\/\/www.facebook.com\/Radiio-Ljubuski-1490835324566332","article_published_time":"2022-06-25T09:22:16+00:00","article_modified_time":"2022-06-25T09:22:17+00:00","og_image":[{"width":1000,"height":625,"url":"https:\/\/radioljubuski.ba\/wp-content\/uploads\/2022\/06\/10-2022-06-25-07-38-35-Snimka-zaslona-2022-06-25-073728.jpg","type":"image\/jpeg"}],"author":"Radio Ljubu\u0161ki","twitter_card":"summary_large_image","twitter_creator":"@radioljubuski","twitter_site":"@radioljubuski","twitter_misc":{"Napisao\/la":"Radio Ljubu\u0161ki","Procijenjeno vrijeme \u010ditanja":"1 minuta"},"schema":{"@context":"https:\/\/schema.org","@graph":[{"@type":"Article","@id":"https:\/\/radioljubuski.ba\/index.php\/2022\/06\/25\/kineski-predsjednik-xi-jinping-posjetit-ce-hong-kong-na-25-godisnjicu-primopredaje\/#article","isPartOf":{"@id":"https:\/\/radioljubuski.ba\/index.php\/2022\/06\/25\/kineski-predsjednik-xi-jinping-posjetit-ce-hong-kong-na-25-godisnjicu-primopredaje\/"},"author":{"name":"Radio Ljubu\u0161ki","@id":"https:\/\/radioljubuski.ba\/#\/schema\/person\/19fc700381a780f69665d7956c469e3b"},"headline":"Kineski predsjednik Xi Jinping posjetit \u0107e Hong Kong na 25. godi\u0161njicu primopredaje","datePublished":"2022-06-25T09:22:16+00:00","dateModified":"2022-06-25T09:22:17+00:00","mainEntityOfPage":{"@id":"https:\/\/radioljubuski.ba\/index.php\/2022\/06\/25\/kineski-predsjednik-xi-jinping-posjetit-ce-hong-kong-na-25-godisnjicu-primopredaje\/"},"wordCount":113,"publisher":{"@id":"https:\/\/radioljubuski.ba\/#organization"},"image":{"@id":"https:\/\/radioljubuski.ba\/index.php\/2022\/06\/25\/kineski-predsjednik-xi-jinping-posjetit-ce-hong-kong-na-25-godisnjicu-primopredaje\/#primaryimage"},"thumbnailUrl":"https:\/\/radioljubuski.ba\/wp-content\/uploads\/2022\/06\/10-2022-06-25-07-38-35-Snimka-zaslona-2022-06-25-073728.jpg","articleSection":["BIH i regija"],"inLanguage":"hr"},{"@type":"WebPage","@id":"https:\/\/radioljubuski.ba\/index.php\/2022\/06\/25\/kineski-predsjednik-xi-jinping-posjetit-ce-hong-kong-na-25-godisnjicu-primopredaje\/","url":"https:\/\/radioljubuski.ba\/index.php\/2022\/06\/25\/kineski-predsjednik-xi-jinping-posjetit-ce-hong-kong-na-25-godisnjicu-primopredaje\/","name":"Kineski predsjednik Xi Jinping posjetit \u0107e Hong Kong na 25. godi\u0161njicu primopredaje - RADIO LJUBU\u0160KI","isPartOf":{"@id":"https:\/\/radioljubuski.ba\/#website"},"primaryImageOfPage":{"@id":"https:\/\/radioljubuski.ba\/index.php\/2022\/06\/25\/kineski-predsjednik-xi-jinping-posjetit-ce-hong-kong-na-25-godisnjicu-primopredaje\/#primaryimage"},"image":{"@id":"https:\/\/radioljubuski.ba\/index.php\/2022\/06\/25\/kineski-predsjednik-xi-jinping-posjetit-ce-hong-kong-na-25-godisnjicu-primopredaje\/#primaryimage"},"thumbnailUrl":"https:\/\/radioljubuski.ba\/wp-content\/uploads\/2022\/06\/10-2022-06-25-07-38-35-Snimka-zaslona-2022-06-25-073728.jpg","datePublished":"2022-06-25T09:22:16+00:00","dateModified":"2022-06-25T09:22:17+00:00","breadcrumb":{"@id":"https:\/\/radioljubuski.ba\/index.php\/2022\/06\/25\/kineski-predsjednik-xi-jinping-posjetit-ce-hong-kong-na-25-godisnjicu-primopredaje\/#breadcrumb"},"inLanguage":"hr","potentialAction":[{"@type":"ReadAction","target":["https:\/\/radioljubuski.ba\/index.php\/2022\/06\/25\/kineski-predsjednik-xi-jinping-posjetit-ce-hong-kong-na-25-godisnjicu-primopredaje\/"]}]},{"@type":"ImageObject","inLanguage":"hr","@id":"https:\/\/radioljubuski.ba\/index.php\/2022\/06\/25\/kineski-predsjednik-xi-jinping-posjetit-ce-hong-kong-na-25-godisnjicu-primopredaje\/#primaryimage","url":"https:\/\/radioljubuski.ba\/wp-content\/uploads\/2022\/06\/10-2022-06-25-07-38-35-Snimka-zaslona-2022-06-25-073728.jpg","contentUrl":"https:\/\/radioljubuski.ba\/wp-content\/uploads\/2022\/06\/10-2022-06-25-07-38-35-Snimka-zaslona-2022-06-25-073728.jpg","width":1000,"height":625},{"@type":"BreadcrumbList","@id":"https:\/\/radioljubuski.ba\/index.php\/2022\/06\/25\/kineski-predsjednik-xi-jinping-posjetit-ce-hong-kong-na-25-godisnjicu-primopredaje\/#breadcrumb","itemListElement":[{"@type":"ListItem","position":1,"name":"Po\u010detna stranica","item":"https:\/\/radioljubuski.ba\/"},{"@type":"ListItem","position":2,"name":"Kineski predsjednik Xi Jinping posjetit \u0107e Hong Kong na 25. godi\u0161njicu primopredaje"}]},{"@type":"WebSite","@id":"https:\/\/radioljubuski.ba\/#website","url":"https:\/\/radioljubuski.ba\/","name":"Radio Ljubu\u0161ki","description":"Sun\u010dana frekvencija Hercegovine","publisher":{"@id":"https:\/\/radioljubuski.ba\/#organization"},"potentialAction":[{"@type":"SearchAction","target":{"@type":"EntryPoint","urlTemplate":"https:\/\/radioljubuski.ba\/?s={search_term_string}"},"query-input":{"@type":"PropertyValueSpecification","valueRequired":true,"valueName":"search_term_string"}}],"inLanguage":"hr"},{"@type":"Organization","@id":"https:\/\/radioljubuski.ba\/#organization","name":"Radio Ljubu\u0161ki","url":"https:\/\/radioljubuski.ba\/","logo":{"@type":"ImageObject","inLanguage":"hr","@id":"https:\/\/radioljubuski.ba\/#\/schema\/logo\/image\/","url":"https:\/\/radioljubuski.ba\/wp-content\/uploads\/2021\/02\/cropped-Radio_Ljubuski_logo1.jpg","contentUrl":"https:\/\/radioljubuski.ba\/wp-content\/uploads\/2021\/02\/cropped-Radio_Ljubuski_logo1.jpg","width":512,"height":512,"caption":"Radio Ljubu\u0161ki"},"image":{"@id":"https:\/\/radioljubuski.ba\/#\/schema\/logo\/image\/"},"sameAs":["https:\/\/www.facebook.com\/Radiio-Ljubuski-1490835324566332","https:\/\/x.com\/radioljubuski","https:\/\/hr.linkedin.com\/company\/radio-ljubuski","https:\/\/www.youtube.com\/channel\/UCHYaeO_n0Db3tjNGudGpXyw"]},{"@type":"Person","@id":"https:\/\/radioljubuski.ba\/#\/schema\/person\/19fc700381a780f69665d7956c469e3b","name":"Radio Ljubu\u0161ki"}]}},"_links":{"self":[{"href":"https:\/\/radioljubuski.ba\/index.php\/wp-json\/wp\/v2\/posts\/153353","targetHints":{"allow":["GET"]}}],"collection":[{"href":"https:\/\/radioljubuski.ba\/index.php\/wp-json\/wp\/v2\/posts"}],"about":[{"href":"https:\/\/radioljubuski.ba\/index.php\/wp-json\/wp\/v2\/types\/post"}],"author":[{"embeddable":true,"href":"https:\/\/radioljubuski.ba\/index.php\/wp-json\/wp\/v2\/users\/2"}],"replies":[{"embeddable":true,"href":"https:\/\/radioljubuski.ba\/index.php\/wp-json\/wp\/v2\/comments?post=153353"}],"version-history":[{"count":1,"href":"https:\/\/radioljubuski.ba\/index.php\/wp-json\/wp\/v2\/posts\/153353\/revisions"}],"predecessor-version":[{"id":153355,"href":"https:\/\/radioljubuski.ba\/index.php\/wp-json\/wp\/v2\/posts\/153353\/revisions\/153355"}],"wp:featuredmedia":[{"embeddable":true,"href":"https:\/\/radioljubuski.ba\/index.php\/wp-json\/wp\/v2\/media\/153354"}],"wp:attachment":[{"href":"https:\/\/radioljubuski.ba\/index.php\/wp-json\/wp\/v2\/media?parent=153353"}],"wp:term":[{"taxonomy":"category","embeddable":true,"href":"https:\/\/radioljubuski.ba\/index.php\/wp-json\/wp\/v2\/categories?post=153353"},{"taxonomy":"post_tag","embeddable":true,"href":"https:\/\/radioljubuski.ba\/index.php\/wp-json\/wp\/v2\/tags?post=153353"}],"curies":[{"name":"wp","href":"https:\/\/api.w.org\/{rel}","templated":true}]}}