{"id":153356,"date":"2022-06-25T10:23:15","date_gmt":"2022-06-25T09:23:15","guid":{"rendered":"https:\/\/radioljubuski.ba\/?p=153356"},"modified":"2022-06-25T10:23:16","modified_gmt":"2022-06-25T09:23:16","slug":"g7-i-nato-zbijaju-redove-prema-rusiji-vazno-je-odrzati-jedinstvo","status":"publish","type":"post","link":"https:\/\/radioljubuski.ba\/index.php\/2022\/06\/25\/g7-i-nato-zbijaju-redove-prema-rusiji-vazno-je-odrzati-jedinstvo\/","title":{"rendered":"G7 i NATO zbijaju redove prema Rusiji, va\u017eno je odr\u017eati jedinstvo"},"content":{"rendered":"\n<p>Zapadni \u010delnici \u0107e na dva predstoje\u0107a klju\u010dna samita, G7 i NATO-a, nastojati \u0161to vi\u0161e zbiti redove u odnosu prema Moskvi jer bi rat u Ukrajini, kojem se ne vidi kraja, mogao dovesti u pitanje njihovo jedinstvo.<\/p>\n\n\n\n<p>\u010celnici velikih sila, me\u0111u kojima je i ameri\u010dki predsjednik&nbsp;Joe Biden, od sutra se sastaju u bavarskim Alpama na godi\u0161njem okupljanju sedam indistrijski najrazvijenijih zemalja svijeta (G7). Skupinu \u010dine SAD, Kanada, Ujedinjeno Kraljevstvo, Japan, Francuska, Italija i Njema\u010dka.<br><br>Nastavak potpore Ukrajini, \u010detiri mjeseca nakon po\u010detka ruske ofenzive, bit \u0107e u samom sredi\u0161tu tog sastanka, ali i dvodnevnog samita NATO-a koji po\u010dinje 28. lipnja u Madridu.<br><br>Kancelar&nbsp;Olaf Scholz, doma\u0107in samita G7, ovaj tjedan je podsjetio da \u0107e potpora Ukrajini zahtijevati &#8220;ustrajnost&#8221;.<br><br>&#8211; Istina je da smo jo\u0161 daleko od pregovora izme\u0111u Ukrajine i Rusije jer Putin i dalje vjeruje u mogu\u0107nost diktiranog mira, rekao je Scholz, dodaju\u0107i da je stoga jo\u0161 va\u017enije &#8220;\u010dvrsto ostati na zacrtanom smjeru, s na\u0161im sankcijama, financijskom potporom Ukrajini i koordiniranim isporukama oru\u017eja&#8221;.<br><br>Glavni tajnik NATO-a&nbsp;Jens Stoltenberg&nbsp;upozorio je da bi rat u Ukrajini mogao trajati &#8220;godinama&#8221;.<br><br>Stefan Meister&nbsp;iz njema\u010dkog istra\u017eiva\u010dkog instituta DGAP tvrdi da je ruska agresija primorala \u010dlanice G7 da shvate da su potrebne jedna drugoj jer \u0107e inflacija ili prijetnje izbijanja energetske i prehrambene krize, kao posljedice rata, dodatno staviti na ku\u0161nju otpor me\u0111unarodne zajednice. O\u010dekuje se da \u0107e \u010delnici tako\u0111er razgovarati i o &#8220;Marshallovom planu&#8221; obnove Ukrajine koji \u0107e ko\u0161tati &#8220;milijarde&#8221; i obuhvatiti &#8220;vi\u0161e generacija&#8221;.<br><br>Predsjednik Ukrajine&nbsp;Volodimir Zelenski&nbsp;\u0107e se \u010delnicima G7 obratiti video vezom i zatra\u017eiti jo\u0161 oru\u017eja, a to \u0107e u\u010diniti i na samitu NATO-a.<br><br>NATO \u0107e na samitu posebice predstaviti planove za\u0161tite svog isto\u010dnog krila, u neposrednoj blizini Rusije. To poja\u010danje pratit \u0107e novi strate\u0161ki koncept koji podrazumijeva tvr\u0111e stajali\u0161te prema Rusiji i koji po prvi puta spominje izazove koje predstavlja Kina.<br><br>Najava Ankare da \u0107e blokirati pristup \u0160vedske i Finske u NATO baca sjenu na o\u010dekivani prikaz jedinstva me\u0111u saveznicima, pi\u0161e AFP.<br><br>Agencija tako\u0111er podsje\u0107a da Berlin optu\u017euje Moskvu za smanjenje isporuka plina kako bi izazvala energetsku krizu u Europi prije zime te isti\u010de da je u tom kontekstu va\u017eno spomenuti da na G7 sudjeluju i Indonezija, Indija, Senegal, JAR i Argentina.<br><br>Thorsten Brenner, generalni direktor instituta Global Public Policy, kazao je da je &#8220;klju\u010dni zadatak uvjeriti brojne nezapadne zemlje, koje su skepti\u010dne prema sankcijama, da Zapad uzima u obzir njihove bojazni glede rasta cijena energenata kada name\u0107e sankcije&#8221;.<br><br>&#8211; G7 mora jasno dati do znanja da \u0107e zapadni svijet preuzeti svoju odgovornost prema promicanju sigurnosti hrane u ranjivim zemljama, smatra Brenner.<br><br>Indija, Senegal i JAR bile su suzdr\u017eane na glasanju o rezoluciji UN-a kojom se osu\u0111uje ruska invazija Ukrajine. Te su rastu\u0107e ekonomije posebice izlo\u017eene rizicima nesta\u0161ice hrane i klimatskih promjena.<\/p>\n\n\n\n<p>Izvor:pogled.ba<\/p>\n","protected":false},"excerpt":{"rendered":"<p>Zapadni \u010delnici \u0107e na dva predstoje\u0107a klju\u010dna samita, G7 i NATO-a, nastojati \u0161to vi\u0161e zbiti redove u odnosu prema Moskvi jer bi rat u Ukrajini, kojem se ne vidi kraja, mogao dovesti u pitanje njihovo jedinstvo. \u010celnici velikih sila, me\u0111u kojima je i ameri\u010dki predsjednik&nbsp;Joe Biden, od sutra se sastaju u bavarskim Alpama na godi\u0161njem [&hellip;]<\/p>\n","protected":false},"author":2,"featured_media":153357,"comment_status":"closed","ping_status":"closed","sticky":false,"template":"","format":"standard","meta":{"h5ap_radio_sources":[],"footnotes":""},"categories":[1],"tags":[],"class_list":["post-153356","post","type-post","status-publish","format-standard","has-post-thumbnail","hentry","category-bihiregija"],"yoast_head":"<!-- This site is optimized with the Yoast SEO plugin v27.4 - https:\/\/yoast.com\/product\/yoast-seo-wordpress\/ -->\n<title>G7 i NATO zbijaju redove prema Rusiji, va\u017eno je odr\u017eati jedinstvo - RADIO LJUBU\u0160KI<\/title>\n<meta name=\"robots\" content=\"index, follow, max-snippet:-1, max-image-preview:large, max-video-preview:-1\" \/>\n<link rel=\"canonical\" href=\"https:\/\/radioljubuski.ba\/index.php\/2022\/06\/25\/g7-i-nato-zbijaju-redove-prema-rusiji-vazno-je-odrzati-jedinstvo\/\" \/>\n<meta property=\"og:locale\" content=\"hr_HR\" \/>\n<meta property=\"og:type\" content=\"article\" \/>\n<meta property=\"og:title\" content=\"G7 i NATO zbijaju redove prema Rusiji, va\u017eno je odr\u017eati jedinstvo - RADIO LJUBU\u0160KI\" \/>\n<meta property=\"og:description\" content=\"Zapadni \u010delnici \u0107e na dva predstoje\u0107a klju\u010dna samita, G7 i NATO-a, nastojati \u0161to vi\u0161e zbiti redove u odnosu prema Moskvi jer bi rat u Ukrajini, kojem se ne vidi kraja, mogao dovesti u pitanje njihovo jedinstvo. \u010celnici velikih sila, me\u0111u kojima je i ameri\u010dki predsjednik&nbsp;Joe Biden, od sutra se sastaju u bavarskim Alpama na godi\u0161njem [&hellip;]\" \/>\n<meta property=\"og:url\" content=\"https:\/\/radioljubuski.ba\/index.php\/2022\/06\/25\/g7-i-nato-zbijaju-redove-prema-rusiji-vazno-je-odrzati-jedinstvo\/\" \/>\n<meta property=\"og:site_name\" content=\"RADIO LJUBU\u0160KI\" \/>\n<meta property=\"article:publisher\" content=\"https:\/\/www.facebook.com\/Radiio-Ljubuski-1490835324566332\" \/>\n<meta property=\"article:published_time\" content=\"2022-06-25T09:23:15+00:00\" \/>\n<meta property=\"article:modified_time\" content=\"2022-06-25T09:23:16+00:00\" \/>\n<meta property=\"og:image\" content=\"https:\/\/radioljubuski.ba\/wp-content\/uploads\/2022\/06\/10-2022-06-25-07-41-22-Snimka-zaslona-2022-06-25-074003.jpg\" \/>\n\t<meta property=\"og:image:width\" content=\"1000\" \/>\n\t<meta property=\"og:image:height\" content=\"625\" \/>\n\t<meta property=\"og:image:type\" content=\"image\/jpeg\" \/>\n<meta name=\"author\" content=\"Radio Ljubu\u0161ki\" \/>\n<meta name=\"twitter:card\" content=\"summary_large_image\" \/>\n<meta name=\"twitter:creator\" content=\"@radioljubuski\" \/>\n<meta name=\"twitter:site\" content=\"@radioljubuski\" \/>\n<meta name=\"twitter:label1\" content=\"Napisao\/la\" \/>\n\t<meta name=\"twitter:data1\" content=\"Radio Ljubu\u0161ki\" \/>\n\t<meta name=\"twitter:label2\" content=\"Procijenjeno vrijeme \u010ditanja\" \/>\n\t<meta name=\"twitter:data2\" content=\"2 minute\" \/>\n<script type=\"application\/ld+json\" class=\"yoast-schema-graph\">{\"@context\":\"https:\\\/\\\/schema.org\",\"@graph\":[{\"@type\":\"Article\",\"@id\":\"https:\\\/\\\/radioljubuski.ba\\\/index.php\\\/2022\\\/06\\\/25\\\/g7-i-nato-zbijaju-redove-prema-rusiji-vazno-je-odrzati-jedinstvo\\\/#article\",\"isPartOf\":{\"@id\":\"https:\\\/\\\/radioljubuski.ba\\\/index.php\\\/2022\\\/06\\\/25\\\/g7-i-nato-zbijaju-redove-prema-rusiji-vazno-je-odrzati-jedinstvo\\\/\"},\"author\":{\"name\":\"Radio Ljubu\u0161ki\",\"@id\":\"https:\\\/\\\/radioljubuski.ba\\\/#\\\/schema\\\/person\\\/19fc700381a780f69665d7956c469e3b\"},\"headline\":\"G7 i NATO zbijaju redove prema Rusiji, va\u017eno je odr\u017eati jedinstvo\",\"datePublished\":\"2022-06-25T09:23:15+00:00\",\"dateModified\":\"2022-06-25T09:23:16+00:00\",\"mainEntityOfPage\":{\"@id\":\"https:\\\/\\\/radioljubuski.ba\\\/index.php\\\/2022\\\/06\\\/25\\\/g7-i-nato-zbijaju-redove-prema-rusiji-vazno-je-odrzati-jedinstvo\\\/\"},\"wordCount\":526,\"publisher\":{\"@id\":\"https:\\\/\\\/radioljubuski.ba\\\/#organization\"},\"image\":{\"@id\":\"https:\\\/\\\/radioljubuski.ba\\\/index.php\\\/2022\\\/06\\\/25\\\/g7-i-nato-zbijaju-redove-prema-rusiji-vazno-je-odrzati-jedinstvo\\\/#primaryimage\"},\"thumbnailUrl\":\"https:\\\/\\\/radioljubuski.ba\\\/wp-content\\\/uploads\\\/2022\\\/06\\\/10-2022-06-25-07-41-22-Snimka-zaslona-2022-06-25-074003.jpg\",\"articleSection\":[\"BIH i regija\"],\"inLanguage\":\"hr\"},{\"@type\":\"WebPage\",\"@id\":\"https:\\\/\\\/radioljubuski.ba\\\/index.php\\\/2022\\\/06\\\/25\\\/g7-i-nato-zbijaju-redove-prema-rusiji-vazno-je-odrzati-jedinstvo\\\/\",\"url\":\"https:\\\/\\\/radioljubuski.ba\\\/index.php\\\/2022\\\/06\\\/25\\\/g7-i-nato-zbijaju-redove-prema-rusiji-vazno-je-odrzati-jedinstvo\\\/\",\"name\":\"G7 i NATO zbijaju redove prema Rusiji, va\u017eno je odr\u017eati jedinstvo - RADIO LJUBU\u0160KI\",\"isPartOf\":{\"@id\":\"https:\\\/\\\/radioljubuski.ba\\\/#website\"},\"primaryImageOfPage\":{\"@id\":\"https:\\\/\\\/radioljubuski.ba\\\/index.php\\\/2022\\\/06\\\/25\\\/g7-i-nato-zbijaju-redove-prema-rusiji-vazno-je-odrzati-jedinstvo\\\/#primaryimage\"},\"image\":{\"@id\":\"https:\\\/\\\/radioljubuski.ba\\\/index.php\\\/2022\\\/06\\\/25\\\/g7-i-nato-zbijaju-redove-prema-rusiji-vazno-je-odrzati-jedinstvo\\\/#primaryimage\"},\"thumbnailUrl\":\"https:\\\/\\\/radioljubuski.ba\\\/wp-content\\\/uploads\\\/2022\\\/06\\\/10-2022-06-25-07-41-22-Snimka-zaslona-2022-06-25-074003.jpg\",\"datePublished\":\"2022-06-25T09:23:15+00:00\",\"dateModified\":\"2022-06-25T09:23:16+00:00\",\"breadcrumb\":{\"@id\":\"https:\\\/\\\/radioljubuski.ba\\\/index.php\\\/2022\\\/06\\\/25\\\/g7-i-nato-zbijaju-redove-prema-rusiji-vazno-je-odrzati-jedinstvo\\\/#breadcrumb\"},\"inLanguage\":\"hr\",\"potentialAction\":[{\"@type\":\"ReadAction\",\"target\":[\"https:\\\/\\\/radioljubuski.ba\\\/index.php\\\/2022\\\/06\\\/25\\\/g7-i-nato-zbijaju-redove-prema-rusiji-vazno-je-odrzati-jedinstvo\\\/\"]}]},{\"@type\":\"ImageObject\",\"inLanguage\":\"hr\",\"@id\":\"https:\\\/\\\/radioljubuski.ba\\\/index.php\\\/2022\\\/06\\\/25\\\/g7-i-nato-zbijaju-redove-prema-rusiji-vazno-je-odrzati-jedinstvo\\\/#primaryimage\",\"url\":\"https:\\\/\\\/radioljubuski.ba\\\/wp-content\\\/uploads\\\/2022\\\/06\\\/10-2022-06-25-07-41-22-Snimka-zaslona-2022-06-25-074003.jpg\",\"contentUrl\":\"https:\\\/\\\/radioljubuski.ba\\\/wp-content\\\/uploads\\\/2022\\\/06\\\/10-2022-06-25-07-41-22-Snimka-zaslona-2022-06-25-074003.jpg\",\"width\":1000,\"height\":625},{\"@type\":\"BreadcrumbList\",\"@id\":\"https:\\\/\\\/radioljubuski.ba\\\/index.php\\\/2022\\\/06\\\/25\\\/g7-i-nato-zbijaju-redove-prema-rusiji-vazno-je-odrzati-jedinstvo\\\/#breadcrumb\",\"itemListElement\":[{\"@type\":\"ListItem\",\"position\":1,\"name\":\"Po\u010detna stranica\",\"item\":\"https:\\\/\\\/radioljubuski.ba\\\/\"},{\"@type\":\"ListItem\",\"position\":2,\"name\":\"G7 i NATO zbijaju redove prema Rusiji, va\u017eno je odr\u017eati jedinstvo\"}]},{\"@type\":\"WebSite\",\"@id\":\"https:\\\/\\\/radioljubuski.ba\\\/#website\",\"url\":\"https:\\\/\\\/radioljubuski.ba\\\/\",\"name\":\"Radio Ljubu\u0161ki\",\"description\":\"Sun\u010dana frekvencija Hercegovine\",\"publisher\":{\"@id\":\"https:\\\/\\\/radioljubuski.ba\\\/#organization\"},\"potentialAction\":[{\"@type\":\"SearchAction\",\"target\":{\"@type\":\"EntryPoint\",\"urlTemplate\":\"https:\\\/\\\/radioljubuski.ba\\\/?s={search_term_string}\"},\"query-input\":{\"@type\":\"PropertyValueSpecification\",\"valueRequired\":true,\"valueName\":\"search_term_string\"}}],\"inLanguage\":\"hr\"},{\"@type\":\"Organization\",\"@id\":\"https:\\\/\\\/radioljubuski.ba\\\/#organization\",\"name\":\"Radio Ljubu\u0161ki\",\"url\":\"https:\\\/\\\/radioljubuski.ba\\\/\",\"logo\":{\"@type\":\"ImageObject\",\"inLanguage\":\"hr\",\"@id\":\"https:\\\/\\\/radioljubuski.ba\\\/#\\\/schema\\\/logo\\\/image\\\/\",\"url\":\"https:\\\/\\\/radioljubuski.ba\\\/wp-content\\\/uploads\\\/2021\\\/02\\\/cropped-Radio_Ljubuski_logo1.jpg\",\"contentUrl\":\"https:\\\/\\\/radioljubuski.ba\\\/wp-content\\\/uploads\\\/2021\\\/02\\\/cropped-Radio_Ljubuski_logo1.jpg\",\"width\":512,\"height\":512,\"caption\":\"Radio Ljubu\u0161ki\"},\"image\":{\"@id\":\"https:\\\/\\\/radioljubuski.ba\\\/#\\\/schema\\\/logo\\\/image\\\/\"},\"sameAs\":[\"https:\\\/\\\/www.facebook.com\\\/Radiio-Ljubuski-1490835324566332\",\"https:\\\/\\\/x.com\\\/radioljubuski\",\"https:\\\/\\\/hr.linkedin.com\\\/company\\\/radio-ljubuski\",\"https:\\\/\\\/www.youtube.com\\\/channel\\\/UCHYaeO_n0Db3tjNGudGpXyw\"]},{\"@type\":\"Person\",\"@id\":\"https:\\\/\\\/radioljubuski.ba\\\/#\\\/schema\\\/person\\\/19fc700381a780f69665d7956c469e3b\",\"name\":\"Radio Ljubu\u0161ki\"}]}<\/script>\n<!-- \/ Yoast SEO plugin. -->","yoast_head_json":{"title":"G7 i NATO zbijaju redove prema Rusiji, va\u017eno je odr\u017eati jedinstvo - RADIO LJUBU\u0160KI","robots":{"index":"index","follow":"follow","max-snippet":"max-snippet:-1","max-image-preview":"max-image-preview:large","max-video-preview":"max-video-preview:-1"},"canonical":"https:\/\/radioljubuski.ba\/index.php\/2022\/06\/25\/g7-i-nato-zbijaju-redove-prema-rusiji-vazno-je-odrzati-jedinstvo\/","og_locale":"hr_HR","og_type":"article","og_title":"G7 i NATO zbijaju redove prema Rusiji, va\u017eno je odr\u017eati jedinstvo - RADIO LJUBU\u0160KI","og_description":"Zapadni \u010delnici \u0107e na dva predstoje\u0107a klju\u010dna samita, G7 i NATO-a, nastojati \u0161to vi\u0161e zbiti redove u odnosu prema Moskvi jer bi rat u Ukrajini, kojem se ne vidi kraja, mogao dovesti u pitanje njihovo jedinstvo. \u010celnici velikih sila, me\u0111u kojima je i ameri\u010dki predsjednik&nbsp;Joe Biden, od sutra se sastaju u bavarskim Alpama na godi\u0161njem [&hellip;]","og_url":"https:\/\/radioljubuski.ba\/index.php\/2022\/06\/25\/g7-i-nato-zbijaju-redove-prema-rusiji-vazno-je-odrzati-jedinstvo\/","og_site_name":"RADIO LJUBU\u0160KI","article_publisher":"https:\/\/www.facebook.com\/Radiio-Ljubuski-1490835324566332","article_published_time":"2022-06-25T09:23:15+00:00","article_modified_time":"2022-06-25T09:23:16+00:00","og_image":[{"width":1000,"height":625,"url":"https:\/\/radioljubuski.ba\/wp-content\/uploads\/2022\/06\/10-2022-06-25-07-41-22-Snimka-zaslona-2022-06-25-074003.jpg","type":"image\/jpeg"}],"author":"Radio Ljubu\u0161ki","twitter_card":"summary_large_image","twitter_creator":"@radioljubuski","twitter_site":"@radioljubuski","twitter_misc":{"Napisao\/la":"Radio Ljubu\u0161ki","Procijenjeno vrijeme \u010ditanja":"2 minute"},"schema":{"@context":"https:\/\/schema.org","@graph":[{"@type":"Article","@id":"https:\/\/radioljubuski.ba\/index.php\/2022\/06\/25\/g7-i-nato-zbijaju-redove-prema-rusiji-vazno-je-odrzati-jedinstvo\/#article","isPartOf":{"@id":"https:\/\/radioljubuski.ba\/index.php\/2022\/06\/25\/g7-i-nato-zbijaju-redove-prema-rusiji-vazno-je-odrzati-jedinstvo\/"},"author":{"name":"Radio Ljubu\u0161ki","@id":"https:\/\/radioljubuski.ba\/#\/schema\/person\/19fc700381a780f69665d7956c469e3b"},"headline":"G7 i NATO zbijaju redove prema Rusiji, va\u017eno je odr\u017eati jedinstvo","datePublished":"2022-06-25T09:23:15+00:00","dateModified":"2022-06-25T09:23:16+00:00","mainEntityOfPage":{"@id":"https:\/\/radioljubuski.ba\/index.php\/2022\/06\/25\/g7-i-nato-zbijaju-redove-prema-rusiji-vazno-je-odrzati-jedinstvo\/"},"wordCount":526,"publisher":{"@id":"https:\/\/radioljubuski.ba\/#organization"},"image":{"@id":"https:\/\/radioljubuski.ba\/index.php\/2022\/06\/25\/g7-i-nato-zbijaju-redove-prema-rusiji-vazno-je-odrzati-jedinstvo\/#primaryimage"},"thumbnailUrl":"https:\/\/radioljubuski.ba\/wp-content\/uploads\/2022\/06\/10-2022-06-25-07-41-22-Snimka-zaslona-2022-06-25-074003.jpg","articleSection":["BIH i regija"],"inLanguage":"hr"},{"@type":"WebPage","@id":"https:\/\/radioljubuski.ba\/index.php\/2022\/06\/25\/g7-i-nato-zbijaju-redove-prema-rusiji-vazno-je-odrzati-jedinstvo\/","url":"https:\/\/radioljubuski.ba\/index.php\/2022\/06\/25\/g7-i-nato-zbijaju-redove-prema-rusiji-vazno-je-odrzati-jedinstvo\/","name":"G7 i NATO zbijaju redove prema Rusiji, va\u017eno je odr\u017eati jedinstvo - RADIO LJUBU\u0160KI","isPartOf":{"@id":"https:\/\/radioljubuski.ba\/#website"},"primaryImageOfPage":{"@id":"https:\/\/radioljubuski.ba\/index.php\/2022\/06\/25\/g7-i-nato-zbijaju-redove-prema-rusiji-vazno-je-odrzati-jedinstvo\/#primaryimage"},"image":{"@id":"https:\/\/radioljubuski.ba\/index.php\/2022\/06\/25\/g7-i-nato-zbijaju-redove-prema-rusiji-vazno-je-odrzati-jedinstvo\/#primaryimage"},"thumbnailUrl":"https:\/\/radioljubuski.ba\/wp-content\/uploads\/2022\/06\/10-2022-06-25-07-41-22-Snimka-zaslona-2022-06-25-074003.jpg","datePublished":"2022-06-25T09:23:15+00:00","dateModified":"2022-06-25T09:23:16+00:00","breadcrumb":{"@id":"https:\/\/radioljubuski.ba\/index.php\/2022\/06\/25\/g7-i-nato-zbijaju-redove-prema-rusiji-vazno-je-odrzati-jedinstvo\/#breadcrumb"},"inLanguage":"hr","potentialAction":[{"@type":"ReadAction","target":["https:\/\/radioljubuski.ba\/index.php\/2022\/06\/25\/g7-i-nato-zbijaju-redove-prema-rusiji-vazno-je-odrzati-jedinstvo\/"]}]},{"@type":"ImageObject","inLanguage":"hr","@id":"https:\/\/radioljubuski.ba\/index.php\/2022\/06\/25\/g7-i-nato-zbijaju-redove-prema-rusiji-vazno-je-odrzati-jedinstvo\/#primaryimage","url":"https:\/\/radioljubuski.ba\/wp-content\/uploads\/2022\/06\/10-2022-06-25-07-41-22-Snimka-zaslona-2022-06-25-074003.jpg","contentUrl":"https:\/\/radioljubuski.ba\/wp-content\/uploads\/2022\/06\/10-2022-06-25-07-41-22-Snimka-zaslona-2022-06-25-074003.jpg","width":1000,"height":625},{"@type":"BreadcrumbList","@id":"https:\/\/radioljubuski.ba\/index.php\/2022\/06\/25\/g7-i-nato-zbijaju-redove-prema-rusiji-vazno-je-odrzati-jedinstvo\/#breadcrumb","itemListElement":[{"@type":"ListItem","position":1,"name":"Po\u010detna stranica","item":"https:\/\/radioljubuski.ba\/"},{"@type":"ListItem","position":2,"name":"G7 i NATO zbijaju redove prema Rusiji, va\u017eno je odr\u017eati jedinstvo"}]},{"@type":"WebSite","@id":"https:\/\/radioljubuski.ba\/#website","url":"https:\/\/radioljubuski.ba\/","name":"Radio Ljubu\u0161ki","description":"Sun\u010dana frekvencija Hercegovine","publisher":{"@id":"https:\/\/radioljubuski.ba\/#organization"},"potentialAction":[{"@type":"SearchAction","target":{"@type":"EntryPoint","urlTemplate":"https:\/\/radioljubuski.ba\/?s={search_term_string}"},"query-input":{"@type":"PropertyValueSpecification","valueRequired":true,"valueName":"search_term_string"}}],"inLanguage":"hr"},{"@type":"Organization","@id":"https:\/\/radioljubuski.ba\/#organization","name":"Radio Ljubu\u0161ki","url":"https:\/\/radioljubuski.ba\/","logo":{"@type":"ImageObject","inLanguage":"hr","@id":"https:\/\/radioljubuski.ba\/#\/schema\/logo\/image\/","url":"https:\/\/radioljubuski.ba\/wp-content\/uploads\/2021\/02\/cropped-Radio_Ljubuski_logo1.jpg","contentUrl":"https:\/\/radioljubuski.ba\/wp-content\/uploads\/2021\/02\/cropped-Radio_Ljubuski_logo1.jpg","width":512,"height":512,"caption":"Radio Ljubu\u0161ki"},"image":{"@id":"https:\/\/radioljubuski.ba\/#\/schema\/logo\/image\/"},"sameAs":["https:\/\/www.facebook.com\/Radiio-Ljubuski-1490835324566332","https:\/\/x.com\/radioljubuski","https:\/\/hr.linkedin.com\/company\/radio-ljubuski","https:\/\/www.youtube.com\/channel\/UCHYaeO_n0Db3tjNGudGpXyw"]},{"@type":"Person","@id":"https:\/\/radioljubuski.ba\/#\/schema\/person\/19fc700381a780f69665d7956c469e3b","name":"Radio Ljubu\u0161ki"}]}},"_links":{"self":[{"href":"https:\/\/radioljubuski.ba\/index.php\/wp-json\/wp\/v2\/posts\/153356","targetHints":{"allow":["GET"]}}],"collection":[{"href":"https:\/\/radioljubuski.ba\/index.php\/wp-json\/wp\/v2\/posts"}],"about":[{"href":"https:\/\/radioljubuski.ba\/index.php\/wp-json\/wp\/v2\/types\/post"}],"author":[{"embeddable":true,"href":"https:\/\/radioljubuski.ba\/index.php\/wp-json\/wp\/v2\/users\/2"}],"replies":[{"embeddable":true,"href":"https:\/\/radioljubuski.ba\/index.php\/wp-json\/wp\/v2\/comments?post=153356"}],"version-history":[{"count":1,"href":"https:\/\/radioljubuski.ba\/index.php\/wp-json\/wp\/v2\/posts\/153356\/revisions"}],"predecessor-version":[{"id":153358,"href":"https:\/\/radioljubuski.ba\/index.php\/wp-json\/wp\/v2\/posts\/153356\/revisions\/153358"}],"wp:featuredmedia":[{"embeddable":true,"href":"https:\/\/radioljubuski.ba\/index.php\/wp-json\/wp\/v2\/media\/153357"}],"wp:attachment":[{"href":"https:\/\/radioljubuski.ba\/index.php\/wp-json\/wp\/v2\/media?parent=153356"}],"wp:term":[{"taxonomy":"category","embeddable":true,"href":"https:\/\/radioljubuski.ba\/index.php\/wp-json\/wp\/v2\/categories?post=153356"},{"taxonomy":"post_tag","embeddable":true,"href":"https:\/\/radioljubuski.ba\/index.php\/wp-json\/wp\/v2\/tags?post=153356"}],"curies":[{"name":"wp","href":"https:\/\/api.w.org\/{rel}","templated":true}]}}