{"id":153365,"date":"2022-06-25T10:26:53","date_gmt":"2022-06-25T09:26:53","guid":{"rendered":"https:\/\/radioljubuski.ba\/?p=153365"},"modified":"2022-06-25T10:26:53","modified_gmt":"2022-06-25T09:26:53","slug":"pucnjava-u-norveskom-nocnom-klubu-dvoje-ubijenih-19-ozlijedenih","status":"publish","type":"post","link":"https:\/\/radioljubuski.ba\/index.php\/2022\/06\/25\/pucnjava-u-norveskom-nocnom-klubu-dvoje-ubijenih-19-ozlijedenih\/","title":{"rendered":"Pucnjava u norve\u0161kom no\u0107nom klubu: Dvoje ubijenih, 19 ozlije\u0111enih"},"content":{"rendered":"\n<p>Dvije osobe ubijene su u pucnjavi u no\u0107nom klubu u norve\u0161koj prijestolnici Oslu, objavila je policija u rano jutros.<\/p>\n\n\n\n<p>Policija je tvitala da je ozlije\u0111eno vi\u0161e osoba, a osumnji\u010deni je priveden nedugo nakon pucnjave u blizini mjesta doga\u0111aja.<\/p>\n\n\n\n<p>Sve indicije upu\u0107uju na to da je po\u010dinitelj djelovao sam, rekao je kasnije policijski glasnogovornik Tore Barstad, a prenosi NRK. Tri osobe su te\u0161ko ozlije\u0111ene, a 19 ih je dobilo lije\u010dni\u010dku pomo\u0107.<\/p>\n\n\n\n<p>NRK je objavio da postoje najmanje tri mjesta zlo\u010dina. Nije bilo informacija o potencijalnom motivu, ali incident prvotno nije klasificiran kao teroristi\u010dki. Policija nije dala podatke o dobi ili identitetu uhi\u0107enog osumnji\u010denika.<\/p>\n\n\n\n<p>Osumnji\u010deni nije davao izjave. Policija je pretra\u017eila njegov stan, a zaplijenjena su dva komada vatrenog oru\u017eja kori\u0161tena u napadu, javlja NRK pozivaju\u0107i se na Barstada.<\/p>\n\n\n\n<p>Novinar koji je svjedo\u010dio napadu rekao je da je vidio mu\u0161karca koji je do\u0161ao na mjesto doga\u0111aja s torbom, izvadio pi\u0161tolj i po\u010deo pucati. Drugi svjedok iz no\u0107nog kluba naveo je da je izbila panika.<\/p>\n\n\n\n<p>Napad se dogodio u no\u0107nom klubu London Pub, gay klubu u popularnoj ulici u Oslu, objavio je list Aftenposten.<\/p>\n\n\n\n<p>Policiji su pomogli civil da uhiti osumnji\u010denog, izvje\u0161tavaju novine pozivaju\u0107i se na policiju.<\/p>\n\n\n\n<p>Policija istra\u017euje ho\u0107e li incident imati utjecaja na povorku ponosa u Oslu koja bi se trebala odr\u017eati u subotu.<\/p>\n\n\n\n<p>Izvor:index.hr<\/p>\n","protected":false},"excerpt":{"rendered":"<p>Dvije osobe ubijene su u pucnjavi u no\u0107nom klubu u norve\u0161koj prijestolnici Oslu, objavila je policija u rano jutros. Policija je tvitala da je ozlije\u0111eno vi\u0161e osoba, a osumnji\u010deni je priveden nedugo nakon pucnjave u blizini mjesta doga\u0111aja. Sve indicije upu\u0107uju na to da je po\u010dinitelj djelovao sam, rekao je kasnije policijski glasnogovornik Tore Barstad, [&hellip;]<\/p>\n","protected":false},"author":2,"featured_media":153366,"comment_status":"closed","ping_status":"closed","sticky":false,"template":"","format":"standard","meta":{"h5ap_radio_sources":[],"footnotes":""},"categories":[1],"tags":[],"class_list":["post-153365","post","type-post","status-publish","format-standard","has-post-thumbnail","hentry","category-bihiregija"],"yoast_head":"<!-- This site is optimized with the Yoast SEO plugin v27.4 - https:\/\/yoast.com\/product\/yoast-seo-wordpress\/ -->\n<title>Pucnjava u norve\u0161kom no\u0107nom klubu: Dvoje ubijenih, 19 ozlije\u0111enih - RADIO LJUBU\u0160KI<\/title>\n<meta name=\"robots\" content=\"index, follow, max-snippet:-1, max-image-preview:large, max-video-preview:-1\" \/>\n<link rel=\"canonical\" href=\"https:\/\/radioljubuski.ba\/index.php\/2022\/06\/25\/pucnjava-u-norveskom-nocnom-klubu-dvoje-ubijenih-19-ozlijedenih\/\" \/>\n<meta property=\"og:locale\" content=\"hr_HR\" \/>\n<meta property=\"og:type\" content=\"article\" \/>\n<meta property=\"og:title\" content=\"Pucnjava u norve\u0161kom no\u0107nom klubu: Dvoje ubijenih, 19 ozlije\u0111enih - RADIO LJUBU\u0160KI\" \/>\n<meta property=\"og:description\" content=\"Dvije osobe ubijene su u pucnjavi u no\u0107nom klubu u norve\u0161koj prijestolnici Oslu, objavila je policija u rano jutros. Policija je tvitala da je ozlije\u0111eno vi\u0161e osoba, a osumnji\u010deni je priveden nedugo nakon pucnjave u blizini mjesta doga\u0111aja. Sve indicije upu\u0107uju na to da je po\u010dinitelj djelovao sam, rekao je kasnije policijski glasnogovornik Tore Barstad, [&hellip;]\" \/>\n<meta property=\"og:url\" content=\"https:\/\/radioljubuski.ba\/index.php\/2022\/06\/25\/pucnjava-u-norveskom-nocnom-klubu-dvoje-ubijenih-19-ozlijedenih\/\" \/>\n<meta property=\"og:site_name\" content=\"RADIO LJUBU\u0160KI\" \/>\n<meta property=\"article:publisher\" content=\"https:\/\/www.facebook.com\/Radiio-Ljubuski-1490835324566332\" \/>\n<meta property=\"article:published_time\" content=\"2022-06-25T09:26:53+00:00\" \/>\n<meta property=\"og:image\" content=\"https:\/\/radioljubuski.ba\/wp-content\/uploads\/2022\/06\/10-2022-06-25-08-00-43-Snimka-zaslona-2022-06-25-075903.jpg\" \/>\n\t<meta property=\"og:image:width\" content=\"1000\" \/>\n\t<meta property=\"og:image:height\" content=\"625\" \/>\n\t<meta property=\"og:image:type\" content=\"image\/jpeg\" \/>\n<meta name=\"author\" content=\"Radio Ljubu\u0161ki\" \/>\n<meta name=\"twitter:card\" content=\"summary_large_image\" \/>\n<meta name=\"twitter:creator\" content=\"@radioljubuski\" \/>\n<meta name=\"twitter:site\" content=\"@radioljubuski\" \/>\n<meta name=\"twitter:label1\" content=\"Napisao\/la\" \/>\n\t<meta name=\"twitter:data1\" content=\"Radio Ljubu\u0161ki\" \/>\n\t<meta name=\"twitter:label2\" content=\"Procijenjeno vrijeme \u010ditanja\" \/>\n\t<meta name=\"twitter:data2\" content=\"1 minuta\" \/>\n<script type=\"application\/ld+json\" class=\"yoast-schema-graph\">{\"@context\":\"https:\\\/\\\/schema.org\",\"@graph\":[{\"@type\":\"Article\",\"@id\":\"https:\\\/\\\/radioljubuski.ba\\\/index.php\\\/2022\\\/06\\\/25\\\/pucnjava-u-norveskom-nocnom-klubu-dvoje-ubijenih-19-ozlijedenih\\\/#article\",\"isPartOf\":{\"@id\":\"https:\\\/\\\/radioljubuski.ba\\\/index.php\\\/2022\\\/06\\\/25\\\/pucnjava-u-norveskom-nocnom-klubu-dvoje-ubijenih-19-ozlijedenih\\\/\"},\"author\":{\"name\":\"Radio Ljubu\u0161ki\",\"@id\":\"https:\\\/\\\/radioljubuski.ba\\\/#\\\/schema\\\/person\\\/19fc700381a780f69665d7956c469e3b\"},\"headline\":\"Pucnjava u norve\u0161kom no\u0107nom klubu: Dvoje ubijenih, 19 ozlije\u0111enih\",\"datePublished\":\"2022-06-25T09:26:53+00:00\",\"mainEntityOfPage\":{\"@id\":\"https:\\\/\\\/radioljubuski.ba\\\/index.php\\\/2022\\\/06\\\/25\\\/pucnjava-u-norveskom-nocnom-klubu-dvoje-ubijenih-19-ozlijedenih\\\/\"},\"wordCount\":261,\"publisher\":{\"@id\":\"https:\\\/\\\/radioljubuski.ba\\\/#organization\"},\"image\":{\"@id\":\"https:\\\/\\\/radioljubuski.ba\\\/index.php\\\/2022\\\/06\\\/25\\\/pucnjava-u-norveskom-nocnom-klubu-dvoje-ubijenih-19-ozlijedenih\\\/#primaryimage\"},\"thumbnailUrl\":\"https:\\\/\\\/radioljubuski.ba\\\/wp-content\\\/uploads\\\/2022\\\/06\\\/10-2022-06-25-08-00-43-Snimka-zaslona-2022-06-25-075903.jpg\",\"articleSection\":[\"BIH i regija\"],\"inLanguage\":\"hr\"},{\"@type\":\"WebPage\",\"@id\":\"https:\\\/\\\/radioljubuski.ba\\\/index.php\\\/2022\\\/06\\\/25\\\/pucnjava-u-norveskom-nocnom-klubu-dvoje-ubijenih-19-ozlijedenih\\\/\",\"url\":\"https:\\\/\\\/radioljubuski.ba\\\/index.php\\\/2022\\\/06\\\/25\\\/pucnjava-u-norveskom-nocnom-klubu-dvoje-ubijenih-19-ozlijedenih\\\/\",\"name\":\"Pucnjava u norve\u0161kom no\u0107nom klubu: Dvoje ubijenih, 19 ozlije\u0111enih - RADIO LJUBU\u0160KI\",\"isPartOf\":{\"@id\":\"https:\\\/\\\/radioljubuski.ba\\\/#website\"},\"primaryImageOfPage\":{\"@id\":\"https:\\\/\\\/radioljubuski.ba\\\/index.php\\\/2022\\\/06\\\/25\\\/pucnjava-u-norveskom-nocnom-klubu-dvoje-ubijenih-19-ozlijedenih\\\/#primaryimage\"},\"image\":{\"@id\":\"https:\\\/\\\/radioljubuski.ba\\\/index.php\\\/2022\\\/06\\\/25\\\/pucnjava-u-norveskom-nocnom-klubu-dvoje-ubijenih-19-ozlijedenih\\\/#primaryimage\"},\"thumbnailUrl\":\"https:\\\/\\\/radioljubuski.ba\\\/wp-content\\\/uploads\\\/2022\\\/06\\\/10-2022-06-25-08-00-43-Snimka-zaslona-2022-06-25-075903.jpg\",\"datePublished\":\"2022-06-25T09:26:53+00:00\",\"breadcrumb\":{\"@id\":\"https:\\\/\\\/radioljubuski.ba\\\/index.php\\\/2022\\\/06\\\/25\\\/pucnjava-u-norveskom-nocnom-klubu-dvoje-ubijenih-19-ozlijedenih\\\/#breadcrumb\"},\"inLanguage\":\"hr\",\"potentialAction\":[{\"@type\":\"ReadAction\",\"target\":[\"https:\\\/\\\/radioljubuski.ba\\\/index.php\\\/2022\\\/06\\\/25\\\/pucnjava-u-norveskom-nocnom-klubu-dvoje-ubijenih-19-ozlijedenih\\\/\"]}]},{\"@type\":\"ImageObject\",\"inLanguage\":\"hr\",\"@id\":\"https:\\\/\\\/radioljubuski.ba\\\/index.php\\\/2022\\\/06\\\/25\\\/pucnjava-u-norveskom-nocnom-klubu-dvoje-ubijenih-19-ozlijedenih\\\/#primaryimage\",\"url\":\"https:\\\/\\\/radioljubuski.ba\\\/wp-content\\\/uploads\\\/2022\\\/06\\\/10-2022-06-25-08-00-43-Snimka-zaslona-2022-06-25-075903.jpg\",\"contentUrl\":\"https:\\\/\\\/radioljubuski.ba\\\/wp-content\\\/uploads\\\/2022\\\/06\\\/10-2022-06-25-08-00-43-Snimka-zaslona-2022-06-25-075903.jpg\",\"width\":1000,\"height\":625},{\"@type\":\"BreadcrumbList\",\"@id\":\"https:\\\/\\\/radioljubuski.ba\\\/index.php\\\/2022\\\/06\\\/25\\\/pucnjava-u-norveskom-nocnom-klubu-dvoje-ubijenih-19-ozlijedenih\\\/#breadcrumb\",\"itemListElement\":[{\"@type\":\"ListItem\",\"position\":1,\"name\":\"Po\u010detna stranica\",\"item\":\"https:\\\/\\\/radioljubuski.ba\\\/\"},{\"@type\":\"ListItem\",\"position\":2,\"name\":\"Pucnjava u norve\u0161kom no\u0107nom klubu: Dvoje ubijenih, 19 ozlije\u0111enih\"}]},{\"@type\":\"WebSite\",\"@id\":\"https:\\\/\\\/radioljubuski.ba\\\/#website\",\"url\":\"https:\\\/\\\/radioljubuski.ba\\\/\",\"name\":\"Radio Ljubu\u0161ki\",\"description\":\"Sun\u010dana frekvencija Hercegovine\",\"publisher\":{\"@id\":\"https:\\\/\\\/radioljubuski.ba\\\/#organization\"},\"potentialAction\":[{\"@type\":\"SearchAction\",\"target\":{\"@type\":\"EntryPoint\",\"urlTemplate\":\"https:\\\/\\\/radioljubuski.ba\\\/?s={search_term_string}\"},\"query-input\":{\"@type\":\"PropertyValueSpecification\",\"valueRequired\":true,\"valueName\":\"search_term_string\"}}],\"inLanguage\":\"hr\"},{\"@type\":\"Organization\",\"@id\":\"https:\\\/\\\/radioljubuski.ba\\\/#organization\",\"name\":\"Radio Ljubu\u0161ki\",\"url\":\"https:\\\/\\\/radioljubuski.ba\\\/\",\"logo\":{\"@type\":\"ImageObject\",\"inLanguage\":\"hr\",\"@id\":\"https:\\\/\\\/radioljubuski.ba\\\/#\\\/schema\\\/logo\\\/image\\\/\",\"url\":\"https:\\\/\\\/radioljubuski.ba\\\/wp-content\\\/uploads\\\/2021\\\/02\\\/cropped-Radio_Ljubuski_logo1.jpg\",\"contentUrl\":\"https:\\\/\\\/radioljubuski.ba\\\/wp-content\\\/uploads\\\/2021\\\/02\\\/cropped-Radio_Ljubuski_logo1.jpg\",\"width\":512,\"height\":512,\"caption\":\"Radio Ljubu\u0161ki\"},\"image\":{\"@id\":\"https:\\\/\\\/radioljubuski.ba\\\/#\\\/schema\\\/logo\\\/image\\\/\"},\"sameAs\":[\"https:\\\/\\\/www.facebook.com\\\/Radiio-Ljubuski-1490835324566332\",\"https:\\\/\\\/x.com\\\/radioljubuski\",\"https:\\\/\\\/hr.linkedin.com\\\/company\\\/radio-ljubuski\",\"https:\\\/\\\/www.youtube.com\\\/channel\\\/UCHYaeO_n0Db3tjNGudGpXyw\"]},{\"@type\":\"Person\",\"@id\":\"https:\\\/\\\/radioljubuski.ba\\\/#\\\/schema\\\/person\\\/19fc700381a780f69665d7956c469e3b\",\"name\":\"Radio Ljubu\u0161ki\"}]}<\/script>\n<!-- \/ Yoast SEO plugin. -->","yoast_head_json":{"title":"Pucnjava u norve\u0161kom no\u0107nom klubu: Dvoje ubijenih, 19 ozlije\u0111enih - RADIO LJUBU\u0160KI","robots":{"index":"index","follow":"follow","max-snippet":"max-snippet:-1","max-image-preview":"max-image-preview:large","max-video-preview":"max-video-preview:-1"},"canonical":"https:\/\/radioljubuski.ba\/index.php\/2022\/06\/25\/pucnjava-u-norveskom-nocnom-klubu-dvoje-ubijenih-19-ozlijedenih\/","og_locale":"hr_HR","og_type":"article","og_title":"Pucnjava u norve\u0161kom no\u0107nom klubu: Dvoje ubijenih, 19 ozlije\u0111enih - RADIO LJUBU\u0160KI","og_description":"Dvije osobe ubijene su u pucnjavi u no\u0107nom klubu u norve\u0161koj prijestolnici Oslu, objavila je policija u rano jutros. Policija je tvitala da je ozlije\u0111eno vi\u0161e osoba, a osumnji\u010deni je priveden nedugo nakon pucnjave u blizini mjesta doga\u0111aja. Sve indicije upu\u0107uju na to da je po\u010dinitelj djelovao sam, rekao je kasnije policijski glasnogovornik Tore Barstad, [&hellip;]","og_url":"https:\/\/radioljubuski.ba\/index.php\/2022\/06\/25\/pucnjava-u-norveskom-nocnom-klubu-dvoje-ubijenih-19-ozlijedenih\/","og_site_name":"RADIO LJUBU\u0160KI","article_publisher":"https:\/\/www.facebook.com\/Radiio-Ljubuski-1490835324566332","article_published_time":"2022-06-25T09:26:53+00:00","og_image":[{"width":1000,"height":625,"url":"https:\/\/radioljubuski.ba\/wp-content\/uploads\/2022\/06\/10-2022-06-25-08-00-43-Snimka-zaslona-2022-06-25-075903.jpg","type":"image\/jpeg"}],"author":"Radio Ljubu\u0161ki","twitter_card":"summary_large_image","twitter_creator":"@radioljubuski","twitter_site":"@radioljubuski","twitter_misc":{"Napisao\/la":"Radio Ljubu\u0161ki","Procijenjeno vrijeme \u010ditanja":"1 minuta"},"schema":{"@context":"https:\/\/schema.org","@graph":[{"@type":"Article","@id":"https:\/\/radioljubuski.ba\/index.php\/2022\/06\/25\/pucnjava-u-norveskom-nocnom-klubu-dvoje-ubijenih-19-ozlijedenih\/#article","isPartOf":{"@id":"https:\/\/radioljubuski.ba\/index.php\/2022\/06\/25\/pucnjava-u-norveskom-nocnom-klubu-dvoje-ubijenih-19-ozlijedenih\/"},"author":{"name":"Radio Ljubu\u0161ki","@id":"https:\/\/radioljubuski.ba\/#\/schema\/person\/19fc700381a780f69665d7956c469e3b"},"headline":"Pucnjava u norve\u0161kom no\u0107nom klubu: Dvoje ubijenih, 19 ozlije\u0111enih","datePublished":"2022-06-25T09:26:53+00:00","mainEntityOfPage":{"@id":"https:\/\/radioljubuski.ba\/index.php\/2022\/06\/25\/pucnjava-u-norveskom-nocnom-klubu-dvoje-ubijenih-19-ozlijedenih\/"},"wordCount":261,"publisher":{"@id":"https:\/\/radioljubuski.ba\/#organization"},"image":{"@id":"https:\/\/radioljubuski.ba\/index.php\/2022\/06\/25\/pucnjava-u-norveskom-nocnom-klubu-dvoje-ubijenih-19-ozlijedenih\/#primaryimage"},"thumbnailUrl":"https:\/\/radioljubuski.ba\/wp-content\/uploads\/2022\/06\/10-2022-06-25-08-00-43-Snimka-zaslona-2022-06-25-075903.jpg","articleSection":["BIH i regija"],"inLanguage":"hr"},{"@type":"WebPage","@id":"https:\/\/radioljubuski.ba\/index.php\/2022\/06\/25\/pucnjava-u-norveskom-nocnom-klubu-dvoje-ubijenih-19-ozlijedenih\/","url":"https:\/\/radioljubuski.ba\/index.php\/2022\/06\/25\/pucnjava-u-norveskom-nocnom-klubu-dvoje-ubijenih-19-ozlijedenih\/","name":"Pucnjava u norve\u0161kom no\u0107nom klubu: Dvoje ubijenih, 19 ozlije\u0111enih - RADIO LJUBU\u0160KI","isPartOf":{"@id":"https:\/\/radioljubuski.ba\/#website"},"primaryImageOfPage":{"@id":"https:\/\/radioljubuski.ba\/index.php\/2022\/06\/25\/pucnjava-u-norveskom-nocnom-klubu-dvoje-ubijenih-19-ozlijedenih\/#primaryimage"},"image":{"@id":"https:\/\/radioljubuski.ba\/index.php\/2022\/06\/25\/pucnjava-u-norveskom-nocnom-klubu-dvoje-ubijenih-19-ozlijedenih\/#primaryimage"},"thumbnailUrl":"https:\/\/radioljubuski.ba\/wp-content\/uploads\/2022\/06\/10-2022-06-25-08-00-43-Snimka-zaslona-2022-06-25-075903.jpg","datePublished":"2022-06-25T09:26:53+00:00","breadcrumb":{"@id":"https:\/\/radioljubuski.ba\/index.php\/2022\/06\/25\/pucnjava-u-norveskom-nocnom-klubu-dvoje-ubijenih-19-ozlijedenih\/#breadcrumb"},"inLanguage":"hr","potentialAction":[{"@type":"ReadAction","target":["https:\/\/radioljubuski.ba\/index.php\/2022\/06\/25\/pucnjava-u-norveskom-nocnom-klubu-dvoje-ubijenih-19-ozlijedenih\/"]}]},{"@type":"ImageObject","inLanguage":"hr","@id":"https:\/\/radioljubuski.ba\/index.php\/2022\/06\/25\/pucnjava-u-norveskom-nocnom-klubu-dvoje-ubijenih-19-ozlijedenih\/#primaryimage","url":"https:\/\/radioljubuski.ba\/wp-content\/uploads\/2022\/06\/10-2022-06-25-08-00-43-Snimka-zaslona-2022-06-25-075903.jpg","contentUrl":"https:\/\/radioljubuski.ba\/wp-content\/uploads\/2022\/06\/10-2022-06-25-08-00-43-Snimka-zaslona-2022-06-25-075903.jpg","width":1000,"height":625},{"@type":"BreadcrumbList","@id":"https:\/\/radioljubuski.ba\/index.php\/2022\/06\/25\/pucnjava-u-norveskom-nocnom-klubu-dvoje-ubijenih-19-ozlijedenih\/#breadcrumb","itemListElement":[{"@type":"ListItem","position":1,"name":"Po\u010detna stranica","item":"https:\/\/radioljubuski.ba\/"},{"@type":"ListItem","position":2,"name":"Pucnjava u norve\u0161kom no\u0107nom klubu: Dvoje ubijenih, 19 ozlije\u0111enih"}]},{"@type":"WebSite","@id":"https:\/\/radioljubuski.ba\/#website","url":"https:\/\/radioljubuski.ba\/","name":"Radio Ljubu\u0161ki","description":"Sun\u010dana frekvencija Hercegovine","publisher":{"@id":"https:\/\/radioljubuski.ba\/#organization"},"potentialAction":[{"@type":"SearchAction","target":{"@type":"EntryPoint","urlTemplate":"https:\/\/radioljubuski.ba\/?s={search_term_string}"},"query-input":{"@type":"PropertyValueSpecification","valueRequired":true,"valueName":"search_term_string"}}],"inLanguage":"hr"},{"@type":"Organization","@id":"https:\/\/radioljubuski.ba\/#organization","name":"Radio Ljubu\u0161ki","url":"https:\/\/radioljubuski.ba\/","logo":{"@type":"ImageObject","inLanguage":"hr","@id":"https:\/\/radioljubuski.ba\/#\/schema\/logo\/image\/","url":"https:\/\/radioljubuski.ba\/wp-content\/uploads\/2021\/02\/cropped-Radio_Ljubuski_logo1.jpg","contentUrl":"https:\/\/radioljubuski.ba\/wp-content\/uploads\/2021\/02\/cropped-Radio_Ljubuski_logo1.jpg","width":512,"height":512,"caption":"Radio Ljubu\u0161ki"},"image":{"@id":"https:\/\/radioljubuski.ba\/#\/schema\/logo\/image\/"},"sameAs":["https:\/\/www.facebook.com\/Radiio-Ljubuski-1490835324566332","https:\/\/x.com\/radioljubuski","https:\/\/hr.linkedin.com\/company\/radio-ljubuski","https:\/\/www.youtube.com\/channel\/UCHYaeO_n0Db3tjNGudGpXyw"]},{"@type":"Person","@id":"https:\/\/radioljubuski.ba\/#\/schema\/person\/19fc700381a780f69665d7956c469e3b","name":"Radio Ljubu\u0161ki"}]}},"_links":{"self":[{"href":"https:\/\/radioljubuski.ba\/index.php\/wp-json\/wp\/v2\/posts\/153365","targetHints":{"allow":["GET"]}}],"collection":[{"href":"https:\/\/radioljubuski.ba\/index.php\/wp-json\/wp\/v2\/posts"}],"about":[{"href":"https:\/\/radioljubuski.ba\/index.php\/wp-json\/wp\/v2\/types\/post"}],"author":[{"embeddable":true,"href":"https:\/\/radioljubuski.ba\/index.php\/wp-json\/wp\/v2\/users\/2"}],"replies":[{"embeddable":true,"href":"https:\/\/radioljubuski.ba\/index.php\/wp-json\/wp\/v2\/comments?post=153365"}],"version-history":[{"count":1,"href":"https:\/\/radioljubuski.ba\/index.php\/wp-json\/wp\/v2\/posts\/153365\/revisions"}],"predecessor-version":[{"id":153367,"href":"https:\/\/radioljubuski.ba\/index.php\/wp-json\/wp\/v2\/posts\/153365\/revisions\/153367"}],"wp:featuredmedia":[{"embeddable":true,"href":"https:\/\/radioljubuski.ba\/index.php\/wp-json\/wp\/v2\/media\/153366"}],"wp:attachment":[{"href":"https:\/\/radioljubuski.ba\/index.php\/wp-json\/wp\/v2\/media?parent=153365"}],"wp:term":[{"taxonomy":"category","embeddable":true,"href":"https:\/\/radioljubuski.ba\/index.php\/wp-json\/wp\/v2\/categories?post=153365"},{"taxonomy":"post_tag","embeddable":true,"href":"https:\/\/radioljubuski.ba\/index.php\/wp-json\/wp\/v2\/tags?post=153365"}],"curies":[{"name":"wp","href":"https:\/\/api.w.org\/{rel}","templated":true}]}}