{"id":153373,"date":"2022-06-25T10:30:37","date_gmt":"2022-06-25T09:30:37","guid":{"rendered":"https:\/\/radioljubuski.ba\/?p=153373"},"modified":"2022-06-25T10:30:38","modified_gmt":"2022-06-25T09:30:38","slug":"41-obljetnica-gospina-ukazanja-u-medugorju-s-krunicom-se-mogu-i-ratovi-zaustaviti","status":"publish","type":"post","link":"https:\/\/radioljubuski.ba\/index.php\/2022\/06\/25\/41-obljetnica-gospina-ukazanja-u-medugorju-s-krunicom-se-mogu-i-ratovi-zaustaviti\/","title":{"rendered":"41. obljetnica Gospina ukazanja u Me\u0111ugorju: S krunicom se mogu i ratovi zaustaviti"},"content":{"rendered":"\n<p>Proslava 41. obljetnice Gospina ukazanja u Me\u0111ugorju po\u010dela je u petak ujutro, na blagdan sv. Ivana Krstitelja, tradicionalnom me\u0111unarodnom Hodnjom mira od Samostana sv. Ante na Humcu do \u017eupne crkve sv. Jakova u Me\u0111ugorju. Hodnja je po\u010dela molitvom i blagoslovom hodo\u010dasnika ispred sveti\u0161ta sv. Ante oko 6 sati ujutro. Vi\u0161e tisu\u0107a hodo\u010dasnika sa svih strana svijeta je nakon gotovo \u010detiri sata pje\u0161a\u010denja, hodo\u010da\u0161\u0107enja s kri\u017eem, molitvom, pjesmom u \u010dast Kraljici Mira stiglo u Me\u0111ugorje. Hodo\u010dasni\u010dke skupine nosile su i brojne Gospine slike te kipove, zastave svojih zemalja i gradova.<\/p>\n\n\n\n<p>Vi\u0161e Ukrajinaca nosilo je plakate s natpisom &#8220;Molite za Ukrajinu&#8221;. Me\u0111u mno\u0161tvom koje je hodilo petnaestak kilometara bili su i brojni sve\u0107enici predvo\u0111eni me\u0111ugorskim \u017eupnikom fra Marinkom \u0160akotom i vidiocem Ivanom Dragi\u010devi\u0107em. Kad je kolona stigla ispred \u017eupne crkve sv. Jakova, zavr\u0161nom obredu blagoslova s Presvetim pridru\u017eili su se i hodo\u010dasnici pristigli iz domovine i inozemstva. Tijekom cijelog dana za hodo\u010dasnike iz raznih zemalja slu\u017eene su svete mise. Na subotnjoj (25. lipnja) sredi\u0161njoj proslavi 41. obljetnice Gospina ukazanja u Me\u0111ugorju o\u010dekuje se vi\u0161e desetaka tisu\u0107a hodo\u010dasnika. Tako\u0111er se o\u010dekuje da \u0107e tisu\u0107e hodo\u010dasnika iz brojnih mjesta Hercegovine, ju\u017ene Dalmacije i dijela Bosne pje\u0161ice do\u0107i u me\u0111ugorsko mjesto molitve i pomirenja. Sredi\u0161nje misno slavlje na uo\u010dnicu Gospina ukazanja predslavio je fra Ljubo Kurtovi\u0107, huma\u010dki \u017eupnik.<\/p>\n\n\n\n<p>Ina\u010de, prva Hodnja mira odr\u017eana je 1992. godine, u vrijeme Domovinskog rata, kada se inozemni hodo\u010dasnici nisu usu\u0111ivali do\u0107i u Me\u0111ugorje. Me\u0111ugorski hodo\u010dasnik i tvorac ideje o Hodnji mira Hubert Liebherr sa skupinom prijatelja iz Me\u0111ugorja, Europe i svijeta smatrao je kako je nedopustivo da Me\u0111ugorje bude zatvoreno za sve one koji \u017eele moliti za mir.<\/p>\n\n\n\n<p>&#8211; Gospa je ovdje u Me\u0111ugorju rekla: &#8220;S krunicom se mogu i ratovi zaustaviti&#8221;. To je bio po\u010detak, tu je nastala ideja. Ljudi su bili zapanjeni &#8211; kako je mogu\u0107e da se pred o\u010dima svijeta takvo ne\u0161to dopu\u0161ta? I dogovorili smo: hodat \u0107emo, mole\u0107i krunicu, prema Me\u0111ugorju &#8211; kazao je Liebherr o samoj organizaciji Hodnje mira.<\/p>\n\n\n\n<p>Me\u0111unarodna hodnja mira organizirana je i uz veliku potporu fra Slavka Barbari\u0107a.<\/p>\n\n\n\n<p>Me\u0111ugorski \u017eupnik fra Marinko \u0160akota, najavljuju\u0107i program proslave 41. obljetnice ukazanja Kraljice Mira, kazao je: &#8211; Molimo za mir koji je tako potreban svijetu, Ukrajini i u srcima svih ljudi &#8211; kazao je \u017eupnik. Danas (subota), na samu obljetnicu, svete mise su u 6, 7, 8, 9, 11 i sve\u010dana sveta misa 41. obljetnice ukazanja je u 19 sati, a predvodit \u0107e je novi provincijal Hercegova\u010dke franjeva\u010dke provincije fra Jozo Grbe\u0161.<\/p>\n\n\n\n<p>&#8211; I ove godine s Brda ukazanja, gdje je sve po\u010delo prije 41 godinu, kraj Gospina kipa, od 16.30 molit \u0107emo onu molitvu koju su djeca vidioci molila s Gospom, Vjerovanje, sedam O\u010dena\u0161a, Zdravomarija i Slava Ocu, te u procesiji i uz molitvu krunice krenuti prema \u017eupnoj crkvi sv. Jakova, gdje \u0107emo zajedno proslaviti 41. obljetnicu ukazanja Kraljice Mira &#8211; kazao je fra Marinko \u0160akota.<\/p>\n\n\n\n<p>Iz \u017dupnog ureda Me\u0111ugorje zamolili su voza\u010de koji \u0107e na obljetnicu prometovati cestama Hercegovine da budu pa\u017eljivi zbog brojnih pje\u0161aka hodo\u010dasnika, a sve one koji dolaze u me\u0111ugorsku \u017eupu da budu u istinskom duhovnom i molitvenom ozra\u010dju.<\/p>\n\n\n\n<p>Izvor:vecernji.ba<\/p>\n","protected":false},"excerpt":{"rendered":"<p>Proslava 41. obljetnice Gospina ukazanja u Me\u0111ugorju po\u010dela je u petak ujutro, na blagdan sv. Ivana Krstitelja, tradicionalnom me\u0111unarodnom Hodnjom mira od Samostana sv. Ante na Humcu do \u017eupne crkve sv. Jakova u Me\u0111ugorju. Hodnja je po\u010dela molitvom i blagoslovom hodo\u010dasnika ispred sveti\u0161ta sv. Ante oko 6 sati ujutro. Vi\u0161e tisu\u0107a hodo\u010dasnika sa svih strana [&hellip;]<\/p>\n","protected":false},"author":2,"featured_media":153374,"comment_status":"closed","ping_status":"closed","sticky":false,"template":"","format":"standard","meta":{"h5ap_radio_sources":[],"footnotes":""},"categories":[1],"tags":[],"class_list":["post-153373","post","type-post","status-publish","format-standard","has-post-thumbnail","hentry","category-bihiregija"],"yoast_head":"<!-- This site is optimized with the Yoast SEO plugin v27.4 - https:\/\/yoast.com\/product\/yoast-seo-wordpress\/ -->\n<title>41. obljetnica Gospina ukazanja u Me\u0111ugorju: S krunicom se mogu i ratovi zaustaviti - RADIO LJUBU\u0160KI<\/title>\n<meta name=\"robots\" content=\"index, follow, max-snippet:-1, max-image-preview:large, max-video-preview:-1\" \/>\n<link rel=\"canonical\" href=\"https:\/\/radioljubuski.ba\/index.php\/2022\/06\/25\/41-obljetnica-gospina-ukazanja-u-medugorju-s-krunicom-se-mogu-i-ratovi-zaustaviti\/\" \/>\n<meta property=\"og:locale\" content=\"hr_HR\" \/>\n<meta property=\"og:type\" content=\"article\" \/>\n<meta property=\"og:title\" content=\"41. obljetnica Gospina ukazanja u Me\u0111ugorju: S krunicom se mogu i ratovi zaustaviti - RADIO LJUBU\u0160KI\" \/>\n<meta property=\"og:description\" content=\"Proslava 41. obljetnice Gospina ukazanja u Me\u0111ugorju po\u010dela je u petak ujutro, na blagdan sv. Ivana Krstitelja, tradicionalnom me\u0111unarodnom Hodnjom mira od Samostana sv. Ante na Humcu do \u017eupne crkve sv. Jakova u Me\u0111ugorju. Hodnja je po\u010dela molitvom i blagoslovom hodo\u010dasnika ispred sveti\u0161ta sv. Ante oko 6 sati ujutro. Vi\u0161e tisu\u0107a hodo\u010dasnika sa svih strana [&hellip;]\" \/>\n<meta property=\"og:url\" content=\"https:\/\/radioljubuski.ba\/index.php\/2022\/06\/25\/41-obljetnica-gospina-ukazanja-u-medugorju-s-krunicom-se-mogu-i-ratovi-zaustaviti\/\" \/>\n<meta property=\"og:site_name\" content=\"RADIO LJUBU\u0160KI\" \/>\n<meta property=\"article:publisher\" content=\"https:\/\/www.facebook.com\/Radiio-Ljubuski-1490835324566332\" \/>\n<meta property=\"article:published_time\" content=\"2022-06-25T09:30:37+00:00\" \/>\n<meta property=\"article:modified_time\" content=\"2022-06-25T09:30:38+00:00\" \/>\n<meta property=\"og:image\" content=\"https:\/\/radioljubuski.ba\/wp-content\/uploads\/2022\/06\/10-2022-06-25-08-05-54-Snimka-zaslona-2022-06-25-080542.jpg\" \/>\n\t<meta property=\"og:image:width\" content=\"1000\" \/>\n\t<meta property=\"og:image:height\" content=\"625\" \/>\n\t<meta property=\"og:image:type\" content=\"image\/jpeg\" \/>\n<meta name=\"author\" content=\"Radio Ljubu\u0161ki\" \/>\n<meta name=\"twitter:card\" content=\"summary_large_image\" \/>\n<meta name=\"twitter:creator\" content=\"@radioljubuski\" \/>\n<meta name=\"twitter:site\" content=\"@radioljubuski\" \/>\n<meta name=\"twitter:label1\" content=\"Napisao\/la\" \/>\n\t<meta name=\"twitter:data1\" content=\"Radio Ljubu\u0161ki\" \/>\n\t<meta name=\"twitter:label2\" content=\"Procijenjeno vrijeme \u010ditanja\" \/>\n\t<meta name=\"twitter:data2\" content=\"3 minute\" \/>\n<script type=\"application\/ld+json\" class=\"yoast-schema-graph\">{\"@context\":\"https:\\\/\\\/schema.org\",\"@graph\":[{\"@type\":\"Article\",\"@id\":\"https:\\\/\\\/radioljubuski.ba\\\/index.php\\\/2022\\\/06\\\/25\\\/41-obljetnica-gospina-ukazanja-u-medugorju-s-krunicom-se-mogu-i-ratovi-zaustaviti\\\/#article\",\"isPartOf\":{\"@id\":\"https:\\\/\\\/radioljubuski.ba\\\/index.php\\\/2022\\\/06\\\/25\\\/41-obljetnica-gospina-ukazanja-u-medugorju-s-krunicom-se-mogu-i-ratovi-zaustaviti\\\/\"},\"author\":{\"name\":\"Radio Ljubu\u0161ki\",\"@id\":\"https:\\\/\\\/radioljubuski.ba\\\/#\\\/schema\\\/person\\\/19fc700381a780f69665d7956c469e3b\"},\"headline\":\"41. obljetnica Gospina ukazanja u Me\u0111ugorju: S krunicom se mogu i ratovi zaustaviti\",\"datePublished\":\"2022-06-25T09:30:37+00:00\",\"dateModified\":\"2022-06-25T09:30:38+00:00\",\"mainEntityOfPage\":{\"@id\":\"https:\\\/\\\/radioljubuski.ba\\\/index.php\\\/2022\\\/06\\\/25\\\/41-obljetnica-gospina-ukazanja-u-medugorju-s-krunicom-se-mogu-i-ratovi-zaustaviti\\\/\"},\"wordCount\":593,\"publisher\":{\"@id\":\"https:\\\/\\\/radioljubuski.ba\\\/#organization\"},\"image\":{\"@id\":\"https:\\\/\\\/radioljubuski.ba\\\/index.php\\\/2022\\\/06\\\/25\\\/41-obljetnica-gospina-ukazanja-u-medugorju-s-krunicom-se-mogu-i-ratovi-zaustaviti\\\/#primaryimage\"},\"thumbnailUrl\":\"https:\\\/\\\/radioljubuski.ba\\\/wp-content\\\/uploads\\\/2022\\\/06\\\/10-2022-06-25-08-05-54-Snimka-zaslona-2022-06-25-080542.jpg\",\"articleSection\":[\"BIH i regija\"],\"inLanguage\":\"hr\"},{\"@type\":\"WebPage\",\"@id\":\"https:\\\/\\\/radioljubuski.ba\\\/index.php\\\/2022\\\/06\\\/25\\\/41-obljetnica-gospina-ukazanja-u-medugorju-s-krunicom-se-mogu-i-ratovi-zaustaviti\\\/\",\"url\":\"https:\\\/\\\/radioljubuski.ba\\\/index.php\\\/2022\\\/06\\\/25\\\/41-obljetnica-gospina-ukazanja-u-medugorju-s-krunicom-se-mogu-i-ratovi-zaustaviti\\\/\",\"name\":\"41. obljetnica Gospina ukazanja u Me\u0111ugorju: S krunicom se mogu i ratovi zaustaviti - RADIO LJUBU\u0160KI\",\"isPartOf\":{\"@id\":\"https:\\\/\\\/radioljubuski.ba\\\/#website\"},\"primaryImageOfPage\":{\"@id\":\"https:\\\/\\\/radioljubuski.ba\\\/index.php\\\/2022\\\/06\\\/25\\\/41-obljetnica-gospina-ukazanja-u-medugorju-s-krunicom-se-mogu-i-ratovi-zaustaviti\\\/#primaryimage\"},\"image\":{\"@id\":\"https:\\\/\\\/radioljubuski.ba\\\/index.php\\\/2022\\\/06\\\/25\\\/41-obljetnica-gospina-ukazanja-u-medugorju-s-krunicom-se-mogu-i-ratovi-zaustaviti\\\/#primaryimage\"},\"thumbnailUrl\":\"https:\\\/\\\/radioljubuski.ba\\\/wp-content\\\/uploads\\\/2022\\\/06\\\/10-2022-06-25-08-05-54-Snimka-zaslona-2022-06-25-080542.jpg\",\"datePublished\":\"2022-06-25T09:30:37+00:00\",\"dateModified\":\"2022-06-25T09:30:38+00:00\",\"breadcrumb\":{\"@id\":\"https:\\\/\\\/radioljubuski.ba\\\/index.php\\\/2022\\\/06\\\/25\\\/41-obljetnica-gospina-ukazanja-u-medugorju-s-krunicom-se-mogu-i-ratovi-zaustaviti\\\/#breadcrumb\"},\"inLanguage\":\"hr\",\"potentialAction\":[{\"@type\":\"ReadAction\",\"target\":[\"https:\\\/\\\/radioljubuski.ba\\\/index.php\\\/2022\\\/06\\\/25\\\/41-obljetnica-gospina-ukazanja-u-medugorju-s-krunicom-se-mogu-i-ratovi-zaustaviti\\\/\"]}]},{\"@type\":\"ImageObject\",\"inLanguage\":\"hr\",\"@id\":\"https:\\\/\\\/radioljubuski.ba\\\/index.php\\\/2022\\\/06\\\/25\\\/41-obljetnica-gospina-ukazanja-u-medugorju-s-krunicom-se-mogu-i-ratovi-zaustaviti\\\/#primaryimage\",\"url\":\"https:\\\/\\\/radioljubuski.ba\\\/wp-content\\\/uploads\\\/2022\\\/06\\\/10-2022-06-25-08-05-54-Snimka-zaslona-2022-06-25-080542.jpg\",\"contentUrl\":\"https:\\\/\\\/radioljubuski.ba\\\/wp-content\\\/uploads\\\/2022\\\/06\\\/10-2022-06-25-08-05-54-Snimka-zaslona-2022-06-25-080542.jpg\",\"width\":1000,\"height\":625},{\"@type\":\"BreadcrumbList\",\"@id\":\"https:\\\/\\\/radioljubuski.ba\\\/index.php\\\/2022\\\/06\\\/25\\\/41-obljetnica-gospina-ukazanja-u-medugorju-s-krunicom-se-mogu-i-ratovi-zaustaviti\\\/#breadcrumb\",\"itemListElement\":[{\"@type\":\"ListItem\",\"position\":1,\"name\":\"Po\u010detna stranica\",\"item\":\"https:\\\/\\\/radioljubuski.ba\\\/\"},{\"@type\":\"ListItem\",\"position\":2,\"name\":\"41. obljetnica Gospina ukazanja u Me\u0111ugorju: S krunicom se mogu i ratovi zaustaviti\"}]},{\"@type\":\"WebSite\",\"@id\":\"https:\\\/\\\/radioljubuski.ba\\\/#website\",\"url\":\"https:\\\/\\\/radioljubuski.ba\\\/\",\"name\":\"Radio Ljubu\u0161ki\",\"description\":\"Sun\u010dana frekvencija Hercegovine\",\"publisher\":{\"@id\":\"https:\\\/\\\/radioljubuski.ba\\\/#organization\"},\"potentialAction\":[{\"@type\":\"SearchAction\",\"target\":{\"@type\":\"EntryPoint\",\"urlTemplate\":\"https:\\\/\\\/radioljubuski.ba\\\/?s={search_term_string}\"},\"query-input\":{\"@type\":\"PropertyValueSpecification\",\"valueRequired\":true,\"valueName\":\"search_term_string\"}}],\"inLanguage\":\"hr\"},{\"@type\":\"Organization\",\"@id\":\"https:\\\/\\\/radioljubuski.ba\\\/#organization\",\"name\":\"Radio Ljubu\u0161ki\",\"url\":\"https:\\\/\\\/radioljubuski.ba\\\/\",\"logo\":{\"@type\":\"ImageObject\",\"inLanguage\":\"hr\",\"@id\":\"https:\\\/\\\/radioljubuski.ba\\\/#\\\/schema\\\/logo\\\/image\\\/\",\"url\":\"https:\\\/\\\/radioljubuski.ba\\\/wp-content\\\/uploads\\\/2021\\\/02\\\/cropped-Radio_Ljubuski_logo1.jpg\",\"contentUrl\":\"https:\\\/\\\/radioljubuski.ba\\\/wp-content\\\/uploads\\\/2021\\\/02\\\/cropped-Radio_Ljubuski_logo1.jpg\",\"width\":512,\"height\":512,\"caption\":\"Radio Ljubu\u0161ki\"},\"image\":{\"@id\":\"https:\\\/\\\/radioljubuski.ba\\\/#\\\/schema\\\/logo\\\/image\\\/\"},\"sameAs\":[\"https:\\\/\\\/www.facebook.com\\\/Radiio-Ljubuski-1490835324566332\",\"https:\\\/\\\/x.com\\\/radioljubuski\",\"https:\\\/\\\/hr.linkedin.com\\\/company\\\/radio-ljubuski\",\"https:\\\/\\\/www.youtube.com\\\/channel\\\/UCHYaeO_n0Db3tjNGudGpXyw\"]},{\"@type\":\"Person\",\"@id\":\"https:\\\/\\\/radioljubuski.ba\\\/#\\\/schema\\\/person\\\/19fc700381a780f69665d7956c469e3b\",\"name\":\"Radio Ljubu\u0161ki\"}]}<\/script>\n<!-- \/ Yoast SEO plugin. -->","yoast_head_json":{"title":"41. obljetnica Gospina ukazanja u Me\u0111ugorju: S krunicom se mogu i ratovi zaustaviti - RADIO LJUBU\u0160KI","robots":{"index":"index","follow":"follow","max-snippet":"max-snippet:-1","max-image-preview":"max-image-preview:large","max-video-preview":"max-video-preview:-1"},"canonical":"https:\/\/radioljubuski.ba\/index.php\/2022\/06\/25\/41-obljetnica-gospina-ukazanja-u-medugorju-s-krunicom-se-mogu-i-ratovi-zaustaviti\/","og_locale":"hr_HR","og_type":"article","og_title":"41. obljetnica Gospina ukazanja u Me\u0111ugorju: S krunicom se mogu i ratovi zaustaviti - RADIO LJUBU\u0160KI","og_description":"Proslava 41. obljetnice Gospina ukazanja u Me\u0111ugorju po\u010dela je u petak ujutro, na blagdan sv. Ivana Krstitelja, tradicionalnom me\u0111unarodnom Hodnjom mira od Samostana sv. Ante na Humcu do \u017eupne crkve sv. Jakova u Me\u0111ugorju. Hodnja je po\u010dela molitvom i blagoslovom hodo\u010dasnika ispred sveti\u0161ta sv. Ante oko 6 sati ujutro. Vi\u0161e tisu\u0107a hodo\u010dasnika sa svih strana [&hellip;]","og_url":"https:\/\/radioljubuski.ba\/index.php\/2022\/06\/25\/41-obljetnica-gospina-ukazanja-u-medugorju-s-krunicom-se-mogu-i-ratovi-zaustaviti\/","og_site_name":"RADIO LJUBU\u0160KI","article_publisher":"https:\/\/www.facebook.com\/Radiio-Ljubuski-1490835324566332","article_published_time":"2022-06-25T09:30:37+00:00","article_modified_time":"2022-06-25T09:30:38+00:00","og_image":[{"width":1000,"height":625,"url":"https:\/\/radioljubuski.ba\/wp-content\/uploads\/2022\/06\/10-2022-06-25-08-05-54-Snimka-zaslona-2022-06-25-080542.jpg","type":"image\/jpeg"}],"author":"Radio Ljubu\u0161ki","twitter_card":"summary_large_image","twitter_creator":"@radioljubuski","twitter_site":"@radioljubuski","twitter_misc":{"Napisao\/la":"Radio Ljubu\u0161ki","Procijenjeno vrijeme \u010ditanja":"3 minute"},"schema":{"@context":"https:\/\/schema.org","@graph":[{"@type":"Article","@id":"https:\/\/radioljubuski.ba\/index.php\/2022\/06\/25\/41-obljetnica-gospina-ukazanja-u-medugorju-s-krunicom-se-mogu-i-ratovi-zaustaviti\/#article","isPartOf":{"@id":"https:\/\/radioljubuski.ba\/index.php\/2022\/06\/25\/41-obljetnica-gospina-ukazanja-u-medugorju-s-krunicom-se-mogu-i-ratovi-zaustaviti\/"},"author":{"name":"Radio Ljubu\u0161ki","@id":"https:\/\/radioljubuski.ba\/#\/schema\/person\/19fc700381a780f69665d7956c469e3b"},"headline":"41. obljetnica Gospina ukazanja u Me\u0111ugorju: S krunicom se mogu i ratovi zaustaviti","datePublished":"2022-06-25T09:30:37+00:00","dateModified":"2022-06-25T09:30:38+00:00","mainEntityOfPage":{"@id":"https:\/\/radioljubuski.ba\/index.php\/2022\/06\/25\/41-obljetnica-gospina-ukazanja-u-medugorju-s-krunicom-se-mogu-i-ratovi-zaustaviti\/"},"wordCount":593,"publisher":{"@id":"https:\/\/radioljubuski.ba\/#organization"},"image":{"@id":"https:\/\/radioljubuski.ba\/index.php\/2022\/06\/25\/41-obljetnica-gospina-ukazanja-u-medugorju-s-krunicom-se-mogu-i-ratovi-zaustaviti\/#primaryimage"},"thumbnailUrl":"https:\/\/radioljubuski.ba\/wp-content\/uploads\/2022\/06\/10-2022-06-25-08-05-54-Snimka-zaslona-2022-06-25-080542.jpg","articleSection":["BIH i regija"],"inLanguage":"hr"},{"@type":"WebPage","@id":"https:\/\/radioljubuski.ba\/index.php\/2022\/06\/25\/41-obljetnica-gospina-ukazanja-u-medugorju-s-krunicom-se-mogu-i-ratovi-zaustaviti\/","url":"https:\/\/radioljubuski.ba\/index.php\/2022\/06\/25\/41-obljetnica-gospina-ukazanja-u-medugorju-s-krunicom-se-mogu-i-ratovi-zaustaviti\/","name":"41. obljetnica Gospina ukazanja u Me\u0111ugorju: S krunicom se mogu i ratovi zaustaviti - RADIO LJUBU\u0160KI","isPartOf":{"@id":"https:\/\/radioljubuski.ba\/#website"},"primaryImageOfPage":{"@id":"https:\/\/radioljubuski.ba\/index.php\/2022\/06\/25\/41-obljetnica-gospina-ukazanja-u-medugorju-s-krunicom-se-mogu-i-ratovi-zaustaviti\/#primaryimage"},"image":{"@id":"https:\/\/radioljubuski.ba\/index.php\/2022\/06\/25\/41-obljetnica-gospina-ukazanja-u-medugorju-s-krunicom-se-mogu-i-ratovi-zaustaviti\/#primaryimage"},"thumbnailUrl":"https:\/\/radioljubuski.ba\/wp-content\/uploads\/2022\/06\/10-2022-06-25-08-05-54-Snimka-zaslona-2022-06-25-080542.jpg","datePublished":"2022-06-25T09:30:37+00:00","dateModified":"2022-06-25T09:30:38+00:00","breadcrumb":{"@id":"https:\/\/radioljubuski.ba\/index.php\/2022\/06\/25\/41-obljetnica-gospina-ukazanja-u-medugorju-s-krunicom-se-mogu-i-ratovi-zaustaviti\/#breadcrumb"},"inLanguage":"hr","potentialAction":[{"@type":"ReadAction","target":["https:\/\/radioljubuski.ba\/index.php\/2022\/06\/25\/41-obljetnica-gospina-ukazanja-u-medugorju-s-krunicom-se-mogu-i-ratovi-zaustaviti\/"]}]},{"@type":"ImageObject","inLanguage":"hr","@id":"https:\/\/radioljubuski.ba\/index.php\/2022\/06\/25\/41-obljetnica-gospina-ukazanja-u-medugorju-s-krunicom-se-mogu-i-ratovi-zaustaviti\/#primaryimage","url":"https:\/\/radioljubuski.ba\/wp-content\/uploads\/2022\/06\/10-2022-06-25-08-05-54-Snimka-zaslona-2022-06-25-080542.jpg","contentUrl":"https:\/\/radioljubuski.ba\/wp-content\/uploads\/2022\/06\/10-2022-06-25-08-05-54-Snimka-zaslona-2022-06-25-080542.jpg","width":1000,"height":625},{"@type":"BreadcrumbList","@id":"https:\/\/radioljubuski.ba\/index.php\/2022\/06\/25\/41-obljetnica-gospina-ukazanja-u-medugorju-s-krunicom-se-mogu-i-ratovi-zaustaviti\/#breadcrumb","itemListElement":[{"@type":"ListItem","position":1,"name":"Po\u010detna stranica","item":"https:\/\/radioljubuski.ba\/"},{"@type":"ListItem","position":2,"name":"41. obljetnica Gospina ukazanja u Me\u0111ugorju: S krunicom se mogu i ratovi zaustaviti"}]},{"@type":"WebSite","@id":"https:\/\/radioljubuski.ba\/#website","url":"https:\/\/radioljubuski.ba\/","name":"Radio Ljubu\u0161ki","description":"Sun\u010dana frekvencija Hercegovine","publisher":{"@id":"https:\/\/radioljubuski.ba\/#organization"},"potentialAction":[{"@type":"SearchAction","target":{"@type":"EntryPoint","urlTemplate":"https:\/\/radioljubuski.ba\/?s={search_term_string}"},"query-input":{"@type":"PropertyValueSpecification","valueRequired":true,"valueName":"search_term_string"}}],"inLanguage":"hr"},{"@type":"Organization","@id":"https:\/\/radioljubuski.ba\/#organization","name":"Radio Ljubu\u0161ki","url":"https:\/\/radioljubuski.ba\/","logo":{"@type":"ImageObject","inLanguage":"hr","@id":"https:\/\/radioljubuski.ba\/#\/schema\/logo\/image\/","url":"https:\/\/radioljubuski.ba\/wp-content\/uploads\/2021\/02\/cropped-Radio_Ljubuski_logo1.jpg","contentUrl":"https:\/\/radioljubuski.ba\/wp-content\/uploads\/2021\/02\/cropped-Radio_Ljubuski_logo1.jpg","width":512,"height":512,"caption":"Radio Ljubu\u0161ki"},"image":{"@id":"https:\/\/radioljubuski.ba\/#\/schema\/logo\/image\/"},"sameAs":["https:\/\/www.facebook.com\/Radiio-Ljubuski-1490835324566332","https:\/\/x.com\/radioljubuski","https:\/\/hr.linkedin.com\/company\/radio-ljubuski","https:\/\/www.youtube.com\/channel\/UCHYaeO_n0Db3tjNGudGpXyw"]},{"@type":"Person","@id":"https:\/\/radioljubuski.ba\/#\/schema\/person\/19fc700381a780f69665d7956c469e3b","name":"Radio Ljubu\u0161ki"}]}},"_links":{"self":[{"href":"https:\/\/radioljubuski.ba\/index.php\/wp-json\/wp\/v2\/posts\/153373","targetHints":{"allow":["GET"]}}],"collection":[{"href":"https:\/\/radioljubuski.ba\/index.php\/wp-json\/wp\/v2\/posts"}],"about":[{"href":"https:\/\/radioljubuski.ba\/index.php\/wp-json\/wp\/v2\/types\/post"}],"author":[{"embeddable":true,"href":"https:\/\/radioljubuski.ba\/index.php\/wp-json\/wp\/v2\/users\/2"}],"replies":[{"embeddable":true,"href":"https:\/\/radioljubuski.ba\/index.php\/wp-json\/wp\/v2\/comments?post=153373"}],"version-history":[{"count":1,"href":"https:\/\/radioljubuski.ba\/index.php\/wp-json\/wp\/v2\/posts\/153373\/revisions"}],"predecessor-version":[{"id":153375,"href":"https:\/\/radioljubuski.ba\/index.php\/wp-json\/wp\/v2\/posts\/153373\/revisions\/153375"}],"wp:featuredmedia":[{"embeddable":true,"href":"https:\/\/radioljubuski.ba\/index.php\/wp-json\/wp\/v2\/media\/153374"}],"wp:attachment":[{"href":"https:\/\/radioljubuski.ba\/index.php\/wp-json\/wp\/v2\/media?parent=153373"}],"wp:term":[{"taxonomy":"category","embeddable":true,"href":"https:\/\/radioljubuski.ba\/index.php\/wp-json\/wp\/v2\/categories?post=153373"},{"taxonomy":"post_tag","embeddable":true,"href":"https:\/\/radioljubuski.ba\/index.php\/wp-json\/wp\/v2\/tags?post=153373"}],"curies":[{"name":"wp","href":"https:\/\/api.w.org\/{rel}","templated":true}]}}