{"id":153383,"date":"2022-06-25T10:35:54","date_gmt":"2022-06-25T09:35:54","guid":{"rendered":"https:\/\/radioljubuski.ba\/?p=153383"},"modified":"2022-06-25T10:35:55","modified_gmt":"2022-06-25T09:35:55","slug":"poslusajte-kako-hrvat-razim-halkic-kupuje-zastupnike-samo-treba-reci-hocu-mito-mi-damo-hocu-ceste-mi-damo","status":"publish","type":"post","link":"https:\/\/radioljubuski.ba\/index.php\/2022\/06\/25\/poslusajte-kako-hrvat-razim-halkic-kupuje-zastupnike-samo-treba-reci-hocu-mito-mi-damo-hocu-ceste-mi-damo\/","title":{"rendered":"Poslu\u0161ajte kako \u201cHrvat\u201d Razim Halki\u0107 kupuje zastupnike: \u201cSamo treba re\u0107i \u00b4ho\u0107u mito\u00b4, mi damo, \u00b4ho\u0107u ceste\u00b4, mi damo\u2026\u201d"},"content":{"rendered":"\n<p><strong>Op\u0107inski sud u Biha\u0107u potvrdio je optu\u017enicu \u017dupanijskog tu\u017eiteljstva Unsko-sanske \u017eupanije protiv Razima Halki\u0107a zbog trgovine utjecajem, potvr\u0111eno je iz Tu\u017eiteljstva.<\/strong><\/p>\n\n\n\n<p>Razim Halki\u0107 se, naime, nakon posljednjih op\u0107ih izbora predstavio kao Hrvat kako bi tada dobio poziciju dopredsjedetalja \u017eupanijske skup\u0161tine.<\/p>\n\n\n\n<p>Kako su naveli iz Tu\u017eiteljstva US\u017d-a, Halki\u0107u se potvr\u0111enom optu\u017enicom na teret stavlja da je koriste\u0107i svoj slu\u017ebeni polo\u017eaj kao predsjedatelj Skup\u0161tine US\u017d-a i zastupnik SDP-a BiH u Skup\u0161tini US\u017d-a Zikriji Durakovi\u0107u, zastupniku u Skup\u0161tini US\u017d, usmeno ponudio i obe\u0107ao poziciju direktora JU Direkcije za ceste US\u017d-a kako bi Durakovi\u0107 u Skup\u0161tini US\u017d-a glasovao za Odluku o prora\u010dunu US\u017d-a za 2021. godinu te kako bi dalje glasao na na\u010din da podr\u017eava odluke postoje\u0107e skup\u0161tinske ve\u0107ine, prenosi Faktor.<\/p>\n\n\n\n<p>Optu\u017enica je rezultat istrage provedene nakon \u0161to su se u velja\u010di ove godine pojavile snimke telefonskih razgovora u kojim, kako se navodilo, Halki\u0107 (SDP) govori o trgovini pozicijama i mitu u zamjenu za podr\u0161ku vlasti.<\/p>\n\n\n\n<p>U tim snimkama se u kontekstu nu\u0111enja pozicija spominju oporbeni zastupnici takozvane \u201c\u010cetvorke\u201d, Vildana Alibabi\u0107 (Na\u0161a stranka), Zikrija Durakovi\u0107 (PoMAK), te neovisni zastupnici Rasim Kantarevi\u0107 i Ekrem Pro\u0161i\u0107.<\/p>\n\n\n\n<p>Na jednoj objavljenoj&nbsp;<a href=\"https:\/\/www.inmedia.ba\/wp-content\/uploads\/2022\/02\/zapis3.mp3?fbclid=IwAR1Qt4NwjWLLNFQuur-jy-cCup2CMsTey0kUuQ5YlS5ms33D439u8lKjncc\" target=\"_blank\" rel=\"noreferrer noopener\">audiosnimci<\/a>&nbsp;govori se o mitu koji bi se navodno ponudio oporbenim zastupnicima, a oni \u201cne\u0107e ni da \u010duju\u201d.<\/p>\n\n\n\n<p>\u2013 Najgore \u0161to mi trenutno od tri \u010dovjeka s kojim razgovaramo ne\u0107e nijedan, Vildana, Zikrija, Mar\u0161al, ne\u0107e Kantarevi\u0107 ni da \u010duje\u2026 Tri dana sam sjedio po \u010detiri sata s Vildanom\u2026 Samo treba jedno od tih \u010detvero da ka\u017ee \u201cho\u0107u mito\u201d, mi damo, \u201cho\u0107u ceste\u201d, mi damo \u2013 izme\u0111u ostalog se \u010duje na snimci na kojoj navodno govori Razim Halki\u0107 (SDP).<\/p>\n\n\n\n<p>Podsjetimo da je u to vrijeme SDP razgovarao s \u010detiri neovisna zastupnika o na\u010dinu deblokade Skup\u0161tine US\u017d-a. Takozvana \u010detvorka je tra\u017eila formiranje manjinske Vlade Unsko-sanske \u017eupanije, na \u0161to na kraju nisu pristali u SDP-u.<\/p>\n\n\n\n<p>Na drugoj snimci koja se u to vrijeme tako\u0111er pojavila navodno Halki\u0107 sugovorniku pri\u010da izme\u0111u ostalog da je \u201cMuri\u0107u dao zdravstvo\u201d.<\/p>\n\n\n\n<p>Halki\u0107 je nakon objave ovih snimki za Faktor kazao da nije \u010duo za tu snimku na kojoj se spominje mito, \u201cali da nikada u \u017eivotu niti je rekao niti je uzeo mito\u201d.<\/p>\n\n\n\n<p>S druge strane, iz Tu\u017eiteljstva US\u017d-a tada su potvrdili da su nakon \u0161to se audiosnimka pojavila u javnom prostoru 15. velja\u010de po slu\u017ebenoj du\u017enosti formirali predmet, u kojem \u0107e vr\u0161iti provjere, s obzirom na to da sadr\u017eaj upu\u0107uje da je po\u010dinjeno kazneno djelo.<\/p>\n\n\n\n<p>Tu\u017eiteljstvo je, po svemu sude\u0107i, nakon provjera, utvrdilo da postoji osnovana sumnja da je Halki\u0107 po\u010dinio kazneno djelo trgovine utjecajem, a \u0161to je i Sud potvr\u0111ivanjem optu\u017enice dodatno potvrdio.<\/p>\n\n\n\n<p>Iz Tu\u017eiteljstva US\u017d-a ju\u010der su priop\u0107ili da se u narednom razdoblju o\u010dekuje zakazivanje ro\u010di\u0161ta na kojem \u0107e se Halki\u0107 izjasniti o krivnji.<\/p>\n\n\n\n<p>\/HMS\/<\/p>\n","protected":false},"excerpt":{"rendered":"<p>Op\u0107inski sud u Biha\u0107u potvrdio je optu\u017enicu \u017dupanijskog tu\u017eiteljstva Unsko-sanske \u017eupanije protiv Razima Halki\u0107a zbog trgovine utjecajem, potvr\u0111eno je iz Tu\u017eiteljstva. Razim Halki\u0107 se, naime, nakon posljednjih op\u0107ih izbora predstavio kao Hrvat kako bi tada dobio poziciju dopredsjedetalja \u017eupanijske skup\u0161tine. Kako su naveli iz Tu\u017eiteljstva US\u017d-a, Halki\u0107u se potvr\u0111enom optu\u017enicom na teret stavlja da je [&hellip;]<\/p>\n","protected":false},"author":2,"featured_media":153384,"comment_status":"closed","ping_status":"closed","sticky":false,"template":"","format":"standard","meta":{"h5ap_radio_sources":[],"footnotes":""},"categories":[1],"tags":[],"class_list":["post-153383","post","type-post","status-publish","format-standard","has-post-thumbnail","hentry","category-bihiregija"],"yoast_head":"<!-- This site is optimized with the Yoast SEO plugin v27.4 - https:\/\/yoast.com\/product\/yoast-seo-wordpress\/ -->\n<title>Poslu\u0161ajte kako \u201cHrvat\u201d Razim Halki\u0107 kupuje zastupnike: \u201cSamo treba re\u0107i \u00b4ho\u0107u mito\u00b4, mi damo, \u00b4ho\u0107u ceste\u00b4, mi damo\u2026\u201d - RADIO LJUBU\u0160KI<\/title>\n<meta name=\"robots\" content=\"index, follow, max-snippet:-1, max-image-preview:large, max-video-preview:-1\" \/>\n<link rel=\"canonical\" href=\"https:\/\/radioljubuski.ba\/index.php\/2022\/06\/25\/poslusajte-kako-hrvat-razim-halkic-kupuje-zastupnike-samo-treba-reci-hocu-mito-mi-damo-hocu-ceste-mi-damo\/\" \/>\n<meta property=\"og:locale\" content=\"hr_HR\" \/>\n<meta property=\"og:type\" content=\"article\" \/>\n<meta property=\"og:title\" content=\"Poslu\u0161ajte kako \u201cHrvat\u201d Razim Halki\u0107 kupuje zastupnike: \u201cSamo treba re\u0107i \u00b4ho\u0107u mito\u00b4, mi damo, \u00b4ho\u0107u ceste\u00b4, mi damo\u2026\u201d - RADIO LJUBU\u0160KI\" \/>\n<meta property=\"og:description\" content=\"Op\u0107inski sud u Biha\u0107u potvrdio je optu\u017enicu \u017dupanijskog tu\u017eiteljstva Unsko-sanske \u017eupanije protiv Razima Halki\u0107a zbog trgovine utjecajem, potvr\u0111eno je iz Tu\u017eiteljstva. Razim Halki\u0107 se, naime, nakon posljednjih op\u0107ih izbora predstavio kao Hrvat kako bi tada dobio poziciju dopredsjedetalja \u017eupanijske skup\u0161tine. Kako su naveli iz Tu\u017eiteljstva US\u017d-a, Halki\u0107u se potvr\u0111enom optu\u017enicom na teret stavlja da je [&hellip;]\" \/>\n<meta property=\"og:url\" content=\"https:\/\/radioljubuski.ba\/index.php\/2022\/06\/25\/poslusajte-kako-hrvat-razim-halkic-kupuje-zastupnike-samo-treba-reci-hocu-mito-mi-damo-hocu-ceste-mi-damo\/\" \/>\n<meta property=\"og:site_name\" content=\"RADIO LJUBU\u0160KI\" \/>\n<meta property=\"article:publisher\" content=\"https:\/\/www.facebook.com\/Radiio-Ljubuski-1490835324566332\" \/>\n<meta property=\"article:published_time\" content=\"2022-06-25T09:35:54+00:00\" \/>\n<meta property=\"article:modified_time\" content=\"2022-06-25T09:35:55+00:00\" \/>\n<meta property=\"og:image\" content=\"https:\/\/radioljubuski.ba\/wp-content\/uploads\/2022\/06\/razim-halkic.jpg\" \/>\n\t<meta property=\"og:image:width\" content=\"826\" \/>\n\t<meta property=\"og:image:height\" content=\"474\" \/>\n\t<meta property=\"og:image:type\" content=\"image\/jpeg\" \/>\n<meta name=\"author\" content=\"Radio Ljubu\u0161ki\" \/>\n<meta name=\"twitter:card\" content=\"summary_large_image\" \/>\n<meta name=\"twitter:creator\" content=\"@radioljubuski\" \/>\n<meta name=\"twitter:site\" content=\"@radioljubuski\" \/>\n<meta name=\"twitter:label1\" content=\"Napisao\/la\" \/>\n\t<meta name=\"twitter:data1\" content=\"Radio Ljubu\u0161ki\" \/>\n\t<meta name=\"twitter:label2\" content=\"Procijenjeno vrijeme \u010ditanja\" \/>\n\t<meta name=\"twitter:data2\" content=\"2 minute\" \/>\n<script type=\"application\/ld+json\" class=\"yoast-schema-graph\">{\"@context\":\"https:\\\/\\\/schema.org\",\"@graph\":[{\"@type\":\"Article\",\"@id\":\"https:\\\/\\\/radioljubuski.ba\\\/index.php\\\/2022\\\/06\\\/25\\\/poslusajte-kako-hrvat-razim-halkic-kupuje-zastupnike-samo-treba-reci-hocu-mito-mi-damo-hocu-ceste-mi-damo\\\/#article\",\"isPartOf\":{\"@id\":\"https:\\\/\\\/radioljubuski.ba\\\/index.php\\\/2022\\\/06\\\/25\\\/poslusajte-kako-hrvat-razim-halkic-kupuje-zastupnike-samo-treba-reci-hocu-mito-mi-damo-hocu-ceste-mi-damo\\\/\"},\"author\":{\"name\":\"Radio Ljubu\u0161ki\",\"@id\":\"https:\\\/\\\/radioljubuski.ba\\\/#\\\/schema\\\/person\\\/19fc700381a780f69665d7956c469e3b\"},\"headline\":\"Poslu\u0161ajte kako \u201cHrvat\u201d Razim Halki\u0107 kupuje zastupnike: \u201cSamo treba re\u0107i \u00b4ho\u0107u mito\u00b4, mi damo, \u00b4ho\u0107u ceste\u00b4, mi damo\u2026\u201d\",\"datePublished\":\"2022-06-25T09:35:54+00:00\",\"dateModified\":\"2022-06-25T09:35:55+00:00\",\"mainEntityOfPage\":{\"@id\":\"https:\\\/\\\/radioljubuski.ba\\\/index.php\\\/2022\\\/06\\\/25\\\/poslusajte-kako-hrvat-razim-halkic-kupuje-zastupnike-samo-treba-reci-hocu-mito-mi-damo-hocu-ceste-mi-damo\\\/\"},\"wordCount\":540,\"publisher\":{\"@id\":\"https:\\\/\\\/radioljubuski.ba\\\/#organization\"},\"image\":{\"@id\":\"https:\\\/\\\/radioljubuski.ba\\\/index.php\\\/2022\\\/06\\\/25\\\/poslusajte-kako-hrvat-razim-halkic-kupuje-zastupnike-samo-treba-reci-hocu-mito-mi-damo-hocu-ceste-mi-damo\\\/#primaryimage\"},\"thumbnailUrl\":\"https:\\\/\\\/radioljubuski.ba\\\/wp-content\\\/uploads\\\/2022\\\/06\\\/razim-halkic.jpg\",\"articleSection\":[\"BIH i regija\"],\"inLanguage\":\"hr\"},{\"@type\":\"WebPage\",\"@id\":\"https:\\\/\\\/radioljubuski.ba\\\/index.php\\\/2022\\\/06\\\/25\\\/poslusajte-kako-hrvat-razim-halkic-kupuje-zastupnike-samo-treba-reci-hocu-mito-mi-damo-hocu-ceste-mi-damo\\\/\",\"url\":\"https:\\\/\\\/radioljubuski.ba\\\/index.php\\\/2022\\\/06\\\/25\\\/poslusajte-kako-hrvat-razim-halkic-kupuje-zastupnike-samo-treba-reci-hocu-mito-mi-damo-hocu-ceste-mi-damo\\\/\",\"name\":\"Poslu\u0161ajte kako \u201cHrvat\u201d Razim Halki\u0107 kupuje zastupnike: \u201cSamo treba re\u0107i \u00b4ho\u0107u mito\u00b4, mi damo, \u00b4ho\u0107u ceste\u00b4, mi damo\u2026\u201d - RADIO LJUBU\u0160KI\",\"isPartOf\":{\"@id\":\"https:\\\/\\\/radioljubuski.ba\\\/#website\"},\"primaryImageOfPage\":{\"@id\":\"https:\\\/\\\/radioljubuski.ba\\\/index.php\\\/2022\\\/06\\\/25\\\/poslusajte-kako-hrvat-razim-halkic-kupuje-zastupnike-samo-treba-reci-hocu-mito-mi-damo-hocu-ceste-mi-damo\\\/#primaryimage\"},\"image\":{\"@id\":\"https:\\\/\\\/radioljubuski.ba\\\/index.php\\\/2022\\\/06\\\/25\\\/poslusajte-kako-hrvat-razim-halkic-kupuje-zastupnike-samo-treba-reci-hocu-mito-mi-damo-hocu-ceste-mi-damo\\\/#primaryimage\"},\"thumbnailUrl\":\"https:\\\/\\\/radioljubuski.ba\\\/wp-content\\\/uploads\\\/2022\\\/06\\\/razim-halkic.jpg\",\"datePublished\":\"2022-06-25T09:35:54+00:00\",\"dateModified\":\"2022-06-25T09:35:55+00:00\",\"breadcrumb\":{\"@id\":\"https:\\\/\\\/radioljubuski.ba\\\/index.php\\\/2022\\\/06\\\/25\\\/poslusajte-kako-hrvat-razim-halkic-kupuje-zastupnike-samo-treba-reci-hocu-mito-mi-damo-hocu-ceste-mi-damo\\\/#breadcrumb\"},\"inLanguage\":\"hr\",\"potentialAction\":[{\"@type\":\"ReadAction\",\"target\":[\"https:\\\/\\\/radioljubuski.ba\\\/index.php\\\/2022\\\/06\\\/25\\\/poslusajte-kako-hrvat-razim-halkic-kupuje-zastupnike-samo-treba-reci-hocu-mito-mi-damo-hocu-ceste-mi-damo\\\/\"]}]},{\"@type\":\"ImageObject\",\"inLanguage\":\"hr\",\"@id\":\"https:\\\/\\\/radioljubuski.ba\\\/index.php\\\/2022\\\/06\\\/25\\\/poslusajte-kako-hrvat-razim-halkic-kupuje-zastupnike-samo-treba-reci-hocu-mito-mi-damo-hocu-ceste-mi-damo\\\/#primaryimage\",\"url\":\"https:\\\/\\\/radioljubuski.ba\\\/wp-content\\\/uploads\\\/2022\\\/06\\\/razim-halkic.jpg\",\"contentUrl\":\"https:\\\/\\\/radioljubuski.ba\\\/wp-content\\\/uploads\\\/2022\\\/06\\\/razim-halkic.jpg\",\"width\":826,\"height\":474},{\"@type\":\"BreadcrumbList\",\"@id\":\"https:\\\/\\\/radioljubuski.ba\\\/index.php\\\/2022\\\/06\\\/25\\\/poslusajte-kako-hrvat-razim-halkic-kupuje-zastupnike-samo-treba-reci-hocu-mito-mi-damo-hocu-ceste-mi-damo\\\/#breadcrumb\",\"itemListElement\":[{\"@type\":\"ListItem\",\"position\":1,\"name\":\"Po\u010detna stranica\",\"item\":\"https:\\\/\\\/radioljubuski.ba\\\/\"},{\"@type\":\"ListItem\",\"position\":2,\"name\":\"Poslu\u0161ajte kako \u201cHrvat\u201d Razim Halki\u0107 kupuje zastupnike: \u201cSamo treba re\u0107i \u00b4ho\u0107u mito\u00b4, mi damo, \u00b4ho\u0107u ceste\u00b4, mi damo\u2026\u201d\"}]},{\"@type\":\"WebSite\",\"@id\":\"https:\\\/\\\/radioljubuski.ba\\\/#website\",\"url\":\"https:\\\/\\\/radioljubuski.ba\\\/\",\"name\":\"Radio Ljubu\u0161ki\",\"description\":\"Sun\u010dana frekvencija Hercegovine\",\"publisher\":{\"@id\":\"https:\\\/\\\/radioljubuski.ba\\\/#organization\"},\"potentialAction\":[{\"@type\":\"SearchAction\",\"target\":{\"@type\":\"EntryPoint\",\"urlTemplate\":\"https:\\\/\\\/radioljubuski.ba\\\/?s={search_term_string}\"},\"query-input\":{\"@type\":\"PropertyValueSpecification\",\"valueRequired\":true,\"valueName\":\"search_term_string\"}}],\"inLanguage\":\"hr\"},{\"@type\":\"Organization\",\"@id\":\"https:\\\/\\\/radioljubuski.ba\\\/#organization\",\"name\":\"Radio Ljubu\u0161ki\",\"url\":\"https:\\\/\\\/radioljubuski.ba\\\/\",\"logo\":{\"@type\":\"ImageObject\",\"inLanguage\":\"hr\",\"@id\":\"https:\\\/\\\/radioljubuski.ba\\\/#\\\/schema\\\/logo\\\/image\\\/\",\"url\":\"https:\\\/\\\/radioljubuski.ba\\\/wp-content\\\/uploads\\\/2021\\\/02\\\/cropped-Radio_Ljubuski_logo1.jpg\",\"contentUrl\":\"https:\\\/\\\/radioljubuski.ba\\\/wp-content\\\/uploads\\\/2021\\\/02\\\/cropped-Radio_Ljubuski_logo1.jpg\",\"width\":512,\"height\":512,\"caption\":\"Radio Ljubu\u0161ki\"},\"image\":{\"@id\":\"https:\\\/\\\/radioljubuski.ba\\\/#\\\/schema\\\/logo\\\/image\\\/\"},\"sameAs\":[\"https:\\\/\\\/www.facebook.com\\\/Radiio-Ljubuski-1490835324566332\",\"https:\\\/\\\/x.com\\\/radioljubuski\",\"https:\\\/\\\/hr.linkedin.com\\\/company\\\/radio-ljubuski\",\"https:\\\/\\\/www.youtube.com\\\/channel\\\/UCHYaeO_n0Db3tjNGudGpXyw\"]},{\"@type\":\"Person\",\"@id\":\"https:\\\/\\\/radioljubuski.ba\\\/#\\\/schema\\\/person\\\/19fc700381a780f69665d7956c469e3b\",\"name\":\"Radio Ljubu\u0161ki\"}]}<\/script>\n<!-- \/ Yoast SEO plugin. -->","yoast_head_json":{"title":"Poslu\u0161ajte kako \u201cHrvat\u201d Razim Halki\u0107 kupuje zastupnike: \u201cSamo treba re\u0107i \u00b4ho\u0107u mito\u00b4, mi damo, \u00b4ho\u0107u ceste\u00b4, mi damo\u2026\u201d - RADIO LJUBU\u0160KI","robots":{"index":"index","follow":"follow","max-snippet":"max-snippet:-1","max-image-preview":"max-image-preview:large","max-video-preview":"max-video-preview:-1"},"canonical":"https:\/\/radioljubuski.ba\/index.php\/2022\/06\/25\/poslusajte-kako-hrvat-razim-halkic-kupuje-zastupnike-samo-treba-reci-hocu-mito-mi-damo-hocu-ceste-mi-damo\/","og_locale":"hr_HR","og_type":"article","og_title":"Poslu\u0161ajte kako \u201cHrvat\u201d Razim Halki\u0107 kupuje zastupnike: \u201cSamo treba re\u0107i \u00b4ho\u0107u mito\u00b4, mi damo, \u00b4ho\u0107u ceste\u00b4, mi damo\u2026\u201d - RADIO LJUBU\u0160KI","og_description":"Op\u0107inski sud u Biha\u0107u potvrdio je optu\u017enicu \u017dupanijskog tu\u017eiteljstva Unsko-sanske \u017eupanije protiv Razima Halki\u0107a zbog trgovine utjecajem, potvr\u0111eno je iz Tu\u017eiteljstva. Razim Halki\u0107 se, naime, nakon posljednjih op\u0107ih izbora predstavio kao Hrvat kako bi tada dobio poziciju dopredsjedetalja \u017eupanijske skup\u0161tine. Kako su naveli iz Tu\u017eiteljstva US\u017d-a, Halki\u0107u se potvr\u0111enom optu\u017enicom na teret stavlja da je [&hellip;]","og_url":"https:\/\/radioljubuski.ba\/index.php\/2022\/06\/25\/poslusajte-kako-hrvat-razim-halkic-kupuje-zastupnike-samo-treba-reci-hocu-mito-mi-damo-hocu-ceste-mi-damo\/","og_site_name":"RADIO LJUBU\u0160KI","article_publisher":"https:\/\/www.facebook.com\/Radiio-Ljubuski-1490835324566332","article_published_time":"2022-06-25T09:35:54+00:00","article_modified_time":"2022-06-25T09:35:55+00:00","og_image":[{"width":826,"height":474,"url":"https:\/\/radioljubuski.ba\/wp-content\/uploads\/2022\/06\/razim-halkic.jpg","type":"image\/jpeg"}],"author":"Radio Ljubu\u0161ki","twitter_card":"summary_large_image","twitter_creator":"@radioljubuski","twitter_site":"@radioljubuski","twitter_misc":{"Napisao\/la":"Radio Ljubu\u0161ki","Procijenjeno vrijeme \u010ditanja":"2 minute"},"schema":{"@context":"https:\/\/schema.org","@graph":[{"@type":"Article","@id":"https:\/\/radioljubuski.ba\/index.php\/2022\/06\/25\/poslusajte-kako-hrvat-razim-halkic-kupuje-zastupnike-samo-treba-reci-hocu-mito-mi-damo-hocu-ceste-mi-damo\/#article","isPartOf":{"@id":"https:\/\/radioljubuski.ba\/index.php\/2022\/06\/25\/poslusajte-kako-hrvat-razim-halkic-kupuje-zastupnike-samo-treba-reci-hocu-mito-mi-damo-hocu-ceste-mi-damo\/"},"author":{"name":"Radio Ljubu\u0161ki","@id":"https:\/\/radioljubuski.ba\/#\/schema\/person\/19fc700381a780f69665d7956c469e3b"},"headline":"Poslu\u0161ajte kako \u201cHrvat\u201d Razim Halki\u0107 kupuje zastupnike: \u201cSamo treba re\u0107i \u00b4ho\u0107u mito\u00b4, mi damo, \u00b4ho\u0107u ceste\u00b4, mi damo\u2026\u201d","datePublished":"2022-06-25T09:35:54+00:00","dateModified":"2022-06-25T09:35:55+00:00","mainEntityOfPage":{"@id":"https:\/\/radioljubuski.ba\/index.php\/2022\/06\/25\/poslusajte-kako-hrvat-razim-halkic-kupuje-zastupnike-samo-treba-reci-hocu-mito-mi-damo-hocu-ceste-mi-damo\/"},"wordCount":540,"publisher":{"@id":"https:\/\/radioljubuski.ba\/#organization"},"image":{"@id":"https:\/\/radioljubuski.ba\/index.php\/2022\/06\/25\/poslusajte-kako-hrvat-razim-halkic-kupuje-zastupnike-samo-treba-reci-hocu-mito-mi-damo-hocu-ceste-mi-damo\/#primaryimage"},"thumbnailUrl":"https:\/\/radioljubuski.ba\/wp-content\/uploads\/2022\/06\/razim-halkic.jpg","articleSection":["BIH i regija"],"inLanguage":"hr"},{"@type":"WebPage","@id":"https:\/\/radioljubuski.ba\/index.php\/2022\/06\/25\/poslusajte-kako-hrvat-razim-halkic-kupuje-zastupnike-samo-treba-reci-hocu-mito-mi-damo-hocu-ceste-mi-damo\/","url":"https:\/\/radioljubuski.ba\/index.php\/2022\/06\/25\/poslusajte-kako-hrvat-razim-halkic-kupuje-zastupnike-samo-treba-reci-hocu-mito-mi-damo-hocu-ceste-mi-damo\/","name":"Poslu\u0161ajte kako \u201cHrvat\u201d Razim Halki\u0107 kupuje zastupnike: \u201cSamo treba re\u0107i \u00b4ho\u0107u mito\u00b4, mi damo, \u00b4ho\u0107u ceste\u00b4, mi damo\u2026\u201d - RADIO LJUBU\u0160KI","isPartOf":{"@id":"https:\/\/radioljubuski.ba\/#website"},"primaryImageOfPage":{"@id":"https:\/\/radioljubuski.ba\/index.php\/2022\/06\/25\/poslusajte-kako-hrvat-razim-halkic-kupuje-zastupnike-samo-treba-reci-hocu-mito-mi-damo-hocu-ceste-mi-damo\/#primaryimage"},"image":{"@id":"https:\/\/radioljubuski.ba\/index.php\/2022\/06\/25\/poslusajte-kako-hrvat-razim-halkic-kupuje-zastupnike-samo-treba-reci-hocu-mito-mi-damo-hocu-ceste-mi-damo\/#primaryimage"},"thumbnailUrl":"https:\/\/radioljubuski.ba\/wp-content\/uploads\/2022\/06\/razim-halkic.jpg","datePublished":"2022-06-25T09:35:54+00:00","dateModified":"2022-06-25T09:35:55+00:00","breadcrumb":{"@id":"https:\/\/radioljubuski.ba\/index.php\/2022\/06\/25\/poslusajte-kako-hrvat-razim-halkic-kupuje-zastupnike-samo-treba-reci-hocu-mito-mi-damo-hocu-ceste-mi-damo\/#breadcrumb"},"inLanguage":"hr","potentialAction":[{"@type":"ReadAction","target":["https:\/\/radioljubuski.ba\/index.php\/2022\/06\/25\/poslusajte-kako-hrvat-razim-halkic-kupuje-zastupnike-samo-treba-reci-hocu-mito-mi-damo-hocu-ceste-mi-damo\/"]}]},{"@type":"ImageObject","inLanguage":"hr","@id":"https:\/\/radioljubuski.ba\/index.php\/2022\/06\/25\/poslusajte-kako-hrvat-razim-halkic-kupuje-zastupnike-samo-treba-reci-hocu-mito-mi-damo-hocu-ceste-mi-damo\/#primaryimage","url":"https:\/\/radioljubuski.ba\/wp-content\/uploads\/2022\/06\/razim-halkic.jpg","contentUrl":"https:\/\/radioljubuski.ba\/wp-content\/uploads\/2022\/06\/razim-halkic.jpg","width":826,"height":474},{"@type":"BreadcrumbList","@id":"https:\/\/radioljubuski.ba\/index.php\/2022\/06\/25\/poslusajte-kako-hrvat-razim-halkic-kupuje-zastupnike-samo-treba-reci-hocu-mito-mi-damo-hocu-ceste-mi-damo\/#breadcrumb","itemListElement":[{"@type":"ListItem","position":1,"name":"Po\u010detna stranica","item":"https:\/\/radioljubuski.ba\/"},{"@type":"ListItem","position":2,"name":"Poslu\u0161ajte kako \u201cHrvat\u201d Razim Halki\u0107 kupuje zastupnike: \u201cSamo treba re\u0107i \u00b4ho\u0107u mito\u00b4, mi damo, \u00b4ho\u0107u ceste\u00b4, mi damo\u2026\u201d"}]},{"@type":"WebSite","@id":"https:\/\/radioljubuski.ba\/#website","url":"https:\/\/radioljubuski.ba\/","name":"Radio Ljubu\u0161ki","description":"Sun\u010dana frekvencija Hercegovine","publisher":{"@id":"https:\/\/radioljubuski.ba\/#organization"},"potentialAction":[{"@type":"SearchAction","target":{"@type":"EntryPoint","urlTemplate":"https:\/\/radioljubuski.ba\/?s={search_term_string}"},"query-input":{"@type":"PropertyValueSpecification","valueRequired":true,"valueName":"search_term_string"}}],"inLanguage":"hr"},{"@type":"Organization","@id":"https:\/\/radioljubuski.ba\/#organization","name":"Radio Ljubu\u0161ki","url":"https:\/\/radioljubuski.ba\/","logo":{"@type":"ImageObject","inLanguage":"hr","@id":"https:\/\/radioljubuski.ba\/#\/schema\/logo\/image\/","url":"https:\/\/radioljubuski.ba\/wp-content\/uploads\/2021\/02\/cropped-Radio_Ljubuski_logo1.jpg","contentUrl":"https:\/\/radioljubuski.ba\/wp-content\/uploads\/2021\/02\/cropped-Radio_Ljubuski_logo1.jpg","width":512,"height":512,"caption":"Radio Ljubu\u0161ki"},"image":{"@id":"https:\/\/radioljubuski.ba\/#\/schema\/logo\/image\/"},"sameAs":["https:\/\/www.facebook.com\/Radiio-Ljubuski-1490835324566332","https:\/\/x.com\/radioljubuski","https:\/\/hr.linkedin.com\/company\/radio-ljubuski","https:\/\/www.youtube.com\/channel\/UCHYaeO_n0Db3tjNGudGpXyw"]},{"@type":"Person","@id":"https:\/\/radioljubuski.ba\/#\/schema\/person\/19fc700381a780f69665d7956c469e3b","name":"Radio Ljubu\u0161ki"}]}},"_links":{"self":[{"href":"https:\/\/radioljubuski.ba\/index.php\/wp-json\/wp\/v2\/posts\/153383","targetHints":{"allow":["GET"]}}],"collection":[{"href":"https:\/\/radioljubuski.ba\/index.php\/wp-json\/wp\/v2\/posts"}],"about":[{"href":"https:\/\/radioljubuski.ba\/index.php\/wp-json\/wp\/v2\/types\/post"}],"author":[{"embeddable":true,"href":"https:\/\/radioljubuski.ba\/index.php\/wp-json\/wp\/v2\/users\/2"}],"replies":[{"embeddable":true,"href":"https:\/\/radioljubuski.ba\/index.php\/wp-json\/wp\/v2\/comments?post=153383"}],"version-history":[{"count":1,"href":"https:\/\/radioljubuski.ba\/index.php\/wp-json\/wp\/v2\/posts\/153383\/revisions"}],"predecessor-version":[{"id":153385,"href":"https:\/\/radioljubuski.ba\/index.php\/wp-json\/wp\/v2\/posts\/153383\/revisions\/153385"}],"wp:featuredmedia":[{"embeddable":true,"href":"https:\/\/radioljubuski.ba\/index.php\/wp-json\/wp\/v2\/media\/153384"}],"wp:attachment":[{"href":"https:\/\/radioljubuski.ba\/index.php\/wp-json\/wp\/v2\/media?parent=153383"}],"wp:term":[{"taxonomy":"category","embeddable":true,"href":"https:\/\/radioljubuski.ba\/index.php\/wp-json\/wp\/v2\/categories?post=153383"},{"taxonomy":"post_tag","embeddable":true,"href":"https:\/\/radioljubuski.ba\/index.php\/wp-json\/wp\/v2\/tags?post=153383"}],"curies":[{"name":"wp","href":"https:\/\/api.w.org\/{rel}","templated":true}]}}