{"id":15339,"date":"2021-04-22T12:00:31","date_gmt":"2021-04-22T11:00:31","guid":{"rendered":"https:\/\/radioljubuski.ba\/?p=15339"},"modified":"2021-04-22T12:00:32","modified_gmt":"2021-04-22T11:00:32","slug":"bjelica-i-krznar-nakon-remija-derbi-opravdao-ocekivanja","status":"publish","type":"post","link":"https:\/\/radioljubuski.ba\/index.php\/2021\/04\/22\/bjelica-i-krznar-nakon-remija-derbi-opravdao-ocekivanja\/","title":{"rendered":"Bjelica i Krznar nakon remija: Derbi opravdao o\u010dekivanja"},"content":{"rendered":"\n<p><strong>U iznimno uzbudljivoj utakmici Osijek i Dinamo su u Gradskom vrtu odigrali 1:1.<\/strong><\/p>\n\n\n\n<p>Derbi doma\u0107eg prvenstva u potpunosti je opravdao o\u010dekivanja, sla\u017eu se u toj ocjeni i trener Osijeka\u00a0<strong>Nenad Bjelica<\/strong>\u00a0i Dinamov strateg\u00a0<strong>Damir Krznar<\/strong>.<br><br>&#8211; Vrlo kvalitetna utakmica, obostrano kvalitetna, dva protivnika koji se bore za vrh, apsolutno smo i jedni i drugi opravdali mjesto na kojem se nalazimo. Moramo biti zadovoljni bodom. Bilo je \u0161ansi na obje strane, mogli smo zabiti gol i mi i oni za 2:1, ali treba biti realan, rekao je Bjelica nakon derbija.<br><br>&#8211; Utakmica je bila dobra, naravno da smo o\u010dekivali i htjeli pobjedu, ali moramo napomenuti da smo igrali protiv stvarno kvalitetne mom\u010dadi. Svi komplimenti mojoj mom\u010dadi na svemu \u0161to je pru\u017eila i svemu \u0161to pru\u017ea. Vjerujem da \u0107emo do kraja biti konkurentni i do kraja Dinamu &#8216;puhati za vratom&#8217;, dodao je Bjelica.<\/p>\n\n\n\n<iframe loading=\"lazy\" src=\"https:\/\/www.facebook.com\/plugins\/video.php?height=314&#038;href=https%3A%2F%2Fwww.facebook.com%2Fnkosijek%2Fvideos%2F907354986488077%2F&#038;show_text=false&#038;width=560\" width=\"560\" height=\"314\" style=\"border:none;overflow:hidden\" scrolling=\"no\" frameborder=\"0\" allowfullscreen=\"true\" allow=\"autoplay; clipboard-write; encrypted-media; picture-in-picture; web-share\" allowFullScreen=\"true\"><\/iframe>\n\n\n\n<p>Nakon remija u Gradskom vrtu, Dinamo i dalje ima dva boda vi\u0161e od drugoplasiranog Osijeka, ali uz susret manje. Trener Modrih Damir Krznar bio je zadovoljan.<br><br>&#8211; Iznimno dinami\u010dna utakmica. Prvo poluvrijeme bilo je na na\u0161oj strani, u drugom je Osijek stvorio nekoliko prilika, ali i mi smo do zadnjeg trenutka te\u017eili pobjedi, a u zadnjoj sekundi mogli je i izboriti. Ipak, mo\u017eemo biti zadovoljni ritmom, rekao je Krznar.<br><br>Strateg Modrih na izmjene se odlu\u010dio na samom kraju utakmice. Prvu je napravio u 81. minuti kada je teren napustio\u00a0<strong>Lovro Majer<\/strong>, kojega je zamijenio\u00a0<strong>Iyayi Atiemwen<\/strong>.<br><br>&#8211; Prepoznali smo da nam igra\u010di malo padaju, da nedostaje svje\u017eine. Ali, vjera koju imate u igra\u010de tjera vas da ipak malo pri\u010dekate. Morao sam na klupu povu\u0107i Lovru Majera i\u00a0<strong>Luku Ivanu\u0161eca,<\/strong>\u00a0dvojicu koji su nam puno toga donijeli prema naprijed, ali odga\u0111ao sam zbog \u017eelje za tim drugim golom. Reagirali smo kad su doista bili na &#8216;pravoj rezervi&#8217;, rekao je Krznar.<\/p>\n\n\n\n<iframe loading=\"lazy\" src=\"https:\/\/www.facebook.com\/plugins\/video.php?height=314&#038;href=https%3A%2F%2Fwww.facebook.com%2Fdinamo%2Fvideos%2F140698531388200%2F&#038;show_text=false&#038;width=560\" width=\"560\" height=\"314\" style=\"border:none;overflow:hidden\" scrolling=\"no\" frameborder=\"0\" allowfullscreen=\"true\" allow=\"autoplay; clipboard-write; encrypted-media; picture-in-picture; web-share\" allowFullScreen=\"true\"><\/iframe>\n\n\n\n<p>U nastavku prvenstva Osijek u nedjelju gostuje na Rujevici kod Rijeke, a istoga dana u Maksimiru je na rasporedu najve\u0107i derbi hrvatskog nogometa, dvoboj Dinama i Hajduka.<\/p>\n\n\n\n<p>Izvor:hrt.hr<\/p>\n","protected":false},"excerpt":{"rendered":"<p>U iznimno uzbudljivoj utakmici Osijek i Dinamo su u Gradskom vrtu odigrali 1:1. Derbi doma\u0107eg prvenstva u potpunosti je opravdao o\u010dekivanja, sla\u017eu se u toj ocjeni i trener Osijeka\u00a0Nenad Bjelica\u00a0i Dinamov strateg\u00a0Damir Krznar. &#8211; Vrlo kvalitetna utakmica, obostrano kvalitetna, dva protivnika koji se bore za vrh, apsolutno smo i jedni i drugi opravdali mjesto na [&hellip;]<\/p>\n","protected":false},"author":2,"featured_media":15340,"comment_status":"closed","ping_status":"closed","sticky":false,"template":"","format":"standard","meta":{"h5ap_radio_sources":[],"footnotes":""},"categories":[1],"tags":[],"class_list":["post-15339","post","type-post","status-publish","format-standard","has-post-thumbnail","hentry","category-bihiregija"],"yoast_head":"<!-- This site is optimized with the Yoast SEO plugin v27.5 - https:\/\/yoast.com\/product\/yoast-seo-wordpress\/ -->\n<title>Bjelica i Krznar nakon remija: Derbi opravdao o\u010dekivanja - RADIO LJUBU\u0160KI<\/title>\n<meta name=\"robots\" content=\"index, follow, max-snippet:-1, max-image-preview:large, max-video-preview:-1\" \/>\n<link rel=\"canonical\" href=\"https:\/\/radioljubuski.ba\/index.php\/2021\/04\/22\/bjelica-i-krznar-nakon-remija-derbi-opravdao-ocekivanja\/\" \/>\n<meta property=\"og:locale\" content=\"hr_HR\" \/>\n<meta property=\"og:type\" content=\"article\" \/>\n<meta property=\"og:title\" content=\"Bjelica i Krznar nakon remija: Derbi opravdao o\u010dekivanja - RADIO LJUBU\u0160KI\" \/>\n<meta property=\"og:description\" content=\"U iznimno uzbudljivoj utakmici Osijek i Dinamo su u Gradskom vrtu odigrali 1:1. Derbi doma\u0107eg prvenstva u potpunosti je opravdao o\u010dekivanja, sla\u017eu se u toj ocjeni i trener Osijeka\u00a0Nenad Bjelica\u00a0i Dinamov strateg\u00a0Damir Krznar. &#8211; Vrlo kvalitetna utakmica, obostrano kvalitetna, dva protivnika koji se bore za vrh, apsolutno smo i jedni i drugi opravdali mjesto na [&hellip;]\" \/>\n<meta property=\"og:url\" content=\"https:\/\/radioljubuski.ba\/index.php\/2021\/04\/22\/bjelica-i-krznar-nakon-remija-derbi-opravdao-ocekivanja\/\" \/>\n<meta property=\"og:site_name\" content=\"RADIO LJUBU\u0160KI\" \/>\n<meta property=\"article:publisher\" content=\"https:\/\/www.facebook.com\/Radiio-Ljubuski-1490835324566332\" \/>\n<meta property=\"article:published_time\" content=\"2021-04-22T11:00:31+00:00\" \/>\n<meta property=\"article:modified_time\" content=\"2021-04-22T11:00:32+00:00\" \/>\n<meta property=\"og:image\" content=\"https:\/\/radioljubuski.ba\/wp-content\/uploads\/2021\/04\/55-25.png\" \/>\n\t<meta property=\"og:image:width\" content=\"645\" \/>\n\t<meta property=\"og:image:height\" content=\"359\" \/>\n\t<meta property=\"og:image:type\" content=\"image\/png\" \/>\n<meta name=\"author\" content=\"Radio Ljubu\u0161ki\" \/>\n<meta name=\"twitter:card\" content=\"summary_large_image\" \/>\n<meta name=\"twitter:creator\" content=\"@radioljubuski\" \/>\n<meta name=\"twitter:site\" content=\"@radioljubuski\" \/>\n<meta name=\"twitter:label1\" content=\"Napisao\/la\" \/>\n\t<meta name=\"twitter:data1\" content=\"Radio Ljubu\u0161ki\" \/>\n\t<meta name=\"twitter:label2\" content=\"Procijenjeno vrijeme \u010ditanja\" \/>\n\t<meta name=\"twitter:data2\" content=\"2 minute\" \/>\n<script type=\"application\/ld+json\" class=\"yoast-schema-graph\">{\"@context\":\"https:\\\/\\\/schema.org\",\"@graph\":[{\"@type\":\"Article\",\"@id\":\"https:\\\/\\\/radioljubuski.ba\\\/index.php\\\/2021\\\/04\\\/22\\\/bjelica-i-krznar-nakon-remija-derbi-opravdao-ocekivanja\\\/#article\",\"isPartOf\":{\"@id\":\"https:\\\/\\\/radioljubuski.ba\\\/index.php\\\/2021\\\/04\\\/22\\\/bjelica-i-krznar-nakon-remija-derbi-opravdao-ocekivanja\\\/\"},\"author\":{\"name\":\"Radio Ljubu\u0161ki\",\"@id\":\"https:\\\/\\\/radioljubuski.ba\\\/#\\\/schema\\\/person\\\/19fc700381a780f69665d7956c469e3b\"},\"headline\":\"Bjelica i Krznar nakon remija: Derbi opravdao o\u010dekivanja\",\"datePublished\":\"2021-04-22T11:00:31+00:00\",\"dateModified\":\"2021-04-22T11:00:32+00:00\",\"mainEntityOfPage\":{\"@id\":\"https:\\\/\\\/radioljubuski.ba\\\/index.php\\\/2021\\\/04\\\/22\\\/bjelica-i-krznar-nakon-remija-derbi-opravdao-ocekivanja\\\/\"},\"wordCount\":359,\"publisher\":{\"@id\":\"https:\\\/\\\/radioljubuski.ba\\\/#organization\"},\"image\":{\"@id\":\"https:\\\/\\\/radioljubuski.ba\\\/index.php\\\/2021\\\/04\\\/22\\\/bjelica-i-krznar-nakon-remija-derbi-opravdao-ocekivanja\\\/#primaryimage\"},\"thumbnailUrl\":\"https:\\\/\\\/radioljubuski.ba\\\/wp-content\\\/uploads\\\/2021\\\/04\\\/55-25.png\",\"articleSection\":[\"BIH i regija\"],\"inLanguage\":\"hr\"},{\"@type\":\"WebPage\",\"@id\":\"https:\\\/\\\/radioljubuski.ba\\\/index.php\\\/2021\\\/04\\\/22\\\/bjelica-i-krznar-nakon-remija-derbi-opravdao-ocekivanja\\\/\",\"url\":\"https:\\\/\\\/radioljubuski.ba\\\/index.php\\\/2021\\\/04\\\/22\\\/bjelica-i-krznar-nakon-remija-derbi-opravdao-ocekivanja\\\/\",\"name\":\"Bjelica i Krznar nakon remija: Derbi opravdao o\u010dekivanja - RADIO LJUBU\u0160KI\",\"isPartOf\":{\"@id\":\"https:\\\/\\\/radioljubuski.ba\\\/#website\"},\"primaryImageOfPage\":{\"@id\":\"https:\\\/\\\/radioljubuski.ba\\\/index.php\\\/2021\\\/04\\\/22\\\/bjelica-i-krznar-nakon-remija-derbi-opravdao-ocekivanja\\\/#primaryimage\"},\"image\":{\"@id\":\"https:\\\/\\\/radioljubuski.ba\\\/index.php\\\/2021\\\/04\\\/22\\\/bjelica-i-krznar-nakon-remija-derbi-opravdao-ocekivanja\\\/#primaryimage\"},\"thumbnailUrl\":\"https:\\\/\\\/radioljubuski.ba\\\/wp-content\\\/uploads\\\/2021\\\/04\\\/55-25.png\",\"datePublished\":\"2021-04-22T11:00:31+00:00\",\"dateModified\":\"2021-04-22T11:00:32+00:00\",\"breadcrumb\":{\"@id\":\"https:\\\/\\\/radioljubuski.ba\\\/index.php\\\/2021\\\/04\\\/22\\\/bjelica-i-krznar-nakon-remija-derbi-opravdao-ocekivanja\\\/#breadcrumb\"},\"inLanguage\":\"hr\",\"potentialAction\":[{\"@type\":\"ReadAction\",\"target\":[\"https:\\\/\\\/radioljubuski.ba\\\/index.php\\\/2021\\\/04\\\/22\\\/bjelica-i-krznar-nakon-remija-derbi-opravdao-ocekivanja\\\/\"]}]},{\"@type\":\"ImageObject\",\"inLanguage\":\"hr\",\"@id\":\"https:\\\/\\\/radioljubuski.ba\\\/index.php\\\/2021\\\/04\\\/22\\\/bjelica-i-krznar-nakon-remija-derbi-opravdao-ocekivanja\\\/#primaryimage\",\"url\":\"https:\\\/\\\/radioljubuski.ba\\\/wp-content\\\/uploads\\\/2021\\\/04\\\/55-25.png\",\"contentUrl\":\"https:\\\/\\\/radioljubuski.ba\\\/wp-content\\\/uploads\\\/2021\\\/04\\\/55-25.png\",\"width\":645,\"height\":359},{\"@type\":\"BreadcrumbList\",\"@id\":\"https:\\\/\\\/radioljubuski.ba\\\/index.php\\\/2021\\\/04\\\/22\\\/bjelica-i-krznar-nakon-remija-derbi-opravdao-ocekivanja\\\/#breadcrumb\",\"itemListElement\":[{\"@type\":\"ListItem\",\"position\":1,\"name\":\"Po\u010detna stranica\",\"item\":\"https:\\\/\\\/radioljubuski.ba\\\/\"},{\"@type\":\"ListItem\",\"position\":2,\"name\":\"Bjelica i Krznar nakon remija: Derbi opravdao o\u010dekivanja\"}]},{\"@type\":\"WebSite\",\"@id\":\"https:\\\/\\\/radioljubuski.ba\\\/#website\",\"url\":\"https:\\\/\\\/radioljubuski.ba\\\/\",\"name\":\"Radio Ljubu\u0161ki\",\"description\":\"Sun\u010dana frekvencija Hercegovine\",\"publisher\":{\"@id\":\"https:\\\/\\\/radioljubuski.ba\\\/#organization\"},\"potentialAction\":[{\"@type\":\"SearchAction\",\"target\":{\"@type\":\"EntryPoint\",\"urlTemplate\":\"https:\\\/\\\/radioljubuski.ba\\\/?s={search_term_string}\"},\"query-input\":{\"@type\":\"PropertyValueSpecification\",\"valueRequired\":true,\"valueName\":\"search_term_string\"}}],\"inLanguage\":\"hr\"},{\"@type\":\"Organization\",\"@id\":\"https:\\\/\\\/radioljubuski.ba\\\/#organization\",\"name\":\"Radio Ljubu\u0161ki\",\"url\":\"https:\\\/\\\/radioljubuski.ba\\\/\",\"logo\":{\"@type\":\"ImageObject\",\"inLanguage\":\"hr\",\"@id\":\"https:\\\/\\\/radioljubuski.ba\\\/#\\\/schema\\\/logo\\\/image\\\/\",\"url\":\"https:\\\/\\\/radioljubuski.ba\\\/wp-content\\\/uploads\\\/2021\\\/02\\\/cropped-Radio_Ljubuski_logo1.jpg\",\"contentUrl\":\"https:\\\/\\\/radioljubuski.ba\\\/wp-content\\\/uploads\\\/2021\\\/02\\\/cropped-Radio_Ljubuski_logo1.jpg\",\"width\":512,\"height\":512,\"caption\":\"Radio Ljubu\u0161ki\"},\"image\":{\"@id\":\"https:\\\/\\\/radioljubuski.ba\\\/#\\\/schema\\\/logo\\\/image\\\/\"},\"sameAs\":[\"https:\\\/\\\/www.facebook.com\\\/Radiio-Ljubuski-1490835324566332\",\"https:\\\/\\\/x.com\\\/radioljubuski\",\"https:\\\/\\\/hr.linkedin.com\\\/company\\\/radio-ljubuski\",\"https:\\\/\\\/www.youtube.com\\\/channel\\\/UCHYaeO_n0Db3tjNGudGpXyw\"]},{\"@type\":\"Person\",\"@id\":\"https:\\\/\\\/radioljubuski.ba\\\/#\\\/schema\\\/person\\\/19fc700381a780f69665d7956c469e3b\",\"name\":\"Radio Ljubu\u0161ki\"}]}<\/script>\n<!-- \/ Yoast SEO plugin. -->","yoast_head_json":{"title":"Bjelica i Krznar nakon remija: Derbi opravdao o\u010dekivanja - RADIO LJUBU\u0160KI","robots":{"index":"index","follow":"follow","max-snippet":"max-snippet:-1","max-image-preview":"max-image-preview:large","max-video-preview":"max-video-preview:-1"},"canonical":"https:\/\/radioljubuski.ba\/index.php\/2021\/04\/22\/bjelica-i-krznar-nakon-remija-derbi-opravdao-ocekivanja\/","og_locale":"hr_HR","og_type":"article","og_title":"Bjelica i Krznar nakon remija: Derbi opravdao o\u010dekivanja - RADIO LJUBU\u0160KI","og_description":"U iznimno uzbudljivoj utakmici Osijek i Dinamo su u Gradskom vrtu odigrali 1:1. Derbi doma\u0107eg prvenstva u potpunosti je opravdao o\u010dekivanja, sla\u017eu se u toj ocjeni i trener Osijeka\u00a0Nenad Bjelica\u00a0i Dinamov strateg\u00a0Damir Krznar. &#8211; Vrlo kvalitetna utakmica, obostrano kvalitetna, dva protivnika koji se bore za vrh, apsolutno smo i jedni i drugi opravdali mjesto na [&hellip;]","og_url":"https:\/\/radioljubuski.ba\/index.php\/2021\/04\/22\/bjelica-i-krznar-nakon-remija-derbi-opravdao-ocekivanja\/","og_site_name":"RADIO LJUBU\u0160KI","article_publisher":"https:\/\/www.facebook.com\/Radiio-Ljubuski-1490835324566332","article_published_time":"2021-04-22T11:00:31+00:00","article_modified_time":"2021-04-22T11:00:32+00:00","og_image":[{"width":645,"height":359,"url":"https:\/\/radioljubuski.ba\/wp-content\/uploads\/2021\/04\/55-25.png","type":"image\/png"}],"author":"Radio Ljubu\u0161ki","twitter_card":"summary_large_image","twitter_creator":"@radioljubuski","twitter_site":"@radioljubuski","twitter_misc":{"Napisao\/la":"Radio Ljubu\u0161ki","Procijenjeno vrijeme \u010ditanja":"2 minute"},"schema":{"@context":"https:\/\/schema.org","@graph":[{"@type":"Article","@id":"https:\/\/radioljubuski.ba\/index.php\/2021\/04\/22\/bjelica-i-krznar-nakon-remija-derbi-opravdao-ocekivanja\/#article","isPartOf":{"@id":"https:\/\/radioljubuski.ba\/index.php\/2021\/04\/22\/bjelica-i-krznar-nakon-remija-derbi-opravdao-ocekivanja\/"},"author":{"name":"Radio Ljubu\u0161ki","@id":"https:\/\/radioljubuski.ba\/#\/schema\/person\/19fc700381a780f69665d7956c469e3b"},"headline":"Bjelica i Krznar nakon remija: Derbi opravdao o\u010dekivanja","datePublished":"2021-04-22T11:00:31+00:00","dateModified":"2021-04-22T11:00:32+00:00","mainEntityOfPage":{"@id":"https:\/\/radioljubuski.ba\/index.php\/2021\/04\/22\/bjelica-i-krznar-nakon-remija-derbi-opravdao-ocekivanja\/"},"wordCount":359,"publisher":{"@id":"https:\/\/radioljubuski.ba\/#organization"},"image":{"@id":"https:\/\/radioljubuski.ba\/index.php\/2021\/04\/22\/bjelica-i-krznar-nakon-remija-derbi-opravdao-ocekivanja\/#primaryimage"},"thumbnailUrl":"https:\/\/radioljubuski.ba\/wp-content\/uploads\/2021\/04\/55-25.png","articleSection":["BIH i regija"],"inLanguage":"hr"},{"@type":"WebPage","@id":"https:\/\/radioljubuski.ba\/index.php\/2021\/04\/22\/bjelica-i-krznar-nakon-remija-derbi-opravdao-ocekivanja\/","url":"https:\/\/radioljubuski.ba\/index.php\/2021\/04\/22\/bjelica-i-krznar-nakon-remija-derbi-opravdao-ocekivanja\/","name":"Bjelica i Krznar nakon remija: Derbi opravdao o\u010dekivanja - RADIO LJUBU\u0160KI","isPartOf":{"@id":"https:\/\/radioljubuski.ba\/#website"},"primaryImageOfPage":{"@id":"https:\/\/radioljubuski.ba\/index.php\/2021\/04\/22\/bjelica-i-krznar-nakon-remija-derbi-opravdao-ocekivanja\/#primaryimage"},"image":{"@id":"https:\/\/radioljubuski.ba\/index.php\/2021\/04\/22\/bjelica-i-krznar-nakon-remija-derbi-opravdao-ocekivanja\/#primaryimage"},"thumbnailUrl":"https:\/\/radioljubuski.ba\/wp-content\/uploads\/2021\/04\/55-25.png","datePublished":"2021-04-22T11:00:31+00:00","dateModified":"2021-04-22T11:00:32+00:00","breadcrumb":{"@id":"https:\/\/radioljubuski.ba\/index.php\/2021\/04\/22\/bjelica-i-krznar-nakon-remija-derbi-opravdao-ocekivanja\/#breadcrumb"},"inLanguage":"hr","potentialAction":[{"@type":"ReadAction","target":["https:\/\/radioljubuski.ba\/index.php\/2021\/04\/22\/bjelica-i-krznar-nakon-remija-derbi-opravdao-ocekivanja\/"]}]},{"@type":"ImageObject","inLanguage":"hr","@id":"https:\/\/radioljubuski.ba\/index.php\/2021\/04\/22\/bjelica-i-krznar-nakon-remija-derbi-opravdao-ocekivanja\/#primaryimage","url":"https:\/\/radioljubuski.ba\/wp-content\/uploads\/2021\/04\/55-25.png","contentUrl":"https:\/\/radioljubuski.ba\/wp-content\/uploads\/2021\/04\/55-25.png","width":645,"height":359},{"@type":"BreadcrumbList","@id":"https:\/\/radioljubuski.ba\/index.php\/2021\/04\/22\/bjelica-i-krznar-nakon-remija-derbi-opravdao-ocekivanja\/#breadcrumb","itemListElement":[{"@type":"ListItem","position":1,"name":"Po\u010detna stranica","item":"https:\/\/radioljubuski.ba\/"},{"@type":"ListItem","position":2,"name":"Bjelica i Krznar nakon remija: Derbi opravdao o\u010dekivanja"}]},{"@type":"WebSite","@id":"https:\/\/radioljubuski.ba\/#website","url":"https:\/\/radioljubuski.ba\/","name":"Radio Ljubu\u0161ki","description":"Sun\u010dana frekvencija Hercegovine","publisher":{"@id":"https:\/\/radioljubuski.ba\/#organization"},"potentialAction":[{"@type":"SearchAction","target":{"@type":"EntryPoint","urlTemplate":"https:\/\/radioljubuski.ba\/?s={search_term_string}"},"query-input":{"@type":"PropertyValueSpecification","valueRequired":true,"valueName":"search_term_string"}}],"inLanguage":"hr"},{"@type":"Organization","@id":"https:\/\/radioljubuski.ba\/#organization","name":"Radio Ljubu\u0161ki","url":"https:\/\/radioljubuski.ba\/","logo":{"@type":"ImageObject","inLanguage":"hr","@id":"https:\/\/radioljubuski.ba\/#\/schema\/logo\/image\/","url":"https:\/\/radioljubuski.ba\/wp-content\/uploads\/2021\/02\/cropped-Radio_Ljubuski_logo1.jpg","contentUrl":"https:\/\/radioljubuski.ba\/wp-content\/uploads\/2021\/02\/cropped-Radio_Ljubuski_logo1.jpg","width":512,"height":512,"caption":"Radio Ljubu\u0161ki"},"image":{"@id":"https:\/\/radioljubuski.ba\/#\/schema\/logo\/image\/"},"sameAs":["https:\/\/www.facebook.com\/Radiio-Ljubuski-1490835324566332","https:\/\/x.com\/radioljubuski","https:\/\/hr.linkedin.com\/company\/radio-ljubuski","https:\/\/www.youtube.com\/channel\/UCHYaeO_n0Db3tjNGudGpXyw"]},{"@type":"Person","@id":"https:\/\/radioljubuski.ba\/#\/schema\/person\/19fc700381a780f69665d7956c469e3b","name":"Radio Ljubu\u0161ki"}]}},"_links":{"self":[{"href":"https:\/\/radioljubuski.ba\/index.php\/wp-json\/wp\/v2\/posts\/15339","targetHints":{"allow":["GET"]}}],"collection":[{"href":"https:\/\/radioljubuski.ba\/index.php\/wp-json\/wp\/v2\/posts"}],"about":[{"href":"https:\/\/radioljubuski.ba\/index.php\/wp-json\/wp\/v2\/types\/post"}],"author":[{"embeddable":true,"href":"https:\/\/radioljubuski.ba\/index.php\/wp-json\/wp\/v2\/users\/2"}],"replies":[{"embeddable":true,"href":"https:\/\/radioljubuski.ba\/index.php\/wp-json\/wp\/v2\/comments?post=15339"}],"version-history":[{"count":1,"href":"https:\/\/radioljubuski.ba\/index.php\/wp-json\/wp\/v2\/posts\/15339\/revisions"}],"predecessor-version":[{"id":15341,"href":"https:\/\/radioljubuski.ba\/index.php\/wp-json\/wp\/v2\/posts\/15339\/revisions\/15341"}],"wp:featuredmedia":[{"embeddable":true,"href":"https:\/\/radioljubuski.ba\/index.php\/wp-json\/wp\/v2\/media\/15340"}],"wp:attachment":[{"href":"https:\/\/radioljubuski.ba\/index.php\/wp-json\/wp\/v2\/media?parent=15339"}],"wp:term":[{"taxonomy":"category","embeddable":true,"href":"https:\/\/radioljubuski.ba\/index.php\/wp-json\/wp\/v2\/categories?post=15339"},{"taxonomy":"post_tag","embeddable":true,"href":"https:\/\/radioljubuski.ba\/index.php\/wp-json\/wp\/v2\/tags?post=15339"}],"curies":[{"name":"wp","href":"https:\/\/api.w.org\/{rel}","templated":true}]}}