{"id":153391,"date":"2022-06-25T10:39:04","date_gmt":"2022-06-25T09:39:04","guid":{"rendered":"https:\/\/radioljubuski.ba\/?p=153391"},"modified":"2022-06-25T10:39:05","modified_gmt":"2022-06-25T09:39:05","slug":"zbog-visokih-temperatura-savjetuje-se-voznja-rano-ujutro-ili-kasno-poslijepodne","status":"publish","type":"post","link":"https:\/\/radioljubuski.ba\/index.php\/2022\/06\/25\/zbog-visokih-temperatura-savjetuje-se-voznja-rano-ujutro-ili-kasno-poslijepodne\/","title":{"rendered":"Zbog visokih temperatura savjetuje se vo\u017enja rano ujutro ili kasno poslijepodne"},"content":{"rendered":"\n<p>Frekvencija vozila je umjerenog intenziteta, a zbog visokih dnevnih temperatura savjetujemo da se na du\u017ea putovanja kre\u0107e u ranim jutarnjim ili kasnim popodnevnim satima, priop\u0107eno je iz BIHAMK-a.<\/p>\n\n\n\n<p>Danas i sutra (25. i 26.06.2022.god.) zbog radova na asfaltiranju obustavlja se promet na magistralnom putu Prijedor-Banja Luka, na dionici Tunjice-\u0160argovac. Za vrijeme obustave vozila \u0107e se preusmjeravati na alternativni pravac (Omarska-Bronzani Majdan-Banja Luka ili Prijedor-Bos.Dubica-Bos.Gradi\u0161ka-Banja Luka).<\/p>\n\n\n\n<p>Zbog sanacijskih radova na vijaduktu Klop\u010de na dionici autoputa A-1 Zenica sjever-Zenica jug, prometuje se preticajnom trakom, dok su vozna i zaustavna traka zatvorene za promet.<\/p>\n\n\n\n<p>Na magistralnom putu Jajce-Donji Vakuf zbog radova u tunelu Skela, tijekom dana prometuje se naizmjeni\u010dno, jednim trakom. U no\u0107nim satima (22-6 sati) promet se obustavlja i preusmjerava na obilaznicu oko tunela.<\/p>\n\n\n\n<p>Sporije, zbog radova, prometuje se i na putnim pravcima: Donji Vakuf-Travnik (Komar), \u017dep\u010de-Zenica (Golubinja), Ripa\u010d-Dubovsko i Bosanski \u0160amac-Ora\u0161je (dionica Grebnice-Bazik).<\/p>\n\n\n\n<p>Na putu Rudo-grani\u010dni prijelaz Uvac zbog o\u0161te\u0107enja mosta, zabranjen je promet za teretna vozila maksimalnog osovinskog optere\u0107enja preko 10 tona po osovini, dok je za ostala vozila brzina kretanja na mostu ograni\u010dena na 20 km\/h. Na grani\u010dnim prijelazima zadr\u017eavanja nisu dulja od 30 minuta.<\/p>\n\n\n\n<p>Izvor:vecernji.ba<\/p>\n","protected":false},"excerpt":{"rendered":"<p>Frekvencija vozila je umjerenog intenziteta, a zbog visokih dnevnih temperatura savjetujemo da se na du\u017ea putovanja kre\u0107e u ranim jutarnjim ili kasnim popodnevnim satima, priop\u0107eno je iz BIHAMK-a. Danas i sutra (25. i 26.06.2022.god.) zbog radova na asfaltiranju obustavlja se promet na magistralnom putu Prijedor-Banja Luka, na dionici Tunjice-\u0160argovac. Za vrijeme obustave vozila \u0107e se [&hellip;]<\/p>\n","protected":false},"author":2,"featured_media":33963,"comment_status":"closed","ping_status":"closed","sticky":false,"template":"","format":"standard","meta":{"h5ap_radio_sources":[],"footnotes":""},"categories":[1],"tags":[],"class_list":["post-153391","post","type-post","status-publish","format-standard","has-post-thumbnail","hentry","category-bihiregija"],"yoast_head":"<!-- This site is optimized with the Yoast SEO plugin v27.4 - https:\/\/yoast.com\/product\/yoast-seo-wordpress\/ -->\n<title>Zbog visokih temperatura savjetuje se vo\u017enja rano ujutro ili kasno poslijepodne - RADIO LJUBU\u0160KI<\/title>\n<meta name=\"robots\" content=\"index, follow, max-snippet:-1, max-image-preview:large, max-video-preview:-1\" \/>\n<link rel=\"canonical\" href=\"https:\/\/radioljubuski.ba\/index.php\/2022\/06\/25\/zbog-visokih-temperatura-savjetuje-se-voznja-rano-ujutro-ili-kasno-poslijepodne\/\" \/>\n<meta property=\"og:locale\" content=\"hr_HR\" \/>\n<meta property=\"og:type\" content=\"article\" \/>\n<meta property=\"og:title\" content=\"Zbog visokih temperatura savjetuje se vo\u017enja rano ujutro ili kasno poslijepodne - RADIO LJUBU\u0160KI\" \/>\n<meta property=\"og:description\" content=\"Frekvencija vozila je umjerenog intenziteta, a zbog visokih dnevnih temperatura savjetujemo da se na du\u017ea putovanja kre\u0107e u ranim jutarnjim ili kasnim popodnevnim satima, priop\u0107eno je iz BIHAMK-a. Danas i sutra (25. i 26.06.2022.god.) zbog radova na asfaltiranju obustavlja se promet na magistralnom putu Prijedor-Banja Luka, na dionici Tunjice-\u0160argovac. Za vrijeme obustave vozila \u0107e se [&hellip;]\" \/>\n<meta property=\"og:url\" content=\"https:\/\/radioljubuski.ba\/index.php\/2022\/06\/25\/zbog-visokih-temperatura-savjetuje-se-voznja-rano-ujutro-ili-kasno-poslijepodne\/\" \/>\n<meta property=\"og:site_name\" content=\"RADIO LJUBU\u0160KI\" \/>\n<meta property=\"article:publisher\" content=\"https:\/\/www.facebook.com\/Radiio-Ljubuski-1490835324566332\" \/>\n<meta property=\"article:published_time\" content=\"2022-06-25T09:39:04+00:00\" \/>\n<meta property=\"article:modified_time\" content=\"2022-06-25T09:39:05+00:00\" \/>\n<meta property=\"og:image\" content=\"https:\/\/radioljubuski.ba\/wp-content\/uploads\/2021\/06\/vV2MlzDX_voznja_640x410.jpg\" \/>\n\t<meta property=\"og:image:width\" content=\"1000\" \/>\n\t<meta property=\"og:image:height\" content=\"625\" \/>\n\t<meta property=\"og:image:type\" content=\"image\/jpeg\" \/>\n<meta name=\"author\" content=\"Radio Ljubu\u0161ki\" \/>\n<meta name=\"twitter:card\" content=\"summary_large_image\" \/>\n<meta name=\"twitter:creator\" content=\"@radioljubuski\" \/>\n<meta name=\"twitter:site\" content=\"@radioljubuski\" \/>\n<meta name=\"twitter:label1\" content=\"Napisao\/la\" \/>\n\t<meta name=\"twitter:data1\" content=\"Radio Ljubu\u0161ki\" \/>\n\t<meta name=\"twitter:label2\" content=\"Procijenjeno vrijeme \u010ditanja\" \/>\n\t<meta name=\"twitter:data2\" content=\"1 minuta\" \/>\n<script type=\"application\/ld+json\" class=\"yoast-schema-graph\">{\"@context\":\"https:\\\/\\\/schema.org\",\"@graph\":[{\"@type\":\"Article\",\"@id\":\"https:\\\/\\\/radioljubuski.ba\\\/index.php\\\/2022\\\/06\\\/25\\\/zbog-visokih-temperatura-savjetuje-se-voznja-rano-ujutro-ili-kasno-poslijepodne\\\/#article\",\"isPartOf\":{\"@id\":\"https:\\\/\\\/radioljubuski.ba\\\/index.php\\\/2022\\\/06\\\/25\\\/zbog-visokih-temperatura-savjetuje-se-voznja-rano-ujutro-ili-kasno-poslijepodne\\\/\"},\"author\":{\"name\":\"Radio Ljubu\u0161ki\",\"@id\":\"https:\\\/\\\/radioljubuski.ba\\\/#\\\/schema\\\/person\\\/19fc700381a780f69665d7956c469e3b\"},\"headline\":\"Zbog visokih temperatura savjetuje se vo\u017enja rano ujutro ili kasno poslijepodne\",\"datePublished\":\"2022-06-25T09:39:04+00:00\",\"dateModified\":\"2022-06-25T09:39:05+00:00\",\"mainEntityOfPage\":{\"@id\":\"https:\\\/\\\/radioljubuski.ba\\\/index.php\\\/2022\\\/06\\\/25\\\/zbog-visokih-temperatura-savjetuje-se-voznja-rano-ujutro-ili-kasno-poslijepodne\\\/\"},\"wordCount\":218,\"publisher\":{\"@id\":\"https:\\\/\\\/radioljubuski.ba\\\/#organization\"},\"image\":{\"@id\":\"https:\\\/\\\/radioljubuski.ba\\\/index.php\\\/2022\\\/06\\\/25\\\/zbog-visokih-temperatura-savjetuje-se-voznja-rano-ujutro-ili-kasno-poslijepodne\\\/#primaryimage\"},\"thumbnailUrl\":\"https:\\\/\\\/radioljubuski.ba\\\/wp-content\\\/uploads\\\/2021\\\/06\\\/vV2MlzDX_voznja_640x410.jpg\",\"articleSection\":[\"BIH i regija\"],\"inLanguage\":\"hr\"},{\"@type\":\"WebPage\",\"@id\":\"https:\\\/\\\/radioljubuski.ba\\\/index.php\\\/2022\\\/06\\\/25\\\/zbog-visokih-temperatura-savjetuje-se-voznja-rano-ujutro-ili-kasno-poslijepodne\\\/\",\"url\":\"https:\\\/\\\/radioljubuski.ba\\\/index.php\\\/2022\\\/06\\\/25\\\/zbog-visokih-temperatura-savjetuje-se-voznja-rano-ujutro-ili-kasno-poslijepodne\\\/\",\"name\":\"Zbog visokih temperatura savjetuje se vo\u017enja rano ujutro ili kasno poslijepodne - RADIO LJUBU\u0160KI\",\"isPartOf\":{\"@id\":\"https:\\\/\\\/radioljubuski.ba\\\/#website\"},\"primaryImageOfPage\":{\"@id\":\"https:\\\/\\\/radioljubuski.ba\\\/index.php\\\/2022\\\/06\\\/25\\\/zbog-visokih-temperatura-savjetuje-se-voznja-rano-ujutro-ili-kasno-poslijepodne\\\/#primaryimage\"},\"image\":{\"@id\":\"https:\\\/\\\/radioljubuski.ba\\\/index.php\\\/2022\\\/06\\\/25\\\/zbog-visokih-temperatura-savjetuje-se-voznja-rano-ujutro-ili-kasno-poslijepodne\\\/#primaryimage\"},\"thumbnailUrl\":\"https:\\\/\\\/radioljubuski.ba\\\/wp-content\\\/uploads\\\/2021\\\/06\\\/vV2MlzDX_voznja_640x410.jpg\",\"datePublished\":\"2022-06-25T09:39:04+00:00\",\"dateModified\":\"2022-06-25T09:39:05+00:00\",\"breadcrumb\":{\"@id\":\"https:\\\/\\\/radioljubuski.ba\\\/index.php\\\/2022\\\/06\\\/25\\\/zbog-visokih-temperatura-savjetuje-se-voznja-rano-ujutro-ili-kasno-poslijepodne\\\/#breadcrumb\"},\"inLanguage\":\"hr\",\"potentialAction\":[{\"@type\":\"ReadAction\",\"target\":[\"https:\\\/\\\/radioljubuski.ba\\\/index.php\\\/2022\\\/06\\\/25\\\/zbog-visokih-temperatura-savjetuje-se-voznja-rano-ujutro-ili-kasno-poslijepodne\\\/\"]}]},{\"@type\":\"ImageObject\",\"inLanguage\":\"hr\",\"@id\":\"https:\\\/\\\/radioljubuski.ba\\\/index.php\\\/2022\\\/06\\\/25\\\/zbog-visokih-temperatura-savjetuje-se-voznja-rano-ujutro-ili-kasno-poslijepodne\\\/#primaryimage\",\"url\":\"https:\\\/\\\/radioljubuski.ba\\\/wp-content\\\/uploads\\\/2021\\\/06\\\/vV2MlzDX_voznja_640x410.jpg\",\"contentUrl\":\"https:\\\/\\\/radioljubuski.ba\\\/wp-content\\\/uploads\\\/2021\\\/06\\\/vV2MlzDX_voznja_640x410.jpg\",\"width\":1000,\"height\":625},{\"@type\":\"BreadcrumbList\",\"@id\":\"https:\\\/\\\/radioljubuski.ba\\\/index.php\\\/2022\\\/06\\\/25\\\/zbog-visokih-temperatura-savjetuje-se-voznja-rano-ujutro-ili-kasno-poslijepodne\\\/#breadcrumb\",\"itemListElement\":[{\"@type\":\"ListItem\",\"position\":1,\"name\":\"Po\u010detna stranica\",\"item\":\"https:\\\/\\\/radioljubuski.ba\\\/\"},{\"@type\":\"ListItem\",\"position\":2,\"name\":\"Zbog visokih temperatura savjetuje se vo\u017enja rano ujutro ili kasno poslijepodne\"}]},{\"@type\":\"WebSite\",\"@id\":\"https:\\\/\\\/radioljubuski.ba\\\/#website\",\"url\":\"https:\\\/\\\/radioljubuski.ba\\\/\",\"name\":\"Radio Ljubu\u0161ki\",\"description\":\"Sun\u010dana frekvencija Hercegovine\",\"publisher\":{\"@id\":\"https:\\\/\\\/radioljubuski.ba\\\/#organization\"},\"potentialAction\":[{\"@type\":\"SearchAction\",\"target\":{\"@type\":\"EntryPoint\",\"urlTemplate\":\"https:\\\/\\\/radioljubuski.ba\\\/?s={search_term_string}\"},\"query-input\":{\"@type\":\"PropertyValueSpecification\",\"valueRequired\":true,\"valueName\":\"search_term_string\"}}],\"inLanguage\":\"hr\"},{\"@type\":\"Organization\",\"@id\":\"https:\\\/\\\/radioljubuski.ba\\\/#organization\",\"name\":\"Radio Ljubu\u0161ki\",\"url\":\"https:\\\/\\\/radioljubuski.ba\\\/\",\"logo\":{\"@type\":\"ImageObject\",\"inLanguage\":\"hr\",\"@id\":\"https:\\\/\\\/radioljubuski.ba\\\/#\\\/schema\\\/logo\\\/image\\\/\",\"url\":\"https:\\\/\\\/radioljubuski.ba\\\/wp-content\\\/uploads\\\/2021\\\/02\\\/cropped-Radio_Ljubuski_logo1.jpg\",\"contentUrl\":\"https:\\\/\\\/radioljubuski.ba\\\/wp-content\\\/uploads\\\/2021\\\/02\\\/cropped-Radio_Ljubuski_logo1.jpg\",\"width\":512,\"height\":512,\"caption\":\"Radio Ljubu\u0161ki\"},\"image\":{\"@id\":\"https:\\\/\\\/radioljubuski.ba\\\/#\\\/schema\\\/logo\\\/image\\\/\"},\"sameAs\":[\"https:\\\/\\\/www.facebook.com\\\/Radiio-Ljubuski-1490835324566332\",\"https:\\\/\\\/x.com\\\/radioljubuski\",\"https:\\\/\\\/hr.linkedin.com\\\/company\\\/radio-ljubuski\",\"https:\\\/\\\/www.youtube.com\\\/channel\\\/UCHYaeO_n0Db3tjNGudGpXyw\"]},{\"@type\":\"Person\",\"@id\":\"https:\\\/\\\/radioljubuski.ba\\\/#\\\/schema\\\/person\\\/19fc700381a780f69665d7956c469e3b\",\"name\":\"Radio Ljubu\u0161ki\"}]}<\/script>\n<!-- \/ Yoast SEO plugin. -->","yoast_head_json":{"title":"Zbog visokih temperatura savjetuje se vo\u017enja rano ujutro ili kasno poslijepodne - RADIO LJUBU\u0160KI","robots":{"index":"index","follow":"follow","max-snippet":"max-snippet:-1","max-image-preview":"max-image-preview:large","max-video-preview":"max-video-preview:-1"},"canonical":"https:\/\/radioljubuski.ba\/index.php\/2022\/06\/25\/zbog-visokih-temperatura-savjetuje-se-voznja-rano-ujutro-ili-kasno-poslijepodne\/","og_locale":"hr_HR","og_type":"article","og_title":"Zbog visokih temperatura savjetuje se vo\u017enja rano ujutro ili kasno poslijepodne - RADIO LJUBU\u0160KI","og_description":"Frekvencija vozila je umjerenog intenziteta, a zbog visokih dnevnih temperatura savjetujemo da se na du\u017ea putovanja kre\u0107e u ranim jutarnjim ili kasnim popodnevnim satima, priop\u0107eno je iz BIHAMK-a. Danas i sutra (25. i 26.06.2022.god.) zbog radova na asfaltiranju obustavlja se promet na magistralnom putu Prijedor-Banja Luka, na dionici Tunjice-\u0160argovac. Za vrijeme obustave vozila \u0107e se [&hellip;]","og_url":"https:\/\/radioljubuski.ba\/index.php\/2022\/06\/25\/zbog-visokih-temperatura-savjetuje-se-voznja-rano-ujutro-ili-kasno-poslijepodne\/","og_site_name":"RADIO LJUBU\u0160KI","article_publisher":"https:\/\/www.facebook.com\/Radiio-Ljubuski-1490835324566332","article_published_time":"2022-06-25T09:39:04+00:00","article_modified_time":"2022-06-25T09:39:05+00:00","og_image":[{"width":1000,"height":625,"url":"https:\/\/radioljubuski.ba\/wp-content\/uploads\/2021\/06\/vV2MlzDX_voznja_640x410.jpg","type":"image\/jpeg"}],"author":"Radio Ljubu\u0161ki","twitter_card":"summary_large_image","twitter_creator":"@radioljubuski","twitter_site":"@radioljubuski","twitter_misc":{"Napisao\/la":"Radio Ljubu\u0161ki","Procijenjeno vrijeme \u010ditanja":"1 minuta"},"schema":{"@context":"https:\/\/schema.org","@graph":[{"@type":"Article","@id":"https:\/\/radioljubuski.ba\/index.php\/2022\/06\/25\/zbog-visokih-temperatura-savjetuje-se-voznja-rano-ujutro-ili-kasno-poslijepodne\/#article","isPartOf":{"@id":"https:\/\/radioljubuski.ba\/index.php\/2022\/06\/25\/zbog-visokih-temperatura-savjetuje-se-voznja-rano-ujutro-ili-kasno-poslijepodne\/"},"author":{"name":"Radio Ljubu\u0161ki","@id":"https:\/\/radioljubuski.ba\/#\/schema\/person\/19fc700381a780f69665d7956c469e3b"},"headline":"Zbog visokih temperatura savjetuje se vo\u017enja rano ujutro ili kasno poslijepodne","datePublished":"2022-06-25T09:39:04+00:00","dateModified":"2022-06-25T09:39:05+00:00","mainEntityOfPage":{"@id":"https:\/\/radioljubuski.ba\/index.php\/2022\/06\/25\/zbog-visokih-temperatura-savjetuje-se-voznja-rano-ujutro-ili-kasno-poslijepodne\/"},"wordCount":218,"publisher":{"@id":"https:\/\/radioljubuski.ba\/#organization"},"image":{"@id":"https:\/\/radioljubuski.ba\/index.php\/2022\/06\/25\/zbog-visokih-temperatura-savjetuje-se-voznja-rano-ujutro-ili-kasno-poslijepodne\/#primaryimage"},"thumbnailUrl":"https:\/\/radioljubuski.ba\/wp-content\/uploads\/2021\/06\/vV2MlzDX_voznja_640x410.jpg","articleSection":["BIH i regija"],"inLanguage":"hr"},{"@type":"WebPage","@id":"https:\/\/radioljubuski.ba\/index.php\/2022\/06\/25\/zbog-visokih-temperatura-savjetuje-se-voznja-rano-ujutro-ili-kasno-poslijepodne\/","url":"https:\/\/radioljubuski.ba\/index.php\/2022\/06\/25\/zbog-visokih-temperatura-savjetuje-se-voznja-rano-ujutro-ili-kasno-poslijepodne\/","name":"Zbog visokih temperatura savjetuje se vo\u017enja rano ujutro ili kasno poslijepodne - RADIO LJUBU\u0160KI","isPartOf":{"@id":"https:\/\/radioljubuski.ba\/#website"},"primaryImageOfPage":{"@id":"https:\/\/radioljubuski.ba\/index.php\/2022\/06\/25\/zbog-visokih-temperatura-savjetuje-se-voznja-rano-ujutro-ili-kasno-poslijepodne\/#primaryimage"},"image":{"@id":"https:\/\/radioljubuski.ba\/index.php\/2022\/06\/25\/zbog-visokih-temperatura-savjetuje-se-voznja-rano-ujutro-ili-kasno-poslijepodne\/#primaryimage"},"thumbnailUrl":"https:\/\/radioljubuski.ba\/wp-content\/uploads\/2021\/06\/vV2MlzDX_voznja_640x410.jpg","datePublished":"2022-06-25T09:39:04+00:00","dateModified":"2022-06-25T09:39:05+00:00","breadcrumb":{"@id":"https:\/\/radioljubuski.ba\/index.php\/2022\/06\/25\/zbog-visokih-temperatura-savjetuje-se-voznja-rano-ujutro-ili-kasno-poslijepodne\/#breadcrumb"},"inLanguage":"hr","potentialAction":[{"@type":"ReadAction","target":["https:\/\/radioljubuski.ba\/index.php\/2022\/06\/25\/zbog-visokih-temperatura-savjetuje-se-voznja-rano-ujutro-ili-kasno-poslijepodne\/"]}]},{"@type":"ImageObject","inLanguage":"hr","@id":"https:\/\/radioljubuski.ba\/index.php\/2022\/06\/25\/zbog-visokih-temperatura-savjetuje-se-voznja-rano-ujutro-ili-kasno-poslijepodne\/#primaryimage","url":"https:\/\/radioljubuski.ba\/wp-content\/uploads\/2021\/06\/vV2MlzDX_voznja_640x410.jpg","contentUrl":"https:\/\/radioljubuski.ba\/wp-content\/uploads\/2021\/06\/vV2MlzDX_voznja_640x410.jpg","width":1000,"height":625},{"@type":"BreadcrumbList","@id":"https:\/\/radioljubuski.ba\/index.php\/2022\/06\/25\/zbog-visokih-temperatura-savjetuje-se-voznja-rano-ujutro-ili-kasno-poslijepodne\/#breadcrumb","itemListElement":[{"@type":"ListItem","position":1,"name":"Po\u010detna stranica","item":"https:\/\/radioljubuski.ba\/"},{"@type":"ListItem","position":2,"name":"Zbog visokih temperatura savjetuje se vo\u017enja rano ujutro ili kasno poslijepodne"}]},{"@type":"WebSite","@id":"https:\/\/radioljubuski.ba\/#website","url":"https:\/\/radioljubuski.ba\/","name":"Radio Ljubu\u0161ki","description":"Sun\u010dana frekvencija Hercegovine","publisher":{"@id":"https:\/\/radioljubuski.ba\/#organization"},"potentialAction":[{"@type":"SearchAction","target":{"@type":"EntryPoint","urlTemplate":"https:\/\/radioljubuski.ba\/?s={search_term_string}"},"query-input":{"@type":"PropertyValueSpecification","valueRequired":true,"valueName":"search_term_string"}}],"inLanguage":"hr"},{"@type":"Organization","@id":"https:\/\/radioljubuski.ba\/#organization","name":"Radio Ljubu\u0161ki","url":"https:\/\/radioljubuski.ba\/","logo":{"@type":"ImageObject","inLanguage":"hr","@id":"https:\/\/radioljubuski.ba\/#\/schema\/logo\/image\/","url":"https:\/\/radioljubuski.ba\/wp-content\/uploads\/2021\/02\/cropped-Radio_Ljubuski_logo1.jpg","contentUrl":"https:\/\/radioljubuski.ba\/wp-content\/uploads\/2021\/02\/cropped-Radio_Ljubuski_logo1.jpg","width":512,"height":512,"caption":"Radio Ljubu\u0161ki"},"image":{"@id":"https:\/\/radioljubuski.ba\/#\/schema\/logo\/image\/"},"sameAs":["https:\/\/www.facebook.com\/Radiio-Ljubuski-1490835324566332","https:\/\/x.com\/radioljubuski","https:\/\/hr.linkedin.com\/company\/radio-ljubuski","https:\/\/www.youtube.com\/channel\/UCHYaeO_n0Db3tjNGudGpXyw"]},{"@type":"Person","@id":"https:\/\/radioljubuski.ba\/#\/schema\/person\/19fc700381a780f69665d7956c469e3b","name":"Radio Ljubu\u0161ki"}]}},"_links":{"self":[{"href":"https:\/\/radioljubuski.ba\/index.php\/wp-json\/wp\/v2\/posts\/153391","targetHints":{"allow":["GET"]}}],"collection":[{"href":"https:\/\/radioljubuski.ba\/index.php\/wp-json\/wp\/v2\/posts"}],"about":[{"href":"https:\/\/radioljubuski.ba\/index.php\/wp-json\/wp\/v2\/types\/post"}],"author":[{"embeddable":true,"href":"https:\/\/radioljubuski.ba\/index.php\/wp-json\/wp\/v2\/users\/2"}],"replies":[{"embeddable":true,"href":"https:\/\/radioljubuski.ba\/index.php\/wp-json\/wp\/v2\/comments?post=153391"}],"version-history":[{"count":1,"href":"https:\/\/radioljubuski.ba\/index.php\/wp-json\/wp\/v2\/posts\/153391\/revisions"}],"predecessor-version":[{"id":153392,"href":"https:\/\/radioljubuski.ba\/index.php\/wp-json\/wp\/v2\/posts\/153391\/revisions\/153392"}],"wp:featuredmedia":[{"embeddable":true,"href":"https:\/\/radioljubuski.ba\/index.php\/wp-json\/wp\/v2\/media\/33963"}],"wp:attachment":[{"href":"https:\/\/radioljubuski.ba\/index.php\/wp-json\/wp\/v2\/media?parent=153391"}],"wp:term":[{"taxonomy":"category","embeddable":true,"href":"https:\/\/radioljubuski.ba\/index.php\/wp-json\/wp\/v2\/categories?post=153391"},{"taxonomy":"post_tag","embeddable":true,"href":"https:\/\/radioljubuski.ba\/index.php\/wp-json\/wp\/v2\/tags?post=153391"}],"curies":[{"name":"wp","href":"https:\/\/api.w.org\/{rel}","templated":true}]}}