{"id":153393,"date":"2022-06-25T10:40:00","date_gmt":"2022-06-25T09:40:00","guid":{"rendered":"https:\/\/radioljubuski.ba\/?p=153393"},"modified":"2022-06-25T10:40:01","modified_gmt":"2022-06-25T09:40:01","slug":"zavrsavaju-se-radovi-na-procistacu-otpadnih-voda-u-sirokom-brijegu","status":"publish","type":"post","link":"https:\/\/radioljubuski.ba\/index.php\/2022\/06\/25\/zavrsavaju-se-radovi-na-procistacu-otpadnih-voda-u-sirokom-brijegu\/","title":{"rendered":"Zavr\u0161avaju se radovi na pro\u010dista\u010du otpadnih voda u \u0160irokom Brijegu"},"content":{"rendered":"\n<p>Radovi na pro\u010dista\u010du otpadnih voda u \u0160irokom Brijegu protje\u010du prema planu i privode se kraju, kao i brojni drugi projekti kojima se nastoji podi\u0107i kvaliteta \u017eivota gra\u0111ana, kazao je u izjavi za Fenu gradona\u010delnik Miro Kraljevi\u0107 koji je najavio i uljep\u0161avanje sredi\u0161ta grada.<\/p>\n\n\n\n<p>&#8211; Radovi na pro\u010dista\u010du idu jako dobro, iako je bilo nekih probijanja vremenskih rokova iz opravdanih razloga. Bilo je ka\u0161njenja u financiranju, ali izvo\u0111a\u010d je unato\u010d svemu nastavio s radovima \u2013 isti\u010de \u0161irokobrije\u0161ki gradona\u010delnik i napominje da bi u&nbsp;ovoj godini radovi trebali biti privedeni kraju.<\/p>\n\n\n\n<p>Dodaje kako je nu\u017eno priklju\u010denje na kanalizacijski sustav kada se zavr\u0161i projekt pro\u010dista\u010da, a rije\u010d je o naprednijem sustavu odvo\u0111enja otpadnih voda koji \u0107e gra\u0111anima olak\u0161ati svakodnevni \u017eivot.<\/p>\n\n\n\n<p>&#8211; Ja sam zadovoljan jer se radi o zna\u010dajnom projektu za \u0160iroki Brijeg. Ovo je iznimno zahtjevan infrastrukturni projekt zbog toga \u0161to sadr\u017eava&nbsp;cijeli niz pripadaju\u0107ih objekata. To je, opet ponavljam, jako va\u017ean projekt za na\u0161 grad i sustav koji \u0107e zadovoljiti potrebe gra\u0111ana i podi\u0107i standard grada \u2013 ka\u017ee Kraljevi\u0107.<\/p>\n\n\n\n<p>On je govorio i o ure\u0111enje sredi\u0161ta grada, istaknuv\u0161i kako je u planu ure\u0111enje dijela koji se prote\u017ee od glavnog gradskog trga do hotela Park i robne ku\u0107e.<\/p>\n\n\n\n<p>&#8211; Parking ispod robne ku\u0107e i hotela Park neophodno je urediti kako bi bio funkcionalan. Tako\u0111er, svakako vrijedi spomenuti da je na tom dijelu zami\u0161ljen jedan pje\u0161a\u010dki most koji \u0107e voditi na drugu stranu prema vrti\u0107u na Zori\u0107evini, a na toj strani bit \u0107e ure\u0111en i nogostup. \u017delimo da sredi\u0161nji dio na\u0161eg grada bude jedna ure\u0111ena i urbana sredina na zadovoljstvo svih nas u \u0160irokom Brijegu \u2013 nagla\u0161ava gradona\u010delnik.<\/p>\n\n\n\n<p>Pored toga, osvrnuo se i objekte duhanske stanice koji su ve\u0107 dugi niz godina u ru\u0161evnom stanju i koji \u010dekaju potencijalnu obnovu.<\/p>\n\n\n\n<p>Po njemu, namjera je da se duhanska stanica zadr\u017ei u vlasni\u0161tvu grada te iskoristi za nekakav sadr\u017eaj od javnog interesa.<\/p>\n\n\n\n<p>Prostorni plan za to se podru\u010dje privodi kraju, nakon \u010dega \u0107e biti jasnije u kojem \u0107e to i\u0107i smjeru jer je, naime, bilo vi\u0161e planova.<\/p>\n\n\n\n<p>&#8211; Duhanska stanica je duga i zahtjevna pri\u010da, no nadam se da \u0107e se izna\u0107i financijske mogu\u0107nosti za njezinu obnovu. Bilo je planova da na tom mjestu bude \u0161kola i nekoliko povr\u0161ina za parkove i parkirali\u0161ta kojih u gradu nedostaje i za \u0161to treba na\u0107i adekvatno rje\u0161enje \u2013 rekao je Kraljevi\u0107.<\/p>\n\n\n\n<p>Pritom je spomenuo i mnoge privatne objekte koji, kako ka\u017ee, zbog dotrajalosti stvaraju potencijalni problem i opasnost u sredi\u0161tu grada.<\/p>\n\n\n\n<p>&#8211; Objekti koji su u ru\u0161evnom stanju u sredi\u0161tu grada su privatno vlasni\u0161tvo. Mi tim vlasnicima nudimo opciju da navedene objekte uklonimo te da nakon toga oni sa svojim zemlji\u0161tem rade \u0161to god \u017eele, kako bismo sprije\u010dili mogu\u0107e opasnosti za prolaznike i uljep\u0161ali sredi\u0161te grada &#8211; nagla\u0161ava gradona\u010delnik koji bi u budu\u0107nosti \u017eelio da grad izna\u0111e sredstva i za otkup tih zemlji\u0161ta i da se na njima napravi ne\u0161to od javnog interesa.<\/p>\n\n\n\n<p>Spomenuo je i problem prometnih gu\u017evi i potrebu za alternativnim pravcima koji bi se mo\u017eda u budu\u0107nosti mogli graditi kako bi se ponajprije rasteretila Trnska cesta.<\/p>\n\n\n\n<p>&#8211; \u0160irokom Brijegu je zasigurno potrebna jedna prometnica poput ove na Trnu koja je iznimno frekventna. Zami\u0161ljena trasa postoji preko Kne\u0161polja, Uzari\u0107a, Mokrog do Privalja koja bi uvelike rasteretila promet u gradu. Ova trasa u nekom idejnom rje\u0161enju za budu\u0107nost postoji i nadamo se da \u0107e ona jednog dana za\u017eivjeti \u2013 isti\u010de Kraljevi\u0107.<\/p>\n\n\n\n<p>Dr\u017ei da u u\u017eem dijelu grada jo\u0161 ima puno posla te da je nu\u017eno osigurati sve potrebne uvjete za kvalitetniji \u017eivot zajednice.<\/p>\n\n\n\n<p>Izvor:pogled.ba<\/p>\n","protected":false},"excerpt":{"rendered":"<p>Radovi na pro\u010dista\u010du otpadnih voda u \u0160irokom Brijegu protje\u010du prema planu i privode se kraju, kao i brojni drugi projekti kojima se nastoji podi\u0107i kvaliteta \u017eivota gra\u0111ana, kazao je u izjavi za Fenu gradona\u010delnik Miro Kraljevi\u0107 koji je najavio i uljep\u0161avanje sredi\u0161ta grada. &#8211; Radovi na pro\u010dista\u010du idu jako dobro, iako je bilo nekih probijanja [&hellip;]<\/p>\n","protected":false},"author":2,"featured_media":153394,"comment_status":"closed","ping_status":"closed","sticky":false,"template":"","format":"standard","meta":{"h5ap_radio_sources":[],"footnotes":""},"categories":[1],"tags":[],"class_list":["post-153393","post","type-post","status-publish","format-standard","has-post-thumbnail","hentry","category-bihiregija"],"yoast_head":"<!-- This site is optimized with the Yoast SEO plugin v27.4 - https:\/\/yoast.com\/product\/yoast-seo-wordpress\/ -->\n<title>Zavr\u0161avaju se radovi na pro\u010dista\u010du otpadnih voda u \u0160irokom Brijegu - RADIO LJUBU\u0160KI<\/title>\n<meta name=\"robots\" content=\"index, follow, max-snippet:-1, max-image-preview:large, max-video-preview:-1\" \/>\n<link rel=\"canonical\" href=\"https:\/\/radioljubuski.ba\/index.php\/2022\/06\/25\/zavrsavaju-se-radovi-na-procistacu-otpadnih-voda-u-sirokom-brijegu\/\" \/>\n<meta property=\"og:locale\" content=\"hr_HR\" \/>\n<meta property=\"og:type\" content=\"article\" \/>\n<meta property=\"og:title\" content=\"Zavr\u0161avaju se radovi na pro\u010dista\u010du otpadnih voda u \u0160irokom Brijegu - RADIO LJUBU\u0160KI\" \/>\n<meta property=\"og:description\" content=\"Radovi na pro\u010dista\u010du otpadnih voda u \u0160irokom Brijegu protje\u010du prema planu i privode se kraju, kao i brojni drugi projekti kojima se nastoji podi\u0107i kvaliteta \u017eivota gra\u0111ana, kazao je u izjavi za Fenu gradona\u010delnik Miro Kraljevi\u0107 koji je najavio i uljep\u0161avanje sredi\u0161ta grada. &#8211; Radovi na pro\u010dista\u010du idu jako dobro, iako je bilo nekih probijanja [&hellip;]\" \/>\n<meta property=\"og:url\" content=\"https:\/\/radioljubuski.ba\/index.php\/2022\/06\/25\/zavrsavaju-se-radovi-na-procistacu-otpadnih-voda-u-sirokom-brijegu\/\" \/>\n<meta property=\"og:site_name\" content=\"RADIO LJUBU\u0160KI\" \/>\n<meta property=\"article:publisher\" content=\"https:\/\/www.facebook.com\/Radiio-Ljubuski-1490835324566332\" \/>\n<meta property=\"article:published_time\" content=\"2022-06-25T09:40:00+00:00\" \/>\n<meta property=\"article:modified_time\" content=\"2022-06-25T09:40:01+00:00\" \/>\n<meta property=\"og:image\" content=\"https:\/\/radioljubuski.ba\/wp-content\/uploads\/2022\/06\/10-2022-06-25-09-17-09-l_679e2dcae0732bc9fd9db5c6820bc444.jpg\" \/>\n\t<meta property=\"og:image:width\" content=\"1000\" \/>\n\t<meta property=\"og:image:height\" content=\"625\" \/>\n\t<meta property=\"og:image:type\" content=\"image\/jpeg\" \/>\n<meta name=\"author\" content=\"Radio Ljubu\u0161ki\" \/>\n<meta name=\"twitter:card\" content=\"summary_large_image\" \/>\n<meta name=\"twitter:creator\" content=\"@radioljubuski\" \/>\n<meta name=\"twitter:site\" content=\"@radioljubuski\" \/>\n<meta name=\"twitter:label1\" content=\"Napisao\/la\" \/>\n\t<meta name=\"twitter:data1\" content=\"Radio Ljubu\u0161ki\" \/>\n\t<meta name=\"twitter:label2\" content=\"Procijenjeno vrijeme \u010ditanja\" \/>\n\t<meta name=\"twitter:data2\" content=\"3 minute\" \/>\n<script type=\"application\/ld+json\" class=\"yoast-schema-graph\">{\"@context\":\"https:\\\/\\\/schema.org\",\"@graph\":[{\"@type\":\"Article\",\"@id\":\"https:\\\/\\\/radioljubuski.ba\\\/index.php\\\/2022\\\/06\\\/25\\\/zavrsavaju-se-radovi-na-procistacu-otpadnih-voda-u-sirokom-brijegu\\\/#article\",\"isPartOf\":{\"@id\":\"https:\\\/\\\/radioljubuski.ba\\\/index.php\\\/2022\\\/06\\\/25\\\/zavrsavaju-se-radovi-na-procistacu-otpadnih-voda-u-sirokom-brijegu\\\/\"},\"author\":{\"name\":\"Radio Ljubu\u0161ki\",\"@id\":\"https:\\\/\\\/radioljubuski.ba\\\/#\\\/schema\\\/person\\\/19fc700381a780f69665d7956c469e3b\"},\"headline\":\"Zavr\u0161avaju se radovi na pro\u010dista\u010du otpadnih voda u \u0160irokom Brijegu\",\"datePublished\":\"2022-06-25T09:40:00+00:00\",\"dateModified\":\"2022-06-25T09:40:01+00:00\",\"mainEntityOfPage\":{\"@id\":\"https:\\\/\\\/radioljubuski.ba\\\/index.php\\\/2022\\\/06\\\/25\\\/zavrsavaju-se-radovi-na-procistacu-otpadnih-voda-u-sirokom-brijegu\\\/\"},\"wordCount\":681,\"publisher\":{\"@id\":\"https:\\\/\\\/radioljubuski.ba\\\/#organization\"},\"image\":{\"@id\":\"https:\\\/\\\/radioljubuski.ba\\\/index.php\\\/2022\\\/06\\\/25\\\/zavrsavaju-se-radovi-na-procistacu-otpadnih-voda-u-sirokom-brijegu\\\/#primaryimage\"},\"thumbnailUrl\":\"https:\\\/\\\/radioljubuski.ba\\\/wp-content\\\/uploads\\\/2022\\\/06\\\/10-2022-06-25-09-17-09-l_679e2dcae0732bc9fd9db5c6820bc444.jpg\",\"articleSection\":[\"BIH i regija\"],\"inLanguage\":\"hr\"},{\"@type\":\"WebPage\",\"@id\":\"https:\\\/\\\/radioljubuski.ba\\\/index.php\\\/2022\\\/06\\\/25\\\/zavrsavaju-se-radovi-na-procistacu-otpadnih-voda-u-sirokom-brijegu\\\/\",\"url\":\"https:\\\/\\\/radioljubuski.ba\\\/index.php\\\/2022\\\/06\\\/25\\\/zavrsavaju-se-radovi-na-procistacu-otpadnih-voda-u-sirokom-brijegu\\\/\",\"name\":\"Zavr\u0161avaju se radovi na pro\u010dista\u010du otpadnih voda u \u0160irokom Brijegu - RADIO LJUBU\u0160KI\",\"isPartOf\":{\"@id\":\"https:\\\/\\\/radioljubuski.ba\\\/#website\"},\"primaryImageOfPage\":{\"@id\":\"https:\\\/\\\/radioljubuski.ba\\\/index.php\\\/2022\\\/06\\\/25\\\/zavrsavaju-se-radovi-na-procistacu-otpadnih-voda-u-sirokom-brijegu\\\/#primaryimage\"},\"image\":{\"@id\":\"https:\\\/\\\/radioljubuski.ba\\\/index.php\\\/2022\\\/06\\\/25\\\/zavrsavaju-se-radovi-na-procistacu-otpadnih-voda-u-sirokom-brijegu\\\/#primaryimage\"},\"thumbnailUrl\":\"https:\\\/\\\/radioljubuski.ba\\\/wp-content\\\/uploads\\\/2022\\\/06\\\/10-2022-06-25-09-17-09-l_679e2dcae0732bc9fd9db5c6820bc444.jpg\",\"datePublished\":\"2022-06-25T09:40:00+00:00\",\"dateModified\":\"2022-06-25T09:40:01+00:00\",\"breadcrumb\":{\"@id\":\"https:\\\/\\\/radioljubuski.ba\\\/index.php\\\/2022\\\/06\\\/25\\\/zavrsavaju-se-radovi-na-procistacu-otpadnih-voda-u-sirokom-brijegu\\\/#breadcrumb\"},\"inLanguage\":\"hr\",\"potentialAction\":[{\"@type\":\"ReadAction\",\"target\":[\"https:\\\/\\\/radioljubuski.ba\\\/index.php\\\/2022\\\/06\\\/25\\\/zavrsavaju-se-radovi-na-procistacu-otpadnih-voda-u-sirokom-brijegu\\\/\"]}]},{\"@type\":\"ImageObject\",\"inLanguage\":\"hr\",\"@id\":\"https:\\\/\\\/radioljubuski.ba\\\/index.php\\\/2022\\\/06\\\/25\\\/zavrsavaju-se-radovi-na-procistacu-otpadnih-voda-u-sirokom-brijegu\\\/#primaryimage\",\"url\":\"https:\\\/\\\/radioljubuski.ba\\\/wp-content\\\/uploads\\\/2022\\\/06\\\/10-2022-06-25-09-17-09-l_679e2dcae0732bc9fd9db5c6820bc444.jpg\",\"contentUrl\":\"https:\\\/\\\/radioljubuski.ba\\\/wp-content\\\/uploads\\\/2022\\\/06\\\/10-2022-06-25-09-17-09-l_679e2dcae0732bc9fd9db5c6820bc444.jpg\",\"width\":1000,\"height\":625},{\"@type\":\"BreadcrumbList\",\"@id\":\"https:\\\/\\\/radioljubuski.ba\\\/index.php\\\/2022\\\/06\\\/25\\\/zavrsavaju-se-radovi-na-procistacu-otpadnih-voda-u-sirokom-brijegu\\\/#breadcrumb\",\"itemListElement\":[{\"@type\":\"ListItem\",\"position\":1,\"name\":\"Po\u010detna stranica\",\"item\":\"https:\\\/\\\/radioljubuski.ba\\\/\"},{\"@type\":\"ListItem\",\"position\":2,\"name\":\"Zavr\u0161avaju se radovi na pro\u010dista\u010du otpadnih voda u \u0160irokom Brijegu\"}]},{\"@type\":\"WebSite\",\"@id\":\"https:\\\/\\\/radioljubuski.ba\\\/#website\",\"url\":\"https:\\\/\\\/radioljubuski.ba\\\/\",\"name\":\"Radio Ljubu\u0161ki\",\"description\":\"Sun\u010dana frekvencija Hercegovine\",\"publisher\":{\"@id\":\"https:\\\/\\\/radioljubuski.ba\\\/#organization\"},\"potentialAction\":[{\"@type\":\"SearchAction\",\"target\":{\"@type\":\"EntryPoint\",\"urlTemplate\":\"https:\\\/\\\/radioljubuski.ba\\\/?s={search_term_string}\"},\"query-input\":{\"@type\":\"PropertyValueSpecification\",\"valueRequired\":true,\"valueName\":\"search_term_string\"}}],\"inLanguage\":\"hr\"},{\"@type\":\"Organization\",\"@id\":\"https:\\\/\\\/radioljubuski.ba\\\/#organization\",\"name\":\"Radio Ljubu\u0161ki\",\"url\":\"https:\\\/\\\/radioljubuski.ba\\\/\",\"logo\":{\"@type\":\"ImageObject\",\"inLanguage\":\"hr\",\"@id\":\"https:\\\/\\\/radioljubuski.ba\\\/#\\\/schema\\\/logo\\\/image\\\/\",\"url\":\"https:\\\/\\\/radioljubuski.ba\\\/wp-content\\\/uploads\\\/2021\\\/02\\\/cropped-Radio_Ljubuski_logo1.jpg\",\"contentUrl\":\"https:\\\/\\\/radioljubuski.ba\\\/wp-content\\\/uploads\\\/2021\\\/02\\\/cropped-Radio_Ljubuski_logo1.jpg\",\"width\":512,\"height\":512,\"caption\":\"Radio Ljubu\u0161ki\"},\"image\":{\"@id\":\"https:\\\/\\\/radioljubuski.ba\\\/#\\\/schema\\\/logo\\\/image\\\/\"},\"sameAs\":[\"https:\\\/\\\/www.facebook.com\\\/Radiio-Ljubuski-1490835324566332\",\"https:\\\/\\\/x.com\\\/radioljubuski\",\"https:\\\/\\\/hr.linkedin.com\\\/company\\\/radio-ljubuski\",\"https:\\\/\\\/www.youtube.com\\\/channel\\\/UCHYaeO_n0Db3tjNGudGpXyw\"]},{\"@type\":\"Person\",\"@id\":\"https:\\\/\\\/radioljubuski.ba\\\/#\\\/schema\\\/person\\\/19fc700381a780f69665d7956c469e3b\",\"name\":\"Radio Ljubu\u0161ki\"}]}<\/script>\n<!-- \/ Yoast SEO plugin. -->","yoast_head_json":{"title":"Zavr\u0161avaju se radovi na pro\u010dista\u010du otpadnih voda u \u0160irokom Brijegu - RADIO LJUBU\u0160KI","robots":{"index":"index","follow":"follow","max-snippet":"max-snippet:-1","max-image-preview":"max-image-preview:large","max-video-preview":"max-video-preview:-1"},"canonical":"https:\/\/radioljubuski.ba\/index.php\/2022\/06\/25\/zavrsavaju-se-radovi-na-procistacu-otpadnih-voda-u-sirokom-brijegu\/","og_locale":"hr_HR","og_type":"article","og_title":"Zavr\u0161avaju se radovi na pro\u010dista\u010du otpadnih voda u \u0160irokom Brijegu - RADIO LJUBU\u0160KI","og_description":"Radovi na pro\u010dista\u010du otpadnih voda u \u0160irokom Brijegu protje\u010du prema planu i privode se kraju, kao i brojni drugi projekti kojima se nastoji podi\u0107i kvaliteta \u017eivota gra\u0111ana, kazao je u izjavi za Fenu gradona\u010delnik Miro Kraljevi\u0107 koji je najavio i uljep\u0161avanje sredi\u0161ta grada. &#8211; Radovi na pro\u010dista\u010du idu jako dobro, iako je bilo nekih probijanja [&hellip;]","og_url":"https:\/\/radioljubuski.ba\/index.php\/2022\/06\/25\/zavrsavaju-se-radovi-na-procistacu-otpadnih-voda-u-sirokom-brijegu\/","og_site_name":"RADIO LJUBU\u0160KI","article_publisher":"https:\/\/www.facebook.com\/Radiio-Ljubuski-1490835324566332","article_published_time":"2022-06-25T09:40:00+00:00","article_modified_time":"2022-06-25T09:40:01+00:00","og_image":[{"width":1000,"height":625,"url":"https:\/\/radioljubuski.ba\/wp-content\/uploads\/2022\/06\/10-2022-06-25-09-17-09-l_679e2dcae0732bc9fd9db5c6820bc444.jpg","type":"image\/jpeg"}],"author":"Radio Ljubu\u0161ki","twitter_card":"summary_large_image","twitter_creator":"@radioljubuski","twitter_site":"@radioljubuski","twitter_misc":{"Napisao\/la":"Radio Ljubu\u0161ki","Procijenjeno vrijeme \u010ditanja":"3 minute"},"schema":{"@context":"https:\/\/schema.org","@graph":[{"@type":"Article","@id":"https:\/\/radioljubuski.ba\/index.php\/2022\/06\/25\/zavrsavaju-se-radovi-na-procistacu-otpadnih-voda-u-sirokom-brijegu\/#article","isPartOf":{"@id":"https:\/\/radioljubuski.ba\/index.php\/2022\/06\/25\/zavrsavaju-se-radovi-na-procistacu-otpadnih-voda-u-sirokom-brijegu\/"},"author":{"name":"Radio Ljubu\u0161ki","@id":"https:\/\/radioljubuski.ba\/#\/schema\/person\/19fc700381a780f69665d7956c469e3b"},"headline":"Zavr\u0161avaju se radovi na pro\u010dista\u010du otpadnih voda u \u0160irokom Brijegu","datePublished":"2022-06-25T09:40:00+00:00","dateModified":"2022-06-25T09:40:01+00:00","mainEntityOfPage":{"@id":"https:\/\/radioljubuski.ba\/index.php\/2022\/06\/25\/zavrsavaju-se-radovi-na-procistacu-otpadnih-voda-u-sirokom-brijegu\/"},"wordCount":681,"publisher":{"@id":"https:\/\/radioljubuski.ba\/#organization"},"image":{"@id":"https:\/\/radioljubuski.ba\/index.php\/2022\/06\/25\/zavrsavaju-se-radovi-na-procistacu-otpadnih-voda-u-sirokom-brijegu\/#primaryimage"},"thumbnailUrl":"https:\/\/radioljubuski.ba\/wp-content\/uploads\/2022\/06\/10-2022-06-25-09-17-09-l_679e2dcae0732bc9fd9db5c6820bc444.jpg","articleSection":["BIH i regija"],"inLanguage":"hr"},{"@type":"WebPage","@id":"https:\/\/radioljubuski.ba\/index.php\/2022\/06\/25\/zavrsavaju-se-radovi-na-procistacu-otpadnih-voda-u-sirokom-brijegu\/","url":"https:\/\/radioljubuski.ba\/index.php\/2022\/06\/25\/zavrsavaju-se-radovi-na-procistacu-otpadnih-voda-u-sirokom-brijegu\/","name":"Zavr\u0161avaju se radovi na pro\u010dista\u010du otpadnih voda u \u0160irokom Brijegu - RADIO LJUBU\u0160KI","isPartOf":{"@id":"https:\/\/radioljubuski.ba\/#website"},"primaryImageOfPage":{"@id":"https:\/\/radioljubuski.ba\/index.php\/2022\/06\/25\/zavrsavaju-se-radovi-na-procistacu-otpadnih-voda-u-sirokom-brijegu\/#primaryimage"},"image":{"@id":"https:\/\/radioljubuski.ba\/index.php\/2022\/06\/25\/zavrsavaju-se-radovi-na-procistacu-otpadnih-voda-u-sirokom-brijegu\/#primaryimage"},"thumbnailUrl":"https:\/\/radioljubuski.ba\/wp-content\/uploads\/2022\/06\/10-2022-06-25-09-17-09-l_679e2dcae0732bc9fd9db5c6820bc444.jpg","datePublished":"2022-06-25T09:40:00+00:00","dateModified":"2022-06-25T09:40:01+00:00","breadcrumb":{"@id":"https:\/\/radioljubuski.ba\/index.php\/2022\/06\/25\/zavrsavaju-se-radovi-na-procistacu-otpadnih-voda-u-sirokom-brijegu\/#breadcrumb"},"inLanguage":"hr","potentialAction":[{"@type":"ReadAction","target":["https:\/\/radioljubuski.ba\/index.php\/2022\/06\/25\/zavrsavaju-se-radovi-na-procistacu-otpadnih-voda-u-sirokom-brijegu\/"]}]},{"@type":"ImageObject","inLanguage":"hr","@id":"https:\/\/radioljubuski.ba\/index.php\/2022\/06\/25\/zavrsavaju-se-radovi-na-procistacu-otpadnih-voda-u-sirokom-brijegu\/#primaryimage","url":"https:\/\/radioljubuski.ba\/wp-content\/uploads\/2022\/06\/10-2022-06-25-09-17-09-l_679e2dcae0732bc9fd9db5c6820bc444.jpg","contentUrl":"https:\/\/radioljubuski.ba\/wp-content\/uploads\/2022\/06\/10-2022-06-25-09-17-09-l_679e2dcae0732bc9fd9db5c6820bc444.jpg","width":1000,"height":625},{"@type":"BreadcrumbList","@id":"https:\/\/radioljubuski.ba\/index.php\/2022\/06\/25\/zavrsavaju-se-radovi-na-procistacu-otpadnih-voda-u-sirokom-brijegu\/#breadcrumb","itemListElement":[{"@type":"ListItem","position":1,"name":"Po\u010detna stranica","item":"https:\/\/radioljubuski.ba\/"},{"@type":"ListItem","position":2,"name":"Zavr\u0161avaju se radovi na pro\u010dista\u010du otpadnih voda u \u0160irokom Brijegu"}]},{"@type":"WebSite","@id":"https:\/\/radioljubuski.ba\/#website","url":"https:\/\/radioljubuski.ba\/","name":"Radio Ljubu\u0161ki","description":"Sun\u010dana frekvencija Hercegovine","publisher":{"@id":"https:\/\/radioljubuski.ba\/#organization"},"potentialAction":[{"@type":"SearchAction","target":{"@type":"EntryPoint","urlTemplate":"https:\/\/radioljubuski.ba\/?s={search_term_string}"},"query-input":{"@type":"PropertyValueSpecification","valueRequired":true,"valueName":"search_term_string"}}],"inLanguage":"hr"},{"@type":"Organization","@id":"https:\/\/radioljubuski.ba\/#organization","name":"Radio Ljubu\u0161ki","url":"https:\/\/radioljubuski.ba\/","logo":{"@type":"ImageObject","inLanguage":"hr","@id":"https:\/\/radioljubuski.ba\/#\/schema\/logo\/image\/","url":"https:\/\/radioljubuski.ba\/wp-content\/uploads\/2021\/02\/cropped-Radio_Ljubuski_logo1.jpg","contentUrl":"https:\/\/radioljubuski.ba\/wp-content\/uploads\/2021\/02\/cropped-Radio_Ljubuski_logo1.jpg","width":512,"height":512,"caption":"Radio Ljubu\u0161ki"},"image":{"@id":"https:\/\/radioljubuski.ba\/#\/schema\/logo\/image\/"},"sameAs":["https:\/\/www.facebook.com\/Radiio-Ljubuski-1490835324566332","https:\/\/x.com\/radioljubuski","https:\/\/hr.linkedin.com\/company\/radio-ljubuski","https:\/\/www.youtube.com\/channel\/UCHYaeO_n0Db3tjNGudGpXyw"]},{"@type":"Person","@id":"https:\/\/radioljubuski.ba\/#\/schema\/person\/19fc700381a780f69665d7956c469e3b","name":"Radio Ljubu\u0161ki"}]}},"_links":{"self":[{"href":"https:\/\/radioljubuski.ba\/index.php\/wp-json\/wp\/v2\/posts\/153393","targetHints":{"allow":["GET"]}}],"collection":[{"href":"https:\/\/radioljubuski.ba\/index.php\/wp-json\/wp\/v2\/posts"}],"about":[{"href":"https:\/\/radioljubuski.ba\/index.php\/wp-json\/wp\/v2\/types\/post"}],"author":[{"embeddable":true,"href":"https:\/\/radioljubuski.ba\/index.php\/wp-json\/wp\/v2\/users\/2"}],"replies":[{"embeddable":true,"href":"https:\/\/radioljubuski.ba\/index.php\/wp-json\/wp\/v2\/comments?post=153393"}],"version-history":[{"count":1,"href":"https:\/\/radioljubuski.ba\/index.php\/wp-json\/wp\/v2\/posts\/153393\/revisions"}],"predecessor-version":[{"id":153395,"href":"https:\/\/radioljubuski.ba\/index.php\/wp-json\/wp\/v2\/posts\/153393\/revisions\/153395"}],"wp:featuredmedia":[{"embeddable":true,"href":"https:\/\/radioljubuski.ba\/index.php\/wp-json\/wp\/v2\/media\/153394"}],"wp:attachment":[{"href":"https:\/\/radioljubuski.ba\/index.php\/wp-json\/wp\/v2\/media?parent=153393"}],"wp:term":[{"taxonomy":"category","embeddable":true,"href":"https:\/\/radioljubuski.ba\/index.php\/wp-json\/wp\/v2\/categories?post=153393"},{"taxonomy":"post_tag","embeddable":true,"href":"https:\/\/radioljubuski.ba\/index.php\/wp-json\/wp\/v2\/tags?post=153393"}],"curies":[{"name":"wp","href":"https:\/\/api.w.org\/{rel}","templated":true}]}}