{"id":15342,"date":"2021-04-22T12:07:23","date_gmt":"2021-04-22T11:07:23","guid":{"rendered":"https:\/\/radioljubuski.ba\/?p=15342"},"modified":"2021-04-22T12:07:24","modified_gmt":"2021-04-22T11:07:24","slug":"stozer-2885-novih-slucajeva-preminulo-46-osoba","status":"publish","type":"post","link":"https:\/\/radioljubuski.ba\/index.php\/2021\/04\/22\/stozer-2885-novih-slucajeva-preminulo-46-osoba\/","title":{"rendered":"Sto\u017eer: 2885 novih slu\u010dajeva, preminulo 46 osoba"},"content":{"rendered":"\n<p><strong>U posljednja 24 sata zabilje\u017eeno je 2885 novih slu\u010dajeva zaraze virusom SARS-CoV-2 te je broj aktivnih slu\u010dajeva u Hrvatskoj danas ukupno 16 116. Me\u0111u njima je 2229 pacijenata na bolni\u010dkom lije\u010denju, od toga je na respiratoru 226. Preminulo je 46 osoba.<\/strong><\/p>\n\n\n\n<p>Od 25. velja\u010de 2020., kada je zabilje\u017een prvi slu\u010daj zaraze u Hrvatskoj, do danas ukupno je zabilje\u017eeno 316 308 osoba zara\u017eenih novim koronavirusom, od kojih je 6738 preminulo, ukupno su se oporavile 293 454 osobe, od toga 2103 u posljednja 24 sata.<br><br>U samoizolaciji je trenuta\u010dno 33 940 ljudi.<br><br>Do danas su ukupno testirane 1 734 234 osobe, od toga 10 537 u posljednja 24 sata.<br><br>Zaklju\u010dno s 21. travnja utro\u0161eno je 726 315 doza, a cijepljene su 578 273 osobe. Prvom dozom cijepljeno je 427 919 osoba, a drugom dozom 148 042. Za 2312 ljudi nema podataka kojom dozom su cijepljeni.<\/p>\n\n\n\n<h4 class=\"wp-block-heading\">Masovno cijepljenje na Zagreba\u010dkom velesajmu<\/h4>\n\n\n\n<p>12:03<\/p>\n\n\n\n<p>Na Zagreba\u010dkom velesajmu nastavljeno je masovno cijepljenje.<br><br>&#8211; Ovdje na zagreba\u010dkom velesajmu nastavljeno je cijepljenje Pfizerovim cjepivom. Ju\u010der je cijepljeno \u010dak 4600 gra\u0111ana, za danas ih je pozvano otprilike isto toliko ljudi. I dalje se \u010deka u redovima, ljudi i dalje unato\u010d molbama dolaze izvan termina, ali sve to skupa funkcionira puno bolje nego \u0161to je to bio slu\u010daj prvi dan. Ljudi se ipak dr\u017ee razmaka i svi nose za\u0161titne maske te nema ve\u0107ih gu\u017evi. Za po\u0161tovanje epidemiolo\u0161kih mjera brinu se covid redari i pripadnici civilne za\u0161tite. Iz nastavnog zavoda za javno zdravstvo jo\u0161 jednom upozoravaju da na cijepljenje gra\u0111ani dolaze u terminu kad su naru\u010deni i da ne dolaze bez termina, rekla je novinarka HRT-a&nbsp;<strong>Dajana \u0160o\u0161i\u0107&nbsp;<\/strong>u javljanju za podnevni Dnevnik HTV-a<br><br>&#8211; Cijepljenje se nastavlja i sutra kada je planirano cijepljenje oko 2000 gra\u0111ana jer&nbsp; se cijepi samo prijepodne. Danas \u0107e se ovdje u popodnevnim satima Pfizerom cijepiti i&nbsp; 400 zaposlenika pred\u0161kolskih ustanova, osnovnih i srednjih \u0161kola. Interes je pokazalo oko 40% ispitanika, dodala je.<\/p>\n\n\n\n<h4 class=\"wp-block-heading\"><br>\u0160iki\u0107: Cijepili smo najve\u0107i broj osoba u jednom danu u Hrvatskoj<\/h4>\n\n\n\n<p>08:32<\/p>\n\n\n\n<p>&#8211; Vjerujem da je sve ve\u0107a svijest o potrebi cijepljenja i da \u0107e se sve vi\u0161e ljudi \u017eeljeti cijepiti. Mislim da je razlog prekju\u010dera\u0161njih gu\u017evi prvi dan cijepljenja Pfizerovim cijepljenjem. Nema potrebe za nervozom, gra\u0111ani su naru\u010deni su kroz cijeli dan u to\u010dan termin i nema potrebe da se dolazi sat-dva ranije nego 10-ak minuta ranije. Svi \u0107e do\u0107i na red, svi koji su pozvani bit \u0107e cijepljeni, osiguran je to\u010dan broj doza koliko je potvr\u0111enih termina, rekla je zamjenica ravnatelja Nastavnog zavoda za javno zdravstvo \u201eDr.Andrija \u0160tampar&#8221;&nbsp;<strong>Sandra \u0160iki\u0107&nbsp;<\/strong>u emisiji HRT-a Studio 4.<\/p>\n\n\n\n<h4 class=\"wp-block-heading\"><br>Karin: Obiteljska dru\u017eenja najve\u0107i izvor zaraze<\/h4>\n\n\n\n<p>07:31<\/p>\n\n\n\n<p>Ravnateljica Nastavnog zavoda Splitsko-dalmatinske \u017eupanije \u017deljka Karin u emisiji U mre\u017ei Prvog osvrnula se na krizme, pri\u010desti i ve\u0107a okupljanja. Ka\u017ee kako su problem su obiteljska dru\u017eenja nakon tih doga\u0111anja, to je glavni izvor zaraze. Razgovaraju s nadbiskupijom o odgodi, danas imaju sastanak. Prijedlog je da se trenuta\u010dno sve odgodi dok se ne smiri epidemiolo\u0161ka situacija.&nbsp;<\/p>\n\n\n\n<p><strong>Podaci iz \u017eupanijskih sto\u017eera:&nbsp;<\/strong><strong><br><\/strong><br>\u25cf U<strong>&nbsp;Krapinsko-zagorskoj \u017eupaniji&nbsp;<\/strong>65 je novozara\u017eenih, jedna je osoba preminula.<br>\u25cf U&nbsp;<strong>Brodsko-posavskoj \u017eupaniji<\/strong>&nbsp;77 je novih slu\u010dajeva zaraze.<br>\u25cf U&nbsp;<strong>Splitsko-dalmatinskoj \u017eupaniji<\/strong>&nbsp;308 je novozara\u017eenih, pet je osoba preminulo.<br>\u25cf U&nbsp;<strong>\u0160ibensko-kninskoj \u017eupaniji<\/strong>&nbsp;181 je novi slu\u010daj, jedna je osoba preminula.<br>\u25cf U&nbsp;<strong>Gradu Zagrebu<\/strong>&nbsp;zabilje\u017eeno je 578 novozara\u017eenih.&nbsp;<br>\u25cf U&nbsp;<strong>Vara\u017edinskoj \u017eupaniji&nbsp;<\/strong>121 je novi slu\u010daj zaraze, 5 osoba je preminulo.<br>\u25cf U<strong>&nbsp;Osje\u010dko-baranjskoj \u017eupaniji&nbsp;<\/strong>153 su novozara\u017eena, tri su osobe preminule.<br>\u25cf U&nbsp;<strong>Dubrova\u010dko-neretvanskoj \u017eupaniji<\/strong>&nbsp;48 je novozara\u017eenih, umrla je jedna osoba.<br>\u25cf U&nbsp;<strong>Me\u0111imurskoj \u017eupaniji&nbsp;<\/strong>168 je novih slu\u010dajeva zaraze.<br>\u25cf U&nbsp;<strong>Karlova\u010dkoj \u017eupaniji&nbsp;<\/strong>133 su nova slu\u010daja, sedam je osoba preminulo.<br>\u25cf U&nbsp;<strong>Zadarskoj \u017eupaniji&nbsp;<\/strong>154 su nova slu\u010daja zaraze.<br>\u25cf U&nbsp;<strong>Zagreba\u010dkoj \u017eupaniji&nbsp;<\/strong>361 je novozara\u017eena osoba.<br>\u25cf U&nbsp;<strong>Primorsko-goranskoj \u017eupaniji&nbsp;<\/strong>276 je novih slu\u010dajeva, \u010detiri su osobe preminule.<br>\u25cf U&nbsp;<strong>Vukovarsko-srijemskoj \u017eupaniji&nbsp;<\/strong>103 su novozara\u017eena, jedna je osoba preminula.<br>\u25cf U&nbsp;<strong>Koprivni\u010dko-kri\u017eeva\u010dkoj \u017eupaniji&nbsp;<\/strong>63 su nova slu\u010daja zaraze.<br>\u25cf U&nbsp;<strong>Li\u010dko-senjskoj \u017eupaniji<\/strong>&nbsp;23 su novozara\u017eena, dvije su osobe preminule.<br>\u25cf U&nbsp;<strong>Viroviti\u010dko-podravskoj \u017eupaniji&nbsp;<\/strong>23 su novozara\u017eena.<br>\u25cf U&nbsp;<strong>Istarskoj \u017eupaniji&nbsp;<\/strong>11 je novih slu\u010dajeva zaraze.<br>\u25cf U&nbsp;<strong>Bjelovarsko-bilogorskoj \u017eupaniji&nbsp;<\/strong>58 je novih slu\u010dajeva zaraze.<br>\u25cf U&nbsp;<strong>Po\u017ee\u0161ko-slavonskoj \u017eupaniji<\/strong>&nbsp;94 su nova slu\u010daja zaraze.<br>\u25cf U&nbsp;<strong>Sisa\u010dko-moslava\u010dkoj \u017eupaniji<\/strong>&nbsp;121 je novi slu\u010daj zaraze koronavirusom.<\/p>\n\n\n\n<p>Do kraja lipnja Hrvatskoj \u0107e biti isporu\u010deno ukupno vi\u0161e od 3 milijuna doza cjepiva pa se radi na novom akcijskom planu i razgovara o novim punktovima kako bi se prije ljeta cijepilo \u0161to vi\u0161e ljudi. Svim \u017eupanijama poslana je poruka da se dobro organiziraju i mobiliziraju kako bi se dnevno cijepilo izme\u0111u 17 i 20 tisu\u0107a gra\u0111ana.<br><br>\u25cf Vladaju virulentniji sojevi koronavirusa, na ljeto \u0107e do\u0107i do olak\u0161anja, ali moramo misliti na jesen, kazao je u Dnevniku HTV-a imunolog&nbsp;<strong>Zlatko Trobonja\u010da<\/strong>&nbsp;i poru\u010dio &#8211; bitno je cijepiti se!<br><br>\u25cf Ako s dolaskom novih doza odaziv na cijepljenje bude velik, do ljeta bismo mogli zaboraviti na maske, smatra&nbsp;<strong>Bernard Kai\u0107<\/strong>, \u0161ef Epidemiolo\u0161ke slu\u017ebe Hrvatskog zavoda za javno zdravstvo.<\/p>\n\n\n\n<p><strong>Pandemija u svijetu<\/strong><strong><br><\/strong><br>\u25cf Slu\u010dajevi covida-19 eksplodirali su u o\u017eujku u jednom umirovljeni\u010dkom domu u SAD-u u kojem je veliki dio korisnika bio cijepljen, nakon \u0161to je necijepljeni \u010dlan osoblja unio novu varijantu, pokazala je studija ameri\u010dkog CDC-a objavljena u srijedu.&nbsp;<a href=\"https:\/\/vijesti.hrt.hr\/svijet\/sad-cijepljeni-korisnici-doma-zarazili-se-novom-varijantom-1534524\" target=\"_blank\" rel=\"noreferrer noopener\"><strong>Op\u0161irnije<\/strong><\/a><br><br>\u25cf Indija je u \u010detvrtak zabilje\u017eila 314.835 novih slu\u010dajeva zaraze koronavirusom, \u0161to je globalno najve\u0107i dnevni porast u svijetu od po\u010detka pandemije. Bolnice \u0161irom sjeverne i zapadne Indije, uklju\u010duju\u0107i u prijestolnici New Delhiju, upozorile su da imaju zalihe medicinskog kisika za oristi oboljele od COVID-19 svega za nekoliko sati. Vi\u0161e od dvije tre\u0107ine bolnica nema slobodne krevete, proizlazi iz online baze podataka vlade New Delhija.&nbsp;<a href=\"https:\/\/vijesti.hrt.hr\/svijet\/indija-zabiljezila-globalno-najveci-dnevni-porast-zarazenih-1534375\" target=\"_blank\" rel=\"noreferrer noopener\"><strong>Op\u0161irnije<\/strong><\/a><br><br>\u25cf Ameri\u010dki State Department dodao je ovaj tjedan stotinjak zemalja na popis dr\u017eava za koje ne preporu\u010duje da se u njih putuje, a me\u0111u njima je i Hrvatska. Ta se odluka temelji na ocjenama epidemiolo\u0161ke situacije u tim zemljama. Ve\u0107ini Amerikanaca ve\u0107 je onemogu\u0107eno putovanje u ve\u0107i dio Europe zbog pandemije bolesti COVID-19.<\/p>\n\n\n\n<p>Izvor:hrt.hr<\/p>\n","protected":false},"excerpt":{"rendered":"<p>U posljednja 24 sata zabilje\u017eeno je 2885 novih slu\u010dajeva zaraze virusom SARS-CoV-2 te je broj aktivnih slu\u010dajeva u Hrvatskoj danas ukupno 16 116. Me\u0111u njima je 2229 pacijenata na bolni\u010dkom lije\u010denju, od toga je na respiratoru 226. Preminulo je 46 osoba. Od 25. velja\u010de 2020., kada je zabilje\u017een prvi slu\u010daj zaraze u Hrvatskoj, do danas [&hellip;]<\/p>\n","protected":false},"author":2,"featured_media":15343,"comment_status":"closed","ping_status":"closed","sticky":false,"template":"","format":"standard","meta":{"h5ap_radio_sources":[],"footnotes":""},"categories":[1],"tags":[],"class_list":["post-15342","post","type-post","status-publish","format-standard","has-post-thumbnail","hentry","category-bihiregija"],"yoast_head":"<!-- This site is optimized with the Yoast SEO plugin v27.5 - https:\/\/yoast.com\/product\/yoast-seo-wordpress\/ -->\n<title>Sto\u017eer: 2885 novih slu\u010dajeva, preminulo 46 osoba - RADIO LJUBU\u0160KI<\/title>\n<meta name=\"robots\" content=\"index, follow, max-snippet:-1, max-image-preview:large, max-video-preview:-1\" \/>\n<link rel=\"canonical\" href=\"https:\/\/radioljubuski.ba\/index.php\/2021\/04\/22\/stozer-2885-novih-slucajeva-preminulo-46-osoba\/\" \/>\n<meta property=\"og:locale\" content=\"hr_HR\" \/>\n<meta property=\"og:type\" content=\"article\" \/>\n<meta property=\"og:title\" content=\"Sto\u017eer: 2885 novih slu\u010dajeva, preminulo 46 osoba - RADIO LJUBU\u0160KI\" \/>\n<meta property=\"og:description\" content=\"U posljednja 24 sata zabilje\u017eeno je 2885 novih slu\u010dajeva zaraze virusom SARS-CoV-2 te je broj aktivnih slu\u010dajeva u Hrvatskoj danas ukupno 16 116. Me\u0111u njima je 2229 pacijenata na bolni\u010dkom lije\u010denju, od toga je na respiratoru 226. Preminulo je 46 osoba. Od 25. velja\u010de 2020., kada je zabilje\u017een prvi slu\u010daj zaraze u Hrvatskoj, do danas [&hellip;]\" \/>\n<meta property=\"og:url\" content=\"https:\/\/radioljubuski.ba\/index.php\/2021\/04\/22\/stozer-2885-novih-slucajeva-preminulo-46-osoba\/\" \/>\n<meta property=\"og:site_name\" content=\"RADIO LJUBU\u0160KI\" \/>\n<meta property=\"article:publisher\" content=\"https:\/\/www.facebook.com\/Radiio-Ljubuski-1490835324566332\" \/>\n<meta property=\"article:published_time\" content=\"2021-04-22T11:07:23+00:00\" \/>\n<meta property=\"article:modified_time\" content=\"2021-04-22T11:07:24+00:00\" \/>\n<meta property=\"og:image\" content=\"https:\/\/radioljubuski.ba\/wp-content\/uploads\/2021\/04\/66-20.png\" \/>\n\t<meta property=\"og:image:width\" content=\"644\" \/>\n\t<meta property=\"og:image:height\" content=\"361\" \/>\n\t<meta property=\"og:image:type\" content=\"image\/png\" \/>\n<meta name=\"author\" content=\"Radio Ljubu\u0161ki\" \/>\n<meta name=\"twitter:card\" content=\"summary_large_image\" \/>\n<meta name=\"twitter:creator\" content=\"@radioljubuski\" \/>\n<meta name=\"twitter:site\" content=\"@radioljubuski\" \/>\n<meta name=\"twitter:label1\" content=\"Napisao\/la\" \/>\n\t<meta name=\"twitter:data1\" content=\"Radio Ljubu\u0161ki\" \/>\n\t<meta name=\"twitter:label2\" content=\"Procijenjeno vrijeme \u010ditanja\" \/>\n\t<meta name=\"twitter:data2\" content=\"5 minuta\" \/>\n<script type=\"application\/ld+json\" class=\"yoast-schema-graph\">{\"@context\":\"https:\\\/\\\/schema.org\",\"@graph\":[{\"@type\":\"Article\",\"@id\":\"https:\\\/\\\/radioljubuski.ba\\\/index.php\\\/2021\\\/04\\\/22\\\/stozer-2885-novih-slucajeva-preminulo-46-osoba\\\/#article\",\"isPartOf\":{\"@id\":\"https:\\\/\\\/radioljubuski.ba\\\/index.php\\\/2021\\\/04\\\/22\\\/stozer-2885-novih-slucajeva-preminulo-46-osoba\\\/\"},\"author\":{\"name\":\"Radio Ljubu\u0161ki\",\"@id\":\"https:\\\/\\\/radioljubuski.ba\\\/#\\\/schema\\\/person\\\/19fc700381a780f69665d7956c469e3b\"},\"headline\":\"Sto\u017eer: 2885 novih slu\u010dajeva, preminulo 46 osoba\",\"datePublished\":\"2021-04-22T11:07:23+00:00\",\"dateModified\":\"2021-04-22T11:07:24+00:00\",\"mainEntityOfPage\":{\"@id\":\"https:\\\/\\\/radioljubuski.ba\\\/index.php\\\/2021\\\/04\\\/22\\\/stozer-2885-novih-slucajeva-preminulo-46-osoba\\\/\"},\"wordCount\":1079,\"publisher\":{\"@id\":\"https:\\\/\\\/radioljubuski.ba\\\/#organization\"},\"image\":{\"@id\":\"https:\\\/\\\/radioljubuski.ba\\\/index.php\\\/2021\\\/04\\\/22\\\/stozer-2885-novih-slucajeva-preminulo-46-osoba\\\/#primaryimage\"},\"thumbnailUrl\":\"https:\\\/\\\/radioljubuski.ba\\\/wp-content\\\/uploads\\\/2021\\\/04\\\/66-20.png\",\"articleSection\":[\"BIH i regija\"],\"inLanguage\":\"hr\"},{\"@type\":\"WebPage\",\"@id\":\"https:\\\/\\\/radioljubuski.ba\\\/index.php\\\/2021\\\/04\\\/22\\\/stozer-2885-novih-slucajeva-preminulo-46-osoba\\\/\",\"url\":\"https:\\\/\\\/radioljubuski.ba\\\/index.php\\\/2021\\\/04\\\/22\\\/stozer-2885-novih-slucajeva-preminulo-46-osoba\\\/\",\"name\":\"Sto\u017eer: 2885 novih slu\u010dajeva, preminulo 46 osoba - RADIO LJUBU\u0160KI\",\"isPartOf\":{\"@id\":\"https:\\\/\\\/radioljubuski.ba\\\/#website\"},\"primaryImageOfPage\":{\"@id\":\"https:\\\/\\\/radioljubuski.ba\\\/index.php\\\/2021\\\/04\\\/22\\\/stozer-2885-novih-slucajeva-preminulo-46-osoba\\\/#primaryimage\"},\"image\":{\"@id\":\"https:\\\/\\\/radioljubuski.ba\\\/index.php\\\/2021\\\/04\\\/22\\\/stozer-2885-novih-slucajeva-preminulo-46-osoba\\\/#primaryimage\"},\"thumbnailUrl\":\"https:\\\/\\\/radioljubuski.ba\\\/wp-content\\\/uploads\\\/2021\\\/04\\\/66-20.png\",\"datePublished\":\"2021-04-22T11:07:23+00:00\",\"dateModified\":\"2021-04-22T11:07:24+00:00\",\"breadcrumb\":{\"@id\":\"https:\\\/\\\/radioljubuski.ba\\\/index.php\\\/2021\\\/04\\\/22\\\/stozer-2885-novih-slucajeva-preminulo-46-osoba\\\/#breadcrumb\"},\"inLanguage\":\"hr\",\"potentialAction\":[{\"@type\":\"ReadAction\",\"target\":[\"https:\\\/\\\/radioljubuski.ba\\\/index.php\\\/2021\\\/04\\\/22\\\/stozer-2885-novih-slucajeva-preminulo-46-osoba\\\/\"]}]},{\"@type\":\"ImageObject\",\"inLanguage\":\"hr\",\"@id\":\"https:\\\/\\\/radioljubuski.ba\\\/index.php\\\/2021\\\/04\\\/22\\\/stozer-2885-novih-slucajeva-preminulo-46-osoba\\\/#primaryimage\",\"url\":\"https:\\\/\\\/radioljubuski.ba\\\/wp-content\\\/uploads\\\/2021\\\/04\\\/66-20.png\",\"contentUrl\":\"https:\\\/\\\/radioljubuski.ba\\\/wp-content\\\/uploads\\\/2021\\\/04\\\/66-20.png\",\"width\":644,\"height\":361},{\"@type\":\"BreadcrumbList\",\"@id\":\"https:\\\/\\\/radioljubuski.ba\\\/index.php\\\/2021\\\/04\\\/22\\\/stozer-2885-novih-slucajeva-preminulo-46-osoba\\\/#breadcrumb\",\"itemListElement\":[{\"@type\":\"ListItem\",\"position\":1,\"name\":\"Po\u010detna stranica\",\"item\":\"https:\\\/\\\/radioljubuski.ba\\\/\"},{\"@type\":\"ListItem\",\"position\":2,\"name\":\"Sto\u017eer: 2885 novih slu\u010dajeva, preminulo 46 osoba\"}]},{\"@type\":\"WebSite\",\"@id\":\"https:\\\/\\\/radioljubuski.ba\\\/#website\",\"url\":\"https:\\\/\\\/radioljubuski.ba\\\/\",\"name\":\"Radio Ljubu\u0161ki\",\"description\":\"Sun\u010dana frekvencija Hercegovine\",\"publisher\":{\"@id\":\"https:\\\/\\\/radioljubuski.ba\\\/#organization\"},\"potentialAction\":[{\"@type\":\"SearchAction\",\"target\":{\"@type\":\"EntryPoint\",\"urlTemplate\":\"https:\\\/\\\/radioljubuski.ba\\\/?s={search_term_string}\"},\"query-input\":{\"@type\":\"PropertyValueSpecification\",\"valueRequired\":true,\"valueName\":\"search_term_string\"}}],\"inLanguage\":\"hr\"},{\"@type\":\"Organization\",\"@id\":\"https:\\\/\\\/radioljubuski.ba\\\/#organization\",\"name\":\"Radio Ljubu\u0161ki\",\"url\":\"https:\\\/\\\/radioljubuski.ba\\\/\",\"logo\":{\"@type\":\"ImageObject\",\"inLanguage\":\"hr\",\"@id\":\"https:\\\/\\\/radioljubuski.ba\\\/#\\\/schema\\\/logo\\\/image\\\/\",\"url\":\"https:\\\/\\\/radioljubuski.ba\\\/wp-content\\\/uploads\\\/2021\\\/02\\\/cropped-Radio_Ljubuski_logo1.jpg\",\"contentUrl\":\"https:\\\/\\\/radioljubuski.ba\\\/wp-content\\\/uploads\\\/2021\\\/02\\\/cropped-Radio_Ljubuski_logo1.jpg\",\"width\":512,\"height\":512,\"caption\":\"Radio Ljubu\u0161ki\"},\"image\":{\"@id\":\"https:\\\/\\\/radioljubuski.ba\\\/#\\\/schema\\\/logo\\\/image\\\/\"},\"sameAs\":[\"https:\\\/\\\/www.facebook.com\\\/Radiio-Ljubuski-1490835324566332\",\"https:\\\/\\\/x.com\\\/radioljubuski\",\"https:\\\/\\\/hr.linkedin.com\\\/company\\\/radio-ljubuski\",\"https:\\\/\\\/www.youtube.com\\\/channel\\\/UCHYaeO_n0Db3tjNGudGpXyw\"]},{\"@type\":\"Person\",\"@id\":\"https:\\\/\\\/radioljubuski.ba\\\/#\\\/schema\\\/person\\\/19fc700381a780f69665d7956c469e3b\",\"name\":\"Radio Ljubu\u0161ki\"}]}<\/script>\n<!-- \/ Yoast SEO plugin. -->","yoast_head_json":{"title":"Sto\u017eer: 2885 novih slu\u010dajeva, preminulo 46 osoba - RADIO LJUBU\u0160KI","robots":{"index":"index","follow":"follow","max-snippet":"max-snippet:-1","max-image-preview":"max-image-preview:large","max-video-preview":"max-video-preview:-1"},"canonical":"https:\/\/radioljubuski.ba\/index.php\/2021\/04\/22\/stozer-2885-novih-slucajeva-preminulo-46-osoba\/","og_locale":"hr_HR","og_type":"article","og_title":"Sto\u017eer: 2885 novih slu\u010dajeva, preminulo 46 osoba - RADIO LJUBU\u0160KI","og_description":"U posljednja 24 sata zabilje\u017eeno je 2885 novih slu\u010dajeva zaraze virusom SARS-CoV-2 te je broj aktivnih slu\u010dajeva u Hrvatskoj danas ukupno 16 116. Me\u0111u njima je 2229 pacijenata na bolni\u010dkom lije\u010denju, od toga je na respiratoru 226. Preminulo je 46 osoba. Od 25. velja\u010de 2020., kada je zabilje\u017een prvi slu\u010daj zaraze u Hrvatskoj, do danas [&hellip;]","og_url":"https:\/\/radioljubuski.ba\/index.php\/2021\/04\/22\/stozer-2885-novih-slucajeva-preminulo-46-osoba\/","og_site_name":"RADIO LJUBU\u0160KI","article_publisher":"https:\/\/www.facebook.com\/Radiio-Ljubuski-1490835324566332","article_published_time":"2021-04-22T11:07:23+00:00","article_modified_time":"2021-04-22T11:07:24+00:00","og_image":[{"width":644,"height":361,"url":"https:\/\/radioljubuski.ba\/wp-content\/uploads\/2021\/04\/66-20.png","type":"image\/png"}],"author":"Radio Ljubu\u0161ki","twitter_card":"summary_large_image","twitter_creator":"@radioljubuski","twitter_site":"@radioljubuski","twitter_misc":{"Napisao\/la":"Radio Ljubu\u0161ki","Procijenjeno vrijeme \u010ditanja":"5 minuta"},"schema":{"@context":"https:\/\/schema.org","@graph":[{"@type":"Article","@id":"https:\/\/radioljubuski.ba\/index.php\/2021\/04\/22\/stozer-2885-novih-slucajeva-preminulo-46-osoba\/#article","isPartOf":{"@id":"https:\/\/radioljubuski.ba\/index.php\/2021\/04\/22\/stozer-2885-novih-slucajeva-preminulo-46-osoba\/"},"author":{"name":"Radio Ljubu\u0161ki","@id":"https:\/\/radioljubuski.ba\/#\/schema\/person\/19fc700381a780f69665d7956c469e3b"},"headline":"Sto\u017eer: 2885 novih slu\u010dajeva, preminulo 46 osoba","datePublished":"2021-04-22T11:07:23+00:00","dateModified":"2021-04-22T11:07:24+00:00","mainEntityOfPage":{"@id":"https:\/\/radioljubuski.ba\/index.php\/2021\/04\/22\/stozer-2885-novih-slucajeva-preminulo-46-osoba\/"},"wordCount":1079,"publisher":{"@id":"https:\/\/radioljubuski.ba\/#organization"},"image":{"@id":"https:\/\/radioljubuski.ba\/index.php\/2021\/04\/22\/stozer-2885-novih-slucajeva-preminulo-46-osoba\/#primaryimage"},"thumbnailUrl":"https:\/\/radioljubuski.ba\/wp-content\/uploads\/2021\/04\/66-20.png","articleSection":["BIH i regija"],"inLanguage":"hr"},{"@type":"WebPage","@id":"https:\/\/radioljubuski.ba\/index.php\/2021\/04\/22\/stozer-2885-novih-slucajeva-preminulo-46-osoba\/","url":"https:\/\/radioljubuski.ba\/index.php\/2021\/04\/22\/stozer-2885-novih-slucajeva-preminulo-46-osoba\/","name":"Sto\u017eer: 2885 novih slu\u010dajeva, preminulo 46 osoba - RADIO LJUBU\u0160KI","isPartOf":{"@id":"https:\/\/radioljubuski.ba\/#website"},"primaryImageOfPage":{"@id":"https:\/\/radioljubuski.ba\/index.php\/2021\/04\/22\/stozer-2885-novih-slucajeva-preminulo-46-osoba\/#primaryimage"},"image":{"@id":"https:\/\/radioljubuski.ba\/index.php\/2021\/04\/22\/stozer-2885-novih-slucajeva-preminulo-46-osoba\/#primaryimage"},"thumbnailUrl":"https:\/\/radioljubuski.ba\/wp-content\/uploads\/2021\/04\/66-20.png","datePublished":"2021-04-22T11:07:23+00:00","dateModified":"2021-04-22T11:07:24+00:00","breadcrumb":{"@id":"https:\/\/radioljubuski.ba\/index.php\/2021\/04\/22\/stozer-2885-novih-slucajeva-preminulo-46-osoba\/#breadcrumb"},"inLanguage":"hr","potentialAction":[{"@type":"ReadAction","target":["https:\/\/radioljubuski.ba\/index.php\/2021\/04\/22\/stozer-2885-novih-slucajeva-preminulo-46-osoba\/"]}]},{"@type":"ImageObject","inLanguage":"hr","@id":"https:\/\/radioljubuski.ba\/index.php\/2021\/04\/22\/stozer-2885-novih-slucajeva-preminulo-46-osoba\/#primaryimage","url":"https:\/\/radioljubuski.ba\/wp-content\/uploads\/2021\/04\/66-20.png","contentUrl":"https:\/\/radioljubuski.ba\/wp-content\/uploads\/2021\/04\/66-20.png","width":644,"height":361},{"@type":"BreadcrumbList","@id":"https:\/\/radioljubuski.ba\/index.php\/2021\/04\/22\/stozer-2885-novih-slucajeva-preminulo-46-osoba\/#breadcrumb","itemListElement":[{"@type":"ListItem","position":1,"name":"Po\u010detna stranica","item":"https:\/\/radioljubuski.ba\/"},{"@type":"ListItem","position":2,"name":"Sto\u017eer: 2885 novih slu\u010dajeva, preminulo 46 osoba"}]},{"@type":"WebSite","@id":"https:\/\/radioljubuski.ba\/#website","url":"https:\/\/radioljubuski.ba\/","name":"Radio Ljubu\u0161ki","description":"Sun\u010dana frekvencija Hercegovine","publisher":{"@id":"https:\/\/radioljubuski.ba\/#organization"},"potentialAction":[{"@type":"SearchAction","target":{"@type":"EntryPoint","urlTemplate":"https:\/\/radioljubuski.ba\/?s={search_term_string}"},"query-input":{"@type":"PropertyValueSpecification","valueRequired":true,"valueName":"search_term_string"}}],"inLanguage":"hr"},{"@type":"Organization","@id":"https:\/\/radioljubuski.ba\/#organization","name":"Radio Ljubu\u0161ki","url":"https:\/\/radioljubuski.ba\/","logo":{"@type":"ImageObject","inLanguage":"hr","@id":"https:\/\/radioljubuski.ba\/#\/schema\/logo\/image\/","url":"https:\/\/radioljubuski.ba\/wp-content\/uploads\/2021\/02\/cropped-Radio_Ljubuski_logo1.jpg","contentUrl":"https:\/\/radioljubuski.ba\/wp-content\/uploads\/2021\/02\/cropped-Radio_Ljubuski_logo1.jpg","width":512,"height":512,"caption":"Radio Ljubu\u0161ki"},"image":{"@id":"https:\/\/radioljubuski.ba\/#\/schema\/logo\/image\/"},"sameAs":["https:\/\/www.facebook.com\/Radiio-Ljubuski-1490835324566332","https:\/\/x.com\/radioljubuski","https:\/\/hr.linkedin.com\/company\/radio-ljubuski","https:\/\/www.youtube.com\/channel\/UCHYaeO_n0Db3tjNGudGpXyw"]},{"@type":"Person","@id":"https:\/\/radioljubuski.ba\/#\/schema\/person\/19fc700381a780f69665d7956c469e3b","name":"Radio Ljubu\u0161ki"}]}},"_links":{"self":[{"href":"https:\/\/radioljubuski.ba\/index.php\/wp-json\/wp\/v2\/posts\/15342","targetHints":{"allow":["GET"]}}],"collection":[{"href":"https:\/\/radioljubuski.ba\/index.php\/wp-json\/wp\/v2\/posts"}],"about":[{"href":"https:\/\/radioljubuski.ba\/index.php\/wp-json\/wp\/v2\/types\/post"}],"author":[{"embeddable":true,"href":"https:\/\/radioljubuski.ba\/index.php\/wp-json\/wp\/v2\/users\/2"}],"replies":[{"embeddable":true,"href":"https:\/\/radioljubuski.ba\/index.php\/wp-json\/wp\/v2\/comments?post=15342"}],"version-history":[{"count":1,"href":"https:\/\/radioljubuski.ba\/index.php\/wp-json\/wp\/v2\/posts\/15342\/revisions"}],"predecessor-version":[{"id":15344,"href":"https:\/\/radioljubuski.ba\/index.php\/wp-json\/wp\/v2\/posts\/15342\/revisions\/15344"}],"wp:featuredmedia":[{"embeddable":true,"href":"https:\/\/radioljubuski.ba\/index.php\/wp-json\/wp\/v2\/media\/15343"}],"wp:attachment":[{"href":"https:\/\/radioljubuski.ba\/index.php\/wp-json\/wp\/v2\/media?parent=15342"}],"wp:term":[{"taxonomy":"category","embeddable":true,"href":"https:\/\/radioljubuski.ba\/index.php\/wp-json\/wp\/v2\/categories?post=15342"},{"taxonomy":"post_tag","embeddable":true,"href":"https:\/\/radioljubuski.ba\/index.php\/wp-json\/wp\/v2\/tags?post=15342"}],"curies":[{"name":"wp","href":"https:\/\/api.w.org\/{rel}","templated":true}]}}