{"id":153423,"date":"2022-06-25T10:51:40","date_gmt":"2022-06-25T09:51:40","guid":{"rendered":"https:\/\/radioljubuski.ba\/?p=153423"},"modified":"2022-06-25T10:51:41","modified_gmt":"2022-06-25T09:51:41","slug":"pada-cijena-barela-nafte-a-gorivo-u-bih-i-dalje-poskupljuje","status":"publish","type":"post","link":"https:\/\/radioljubuski.ba\/index.php\/2022\/06\/25\/pada-cijena-barela-nafte-a-gorivo-u-bih-i-dalje-poskupljuje\/","title":{"rendered":"Pada cijena barela nafte, a gorivo u BiH i dalje poskupljuje"},"content":{"rendered":"\n<p>Cijene barela nafte na svjetskom tr\u017ei\u0161tu proteklih dana su u padu za vi\u0161e od dva posto. Investitori analiziraju rizik od recesije i potra\u017enju za gorivom zbog podizanja kamata u velikim ekonomijama, javlja CNN.<\/p>\n\n\n\n<p>To se ipak ne osjeti u BiH.<\/p>\n\n\n\n<p>Litar dizel gotovo da se ne mo\u017ee na\u0107i ispod 3,50 KM, prenosi Avaz.<\/p>\n\n\n\n<p>U Sarajevu cijena dizela se kre\u0107e od 3,56 do 3,81 KM, a benzina od 3,36 do 3,56. U Mostaru su sli\u010dne cijene. Dizel varira od 3,56 KM do 3,71 KM, a u Zenici od 3,56 do 3,76 KM. Benzin je ne\u0161to jeftiniji.<\/p>\n\n\n\n<p>U Tuzli litar dizela ko\u0161ta od 3,66 do 3,76 KM, a benzina od 3,31 do 3,56 KM.<\/p>\n\n\n\n<p>Cijene nafte su 2008. godine iznosile maksimalnih 147 dolara po barelu. Tada je gorivo bilo 2,10 KM po litru na pumpama. Prije mjesec dana gorivo je ko\u0161talo 134 dolara po barelu, a na pumpama u BiH je tada ve\u0107 bilo 3,26 KM po litru, podsje\u0107aju Nezavisne.<\/p>\n\n\n\n<p>Dakle, gorivo je danas jeftinije 23 posto nego 2008. godine, ali je litar na pumpama skuplji preko 70 posto u odnosu na taj period&#8221;, navodi se u statusu koji kru\u017ei dru\u0161tvenim mre\u017eama.<\/p>\n\n\n\n<p>Jedan od na\u010dina da se ubla\u017ei novo pove\u0107anje je ograni\u010denje mar\u017ee na cijene goriva, ali ni to nije dovoljno, ka\u017ee Adnan Smailbegovi\u0107, predsjednik Udruge poslodavaca FBiH.<\/p>\n\n\n\n<p>Najve\u0107i udar trpi sektor transporta roba i putnika, ali on se lan\u010dano prenosi i na svaku granu proizvodnje, ali i cijene svih proizvoda i usluga za krajnjeg kupca.<\/p>\n\n\n\n<p>&#8211; Bila je ideja, i mislim da je to trebalo usvojiti, da se privremeno suspendiraju tro\u0161arine na gorivo. Prihodi dr\u017eave rastu te tro\u0161arine nisu neki prihod koji bi dr\u017eava zna\u010dajno osjetila, a gospodarstvo i gra\u0111ani bi sigurno osjetili olak\u0161anje kada bi im, za nekih 40 feninga, bio jeftiniji litar nafte ili benzina &#8211; isti\u010de Smailbegovi\u0107.<\/p>\n\n\n\n<p>Izvor:pogled.ba<\/p>\n","protected":false},"excerpt":{"rendered":"<p>Cijene barela nafte na svjetskom tr\u017ei\u0161tu proteklih dana su u padu za vi\u0161e od dva posto. Investitori analiziraju rizik od recesije i potra\u017enju za gorivom zbog podizanja kamata u velikim ekonomijama, javlja CNN. To se ipak ne osjeti u BiH. Litar dizel gotovo da se ne mo\u017ee na\u0107i ispod 3,50 KM, prenosi Avaz. U Sarajevu [&hellip;]<\/p>\n","protected":false},"author":2,"featured_media":0,"comment_status":"closed","ping_status":"closed","sticky":false,"template":"","format":"standard","meta":{"h5ap_radio_sources":[],"footnotes":""},"categories":[1],"tags":[],"class_list":["post-153423","post","type-post","status-publish","format-standard","hentry","category-bihiregija"],"yoast_head":"<!-- This site is optimized with the Yoast SEO plugin v27.4 - https:\/\/yoast.com\/product\/yoast-seo-wordpress\/ -->\n<title>Pada cijena barela nafte, a gorivo u BiH i dalje poskupljuje - RADIO LJUBU\u0160KI<\/title>\n<meta name=\"robots\" content=\"index, follow, max-snippet:-1, max-image-preview:large, max-video-preview:-1\" \/>\n<link rel=\"canonical\" href=\"https:\/\/radioljubuski.ba\/index.php\/2022\/06\/25\/pada-cijena-barela-nafte-a-gorivo-u-bih-i-dalje-poskupljuje\/\" \/>\n<meta property=\"og:locale\" content=\"hr_HR\" \/>\n<meta property=\"og:type\" content=\"article\" \/>\n<meta property=\"og:title\" content=\"Pada cijena barela nafte, a gorivo u BiH i dalje poskupljuje - RADIO LJUBU\u0160KI\" \/>\n<meta property=\"og:description\" content=\"Cijene barela nafte na svjetskom tr\u017ei\u0161tu proteklih dana su u padu za vi\u0161e od dva posto. Investitori analiziraju rizik od recesije i potra\u017enju za gorivom zbog podizanja kamata u velikim ekonomijama, javlja CNN. To se ipak ne osjeti u BiH. Litar dizel gotovo da se ne mo\u017ee na\u0107i ispod 3,50 KM, prenosi Avaz. U Sarajevu [&hellip;]\" \/>\n<meta property=\"og:url\" content=\"https:\/\/radioljubuski.ba\/index.php\/2022\/06\/25\/pada-cijena-barela-nafte-a-gorivo-u-bih-i-dalje-poskupljuje\/\" \/>\n<meta property=\"og:site_name\" content=\"RADIO LJUBU\u0160KI\" \/>\n<meta property=\"article:publisher\" content=\"https:\/\/www.facebook.com\/Radiio-Ljubuski-1490835324566332\" \/>\n<meta property=\"article:published_time\" content=\"2022-06-25T09:51:40+00:00\" \/>\n<meta property=\"article:modified_time\" content=\"2022-06-25T09:51:41+00:00\" \/>\n<meta property=\"og:image\" content=\"https:\/\/radioljubuski.ba\/wp-content\/uploads\/2021\/08\/benzin-gorivo-b9932213e540aac11c9454f05eb49da6_view_article_new.jpg\" \/>\n\t<meta property=\"og:image:width\" content=\"860\" \/>\n\t<meta property=\"og:image:height\" content=\"430\" \/>\n\t<meta property=\"og:image:type\" content=\"image\/jpeg\" \/>\n<meta name=\"author\" content=\"Radio Ljubu\u0161ki\" \/>\n<meta name=\"twitter:card\" content=\"summary_large_image\" \/>\n<meta name=\"twitter:creator\" content=\"@radioljubuski\" \/>\n<meta name=\"twitter:site\" content=\"@radioljubuski\" \/>\n<meta name=\"twitter:label1\" content=\"Napisao\/la\" \/>\n\t<meta name=\"twitter:data1\" content=\"Radio Ljubu\u0161ki\" \/>\n\t<meta name=\"twitter:label2\" content=\"Procijenjeno vrijeme \u010ditanja\" \/>\n\t<meta name=\"twitter:data2\" content=\"2 minute\" \/>\n<script type=\"application\/ld+json\" class=\"yoast-schema-graph\">{\"@context\":\"https:\\\/\\\/schema.org\",\"@graph\":[{\"@type\":\"Article\",\"@id\":\"https:\\\/\\\/radioljubuski.ba\\\/index.php\\\/2022\\\/06\\\/25\\\/pada-cijena-barela-nafte-a-gorivo-u-bih-i-dalje-poskupljuje\\\/#article\",\"isPartOf\":{\"@id\":\"https:\\\/\\\/radioljubuski.ba\\\/index.php\\\/2022\\\/06\\\/25\\\/pada-cijena-barela-nafte-a-gorivo-u-bih-i-dalje-poskupljuje\\\/\"},\"author\":{\"name\":\"Radio Ljubu\u0161ki\",\"@id\":\"https:\\\/\\\/radioljubuski.ba\\\/#\\\/schema\\\/person\\\/19fc700381a780f69665d7956c469e3b\"},\"headline\":\"Pada cijena barela nafte, a gorivo u BiH i dalje poskupljuje\",\"datePublished\":\"2022-06-25T09:51:40+00:00\",\"dateModified\":\"2022-06-25T09:51:41+00:00\",\"mainEntityOfPage\":{\"@id\":\"https:\\\/\\\/radioljubuski.ba\\\/index.php\\\/2022\\\/06\\\/25\\\/pada-cijena-barela-nafte-a-gorivo-u-bih-i-dalje-poskupljuje\\\/\"},\"wordCount\":322,\"publisher\":{\"@id\":\"https:\\\/\\\/radioljubuski.ba\\\/#organization\"},\"articleSection\":[\"BIH i regija\"],\"inLanguage\":\"hr\"},{\"@type\":\"WebPage\",\"@id\":\"https:\\\/\\\/radioljubuski.ba\\\/index.php\\\/2022\\\/06\\\/25\\\/pada-cijena-barela-nafte-a-gorivo-u-bih-i-dalje-poskupljuje\\\/\",\"url\":\"https:\\\/\\\/radioljubuski.ba\\\/index.php\\\/2022\\\/06\\\/25\\\/pada-cijena-barela-nafte-a-gorivo-u-bih-i-dalje-poskupljuje\\\/\",\"name\":\"Pada cijena barela nafte, a gorivo u BiH i dalje poskupljuje - RADIO LJUBU\u0160KI\",\"isPartOf\":{\"@id\":\"https:\\\/\\\/radioljubuski.ba\\\/#website\"},\"datePublished\":\"2022-06-25T09:51:40+00:00\",\"dateModified\":\"2022-06-25T09:51:41+00:00\",\"breadcrumb\":{\"@id\":\"https:\\\/\\\/radioljubuski.ba\\\/index.php\\\/2022\\\/06\\\/25\\\/pada-cijena-barela-nafte-a-gorivo-u-bih-i-dalje-poskupljuje\\\/#breadcrumb\"},\"inLanguage\":\"hr\",\"potentialAction\":[{\"@type\":\"ReadAction\",\"target\":[\"https:\\\/\\\/radioljubuski.ba\\\/index.php\\\/2022\\\/06\\\/25\\\/pada-cijena-barela-nafte-a-gorivo-u-bih-i-dalje-poskupljuje\\\/\"]}]},{\"@type\":\"BreadcrumbList\",\"@id\":\"https:\\\/\\\/radioljubuski.ba\\\/index.php\\\/2022\\\/06\\\/25\\\/pada-cijena-barela-nafte-a-gorivo-u-bih-i-dalje-poskupljuje\\\/#breadcrumb\",\"itemListElement\":[{\"@type\":\"ListItem\",\"position\":1,\"name\":\"Po\u010detna stranica\",\"item\":\"https:\\\/\\\/radioljubuski.ba\\\/\"},{\"@type\":\"ListItem\",\"position\":2,\"name\":\"Pada cijena barela nafte, a gorivo u BiH i dalje poskupljuje\"}]},{\"@type\":\"WebSite\",\"@id\":\"https:\\\/\\\/radioljubuski.ba\\\/#website\",\"url\":\"https:\\\/\\\/radioljubuski.ba\\\/\",\"name\":\"Radio Ljubu\u0161ki\",\"description\":\"Sun\u010dana frekvencija Hercegovine\",\"publisher\":{\"@id\":\"https:\\\/\\\/radioljubuski.ba\\\/#organization\"},\"potentialAction\":[{\"@type\":\"SearchAction\",\"target\":{\"@type\":\"EntryPoint\",\"urlTemplate\":\"https:\\\/\\\/radioljubuski.ba\\\/?s={search_term_string}\"},\"query-input\":{\"@type\":\"PropertyValueSpecification\",\"valueRequired\":true,\"valueName\":\"search_term_string\"}}],\"inLanguage\":\"hr\"},{\"@type\":\"Organization\",\"@id\":\"https:\\\/\\\/radioljubuski.ba\\\/#organization\",\"name\":\"Radio Ljubu\u0161ki\",\"url\":\"https:\\\/\\\/radioljubuski.ba\\\/\",\"logo\":{\"@type\":\"ImageObject\",\"inLanguage\":\"hr\",\"@id\":\"https:\\\/\\\/radioljubuski.ba\\\/#\\\/schema\\\/logo\\\/image\\\/\",\"url\":\"https:\\\/\\\/radioljubuski.ba\\\/wp-content\\\/uploads\\\/2021\\\/02\\\/cropped-Radio_Ljubuski_logo1.jpg\",\"contentUrl\":\"https:\\\/\\\/radioljubuski.ba\\\/wp-content\\\/uploads\\\/2021\\\/02\\\/cropped-Radio_Ljubuski_logo1.jpg\",\"width\":512,\"height\":512,\"caption\":\"Radio Ljubu\u0161ki\"},\"image\":{\"@id\":\"https:\\\/\\\/radioljubuski.ba\\\/#\\\/schema\\\/logo\\\/image\\\/\"},\"sameAs\":[\"https:\\\/\\\/www.facebook.com\\\/Radiio-Ljubuski-1490835324566332\",\"https:\\\/\\\/x.com\\\/radioljubuski\",\"https:\\\/\\\/hr.linkedin.com\\\/company\\\/radio-ljubuski\",\"https:\\\/\\\/www.youtube.com\\\/channel\\\/UCHYaeO_n0Db3tjNGudGpXyw\"]},{\"@type\":\"Person\",\"@id\":\"https:\\\/\\\/radioljubuski.ba\\\/#\\\/schema\\\/person\\\/19fc700381a780f69665d7956c469e3b\",\"name\":\"Radio Ljubu\u0161ki\"}]}<\/script>\n<!-- \/ Yoast SEO plugin. -->","yoast_head_json":{"title":"Pada cijena barela nafte, a gorivo u BiH i dalje poskupljuje - RADIO LJUBU\u0160KI","robots":{"index":"index","follow":"follow","max-snippet":"max-snippet:-1","max-image-preview":"max-image-preview:large","max-video-preview":"max-video-preview:-1"},"canonical":"https:\/\/radioljubuski.ba\/index.php\/2022\/06\/25\/pada-cijena-barela-nafte-a-gorivo-u-bih-i-dalje-poskupljuje\/","og_locale":"hr_HR","og_type":"article","og_title":"Pada cijena barela nafte, a gorivo u BiH i dalje poskupljuje - RADIO LJUBU\u0160KI","og_description":"Cijene barela nafte na svjetskom tr\u017ei\u0161tu proteklih dana su u padu za vi\u0161e od dva posto. Investitori analiziraju rizik od recesije i potra\u017enju za gorivom zbog podizanja kamata u velikim ekonomijama, javlja CNN. To se ipak ne osjeti u BiH. Litar dizel gotovo da se ne mo\u017ee na\u0107i ispod 3,50 KM, prenosi Avaz. U Sarajevu [&hellip;]","og_url":"https:\/\/radioljubuski.ba\/index.php\/2022\/06\/25\/pada-cijena-barela-nafte-a-gorivo-u-bih-i-dalje-poskupljuje\/","og_site_name":"RADIO LJUBU\u0160KI","article_publisher":"https:\/\/www.facebook.com\/Radiio-Ljubuski-1490835324566332","article_published_time":"2022-06-25T09:51:40+00:00","article_modified_time":"2022-06-25T09:51:41+00:00","og_image":[{"width":860,"height":430,"url":"https:\/\/radioljubuski.ba\/wp-content\/uploads\/2021\/08\/benzin-gorivo-b9932213e540aac11c9454f05eb49da6_view_article_new.jpg","type":"image\/jpeg"}],"author":"Radio Ljubu\u0161ki","twitter_card":"summary_large_image","twitter_creator":"@radioljubuski","twitter_site":"@radioljubuski","twitter_misc":{"Napisao\/la":"Radio Ljubu\u0161ki","Procijenjeno vrijeme \u010ditanja":"2 minute"},"schema":{"@context":"https:\/\/schema.org","@graph":[{"@type":"Article","@id":"https:\/\/radioljubuski.ba\/index.php\/2022\/06\/25\/pada-cijena-barela-nafte-a-gorivo-u-bih-i-dalje-poskupljuje\/#article","isPartOf":{"@id":"https:\/\/radioljubuski.ba\/index.php\/2022\/06\/25\/pada-cijena-barela-nafte-a-gorivo-u-bih-i-dalje-poskupljuje\/"},"author":{"name":"Radio Ljubu\u0161ki","@id":"https:\/\/radioljubuski.ba\/#\/schema\/person\/19fc700381a780f69665d7956c469e3b"},"headline":"Pada cijena barela nafte, a gorivo u BiH i dalje poskupljuje","datePublished":"2022-06-25T09:51:40+00:00","dateModified":"2022-06-25T09:51:41+00:00","mainEntityOfPage":{"@id":"https:\/\/radioljubuski.ba\/index.php\/2022\/06\/25\/pada-cijena-barela-nafte-a-gorivo-u-bih-i-dalje-poskupljuje\/"},"wordCount":322,"publisher":{"@id":"https:\/\/radioljubuski.ba\/#organization"},"articleSection":["BIH i regija"],"inLanguage":"hr"},{"@type":"WebPage","@id":"https:\/\/radioljubuski.ba\/index.php\/2022\/06\/25\/pada-cijena-barela-nafte-a-gorivo-u-bih-i-dalje-poskupljuje\/","url":"https:\/\/radioljubuski.ba\/index.php\/2022\/06\/25\/pada-cijena-barela-nafte-a-gorivo-u-bih-i-dalje-poskupljuje\/","name":"Pada cijena barela nafte, a gorivo u BiH i dalje poskupljuje - RADIO LJUBU\u0160KI","isPartOf":{"@id":"https:\/\/radioljubuski.ba\/#website"},"datePublished":"2022-06-25T09:51:40+00:00","dateModified":"2022-06-25T09:51:41+00:00","breadcrumb":{"@id":"https:\/\/radioljubuski.ba\/index.php\/2022\/06\/25\/pada-cijena-barela-nafte-a-gorivo-u-bih-i-dalje-poskupljuje\/#breadcrumb"},"inLanguage":"hr","potentialAction":[{"@type":"ReadAction","target":["https:\/\/radioljubuski.ba\/index.php\/2022\/06\/25\/pada-cijena-barela-nafte-a-gorivo-u-bih-i-dalje-poskupljuje\/"]}]},{"@type":"BreadcrumbList","@id":"https:\/\/radioljubuski.ba\/index.php\/2022\/06\/25\/pada-cijena-barela-nafte-a-gorivo-u-bih-i-dalje-poskupljuje\/#breadcrumb","itemListElement":[{"@type":"ListItem","position":1,"name":"Po\u010detna stranica","item":"https:\/\/radioljubuski.ba\/"},{"@type":"ListItem","position":2,"name":"Pada cijena barela nafte, a gorivo u BiH i dalje poskupljuje"}]},{"@type":"WebSite","@id":"https:\/\/radioljubuski.ba\/#website","url":"https:\/\/radioljubuski.ba\/","name":"Radio Ljubu\u0161ki","description":"Sun\u010dana frekvencija Hercegovine","publisher":{"@id":"https:\/\/radioljubuski.ba\/#organization"},"potentialAction":[{"@type":"SearchAction","target":{"@type":"EntryPoint","urlTemplate":"https:\/\/radioljubuski.ba\/?s={search_term_string}"},"query-input":{"@type":"PropertyValueSpecification","valueRequired":true,"valueName":"search_term_string"}}],"inLanguage":"hr"},{"@type":"Organization","@id":"https:\/\/radioljubuski.ba\/#organization","name":"Radio Ljubu\u0161ki","url":"https:\/\/radioljubuski.ba\/","logo":{"@type":"ImageObject","inLanguage":"hr","@id":"https:\/\/radioljubuski.ba\/#\/schema\/logo\/image\/","url":"https:\/\/radioljubuski.ba\/wp-content\/uploads\/2021\/02\/cropped-Radio_Ljubuski_logo1.jpg","contentUrl":"https:\/\/radioljubuski.ba\/wp-content\/uploads\/2021\/02\/cropped-Radio_Ljubuski_logo1.jpg","width":512,"height":512,"caption":"Radio Ljubu\u0161ki"},"image":{"@id":"https:\/\/radioljubuski.ba\/#\/schema\/logo\/image\/"},"sameAs":["https:\/\/www.facebook.com\/Radiio-Ljubuski-1490835324566332","https:\/\/x.com\/radioljubuski","https:\/\/hr.linkedin.com\/company\/radio-ljubuski","https:\/\/www.youtube.com\/channel\/UCHYaeO_n0Db3tjNGudGpXyw"]},{"@type":"Person","@id":"https:\/\/radioljubuski.ba\/#\/schema\/person\/19fc700381a780f69665d7956c469e3b","name":"Radio Ljubu\u0161ki"}]}},"_links":{"self":[{"href":"https:\/\/radioljubuski.ba\/index.php\/wp-json\/wp\/v2\/posts\/153423","targetHints":{"allow":["GET"]}}],"collection":[{"href":"https:\/\/radioljubuski.ba\/index.php\/wp-json\/wp\/v2\/posts"}],"about":[{"href":"https:\/\/radioljubuski.ba\/index.php\/wp-json\/wp\/v2\/types\/post"}],"author":[{"embeddable":true,"href":"https:\/\/radioljubuski.ba\/index.php\/wp-json\/wp\/v2\/users\/2"}],"replies":[{"embeddable":true,"href":"https:\/\/radioljubuski.ba\/index.php\/wp-json\/wp\/v2\/comments?post=153423"}],"version-history":[{"count":1,"href":"https:\/\/radioljubuski.ba\/index.php\/wp-json\/wp\/v2\/posts\/153423\/revisions"}],"predecessor-version":[{"id":153424,"href":"https:\/\/radioljubuski.ba\/index.php\/wp-json\/wp\/v2\/posts\/153423\/revisions\/153424"}],"wp:attachment":[{"href":"https:\/\/radioljubuski.ba\/index.php\/wp-json\/wp\/v2\/media?parent=153423"}],"wp:term":[{"taxonomy":"category","embeddable":true,"href":"https:\/\/radioljubuski.ba\/index.php\/wp-json\/wp\/v2\/categories?post=153423"},{"taxonomy":"post_tag","embeddable":true,"href":"https:\/\/radioljubuski.ba\/index.php\/wp-json\/wp\/v2\/tags?post=153423"}],"curies":[{"name":"wp","href":"https:\/\/api.w.org\/{rel}","templated":true}]}}