{"id":153425,"date":"2022-06-25T10:52:41","date_gmt":"2022-06-25T09:52:41","guid":{"rendered":"https:\/\/radioljubuski.ba\/?p=153425"},"modified":"2022-06-25T10:52:42","modified_gmt":"2022-06-25T09:52:42","slug":"uz-izborni-zakon-bih-do-kandidacijskog-statusa-u-prosincu","status":"publish","type":"post","link":"https:\/\/radioljubuski.ba\/index.php\/2022\/06\/25\/uz-izborni-zakon-bih-do-kandidacijskog-statusa-u-prosincu\/","title":{"rendered":"Uz Izborni zakon BiH do kandidacijskog statusa u prosincu"},"content":{"rendered":"\n<p>&#8220;Europsko vije\u0107e pozdravlja politi\u010dki dogovor koji su 12. lipnja 2022. postigli \u010delnici Bosne i Hercegovine u Bruxellesu i koji je potreban za stabilnost i puno funkcioniranje zemlje kako bi odgovorila te\u017enjama naroda. Poziva sve politi\u010dke \u010delnike u BiH da brzo ispune obe\u0107anje dano u dogovoru i hitno dovr\u0161e ustavnu i izbornu reformu koja \u0107e omogu\u0107iti zemlji da odlu\u010dno napreduje na europskom putu u skladu s mi\u0161ljenjem Komisije&#8221;.<\/p>\n\n\n\n<p>Proturje\u010dna stajali\u0161ta<\/p>\n\n\n\n<p>Klju\u010dna je to poruka za Bosnu i Hercegovinu u zaklju\u010dcima Europskog vije\u0107a kojim se reforma Izbornoga zakona stavlja u prvi plan kako bi se najprije stabilizirala zemlja, a onda zajam\u010dio i njezin europski put. Ovako dizajnirane poruke rezultat su zauzimanja hrvatskoga premijera Andreja Plenkovi\u0107a koji je oti\u0161ao i korak dalje te je potaknuo dio zaklju\u010dka kojim Europsko vije\u0107e izra\u017eava spremnost dodijeliti kandidacijski status Bosni i Hercegovini i u tom cilju poziva Komisiju da bez odgode izvijesti Vije\u0107e o provedbi 14 klju\u010dnih prioriteta postavljenih u mi\u0161ljenju s posebnom pozorno\u0161\u0107u na one koji predstavljaju va\u017ean set reformi kako bi Europsko vije\u0107e ponovno odlu\u010divalo o tom pitanju.<\/p>\n\n\n\n<p>&#8211; Bosna i Hercegovina \u0161est i pol godina \u010deka na kandidacijski status. Mi smo je objeru\u010dke gurnuli korak naprijed prema tom statusu &#8211; istaknuo je Plenkovi\u0107. Pod klju\u010dnim setom reformi podrazumijevaju se ustavna i izborna reforma, zakon o sudbenom vije\u0107u, zakon o tu\u017eiteljskom vije\u0107u, zakon o sukobu interesa te zakon o javnim nabavama. Ako Bosna i Hercegovina donese te zakone i Europska komisija u svom izvje\u0161\u0107u o napretku, koje se o\u010dekuje u listopadu, to povoljno ocijeni, Europsko vije\u0107e moglo bi u prosincu odlu\u010divati o kandidacijskom statusu za Bosnu i Hercegovinu. Posve suprotno stajali\u0161te iznio je predsjednik Zoran Milanovi\u0107.<\/p>\n\n\n\n<p>&#8211; Ovo je hrvatska politi\u010dka tragedija. Ovo jo\u0161 ne mo\u017eemo staviti u kategoriju veleizdaje, ali ovo je izdaja. Jedna hladna, cini\u010dna i sadisti\u010dka izdaja u kojoj se ljudima koji pate cini\u010dno obja\u0161njava da im se u stvari poma\u017ee &#8211; komentirao je Milanovi\u0107 ostanak BiH u \u010dekaonici za kandidacijski status u Uniji. I u BiH je posve razli\u010dit pogled na odluku Europskog vije\u0107a. Hrvatska, bo\u0161nja\u010dka i srpska strana u BiH razli\u010dito su ocijenile zaklju\u010dke Europskog vije\u0107a kojima zemlja nije dobila kandidacijski status. Bo\u0161njaci smatraju da ga BiH nije ni zaslu\u017eila, Hrvati su ipak zadovoljni, a Srbi ka\u017eu da se zapad prema njima odnosi poput kolonijalnog gospodara. Uz to \u0161to razli\u010dito gledaju na zaklju\u010dke, tri bosanskohercegova\u010dke strane nastavljaju predbacivati jedna drugoj krivnju za to. &#8211; Hrvatski narodni sabor (HNS) sna\u017eno podupire ju\u010dera\u0161nje zaklju\u010dke Europskog vije\u0107a koji su izmjenu Izbornog zakona i ograni\u010dene izmjene Ustava BiH istaknuli klju\u010dnim iskorakom za napredak BiH prema EU &#8211; naveli su u priop\u0107enju organizacije koja okuplja najva\u017enije hrvatske stranke u zemlji. Dodali su kako su takvi zaklju\u010dci na tragu njihova inzistiranja da u ovoj vi\u0161enacionalnoj dr\u017eavi zajam\u010de kolektivna i pojedina\u010dna prava u skladu s Ustavom BiH.<\/p>\n\n\n\n<p>Sa zapada ni\u0161ta novo<\/p>\n\n\n\n<p>Iz HNS-a BiH zaklju\u010dke Europskog vije\u0107a protuma\u010dili su tako da BiH ne mo\u017ee dobiti kandidacijski status bez usvajanja zakona koji onemogu\u0107avaju diskriminacije i nametanja politi\u010dkih predstavnika. \u0160efica bosanskohercegova\u010dke diplomacije i visoka du\u017enosnica vode\u0107e bo\u0161nja\u010dke Stranke demokratske akcije (SDA) Bisera Turkovi\u0107 ocijenila je kako BiH nije zaslu\u017eila kandidacijski status jer nije ispunila o\u010dekivanja Europske unije. &#8211; BiH nije dobila kandidacijski status, ali ne zato \u0161to EU to ne \u017eeli, nego zato \u0161to pojedine politi\u010dke stranke, koje su dio dr\u017eavnih vlasti, ve\u0107 godinama blokiraju i opstruiraju ispunjavanje uvjeta za kandidacijski status &#8211; rekla je Turkovi\u0107, aludiraju\u0107i na hrvatsku i srpsku stranu i pri tome posve zanemaruju\u0107i klju\u010dni kriterij izbornih reformi. Prema njezinu mi\u0161ljenju poruka EU-a nije odbijanje Bosne i Hercegovine, nego signal da se treba bolje organizirati i vi\u0161e raditi. &#8211; Sve treba zaraditi &#8211; rekla je Turkovi\u0107. Srpski \u010dlan Predsjedni\u0161tva BiH Milorad Dodik rezignirano je reagirao na odluku Europskog vije\u0107a. &#8211; Sa zapada ni\u0161ta novo. Dio europskih lidera BiH vidi kao koloniju, a ne kao partnera i zbog toga nismo dobili kandidacijski status. Republika Srpska nije i ne\u0107e biti kolonija. Mi znamo gdje smo i znamo svoj put &#8211; napisao je Dodik na Twitter profilu.&nbsp;<\/p>\n\n\n\n<p>Izvor:vecernji.ba<\/p>\n","protected":false},"excerpt":{"rendered":"<p>&#8220;Europsko vije\u0107e pozdravlja politi\u010dki dogovor koji su 12. lipnja 2022. postigli \u010delnici Bosne i Hercegovine u Bruxellesu i koji je potreban za stabilnost i puno funkcioniranje zemlje kako bi odgovorila te\u017enjama naroda. Poziva sve politi\u010dke \u010delnike u BiH da brzo ispune obe\u0107anje dano u dogovoru i hitno dovr\u0161e ustavnu i izbornu reformu koja \u0107e omogu\u0107iti [&hellip;]<\/p>\n","protected":false},"author":2,"featured_media":153426,"comment_status":"closed","ping_status":"closed","sticky":false,"template":"","format":"standard","meta":{"h5ap_radio_sources":[],"footnotes":""},"categories":[1],"tags":[],"class_list":["post-153425","post","type-post","status-publish","format-standard","has-post-thumbnail","hentry","category-bihiregija"],"yoast_head":"<!-- This site is optimized with the Yoast SEO plugin v27.4 - https:\/\/yoast.com\/product\/yoast-seo-wordpress\/ -->\n<title>Uz Izborni zakon BiH do kandidacijskog statusa u prosincu - RADIO LJUBU\u0160KI<\/title>\n<meta name=\"robots\" content=\"index, follow, max-snippet:-1, max-image-preview:large, max-video-preview:-1\" \/>\n<link rel=\"canonical\" href=\"https:\/\/radioljubuski.ba\/index.php\/2022\/06\/25\/uz-izborni-zakon-bih-do-kandidacijskog-statusa-u-prosincu\/\" \/>\n<meta property=\"og:locale\" content=\"hr_HR\" \/>\n<meta property=\"og:type\" content=\"article\" \/>\n<meta property=\"og:title\" content=\"Uz Izborni zakon BiH do kandidacijskog statusa u prosincu - RADIO LJUBU\u0160KI\" \/>\n<meta property=\"og:description\" content=\"&#8220;Europsko vije\u0107e pozdravlja politi\u010dki dogovor koji su 12. lipnja 2022. postigli \u010delnici Bosne i Hercegovine u Bruxellesu i koji je potreban za stabilnost i puno funkcioniranje zemlje kako bi odgovorila te\u017enjama naroda. Poziva sve politi\u010dke \u010delnike u BiH da brzo ispune obe\u0107anje dano u dogovoru i hitno dovr\u0161e ustavnu i izbornu reformu koja \u0107e omogu\u0107iti [&hellip;]\" \/>\n<meta property=\"og:url\" content=\"https:\/\/radioljubuski.ba\/index.php\/2022\/06\/25\/uz-izborni-zakon-bih-do-kandidacijskog-statusa-u-prosincu\/\" \/>\n<meta property=\"og:site_name\" content=\"RADIO LJUBU\u0160KI\" \/>\n<meta property=\"article:publisher\" content=\"https:\/\/www.facebook.com\/Radiio-Ljubuski-1490835324566332\" \/>\n<meta property=\"article:published_time\" content=\"2022-06-25T09:52:41+00:00\" \/>\n<meta property=\"article:modified_time\" content=\"2022-06-25T09:52:42+00:00\" \/>\n<meta property=\"og:image\" content=\"https:\/\/radioljubuski.ba\/wp-content\/uploads\/2022\/06\/10-2022-06-25-10-55-09-55459dfacb152011af48.jpeg\" \/>\n\t<meta property=\"og:image:width\" content=\"1000\" \/>\n\t<meta property=\"og:image:height\" content=\"625\" \/>\n\t<meta property=\"og:image:type\" content=\"image\/jpeg\" \/>\n<meta name=\"author\" content=\"Radio Ljubu\u0161ki\" \/>\n<meta name=\"twitter:card\" content=\"summary_large_image\" \/>\n<meta name=\"twitter:creator\" content=\"@radioljubuski\" \/>\n<meta name=\"twitter:site\" content=\"@radioljubuski\" \/>\n<meta name=\"twitter:label1\" content=\"Napisao\/la\" \/>\n\t<meta name=\"twitter:data1\" content=\"Radio Ljubu\u0161ki\" \/>\n\t<meta name=\"twitter:label2\" content=\"Procijenjeno vrijeme \u010ditanja\" \/>\n\t<meta name=\"twitter:data2\" content=\"3 minute\" \/>\n<script type=\"application\/ld+json\" class=\"yoast-schema-graph\">{\"@context\":\"https:\\\/\\\/schema.org\",\"@graph\":[{\"@type\":\"Article\",\"@id\":\"https:\\\/\\\/radioljubuski.ba\\\/index.php\\\/2022\\\/06\\\/25\\\/uz-izborni-zakon-bih-do-kandidacijskog-statusa-u-prosincu\\\/#article\",\"isPartOf\":{\"@id\":\"https:\\\/\\\/radioljubuski.ba\\\/index.php\\\/2022\\\/06\\\/25\\\/uz-izborni-zakon-bih-do-kandidacijskog-statusa-u-prosincu\\\/\"},\"author\":{\"name\":\"Radio Ljubu\u0161ki\",\"@id\":\"https:\\\/\\\/radioljubuski.ba\\\/#\\\/schema\\\/person\\\/19fc700381a780f69665d7956c469e3b\"},\"headline\":\"Uz Izborni zakon BiH do kandidacijskog statusa u prosincu\",\"datePublished\":\"2022-06-25T09:52:41+00:00\",\"dateModified\":\"2022-06-25T09:52:42+00:00\",\"mainEntityOfPage\":{\"@id\":\"https:\\\/\\\/radioljubuski.ba\\\/index.php\\\/2022\\\/06\\\/25\\\/uz-izborni-zakon-bih-do-kandidacijskog-statusa-u-prosincu\\\/\"},\"wordCount\":764,\"publisher\":{\"@id\":\"https:\\\/\\\/radioljubuski.ba\\\/#organization\"},\"image\":{\"@id\":\"https:\\\/\\\/radioljubuski.ba\\\/index.php\\\/2022\\\/06\\\/25\\\/uz-izborni-zakon-bih-do-kandidacijskog-statusa-u-prosincu\\\/#primaryimage\"},\"thumbnailUrl\":\"https:\\\/\\\/radioljubuski.ba\\\/wp-content\\\/uploads\\\/2022\\\/06\\\/10-2022-06-25-10-55-09-55459dfacb152011af48.jpeg\",\"articleSection\":[\"BIH i regija\"],\"inLanguage\":\"hr\"},{\"@type\":\"WebPage\",\"@id\":\"https:\\\/\\\/radioljubuski.ba\\\/index.php\\\/2022\\\/06\\\/25\\\/uz-izborni-zakon-bih-do-kandidacijskog-statusa-u-prosincu\\\/\",\"url\":\"https:\\\/\\\/radioljubuski.ba\\\/index.php\\\/2022\\\/06\\\/25\\\/uz-izborni-zakon-bih-do-kandidacijskog-statusa-u-prosincu\\\/\",\"name\":\"Uz Izborni zakon BiH do kandidacijskog statusa u prosincu - RADIO LJUBU\u0160KI\",\"isPartOf\":{\"@id\":\"https:\\\/\\\/radioljubuski.ba\\\/#website\"},\"primaryImageOfPage\":{\"@id\":\"https:\\\/\\\/radioljubuski.ba\\\/index.php\\\/2022\\\/06\\\/25\\\/uz-izborni-zakon-bih-do-kandidacijskog-statusa-u-prosincu\\\/#primaryimage\"},\"image\":{\"@id\":\"https:\\\/\\\/radioljubuski.ba\\\/index.php\\\/2022\\\/06\\\/25\\\/uz-izborni-zakon-bih-do-kandidacijskog-statusa-u-prosincu\\\/#primaryimage\"},\"thumbnailUrl\":\"https:\\\/\\\/radioljubuski.ba\\\/wp-content\\\/uploads\\\/2022\\\/06\\\/10-2022-06-25-10-55-09-55459dfacb152011af48.jpeg\",\"datePublished\":\"2022-06-25T09:52:41+00:00\",\"dateModified\":\"2022-06-25T09:52:42+00:00\",\"breadcrumb\":{\"@id\":\"https:\\\/\\\/radioljubuski.ba\\\/index.php\\\/2022\\\/06\\\/25\\\/uz-izborni-zakon-bih-do-kandidacijskog-statusa-u-prosincu\\\/#breadcrumb\"},\"inLanguage\":\"hr\",\"potentialAction\":[{\"@type\":\"ReadAction\",\"target\":[\"https:\\\/\\\/radioljubuski.ba\\\/index.php\\\/2022\\\/06\\\/25\\\/uz-izborni-zakon-bih-do-kandidacijskog-statusa-u-prosincu\\\/\"]}]},{\"@type\":\"ImageObject\",\"inLanguage\":\"hr\",\"@id\":\"https:\\\/\\\/radioljubuski.ba\\\/index.php\\\/2022\\\/06\\\/25\\\/uz-izborni-zakon-bih-do-kandidacijskog-statusa-u-prosincu\\\/#primaryimage\",\"url\":\"https:\\\/\\\/radioljubuski.ba\\\/wp-content\\\/uploads\\\/2022\\\/06\\\/10-2022-06-25-10-55-09-55459dfacb152011af48.jpeg\",\"contentUrl\":\"https:\\\/\\\/radioljubuski.ba\\\/wp-content\\\/uploads\\\/2022\\\/06\\\/10-2022-06-25-10-55-09-55459dfacb152011af48.jpeg\",\"width\":1000,\"height\":625},{\"@type\":\"BreadcrumbList\",\"@id\":\"https:\\\/\\\/radioljubuski.ba\\\/index.php\\\/2022\\\/06\\\/25\\\/uz-izborni-zakon-bih-do-kandidacijskog-statusa-u-prosincu\\\/#breadcrumb\",\"itemListElement\":[{\"@type\":\"ListItem\",\"position\":1,\"name\":\"Po\u010detna stranica\",\"item\":\"https:\\\/\\\/radioljubuski.ba\\\/\"},{\"@type\":\"ListItem\",\"position\":2,\"name\":\"Uz Izborni zakon BiH do kandidacijskog statusa u prosincu\"}]},{\"@type\":\"WebSite\",\"@id\":\"https:\\\/\\\/radioljubuski.ba\\\/#website\",\"url\":\"https:\\\/\\\/radioljubuski.ba\\\/\",\"name\":\"Radio Ljubu\u0161ki\",\"description\":\"Sun\u010dana frekvencija Hercegovine\",\"publisher\":{\"@id\":\"https:\\\/\\\/radioljubuski.ba\\\/#organization\"},\"potentialAction\":[{\"@type\":\"SearchAction\",\"target\":{\"@type\":\"EntryPoint\",\"urlTemplate\":\"https:\\\/\\\/radioljubuski.ba\\\/?s={search_term_string}\"},\"query-input\":{\"@type\":\"PropertyValueSpecification\",\"valueRequired\":true,\"valueName\":\"search_term_string\"}}],\"inLanguage\":\"hr\"},{\"@type\":\"Organization\",\"@id\":\"https:\\\/\\\/radioljubuski.ba\\\/#organization\",\"name\":\"Radio Ljubu\u0161ki\",\"url\":\"https:\\\/\\\/radioljubuski.ba\\\/\",\"logo\":{\"@type\":\"ImageObject\",\"inLanguage\":\"hr\",\"@id\":\"https:\\\/\\\/radioljubuski.ba\\\/#\\\/schema\\\/logo\\\/image\\\/\",\"url\":\"https:\\\/\\\/radioljubuski.ba\\\/wp-content\\\/uploads\\\/2021\\\/02\\\/cropped-Radio_Ljubuski_logo1.jpg\",\"contentUrl\":\"https:\\\/\\\/radioljubuski.ba\\\/wp-content\\\/uploads\\\/2021\\\/02\\\/cropped-Radio_Ljubuski_logo1.jpg\",\"width\":512,\"height\":512,\"caption\":\"Radio Ljubu\u0161ki\"},\"image\":{\"@id\":\"https:\\\/\\\/radioljubuski.ba\\\/#\\\/schema\\\/logo\\\/image\\\/\"},\"sameAs\":[\"https:\\\/\\\/www.facebook.com\\\/Radiio-Ljubuski-1490835324566332\",\"https:\\\/\\\/x.com\\\/radioljubuski\",\"https:\\\/\\\/hr.linkedin.com\\\/company\\\/radio-ljubuski\",\"https:\\\/\\\/www.youtube.com\\\/channel\\\/UCHYaeO_n0Db3tjNGudGpXyw\"]},{\"@type\":\"Person\",\"@id\":\"https:\\\/\\\/radioljubuski.ba\\\/#\\\/schema\\\/person\\\/19fc700381a780f69665d7956c469e3b\",\"name\":\"Radio Ljubu\u0161ki\"}]}<\/script>\n<!-- \/ Yoast SEO plugin. -->","yoast_head_json":{"title":"Uz Izborni zakon BiH do kandidacijskog statusa u prosincu - RADIO LJUBU\u0160KI","robots":{"index":"index","follow":"follow","max-snippet":"max-snippet:-1","max-image-preview":"max-image-preview:large","max-video-preview":"max-video-preview:-1"},"canonical":"https:\/\/radioljubuski.ba\/index.php\/2022\/06\/25\/uz-izborni-zakon-bih-do-kandidacijskog-statusa-u-prosincu\/","og_locale":"hr_HR","og_type":"article","og_title":"Uz Izborni zakon BiH do kandidacijskog statusa u prosincu - RADIO LJUBU\u0160KI","og_description":"&#8220;Europsko vije\u0107e pozdravlja politi\u010dki dogovor koji su 12. lipnja 2022. postigli \u010delnici Bosne i Hercegovine u Bruxellesu i koji je potreban za stabilnost i puno funkcioniranje zemlje kako bi odgovorila te\u017enjama naroda. Poziva sve politi\u010dke \u010delnike u BiH da brzo ispune obe\u0107anje dano u dogovoru i hitno dovr\u0161e ustavnu i izbornu reformu koja \u0107e omogu\u0107iti [&hellip;]","og_url":"https:\/\/radioljubuski.ba\/index.php\/2022\/06\/25\/uz-izborni-zakon-bih-do-kandidacijskog-statusa-u-prosincu\/","og_site_name":"RADIO LJUBU\u0160KI","article_publisher":"https:\/\/www.facebook.com\/Radiio-Ljubuski-1490835324566332","article_published_time":"2022-06-25T09:52:41+00:00","article_modified_time":"2022-06-25T09:52:42+00:00","og_image":[{"width":1000,"height":625,"url":"https:\/\/radioljubuski.ba\/wp-content\/uploads\/2022\/06\/10-2022-06-25-10-55-09-55459dfacb152011af48.jpeg","type":"image\/jpeg"}],"author":"Radio Ljubu\u0161ki","twitter_card":"summary_large_image","twitter_creator":"@radioljubuski","twitter_site":"@radioljubuski","twitter_misc":{"Napisao\/la":"Radio Ljubu\u0161ki","Procijenjeno vrijeme \u010ditanja":"3 minute"},"schema":{"@context":"https:\/\/schema.org","@graph":[{"@type":"Article","@id":"https:\/\/radioljubuski.ba\/index.php\/2022\/06\/25\/uz-izborni-zakon-bih-do-kandidacijskog-statusa-u-prosincu\/#article","isPartOf":{"@id":"https:\/\/radioljubuski.ba\/index.php\/2022\/06\/25\/uz-izborni-zakon-bih-do-kandidacijskog-statusa-u-prosincu\/"},"author":{"name":"Radio Ljubu\u0161ki","@id":"https:\/\/radioljubuski.ba\/#\/schema\/person\/19fc700381a780f69665d7956c469e3b"},"headline":"Uz Izborni zakon BiH do kandidacijskog statusa u prosincu","datePublished":"2022-06-25T09:52:41+00:00","dateModified":"2022-06-25T09:52:42+00:00","mainEntityOfPage":{"@id":"https:\/\/radioljubuski.ba\/index.php\/2022\/06\/25\/uz-izborni-zakon-bih-do-kandidacijskog-statusa-u-prosincu\/"},"wordCount":764,"publisher":{"@id":"https:\/\/radioljubuski.ba\/#organization"},"image":{"@id":"https:\/\/radioljubuski.ba\/index.php\/2022\/06\/25\/uz-izborni-zakon-bih-do-kandidacijskog-statusa-u-prosincu\/#primaryimage"},"thumbnailUrl":"https:\/\/radioljubuski.ba\/wp-content\/uploads\/2022\/06\/10-2022-06-25-10-55-09-55459dfacb152011af48.jpeg","articleSection":["BIH i regija"],"inLanguage":"hr"},{"@type":"WebPage","@id":"https:\/\/radioljubuski.ba\/index.php\/2022\/06\/25\/uz-izborni-zakon-bih-do-kandidacijskog-statusa-u-prosincu\/","url":"https:\/\/radioljubuski.ba\/index.php\/2022\/06\/25\/uz-izborni-zakon-bih-do-kandidacijskog-statusa-u-prosincu\/","name":"Uz Izborni zakon BiH do kandidacijskog statusa u prosincu - RADIO LJUBU\u0160KI","isPartOf":{"@id":"https:\/\/radioljubuski.ba\/#website"},"primaryImageOfPage":{"@id":"https:\/\/radioljubuski.ba\/index.php\/2022\/06\/25\/uz-izborni-zakon-bih-do-kandidacijskog-statusa-u-prosincu\/#primaryimage"},"image":{"@id":"https:\/\/radioljubuski.ba\/index.php\/2022\/06\/25\/uz-izborni-zakon-bih-do-kandidacijskog-statusa-u-prosincu\/#primaryimage"},"thumbnailUrl":"https:\/\/radioljubuski.ba\/wp-content\/uploads\/2022\/06\/10-2022-06-25-10-55-09-55459dfacb152011af48.jpeg","datePublished":"2022-06-25T09:52:41+00:00","dateModified":"2022-06-25T09:52:42+00:00","breadcrumb":{"@id":"https:\/\/radioljubuski.ba\/index.php\/2022\/06\/25\/uz-izborni-zakon-bih-do-kandidacijskog-statusa-u-prosincu\/#breadcrumb"},"inLanguage":"hr","potentialAction":[{"@type":"ReadAction","target":["https:\/\/radioljubuski.ba\/index.php\/2022\/06\/25\/uz-izborni-zakon-bih-do-kandidacijskog-statusa-u-prosincu\/"]}]},{"@type":"ImageObject","inLanguage":"hr","@id":"https:\/\/radioljubuski.ba\/index.php\/2022\/06\/25\/uz-izborni-zakon-bih-do-kandidacijskog-statusa-u-prosincu\/#primaryimage","url":"https:\/\/radioljubuski.ba\/wp-content\/uploads\/2022\/06\/10-2022-06-25-10-55-09-55459dfacb152011af48.jpeg","contentUrl":"https:\/\/radioljubuski.ba\/wp-content\/uploads\/2022\/06\/10-2022-06-25-10-55-09-55459dfacb152011af48.jpeg","width":1000,"height":625},{"@type":"BreadcrumbList","@id":"https:\/\/radioljubuski.ba\/index.php\/2022\/06\/25\/uz-izborni-zakon-bih-do-kandidacijskog-statusa-u-prosincu\/#breadcrumb","itemListElement":[{"@type":"ListItem","position":1,"name":"Po\u010detna stranica","item":"https:\/\/radioljubuski.ba\/"},{"@type":"ListItem","position":2,"name":"Uz Izborni zakon BiH do kandidacijskog statusa u prosincu"}]},{"@type":"WebSite","@id":"https:\/\/radioljubuski.ba\/#website","url":"https:\/\/radioljubuski.ba\/","name":"Radio Ljubu\u0161ki","description":"Sun\u010dana frekvencija Hercegovine","publisher":{"@id":"https:\/\/radioljubuski.ba\/#organization"},"potentialAction":[{"@type":"SearchAction","target":{"@type":"EntryPoint","urlTemplate":"https:\/\/radioljubuski.ba\/?s={search_term_string}"},"query-input":{"@type":"PropertyValueSpecification","valueRequired":true,"valueName":"search_term_string"}}],"inLanguage":"hr"},{"@type":"Organization","@id":"https:\/\/radioljubuski.ba\/#organization","name":"Radio Ljubu\u0161ki","url":"https:\/\/radioljubuski.ba\/","logo":{"@type":"ImageObject","inLanguage":"hr","@id":"https:\/\/radioljubuski.ba\/#\/schema\/logo\/image\/","url":"https:\/\/radioljubuski.ba\/wp-content\/uploads\/2021\/02\/cropped-Radio_Ljubuski_logo1.jpg","contentUrl":"https:\/\/radioljubuski.ba\/wp-content\/uploads\/2021\/02\/cropped-Radio_Ljubuski_logo1.jpg","width":512,"height":512,"caption":"Radio Ljubu\u0161ki"},"image":{"@id":"https:\/\/radioljubuski.ba\/#\/schema\/logo\/image\/"},"sameAs":["https:\/\/www.facebook.com\/Radiio-Ljubuski-1490835324566332","https:\/\/x.com\/radioljubuski","https:\/\/hr.linkedin.com\/company\/radio-ljubuski","https:\/\/www.youtube.com\/channel\/UCHYaeO_n0Db3tjNGudGpXyw"]},{"@type":"Person","@id":"https:\/\/radioljubuski.ba\/#\/schema\/person\/19fc700381a780f69665d7956c469e3b","name":"Radio Ljubu\u0161ki"}]}},"_links":{"self":[{"href":"https:\/\/radioljubuski.ba\/index.php\/wp-json\/wp\/v2\/posts\/153425","targetHints":{"allow":["GET"]}}],"collection":[{"href":"https:\/\/radioljubuski.ba\/index.php\/wp-json\/wp\/v2\/posts"}],"about":[{"href":"https:\/\/radioljubuski.ba\/index.php\/wp-json\/wp\/v2\/types\/post"}],"author":[{"embeddable":true,"href":"https:\/\/radioljubuski.ba\/index.php\/wp-json\/wp\/v2\/users\/2"}],"replies":[{"embeddable":true,"href":"https:\/\/radioljubuski.ba\/index.php\/wp-json\/wp\/v2\/comments?post=153425"}],"version-history":[{"count":1,"href":"https:\/\/radioljubuski.ba\/index.php\/wp-json\/wp\/v2\/posts\/153425\/revisions"}],"predecessor-version":[{"id":153427,"href":"https:\/\/radioljubuski.ba\/index.php\/wp-json\/wp\/v2\/posts\/153425\/revisions\/153427"}],"wp:featuredmedia":[{"embeddable":true,"href":"https:\/\/radioljubuski.ba\/index.php\/wp-json\/wp\/v2\/media\/153426"}],"wp:attachment":[{"href":"https:\/\/radioljubuski.ba\/index.php\/wp-json\/wp\/v2\/media?parent=153425"}],"wp:term":[{"taxonomy":"category","embeddable":true,"href":"https:\/\/radioljubuski.ba\/index.php\/wp-json\/wp\/v2\/categories?post=153425"},{"taxonomy":"post_tag","embeddable":true,"href":"https:\/\/radioljubuski.ba\/index.php\/wp-json\/wp\/v2\/tags?post=153425"}],"curies":[{"name":"wp","href":"https:\/\/api.w.org\/{rel}","templated":true}]}}