{"id":153435,"date":"2022-06-26T11:07:17","date_gmt":"2022-06-26T10:07:17","guid":{"rendered":"https:\/\/radioljubuski.ba\/?p=153435"},"modified":"2022-06-26T11:07:19","modified_gmt":"2022-06-26T10:07:19","slug":"plenkovic-najava-moodysa-potvrduje-vaznost-ulaska-u-eurozon","status":"publish","type":"post","link":"https:\/\/radioljubuski.ba\/index.php\/2022\/06\/26\/plenkovic-najava-moodysa-potvrduje-vaznost-ulaska-u-eurozon\/","title":{"rendered":"Plenkovi\u0107: Najava Moody&#8217;sa potvr\u0111uje va\u017enost ulaska u eurozon"},"content":{"rendered":"\n<p>Najava agencije Moody&#8217;s a dizanju kreditnog rejtinga Hrvatske potvrda je da \u0107e ulazak u eurozonu oja\u010dati hrvatsko gospodarstvo i pomo\u0107i u kriznim vremenima, ocijenio je premijer Andrej Plenkovi\u0107.<\/p>\n\n\n\n<p>&#8220;Agencija Moody\u2019s objavila je da \u0107e pove\u0107ati kreditni rejting Hrvatske za \u010dak dvije razine na Baa2, nakon zavr\u0161ne odluke Ecofina 12. srpnja o \u010dlanstvu u eurozoni. To je konkretna potvrda da \u0107e ulazak u eurozonu pomo\u0107i u kriznim vremenima te osna\u017eiti na\u0161e gospodarstvo!&#8221;, napisao je Plenkovi\u0107 na Twitteru.<\/p>\n\n\n\n<p>Agencija Moody&#8217;s objavila je da bi mogla podi\u0107i kreditni rejting Hrvatske u investicijsku kategoriju nakon preporuke EU-a o ulasku u eurozonu.<\/p>\n\n\n\n<p>Va\u017ee\u0107i rejting Hrvatske &#8216;Ba1&#8217; signalizira ulaga\u010dima da agencija kupnju dr\u017eavnih obveznica Hrvatske smatra \u0161pekulativnim ulaganjem.<\/p>\n\n\n\n<p>Moody&#8217;s je u petak izvijestio da \u0107e ga podi\u0107i za dvije razine, na &#8216;Baa2&#8217;, u investicijsku kategoriju. &nbsp;<\/p>\n\n\n\n<p>Rejting \u0107e biti podignut nakon analize koja bi agenciji trebala omogu\u0107iti da procijeni ho\u0107e li postupak formalizacije \u010dlanstva Hrvatske u zakonima EU-a biti zavr\u0161en sredinom srpnja, kao \u0161to se trenutno o\u010dekuje, stoji u priop\u0107enju objavljenom u petak.<\/p>\n\n\n\n<p>Moody&#8217;s je signalizirao podizanje rejtinga nakon \u0161to je Vije\u0107e EU-a za financijsku i monetarnu politiku 17. lipnja preporu\u010dilo ulazak Hrvatske u eurozonu po\u010detkom idu\u0107e godine, a \u010delnici EU-a usvojili preporuku na samitu odr\u017eanom 23. i 24. lipnja.<\/p>\n\n\n\n<p>Hrvatska bi trebala u\u0107i u eurozonu po\u010detkom idu\u0107e godine.<\/p>\n\n\n\n<p>Izvor:index.hr<\/p>\n","protected":false},"excerpt":{"rendered":"<p>Najava agencije Moody&#8217;s a dizanju kreditnog rejtinga Hrvatske potvrda je da \u0107e ulazak u eurozonu oja\u010dati hrvatsko gospodarstvo i pomo\u0107i u kriznim vremenima, ocijenio je premijer Andrej Plenkovi\u0107. &#8220;Agencija Moody\u2019s objavila je da \u0107e pove\u0107ati kreditni rejting Hrvatske za \u010dak dvije razine na Baa2, nakon zavr\u0161ne odluke Ecofina 12. srpnja o \u010dlanstvu u eurozoni. To [&hellip;]<\/p>\n","protected":false},"author":2,"featured_media":142905,"comment_status":"closed","ping_status":"closed","sticky":false,"template":"","format":"standard","meta":{"h5ap_radio_sources":[],"footnotes":""},"categories":[1],"tags":[],"class_list":["post-153435","post","type-post","status-publish","format-standard","has-post-thumbnail","hentry","category-bihiregija"],"yoast_head":"<!-- This site is optimized with the Yoast SEO plugin v27.4 - https:\/\/yoast.com\/product\/yoast-seo-wordpress\/ -->\n<title>Plenkovi\u0107: Najava Moody&#039;sa potvr\u0111uje va\u017enost ulaska u eurozon - RADIO LJUBU\u0160KI<\/title>\n<meta name=\"robots\" content=\"index, follow, max-snippet:-1, max-image-preview:large, max-video-preview:-1\" \/>\n<link rel=\"canonical\" href=\"https:\/\/radioljubuski.ba\/index.php\/2022\/06\/26\/plenkovic-najava-moodysa-potvrduje-vaznost-ulaska-u-eurozon\/\" \/>\n<meta property=\"og:locale\" content=\"hr_HR\" \/>\n<meta property=\"og:type\" content=\"article\" \/>\n<meta property=\"og:title\" content=\"Plenkovi\u0107: Najava Moody&#039;sa potvr\u0111uje va\u017enost ulaska u eurozon - RADIO LJUBU\u0160KI\" \/>\n<meta property=\"og:description\" content=\"Najava agencije Moody&#8217;s a dizanju kreditnog rejtinga Hrvatske potvrda je da \u0107e ulazak u eurozonu oja\u010dati hrvatsko gospodarstvo i pomo\u0107i u kriznim vremenima, ocijenio je premijer Andrej Plenkovi\u0107. &#8220;Agencija Moody\u2019s objavila je da \u0107e pove\u0107ati kreditni rejting Hrvatske za \u010dak dvije razine na Baa2, nakon zavr\u0161ne odluke Ecofina 12. srpnja o \u010dlanstvu u eurozoni. To [&hellip;]\" \/>\n<meta property=\"og:url\" content=\"https:\/\/radioljubuski.ba\/index.php\/2022\/06\/26\/plenkovic-najava-moodysa-potvrduje-vaznost-ulaska-u-eurozon\/\" \/>\n<meta property=\"og:site_name\" content=\"RADIO LJUBU\u0160KI\" \/>\n<meta property=\"article:publisher\" content=\"https:\/\/www.facebook.com\/Radiio-Ljubuski-1490835324566332\" \/>\n<meta property=\"article:published_time\" content=\"2022-06-26T10:07:17+00:00\" \/>\n<meta property=\"article:modified_time\" content=\"2022-06-26T10:07:19+00:00\" \/>\n<meta property=\"og:image\" content=\"https:\/\/radioljubuski.ba\/wp-content\/uploads\/2022\/05\/plenkovic-a.jpg\" \/>\n\t<meta property=\"og:image:width\" content=\"765\" \/>\n\t<meta property=\"og:image:height\" content=\"406\" \/>\n\t<meta property=\"og:image:type\" content=\"image\/jpeg\" \/>\n<meta name=\"author\" content=\"Radio Ljubu\u0161ki\" \/>\n<meta name=\"twitter:card\" content=\"summary_large_image\" \/>\n<meta name=\"twitter:creator\" content=\"@radioljubuski\" \/>\n<meta name=\"twitter:site\" content=\"@radioljubuski\" \/>\n<meta name=\"twitter:label1\" content=\"Napisao\/la\" \/>\n\t<meta name=\"twitter:data1\" content=\"Radio Ljubu\u0161ki\" \/>\n\t<meta name=\"twitter:label2\" content=\"Procijenjeno vrijeme \u010ditanja\" \/>\n\t<meta name=\"twitter:data2\" content=\"1 minuta\" \/>\n<script type=\"application\/ld+json\" class=\"yoast-schema-graph\">{\"@context\":\"https:\\\/\\\/schema.org\",\"@graph\":[{\"@type\":\"Article\",\"@id\":\"https:\\\/\\\/radioljubuski.ba\\\/index.php\\\/2022\\\/06\\\/26\\\/plenkovic-najava-moodysa-potvrduje-vaznost-ulaska-u-eurozon\\\/#article\",\"isPartOf\":{\"@id\":\"https:\\\/\\\/radioljubuski.ba\\\/index.php\\\/2022\\\/06\\\/26\\\/plenkovic-najava-moodysa-potvrduje-vaznost-ulaska-u-eurozon\\\/\"},\"author\":{\"name\":\"Radio Ljubu\u0161ki\",\"@id\":\"https:\\\/\\\/radioljubuski.ba\\\/#\\\/schema\\\/person\\\/19fc700381a780f69665d7956c469e3b\"},\"headline\":\"Plenkovi\u0107: Najava Moody&#8217;sa potvr\u0111uje va\u017enost ulaska u eurozon\",\"datePublished\":\"2022-06-26T10:07:17+00:00\",\"dateModified\":\"2022-06-26T10:07:19+00:00\",\"mainEntityOfPage\":{\"@id\":\"https:\\\/\\\/radioljubuski.ba\\\/index.php\\\/2022\\\/06\\\/26\\\/plenkovic-najava-moodysa-potvrduje-vaznost-ulaska-u-eurozon\\\/\"},\"wordCount\":254,\"publisher\":{\"@id\":\"https:\\\/\\\/radioljubuski.ba\\\/#organization\"},\"image\":{\"@id\":\"https:\\\/\\\/radioljubuski.ba\\\/index.php\\\/2022\\\/06\\\/26\\\/plenkovic-najava-moodysa-potvrduje-vaznost-ulaska-u-eurozon\\\/#primaryimage\"},\"thumbnailUrl\":\"https:\\\/\\\/radioljubuski.ba\\\/wp-content\\\/uploads\\\/2022\\\/05\\\/plenkovic-a.jpg\",\"articleSection\":[\"BIH i regija\"],\"inLanguage\":\"hr\"},{\"@type\":\"WebPage\",\"@id\":\"https:\\\/\\\/radioljubuski.ba\\\/index.php\\\/2022\\\/06\\\/26\\\/plenkovic-najava-moodysa-potvrduje-vaznost-ulaska-u-eurozon\\\/\",\"url\":\"https:\\\/\\\/radioljubuski.ba\\\/index.php\\\/2022\\\/06\\\/26\\\/plenkovic-najava-moodysa-potvrduje-vaznost-ulaska-u-eurozon\\\/\",\"name\":\"Plenkovi\u0107: Najava Moody'sa potvr\u0111uje va\u017enost ulaska u eurozon - RADIO LJUBU\u0160KI\",\"isPartOf\":{\"@id\":\"https:\\\/\\\/radioljubuski.ba\\\/#website\"},\"primaryImageOfPage\":{\"@id\":\"https:\\\/\\\/radioljubuski.ba\\\/index.php\\\/2022\\\/06\\\/26\\\/plenkovic-najava-moodysa-potvrduje-vaznost-ulaska-u-eurozon\\\/#primaryimage\"},\"image\":{\"@id\":\"https:\\\/\\\/radioljubuski.ba\\\/index.php\\\/2022\\\/06\\\/26\\\/plenkovic-najava-moodysa-potvrduje-vaznost-ulaska-u-eurozon\\\/#primaryimage\"},\"thumbnailUrl\":\"https:\\\/\\\/radioljubuski.ba\\\/wp-content\\\/uploads\\\/2022\\\/05\\\/plenkovic-a.jpg\",\"datePublished\":\"2022-06-26T10:07:17+00:00\",\"dateModified\":\"2022-06-26T10:07:19+00:00\",\"breadcrumb\":{\"@id\":\"https:\\\/\\\/radioljubuski.ba\\\/index.php\\\/2022\\\/06\\\/26\\\/plenkovic-najava-moodysa-potvrduje-vaznost-ulaska-u-eurozon\\\/#breadcrumb\"},\"inLanguage\":\"hr\",\"potentialAction\":[{\"@type\":\"ReadAction\",\"target\":[\"https:\\\/\\\/radioljubuski.ba\\\/index.php\\\/2022\\\/06\\\/26\\\/plenkovic-najava-moodysa-potvrduje-vaznost-ulaska-u-eurozon\\\/\"]}]},{\"@type\":\"ImageObject\",\"inLanguage\":\"hr\",\"@id\":\"https:\\\/\\\/radioljubuski.ba\\\/index.php\\\/2022\\\/06\\\/26\\\/plenkovic-najava-moodysa-potvrduje-vaznost-ulaska-u-eurozon\\\/#primaryimage\",\"url\":\"https:\\\/\\\/radioljubuski.ba\\\/wp-content\\\/uploads\\\/2022\\\/05\\\/plenkovic-a.jpg\",\"contentUrl\":\"https:\\\/\\\/radioljubuski.ba\\\/wp-content\\\/uploads\\\/2022\\\/05\\\/plenkovic-a.jpg\",\"width\":765,\"height\":406},{\"@type\":\"BreadcrumbList\",\"@id\":\"https:\\\/\\\/radioljubuski.ba\\\/index.php\\\/2022\\\/06\\\/26\\\/plenkovic-najava-moodysa-potvrduje-vaznost-ulaska-u-eurozon\\\/#breadcrumb\",\"itemListElement\":[{\"@type\":\"ListItem\",\"position\":1,\"name\":\"Po\u010detna stranica\",\"item\":\"https:\\\/\\\/radioljubuski.ba\\\/\"},{\"@type\":\"ListItem\",\"position\":2,\"name\":\"Plenkovi\u0107: Najava Moody&#8217;sa potvr\u0111uje va\u017enost ulaska u eurozon\"}]},{\"@type\":\"WebSite\",\"@id\":\"https:\\\/\\\/radioljubuski.ba\\\/#website\",\"url\":\"https:\\\/\\\/radioljubuski.ba\\\/\",\"name\":\"Radio Ljubu\u0161ki\",\"description\":\"Sun\u010dana frekvencija Hercegovine\",\"publisher\":{\"@id\":\"https:\\\/\\\/radioljubuski.ba\\\/#organization\"},\"potentialAction\":[{\"@type\":\"SearchAction\",\"target\":{\"@type\":\"EntryPoint\",\"urlTemplate\":\"https:\\\/\\\/radioljubuski.ba\\\/?s={search_term_string}\"},\"query-input\":{\"@type\":\"PropertyValueSpecification\",\"valueRequired\":true,\"valueName\":\"search_term_string\"}}],\"inLanguage\":\"hr\"},{\"@type\":\"Organization\",\"@id\":\"https:\\\/\\\/radioljubuski.ba\\\/#organization\",\"name\":\"Radio Ljubu\u0161ki\",\"url\":\"https:\\\/\\\/radioljubuski.ba\\\/\",\"logo\":{\"@type\":\"ImageObject\",\"inLanguage\":\"hr\",\"@id\":\"https:\\\/\\\/radioljubuski.ba\\\/#\\\/schema\\\/logo\\\/image\\\/\",\"url\":\"https:\\\/\\\/radioljubuski.ba\\\/wp-content\\\/uploads\\\/2021\\\/02\\\/cropped-Radio_Ljubuski_logo1.jpg\",\"contentUrl\":\"https:\\\/\\\/radioljubuski.ba\\\/wp-content\\\/uploads\\\/2021\\\/02\\\/cropped-Radio_Ljubuski_logo1.jpg\",\"width\":512,\"height\":512,\"caption\":\"Radio Ljubu\u0161ki\"},\"image\":{\"@id\":\"https:\\\/\\\/radioljubuski.ba\\\/#\\\/schema\\\/logo\\\/image\\\/\"},\"sameAs\":[\"https:\\\/\\\/www.facebook.com\\\/Radiio-Ljubuski-1490835324566332\",\"https:\\\/\\\/x.com\\\/radioljubuski\",\"https:\\\/\\\/hr.linkedin.com\\\/company\\\/radio-ljubuski\",\"https:\\\/\\\/www.youtube.com\\\/channel\\\/UCHYaeO_n0Db3tjNGudGpXyw\"]},{\"@type\":\"Person\",\"@id\":\"https:\\\/\\\/radioljubuski.ba\\\/#\\\/schema\\\/person\\\/19fc700381a780f69665d7956c469e3b\",\"name\":\"Radio Ljubu\u0161ki\"}]}<\/script>\n<!-- \/ Yoast SEO plugin. -->","yoast_head_json":{"title":"Plenkovi\u0107: Najava Moody'sa potvr\u0111uje va\u017enost ulaska u eurozon - RADIO LJUBU\u0160KI","robots":{"index":"index","follow":"follow","max-snippet":"max-snippet:-1","max-image-preview":"max-image-preview:large","max-video-preview":"max-video-preview:-1"},"canonical":"https:\/\/radioljubuski.ba\/index.php\/2022\/06\/26\/plenkovic-najava-moodysa-potvrduje-vaznost-ulaska-u-eurozon\/","og_locale":"hr_HR","og_type":"article","og_title":"Plenkovi\u0107: Najava Moody'sa potvr\u0111uje va\u017enost ulaska u eurozon - RADIO LJUBU\u0160KI","og_description":"Najava agencije Moody&#8217;s a dizanju kreditnog rejtinga Hrvatske potvrda je da \u0107e ulazak u eurozonu oja\u010dati hrvatsko gospodarstvo i pomo\u0107i u kriznim vremenima, ocijenio je premijer Andrej Plenkovi\u0107. &#8220;Agencija Moody\u2019s objavila je da \u0107e pove\u0107ati kreditni rejting Hrvatske za \u010dak dvije razine na Baa2, nakon zavr\u0161ne odluke Ecofina 12. srpnja o \u010dlanstvu u eurozoni. To [&hellip;]","og_url":"https:\/\/radioljubuski.ba\/index.php\/2022\/06\/26\/plenkovic-najava-moodysa-potvrduje-vaznost-ulaska-u-eurozon\/","og_site_name":"RADIO LJUBU\u0160KI","article_publisher":"https:\/\/www.facebook.com\/Radiio-Ljubuski-1490835324566332","article_published_time":"2022-06-26T10:07:17+00:00","article_modified_time":"2022-06-26T10:07:19+00:00","og_image":[{"width":765,"height":406,"url":"https:\/\/radioljubuski.ba\/wp-content\/uploads\/2022\/05\/plenkovic-a.jpg","type":"image\/jpeg"}],"author":"Radio Ljubu\u0161ki","twitter_card":"summary_large_image","twitter_creator":"@radioljubuski","twitter_site":"@radioljubuski","twitter_misc":{"Napisao\/la":"Radio Ljubu\u0161ki","Procijenjeno vrijeme \u010ditanja":"1 minuta"},"schema":{"@context":"https:\/\/schema.org","@graph":[{"@type":"Article","@id":"https:\/\/radioljubuski.ba\/index.php\/2022\/06\/26\/plenkovic-najava-moodysa-potvrduje-vaznost-ulaska-u-eurozon\/#article","isPartOf":{"@id":"https:\/\/radioljubuski.ba\/index.php\/2022\/06\/26\/plenkovic-najava-moodysa-potvrduje-vaznost-ulaska-u-eurozon\/"},"author":{"name":"Radio Ljubu\u0161ki","@id":"https:\/\/radioljubuski.ba\/#\/schema\/person\/19fc700381a780f69665d7956c469e3b"},"headline":"Plenkovi\u0107: Najava Moody&#8217;sa potvr\u0111uje va\u017enost ulaska u eurozon","datePublished":"2022-06-26T10:07:17+00:00","dateModified":"2022-06-26T10:07:19+00:00","mainEntityOfPage":{"@id":"https:\/\/radioljubuski.ba\/index.php\/2022\/06\/26\/plenkovic-najava-moodysa-potvrduje-vaznost-ulaska-u-eurozon\/"},"wordCount":254,"publisher":{"@id":"https:\/\/radioljubuski.ba\/#organization"},"image":{"@id":"https:\/\/radioljubuski.ba\/index.php\/2022\/06\/26\/plenkovic-najava-moodysa-potvrduje-vaznost-ulaska-u-eurozon\/#primaryimage"},"thumbnailUrl":"https:\/\/radioljubuski.ba\/wp-content\/uploads\/2022\/05\/plenkovic-a.jpg","articleSection":["BIH i regija"],"inLanguage":"hr"},{"@type":"WebPage","@id":"https:\/\/radioljubuski.ba\/index.php\/2022\/06\/26\/plenkovic-najava-moodysa-potvrduje-vaznost-ulaska-u-eurozon\/","url":"https:\/\/radioljubuski.ba\/index.php\/2022\/06\/26\/plenkovic-najava-moodysa-potvrduje-vaznost-ulaska-u-eurozon\/","name":"Plenkovi\u0107: Najava Moody'sa potvr\u0111uje va\u017enost ulaska u eurozon - RADIO LJUBU\u0160KI","isPartOf":{"@id":"https:\/\/radioljubuski.ba\/#website"},"primaryImageOfPage":{"@id":"https:\/\/radioljubuski.ba\/index.php\/2022\/06\/26\/plenkovic-najava-moodysa-potvrduje-vaznost-ulaska-u-eurozon\/#primaryimage"},"image":{"@id":"https:\/\/radioljubuski.ba\/index.php\/2022\/06\/26\/plenkovic-najava-moodysa-potvrduje-vaznost-ulaska-u-eurozon\/#primaryimage"},"thumbnailUrl":"https:\/\/radioljubuski.ba\/wp-content\/uploads\/2022\/05\/plenkovic-a.jpg","datePublished":"2022-06-26T10:07:17+00:00","dateModified":"2022-06-26T10:07:19+00:00","breadcrumb":{"@id":"https:\/\/radioljubuski.ba\/index.php\/2022\/06\/26\/plenkovic-najava-moodysa-potvrduje-vaznost-ulaska-u-eurozon\/#breadcrumb"},"inLanguage":"hr","potentialAction":[{"@type":"ReadAction","target":["https:\/\/radioljubuski.ba\/index.php\/2022\/06\/26\/plenkovic-najava-moodysa-potvrduje-vaznost-ulaska-u-eurozon\/"]}]},{"@type":"ImageObject","inLanguage":"hr","@id":"https:\/\/radioljubuski.ba\/index.php\/2022\/06\/26\/plenkovic-najava-moodysa-potvrduje-vaznost-ulaska-u-eurozon\/#primaryimage","url":"https:\/\/radioljubuski.ba\/wp-content\/uploads\/2022\/05\/plenkovic-a.jpg","contentUrl":"https:\/\/radioljubuski.ba\/wp-content\/uploads\/2022\/05\/plenkovic-a.jpg","width":765,"height":406},{"@type":"BreadcrumbList","@id":"https:\/\/radioljubuski.ba\/index.php\/2022\/06\/26\/plenkovic-najava-moodysa-potvrduje-vaznost-ulaska-u-eurozon\/#breadcrumb","itemListElement":[{"@type":"ListItem","position":1,"name":"Po\u010detna stranica","item":"https:\/\/radioljubuski.ba\/"},{"@type":"ListItem","position":2,"name":"Plenkovi\u0107: Najava Moody&#8217;sa potvr\u0111uje va\u017enost ulaska u eurozon"}]},{"@type":"WebSite","@id":"https:\/\/radioljubuski.ba\/#website","url":"https:\/\/radioljubuski.ba\/","name":"Radio Ljubu\u0161ki","description":"Sun\u010dana frekvencija Hercegovine","publisher":{"@id":"https:\/\/radioljubuski.ba\/#organization"},"potentialAction":[{"@type":"SearchAction","target":{"@type":"EntryPoint","urlTemplate":"https:\/\/radioljubuski.ba\/?s={search_term_string}"},"query-input":{"@type":"PropertyValueSpecification","valueRequired":true,"valueName":"search_term_string"}}],"inLanguage":"hr"},{"@type":"Organization","@id":"https:\/\/radioljubuski.ba\/#organization","name":"Radio Ljubu\u0161ki","url":"https:\/\/radioljubuski.ba\/","logo":{"@type":"ImageObject","inLanguage":"hr","@id":"https:\/\/radioljubuski.ba\/#\/schema\/logo\/image\/","url":"https:\/\/radioljubuski.ba\/wp-content\/uploads\/2021\/02\/cropped-Radio_Ljubuski_logo1.jpg","contentUrl":"https:\/\/radioljubuski.ba\/wp-content\/uploads\/2021\/02\/cropped-Radio_Ljubuski_logo1.jpg","width":512,"height":512,"caption":"Radio Ljubu\u0161ki"},"image":{"@id":"https:\/\/radioljubuski.ba\/#\/schema\/logo\/image\/"},"sameAs":["https:\/\/www.facebook.com\/Radiio-Ljubuski-1490835324566332","https:\/\/x.com\/radioljubuski","https:\/\/hr.linkedin.com\/company\/radio-ljubuski","https:\/\/www.youtube.com\/channel\/UCHYaeO_n0Db3tjNGudGpXyw"]},{"@type":"Person","@id":"https:\/\/radioljubuski.ba\/#\/schema\/person\/19fc700381a780f69665d7956c469e3b","name":"Radio Ljubu\u0161ki"}]}},"_links":{"self":[{"href":"https:\/\/radioljubuski.ba\/index.php\/wp-json\/wp\/v2\/posts\/153435","targetHints":{"allow":["GET"]}}],"collection":[{"href":"https:\/\/radioljubuski.ba\/index.php\/wp-json\/wp\/v2\/posts"}],"about":[{"href":"https:\/\/radioljubuski.ba\/index.php\/wp-json\/wp\/v2\/types\/post"}],"author":[{"embeddable":true,"href":"https:\/\/radioljubuski.ba\/index.php\/wp-json\/wp\/v2\/users\/2"}],"replies":[{"embeddable":true,"href":"https:\/\/radioljubuski.ba\/index.php\/wp-json\/wp\/v2\/comments?post=153435"}],"version-history":[{"count":1,"href":"https:\/\/radioljubuski.ba\/index.php\/wp-json\/wp\/v2\/posts\/153435\/revisions"}],"predecessor-version":[{"id":153436,"href":"https:\/\/radioljubuski.ba\/index.php\/wp-json\/wp\/v2\/posts\/153435\/revisions\/153436"}],"wp:featuredmedia":[{"embeddable":true,"href":"https:\/\/radioljubuski.ba\/index.php\/wp-json\/wp\/v2\/media\/142905"}],"wp:attachment":[{"href":"https:\/\/radioljubuski.ba\/index.php\/wp-json\/wp\/v2\/media?parent=153435"}],"wp:term":[{"taxonomy":"category","embeddable":true,"href":"https:\/\/radioljubuski.ba\/index.php\/wp-json\/wp\/v2\/categories?post=153435"},{"taxonomy":"post_tag","embeddable":true,"href":"https:\/\/radioljubuski.ba\/index.php\/wp-json\/wp\/v2\/tags?post=153435"}],"curies":[{"name":"wp","href":"https:\/\/api.w.org\/{rel}","templated":true}]}}