{"id":153463,"date":"2022-06-26T11:20:48","date_gmt":"2022-06-26T10:20:48","guid":{"rendered":"https:\/\/radioljubuski.ba\/?p=153463"},"modified":"2022-06-26T11:20:49","modified_gmt":"2022-06-26T10:20:49","slug":"mons-milan-zgrablic-zareden-za-nadbiskupa-koadjutora-zadarske-nadbiskupije","status":"publish","type":"post","link":"https:\/\/radioljubuski.ba\/index.php\/2022\/06\/26\/mons-milan-zgrablic-zareden-za-nadbiskupa-koadjutora-zadarske-nadbiskupije\/","title":{"rendered":"Mons. Milan Zgrabli\u0107 zare\u0111en za nadbiskupa koadjutora Zadarske nadbiskupije"},"content":{"rendered":"\n<p>Mons. Milan Zgrabli\u0107 zare\u0111en je u subotu u Katedrali sv. Sto\u0161ije za nadbiskupa koadjutora Zadarske nadbiskupije te \u0107e do kraja ove godine pomagati nadbiskupu \u017delimiru Pulji\u0107u upravljati tom nadbiskupijom.<\/p>\n\n\n\n<p>Glavni zareditelj mons. Zgrabli\u0107a bio je zadarski nadbiskup \u017delimir Pulji\u0107, predsjednik Hrvatske biskupske konferencije, a suzareditelji splitsko-makarski nadbiskup i pore\u010dki i pulski apostolski upravitelj mons. Dra\u017een Kutle\u0161a te umirovljeni pore\u010dki i pulski biskup Ivan Milovan.<\/p>\n\n\n\n<p>&#8220;Velika hvala svima koji ste molili za ovaj trenutak&#8221;, rekao je mons. Zgrabli\u0107 u prvom obra\u0107anju javnosti, netom nakon polaganja zavjeta i imenovanja nadbiskupom koadjutorom. &#8220;Dragi vjernici Zadarske nadbiskupije, danas kao novi biskup stojim ovdje s vama, svjestan kako mi je Bog povjerio ovu biskupsku slu\u017ebu kao dar Crkvi. Ovo re\u0111enje je Bo\u017eje djelo ljubavi, vama koliko i meni. Hvala vam na va\u0161oj vjeri i opredjeljenju za Krista. Hvala vam na va\u0161oj nazo\u010dnosti u molitvi&#8221;, rekao je.<\/p>\n\n\n\n<p>Nadbiskup Pulji\u0107 istaknuo je da &#8220;sveti \u010din re\u0111enja novoga biskupa podsje\u0107a na Isusovo vrijeme kad je birao prve u\u010denike i apostole&#8221;. U tom procesu izbora biskupi su nasljednici apostola, pa u\u0107i u apostolsko nasljedstvo zna\u010di u\u0107i u borbu za Isusovo evan\u0111elje i biti revan pastir koji budnim okom prepoznaje i \u010dita znakove vremena, poru\u010dio je.<\/p>\n\n\n\n<p>Dodao je kako pastir i u\u010ditelj biskup nikada nije sam. &#8220;Sve\u0107enici i Bogu posve\u0107ene osobe njegovi su prvi suradnici. A uz njih biskup ra\u010duna i na zauzete vjernike laike, posebice na kr\u0161\u0107anske roditelje koji su izvrsni odgojitelji svoje djece. Jer, nitko nije kadar tako umje\u0161no i spretno prenijeti djeci klicu vjere kao roditelji, pa ih valja poticati neka odu\u0161evljeno sudjeluju u tom svetom odgojnom zadatku&#8221;, ustvrdio je mons. Pulji\u0107.<\/p>\n\n\n\n<p>&#8220;No, biskup nije privatni vjernik, ve\u0107 javni svjedok vjere koji prosu\u0111uje i obrazla\u017ee \u0161to se ima vjerovati. Od njega se o\u010dekuje da bude jasan smjerokaz i razlu\u010ditelj izme\u0111u krivih i istinitih stavova i nazora. Ne smije pritom imati straha i bojati se kritike, ve\u0107 preuzeti ulogu proroka&#8221;, rekao je Pulji\u0107.<\/p>\n\n\n\n<p>Uz zahvalu obitelji, mons. Zgrabli\u0107 zahvalio je Svetom Ocu na povjerenju koje mu je iskazao imenuju\u0107i ga nadbiskupom koadjutorom Zadarske nadbiskupije.<\/p>\n\n\n\n<p>Posljednji put Zadarska je nadbiskupija koadjutora imala za nadbiskupa Marijana Oblaka, koji je za pomo\u0107nika dobio mons. Ivana Pren\u0111u.<\/p>\n\n\n\n<p>Izvor:pogled.ba<\/p>\n","protected":false},"excerpt":{"rendered":"<p>Mons. Milan Zgrabli\u0107 zare\u0111en je u subotu u Katedrali sv. Sto\u0161ije za nadbiskupa koadjutora Zadarske nadbiskupije te \u0107e do kraja ove godine pomagati nadbiskupu \u017delimiru Pulji\u0107u upravljati tom nadbiskupijom. Glavni zareditelj mons. Zgrabli\u0107a bio je zadarski nadbiskup \u017delimir Pulji\u0107, predsjednik Hrvatske biskupske konferencije, a suzareditelji splitsko-makarski nadbiskup i pore\u010dki i pulski apostolski upravitelj mons. Dra\u017een [&hellip;]<\/p>\n","protected":false},"author":2,"featured_media":153464,"comment_status":"closed","ping_status":"closed","sticky":false,"template":"","format":"standard","meta":{"h5ap_radio_sources":[],"footnotes":""},"categories":[1],"tags":[],"class_list":["post-153463","post","type-post","status-publish","format-standard","has-post-thumbnail","hentry","category-bihiregija"],"yoast_head":"<!-- This site is optimized with the Yoast SEO plugin v27.5 - https:\/\/yoast.com\/product\/yoast-seo-wordpress\/ -->\n<title>Mons. Milan Zgrabli\u0107 zare\u0111en za nadbiskupa koadjutora Zadarske nadbiskupije - RADIO LJUBU\u0160KI<\/title>\n<meta name=\"robots\" content=\"index, follow, max-snippet:-1, max-image-preview:large, max-video-preview:-1\" \/>\n<link rel=\"canonical\" href=\"https:\/\/radioljubuski.ba\/index.php\/2022\/06\/26\/mons-milan-zgrablic-zareden-za-nadbiskupa-koadjutora-zadarske-nadbiskupije\/\" \/>\n<meta property=\"og:locale\" content=\"hr_HR\" \/>\n<meta property=\"og:type\" content=\"article\" \/>\n<meta property=\"og:title\" content=\"Mons. Milan Zgrabli\u0107 zare\u0111en za nadbiskupa koadjutora Zadarske nadbiskupije - RADIO LJUBU\u0160KI\" \/>\n<meta property=\"og:description\" content=\"Mons. Milan Zgrabli\u0107 zare\u0111en je u subotu u Katedrali sv. Sto\u0161ije za nadbiskupa koadjutora Zadarske nadbiskupije te \u0107e do kraja ove godine pomagati nadbiskupu \u017delimiru Pulji\u0107u upravljati tom nadbiskupijom. Glavni zareditelj mons. Zgrabli\u0107a bio je zadarski nadbiskup \u017delimir Pulji\u0107, predsjednik Hrvatske biskupske konferencije, a suzareditelji splitsko-makarski nadbiskup i pore\u010dki i pulski apostolski upravitelj mons. Dra\u017een [&hellip;]\" \/>\n<meta property=\"og:url\" content=\"https:\/\/radioljubuski.ba\/index.php\/2022\/06\/26\/mons-milan-zgrablic-zareden-za-nadbiskupa-koadjutora-zadarske-nadbiskupije\/\" \/>\n<meta property=\"og:site_name\" content=\"RADIO LJUBU\u0160KI\" \/>\n<meta property=\"article:publisher\" content=\"https:\/\/www.facebook.com\/Radiio-Ljubuski-1490835324566332\" \/>\n<meta property=\"article:published_time\" content=\"2022-06-26T10:20:48+00:00\" \/>\n<meta property=\"article:modified_time\" content=\"2022-06-26T10:20:49+00:00\" \/>\n<meta property=\"og:image\" content=\"https:\/\/radioljubuski.ba\/wp-content\/uploads\/2022\/06\/3-2022-06-25-15-40-41-zd.jpg\" \/>\n\t<meta property=\"og:image:width\" content=\"1000\" \/>\n\t<meta property=\"og:image:height\" content=\"625\" \/>\n\t<meta property=\"og:image:type\" content=\"image\/jpeg\" \/>\n<meta name=\"author\" content=\"Radio Ljubu\u0161ki\" \/>\n<meta name=\"twitter:card\" content=\"summary_large_image\" \/>\n<meta name=\"twitter:creator\" content=\"@radioljubuski\" \/>\n<meta name=\"twitter:site\" content=\"@radioljubuski\" \/>\n<meta name=\"twitter:label1\" content=\"Napisao\/la\" \/>\n\t<meta name=\"twitter:data1\" content=\"Radio Ljubu\u0161ki\" \/>\n\t<meta name=\"twitter:label2\" content=\"Procijenjeno vrijeme \u010ditanja\" \/>\n\t<meta name=\"twitter:data2\" content=\"2 minute\" \/>\n<script type=\"application\/ld+json\" class=\"yoast-schema-graph\">{\"@context\":\"https:\\\/\\\/schema.org\",\"@graph\":[{\"@type\":\"Article\",\"@id\":\"https:\\\/\\\/radioljubuski.ba\\\/index.php\\\/2022\\\/06\\\/26\\\/mons-milan-zgrablic-zareden-za-nadbiskupa-koadjutora-zadarske-nadbiskupije\\\/#article\",\"isPartOf\":{\"@id\":\"https:\\\/\\\/radioljubuski.ba\\\/index.php\\\/2022\\\/06\\\/26\\\/mons-milan-zgrablic-zareden-za-nadbiskupa-koadjutora-zadarske-nadbiskupije\\\/\"},\"author\":{\"name\":\"Radio Ljubu\u0161ki\",\"@id\":\"https:\\\/\\\/radioljubuski.ba\\\/#\\\/schema\\\/person\\\/19fc700381a780f69665d7956c469e3b\"},\"headline\":\"Mons. Milan Zgrabli\u0107 zare\u0111en za nadbiskupa koadjutora Zadarske nadbiskupije\",\"datePublished\":\"2022-06-26T10:20:48+00:00\",\"dateModified\":\"2022-06-26T10:20:49+00:00\",\"mainEntityOfPage\":{\"@id\":\"https:\\\/\\\/radioljubuski.ba\\\/index.php\\\/2022\\\/06\\\/26\\\/mons-milan-zgrablic-zareden-za-nadbiskupa-koadjutora-zadarske-nadbiskupije\\\/\"},\"wordCount\":406,\"publisher\":{\"@id\":\"https:\\\/\\\/radioljubuski.ba\\\/#organization\"},\"image\":{\"@id\":\"https:\\\/\\\/radioljubuski.ba\\\/index.php\\\/2022\\\/06\\\/26\\\/mons-milan-zgrablic-zareden-za-nadbiskupa-koadjutora-zadarske-nadbiskupije\\\/#primaryimage\"},\"thumbnailUrl\":\"https:\\\/\\\/radioljubuski.ba\\\/wp-content\\\/uploads\\\/2022\\\/06\\\/3-2022-06-25-15-40-41-zd.jpg\",\"articleSection\":[\"BIH i regija\"],\"inLanguage\":\"hr\"},{\"@type\":\"WebPage\",\"@id\":\"https:\\\/\\\/radioljubuski.ba\\\/index.php\\\/2022\\\/06\\\/26\\\/mons-milan-zgrablic-zareden-za-nadbiskupa-koadjutora-zadarske-nadbiskupije\\\/\",\"url\":\"https:\\\/\\\/radioljubuski.ba\\\/index.php\\\/2022\\\/06\\\/26\\\/mons-milan-zgrablic-zareden-za-nadbiskupa-koadjutora-zadarske-nadbiskupije\\\/\",\"name\":\"Mons. Milan Zgrabli\u0107 zare\u0111en za nadbiskupa koadjutora Zadarske nadbiskupije - RADIO LJUBU\u0160KI\",\"isPartOf\":{\"@id\":\"https:\\\/\\\/radioljubuski.ba\\\/#website\"},\"primaryImageOfPage\":{\"@id\":\"https:\\\/\\\/radioljubuski.ba\\\/index.php\\\/2022\\\/06\\\/26\\\/mons-milan-zgrablic-zareden-za-nadbiskupa-koadjutora-zadarske-nadbiskupije\\\/#primaryimage\"},\"image\":{\"@id\":\"https:\\\/\\\/radioljubuski.ba\\\/index.php\\\/2022\\\/06\\\/26\\\/mons-milan-zgrablic-zareden-za-nadbiskupa-koadjutora-zadarske-nadbiskupije\\\/#primaryimage\"},\"thumbnailUrl\":\"https:\\\/\\\/radioljubuski.ba\\\/wp-content\\\/uploads\\\/2022\\\/06\\\/3-2022-06-25-15-40-41-zd.jpg\",\"datePublished\":\"2022-06-26T10:20:48+00:00\",\"dateModified\":\"2022-06-26T10:20:49+00:00\",\"breadcrumb\":{\"@id\":\"https:\\\/\\\/radioljubuski.ba\\\/index.php\\\/2022\\\/06\\\/26\\\/mons-milan-zgrablic-zareden-za-nadbiskupa-koadjutora-zadarske-nadbiskupije\\\/#breadcrumb\"},\"inLanguage\":\"hr\",\"potentialAction\":[{\"@type\":\"ReadAction\",\"target\":[\"https:\\\/\\\/radioljubuski.ba\\\/index.php\\\/2022\\\/06\\\/26\\\/mons-milan-zgrablic-zareden-za-nadbiskupa-koadjutora-zadarske-nadbiskupije\\\/\"]}]},{\"@type\":\"ImageObject\",\"inLanguage\":\"hr\",\"@id\":\"https:\\\/\\\/radioljubuski.ba\\\/index.php\\\/2022\\\/06\\\/26\\\/mons-milan-zgrablic-zareden-za-nadbiskupa-koadjutora-zadarske-nadbiskupije\\\/#primaryimage\",\"url\":\"https:\\\/\\\/radioljubuski.ba\\\/wp-content\\\/uploads\\\/2022\\\/06\\\/3-2022-06-25-15-40-41-zd.jpg\",\"contentUrl\":\"https:\\\/\\\/radioljubuski.ba\\\/wp-content\\\/uploads\\\/2022\\\/06\\\/3-2022-06-25-15-40-41-zd.jpg\",\"width\":1000,\"height\":625},{\"@type\":\"BreadcrumbList\",\"@id\":\"https:\\\/\\\/radioljubuski.ba\\\/index.php\\\/2022\\\/06\\\/26\\\/mons-milan-zgrablic-zareden-za-nadbiskupa-koadjutora-zadarske-nadbiskupije\\\/#breadcrumb\",\"itemListElement\":[{\"@type\":\"ListItem\",\"position\":1,\"name\":\"Po\u010detna stranica\",\"item\":\"https:\\\/\\\/radioljubuski.ba\\\/\"},{\"@type\":\"ListItem\",\"position\":2,\"name\":\"Mons. Milan Zgrabli\u0107 zare\u0111en za nadbiskupa koadjutora Zadarske nadbiskupije\"}]},{\"@type\":\"WebSite\",\"@id\":\"https:\\\/\\\/radioljubuski.ba\\\/#website\",\"url\":\"https:\\\/\\\/radioljubuski.ba\\\/\",\"name\":\"Radio Ljubu\u0161ki\",\"description\":\"Sun\u010dana frekvencija Hercegovine\",\"publisher\":{\"@id\":\"https:\\\/\\\/radioljubuski.ba\\\/#organization\"},\"potentialAction\":[{\"@type\":\"SearchAction\",\"target\":{\"@type\":\"EntryPoint\",\"urlTemplate\":\"https:\\\/\\\/radioljubuski.ba\\\/?s={search_term_string}\"},\"query-input\":{\"@type\":\"PropertyValueSpecification\",\"valueRequired\":true,\"valueName\":\"search_term_string\"}}],\"inLanguage\":\"hr\"},{\"@type\":\"Organization\",\"@id\":\"https:\\\/\\\/radioljubuski.ba\\\/#organization\",\"name\":\"Radio Ljubu\u0161ki\",\"url\":\"https:\\\/\\\/radioljubuski.ba\\\/\",\"logo\":{\"@type\":\"ImageObject\",\"inLanguage\":\"hr\",\"@id\":\"https:\\\/\\\/radioljubuski.ba\\\/#\\\/schema\\\/logo\\\/image\\\/\",\"url\":\"https:\\\/\\\/radioljubuski.ba\\\/wp-content\\\/uploads\\\/2021\\\/02\\\/cropped-Radio_Ljubuski_logo1.jpg\",\"contentUrl\":\"https:\\\/\\\/radioljubuski.ba\\\/wp-content\\\/uploads\\\/2021\\\/02\\\/cropped-Radio_Ljubuski_logo1.jpg\",\"width\":512,\"height\":512,\"caption\":\"Radio Ljubu\u0161ki\"},\"image\":{\"@id\":\"https:\\\/\\\/radioljubuski.ba\\\/#\\\/schema\\\/logo\\\/image\\\/\"},\"sameAs\":[\"https:\\\/\\\/www.facebook.com\\\/Radiio-Ljubuski-1490835324566332\",\"https:\\\/\\\/x.com\\\/radioljubuski\",\"https:\\\/\\\/hr.linkedin.com\\\/company\\\/radio-ljubuski\",\"https:\\\/\\\/www.youtube.com\\\/channel\\\/UCHYaeO_n0Db3tjNGudGpXyw\"]},{\"@type\":\"Person\",\"@id\":\"https:\\\/\\\/radioljubuski.ba\\\/#\\\/schema\\\/person\\\/19fc700381a780f69665d7956c469e3b\",\"name\":\"Radio Ljubu\u0161ki\"}]}<\/script>\n<!-- \/ Yoast SEO plugin. -->","yoast_head_json":{"title":"Mons. Milan Zgrabli\u0107 zare\u0111en za nadbiskupa koadjutora Zadarske nadbiskupije - RADIO LJUBU\u0160KI","robots":{"index":"index","follow":"follow","max-snippet":"max-snippet:-1","max-image-preview":"max-image-preview:large","max-video-preview":"max-video-preview:-1"},"canonical":"https:\/\/radioljubuski.ba\/index.php\/2022\/06\/26\/mons-milan-zgrablic-zareden-za-nadbiskupa-koadjutora-zadarske-nadbiskupije\/","og_locale":"hr_HR","og_type":"article","og_title":"Mons. Milan Zgrabli\u0107 zare\u0111en za nadbiskupa koadjutora Zadarske nadbiskupije - RADIO LJUBU\u0160KI","og_description":"Mons. Milan Zgrabli\u0107 zare\u0111en je u subotu u Katedrali sv. Sto\u0161ije za nadbiskupa koadjutora Zadarske nadbiskupije te \u0107e do kraja ove godine pomagati nadbiskupu \u017delimiru Pulji\u0107u upravljati tom nadbiskupijom. Glavni zareditelj mons. Zgrabli\u0107a bio je zadarski nadbiskup \u017delimir Pulji\u0107, predsjednik Hrvatske biskupske konferencije, a suzareditelji splitsko-makarski nadbiskup i pore\u010dki i pulski apostolski upravitelj mons. Dra\u017een [&hellip;]","og_url":"https:\/\/radioljubuski.ba\/index.php\/2022\/06\/26\/mons-milan-zgrablic-zareden-za-nadbiskupa-koadjutora-zadarske-nadbiskupije\/","og_site_name":"RADIO LJUBU\u0160KI","article_publisher":"https:\/\/www.facebook.com\/Radiio-Ljubuski-1490835324566332","article_published_time":"2022-06-26T10:20:48+00:00","article_modified_time":"2022-06-26T10:20:49+00:00","og_image":[{"width":1000,"height":625,"url":"https:\/\/radioljubuski.ba\/wp-content\/uploads\/2022\/06\/3-2022-06-25-15-40-41-zd.jpg","type":"image\/jpeg"}],"author":"Radio Ljubu\u0161ki","twitter_card":"summary_large_image","twitter_creator":"@radioljubuski","twitter_site":"@radioljubuski","twitter_misc":{"Napisao\/la":"Radio Ljubu\u0161ki","Procijenjeno vrijeme \u010ditanja":"2 minute"},"schema":{"@context":"https:\/\/schema.org","@graph":[{"@type":"Article","@id":"https:\/\/radioljubuski.ba\/index.php\/2022\/06\/26\/mons-milan-zgrablic-zareden-za-nadbiskupa-koadjutora-zadarske-nadbiskupije\/#article","isPartOf":{"@id":"https:\/\/radioljubuski.ba\/index.php\/2022\/06\/26\/mons-milan-zgrablic-zareden-za-nadbiskupa-koadjutora-zadarske-nadbiskupije\/"},"author":{"name":"Radio Ljubu\u0161ki","@id":"https:\/\/radioljubuski.ba\/#\/schema\/person\/19fc700381a780f69665d7956c469e3b"},"headline":"Mons. Milan Zgrabli\u0107 zare\u0111en za nadbiskupa koadjutora Zadarske nadbiskupije","datePublished":"2022-06-26T10:20:48+00:00","dateModified":"2022-06-26T10:20:49+00:00","mainEntityOfPage":{"@id":"https:\/\/radioljubuski.ba\/index.php\/2022\/06\/26\/mons-milan-zgrablic-zareden-za-nadbiskupa-koadjutora-zadarske-nadbiskupije\/"},"wordCount":406,"publisher":{"@id":"https:\/\/radioljubuski.ba\/#organization"},"image":{"@id":"https:\/\/radioljubuski.ba\/index.php\/2022\/06\/26\/mons-milan-zgrablic-zareden-za-nadbiskupa-koadjutora-zadarske-nadbiskupije\/#primaryimage"},"thumbnailUrl":"https:\/\/radioljubuski.ba\/wp-content\/uploads\/2022\/06\/3-2022-06-25-15-40-41-zd.jpg","articleSection":["BIH i regija"],"inLanguage":"hr"},{"@type":"WebPage","@id":"https:\/\/radioljubuski.ba\/index.php\/2022\/06\/26\/mons-milan-zgrablic-zareden-za-nadbiskupa-koadjutora-zadarske-nadbiskupije\/","url":"https:\/\/radioljubuski.ba\/index.php\/2022\/06\/26\/mons-milan-zgrablic-zareden-za-nadbiskupa-koadjutora-zadarske-nadbiskupije\/","name":"Mons. Milan Zgrabli\u0107 zare\u0111en za nadbiskupa koadjutora Zadarske nadbiskupije - RADIO LJUBU\u0160KI","isPartOf":{"@id":"https:\/\/radioljubuski.ba\/#website"},"primaryImageOfPage":{"@id":"https:\/\/radioljubuski.ba\/index.php\/2022\/06\/26\/mons-milan-zgrablic-zareden-za-nadbiskupa-koadjutora-zadarske-nadbiskupije\/#primaryimage"},"image":{"@id":"https:\/\/radioljubuski.ba\/index.php\/2022\/06\/26\/mons-milan-zgrablic-zareden-za-nadbiskupa-koadjutora-zadarske-nadbiskupije\/#primaryimage"},"thumbnailUrl":"https:\/\/radioljubuski.ba\/wp-content\/uploads\/2022\/06\/3-2022-06-25-15-40-41-zd.jpg","datePublished":"2022-06-26T10:20:48+00:00","dateModified":"2022-06-26T10:20:49+00:00","breadcrumb":{"@id":"https:\/\/radioljubuski.ba\/index.php\/2022\/06\/26\/mons-milan-zgrablic-zareden-za-nadbiskupa-koadjutora-zadarske-nadbiskupije\/#breadcrumb"},"inLanguage":"hr","potentialAction":[{"@type":"ReadAction","target":["https:\/\/radioljubuski.ba\/index.php\/2022\/06\/26\/mons-milan-zgrablic-zareden-za-nadbiskupa-koadjutora-zadarske-nadbiskupije\/"]}]},{"@type":"ImageObject","inLanguage":"hr","@id":"https:\/\/radioljubuski.ba\/index.php\/2022\/06\/26\/mons-milan-zgrablic-zareden-za-nadbiskupa-koadjutora-zadarske-nadbiskupije\/#primaryimage","url":"https:\/\/radioljubuski.ba\/wp-content\/uploads\/2022\/06\/3-2022-06-25-15-40-41-zd.jpg","contentUrl":"https:\/\/radioljubuski.ba\/wp-content\/uploads\/2022\/06\/3-2022-06-25-15-40-41-zd.jpg","width":1000,"height":625},{"@type":"BreadcrumbList","@id":"https:\/\/radioljubuski.ba\/index.php\/2022\/06\/26\/mons-milan-zgrablic-zareden-za-nadbiskupa-koadjutora-zadarske-nadbiskupije\/#breadcrumb","itemListElement":[{"@type":"ListItem","position":1,"name":"Po\u010detna stranica","item":"https:\/\/radioljubuski.ba\/"},{"@type":"ListItem","position":2,"name":"Mons. Milan Zgrabli\u0107 zare\u0111en za nadbiskupa koadjutora Zadarske nadbiskupije"}]},{"@type":"WebSite","@id":"https:\/\/radioljubuski.ba\/#website","url":"https:\/\/radioljubuski.ba\/","name":"Radio Ljubu\u0161ki","description":"Sun\u010dana frekvencija Hercegovine","publisher":{"@id":"https:\/\/radioljubuski.ba\/#organization"},"potentialAction":[{"@type":"SearchAction","target":{"@type":"EntryPoint","urlTemplate":"https:\/\/radioljubuski.ba\/?s={search_term_string}"},"query-input":{"@type":"PropertyValueSpecification","valueRequired":true,"valueName":"search_term_string"}}],"inLanguage":"hr"},{"@type":"Organization","@id":"https:\/\/radioljubuski.ba\/#organization","name":"Radio Ljubu\u0161ki","url":"https:\/\/radioljubuski.ba\/","logo":{"@type":"ImageObject","inLanguage":"hr","@id":"https:\/\/radioljubuski.ba\/#\/schema\/logo\/image\/","url":"https:\/\/radioljubuski.ba\/wp-content\/uploads\/2021\/02\/cropped-Radio_Ljubuski_logo1.jpg","contentUrl":"https:\/\/radioljubuski.ba\/wp-content\/uploads\/2021\/02\/cropped-Radio_Ljubuski_logo1.jpg","width":512,"height":512,"caption":"Radio Ljubu\u0161ki"},"image":{"@id":"https:\/\/radioljubuski.ba\/#\/schema\/logo\/image\/"},"sameAs":["https:\/\/www.facebook.com\/Radiio-Ljubuski-1490835324566332","https:\/\/x.com\/radioljubuski","https:\/\/hr.linkedin.com\/company\/radio-ljubuski","https:\/\/www.youtube.com\/channel\/UCHYaeO_n0Db3tjNGudGpXyw"]},{"@type":"Person","@id":"https:\/\/radioljubuski.ba\/#\/schema\/person\/19fc700381a780f69665d7956c469e3b","name":"Radio Ljubu\u0161ki"}]}},"_links":{"self":[{"href":"https:\/\/radioljubuski.ba\/index.php\/wp-json\/wp\/v2\/posts\/153463","targetHints":{"allow":["GET"]}}],"collection":[{"href":"https:\/\/radioljubuski.ba\/index.php\/wp-json\/wp\/v2\/posts"}],"about":[{"href":"https:\/\/radioljubuski.ba\/index.php\/wp-json\/wp\/v2\/types\/post"}],"author":[{"embeddable":true,"href":"https:\/\/radioljubuski.ba\/index.php\/wp-json\/wp\/v2\/users\/2"}],"replies":[{"embeddable":true,"href":"https:\/\/radioljubuski.ba\/index.php\/wp-json\/wp\/v2\/comments?post=153463"}],"version-history":[{"count":1,"href":"https:\/\/radioljubuski.ba\/index.php\/wp-json\/wp\/v2\/posts\/153463\/revisions"}],"predecessor-version":[{"id":153465,"href":"https:\/\/radioljubuski.ba\/index.php\/wp-json\/wp\/v2\/posts\/153463\/revisions\/153465"}],"wp:featuredmedia":[{"embeddable":true,"href":"https:\/\/radioljubuski.ba\/index.php\/wp-json\/wp\/v2\/media\/153464"}],"wp:attachment":[{"href":"https:\/\/radioljubuski.ba\/index.php\/wp-json\/wp\/v2\/media?parent=153463"}],"wp:term":[{"taxonomy":"category","embeddable":true,"href":"https:\/\/radioljubuski.ba\/index.php\/wp-json\/wp\/v2\/categories?post=153463"},{"taxonomy":"post_tag","embeddable":true,"href":"https:\/\/radioljubuski.ba\/index.php\/wp-json\/wp\/v2\/tags?post=153463"}],"curies":[{"name":"wp","href":"https:\/\/api.w.org\/{rel}","templated":true}]}}