{"id":153472,"date":"2022-06-26T11:24:21","date_gmt":"2022-06-26T10:24:21","guid":{"rendered":"https:\/\/radioljubuski.ba\/?p=153472"},"modified":"2022-06-26T11:24:21","modified_gmt":"2022-06-26T10:24:21","slug":"europski-politicari-prevareni-laznim-videopozivima-s-klickom","status":"publish","type":"post","link":"https:\/\/radioljubuski.ba\/index.php\/2022\/06\/26\/europski-politicari-prevareni-laznim-videopozivima-s-klickom\/","title":{"rendered":"Europski politi\u010dari prevareni la\u017enim videopozivima s Kli\u010dkom"},"content":{"rendered":"\n<p>Gradona\u010delnici Berlina, Be\u010da i Madrida razgovarali su videopozivom s osobom koja je zvu\u010dala i izgledala kao kijevski gradona\u010delnik Vitalij Kli\u010dko. No, rije\u010d je o deep fake videu, \u0161to zna\u010di da zapravo nisu razgovarali s njim.<\/p>\n\n\n\n<p>Europski gradona\u010delnici prevareni su tijekom videopoziva koji su se ispostavili la\u017enima, pi\u0161e Guardian. Berlinska gradona\u010delnica Franziska Giffey u petak je sudjelovala u zakazanom razgovoru na platformi za videokonferencije Webex s osobom za koju je rekla da je izgledala i zvu\u010dala poput Kli\u010dka.<\/p>\n\n\n\n<p>&#8220;Nije bilo znakova da videopoziv nije odr\u017ean sa stvarnom osobom&#8221;, stoji u priop\u0107enju njezina ureda.<\/p>\n\n\n\n<p>Osoba s poziva nije bila pravi Kli\u010dko<br>Tek nakon 15-ak minuta navodni gradona\u010delnik Kijeva po\u010deo je govoriti o problemu ukrajinskih izbjeglica koji varaju njema\u010dku dr\u017eavu u vezi povlastica. Osoba iz videa, koja se predstavljala kao Kli\u010dko, pozvala je izbjeglice da se vrate u Ukrajinu i uklju\u010de se u vojsku.<\/p>\n\n\n\n<p>Nakon te izjave gradona\u010delnica Berlina postala je sumnji\u010dava. Nakon \u0161to je veza nakratko prekinuta, ured berlinske gradona\u010delnice kontaktirao je ukrajinskog veleposlanika u Njema\u010dkoj. On je kontaktirao s Kijevom te potvrdio da osoba u videopozivu nije pravi Kli\u010dko, objavio je Der Spiegel.<\/p>\n\n\n\n<p>&#8220;\u010cini se da imamo posla s deep fakeom&#8221;, objavio je ured gradona\u010delnice Giffey. Deep fake snimke koriste oblik umjetne inteligencije koji stvara slike la\u017enih doga\u0111aja ili animacije politi\u010dara koji dr\u017ee la\u017ene govore.<\/p>\n\n\n\n<p>&#8220;Na\u017ealost, realnost je da se rat vodi svim sredstvima, uklju\u010duju\u0107i i internet, da bi se digitalnim sredstvima potkopalo povjerenje i diskreditirali partneri i saveznici Ukrajine&#8221;, rekla je Giffey.<\/p>\n\n\n\n<p>Isti videopoziv imali i gradona\u010delnici Be\u010da i Madrida<br>Ured gradona\u010delnika Madrida Josea Luisa Martineza-Almeide tako\u0111er je podnio prijavu policiji zbog nekoga tko se la\u017eno predstavlja kao Kli\u010dko u videopozivu. Prema rije\u010dima njegovog glasnogovornika, gradona\u010delnik je ubrzo nakon po\u010detka razgovora postao sumnji\u010dav i prekinuo razgovor.<\/p>\n\n\n\n<p>Gradona\u010delnik Be\u010da Michael Ludwig objavio je u srijedu na Twitteru da je videopozivom razgovarao s Kli\u010dkom. Tweet je obrisan u subotu. Ubrzo nakon toga slu\u017ebeni ra\u010dun Be\u010da objavio je izjavu da se \u010dini da je Ludwig bio \u017ertva &#8220;ozbiljnog slu\u010daja kiberneti\u010dkog kriminala&#8221;.<\/p>\n\n\n\n<p>Izvor:index.hr<\/p>\n","protected":false},"excerpt":{"rendered":"<p>Gradona\u010delnici Berlina, Be\u010da i Madrida razgovarali su videopozivom s osobom koja je zvu\u010dala i izgledala kao kijevski gradona\u010delnik Vitalij Kli\u010dko. No, rije\u010d je o deep fake videu, \u0161to zna\u010di da zapravo nisu razgovarali s njim. Europski gradona\u010delnici prevareni su tijekom videopoziva koji su se ispostavili la\u017enima, pi\u0161e Guardian. Berlinska gradona\u010delnica Franziska Giffey u petak je [&hellip;]<\/p>\n","protected":false},"author":2,"featured_media":125174,"comment_status":"closed","ping_status":"closed","sticky":false,"template":"","format":"standard","meta":{"h5ap_radio_sources":[],"footnotes":""},"categories":[1],"tags":[],"class_list":["post-153472","post","type-post","status-publish","format-standard","has-post-thumbnail","hentry","category-bihiregija"],"yoast_head":"<!-- This site is optimized with the Yoast SEO plugin v27.5 - https:\/\/yoast.com\/product\/yoast-seo-wordpress\/ -->\n<title>Europski politi\u010dari prevareni la\u017enim videopozivima s Kli\u010dkom - RADIO LJUBU\u0160KI<\/title>\n<meta name=\"robots\" content=\"index, follow, max-snippet:-1, max-image-preview:large, max-video-preview:-1\" \/>\n<link rel=\"canonical\" href=\"https:\/\/radioljubuski.ba\/index.php\/2022\/06\/26\/europski-politicari-prevareni-laznim-videopozivima-s-klickom\/\" \/>\n<meta property=\"og:locale\" content=\"hr_HR\" \/>\n<meta property=\"og:type\" content=\"article\" \/>\n<meta property=\"og:title\" content=\"Europski politi\u010dari prevareni la\u017enim videopozivima s Kli\u010dkom - RADIO LJUBU\u0160KI\" \/>\n<meta property=\"og:description\" content=\"Gradona\u010delnici Berlina, Be\u010da i Madrida razgovarali su videopozivom s osobom koja je zvu\u010dala i izgledala kao kijevski gradona\u010delnik Vitalij Kli\u010dko. No, rije\u010d je o deep fake videu, \u0161to zna\u010di da zapravo nisu razgovarali s njim. Europski gradona\u010delnici prevareni su tijekom videopoziva koji su se ispostavili la\u017enima, pi\u0161e Guardian. Berlinska gradona\u010delnica Franziska Giffey u petak je [&hellip;]\" \/>\n<meta property=\"og:url\" content=\"https:\/\/radioljubuski.ba\/index.php\/2022\/06\/26\/europski-politicari-prevareni-laznim-videopozivima-s-klickom\/\" \/>\n<meta property=\"og:site_name\" content=\"RADIO LJUBU\u0160KI\" \/>\n<meta property=\"article:publisher\" content=\"https:\/\/www.facebook.com\/Radiio-Ljubuski-1490835324566332\" \/>\n<meta property=\"article:published_time\" content=\"2022-06-26T10:24:21+00:00\" \/>\n<meta property=\"og:image\" content=\"https:\/\/radioljubuski.ba\/wp-content\/uploads\/2022\/03\/2-2022-03-25-11-20-37-1648202703-vitalij-klicko-750x384-1.png\" \/>\n\t<meta property=\"og:image:width\" content=\"1000\" \/>\n\t<meta property=\"og:image:height\" content=\"625\" \/>\n\t<meta property=\"og:image:type\" content=\"image\/png\" \/>\n<meta name=\"author\" content=\"Radio Ljubu\u0161ki\" \/>\n<meta name=\"twitter:card\" content=\"summary_large_image\" \/>\n<meta name=\"twitter:creator\" content=\"@radioljubuski\" \/>\n<meta name=\"twitter:site\" content=\"@radioljubuski\" \/>\n<meta name=\"twitter:label1\" content=\"Napisao\/la\" \/>\n\t<meta name=\"twitter:data1\" content=\"Radio Ljubu\u0161ki\" \/>\n\t<meta name=\"twitter:label2\" content=\"Procijenjeno vrijeme \u010ditanja\" \/>\n\t<meta name=\"twitter:data2\" content=\"2 minute\" \/>\n<script type=\"application\/ld+json\" class=\"yoast-schema-graph\">{\"@context\":\"https:\\\/\\\/schema.org\",\"@graph\":[{\"@type\":\"Article\",\"@id\":\"https:\\\/\\\/radioljubuski.ba\\\/index.php\\\/2022\\\/06\\\/26\\\/europski-politicari-prevareni-laznim-videopozivima-s-klickom\\\/#article\",\"isPartOf\":{\"@id\":\"https:\\\/\\\/radioljubuski.ba\\\/index.php\\\/2022\\\/06\\\/26\\\/europski-politicari-prevareni-laznim-videopozivima-s-klickom\\\/\"},\"author\":{\"name\":\"Radio Ljubu\u0161ki\",\"@id\":\"https:\\\/\\\/radioljubuski.ba\\\/#\\\/schema\\\/person\\\/19fc700381a780f69665d7956c469e3b\"},\"headline\":\"Europski politi\u010dari prevareni la\u017enim videopozivima s Kli\u010dkom\",\"datePublished\":\"2022-06-26T10:24:21+00:00\",\"mainEntityOfPage\":{\"@id\":\"https:\\\/\\\/radioljubuski.ba\\\/index.php\\\/2022\\\/06\\\/26\\\/europski-politicari-prevareni-laznim-videopozivima-s-klickom\\\/\"},\"wordCount\":392,\"publisher\":{\"@id\":\"https:\\\/\\\/radioljubuski.ba\\\/#organization\"},\"image\":{\"@id\":\"https:\\\/\\\/radioljubuski.ba\\\/index.php\\\/2022\\\/06\\\/26\\\/europski-politicari-prevareni-laznim-videopozivima-s-klickom\\\/#primaryimage\"},\"thumbnailUrl\":\"https:\\\/\\\/radioljubuski.ba\\\/wp-content\\\/uploads\\\/2022\\\/03\\\/2-2022-03-25-11-20-37-1648202703-vitalij-klicko-750x384-1.png\",\"articleSection\":[\"BIH i regija\"],\"inLanguage\":\"hr\"},{\"@type\":\"WebPage\",\"@id\":\"https:\\\/\\\/radioljubuski.ba\\\/index.php\\\/2022\\\/06\\\/26\\\/europski-politicari-prevareni-laznim-videopozivima-s-klickom\\\/\",\"url\":\"https:\\\/\\\/radioljubuski.ba\\\/index.php\\\/2022\\\/06\\\/26\\\/europski-politicari-prevareni-laznim-videopozivima-s-klickom\\\/\",\"name\":\"Europski politi\u010dari prevareni la\u017enim videopozivima s Kli\u010dkom - RADIO LJUBU\u0160KI\",\"isPartOf\":{\"@id\":\"https:\\\/\\\/radioljubuski.ba\\\/#website\"},\"primaryImageOfPage\":{\"@id\":\"https:\\\/\\\/radioljubuski.ba\\\/index.php\\\/2022\\\/06\\\/26\\\/europski-politicari-prevareni-laznim-videopozivima-s-klickom\\\/#primaryimage\"},\"image\":{\"@id\":\"https:\\\/\\\/radioljubuski.ba\\\/index.php\\\/2022\\\/06\\\/26\\\/europski-politicari-prevareni-laznim-videopozivima-s-klickom\\\/#primaryimage\"},\"thumbnailUrl\":\"https:\\\/\\\/radioljubuski.ba\\\/wp-content\\\/uploads\\\/2022\\\/03\\\/2-2022-03-25-11-20-37-1648202703-vitalij-klicko-750x384-1.png\",\"datePublished\":\"2022-06-26T10:24:21+00:00\",\"breadcrumb\":{\"@id\":\"https:\\\/\\\/radioljubuski.ba\\\/index.php\\\/2022\\\/06\\\/26\\\/europski-politicari-prevareni-laznim-videopozivima-s-klickom\\\/#breadcrumb\"},\"inLanguage\":\"hr\",\"potentialAction\":[{\"@type\":\"ReadAction\",\"target\":[\"https:\\\/\\\/radioljubuski.ba\\\/index.php\\\/2022\\\/06\\\/26\\\/europski-politicari-prevareni-laznim-videopozivima-s-klickom\\\/\"]}]},{\"@type\":\"ImageObject\",\"inLanguage\":\"hr\",\"@id\":\"https:\\\/\\\/radioljubuski.ba\\\/index.php\\\/2022\\\/06\\\/26\\\/europski-politicari-prevareni-laznim-videopozivima-s-klickom\\\/#primaryimage\",\"url\":\"https:\\\/\\\/radioljubuski.ba\\\/wp-content\\\/uploads\\\/2022\\\/03\\\/2-2022-03-25-11-20-37-1648202703-vitalij-klicko-750x384-1.png\",\"contentUrl\":\"https:\\\/\\\/radioljubuski.ba\\\/wp-content\\\/uploads\\\/2022\\\/03\\\/2-2022-03-25-11-20-37-1648202703-vitalij-klicko-750x384-1.png\",\"width\":1000,\"height\":625},{\"@type\":\"BreadcrumbList\",\"@id\":\"https:\\\/\\\/radioljubuski.ba\\\/index.php\\\/2022\\\/06\\\/26\\\/europski-politicari-prevareni-laznim-videopozivima-s-klickom\\\/#breadcrumb\",\"itemListElement\":[{\"@type\":\"ListItem\",\"position\":1,\"name\":\"Po\u010detna stranica\",\"item\":\"https:\\\/\\\/radioljubuski.ba\\\/\"},{\"@type\":\"ListItem\",\"position\":2,\"name\":\"Europski politi\u010dari prevareni la\u017enim videopozivima s Kli\u010dkom\"}]},{\"@type\":\"WebSite\",\"@id\":\"https:\\\/\\\/radioljubuski.ba\\\/#website\",\"url\":\"https:\\\/\\\/radioljubuski.ba\\\/\",\"name\":\"Radio Ljubu\u0161ki\",\"description\":\"Sun\u010dana frekvencija Hercegovine\",\"publisher\":{\"@id\":\"https:\\\/\\\/radioljubuski.ba\\\/#organization\"},\"potentialAction\":[{\"@type\":\"SearchAction\",\"target\":{\"@type\":\"EntryPoint\",\"urlTemplate\":\"https:\\\/\\\/radioljubuski.ba\\\/?s={search_term_string}\"},\"query-input\":{\"@type\":\"PropertyValueSpecification\",\"valueRequired\":true,\"valueName\":\"search_term_string\"}}],\"inLanguage\":\"hr\"},{\"@type\":\"Organization\",\"@id\":\"https:\\\/\\\/radioljubuski.ba\\\/#organization\",\"name\":\"Radio Ljubu\u0161ki\",\"url\":\"https:\\\/\\\/radioljubuski.ba\\\/\",\"logo\":{\"@type\":\"ImageObject\",\"inLanguage\":\"hr\",\"@id\":\"https:\\\/\\\/radioljubuski.ba\\\/#\\\/schema\\\/logo\\\/image\\\/\",\"url\":\"https:\\\/\\\/radioljubuski.ba\\\/wp-content\\\/uploads\\\/2021\\\/02\\\/cropped-Radio_Ljubuski_logo1.jpg\",\"contentUrl\":\"https:\\\/\\\/radioljubuski.ba\\\/wp-content\\\/uploads\\\/2021\\\/02\\\/cropped-Radio_Ljubuski_logo1.jpg\",\"width\":512,\"height\":512,\"caption\":\"Radio Ljubu\u0161ki\"},\"image\":{\"@id\":\"https:\\\/\\\/radioljubuski.ba\\\/#\\\/schema\\\/logo\\\/image\\\/\"},\"sameAs\":[\"https:\\\/\\\/www.facebook.com\\\/Radiio-Ljubuski-1490835324566332\",\"https:\\\/\\\/x.com\\\/radioljubuski\",\"https:\\\/\\\/hr.linkedin.com\\\/company\\\/radio-ljubuski\",\"https:\\\/\\\/www.youtube.com\\\/channel\\\/UCHYaeO_n0Db3tjNGudGpXyw\"]},{\"@type\":\"Person\",\"@id\":\"https:\\\/\\\/radioljubuski.ba\\\/#\\\/schema\\\/person\\\/19fc700381a780f69665d7956c469e3b\",\"name\":\"Radio Ljubu\u0161ki\"}]}<\/script>\n<!-- \/ Yoast SEO plugin. -->","yoast_head_json":{"title":"Europski politi\u010dari prevareni la\u017enim videopozivima s Kli\u010dkom - RADIO LJUBU\u0160KI","robots":{"index":"index","follow":"follow","max-snippet":"max-snippet:-1","max-image-preview":"max-image-preview:large","max-video-preview":"max-video-preview:-1"},"canonical":"https:\/\/radioljubuski.ba\/index.php\/2022\/06\/26\/europski-politicari-prevareni-laznim-videopozivima-s-klickom\/","og_locale":"hr_HR","og_type":"article","og_title":"Europski politi\u010dari prevareni la\u017enim videopozivima s Kli\u010dkom - RADIO LJUBU\u0160KI","og_description":"Gradona\u010delnici Berlina, Be\u010da i Madrida razgovarali su videopozivom s osobom koja je zvu\u010dala i izgledala kao kijevski gradona\u010delnik Vitalij Kli\u010dko. No, rije\u010d je o deep fake videu, \u0161to zna\u010di da zapravo nisu razgovarali s njim. Europski gradona\u010delnici prevareni su tijekom videopoziva koji su se ispostavili la\u017enima, pi\u0161e Guardian. Berlinska gradona\u010delnica Franziska Giffey u petak je [&hellip;]","og_url":"https:\/\/radioljubuski.ba\/index.php\/2022\/06\/26\/europski-politicari-prevareni-laznim-videopozivima-s-klickom\/","og_site_name":"RADIO LJUBU\u0160KI","article_publisher":"https:\/\/www.facebook.com\/Radiio-Ljubuski-1490835324566332","article_published_time":"2022-06-26T10:24:21+00:00","og_image":[{"width":1000,"height":625,"url":"https:\/\/radioljubuski.ba\/wp-content\/uploads\/2022\/03\/2-2022-03-25-11-20-37-1648202703-vitalij-klicko-750x384-1.png","type":"image\/png"}],"author":"Radio Ljubu\u0161ki","twitter_card":"summary_large_image","twitter_creator":"@radioljubuski","twitter_site":"@radioljubuski","twitter_misc":{"Napisao\/la":"Radio Ljubu\u0161ki","Procijenjeno vrijeme \u010ditanja":"2 minute"},"schema":{"@context":"https:\/\/schema.org","@graph":[{"@type":"Article","@id":"https:\/\/radioljubuski.ba\/index.php\/2022\/06\/26\/europski-politicari-prevareni-laznim-videopozivima-s-klickom\/#article","isPartOf":{"@id":"https:\/\/radioljubuski.ba\/index.php\/2022\/06\/26\/europski-politicari-prevareni-laznim-videopozivima-s-klickom\/"},"author":{"name":"Radio Ljubu\u0161ki","@id":"https:\/\/radioljubuski.ba\/#\/schema\/person\/19fc700381a780f69665d7956c469e3b"},"headline":"Europski politi\u010dari prevareni la\u017enim videopozivima s Kli\u010dkom","datePublished":"2022-06-26T10:24:21+00:00","mainEntityOfPage":{"@id":"https:\/\/radioljubuski.ba\/index.php\/2022\/06\/26\/europski-politicari-prevareni-laznim-videopozivima-s-klickom\/"},"wordCount":392,"publisher":{"@id":"https:\/\/radioljubuski.ba\/#organization"},"image":{"@id":"https:\/\/radioljubuski.ba\/index.php\/2022\/06\/26\/europski-politicari-prevareni-laznim-videopozivima-s-klickom\/#primaryimage"},"thumbnailUrl":"https:\/\/radioljubuski.ba\/wp-content\/uploads\/2022\/03\/2-2022-03-25-11-20-37-1648202703-vitalij-klicko-750x384-1.png","articleSection":["BIH i regija"],"inLanguage":"hr"},{"@type":"WebPage","@id":"https:\/\/radioljubuski.ba\/index.php\/2022\/06\/26\/europski-politicari-prevareni-laznim-videopozivima-s-klickom\/","url":"https:\/\/radioljubuski.ba\/index.php\/2022\/06\/26\/europski-politicari-prevareni-laznim-videopozivima-s-klickom\/","name":"Europski politi\u010dari prevareni la\u017enim videopozivima s Kli\u010dkom - RADIO LJUBU\u0160KI","isPartOf":{"@id":"https:\/\/radioljubuski.ba\/#website"},"primaryImageOfPage":{"@id":"https:\/\/radioljubuski.ba\/index.php\/2022\/06\/26\/europski-politicari-prevareni-laznim-videopozivima-s-klickom\/#primaryimage"},"image":{"@id":"https:\/\/radioljubuski.ba\/index.php\/2022\/06\/26\/europski-politicari-prevareni-laznim-videopozivima-s-klickom\/#primaryimage"},"thumbnailUrl":"https:\/\/radioljubuski.ba\/wp-content\/uploads\/2022\/03\/2-2022-03-25-11-20-37-1648202703-vitalij-klicko-750x384-1.png","datePublished":"2022-06-26T10:24:21+00:00","breadcrumb":{"@id":"https:\/\/radioljubuski.ba\/index.php\/2022\/06\/26\/europski-politicari-prevareni-laznim-videopozivima-s-klickom\/#breadcrumb"},"inLanguage":"hr","potentialAction":[{"@type":"ReadAction","target":["https:\/\/radioljubuski.ba\/index.php\/2022\/06\/26\/europski-politicari-prevareni-laznim-videopozivima-s-klickom\/"]}]},{"@type":"ImageObject","inLanguage":"hr","@id":"https:\/\/radioljubuski.ba\/index.php\/2022\/06\/26\/europski-politicari-prevareni-laznim-videopozivima-s-klickom\/#primaryimage","url":"https:\/\/radioljubuski.ba\/wp-content\/uploads\/2022\/03\/2-2022-03-25-11-20-37-1648202703-vitalij-klicko-750x384-1.png","contentUrl":"https:\/\/radioljubuski.ba\/wp-content\/uploads\/2022\/03\/2-2022-03-25-11-20-37-1648202703-vitalij-klicko-750x384-1.png","width":1000,"height":625},{"@type":"BreadcrumbList","@id":"https:\/\/radioljubuski.ba\/index.php\/2022\/06\/26\/europski-politicari-prevareni-laznim-videopozivima-s-klickom\/#breadcrumb","itemListElement":[{"@type":"ListItem","position":1,"name":"Po\u010detna stranica","item":"https:\/\/radioljubuski.ba\/"},{"@type":"ListItem","position":2,"name":"Europski politi\u010dari prevareni la\u017enim videopozivima s Kli\u010dkom"}]},{"@type":"WebSite","@id":"https:\/\/radioljubuski.ba\/#website","url":"https:\/\/radioljubuski.ba\/","name":"Radio Ljubu\u0161ki","description":"Sun\u010dana frekvencija Hercegovine","publisher":{"@id":"https:\/\/radioljubuski.ba\/#organization"},"potentialAction":[{"@type":"SearchAction","target":{"@type":"EntryPoint","urlTemplate":"https:\/\/radioljubuski.ba\/?s={search_term_string}"},"query-input":{"@type":"PropertyValueSpecification","valueRequired":true,"valueName":"search_term_string"}}],"inLanguage":"hr"},{"@type":"Organization","@id":"https:\/\/radioljubuski.ba\/#organization","name":"Radio Ljubu\u0161ki","url":"https:\/\/radioljubuski.ba\/","logo":{"@type":"ImageObject","inLanguage":"hr","@id":"https:\/\/radioljubuski.ba\/#\/schema\/logo\/image\/","url":"https:\/\/radioljubuski.ba\/wp-content\/uploads\/2021\/02\/cropped-Radio_Ljubuski_logo1.jpg","contentUrl":"https:\/\/radioljubuski.ba\/wp-content\/uploads\/2021\/02\/cropped-Radio_Ljubuski_logo1.jpg","width":512,"height":512,"caption":"Radio Ljubu\u0161ki"},"image":{"@id":"https:\/\/radioljubuski.ba\/#\/schema\/logo\/image\/"},"sameAs":["https:\/\/www.facebook.com\/Radiio-Ljubuski-1490835324566332","https:\/\/x.com\/radioljubuski","https:\/\/hr.linkedin.com\/company\/radio-ljubuski","https:\/\/www.youtube.com\/channel\/UCHYaeO_n0Db3tjNGudGpXyw"]},{"@type":"Person","@id":"https:\/\/radioljubuski.ba\/#\/schema\/person\/19fc700381a780f69665d7956c469e3b","name":"Radio Ljubu\u0161ki"}]}},"_links":{"self":[{"href":"https:\/\/radioljubuski.ba\/index.php\/wp-json\/wp\/v2\/posts\/153472","targetHints":{"allow":["GET"]}}],"collection":[{"href":"https:\/\/radioljubuski.ba\/index.php\/wp-json\/wp\/v2\/posts"}],"about":[{"href":"https:\/\/radioljubuski.ba\/index.php\/wp-json\/wp\/v2\/types\/post"}],"author":[{"embeddable":true,"href":"https:\/\/radioljubuski.ba\/index.php\/wp-json\/wp\/v2\/users\/2"}],"replies":[{"embeddable":true,"href":"https:\/\/radioljubuski.ba\/index.php\/wp-json\/wp\/v2\/comments?post=153472"}],"version-history":[{"count":1,"href":"https:\/\/radioljubuski.ba\/index.php\/wp-json\/wp\/v2\/posts\/153472\/revisions"}],"predecessor-version":[{"id":153473,"href":"https:\/\/radioljubuski.ba\/index.php\/wp-json\/wp\/v2\/posts\/153472\/revisions\/153473"}],"wp:featuredmedia":[{"embeddable":true,"href":"https:\/\/radioljubuski.ba\/index.php\/wp-json\/wp\/v2\/media\/125174"}],"wp:attachment":[{"href":"https:\/\/radioljubuski.ba\/index.php\/wp-json\/wp\/v2\/media?parent=153472"}],"wp:term":[{"taxonomy":"category","embeddable":true,"href":"https:\/\/radioljubuski.ba\/index.php\/wp-json\/wp\/v2\/categories?post=153472"},{"taxonomy":"post_tag","embeddable":true,"href":"https:\/\/radioljubuski.ba\/index.php\/wp-json\/wp\/v2\/tags?post=153472"}],"curies":[{"name":"wp","href":"https:\/\/api.w.org\/{rel}","templated":true}]}}