{"id":153481,"date":"2022-06-26T11:29:55","date_gmt":"2022-06-26T10:29:55","guid":{"rendered":"https:\/\/radioljubuski.ba\/?p=153481"},"modified":"2022-06-26T11:29:56","modified_gmt":"2022-06-26T10:29:56","slug":"dalmatinski-ugostitelj-sokiran-razvojem-dogadaja-orucio-sam-orbanu-da-jadran-nije-madarsko-more-prijeti-mi-200-000-kuna-kazne","status":"publish","type":"post","link":"https:\/\/radioljubuski.ba\/index.php\/2022\/06\/26\/dalmatinski-ugostitelj-sokiran-razvojem-dogadaja-orucio-sam-orbanu-da-jadran-nije-madarsko-more-prijeti-mi-200-000-kuna-kazne\/","title":{"rendered":"Dalmatinski ugostitelj \u0161okiran razvojem doga\u0111aja: \u2018&#8221;oru\u010dio sam Orbanu da Jadran nije ma\u0111arsko more, prijeti mi 200.000 kuna kazne&#8221;"},"content":{"rendered":"\n<p>Tri re\u010denice ispisane kredom na plo\u010di, kako je krenulo, mogle bi ugostitelja s Pelje\u0161ca ko\u0161tati 200 tisu\u0107a kuna. Mjesec dana nakon objave fotografije s natpisom upu\u0107enim ma\u0111arskom premijeru Viktoru Orbanu, na vrata Jakova Jak\u0161e Begovi\u0107a pokucala je policija.<\/p>\n\n\n\n<p>Ovaj 66-godi\u0161nji kapetan duge plovidbe, koji se 30 godina bavi ugostiteljstvom, a posjeduje i ribarski obrt te dozvolu za izlov tune, postao je osumnji\u010denik za povredu dostojanstva Ma\u0111ara prema Zakonu o suzbijanju diskriminacije. Kako navedeni zakon propisuje nov\u010dane kazne, a sporna plo\u010da je pred njegovim &#8220;Tuna barom&#8221; u Trpnju na Pelje\u0161cu, propisana kazna za pravnu osobu je umnogome vi\u0161a nego za fizi\u010dku.<\/p>\n\n\n\n<p>Naime, ako 66-godi\u0161njeg Jak\u0161u prijave kao fizi\u010dku osobu, prijeti mu od pet tisu\u0107a do 30 tisu\u0107a kuna kazne. U slu\u010daju pak da bude prijavljen kao obrtnik, tada je raspon kazne od deset tisu\u0107a do 200 tisu\u0107a kuna.<\/p>\n\n\n\n<p>DOVEDITE HERNADIJA<br>&nbsp;Njega brine upravo to \u0161to su ga policajci iz Policijske postaje Ston izrijekom pitali je li vlasnik obrta.<\/p>\n\n\n\n<p>\u2013 S obzirom da su do\u0161li sada, nakon toliko vremena, bojim se da \u0107e i kaznu tra\u017eiti \u0161to vi\u0161u jer je o\u010dito da je netko potaknuo policijsko djelovanje. Da su sami mislili do\u0107i, pojavili bi se odmah nakon dan-dva.<\/p>\n\n\n\n<p>Pazite, natpis na plo\u010di je glasio: &#8220;Ma\u0111are ne slu\u017eimo. Niste dobrodo\u0161li na va\u0161e more. Ako dovedete Hern\u00e1dija dobro ste do\u0161li.&#8221; (Zsolt Hern\u00e1di predsjednik i izvr\u0161ni direktor ma\u0111arskog MOL-a, op.a.).<\/p>\n\n\n\n<p>To je bio moj odgovor premijeru Orbanu koji je na\u0161e more nazvao ma\u0111arskim, pa to je valjda svakome jasno. Lijepo sam napisao &#8220;na va\u0161e more&#8221;, a svi znamo da je Jadransko more hrvatsko. Da sam napisao &#8220;na na\u0161e more&#8221; onda bi i ta policijska istraga imala smisla, a ovako je suluda.<\/p>\n\n\n\n<p>Osim toga, pitam ja vas, pa koji ugostitelj bi tjerao goste bilo koje nacije? Zlo\u010desto je pritom izvla\u010diti natpis iz konteksta jer se ja amaterski bavim satirom, to doslovno svi znaju. Objavljujem na dnevnoj bazi natpise na plo\u010di i komentiram dnevnopoliti\u010dka zbivanja. Svi se na njih smiju, nitko nije bio uvrije\u0111en \u2013 ka\u017ee na\u0161 sugovornik.<\/p>\n\n\n\n<p>Me\u0111u natpisima koje je objavljivao na plo\u010di pred svojim ugostiteljskim objektom te u objavama na dru\u0161tvenim mre\u017eama, bavio se raznim aspektima \u017eivota: &#8220;Ako ste nezadovoljni poslugom, dovedite je drugi put sa sobom&#8221;; &#8220;Ako ste sa pasom brnjica je jedino vama obavezna&#8221;.<\/p>\n\n\n\n<p>Zatim: &#8220;Ni kad smo zatvoreni HDZ-ovce ne poslu\u017eujemo, a SDP-ovce pogotovo, ostale da ni ne spominjemo, nemamo pametnijeg posla&#8221;; &#8220;Imamo odli\u010dnog kuhara kojeg ne bi preporu\u010dili&#8221;; &#8220;Ne ulazi ako si cijepljen, ako nisi pogotovo&#8221;; &#8220;Po uputama sto\u017eera od sutra ujutro smo zatvoreni, a popodne nismo otvoreni&#8221;.<\/p>\n\n\n\n<p>KREATIVNE OBJAVE<br>Odvjetnik Ivan Gr\u017ei\u0107 koji zastupa ugostitelja s Pelje\u0161ca, ni sam ne mo\u017ee vjerovati da postoji mogu\u0107nost prijave.<\/p>\n\n\n\n<p>\u2013 Vezano za optu\u017ebu koja se stavlja mom branjeniku na teret napominjem kako se u konkretnom slu\u010daju radi o benignom sadr\u017eaju i satiri, koja je kao takva za\u0161ti\u0107ena slobodom govora sukladno recentnoj praksi Europskog suda za ljudska prava.<\/p>\n\n\n\n<p>Objekt u kojem je istaknut sporni natpis nadaleko je poznat po duhovitim objavama, istaknutim na plo\u010di ispred lokala. Te kreativne objave korisnici dru\u0161tvenih mre\u017ea svakodnevno dijele s obzirom na to da se sam vlasnik istog lokala naj\u010de\u0161\u0107e \u0161ali na vlastiti ra\u010dun i ra\u010dun svoga objekta.<\/p>\n\n\n\n<p>Vezano za sporni natpis napominjem kako tu nema govora o bilo kakvoj diskriminaciji s obzirom na to da su Ma\u0111ari, kao i ostali ljudi svih vjera i nacija, uvijek dobrodo\u0161li u &#8220;Tuna bar&#8221; na Trpnju. Slijedom navedenog, iniciranje predmetnog prekr\u0161ajnog postupka smatram u cijelosti neutemeljenim i nadasve apsurdnim, jer Jakov Begovi\u0107 kao jedna apoliti\u010dna, duhovita i nadasve dobronamjerna osoba, svojim postupanjem definitivno nije ostvario obilje\u017eja prekr\u0161aja koji mu se stavlja na teret \u2013 ka\u017ee nam odvjetnik.<\/p>\n\n\n\n<p>Njegov klijent tako\u0111er isti\u010de kako je dolazak policije tek dio neprilika koje je imao zbog spornog natpisa.<\/p>\n\n\n\n<p>\u2013 Nakon objave natpisa na plo\u010di, putem Instagrama u roku od jednog dana do\u0161lo je vi\u0161e od tisu\u0107u ocjena &#8220;jedan&#8221; na moje Google reviews. Ta hrpa negativnih ocjena se obru\u0161ila na na\u0161u stranicu u tolikoj mjeri da je sam Google prepoznao umjetno stvoren val negativnih recenzija i izbacio ih.<\/p>\n\n\n\n<p>To isto su mi zlonamjerne osobe napravile i na Facebook stranici bara gdje su mi ocjenu s 4 i ne\u0161to sru\u0161ili na 2,4. Ali pisali su stvarno sva\u0161ta, pa tako i da smo im &#8220;prepekli koko\u0161&#8221;, a piletinu na taj na\u010din uop\u0107e ne poslu\u017eujemo. Zatim da &#8220;ne valja krumpir&#8221; i takve stvari \u2013 ka\u017ee nam Jak\u0161a Begovi\u0107.<\/p>\n\n\n\n<p>STIGLA I PODR\u0160KA<br>Me\u0111utim, njegov optimizam i dalje nije ni\u0161ta manji, pogotovo \u0161to su mu se javili mnogi Ma\u0111ari koji ne podr\u017eavaju premijera Orbana. Oni su shvatili njegov natpis kao kritiku aktualne ma\u0111arske vlasti, a ne diskriminiraju\u0107u po njih osobno.<\/p>\n\n\n\n<p>\u2013 Nakon objave natpisa na plo\u010di, putem Instagrama u roku od jednog dana do\u0161lo je vi\u0161e od tisu\u0107u ocjena &#8220;jedan&#8221; na moje Google reviews. Ta hrpa negativnih ocjena se obru\u0161ila na na\u0161u stranicu u tolikoj mjeri da je sam Google prepoznao umjetno stvoren val negativnih recenzija i izbacio ih.<\/p>\n\n\n\n<p>To isto su mi zlonamjerne osobe napravile i na Facebook stranici bara gdje su mi ocjenu s 4 i ne\u0161to sru\u0161ili na 2,4. Ali pisali su stvarno sva\u0161ta, pa tako i da smo im &#8220;prepekli koko\u0161&#8221;, a piletinu na taj na\u010din uop\u0107e ne poslu\u017eujemo. Zatim da &#8220;ne valja krumpir&#8221; i takve stvari \u2013 ka\u017ee nam Jak\u0161a Begovi\u0107.<\/p>\n\n\n\n<p>STIGLA I PODR\u0160KA<br>Me\u0111utim, njegov optimizam i dalje nije ni\u0161ta manji, pogotovo \u0161to su mu se javili mnogi Ma\u0111ari koji ne podr\u017eavaju premijera Orbana. Oni su shvatili njegov natpis kao kritiku aktualne ma\u0111arske vlasti, a ne diskriminiraju\u0107u po njih osobno.<\/p>\n\n\n\n<p>Izvor:slobodnadalmaCIJA.HR<\/p>\n","protected":false},"excerpt":{"rendered":"<p>Tri re\u010denice ispisane kredom na plo\u010di, kako je krenulo, mogle bi ugostitelja s Pelje\u0161ca ko\u0161tati 200 tisu\u0107a kuna. Mjesec dana nakon objave fotografije s natpisom upu\u0107enim ma\u0111arskom premijeru Viktoru Orbanu, na vrata Jakova Jak\u0161e Begovi\u0107a pokucala je policija. Ovaj 66-godi\u0161nji kapetan duge plovidbe, koji se 30 godina bavi ugostiteljstvom, a posjeduje i ribarski obrt te [&hellip;]<\/p>\n","protected":false},"author":2,"featured_media":153482,"comment_status":"closed","ping_status":"closed","sticky":false,"template":"","format":"standard","meta":{"h5ap_radio_sources":[],"footnotes":""},"categories":[1],"tags":[],"class_list":["post-153481","post","type-post","status-publish","format-standard","has-post-thumbnail","hentry","category-bihiregija"],"yoast_head":"<!-- This site is optimized with the Yoast SEO plugin v27.4 - https:\/\/yoast.com\/product\/yoast-seo-wordpress\/ -->\n<title>Dalmatinski ugostitelj \u0161okiran razvojem doga\u0111aja: \u2018&quot;oru\u010dio sam Orbanu da Jadran nije ma\u0111arsko more, prijeti mi 200.000 kuna kazne&quot; - RADIO LJUBU\u0160KI<\/title>\n<meta name=\"robots\" content=\"index, follow, max-snippet:-1, max-image-preview:large, max-video-preview:-1\" \/>\n<link rel=\"canonical\" href=\"https:\/\/radioljubuski.ba\/index.php\/2022\/06\/26\/dalmatinski-ugostitelj-sokiran-razvojem-dogadaja-orucio-sam-orbanu-da-jadran-nije-madarsko-more-prijeti-mi-200-000-kuna-kazne\/\" \/>\n<meta property=\"og:locale\" content=\"hr_HR\" \/>\n<meta property=\"og:type\" content=\"article\" \/>\n<meta property=\"og:title\" content=\"Dalmatinski ugostitelj \u0161okiran razvojem doga\u0111aja: \u2018&quot;oru\u010dio sam Orbanu da Jadran nije ma\u0111arsko more, prijeti mi 200.000 kuna kazne&quot; - RADIO LJUBU\u0160KI\" \/>\n<meta property=\"og:description\" content=\"Tri re\u010denice ispisane kredom na plo\u010di, kako je krenulo, mogle bi ugostitelja s Pelje\u0161ca ko\u0161tati 200 tisu\u0107a kuna. Mjesec dana nakon objave fotografije s natpisom upu\u0107enim ma\u0111arskom premijeru Viktoru Orbanu, na vrata Jakova Jak\u0161e Begovi\u0107a pokucala je policija. Ovaj 66-godi\u0161nji kapetan duge plovidbe, koji se 30 godina bavi ugostiteljstvom, a posjeduje i ribarski obrt te [&hellip;]\" \/>\n<meta property=\"og:url\" content=\"https:\/\/radioljubuski.ba\/index.php\/2022\/06\/26\/dalmatinski-ugostitelj-sokiran-razvojem-dogadaja-orucio-sam-orbanu-da-jadran-nije-madarsko-more-prijeti-mi-200-000-kuna-kazne\/\" \/>\n<meta property=\"og:site_name\" content=\"RADIO LJUBU\u0160KI\" \/>\n<meta property=\"article:publisher\" content=\"https:\/\/www.facebook.com\/Radiio-Ljubuski-1490835324566332\" \/>\n<meta property=\"article:published_time\" content=\"2022-06-26T10:29:55+00:00\" \/>\n<meta property=\"article:modified_time\" content=\"2022-06-26T10:29:56+00:00\" \/>\n<meta property=\"og:image\" content=\"https:\/\/radioljubuski.ba\/wp-content\/uploads\/2022\/06\/111-4.png\" \/>\n\t<meta property=\"og:image:width\" content=\"826\" \/>\n\t<meta property=\"og:image:height\" content=\"521\" \/>\n\t<meta property=\"og:image:type\" content=\"image\/png\" \/>\n<meta name=\"author\" content=\"Radio Ljubu\u0161ki\" \/>\n<meta name=\"twitter:card\" content=\"summary_large_image\" \/>\n<meta name=\"twitter:creator\" content=\"@radioljubuski\" \/>\n<meta name=\"twitter:site\" content=\"@radioljubuski\" \/>\n<meta name=\"twitter:label1\" content=\"Napisao\/la\" \/>\n\t<meta name=\"twitter:data1\" content=\"Radio Ljubu\u0161ki\" \/>\n\t<meta name=\"twitter:label2\" content=\"Procijenjeno vrijeme \u010ditanja\" \/>\n\t<meta name=\"twitter:data2\" content=\"4 minute\" \/>\n<script type=\"application\/ld+json\" class=\"yoast-schema-graph\">{\"@context\":\"https:\\\/\\\/schema.org\",\"@graph\":[{\"@type\":\"Article\",\"@id\":\"https:\\\/\\\/radioljubuski.ba\\\/index.php\\\/2022\\\/06\\\/26\\\/dalmatinski-ugostitelj-sokiran-razvojem-dogadaja-orucio-sam-orbanu-da-jadran-nije-madarsko-more-prijeti-mi-200-000-kuna-kazne\\\/#article\",\"isPartOf\":{\"@id\":\"https:\\\/\\\/radioljubuski.ba\\\/index.php\\\/2022\\\/06\\\/26\\\/dalmatinski-ugostitelj-sokiran-razvojem-dogadaja-orucio-sam-orbanu-da-jadran-nije-madarsko-more-prijeti-mi-200-000-kuna-kazne\\\/\"},\"author\":{\"name\":\"Radio Ljubu\u0161ki\",\"@id\":\"https:\\\/\\\/radioljubuski.ba\\\/#\\\/schema\\\/person\\\/19fc700381a780f69665d7956c469e3b\"},\"headline\":\"Dalmatinski ugostitelj \u0161okiran razvojem doga\u0111aja: \u2018&#8221;oru\u010dio sam Orbanu da Jadran nije ma\u0111arsko more, prijeti mi 200.000 kuna kazne&#8221;\",\"datePublished\":\"2022-06-26T10:29:55+00:00\",\"dateModified\":\"2022-06-26T10:29:56+00:00\",\"mainEntityOfPage\":{\"@id\":\"https:\\\/\\\/radioljubuski.ba\\\/index.php\\\/2022\\\/06\\\/26\\\/dalmatinski-ugostitelj-sokiran-razvojem-dogadaja-orucio-sam-orbanu-da-jadran-nije-madarsko-more-prijeti-mi-200-000-kuna-kazne\\\/\"},\"wordCount\":1036,\"publisher\":{\"@id\":\"https:\\\/\\\/radioljubuski.ba\\\/#organization\"},\"image\":{\"@id\":\"https:\\\/\\\/radioljubuski.ba\\\/index.php\\\/2022\\\/06\\\/26\\\/dalmatinski-ugostitelj-sokiran-razvojem-dogadaja-orucio-sam-orbanu-da-jadran-nije-madarsko-more-prijeti-mi-200-000-kuna-kazne\\\/#primaryimage\"},\"thumbnailUrl\":\"https:\\\/\\\/radioljubuski.ba\\\/wp-content\\\/uploads\\\/2022\\\/06\\\/111-4.png\",\"articleSection\":[\"BIH i regija\"],\"inLanguage\":\"hr\"},{\"@type\":\"WebPage\",\"@id\":\"https:\\\/\\\/radioljubuski.ba\\\/index.php\\\/2022\\\/06\\\/26\\\/dalmatinski-ugostitelj-sokiran-razvojem-dogadaja-orucio-sam-orbanu-da-jadran-nije-madarsko-more-prijeti-mi-200-000-kuna-kazne\\\/\",\"url\":\"https:\\\/\\\/radioljubuski.ba\\\/index.php\\\/2022\\\/06\\\/26\\\/dalmatinski-ugostitelj-sokiran-razvojem-dogadaja-orucio-sam-orbanu-da-jadran-nije-madarsko-more-prijeti-mi-200-000-kuna-kazne\\\/\",\"name\":\"Dalmatinski ugostitelj \u0161okiran razvojem doga\u0111aja: \u2018\\\"oru\u010dio sam Orbanu da Jadran nije ma\u0111arsko more, prijeti mi 200.000 kuna kazne\\\" - RADIO LJUBU\u0160KI\",\"isPartOf\":{\"@id\":\"https:\\\/\\\/radioljubuski.ba\\\/#website\"},\"primaryImageOfPage\":{\"@id\":\"https:\\\/\\\/radioljubuski.ba\\\/index.php\\\/2022\\\/06\\\/26\\\/dalmatinski-ugostitelj-sokiran-razvojem-dogadaja-orucio-sam-orbanu-da-jadran-nije-madarsko-more-prijeti-mi-200-000-kuna-kazne\\\/#primaryimage\"},\"image\":{\"@id\":\"https:\\\/\\\/radioljubuski.ba\\\/index.php\\\/2022\\\/06\\\/26\\\/dalmatinski-ugostitelj-sokiran-razvojem-dogadaja-orucio-sam-orbanu-da-jadran-nije-madarsko-more-prijeti-mi-200-000-kuna-kazne\\\/#primaryimage\"},\"thumbnailUrl\":\"https:\\\/\\\/radioljubuski.ba\\\/wp-content\\\/uploads\\\/2022\\\/06\\\/111-4.png\",\"datePublished\":\"2022-06-26T10:29:55+00:00\",\"dateModified\":\"2022-06-26T10:29:56+00:00\",\"breadcrumb\":{\"@id\":\"https:\\\/\\\/radioljubuski.ba\\\/index.php\\\/2022\\\/06\\\/26\\\/dalmatinski-ugostitelj-sokiran-razvojem-dogadaja-orucio-sam-orbanu-da-jadran-nije-madarsko-more-prijeti-mi-200-000-kuna-kazne\\\/#breadcrumb\"},\"inLanguage\":\"hr\",\"potentialAction\":[{\"@type\":\"ReadAction\",\"target\":[\"https:\\\/\\\/radioljubuski.ba\\\/index.php\\\/2022\\\/06\\\/26\\\/dalmatinski-ugostitelj-sokiran-razvojem-dogadaja-orucio-sam-orbanu-da-jadran-nije-madarsko-more-prijeti-mi-200-000-kuna-kazne\\\/\"]}]},{\"@type\":\"ImageObject\",\"inLanguage\":\"hr\",\"@id\":\"https:\\\/\\\/radioljubuski.ba\\\/index.php\\\/2022\\\/06\\\/26\\\/dalmatinski-ugostitelj-sokiran-razvojem-dogadaja-orucio-sam-orbanu-da-jadran-nije-madarsko-more-prijeti-mi-200-000-kuna-kazne\\\/#primaryimage\",\"url\":\"https:\\\/\\\/radioljubuski.ba\\\/wp-content\\\/uploads\\\/2022\\\/06\\\/111-4.png\",\"contentUrl\":\"https:\\\/\\\/radioljubuski.ba\\\/wp-content\\\/uploads\\\/2022\\\/06\\\/111-4.png\",\"width\":826,\"height\":521},{\"@type\":\"BreadcrumbList\",\"@id\":\"https:\\\/\\\/radioljubuski.ba\\\/index.php\\\/2022\\\/06\\\/26\\\/dalmatinski-ugostitelj-sokiran-razvojem-dogadaja-orucio-sam-orbanu-da-jadran-nije-madarsko-more-prijeti-mi-200-000-kuna-kazne\\\/#breadcrumb\",\"itemListElement\":[{\"@type\":\"ListItem\",\"position\":1,\"name\":\"Po\u010detna stranica\",\"item\":\"https:\\\/\\\/radioljubuski.ba\\\/\"},{\"@type\":\"ListItem\",\"position\":2,\"name\":\"Dalmatinski ugostitelj \u0161okiran razvojem doga\u0111aja: \u2018&#8221;oru\u010dio sam Orbanu da Jadran nije ma\u0111arsko more, prijeti mi 200.000 kuna kazne&#8221;\"}]},{\"@type\":\"WebSite\",\"@id\":\"https:\\\/\\\/radioljubuski.ba\\\/#website\",\"url\":\"https:\\\/\\\/radioljubuski.ba\\\/\",\"name\":\"Radio Ljubu\u0161ki\",\"description\":\"Sun\u010dana frekvencija Hercegovine\",\"publisher\":{\"@id\":\"https:\\\/\\\/radioljubuski.ba\\\/#organization\"},\"potentialAction\":[{\"@type\":\"SearchAction\",\"target\":{\"@type\":\"EntryPoint\",\"urlTemplate\":\"https:\\\/\\\/radioljubuski.ba\\\/?s={search_term_string}\"},\"query-input\":{\"@type\":\"PropertyValueSpecification\",\"valueRequired\":true,\"valueName\":\"search_term_string\"}}],\"inLanguage\":\"hr\"},{\"@type\":\"Organization\",\"@id\":\"https:\\\/\\\/radioljubuski.ba\\\/#organization\",\"name\":\"Radio Ljubu\u0161ki\",\"url\":\"https:\\\/\\\/radioljubuski.ba\\\/\",\"logo\":{\"@type\":\"ImageObject\",\"inLanguage\":\"hr\",\"@id\":\"https:\\\/\\\/radioljubuski.ba\\\/#\\\/schema\\\/logo\\\/image\\\/\",\"url\":\"https:\\\/\\\/radioljubuski.ba\\\/wp-content\\\/uploads\\\/2021\\\/02\\\/cropped-Radio_Ljubuski_logo1.jpg\",\"contentUrl\":\"https:\\\/\\\/radioljubuski.ba\\\/wp-content\\\/uploads\\\/2021\\\/02\\\/cropped-Radio_Ljubuski_logo1.jpg\",\"width\":512,\"height\":512,\"caption\":\"Radio Ljubu\u0161ki\"},\"image\":{\"@id\":\"https:\\\/\\\/radioljubuski.ba\\\/#\\\/schema\\\/logo\\\/image\\\/\"},\"sameAs\":[\"https:\\\/\\\/www.facebook.com\\\/Radiio-Ljubuski-1490835324566332\",\"https:\\\/\\\/x.com\\\/radioljubuski\",\"https:\\\/\\\/hr.linkedin.com\\\/company\\\/radio-ljubuski\",\"https:\\\/\\\/www.youtube.com\\\/channel\\\/UCHYaeO_n0Db3tjNGudGpXyw\"]},{\"@type\":\"Person\",\"@id\":\"https:\\\/\\\/radioljubuski.ba\\\/#\\\/schema\\\/person\\\/19fc700381a780f69665d7956c469e3b\",\"name\":\"Radio Ljubu\u0161ki\"}]}<\/script>\n<!-- \/ Yoast SEO plugin. -->","yoast_head_json":{"title":"Dalmatinski ugostitelj \u0161okiran razvojem doga\u0111aja: \u2018\"oru\u010dio sam Orbanu da Jadran nije ma\u0111arsko more, prijeti mi 200.000 kuna kazne\" - RADIO LJUBU\u0160KI","robots":{"index":"index","follow":"follow","max-snippet":"max-snippet:-1","max-image-preview":"max-image-preview:large","max-video-preview":"max-video-preview:-1"},"canonical":"https:\/\/radioljubuski.ba\/index.php\/2022\/06\/26\/dalmatinski-ugostitelj-sokiran-razvojem-dogadaja-orucio-sam-orbanu-da-jadran-nije-madarsko-more-prijeti-mi-200-000-kuna-kazne\/","og_locale":"hr_HR","og_type":"article","og_title":"Dalmatinski ugostitelj \u0161okiran razvojem doga\u0111aja: \u2018\"oru\u010dio sam Orbanu da Jadran nije ma\u0111arsko more, prijeti mi 200.000 kuna kazne\" - RADIO LJUBU\u0160KI","og_description":"Tri re\u010denice ispisane kredom na plo\u010di, kako je krenulo, mogle bi ugostitelja s Pelje\u0161ca ko\u0161tati 200 tisu\u0107a kuna. Mjesec dana nakon objave fotografije s natpisom upu\u0107enim ma\u0111arskom premijeru Viktoru Orbanu, na vrata Jakova Jak\u0161e Begovi\u0107a pokucala je policija. Ovaj 66-godi\u0161nji kapetan duge plovidbe, koji se 30 godina bavi ugostiteljstvom, a posjeduje i ribarski obrt te [&hellip;]","og_url":"https:\/\/radioljubuski.ba\/index.php\/2022\/06\/26\/dalmatinski-ugostitelj-sokiran-razvojem-dogadaja-orucio-sam-orbanu-da-jadran-nije-madarsko-more-prijeti-mi-200-000-kuna-kazne\/","og_site_name":"RADIO LJUBU\u0160KI","article_publisher":"https:\/\/www.facebook.com\/Radiio-Ljubuski-1490835324566332","article_published_time":"2022-06-26T10:29:55+00:00","article_modified_time":"2022-06-26T10:29:56+00:00","og_image":[{"width":826,"height":521,"url":"https:\/\/radioljubuski.ba\/wp-content\/uploads\/2022\/06\/111-4.png","type":"image\/png"}],"author":"Radio Ljubu\u0161ki","twitter_card":"summary_large_image","twitter_creator":"@radioljubuski","twitter_site":"@radioljubuski","twitter_misc":{"Napisao\/la":"Radio Ljubu\u0161ki","Procijenjeno vrijeme \u010ditanja":"4 minute"},"schema":{"@context":"https:\/\/schema.org","@graph":[{"@type":"Article","@id":"https:\/\/radioljubuski.ba\/index.php\/2022\/06\/26\/dalmatinski-ugostitelj-sokiran-razvojem-dogadaja-orucio-sam-orbanu-da-jadran-nije-madarsko-more-prijeti-mi-200-000-kuna-kazne\/#article","isPartOf":{"@id":"https:\/\/radioljubuski.ba\/index.php\/2022\/06\/26\/dalmatinski-ugostitelj-sokiran-razvojem-dogadaja-orucio-sam-orbanu-da-jadran-nije-madarsko-more-prijeti-mi-200-000-kuna-kazne\/"},"author":{"name":"Radio Ljubu\u0161ki","@id":"https:\/\/radioljubuski.ba\/#\/schema\/person\/19fc700381a780f69665d7956c469e3b"},"headline":"Dalmatinski ugostitelj \u0161okiran razvojem doga\u0111aja: \u2018&#8221;oru\u010dio sam Orbanu da Jadran nije ma\u0111arsko more, prijeti mi 200.000 kuna kazne&#8221;","datePublished":"2022-06-26T10:29:55+00:00","dateModified":"2022-06-26T10:29:56+00:00","mainEntityOfPage":{"@id":"https:\/\/radioljubuski.ba\/index.php\/2022\/06\/26\/dalmatinski-ugostitelj-sokiran-razvojem-dogadaja-orucio-sam-orbanu-da-jadran-nije-madarsko-more-prijeti-mi-200-000-kuna-kazne\/"},"wordCount":1036,"publisher":{"@id":"https:\/\/radioljubuski.ba\/#organization"},"image":{"@id":"https:\/\/radioljubuski.ba\/index.php\/2022\/06\/26\/dalmatinski-ugostitelj-sokiran-razvojem-dogadaja-orucio-sam-orbanu-da-jadran-nije-madarsko-more-prijeti-mi-200-000-kuna-kazne\/#primaryimage"},"thumbnailUrl":"https:\/\/radioljubuski.ba\/wp-content\/uploads\/2022\/06\/111-4.png","articleSection":["BIH i regija"],"inLanguage":"hr"},{"@type":"WebPage","@id":"https:\/\/radioljubuski.ba\/index.php\/2022\/06\/26\/dalmatinski-ugostitelj-sokiran-razvojem-dogadaja-orucio-sam-orbanu-da-jadran-nije-madarsko-more-prijeti-mi-200-000-kuna-kazne\/","url":"https:\/\/radioljubuski.ba\/index.php\/2022\/06\/26\/dalmatinski-ugostitelj-sokiran-razvojem-dogadaja-orucio-sam-orbanu-da-jadran-nije-madarsko-more-prijeti-mi-200-000-kuna-kazne\/","name":"Dalmatinski ugostitelj \u0161okiran razvojem doga\u0111aja: \u2018\"oru\u010dio sam Orbanu da Jadran nije ma\u0111arsko more, prijeti mi 200.000 kuna kazne\" - RADIO LJUBU\u0160KI","isPartOf":{"@id":"https:\/\/radioljubuski.ba\/#website"},"primaryImageOfPage":{"@id":"https:\/\/radioljubuski.ba\/index.php\/2022\/06\/26\/dalmatinski-ugostitelj-sokiran-razvojem-dogadaja-orucio-sam-orbanu-da-jadran-nije-madarsko-more-prijeti-mi-200-000-kuna-kazne\/#primaryimage"},"image":{"@id":"https:\/\/radioljubuski.ba\/index.php\/2022\/06\/26\/dalmatinski-ugostitelj-sokiran-razvojem-dogadaja-orucio-sam-orbanu-da-jadran-nije-madarsko-more-prijeti-mi-200-000-kuna-kazne\/#primaryimage"},"thumbnailUrl":"https:\/\/radioljubuski.ba\/wp-content\/uploads\/2022\/06\/111-4.png","datePublished":"2022-06-26T10:29:55+00:00","dateModified":"2022-06-26T10:29:56+00:00","breadcrumb":{"@id":"https:\/\/radioljubuski.ba\/index.php\/2022\/06\/26\/dalmatinski-ugostitelj-sokiran-razvojem-dogadaja-orucio-sam-orbanu-da-jadran-nije-madarsko-more-prijeti-mi-200-000-kuna-kazne\/#breadcrumb"},"inLanguage":"hr","potentialAction":[{"@type":"ReadAction","target":["https:\/\/radioljubuski.ba\/index.php\/2022\/06\/26\/dalmatinski-ugostitelj-sokiran-razvojem-dogadaja-orucio-sam-orbanu-da-jadran-nije-madarsko-more-prijeti-mi-200-000-kuna-kazne\/"]}]},{"@type":"ImageObject","inLanguage":"hr","@id":"https:\/\/radioljubuski.ba\/index.php\/2022\/06\/26\/dalmatinski-ugostitelj-sokiran-razvojem-dogadaja-orucio-sam-orbanu-da-jadran-nije-madarsko-more-prijeti-mi-200-000-kuna-kazne\/#primaryimage","url":"https:\/\/radioljubuski.ba\/wp-content\/uploads\/2022\/06\/111-4.png","contentUrl":"https:\/\/radioljubuski.ba\/wp-content\/uploads\/2022\/06\/111-4.png","width":826,"height":521},{"@type":"BreadcrumbList","@id":"https:\/\/radioljubuski.ba\/index.php\/2022\/06\/26\/dalmatinski-ugostitelj-sokiran-razvojem-dogadaja-orucio-sam-orbanu-da-jadran-nije-madarsko-more-prijeti-mi-200-000-kuna-kazne\/#breadcrumb","itemListElement":[{"@type":"ListItem","position":1,"name":"Po\u010detna stranica","item":"https:\/\/radioljubuski.ba\/"},{"@type":"ListItem","position":2,"name":"Dalmatinski ugostitelj \u0161okiran razvojem doga\u0111aja: \u2018&#8221;oru\u010dio sam Orbanu da Jadran nije ma\u0111arsko more, prijeti mi 200.000 kuna kazne&#8221;"}]},{"@type":"WebSite","@id":"https:\/\/radioljubuski.ba\/#website","url":"https:\/\/radioljubuski.ba\/","name":"Radio Ljubu\u0161ki","description":"Sun\u010dana frekvencija Hercegovine","publisher":{"@id":"https:\/\/radioljubuski.ba\/#organization"},"potentialAction":[{"@type":"SearchAction","target":{"@type":"EntryPoint","urlTemplate":"https:\/\/radioljubuski.ba\/?s={search_term_string}"},"query-input":{"@type":"PropertyValueSpecification","valueRequired":true,"valueName":"search_term_string"}}],"inLanguage":"hr"},{"@type":"Organization","@id":"https:\/\/radioljubuski.ba\/#organization","name":"Radio Ljubu\u0161ki","url":"https:\/\/radioljubuski.ba\/","logo":{"@type":"ImageObject","inLanguage":"hr","@id":"https:\/\/radioljubuski.ba\/#\/schema\/logo\/image\/","url":"https:\/\/radioljubuski.ba\/wp-content\/uploads\/2021\/02\/cropped-Radio_Ljubuski_logo1.jpg","contentUrl":"https:\/\/radioljubuski.ba\/wp-content\/uploads\/2021\/02\/cropped-Radio_Ljubuski_logo1.jpg","width":512,"height":512,"caption":"Radio Ljubu\u0161ki"},"image":{"@id":"https:\/\/radioljubuski.ba\/#\/schema\/logo\/image\/"},"sameAs":["https:\/\/www.facebook.com\/Radiio-Ljubuski-1490835324566332","https:\/\/x.com\/radioljubuski","https:\/\/hr.linkedin.com\/company\/radio-ljubuski","https:\/\/www.youtube.com\/channel\/UCHYaeO_n0Db3tjNGudGpXyw"]},{"@type":"Person","@id":"https:\/\/radioljubuski.ba\/#\/schema\/person\/19fc700381a780f69665d7956c469e3b","name":"Radio Ljubu\u0161ki"}]}},"_links":{"self":[{"href":"https:\/\/radioljubuski.ba\/index.php\/wp-json\/wp\/v2\/posts\/153481","targetHints":{"allow":["GET"]}}],"collection":[{"href":"https:\/\/radioljubuski.ba\/index.php\/wp-json\/wp\/v2\/posts"}],"about":[{"href":"https:\/\/radioljubuski.ba\/index.php\/wp-json\/wp\/v2\/types\/post"}],"author":[{"embeddable":true,"href":"https:\/\/radioljubuski.ba\/index.php\/wp-json\/wp\/v2\/users\/2"}],"replies":[{"embeddable":true,"href":"https:\/\/radioljubuski.ba\/index.php\/wp-json\/wp\/v2\/comments?post=153481"}],"version-history":[{"count":1,"href":"https:\/\/radioljubuski.ba\/index.php\/wp-json\/wp\/v2\/posts\/153481\/revisions"}],"predecessor-version":[{"id":153483,"href":"https:\/\/radioljubuski.ba\/index.php\/wp-json\/wp\/v2\/posts\/153481\/revisions\/153483"}],"wp:featuredmedia":[{"embeddable":true,"href":"https:\/\/radioljubuski.ba\/index.php\/wp-json\/wp\/v2\/media\/153482"}],"wp:attachment":[{"href":"https:\/\/radioljubuski.ba\/index.php\/wp-json\/wp\/v2\/media?parent=153481"}],"wp:term":[{"taxonomy":"category","embeddable":true,"href":"https:\/\/radioljubuski.ba\/index.php\/wp-json\/wp\/v2\/categories?post=153481"},{"taxonomy":"post_tag","embeddable":true,"href":"https:\/\/radioljubuski.ba\/index.php\/wp-json\/wp\/v2\/tags?post=153481"}],"curies":[{"name":"wp","href":"https:\/\/api.w.org\/{rel}","templated":true}]}}