{"id":153508,"date":"2022-06-26T11:43:28","date_gmt":"2022-06-26T10:43:28","guid":{"rendered":"https:\/\/radioljubuski.ba\/?p=153508"},"modified":"2022-06-26T11:43:29","modified_gmt":"2022-06-26T10:43:29","slug":"21-godisnju-pjevacicu-u-restoranu-ubio-njen-79-godisnji-suprug","status":"publish","type":"post","link":"https:\/\/radioljubuski.ba\/index.php\/2022\/06\/26\/21-godisnju-pjevacicu-u-restoranu-ubio-njen-79-godisnji-suprug\/","title":{"rendered":"21-godi\u0161nju pjeva\u010dicu u restoranu ubio njen 79-godi\u0161nji suprug"},"content":{"rendered":"\n<p>21-godi\u0161nju meksi\u010dku pjeva\u010dicu Yrmu Lydiu ubio je njezin suprug u restoranu u Mexico Cityju, izvijestile su lokalne vlasti u petak.<\/p>\n\n\n\n<p>Yrma Lydia, koja je tek zapo\u010dela svoju glazbenu karijeru, upucana je u \u010detvrtak nave\u010der u restoranu Suntory Del Valle na jugu grada, kada ju je napao njezin mu\u017e, 79-godi\u0161nji Jes\u00fas Hern\u00e1ndez Alcocer.<\/p>\n\n\n\n<p>&#8220;\u010covjek je tri puta pucao u svoju \u017eenu. Priveden je zajedno s drugom \u017eenom koja ga je pratila&#8221;, rekao je Omar Garc\u00eda Harfuch, tajnik sigurnosti za Mexico City.<\/p>\n\n\n\n<p>Prema rije\u010dima svjedoka, nakon sva\u0111e sjedokosi mu\u0161karac pucao je u pjeva\u010dicu te je kasnije poku\u0161ao podmititi policiju da ga pusti da pobjegne.<\/p>\n\n\n\n<p>Alcocer je ve\u0107 bio optu\u017een za iznudu.<\/p>\n\n\n\n<p>Izvor:index.hr<\/p>\n","protected":false},"excerpt":{"rendered":"<p>21-godi\u0161nju meksi\u010dku pjeva\u010dicu Yrmu Lydiu ubio je njezin suprug u restoranu u Mexico Cityju, izvijestile su lokalne vlasti u petak. Yrma Lydia, koja je tek zapo\u010dela svoju glazbenu karijeru, upucana je u \u010detvrtak nave\u010der u restoranu Suntory Del Valle na jugu grada, kada ju je napao njezin mu\u017e, 79-godi\u0161nji Jes\u00fas Hern\u00e1ndez Alcocer. &#8220;\u010covjek je tri [&hellip;]<\/p>\n","protected":false},"author":2,"featured_media":153509,"comment_status":"closed","ping_status":"closed","sticky":false,"template":"","format":"standard","meta":{"h5ap_radio_sources":[],"footnotes":""},"categories":[1],"tags":[],"class_list":["post-153508","post","type-post","status-publish","format-standard","has-post-thumbnail","hentry","category-bihiregija"],"yoast_head":"<!-- This site is optimized with the Yoast SEO plugin v27.4 - https:\/\/yoast.com\/product\/yoast-seo-wordpress\/ -->\n<title>21-godi\u0161nju pjeva\u010dicu u restoranu ubio njen 79-godi\u0161nji suprug - RADIO LJUBU\u0160KI<\/title>\n<meta name=\"robots\" content=\"index, follow, max-snippet:-1, max-image-preview:large, max-video-preview:-1\" \/>\n<link rel=\"canonical\" href=\"https:\/\/radioljubuski.ba\/index.php\/2022\/06\/26\/21-godisnju-pjevacicu-u-restoranu-ubio-njen-79-godisnji-suprug\/\" \/>\n<meta property=\"og:locale\" content=\"hr_HR\" \/>\n<meta property=\"og:type\" content=\"article\" \/>\n<meta property=\"og:title\" content=\"21-godi\u0161nju pjeva\u010dicu u restoranu ubio njen 79-godi\u0161nji suprug - RADIO LJUBU\u0160KI\" \/>\n<meta property=\"og:description\" content=\"21-godi\u0161nju meksi\u010dku pjeva\u010dicu Yrmu Lydiu ubio je njezin suprug u restoranu u Mexico Cityju, izvijestile su lokalne vlasti u petak. Yrma Lydia, koja je tek zapo\u010dela svoju glazbenu karijeru, upucana je u \u010detvrtak nave\u010der u restoranu Suntory Del Valle na jugu grada, kada ju je napao njezin mu\u017e, 79-godi\u0161nji Jes\u00fas Hern\u00e1ndez Alcocer. &#8220;\u010covjek je tri [&hellip;]\" \/>\n<meta property=\"og:url\" content=\"https:\/\/radioljubuski.ba\/index.php\/2022\/06\/26\/21-godisnju-pjevacicu-u-restoranu-ubio-njen-79-godisnji-suprug\/\" \/>\n<meta property=\"og:site_name\" content=\"RADIO LJUBU\u0160KI\" \/>\n<meta property=\"article:publisher\" content=\"https:\/\/www.facebook.com\/Radiio-Ljubuski-1490835324566332\" \/>\n<meta property=\"article:published_time\" content=\"2022-06-26T10:43:28+00:00\" \/>\n<meta property=\"article:modified_time\" content=\"2022-06-26T10:43:29+00:00\" \/>\n<meta property=\"og:image\" content=\"https:\/\/radioljubuski.ba\/wp-content\/uploads\/2022\/06\/3-2022-06-25-18-59-28-sgsgsss.jpg\" \/>\n\t<meta property=\"og:image:width\" content=\"1000\" \/>\n\t<meta property=\"og:image:height\" content=\"625\" \/>\n\t<meta property=\"og:image:type\" content=\"image\/jpeg\" \/>\n<meta name=\"author\" content=\"Radio Ljubu\u0161ki\" \/>\n<meta name=\"twitter:card\" content=\"summary_large_image\" \/>\n<meta name=\"twitter:creator\" content=\"@radioljubuski\" \/>\n<meta name=\"twitter:site\" content=\"@radioljubuski\" \/>\n<meta name=\"twitter:label1\" content=\"Napisao\/la\" \/>\n\t<meta name=\"twitter:data1\" content=\"Radio Ljubu\u0161ki\" \/>\n\t<meta name=\"twitter:label2\" content=\"Procijenjeno vrijeme \u010ditanja\" \/>\n\t<meta name=\"twitter:data2\" content=\"1 minuta\" \/>\n<script type=\"application\/ld+json\" class=\"yoast-schema-graph\">{\"@context\":\"https:\\\/\\\/schema.org\",\"@graph\":[{\"@type\":\"Article\",\"@id\":\"https:\\\/\\\/radioljubuski.ba\\\/index.php\\\/2022\\\/06\\\/26\\\/21-godisnju-pjevacicu-u-restoranu-ubio-njen-79-godisnji-suprug\\\/#article\",\"isPartOf\":{\"@id\":\"https:\\\/\\\/radioljubuski.ba\\\/index.php\\\/2022\\\/06\\\/26\\\/21-godisnju-pjevacicu-u-restoranu-ubio-njen-79-godisnji-suprug\\\/\"},\"author\":{\"name\":\"Radio Ljubu\u0161ki\",\"@id\":\"https:\\\/\\\/radioljubuski.ba\\\/#\\\/schema\\\/person\\\/19fc700381a780f69665d7956c469e3b\"},\"headline\":\"21-godi\u0161nju pjeva\u010dicu u restoranu ubio njen 79-godi\u0161nji suprug\",\"datePublished\":\"2022-06-26T10:43:28+00:00\",\"dateModified\":\"2022-06-26T10:43:29+00:00\",\"mainEntityOfPage\":{\"@id\":\"https:\\\/\\\/radioljubuski.ba\\\/index.php\\\/2022\\\/06\\\/26\\\/21-godisnju-pjevacicu-u-restoranu-ubio-njen-79-godisnji-suprug\\\/\"},\"wordCount\":138,\"publisher\":{\"@id\":\"https:\\\/\\\/radioljubuski.ba\\\/#organization\"},\"image\":{\"@id\":\"https:\\\/\\\/radioljubuski.ba\\\/index.php\\\/2022\\\/06\\\/26\\\/21-godisnju-pjevacicu-u-restoranu-ubio-njen-79-godisnji-suprug\\\/#primaryimage\"},\"thumbnailUrl\":\"https:\\\/\\\/radioljubuski.ba\\\/wp-content\\\/uploads\\\/2022\\\/06\\\/3-2022-06-25-18-59-28-sgsgsss.jpg\",\"articleSection\":[\"BIH i regija\"],\"inLanguage\":\"hr\"},{\"@type\":\"WebPage\",\"@id\":\"https:\\\/\\\/radioljubuski.ba\\\/index.php\\\/2022\\\/06\\\/26\\\/21-godisnju-pjevacicu-u-restoranu-ubio-njen-79-godisnji-suprug\\\/\",\"url\":\"https:\\\/\\\/radioljubuski.ba\\\/index.php\\\/2022\\\/06\\\/26\\\/21-godisnju-pjevacicu-u-restoranu-ubio-njen-79-godisnji-suprug\\\/\",\"name\":\"21-godi\u0161nju pjeva\u010dicu u restoranu ubio njen 79-godi\u0161nji suprug - RADIO LJUBU\u0160KI\",\"isPartOf\":{\"@id\":\"https:\\\/\\\/radioljubuski.ba\\\/#website\"},\"primaryImageOfPage\":{\"@id\":\"https:\\\/\\\/radioljubuski.ba\\\/index.php\\\/2022\\\/06\\\/26\\\/21-godisnju-pjevacicu-u-restoranu-ubio-njen-79-godisnji-suprug\\\/#primaryimage\"},\"image\":{\"@id\":\"https:\\\/\\\/radioljubuski.ba\\\/index.php\\\/2022\\\/06\\\/26\\\/21-godisnju-pjevacicu-u-restoranu-ubio-njen-79-godisnji-suprug\\\/#primaryimage\"},\"thumbnailUrl\":\"https:\\\/\\\/radioljubuski.ba\\\/wp-content\\\/uploads\\\/2022\\\/06\\\/3-2022-06-25-18-59-28-sgsgsss.jpg\",\"datePublished\":\"2022-06-26T10:43:28+00:00\",\"dateModified\":\"2022-06-26T10:43:29+00:00\",\"breadcrumb\":{\"@id\":\"https:\\\/\\\/radioljubuski.ba\\\/index.php\\\/2022\\\/06\\\/26\\\/21-godisnju-pjevacicu-u-restoranu-ubio-njen-79-godisnji-suprug\\\/#breadcrumb\"},\"inLanguage\":\"hr\",\"potentialAction\":[{\"@type\":\"ReadAction\",\"target\":[\"https:\\\/\\\/radioljubuski.ba\\\/index.php\\\/2022\\\/06\\\/26\\\/21-godisnju-pjevacicu-u-restoranu-ubio-njen-79-godisnji-suprug\\\/\"]}]},{\"@type\":\"ImageObject\",\"inLanguage\":\"hr\",\"@id\":\"https:\\\/\\\/radioljubuski.ba\\\/index.php\\\/2022\\\/06\\\/26\\\/21-godisnju-pjevacicu-u-restoranu-ubio-njen-79-godisnji-suprug\\\/#primaryimage\",\"url\":\"https:\\\/\\\/radioljubuski.ba\\\/wp-content\\\/uploads\\\/2022\\\/06\\\/3-2022-06-25-18-59-28-sgsgsss.jpg\",\"contentUrl\":\"https:\\\/\\\/radioljubuski.ba\\\/wp-content\\\/uploads\\\/2022\\\/06\\\/3-2022-06-25-18-59-28-sgsgsss.jpg\",\"width\":1000,\"height\":625},{\"@type\":\"BreadcrumbList\",\"@id\":\"https:\\\/\\\/radioljubuski.ba\\\/index.php\\\/2022\\\/06\\\/26\\\/21-godisnju-pjevacicu-u-restoranu-ubio-njen-79-godisnji-suprug\\\/#breadcrumb\",\"itemListElement\":[{\"@type\":\"ListItem\",\"position\":1,\"name\":\"Po\u010detna stranica\",\"item\":\"https:\\\/\\\/radioljubuski.ba\\\/\"},{\"@type\":\"ListItem\",\"position\":2,\"name\":\"21-godi\u0161nju pjeva\u010dicu u restoranu ubio njen 79-godi\u0161nji suprug\"}]},{\"@type\":\"WebSite\",\"@id\":\"https:\\\/\\\/radioljubuski.ba\\\/#website\",\"url\":\"https:\\\/\\\/radioljubuski.ba\\\/\",\"name\":\"Radio Ljubu\u0161ki\",\"description\":\"Sun\u010dana frekvencija Hercegovine\",\"publisher\":{\"@id\":\"https:\\\/\\\/radioljubuski.ba\\\/#organization\"},\"potentialAction\":[{\"@type\":\"SearchAction\",\"target\":{\"@type\":\"EntryPoint\",\"urlTemplate\":\"https:\\\/\\\/radioljubuski.ba\\\/?s={search_term_string}\"},\"query-input\":{\"@type\":\"PropertyValueSpecification\",\"valueRequired\":true,\"valueName\":\"search_term_string\"}}],\"inLanguage\":\"hr\"},{\"@type\":\"Organization\",\"@id\":\"https:\\\/\\\/radioljubuski.ba\\\/#organization\",\"name\":\"Radio Ljubu\u0161ki\",\"url\":\"https:\\\/\\\/radioljubuski.ba\\\/\",\"logo\":{\"@type\":\"ImageObject\",\"inLanguage\":\"hr\",\"@id\":\"https:\\\/\\\/radioljubuski.ba\\\/#\\\/schema\\\/logo\\\/image\\\/\",\"url\":\"https:\\\/\\\/radioljubuski.ba\\\/wp-content\\\/uploads\\\/2021\\\/02\\\/cropped-Radio_Ljubuski_logo1.jpg\",\"contentUrl\":\"https:\\\/\\\/radioljubuski.ba\\\/wp-content\\\/uploads\\\/2021\\\/02\\\/cropped-Radio_Ljubuski_logo1.jpg\",\"width\":512,\"height\":512,\"caption\":\"Radio Ljubu\u0161ki\"},\"image\":{\"@id\":\"https:\\\/\\\/radioljubuski.ba\\\/#\\\/schema\\\/logo\\\/image\\\/\"},\"sameAs\":[\"https:\\\/\\\/www.facebook.com\\\/Radiio-Ljubuski-1490835324566332\",\"https:\\\/\\\/x.com\\\/radioljubuski\",\"https:\\\/\\\/hr.linkedin.com\\\/company\\\/radio-ljubuski\",\"https:\\\/\\\/www.youtube.com\\\/channel\\\/UCHYaeO_n0Db3tjNGudGpXyw\"]},{\"@type\":\"Person\",\"@id\":\"https:\\\/\\\/radioljubuski.ba\\\/#\\\/schema\\\/person\\\/19fc700381a780f69665d7956c469e3b\",\"name\":\"Radio Ljubu\u0161ki\"}]}<\/script>\n<!-- \/ Yoast SEO plugin. -->","yoast_head_json":{"title":"21-godi\u0161nju pjeva\u010dicu u restoranu ubio njen 79-godi\u0161nji suprug - RADIO LJUBU\u0160KI","robots":{"index":"index","follow":"follow","max-snippet":"max-snippet:-1","max-image-preview":"max-image-preview:large","max-video-preview":"max-video-preview:-1"},"canonical":"https:\/\/radioljubuski.ba\/index.php\/2022\/06\/26\/21-godisnju-pjevacicu-u-restoranu-ubio-njen-79-godisnji-suprug\/","og_locale":"hr_HR","og_type":"article","og_title":"21-godi\u0161nju pjeva\u010dicu u restoranu ubio njen 79-godi\u0161nji suprug - RADIO LJUBU\u0160KI","og_description":"21-godi\u0161nju meksi\u010dku pjeva\u010dicu Yrmu Lydiu ubio je njezin suprug u restoranu u Mexico Cityju, izvijestile su lokalne vlasti u petak. Yrma Lydia, koja je tek zapo\u010dela svoju glazbenu karijeru, upucana je u \u010detvrtak nave\u010der u restoranu Suntory Del Valle na jugu grada, kada ju je napao njezin mu\u017e, 79-godi\u0161nji Jes\u00fas Hern\u00e1ndez Alcocer. &#8220;\u010covjek je tri [&hellip;]","og_url":"https:\/\/radioljubuski.ba\/index.php\/2022\/06\/26\/21-godisnju-pjevacicu-u-restoranu-ubio-njen-79-godisnji-suprug\/","og_site_name":"RADIO LJUBU\u0160KI","article_publisher":"https:\/\/www.facebook.com\/Radiio-Ljubuski-1490835324566332","article_published_time":"2022-06-26T10:43:28+00:00","article_modified_time":"2022-06-26T10:43:29+00:00","og_image":[{"width":1000,"height":625,"url":"https:\/\/radioljubuski.ba\/wp-content\/uploads\/2022\/06\/3-2022-06-25-18-59-28-sgsgsss.jpg","type":"image\/jpeg"}],"author":"Radio Ljubu\u0161ki","twitter_card":"summary_large_image","twitter_creator":"@radioljubuski","twitter_site":"@radioljubuski","twitter_misc":{"Napisao\/la":"Radio Ljubu\u0161ki","Procijenjeno vrijeme \u010ditanja":"1 minuta"},"schema":{"@context":"https:\/\/schema.org","@graph":[{"@type":"Article","@id":"https:\/\/radioljubuski.ba\/index.php\/2022\/06\/26\/21-godisnju-pjevacicu-u-restoranu-ubio-njen-79-godisnji-suprug\/#article","isPartOf":{"@id":"https:\/\/radioljubuski.ba\/index.php\/2022\/06\/26\/21-godisnju-pjevacicu-u-restoranu-ubio-njen-79-godisnji-suprug\/"},"author":{"name":"Radio Ljubu\u0161ki","@id":"https:\/\/radioljubuski.ba\/#\/schema\/person\/19fc700381a780f69665d7956c469e3b"},"headline":"21-godi\u0161nju pjeva\u010dicu u restoranu ubio njen 79-godi\u0161nji suprug","datePublished":"2022-06-26T10:43:28+00:00","dateModified":"2022-06-26T10:43:29+00:00","mainEntityOfPage":{"@id":"https:\/\/radioljubuski.ba\/index.php\/2022\/06\/26\/21-godisnju-pjevacicu-u-restoranu-ubio-njen-79-godisnji-suprug\/"},"wordCount":138,"publisher":{"@id":"https:\/\/radioljubuski.ba\/#organization"},"image":{"@id":"https:\/\/radioljubuski.ba\/index.php\/2022\/06\/26\/21-godisnju-pjevacicu-u-restoranu-ubio-njen-79-godisnji-suprug\/#primaryimage"},"thumbnailUrl":"https:\/\/radioljubuski.ba\/wp-content\/uploads\/2022\/06\/3-2022-06-25-18-59-28-sgsgsss.jpg","articleSection":["BIH i regija"],"inLanguage":"hr"},{"@type":"WebPage","@id":"https:\/\/radioljubuski.ba\/index.php\/2022\/06\/26\/21-godisnju-pjevacicu-u-restoranu-ubio-njen-79-godisnji-suprug\/","url":"https:\/\/radioljubuski.ba\/index.php\/2022\/06\/26\/21-godisnju-pjevacicu-u-restoranu-ubio-njen-79-godisnji-suprug\/","name":"21-godi\u0161nju pjeva\u010dicu u restoranu ubio njen 79-godi\u0161nji suprug - RADIO LJUBU\u0160KI","isPartOf":{"@id":"https:\/\/radioljubuski.ba\/#website"},"primaryImageOfPage":{"@id":"https:\/\/radioljubuski.ba\/index.php\/2022\/06\/26\/21-godisnju-pjevacicu-u-restoranu-ubio-njen-79-godisnji-suprug\/#primaryimage"},"image":{"@id":"https:\/\/radioljubuski.ba\/index.php\/2022\/06\/26\/21-godisnju-pjevacicu-u-restoranu-ubio-njen-79-godisnji-suprug\/#primaryimage"},"thumbnailUrl":"https:\/\/radioljubuski.ba\/wp-content\/uploads\/2022\/06\/3-2022-06-25-18-59-28-sgsgsss.jpg","datePublished":"2022-06-26T10:43:28+00:00","dateModified":"2022-06-26T10:43:29+00:00","breadcrumb":{"@id":"https:\/\/radioljubuski.ba\/index.php\/2022\/06\/26\/21-godisnju-pjevacicu-u-restoranu-ubio-njen-79-godisnji-suprug\/#breadcrumb"},"inLanguage":"hr","potentialAction":[{"@type":"ReadAction","target":["https:\/\/radioljubuski.ba\/index.php\/2022\/06\/26\/21-godisnju-pjevacicu-u-restoranu-ubio-njen-79-godisnji-suprug\/"]}]},{"@type":"ImageObject","inLanguage":"hr","@id":"https:\/\/radioljubuski.ba\/index.php\/2022\/06\/26\/21-godisnju-pjevacicu-u-restoranu-ubio-njen-79-godisnji-suprug\/#primaryimage","url":"https:\/\/radioljubuski.ba\/wp-content\/uploads\/2022\/06\/3-2022-06-25-18-59-28-sgsgsss.jpg","contentUrl":"https:\/\/radioljubuski.ba\/wp-content\/uploads\/2022\/06\/3-2022-06-25-18-59-28-sgsgsss.jpg","width":1000,"height":625},{"@type":"BreadcrumbList","@id":"https:\/\/radioljubuski.ba\/index.php\/2022\/06\/26\/21-godisnju-pjevacicu-u-restoranu-ubio-njen-79-godisnji-suprug\/#breadcrumb","itemListElement":[{"@type":"ListItem","position":1,"name":"Po\u010detna stranica","item":"https:\/\/radioljubuski.ba\/"},{"@type":"ListItem","position":2,"name":"21-godi\u0161nju pjeva\u010dicu u restoranu ubio njen 79-godi\u0161nji suprug"}]},{"@type":"WebSite","@id":"https:\/\/radioljubuski.ba\/#website","url":"https:\/\/radioljubuski.ba\/","name":"Radio Ljubu\u0161ki","description":"Sun\u010dana frekvencija Hercegovine","publisher":{"@id":"https:\/\/radioljubuski.ba\/#organization"},"potentialAction":[{"@type":"SearchAction","target":{"@type":"EntryPoint","urlTemplate":"https:\/\/radioljubuski.ba\/?s={search_term_string}"},"query-input":{"@type":"PropertyValueSpecification","valueRequired":true,"valueName":"search_term_string"}}],"inLanguage":"hr"},{"@type":"Organization","@id":"https:\/\/radioljubuski.ba\/#organization","name":"Radio Ljubu\u0161ki","url":"https:\/\/radioljubuski.ba\/","logo":{"@type":"ImageObject","inLanguage":"hr","@id":"https:\/\/radioljubuski.ba\/#\/schema\/logo\/image\/","url":"https:\/\/radioljubuski.ba\/wp-content\/uploads\/2021\/02\/cropped-Radio_Ljubuski_logo1.jpg","contentUrl":"https:\/\/radioljubuski.ba\/wp-content\/uploads\/2021\/02\/cropped-Radio_Ljubuski_logo1.jpg","width":512,"height":512,"caption":"Radio Ljubu\u0161ki"},"image":{"@id":"https:\/\/radioljubuski.ba\/#\/schema\/logo\/image\/"},"sameAs":["https:\/\/www.facebook.com\/Radiio-Ljubuski-1490835324566332","https:\/\/x.com\/radioljubuski","https:\/\/hr.linkedin.com\/company\/radio-ljubuski","https:\/\/www.youtube.com\/channel\/UCHYaeO_n0Db3tjNGudGpXyw"]},{"@type":"Person","@id":"https:\/\/radioljubuski.ba\/#\/schema\/person\/19fc700381a780f69665d7956c469e3b","name":"Radio Ljubu\u0161ki"}]}},"_links":{"self":[{"href":"https:\/\/radioljubuski.ba\/index.php\/wp-json\/wp\/v2\/posts\/153508","targetHints":{"allow":["GET"]}}],"collection":[{"href":"https:\/\/radioljubuski.ba\/index.php\/wp-json\/wp\/v2\/posts"}],"about":[{"href":"https:\/\/radioljubuski.ba\/index.php\/wp-json\/wp\/v2\/types\/post"}],"author":[{"embeddable":true,"href":"https:\/\/radioljubuski.ba\/index.php\/wp-json\/wp\/v2\/users\/2"}],"replies":[{"embeddable":true,"href":"https:\/\/radioljubuski.ba\/index.php\/wp-json\/wp\/v2\/comments?post=153508"}],"version-history":[{"count":1,"href":"https:\/\/radioljubuski.ba\/index.php\/wp-json\/wp\/v2\/posts\/153508\/revisions"}],"predecessor-version":[{"id":153510,"href":"https:\/\/radioljubuski.ba\/index.php\/wp-json\/wp\/v2\/posts\/153508\/revisions\/153510"}],"wp:featuredmedia":[{"embeddable":true,"href":"https:\/\/radioljubuski.ba\/index.php\/wp-json\/wp\/v2\/media\/153509"}],"wp:attachment":[{"href":"https:\/\/radioljubuski.ba\/index.php\/wp-json\/wp\/v2\/media?parent=153508"}],"wp:term":[{"taxonomy":"category","embeddable":true,"href":"https:\/\/radioljubuski.ba\/index.php\/wp-json\/wp\/v2\/categories?post=153508"},{"taxonomy":"post_tag","embeddable":true,"href":"https:\/\/radioljubuski.ba\/index.php\/wp-json\/wp\/v2\/tags?post=153508"}],"curies":[{"name":"wp","href":"https:\/\/api.w.org\/{rel}","templated":true}]}}