{"id":153539,"date":"2022-06-26T12:02:45","date_gmt":"2022-06-26T11:02:45","guid":{"rendered":"https:\/\/radioljubuski.ba\/?p=153539"},"modified":"2022-06-26T12:02:45","modified_gmt":"2022-06-26T11:02:45","slug":"i-scenarij-kataklizmickih-razmjera-u-bih-vec-sada-se-moze-ublaziti","status":"publish","type":"post","link":"https:\/\/radioljubuski.ba\/index.php\/2022\/06\/26\/i-scenarij-kataklizmickih-razmjera-u-bih-vec-sada-se-moze-ublaziti\/","title":{"rendered":"I scenarij kataklizmi\u010dkih razmjera u BiH ve\u0107 sada se mo\u017ee ubla\u017eiti"},"content":{"rendered":"\n<p>Scenarij kataklizmi\u010dkih razmjera. Taj izraz upotrijebio je ovih dana stru\u010dnjak za energetiku Almir Be\u010darevi\u0107 dovode\u0107i ga u kontekst zime 2022.\/2023. i mogu\u0107nosti da cijene naftnih prera\u0111evina budu 8 ili 9 maraka. A kako je s naftom sve povezano, onda je jasno \u0161to to zna\u010di za sve ostalo, pi\u0161e Ve\u010dernji list BiH.<\/p>\n\n\n\n<p><strong>Prelijevanje krize<\/strong><\/p>\n\n\n\n<p>Energetski stru\u010dnjak Igor Dekani\u0107 govorio je o \u010demu najvi\u0161e ovisi budu\u0107e kretanje cijena goriva na tr\u017ei\u0161tu.<\/p>\n\n\n\n<p>&#8211; Sve ovisi o tome kako \u0107e se dalje razvijati rat u Ukrajini. Ako se rat produlji i ako se borbe intenziviraju, vjerojatno \u0107e i europski embargo na rusku naftu potrajati te \u0107e biti i daljnjih poskupljenja. Gdje je tu gornja granica, nemogu\u0107e je re\u0107i. Osobno imam neki osje\u0107aj o tome \u0161to bi pametne vlasti u Europi mogle u\u010diniti, osje\u0107aj koji nije potkrijepljen ni\u010dim drugim osim mojim dugogodi\u0161njim iskustvom. Kada bi nafta nastavila poskupljivati i kada bi maloprodajne cijene goriva u sjevernim, najbogatijim europskim zemljama oti\u0161le iznad 3,50 ili \u010detiri eura po litri, a tamo su i sada vi\u0161e nego kod nas, Europska komisija vjerojatno bi razmislila o smanjenju PDV-a na naftne proizvode, odnosno na gorivo &#8211; stava je Dekani\u0107, gledaju\u0107i kroz prizmu \u010dovjeka koji \u017eivi u Europskoj uniji. BiH je na njezinim granicama i zasigurno je ono \u0161to \u0107e se doga\u0111ati u toj instituciji kojoj te\u017eimo prelijevati i na nas. Ni\u0161ta bolja situacija nije ni s plinom te nije isklju\u010deno da \u0107e se oni gradovi kojima je to osnovni energent za grijanje ove zime smrzavati, odnosno morat \u0107e na\u0107i alternativu jer plina ne\u0107e biti ili \u0107e biti enormno skup. I o tome je govorio energetski stru\u010dnjak Igor Dekani\u0107.<\/p>\n\n\n\n<p>&#8211; \u0160to se plina ti\u010de, Europa je sigurna dok traje ljeto. One dr\u017eave i opskrbljiva\u010di koji imaju dovoljno slobodnog kapitala trebali bi napuniti plinska skladi\u0161ta do zime &#8211; istaknuo je. Puno toga ovisi i o zimi. Primjerice, ako nam se u situaciji da nemamo dovoljno plina dogodi zima 2012., kada smo imali &#8220;Sibir&#8221; u \u010ditavoj BiH, s vi\u0161e od 1 metra snijega, onda smo u problemima, tako da \u0107e se zasigurno pratiti i izjave meteorologa u idu\u0107em razdoblju.<\/p>\n\n\n\n<p>Nadolaze\u0107om zimom bave se svi regionalni lideri, osim u BiH gdje su glavna tema izbori. Zoran Drakuli\u0107 iz ekonomskog \u010dasopisa &#8220;Privrednik&#8221; isti\u010de kako su predvi\u0111anja ekonomista u smjeru da \u0107emo krajem ove godine i po\u010detkom idu\u0107e imati goru situaciju nego 2008., kada je svijet utonuo u najve\u0107u krizu nakon Velike depresije (1929. &#8211; 1933.). Naglasio je kako ve\u0107 sada vlada pobuna ratara zbog niske otkupne cijene p\u0161enice, a kako ta cijena bude rasla na me\u0111unarodnom tr\u017ei\u0161tu, bit \u0107e ve\u0107i pritisak i da se cijene na ovim prostorima usklade s me\u0111unarodnima. To dovodi do novoga problema jer u situaciji nesta\u0161ice ili previsokih cijena nafte, plina&#8230; mo\u017ee do\u0107i i do drugih nesta\u0161ica.<\/p>\n\n\n\n<p>Me\u0111utim, krizu i pojedinac mo\u017ee ubla\u017eiti. Drva za ogrjev, pelet, neki drugi energent za grijanje ku\u0107anstva ve\u0107 se mogu po\u010deti nabavljati u koli\u010dinama koje \u0107e biti dovoljne jer bez nafte \u0107emo izdr\u017eati nekako, ne\u0107emo, primjerice, voziti automobile, ali bez grijanja je zimi te\u0161ko. Vratit \u0107emo se na stru\u010dnjaka Be\u010darevi\u0107a koji je pozvao gra\u0111ane da prilago\u0111avaju ku\u0107ne prora\u010dune cijenama energenata, pogotovo za ovu sezonu grijanja, odnosno kako bi trebali ve\u0107 sada upla\u0107ivati ve\u0107i iznos bilo kojem distributeru. Proizvodnja hrane &#8211; Dakle, tako stvaraju \u0161tednju, pa da onda u sije\u010dnju i velja\u010di bude bar malo isplativije &#8211; kazao je me\u0111u ostalim. I za kraj, hranu je va\u017eno imati za vlastite potrebe. Krumpir je prehranjivao zemlje koje su bile u kudikamo te\u017eoj situaciji nego \u0161to je BiH sada i u mnogo gorim vremenima. Na kraju krajeva, oni koji se jo\u0161 sje\u0107aju 40-ih godina znaju \u0161to su glad, siroma\u0161tvo, zima&#8230;<\/p>\n\n\n\n<p>Imali smo i rat 90-ih koji je bio jednako te\u017eak i u i\u0161\u010dekivanju humanitarne pomo\u0107i. Danas odre\u0111enim dijelom ovisimo o sebi. Hrana proizvedena u vrtu mo\u017ee nam pomo\u0107i prebroditi zimu, kao i nabava onih namirnica koje imaju neograni\u010den rok trajanja ako se pravilno \u010duvaju.<\/p>\n\n\n\n<p>Izvor:vecernji.ba<\/p>\n","protected":false},"excerpt":{"rendered":"<p>Scenarij kataklizmi\u010dkih razmjera. Taj izraz upotrijebio je ovih dana stru\u010dnjak za energetiku Almir Be\u010darevi\u0107 dovode\u0107i ga u kontekst zime 2022.\/2023. i mogu\u0107nosti da cijene naftnih prera\u0111evina budu 8 ili 9 maraka. A kako je s naftom sve povezano, onda je jasno \u0161to to zna\u010di za sve ostalo, pi\u0161e Ve\u010dernji list BiH. Prelijevanje krize Energetski stru\u010dnjak [&hellip;]<\/p>\n","protected":false},"author":2,"featured_media":153540,"comment_status":"closed","ping_status":"closed","sticky":false,"template":"","format":"standard","meta":{"h5ap_radio_sources":[],"footnotes":""},"categories":[1],"tags":[],"class_list":["post-153539","post","type-post","status-publish","format-standard","has-post-thumbnail","hentry","category-bihiregija"],"yoast_head":"<!-- This site is optimized with the Yoast SEO plugin v27.4 - https:\/\/yoast.com\/product\/yoast-seo-wordpress\/ -->\n<title>I scenarij kataklizmi\u010dkih razmjera u BiH ve\u0107 sada se mo\u017ee ubla\u017eiti - RADIO LJUBU\u0160KI<\/title>\n<meta name=\"robots\" content=\"index, follow, max-snippet:-1, max-image-preview:large, max-video-preview:-1\" \/>\n<link rel=\"canonical\" href=\"https:\/\/radioljubuski.ba\/index.php\/2022\/06\/26\/i-scenarij-kataklizmickih-razmjera-u-bih-vec-sada-se-moze-ublaziti\/\" \/>\n<meta property=\"og:locale\" content=\"hr_HR\" \/>\n<meta property=\"og:type\" content=\"article\" \/>\n<meta property=\"og:title\" content=\"I scenarij kataklizmi\u010dkih razmjera u BiH ve\u0107 sada se mo\u017ee ubla\u017eiti - RADIO LJUBU\u0160KI\" \/>\n<meta property=\"og:description\" content=\"Scenarij kataklizmi\u010dkih razmjera. Taj izraz upotrijebio je ovih dana stru\u010dnjak za energetiku Almir Be\u010darevi\u0107 dovode\u0107i ga u kontekst zime 2022.\/2023. i mogu\u0107nosti da cijene naftnih prera\u0111evina budu 8 ili 9 maraka. A kako je s naftom sve povezano, onda je jasno \u0161to to zna\u010di za sve ostalo, pi\u0161e Ve\u010dernji list BiH. Prelijevanje krize Energetski stru\u010dnjak [&hellip;]\" \/>\n<meta property=\"og:url\" content=\"https:\/\/radioljubuski.ba\/index.php\/2022\/06\/26\/i-scenarij-kataklizmickih-razmjera-u-bih-vec-sada-se-moze-ublaziti\/\" \/>\n<meta property=\"og:site_name\" content=\"RADIO LJUBU\u0160KI\" \/>\n<meta property=\"article:publisher\" content=\"https:\/\/www.facebook.com\/Radiio-Ljubuski-1490835324566332\" \/>\n<meta property=\"article:published_time\" content=\"2022-06-26T11:02:45+00:00\" \/>\n<meta property=\"og:image\" content=\"https:\/\/radioljubuski.ba\/wp-content\/uploads\/2022\/06\/F0zeSYtn_58e24881_fbc4_4d1c_b099_3bbd0a0a0a66_blokirani_racuni_preview.jpg\" \/>\n\t<meta property=\"og:image:width\" content=\"1000\" \/>\n\t<meta property=\"og:image:height\" content=\"625\" \/>\n\t<meta property=\"og:image:type\" content=\"image\/jpeg\" \/>\n<meta name=\"author\" content=\"Radio Ljubu\u0161ki\" \/>\n<meta name=\"twitter:card\" content=\"summary_large_image\" \/>\n<meta name=\"twitter:creator\" content=\"@radioljubuski\" \/>\n<meta name=\"twitter:site\" content=\"@radioljubuski\" \/>\n<meta name=\"twitter:label1\" content=\"Napisao\/la\" \/>\n\t<meta name=\"twitter:data1\" content=\"Radio Ljubu\u0161ki\" \/>\n\t<meta name=\"twitter:label2\" content=\"Procijenjeno vrijeme \u010ditanja\" \/>\n\t<meta name=\"twitter:data2\" content=\"3 minute\" \/>\n<script type=\"application\/ld+json\" class=\"yoast-schema-graph\">{\"@context\":\"https:\\\/\\\/schema.org\",\"@graph\":[{\"@type\":\"Article\",\"@id\":\"https:\\\/\\\/radioljubuski.ba\\\/index.php\\\/2022\\\/06\\\/26\\\/i-scenarij-kataklizmickih-razmjera-u-bih-vec-sada-se-moze-ublaziti\\\/#article\",\"isPartOf\":{\"@id\":\"https:\\\/\\\/radioljubuski.ba\\\/index.php\\\/2022\\\/06\\\/26\\\/i-scenarij-kataklizmickih-razmjera-u-bih-vec-sada-se-moze-ublaziti\\\/\"},\"author\":{\"name\":\"Radio Ljubu\u0161ki\",\"@id\":\"https:\\\/\\\/radioljubuski.ba\\\/#\\\/schema\\\/person\\\/19fc700381a780f69665d7956c469e3b\"},\"headline\":\"I scenarij kataklizmi\u010dkih razmjera u BiH ve\u0107 sada se mo\u017ee ubla\u017eiti\",\"datePublished\":\"2022-06-26T11:02:45+00:00\",\"mainEntityOfPage\":{\"@id\":\"https:\\\/\\\/radioljubuski.ba\\\/index.php\\\/2022\\\/06\\\/26\\\/i-scenarij-kataklizmickih-razmjera-u-bih-vec-sada-se-moze-ublaziti\\\/\"},\"wordCount\":739,\"publisher\":{\"@id\":\"https:\\\/\\\/radioljubuski.ba\\\/#organization\"},\"image\":{\"@id\":\"https:\\\/\\\/radioljubuski.ba\\\/index.php\\\/2022\\\/06\\\/26\\\/i-scenarij-kataklizmickih-razmjera-u-bih-vec-sada-se-moze-ublaziti\\\/#primaryimage\"},\"thumbnailUrl\":\"https:\\\/\\\/radioljubuski.ba\\\/wp-content\\\/uploads\\\/2022\\\/06\\\/F0zeSYtn_58e24881_fbc4_4d1c_b099_3bbd0a0a0a66_blokirani_racuni_preview.jpg\",\"articleSection\":[\"BIH i regija\"],\"inLanguage\":\"hr\"},{\"@type\":\"WebPage\",\"@id\":\"https:\\\/\\\/radioljubuski.ba\\\/index.php\\\/2022\\\/06\\\/26\\\/i-scenarij-kataklizmickih-razmjera-u-bih-vec-sada-se-moze-ublaziti\\\/\",\"url\":\"https:\\\/\\\/radioljubuski.ba\\\/index.php\\\/2022\\\/06\\\/26\\\/i-scenarij-kataklizmickih-razmjera-u-bih-vec-sada-se-moze-ublaziti\\\/\",\"name\":\"I scenarij kataklizmi\u010dkih razmjera u BiH ve\u0107 sada se mo\u017ee ubla\u017eiti - RADIO LJUBU\u0160KI\",\"isPartOf\":{\"@id\":\"https:\\\/\\\/radioljubuski.ba\\\/#website\"},\"primaryImageOfPage\":{\"@id\":\"https:\\\/\\\/radioljubuski.ba\\\/index.php\\\/2022\\\/06\\\/26\\\/i-scenarij-kataklizmickih-razmjera-u-bih-vec-sada-se-moze-ublaziti\\\/#primaryimage\"},\"image\":{\"@id\":\"https:\\\/\\\/radioljubuski.ba\\\/index.php\\\/2022\\\/06\\\/26\\\/i-scenarij-kataklizmickih-razmjera-u-bih-vec-sada-se-moze-ublaziti\\\/#primaryimage\"},\"thumbnailUrl\":\"https:\\\/\\\/radioljubuski.ba\\\/wp-content\\\/uploads\\\/2022\\\/06\\\/F0zeSYtn_58e24881_fbc4_4d1c_b099_3bbd0a0a0a66_blokirani_racuni_preview.jpg\",\"datePublished\":\"2022-06-26T11:02:45+00:00\",\"breadcrumb\":{\"@id\":\"https:\\\/\\\/radioljubuski.ba\\\/index.php\\\/2022\\\/06\\\/26\\\/i-scenarij-kataklizmickih-razmjera-u-bih-vec-sada-se-moze-ublaziti\\\/#breadcrumb\"},\"inLanguage\":\"hr\",\"potentialAction\":[{\"@type\":\"ReadAction\",\"target\":[\"https:\\\/\\\/radioljubuski.ba\\\/index.php\\\/2022\\\/06\\\/26\\\/i-scenarij-kataklizmickih-razmjera-u-bih-vec-sada-se-moze-ublaziti\\\/\"]}]},{\"@type\":\"ImageObject\",\"inLanguage\":\"hr\",\"@id\":\"https:\\\/\\\/radioljubuski.ba\\\/index.php\\\/2022\\\/06\\\/26\\\/i-scenarij-kataklizmickih-razmjera-u-bih-vec-sada-se-moze-ublaziti\\\/#primaryimage\",\"url\":\"https:\\\/\\\/radioljubuski.ba\\\/wp-content\\\/uploads\\\/2022\\\/06\\\/F0zeSYtn_58e24881_fbc4_4d1c_b099_3bbd0a0a0a66_blokirani_racuni_preview.jpg\",\"contentUrl\":\"https:\\\/\\\/radioljubuski.ba\\\/wp-content\\\/uploads\\\/2022\\\/06\\\/F0zeSYtn_58e24881_fbc4_4d1c_b099_3bbd0a0a0a66_blokirani_racuni_preview.jpg\",\"width\":1000,\"height\":625},{\"@type\":\"BreadcrumbList\",\"@id\":\"https:\\\/\\\/radioljubuski.ba\\\/index.php\\\/2022\\\/06\\\/26\\\/i-scenarij-kataklizmickih-razmjera-u-bih-vec-sada-se-moze-ublaziti\\\/#breadcrumb\",\"itemListElement\":[{\"@type\":\"ListItem\",\"position\":1,\"name\":\"Po\u010detna stranica\",\"item\":\"https:\\\/\\\/radioljubuski.ba\\\/\"},{\"@type\":\"ListItem\",\"position\":2,\"name\":\"I scenarij kataklizmi\u010dkih razmjera u BiH ve\u0107 sada se mo\u017ee ubla\u017eiti\"}]},{\"@type\":\"WebSite\",\"@id\":\"https:\\\/\\\/radioljubuski.ba\\\/#website\",\"url\":\"https:\\\/\\\/radioljubuski.ba\\\/\",\"name\":\"Radio Ljubu\u0161ki\",\"description\":\"Sun\u010dana frekvencija Hercegovine\",\"publisher\":{\"@id\":\"https:\\\/\\\/radioljubuski.ba\\\/#organization\"},\"potentialAction\":[{\"@type\":\"SearchAction\",\"target\":{\"@type\":\"EntryPoint\",\"urlTemplate\":\"https:\\\/\\\/radioljubuski.ba\\\/?s={search_term_string}\"},\"query-input\":{\"@type\":\"PropertyValueSpecification\",\"valueRequired\":true,\"valueName\":\"search_term_string\"}}],\"inLanguage\":\"hr\"},{\"@type\":\"Organization\",\"@id\":\"https:\\\/\\\/radioljubuski.ba\\\/#organization\",\"name\":\"Radio Ljubu\u0161ki\",\"url\":\"https:\\\/\\\/radioljubuski.ba\\\/\",\"logo\":{\"@type\":\"ImageObject\",\"inLanguage\":\"hr\",\"@id\":\"https:\\\/\\\/radioljubuski.ba\\\/#\\\/schema\\\/logo\\\/image\\\/\",\"url\":\"https:\\\/\\\/radioljubuski.ba\\\/wp-content\\\/uploads\\\/2021\\\/02\\\/cropped-Radio_Ljubuski_logo1.jpg\",\"contentUrl\":\"https:\\\/\\\/radioljubuski.ba\\\/wp-content\\\/uploads\\\/2021\\\/02\\\/cropped-Radio_Ljubuski_logo1.jpg\",\"width\":512,\"height\":512,\"caption\":\"Radio Ljubu\u0161ki\"},\"image\":{\"@id\":\"https:\\\/\\\/radioljubuski.ba\\\/#\\\/schema\\\/logo\\\/image\\\/\"},\"sameAs\":[\"https:\\\/\\\/www.facebook.com\\\/Radiio-Ljubuski-1490835324566332\",\"https:\\\/\\\/x.com\\\/radioljubuski\",\"https:\\\/\\\/hr.linkedin.com\\\/company\\\/radio-ljubuski\",\"https:\\\/\\\/www.youtube.com\\\/channel\\\/UCHYaeO_n0Db3tjNGudGpXyw\"]},{\"@type\":\"Person\",\"@id\":\"https:\\\/\\\/radioljubuski.ba\\\/#\\\/schema\\\/person\\\/19fc700381a780f69665d7956c469e3b\",\"name\":\"Radio Ljubu\u0161ki\"}]}<\/script>\n<!-- \/ Yoast SEO plugin. -->","yoast_head_json":{"title":"I scenarij kataklizmi\u010dkih razmjera u BiH ve\u0107 sada se mo\u017ee ubla\u017eiti - RADIO LJUBU\u0160KI","robots":{"index":"index","follow":"follow","max-snippet":"max-snippet:-1","max-image-preview":"max-image-preview:large","max-video-preview":"max-video-preview:-1"},"canonical":"https:\/\/radioljubuski.ba\/index.php\/2022\/06\/26\/i-scenarij-kataklizmickih-razmjera-u-bih-vec-sada-se-moze-ublaziti\/","og_locale":"hr_HR","og_type":"article","og_title":"I scenarij kataklizmi\u010dkih razmjera u BiH ve\u0107 sada se mo\u017ee ubla\u017eiti - RADIO LJUBU\u0160KI","og_description":"Scenarij kataklizmi\u010dkih razmjera. Taj izraz upotrijebio je ovih dana stru\u010dnjak za energetiku Almir Be\u010darevi\u0107 dovode\u0107i ga u kontekst zime 2022.\/2023. i mogu\u0107nosti da cijene naftnih prera\u0111evina budu 8 ili 9 maraka. A kako je s naftom sve povezano, onda je jasno \u0161to to zna\u010di za sve ostalo, pi\u0161e Ve\u010dernji list BiH. Prelijevanje krize Energetski stru\u010dnjak [&hellip;]","og_url":"https:\/\/radioljubuski.ba\/index.php\/2022\/06\/26\/i-scenarij-kataklizmickih-razmjera-u-bih-vec-sada-se-moze-ublaziti\/","og_site_name":"RADIO LJUBU\u0160KI","article_publisher":"https:\/\/www.facebook.com\/Radiio-Ljubuski-1490835324566332","article_published_time":"2022-06-26T11:02:45+00:00","og_image":[{"width":1000,"height":625,"url":"https:\/\/radioljubuski.ba\/wp-content\/uploads\/2022\/06\/F0zeSYtn_58e24881_fbc4_4d1c_b099_3bbd0a0a0a66_blokirani_racuni_preview.jpg","type":"image\/jpeg"}],"author":"Radio Ljubu\u0161ki","twitter_card":"summary_large_image","twitter_creator":"@radioljubuski","twitter_site":"@radioljubuski","twitter_misc":{"Napisao\/la":"Radio Ljubu\u0161ki","Procijenjeno vrijeme \u010ditanja":"3 minute"},"schema":{"@context":"https:\/\/schema.org","@graph":[{"@type":"Article","@id":"https:\/\/radioljubuski.ba\/index.php\/2022\/06\/26\/i-scenarij-kataklizmickih-razmjera-u-bih-vec-sada-se-moze-ublaziti\/#article","isPartOf":{"@id":"https:\/\/radioljubuski.ba\/index.php\/2022\/06\/26\/i-scenarij-kataklizmickih-razmjera-u-bih-vec-sada-se-moze-ublaziti\/"},"author":{"name":"Radio Ljubu\u0161ki","@id":"https:\/\/radioljubuski.ba\/#\/schema\/person\/19fc700381a780f69665d7956c469e3b"},"headline":"I scenarij kataklizmi\u010dkih razmjera u BiH ve\u0107 sada se mo\u017ee ubla\u017eiti","datePublished":"2022-06-26T11:02:45+00:00","mainEntityOfPage":{"@id":"https:\/\/radioljubuski.ba\/index.php\/2022\/06\/26\/i-scenarij-kataklizmickih-razmjera-u-bih-vec-sada-se-moze-ublaziti\/"},"wordCount":739,"publisher":{"@id":"https:\/\/radioljubuski.ba\/#organization"},"image":{"@id":"https:\/\/radioljubuski.ba\/index.php\/2022\/06\/26\/i-scenarij-kataklizmickih-razmjera-u-bih-vec-sada-se-moze-ublaziti\/#primaryimage"},"thumbnailUrl":"https:\/\/radioljubuski.ba\/wp-content\/uploads\/2022\/06\/F0zeSYtn_58e24881_fbc4_4d1c_b099_3bbd0a0a0a66_blokirani_racuni_preview.jpg","articleSection":["BIH i regija"],"inLanguage":"hr"},{"@type":"WebPage","@id":"https:\/\/radioljubuski.ba\/index.php\/2022\/06\/26\/i-scenarij-kataklizmickih-razmjera-u-bih-vec-sada-se-moze-ublaziti\/","url":"https:\/\/radioljubuski.ba\/index.php\/2022\/06\/26\/i-scenarij-kataklizmickih-razmjera-u-bih-vec-sada-se-moze-ublaziti\/","name":"I scenarij kataklizmi\u010dkih razmjera u BiH ve\u0107 sada se mo\u017ee ubla\u017eiti - RADIO LJUBU\u0160KI","isPartOf":{"@id":"https:\/\/radioljubuski.ba\/#website"},"primaryImageOfPage":{"@id":"https:\/\/radioljubuski.ba\/index.php\/2022\/06\/26\/i-scenarij-kataklizmickih-razmjera-u-bih-vec-sada-se-moze-ublaziti\/#primaryimage"},"image":{"@id":"https:\/\/radioljubuski.ba\/index.php\/2022\/06\/26\/i-scenarij-kataklizmickih-razmjera-u-bih-vec-sada-se-moze-ublaziti\/#primaryimage"},"thumbnailUrl":"https:\/\/radioljubuski.ba\/wp-content\/uploads\/2022\/06\/F0zeSYtn_58e24881_fbc4_4d1c_b099_3bbd0a0a0a66_blokirani_racuni_preview.jpg","datePublished":"2022-06-26T11:02:45+00:00","breadcrumb":{"@id":"https:\/\/radioljubuski.ba\/index.php\/2022\/06\/26\/i-scenarij-kataklizmickih-razmjera-u-bih-vec-sada-se-moze-ublaziti\/#breadcrumb"},"inLanguage":"hr","potentialAction":[{"@type":"ReadAction","target":["https:\/\/radioljubuski.ba\/index.php\/2022\/06\/26\/i-scenarij-kataklizmickih-razmjera-u-bih-vec-sada-se-moze-ublaziti\/"]}]},{"@type":"ImageObject","inLanguage":"hr","@id":"https:\/\/radioljubuski.ba\/index.php\/2022\/06\/26\/i-scenarij-kataklizmickih-razmjera-u-bih-vec-sada-se-moze-ublaziti\/#primaryimage","url":"https:\/\/radioljubuski.ba\/wp-content\/uploads\/2022\/06\/F0zeSYtn_58e24881_fbc4_4d1c_b099_3bbd0a0a0a66_blokirani_racuni_preview.jpg","contentUrl":"https:\/\/radioljubuski.ba\/wp-content\/uploads\/2022\/06\/F0zeSYtn_58e24881_fbc4_4d1c_b099_3bbd0a0a0a66_blokirani_racuni_preview.jpg","width":1000,"height":625},{"@type":"BreadcrumbList","@id":"https:\/\/radioljubuski.ba\/index.php\/2022\/06\/26\/i-scenarij-kataklizmickih-razmjera-u-bih-vec-sada-se-moze-ublaziti\/#breadcrumb","itemListElement":[{"@type":"ListItem","position":1,"name":"Po\u010detna stranica","item":"https:\/\/radioljubuski.ba\/"},{"@type":"ListItem","position":2,"name":"I scenarij kataklizmi\u010dkih razmjera u BiH ve\u0107 sada se mo\u017ee ubla\u017eiti"}]},{"@type":"WebSite","@id":"https:\/\/radioljubuski.ba\/#website","url":"https:\/\/radioljubuski.ba\/","name":"Radio Ljubu\u0161ki","description":"Sun\u010dana frekvencija Hercegovine","publisher":{"@id":"https:\/\/radioljubuski.ba\/#organization"},"potentialAction":[{"@type":"SearchAction","target":{"@type":"EntryPoint","urlTemplate":"https:\/\/radioljubuski.ba\/?s={search_term_string}"},"query-input":{"@type":"PropertyValueSpecification","valueRequired":true,"valueName":"search_term_string"}}],"inLanguage":"hr"},{"@type":"Organization","@id":"https:\/\/radioljubuski.ba\/#organization","name":"Radio Ljubu\u0161ki","url":"https:\/\/radioljubuski.ba\/","logo":{"@type":"ImageObject","inLanguage":"hr","@id":"https:\/\/radioljubuski.ba\/#\/schema\/logo\/image\/","url":"https:\/\/radioljubuski.ba\/wp-content\/uploads\/2021\/02\/cropped-Radio_Ljubuski_logo1.jpg","contentUrl":"https:\/\/radioljubuski.ba\/wp-content\/uploads\/2021\/02\/cropped-Radio_Ljubuski_logo1.jpg","width":512,"height":512,"caption":"Radio Ljubu\u0161ki"},"image":{"@id":"https:\/\/radioljubuski.ba\/#\/schema\/logo\/image\/"},"sameAs":["https:\/\/www.facebook.com\/Radiio-Ljubuski-1490835324566332","https:\/\/x.com\/radioljubuski","https:\/\/hr.linkedin.com\/company\/radio-ljubuski","https:\/\/www.youtube.com\/channel\/UCHYaeO_n0Db3tjNGudGpXyw"]},{"@type":"Person","@id":"https:\/\/radioljubuski.ba\/#\/schema\/person\/19fc700381a780f69665d7956c469e3b","name":"Radio Ljubu\u0161ki"}]}},"_links":{"self":[{"href":"https:\/\/radioljubuski.ba\/index.php\/wp-json\/wp\/v2\/posts\/153539","targetHints":{"allow":["GET"]}}],"collection":[{"href":"https:\/\/radioljubuski.ba\/index.php\/wp-json\/wp\/v2\/posts"}],"about":[{"href":"https:\/\/radioljubuski.ba\/index.php\/wp-json\/wp\/v2\/types\/post"}],"author":[{"embeddable":true,"href":"https:\/\/radioljubuski.ba\/index.php\/wp-json\/wp\/v2\/users\/2"}],"replies":[{"embeddable":true,"href":"https:\/\/radioljubuski.ba\/index.php\/wp-json\/wp\/v2\/comments?post=153539"}],"version-history":[{"count":1,"href":"https:\/\/radioljubuski.ba\/index.php\/wp-json\/wp\/v2\/posts\/153539\/revisions"}],"predecessor-version":[{"id":153541,"href":"https:\/\/radioljubuski.ba\/index.php\/wp-json\/wp\/v2\/posts\/153539\/revisions\/153541"}],"wp:featuredmedia":[{"embeddable":true,"href":"https:\/\/radioljubuski.ba\/index.php\/wp-json\/wp\/v2\/media\/153540"}],"wp:attachment":[{"href":"https:\/\/radioljubuski.ba\/index.php\/wp-json\/wp\/v2\/media?parent=153539"}],"wp:term":[{"taxonomy":"category","embeddable":true,"href":"https:\/\/radioljubuski.ba\/index.php\/wp-json\/wp\/v2\/categories?post=153539"},{"taxonomy":"post_tag","embeddable":true,"href":"https:\/\/radioljubuski.ba\/index.php\/wp-json\/wp\/v2\/tags?post=153539"}],"curies":[{"name":"wp","href":"https:\/\/api.w.org\/{rel}","templated":true}]}}