{"id":153545,"date":"2022-06-26T12:05:22","date_gmt":"2022-06-26T11:05:22","guid":{"rendered":"https:\/\/radioljubuski.ba\/?p=153545"},"modified":"2022-06-26T12:05:24","modified_gmt":"2022-06-26T11:05:24","slug":"iako-su-povecani-prinosi-meda-ocekuje-se-da-bi-mogao-dostici-cijenu-i-do-30km","status":"publish","type":"post","link":"https:\/\/radioljubuski.ba\/index.php\/2022\/06\/26\/iako-su-povecani-prinosi-meda-ocekuje-se-da-bi-mogao-dostici-cijenu-i-do-30km\/","title":{"rendered":"Iako su pove\u0107ani prinosi meda, o\u010dekuje se da bi mogao dosti\u0107i cijenu i do 30KM"},"content":{"rendered":"\n<p>Ovo prolje\u0107e za p\u010delare u na\u0161oj zemlji najbolje je u proteklih sedam godina, jer su drasti\u010dno pove\u0107ani prinosi meda. Kako ka\u017eu, za sada ne prijeti nesta\u0161ica meda na doma\u0107em tr\u017ei\u0161tu, ali se uskoro mo\u017ee o\u010dekivati poskupljenje, pa bi do kraja godine med mogao dosti\u0107i cijenu i do 30 maraka za kilogram.<\/p>\n\n\n\n<p>Za razliku od pro\u0161logodi\u0161njih od osam do sedam kilograma po ko\u0161nici koliko su vrcali tijekom cijele sezone, p\u010delari u Bosni i Hercegovini ove godine nakon bagremove pa\u0161e izvrcali su od 12 do 15 kilograma meda po ko\u0161nici. To je, kako ka\u017eu, naznaka dobre godine.<\/p>\n\n\n\n<iframe loading=\"lazy\" title=\"U najavi novo poskupljenje meda\" width=\"640\" height=\"360\" src=\"https:\/\/www.youtube.com\/embed\/w_MGcxnpmvo?feature=oembed\" frameborder=\"0\" allow=\"accelerometer; autoplay; clipboard-write; encrypted-media; gyroscope; picture-in-picture; web-share\" referrerpolicy=\"strict-origin-when-cross-origin\" allowfullscreen><\/iframe>\n\n\n\n<p>Ovo prolje\u0107e bilo je medonosno za p\u010delare, tako da meda za sada na doma\u0107em tr\u017ei\u0161tu ima dovoljno.<\/p>\n\n\n\n<p>&#8220;Trenutno ga ima zato \u0161to je pa\u0161a bagremova bila relativno dobra, ima mikro lokacija gdje je bila izuzetno dobra&#8221;, isti\u010de p\u010delar Milorad Vasi\u0107.<\/p>\n\n\n\n<p>&#8220;Mi mo\u017eemo da ka\u017eemo da meda ima dovoljno, ima i prili\u010dan broj p\u010delara na ovom podru\u010dju. Mislimo da ne bi ove godine trebalo da bude nesta\u0161ice&#8221;, ka\u017ee Dragan Bo\u017ei\u0107, sekretar Udru\u017eenja p\u010delara &#8220;Semberija&#8221;.<\/p>\n\n\n\n<p>Ipak, cijena je u odnosu na ranije mnogo vi\u0161a, a o\u010dekuje se da \u0107e do kraja godine med dodatno poskupjeti.<\/p>\n\n\n\n<p>&#8220;Svi inputi koji ulaze u tu proizvodnju su drasti\u010dno sko\u010dili, po\u010dev\u0161i od goriva pa do svega ostalog. Trenutna cijena je od 20 do 25 maraka i mislimo da je trenutno realna cijena&#8221;, navodi p\u010delar Milorad Vasi\u0107.<\/p>\n\n\n\n<p>&#8220;Sad je oko 20-ak KM. Mogao bi sigurno da ide, zavisno od vrste, neki je ve\u0107 i 30, a zavisno od vrste meda, da ka\u017eemo u prosjeku 25 maraka da \u0107e biti&#8221;, ka\u017ee p\u010delar Bojan Ne\u0161kovi\u0107.<\/p>\n\n\n\n<p>Koliko \u0107e cijena i\u0107i na vi\u0161e zavisi od toga kakva \u0107e biti sezona.<\/p>\n\n\n\n<p>&#8220;Sad za sad mo\u017eemo re\u0107i da je godina za p\u010delare po\u010dela dobro, ali jo\u0161 uvijek nije kraj, ja sam optimista za ovu godinu, lijepo je po\u010dela, za\u0161to se ne bi lijepo i zavr\u0161ila&#8221;, isti\u010de Ne\u0161kovi\u0107.<\/p>\n\n\n\n<p>Pored cijene meda, lan\u010dano \u0107e do\u0107i i do poskupljenja ostalih p\u010delinjih proizvoda, poput mati\u010dne mlije\u010di \u010dija se cijena kre\u0107e od 20 do \u010dak stotinu maraka za nekoliko desetina grama.<\/p>\n\n\n\n<p>&#8220;Treba sa\u010dekati dok se zavr\u0161i sezona lipe, nakon toga jo\u0161 neko vrijeme dok p\u010dele pripreme med, tek tada \u0107emo znati i rezultate prinosa od lipe&#8221;, ka\u017ee Dragan Bo\u017ei\u0107, sekretar Udru\u017eenja p\u010delara &#8220;Semberija&#8221;.<\/p>\n\n\n\n<p>Pored cijene meda, lan\u010dano \u0107e do\u0107i do poskupljen\u0458a ostalih p\u010delinjih proizvoda, poput mati\u010dne mlije\u010di \u010dija se cijena kre\u0107e od 20 do \u010dak 100 KM za nekoliko desetina grama, pi\u0161e BHRT.<\/p>\n\n\n\n<p>Izvor:BHRT<\/p>\n","protected":false},"excerpt":{"rendered":"<p>Ovo prolje\u0107e za p\u010delare u na\u0161oj zemlji najbolje je u proteklih sedam godina, jer su drasti\u010dno pove\u0107ani prinosi meda. Kako ka\u017eu, za sada ne prijeti nesta\u0161ica meda na doma\u0107em tr\u017ei\u0161tu, ali se uskoro mo\u017ee o\u010dekivati poskupljenje, pa bi do kraja godine med mogao dosti\u0107i cijenu i do 30 maraka za kilogram. Za razliku od pro\u0161logodi\u0161njih [&hellip;]<\/p>\n","protected":false},"author":2,"featured_media":153546,"comment_status":"closed","ping_status":"closed","sticky":false,"template":"","format":"standard","meta":{"h5ap_radio_sources":[],"footnotes":""},"categories":[1],"tags":[],"class_list":["post-153545","post","type-post","status-publish","format-standard","has-post-thumbnail","hentry","category-bihiregija"],"yoast_head":"<!-- This site is optimized with the Yoast SEO plugin v27.5 - https:\/\/yoast.com\/product\/yoast-seo-wordpress\/ -->\n<title>Iako su pove\u0107ani prinosi meda, o\u010dekuje se da bi mogao dosti\u0107i cijenu i do 30KM - RADIO LJUBU\u0160KI<\/title>\n<meta name=\"robots\" content=\"index, follow, max-snippet:-1, max-image-preview:large, max-video-preview:-1\" \/>\n<link rel=\"canonical\" href=\"https:\/\/radioljubuski.ba\/index.php\/2022\/06\/26\/iako-su-povecani-prinosi-meda-ocekuje-se-da-bi-mogao-dostici-cijenu-i-do-30km\/\" \/>\n<meta property=\"og:locale\" content=\"hr_HR\" \/>\n<meta property=\"og:type\" content=\"article\" \/>\n<meta property=\"og:title\" content=\"Iako su pove\u0107ani prinosi meda, o\u010dekuje se da bi mogao dosti\u0107i cijenu i do 30KM - RADIO LJUBU\u0160KI\" \/>\n<meta property=\"og:description\" content=\"Ovo prolje\u0107e za p\u010delare u na\u0161oj zemlji najbolje je u proteklih sedam godina, jer su drasti\u010dno pove\u0107ani prinosi meda. Kako ka\u017eu, za sada ne prijeti nesta\u0161ica meda na doma\u0107em tr\u017ei\u0161tu, ali se uskoro mo\u017ee o\u010dekivati poskupljenje, pa bi do kraja godine med mogao dosti\u0107i cijenu i do 30 maraka za kilogram. Za razliku od pro\u0161logodi\u0161njih [&hellip;]\" \/>\n<meta property=\"og:url\" content=\"https:\/\/radioljubuski.ba\/index.php\/2022\/06\/26\/iako-su-povecani-prinosi-meda-ocekuje-se-da-bi-mogao-dostici-cijenu-i-do-30km\/\" \/>\n<meta property=\"og:site_name\" content=\"RADIO LJUBU\u0160KI\" \/>\n<meta property=\"article:publisher\" content=\"https:\/\/www.facebook.com\/Radiio-Ljubuski-1490835324566332\" \/>\n<meta property=\"article:published_time\" content=\"2022-06-26T11:05:22+00:00\" \/>\n<meta property=\"article:modified_time\" content=\"2022-06-26T11:05:24+00:00\" \/>\n<meta property=\"og:image\" content=\"https:\/\/radioljubuski.ba\/wp-content\/uploads\/2022\/06\/8-2022-06-04-20-58-04-MED-TEGLA.jpeg\" \/>\n\t<meta property=\"og:image:width\" content=\"1000\" \/>\n\t<meta property=\"og:image:height\" content=\"625\" \/>\n\t<meta property=\"og:image:type\" content=\"image\/jpeg\" \/>\n<meta name=\"author\" content=\"Radio Ljubu\u0161ki\" \/>\n<meta name=\"twitter:card\" content=\"summary_large_image\" \/>\n<meta name=\"twitter:creator\" content=\"@radioljubuski\" \/>\n<meta name=\"twitter:site\" content=\"@radioljubuski\" \/>\n<meta name=\"twitter:label1\" content=\"Napisao\/la\" \/>\n\t<meta name=\"twitter:data1\" content=\"Radio Ljubu\u0161ki\" \/>\n\t<meta name=\"twitter:label2\" content=\"Procijenjeno vrijeme \u010ditanja\" \/>\n\t<meta name=\"twitter:data2\" content=\"2 minute\" \/>\n<script type=\"application\/ld+json\" class=\"yoast-schema-graph\">{\"@context\":\"https:\\\/\\\/schema.org\",\"@graph\":[{\"@type\":\"Article\",\"@id\":\"https:\\\/\\\/radioljubuski.ba\\\/index.php\\\/2022\\\/06\\\/26\\\/iako-su-povecani-prinosi-meda-ocekuje-se-da-bi-mogao-dostici-cijenu-i-do-30km\\\/#article\",\"isPartOf\":{\"@id\":\"https:\\\/\\\/radioljubuski.ba\\\/index.php\\\/2022\\\/06\\\/26\\\/iako-su-povecani-prinosi-meda-ocekuje-se-da-bi-mogao-dostici-cijenu-i-do-30km\\\/\"},\"author\":{\"name\":\"Radio Ljubu\u0161ki\",\"@id\":\"https:\\\/\\\/radioljubuski.ba\\\/#\\\/schema\\\/person\\\/19fc700381a780f69665d7956c469e3b\"},\"headline\":\"Iako su pove\u0107ani prinosi meda, o\u010dekuje se da bi mogao dosti\u0107i cijenu i do 30KM\",\"datePublished\":\"2022-06-26T11:05:22+00:00\",\"dateModified\":\"2022-06-26T11:05:24+00:00\",\"mainEntityOfPage\":{\"@id\":\"https:\\\/\\\/radioljubuski.ba\\\/index.php\\\/2022\\\/06\\\/26\\\/iako-su-povecani-prinosi-meda-ocekuje-se-da-bi-mogao-dostici-cijenu-i-do-30km\\\/\"},\"wordCount\":498,\"publisher\":{\"@id\":\"https:\\\/\\\/radioljubuski.ba\\\/#organization\"},\"image\":{\"@id\":\"https:\\\/\\\/radioljubuski.ba\\\/index.php\\\/2022\\\/06\\\/26\\\/iako-su-povecani-prinosi-meda-ocekuje-se-da-bi-mogao-dostici-cijenu-i-do-30km\\\/#primaryimage\"},\"thumbnailUrl\":\"https:\\\/\\\/radioljubuski.ba\\\/wp-content\\\/uploads\\\/2022\\\/06\\\/8-2022-06-04-20-58-04-MED-TEGLA.jpeg\",\"articleSection\":[\"BIH i regija\"],\"inLanguage\":\"hr\"},{\"@type\":\"WebPage\",\"@id\":\"https:\\\/\\\/radioljubuski.ba\\\/index.php\\\/2022\\\/06\\\/26\\\/iako-su-povecani-prinosi-meda-ocekuje-se-da-bi-mogao-dostici-cijenu-i-do-30km\\\/\",\"url\":\"https:\\\/\\\/radioljubuski.ba\\\/index.php\\\/2022\\\/06\\\/26\\\/iako-su-povecani-prinosi-meda-ocekuje-se-da-bi-mogao-dostici-cijenu-i-do-30km\\\/\",\"name\":\"Iako su pove\u0107ani prinosi meda, o\u010dekuje se da bi mogao dosti\u0107i cijenu i do 30KM - RADIO LJUBU\u0160KI\",\"isPartOf\":{\"@id\":\"https:\\\/\\\/radioljubuski.ba\\\/#website\"},\"primaryImageOfPage\":{\"@id\":\"https:\\\/\\\/radioljubuski.ba\\\/index.php\\\/2022\\\/06\\\/26\\\/iako-su-povecani-prinosi-meda-ocekuje-se-da-bi-mogao-dostici-cijenu-i-do-30km\\\/#primaryimage\"},\"image\":{\"@id\":\"https:\\\/\\\/radioljubuski.ba\\\/index.php\\\/2022\\\/06\\\/26\\\/iako-su-povecani-prinosi-meda-ocekuje-se-da-bi-mogao-dostici-cijenu-i-do-30km\\\/#primaryimage\"},\"thumbnailUrl\":\"https:\\\/\\\/radioljubuski.ba\\\/wp-content\\\/uploads\\\/2022\\\/06\\\/8-2022-06-04-20-58-04-MED-TEGLA.jpeg\",\"datePublished\":\"2022-06-26T11:05:22+00:00\",\"dateModified\":\"2022-06-26T11:05:24+00:00\",\"breadcrumb\":{\"@id\":\"https:\\\/\\\/radioljubuski.ba\\\/index.php\\\/2022\\\/06\\\/26\\\/iako-su-povecani-prinosi-meda-ocekuje-se-da-bi-mogao-dostici-cijenu-i-do-30km\\\/#breadcrumb\"},\"inLanguage\":\"hr\",\"potentialAction\":[{\"@type\":\"ReadAction\",\"target\":[\"https:\\\/\\\/radioljubuski.ba\\\/index.php\\\/2022\\\/06\\\/26\\\/iako-su-povecani-prinosi-meda-ocekuje-se-da-bi-mogao-dostici-cijenu-i-do-30km\\\/\"]}]},{\"@type\":\"ImageObject\",\"inLanguage\":\"hr\",\"@id\":\"https:\\\/\\\/radioljubuski.ba\\\/index.php\\\/2022\\\/06\\\/26\\\/iako-su-povecani-prinosi-meda-ocekuje-se-da-bi-mogao-dostici-cijenu-i-do-30km\\\/#primaryimage\",\"url\":\"https:\\\/\\\/radioljubuski.ba\\\/wp-content\\\/uploads\\\/2022\\\/06\\\/8-2022-06-04-20-58-04-MED-TEGLA.jpeg\",\"contentUrl\":\"https:\\\/\\\/radioljubuski.ba\\\/wp-content\\\/uploads\\\/2022\\\/06\\\/8-2022-06-04-20-58-04-MED-TEGLA.jpeg\",\"width\":1000,\"height\":625},{\"@type\":\"BreadcrumbList\",\"@id\":\"https:\\\/\\\/radioljubuski.ba\\\/index.php\\\/2022\\\/06\\\/26\\\/iako-su-povecani-prinosi-meda-ocekuje-se-da-bi-mogao-dostici-cijenu-i-do-30km\\\/#breadcrumb\",\"itemListElement\":[{\"@type\":\"ListItem\",\"position\":1,\"name\":\"Po\u010detna stranica\",\"item\":\"https:\\\/\\\/radioljubuski.ba\\\/\"},{\"@type\":\"ListItem\",\"position\":2,\"name\":\"Iako su pove\u0107ani prinosi meda, o\u010dekuje se da bi mogao dosti\u0107i cijenu i do 30KM\"}]},{\"@type\":\"WebSite\",\"@id\":\"https:\\\/\\\/radioljubuski.ba\\\/#website\",\"url\":\"https:\\\/\\\/radioljubuski.ba\\\/\",\"name\":\"Radio Ljubu\u0161ki\",\"description\":\"Sun\u010dana frekvencija Hercegovine\",\"publisher\":{\"@id\":\"https:\\\/\\\/radioljubuski.ba\\\/#organization\"},\"potentialAction\":[{\"@type\":\"SearchAction\",\"target\":{\"@type\":\"EntryPoint\",\"urlTemplate\":\"https:\\\/\\\/radioljubuski.ba\\\/?s={search_term_string}\"},\"query-input\":{\"@type\":\"PropertyValueSpecification\",\"valueRequired\":true,\"valueName\":\"search_term_string\"}}],\"inLanguage\":\"hr\"},{\"@type\":\"Organization\",\"@id\":\"https:\\\/\\\/radioljubuski.ba\\\/#organization\",\"name\":\"Radio Ljubu\u0161ki\",\"url\":\"https:\\\/\\\/radioljubuski.ba\\\/\",\"logo\":{\"@type\":\"ImageObject\",\"inLanguage\":\"hr\",\"@id\":\"https:\\\/\\\/radioljubuski.ba\\\/#\\\/schema\\\/logo\\\/image\\\/\",\"url\":\"https:\\\/\\\/radioljubuski.ba\\\/wp-content\\\/uploads\\\/2021\\\/02\\\/cropped-Radio_Ljubuski_logo1.jpg\",\"contentUrl\":\"https:\\\/\\\/radioljubuski.ba\\\/wp-content\\\/uploads\\\/2021\\\/02\\\/cropped-Radio_Ljubuski_logo1.jpg\",\"width\":512,\"height\":512,\"caption\":\"Radio Ljubu\u0161ki\"},\"image\":{\"@id\":\"https:\\\/\\\/radioljubuski.ba\\\/#\\\/schema\\\/logo\\\/image\\\/\"},\"sameAs\":[\"https:\\\/\\\/www.facebook.com\\\/Radiio-Ljubuski-1490835324566332\",\"https:\\\/\\\/x.com\\\/radioljubuski\",\"https:\\\/\\\/hr.linkedin.com\\\/company\\\/radio-ljubuski\",\"https:\\\/\\\/www.youtube.com\\\/channel\\\/UCHYaeO_n0Db3tjNGudGpXyw\"]},{\"@type\":\"Person\",\"@id\":\"https:\\\/\\\/radioljubuski.ba\\\/#\\\/schema\\\/person\\\/19fc700381a780f69665d7956c469e3b\",\"name\":\"Radio Ljubu\u0161ki\"}]}<\/script>\n<!-- \/ Yoast SEO plugin. -->","yoast_head_json":{"title":"Iako su pove\u0107ani prinosi meda, o\u010dekuje se da bi mogao dosti\u0107i cijenu i do 30KM - RADIO LJUBU\u0160KI","robots":{"index":"index","follow":"follow","max-snippet":"max-snippet:-1","max-image-preview":"max-image-preview:large","max-video-preview":"max-video-preview:-1"},"canonical":"https:\/\/radioljubuski.ba\/index.php\/2022\/06\/26\/iako-su-povecani-prinosi-meda-ocekuje-se-da-bi-mogao-dostici-cijenu-i-do-30km\/","og_locale":"hr_HR","og_type":"article","og_title":"Iako su pove\u0107ani prinosi meda, o\u010dekuje se da bi mogao dosti\u0107i cijenu i do 30KM - RADIO LJUBU\u0160KI","og_description":"Ovo prolje\u0107e za p\u010delare u na\u0161oj zemlji najbolje je u proteklih sedam godina, jer su drasti\u010dno pove\u0107ani prinosi meda. Kako ka\u017eu, za sada ne prijeti nesta\u0161ica meda na doma\u0107em tr\u017ei\u0161tu, ali se uskoro mo\u017ee o\u010dekivati poskupljenje, pa bi do kraja godine med mogao dosti\u0107i cijenu i do 30 maraka za kilogram. Za razliku od pro\u0161logodi\u0161njih [&hellip;]","og_url":"https:\/\/radioljubuski.ba\/index.php\/2022\/06\/26\/iako-su-povecani-prinosi-meda-ocekuje-se-da-bi-mogao-dostici-cijenu-i-do-30km\/","og_site_name":"RADIO LJUBU\u0160KI","article_publisher":"https:\/\/www.facebook.com\/Radiio-Ljubuski-1490835324566332","article_published_time":"2022-06-26T11:05:22+00:00","article_modified_time":"2022-06-26T11:05:24+00:00","og_image":[{"width":1000,"height":625,"url":"https:\/\/radioljubuski.ba\/wp-content\/uploads\/2022\/06\/8-2022-06-04-20-58-04-MED-TEGLA.jpeg","type":"image\/jpeg"}],"author":"Radio Ljubu\u0161ki","twitter_card":"summary_large_image","twitter_creator":"@radioljubuski","twitter_site":"@radioljubuski","twitter_misc":{"Napisao\/la":"Radio Ljubu\u0161ki","Procijenjeno vrijeme \u010ditanja":"2 minute"},"schema":{"@context":"https:\/\/schema.org","@graph":[{"@type":"Article","@id":"https:\/\/radioljubuski.ba\/index.php\/2022\/06\/26\/iako-su-povecani-prinosi-meda-ocekuje-se-da-bi-mogao-dostici-cijenu-i-do-30km\/#article","isPartOf":{"@id":"https:\/\/radioljubuski.ba\/index.php\/2022\/06\/26\/iako-su-povecani-prinosi-meda-ocekuje-se-da-bi-mogao-dostici-cijenu-i-do-30km\/"},"author":{"name":"Radio Ljubu\u0161ki","@id":"https:\/\/radioljubuski.ba\/#\/schema\/person\/19fc700381a780f69665d7956c469e3b"},"headline":"Iako su pove\u0107ani prinosi meda, o\u010dekuje se da bi mogao dosti\u0107i cijenu i do 30KM","datePublished":"2022-06-26T11:05:22+00:00","dateModified":"2022-06-26T11:05:24+00:00","mainEntityOfPage":{"@id":"https:\/\/radioljubuski.ba\/index.php\/2022\/06\/26\/iako-su-povecani-prinosi-meda-ocekuje-se-da-bi-mogao-dostici-cijenu-i-do-30km\/"},"wordCount":498,"publisher":{"@id":"https:\/\/radioljubuski.ba\/#organization"},"image":{"@id":"https:\/\/radioljubuski.ba\/index.php\/2022\/06\/26\/iako-su-povecani-prinosi-meda-ocekuje-se-da-bi-mogao-dostici-cijenu-i-do-30km\/#primaryimage"},"thumbnailUrl":"https:\/\/radioljubuski.ba\/wp-content\/uploads\/2022\/06\/8-2022-06-04-20-58-04-MED-TEGLA.jpeg","articleSection":["BIH i regija"],"inLanguage":"hr"},{"@type":"WebPage","@id":"https:\/\/radioljubuski.ba\/index.php\/2022\/06\/26\/iako-su-povecani-prinosi-meda-ocekuje-se-da-bi-mogao-dostici-cijenu-i-do-30km\/","url":"https:\/\/radioljubuski.ba\/index.php\/2022\/06\/26\/iako-su-povecani-prinosi-meda-ocekuje-se-da-bi-mogao-dostici-cijenu-i-do-30km\/","name":"Iako su pove\u0107ani prinosi meda, o\u010dekuje se da bi mogao dosti\u0107i cijenu i do 30KM - RADIO LJUBU\u0160KI","isPartOf":{"@id":"https:\/\/radioljubuski.ba\/#website"},"primaryImageOfPage":{"@id":"https:\/\/radioljubuski.ba\/index.php\/2022\/06\/26\/iako-su-povecani-prinosi-meda-ocekuje-se-da-bi-mogao-dostici-cijenu-i-do-30km\/#primaryimage"},"image":{"@id":"https:\/\/radioljubuski.ba\/index.php\/2022\/06\/26\/iako-su-povecani-prinosi-meda-ocekuje-se-da-bi-mogao-dostici-cijenu-i-do-30km\/#primaryimage"},"thumbnailUrl":"https:\/\/radioljubuski.ba\/wp-content\/uploads\/2022\/06\/8-2022-06-04-20-58-04-MED-TEGLA.jpeg","datePublished":"2022-06-26T11:05:22+00:00","dateModified":"2022-06-26T11:05:24+00:00","breadcrumb":{"@id":"https:\/\/radioljubuski.ba\/index.php\/2022\/06\/26\/iako-su-povecani-prinosi-meda-ocekuje-se-da-bi-mogao-dostici-cijenu-i-do-30km\/#breadcrumb"},"inLanguage":"hr","potentialAction":[{"@type":"ReadAction","target":["https:\/\/radioljubuski.ba\/index.php\/2022\/06\/26\/iako-su-povecani-prinosi-meda-ocekuje-se-da-bi-mogao-dostici-cijenu-i-do-30km\/"]}]},{"@type":"ImageObject","inLanguage":"hr","@id":"https:\/\/radioljubuski.ba\/index.php\/2022\/06\/26\/iako-su-povecani-prinosi-meda-ocekuje-se-da-bi-mogao-dostici-cijenu-i-do-30km\/#primaryimage","url":"https:\/\/radioljubuski.ba\/wp-content\/uploads\/2022\/06\/8-2022-06-04-20-58-04-MED-TEGLA.jpeg","contentUrl":"https:\/\/radioljubuski.ba\/wp-content\/uploads\/2022\/06\/8-2022-06-04-20-58-04-MED-TEGLA.jpeg","width":1000,"height":625},{"@type":"BreadcrumbList","@id":"https:\/\/radioljubuski.ba\/index.php\/2022\/06\/26\/iako-su-povecani-prinosi-meda-ocekuje-se-da-bi-mogao-dostici-cijenu-i-do-30km\/#breadcrumb","itemListElement":[{"@type":"ListItem","position":1,"name":"Po\u010detna stranica","item":"https:\/\/radioljubuski.ba\/"},{"@type":"ListItem","position":2,"name":"Iako su pove\u0107ani prinosi meda, o\u010dekuje se da bi mogao dosti\u0107i cijenu i do 30KM"}]},{"@type":"WebSite","@id":"https:\/\/radioljubuski.ba\/#website","url":"https:\/\/radioljubuski.ba\/","name":"Radio Ljubu\u0161ki","description":"Sun\u010dana frekvencija Hercegovine","publisher":{"@id":"https:\/\/radioljubuski.ba\/#organization"},"potentialAction":[{"@type":"SearchAction","target":{"@type":"EntryPoint","urlTemplate":"https:\/\/radioljubuski.ba\/?s={search_term_string}"},"query-input":{"@type":"PropertyValueSpecification","valueRequired":true,"valueName":"search_term_string"}}],"inLanguage":"hr"},{"@type":"Organization","@id":"https:\/\/radioljubuski.ba\/#organization","name":"Radio Ljubu\u0161ki","url":"https:\/\/radioljubuski.ba\/","logo":{"@type":"ImageObject","inLanguage":"hr","@id":"https:\/\/radioljubuski.ba\/#\/schema\/logo\/image\/","url":"https:\/\/radioljubuski.ba\/wp-content\/uploads\/2021\/02\/cropped-Radio_Ljubuski_logo1.jpg","contentUrl":"https:\/\/radioljubuski.ba\/wp-content\/uploads\/2021\/02\/cropped-Radio_Ljubuski_logo1.jpg","width":512,"height":512,"caption":"Radio Ljubu\u0161ki"},"image":{"@id":"https:\/\/radioljubuski.ba\/#\/schema\/logo\/image\/"},"sameAs":["https:\/\/www.facebook.com\/Radiio-Ljubuski-1490835324566332","https:\/\/x.com\/radioljubuski","https:\/\/hr.linkedin.com\/company\/radio-ljubuski","https:\/\/www.youtube.com\/channel\/UCHYaeO_n0Db3tjNGudGpXyw"]},{"@type":"Person","@id":"https:\/\/radioljubuski.ba\/#\/schema\/person\/19fc700381a780f69665d7956c469e3b","name":"Radio Ljubu\u0161ki"}]}},"_links":{"self":[{"href":"https:\/\/radioljubuski.ba\/index.php\/wp-json\/wp\/v2\/posts\/153545","targetHints":{"allow":["GET"]}}],"collection":[{"href":"https:\/\/radioljubuski.ba\/index.php\/wp-json\/wp\/v2\/posts"}],"about":[{"href":"https:\/\/radioljubuski.ba\/index.php\/wp-json\/wp\/v2\/types\/post"}],"author":[{"embeddable":true,"href":"https:\/\/radioljubuski.ba\/index.php\/wp-json\/wp\/v2\/users\/2"}],"replies":[{"embeddable":true,"href":"https:\/\/radioljubuski.ba\/index.php\/wp-json\/wp\/v2\/comments?post=153545"}],"version-history":[{"count":1,"href":"https:\/\/radioljubuski.ba\/index.php\/wp-json\/wp\/v2\/posts\/153545\/revisions"}],"predecessor-version":[{"id":153547,"href":"https:\/\/radioljubuski.ba\/index.php\/wp-json\/wp\/v2\/posts\/153545\/revisions\/153547"}],"wp:featuredmedia":[{"embeddable":true,"href":"https:\/\/radioljubuski.ba\/index.php\/wp-json\/wp\/v2\/media\/153546"}],"wp:attachment":[{"href":"https:\/\/radioljubuski.ba\/index.php\/wp-json\/wp\/v2\/media?parent=153545"}],"wp:term":[{"taxonomy":"category","embeddable":true,"href":"https:\/\/radioljubuski.ba\/index.php\/wp-json\/wp\/v2\/categories?post=153545"},{"taxonomy":"post_tag","embeddable":true,"href":"https:\/\/radioljubuski.ba\/index.php\/wp-json\/wp\/v2\/tags?post=153545"}],"curies":[{"name":"wp","href":"https:\/\/api.w.org\/{rel}","templated":true}]}}