{"id":153563,"date":"2022-06-26T12:14:48","date_gmt":"2022-06-26T11:14:48","guid":{"rendered":"https:\/\/radioljubuski.ba\/?p=153563"},"modified":"2022-06-26T12:14:49","modified_gmt":"2022-06-26T11:14:49","slug":"zena-se-vratila-iz-trgovine-pa-vidjela-racun-osjecam-se-prevareno-ovo-nije-normalno","status":"publish","type":"post","link":"https:\/\/radioljubuski.ba\/index.php\/2022\/06\/26\/zena-se-vratila-iz-trgovine-pa-vidjela-racun-osjecam-se-prevareno-ovo-nije-normalno\/","title":{"rendered":"\u017dena se vratila iz trgovine pa vidjela ra\u010dun: Osje\u0107am se prevareno. Ovo nije normalno!"},"content":{"rendered":"\n<p>I prije po\u010detka turisti\u010dke sezone cijene osnovnih prehrambenih namirnica oti\u0161le su u nebo. Tko je prije nekoliko mjeseci, kada nas je ve\u0107 zahvatila inflacija, mogao i predvidjeti \u0161ok koji je na globalnom tr\u017ei\u0161tu \u017eitarica i uljarica te energenata izazvao i rat u Ukrajini i sankcije Rusiji. Potro\u0161a\u010dka ko\u0161arica poskupjela i do 20 posto Unazad nekoliko mjeseci cijene kao da divljaju svaki dan. Gra\u0111ani su \u0161okirani cijenama u trgovinama, ugostiteljskim objektima, mjenja\u010dnicama, benzinskim postajama&#8230; a kraj ovim poskupljenjima se ne nazire. Potro\u0161a\u010dka ko\u0161arica od sredine 2021. skuplja je 15 posto, a ulje, bra\u0161no, tjestenina, ri\u017ea&#8230; i vi\u0161e od 20 posto.<\/p>\n\n\n\n<p>Na dru\u0161tvenim mre\u017eama gotovo svakodnevno netko objavi ra\u010dun za koji smatra da je previsok, zgra\u017ea se nad cijenom kave, kruha ili ru\u010dka. No, ima i pozitivnih primjera. Tako je nedavno Ivana Brklja\u010di\u0107, na\u0161a biv\u0161a atleti\u010darka,na Instagramu otkrila \u0161to ju je odu\u0161evilo na pla\u017ei u Hrvatskoj. Naime, dok je u\u017eivala na pla\u017ei Slanica na otoku Murteru odlu\u010dila je tamo popiti kavu, a onda je stigao ra\u010dun. Na\u0161a umirovljena baca\u010dica kladiva otkrila je kako je taj napitak platila samo sedam kuna. \u00a0Ipak, na\u017ealost, ve\u0107ina gra\u0111ana susre\u0107e se s previsokom cijenom. Kilu masti platila \u010dak 36 kuna Posljednji takav slu\u010daj primjer je Zagrep\u010danke koja trenutno ljetuje na Hvaru, to\u010dnije u Starom Gradu. Imaju\u0107i na umu da je na otocima sve skuplje pripremila se na ne\u0161to ve\u0107e cijene nego na kopnu, no cijena svinjske masti zaista ju je \u0161okirala. Platila ju je \u010dak 35,99 kuna.<\/p>\n\n\n\n<figure class=\"wp-block-image\"><img decoding=\"async\" src=\"https:\/\/storage.pogled.ba\/images\/49c4\/eca6\/229982\/original\/3-2022-06-26-08-54-47-198b354a4dc92f388c53.jpeg\" alt=\"3-2022-06-26-08-54-47-198b354a4dc92f388c53.jpeg\"\/><\/figure>\n\n\n\n<p>\u2013 Ne\u0107u ni\u0161ta puno pisati, \u0161okirana sam cijenom 1 kg masti, jesam luda \u0161to nisam vratila, nisam doma vidjela cijenu i ostala sam bez rije\u010di \u2013 napisala je gospo\u0111a u statusu na svom Facebook profilu i objavila ra\u010dun kao dokaz. &#8211; Osje\u0107am se prevareno &#8211; napisala je dodatno u komentarima. Me\u0111u 200-tinjak komentara ispod njezine objave ve\u0107ina se slo\u017eila da je cijena zaista previsoka za kilu masti. Javili su se i brojni Zagrep\u010dani koji su kazali da je realna cijena za kilu masti maksimalno 20 kuna te da se ponekad u trgovinama mo\u017ee kupiti i na akciji po 10 kuna. Ovo su samo neki od mnogobrojnih komentara. \u2013 \u017diva plja\u010dka! \u2013 &nbsp;Mora da je ekstra djevi\u010danska. &nbsp;\u2013 Ovo je van pameti. Pa gdje su inspekcije. Kako to mogu opravdati?! &nbsp;\u2013 Ovo nije normalno \u2013 \u0160ta ima u toj masti? Zlata? \u2013 Stra\u0161no je to \u0161to je pro\u0161le godine cijena kg svinjske masti iznosila samo 7kn. Mama mi je pri\u010dala da se nekad davno za 1kg svinjske masti ili 1kg \u0161e\u0107era moralo raditi cijeli dan. Pa vi zamislite koji je to bio iznos, ali svejedno su odr\u017eavali tzv. kirbajeve, dakle pekli kola\u010de i torte, slavili svetkovine, unato\u010d takvim cijenama i neima\u0161tini, a mi sada znamo samo kukati \u2013 jedan je od komentara. \u2013 Jedan dio podizanja cijena je opravdan, a ve\u0107ina je digla cijene da, kad jo\u0161 &#8220;zaokru\u017ee&#8221; u eure budu sigurni da im se ne\u0107e predbacivati da &#8220;love u mutnom&#8221;. Sigurno je da su proizvo\u0111a\u010dima tro\u0161kovi narasli, ali takvo neravnomjerno podizanje cijena pokazuje da ve\u0107ina igra na staru balkansku APP (ako pro\u0111e, pro\u0111e). Ve\u0107 je to vi\u0111eno, ni\u0161ta novo ni \u010dudno. Oni koji ili nemaju financija ili si rade popis i planiraju doma\u0107instvo pa malo pregledaju cijene, mo\u017eda mogu malo bolje pro\u0107i, komentirala je druga gospo\u0111a.<\/p>\n\n\n\n<p>Izvor:vecernji.hr<\/p>\n","protected":false},"excerpt":{"rendered":"<p>I prije po\u010detka turisti\u010dke sezone cijene osnovnih prehrambenih namirnica oti\u0161le su u nebo. Tko je prije nekoliko mjeseci, kada nas je ve\u0107 zahvatila inflacija, mogao i predvidjeti \u0161ok koji je na globalnom tr\u017ei\u0161tu \u017eitarica i uljarica te energenata izazvao i rat u Ukrajini i sankcije Rusiji. Potro\u0161a\u010dka ko\u0161arica poskupjela i do 20 posto Unazad nekoliko [&hellip;]<\/p>\n","protected":false},"author":2,"featured_media":19568,"comment_status":"closed","ping_status":"closed","sticky":false,"template":"","format":"standard","meta":{"h5ap_radio_sources":[],"footnotes":""},"categories":[1],"tags":[],"class_list":["post-153563","post","type-post","status-publish","format-standard","has-post-thumbnail","hentry","category-bihiregija"],"yoast_head":"<!-- This site is optimized with the Yoast SEO plugin v27.5 - https:\/\/yoast.com\/product\/yoast-seo-wordpress\/ -->\n<title>\u017dena se vratila iz trgovine pa vidjela ra\u010dun: Osje\u0107am se prevareno. Ovo nije normalno! - RADIO LJUBU\u0160KI<\/title>\n<meta name=\"robots\" content=\"index, follow, max-snippet:-1, max-image-preview:large, max-video-preview:-1\" \/>\n<link rel=\"canonical\" href=\"https:\/\/radioljubuski.ba\/index.php\/2022\/06\/26\/zena-se-vratila-iz-trgovine-pa-vidjela-racun-osjecam-se-prevareno-ovo-nije-normalno\/\" \/>\n<meta property=\"og:locale\" content=\"hr_HR\" \/>\n<meta property=\"og:type\" content=\"article\" \/>\n<meta property=\"og:title\" content=\"\u017dena se vratila iz trgovine pa vidjela ra\u010dun: Osje\u0107am se prevareno. Ovo nije normalno! - RADIO LJUBU\u0160KI\" \/>\n<meta property=\"og:description\" content=\"I prije po\u010detka turisti\u010dke sezone cijene osnovnih prehrambenih namirnica oti\u0161le su u nebo. Tko je prije nekoliko mjeseci, kada nas je ve\u0107 zahvatila inflacija, mogao i predvidjeti \u0161ok koji je na globalnom tr\u017ei\u0161tu \u017eitarica i uljarica te energenata izazvao i rat u Ukrajini i sankcije Rusiji. Potro\u0161a\u010dka ko\u0161arica poskupjela i do 20 posto Unazad nekoliko [&hellip;]\" \/>\n<meta property=\"og:url\" content=\"https:\/\/radioljubuski.ba\/index.php\/2022\/06\/26\/zena-se-vratila-iz-trgovine-pa-vidjela-racun-osjecam-se-prevareno-ovo-nije-normalno\/\" \/>\n<meta property=\"og:site_name\" content=\"RADIO LJUBU\u0160KI\" \/>\n<meta property=\"article:publisher\" content=\"https:\/\/www.facebook.com\/Radiio-Ljubuski-1490835324566332\" \/>\n<meta property=\"article:published_time\" content=\"2022-06-26T11:14:48+00:00\" \/>\n<meta property=\"article:modified_time\" content=\"2022-06-26T11:14:49+00:00\" \/>\n<meta property=\"og:image\" content=\"https:\/\/radioljubuski.ba\/wp-content\/uploads\/2021\/05\/kosarica.jpg\" \/>\n\t<meta property=\"og:image:width\" content=\"1000\" \/>\n\t<meta property=\"og:image:height\" content=\"625\" \/>\n\t<meta property=\"og:image:type\" content=\"image\/jpeg\" \/>\n<meta name=\"author\" content=\"Radio Ljubu\u0161ki\" \/>\n<meta name=\"twitter:card\" content=\"summary_large_image\" \/>\n<meta name=\"twitter:creator\" content=\"@radioljubuski\" \/>\n<meta name=\"twitter:site\" content=\"@radioljubuski\" \/>\n<meta name=\"twitter:label1\" content=\"Napisao\/la\" \/>\n\t<meta name=\"twitter:data1\" content=\"Radio Ljubu\u0161ki\" \/>\n\t<meta name=\"twitter:label2\" content=\"Procijenjeno vrijeme \u010ditanja\" \/>\n\t<meta name=\"twitter:data2\" content=\"3 minute\" \/>\n<script type=\"application\/ld+json\" class=\"yoast-schema-graph\">{\"@context\":\"https:\\\/\\\/schema.org\",\"@graph\":[{\"@type\":\"Article\",\"@id\":\"https:\\\/\\\/radioljubuski.ba\\\/index.php\\\/2022\\\/06\\\/26\\\/zena-se-vratila-iz-trgovine-pa-vidjela-racun-osjecam-se-prevareno-ovo-nije-normalno\\\/#article\",\"isPartOf\":{\"@id\":\"https:\\\/\\\/radioljubuski.ba\\\/index.php\\\/2022\\\/06\\\/26\\\/zena-se-vratila-iz-trgovine-pa-vidjela-racun-osjecam-se-prevareno-ovo-nije-normalno\\\/\"},\"author\":{\"name\":\"Radio Ljubu\u0161ki\",\"@id\":\"https:\\\/\\\/radioljubuski.ba\\\/#\\\/schema\\\/person\\\/19fc700381a780f69665d7956c469e3b\"},\"headline\":\"\u017dena se vratila iz trgovine pa vidjela ra\u010dun: Osje\u0107am se prevareno. Ovo nije normalno!\",\"datePublished\":\"2022-06-26T11:14:48+00:00\",\"dateModified\":\"2022-06-26T11:14:49+00:00\",\"mainEntityOfPage\":{\"@id\":\"https:\\\/\\\/radioljubuski.ba\\\/index.php\\\/2022\\\/06\\\/26\\\/zena-se-vratila-iz-trgovine-pa-vidjela-racun-osjecam-se-prevareno-ovo-nije-normalno\\\/\"},\"wordCount\":618,\"publisher\":{\"@id\":\"https:\\\/\\\/radioljubuski.ba\\\/#organization\"},\"image\":{\"@id\":\"https:\\\/\\\/radioljubuski.ba\\\/index.php\\\/2022\\\/06\\\/26\\\/zena-se-vratila-iz-trgovine-pa-vidjela-racun-osjecam-se-prevareno-ovo-nije-normalno\\\/#primaryimage\"},\"thumbnailUrl\":\"https:\\\/\\\/radioljubuski.ba\\\/wp-content\\\/uploads\\\/2021\\\/05\\\/kosarica.jpg\",\"articleSection\":[\"BIH i regija\"],\"inLanguage\":\"hr\"},{\"@type\":\"WebPage\",\"@id\":\"https:\\\/\\\/radioljubuski.ba\\\/index.php\\\/2022\\\/06\\\/26\\\/zena-se-vratila-iz-trgovine-pa-vidjela-racun-osjecam-se-prevareno-ovo-nije-normalno\\\/\",\"url\":\"https:\\\/\\\/radioljubuski.ba\\\/index.php\\\/2022\\\/06\\\/26\\\/zena-se-vratila-iz-trgovine-pa-vidjela-racun-osjecam-se-prevareno-ovo-nije-normalno\\\/\",\"name\":\"\u017dena se vratila iz trgovine pa vidjela ra\u010dun: Osje\u0107am se prevareno. Ovo nije normalno! - RADIO LJUBU\u0160KI\",\"isPartOf\":{\"@id\":\"https:\\\/\\\/radioljubuski.ba\\\/#website\"},\"primaryImageOfPage\":{\"@id\":\"https:\\\/\\\/radioljubuski.ba\\\/index.php\\\/2022\\\/06\\\/26\\\/zena-se-vratila-iz-trgovine-pa-vidjela-racun-osjecam-se-prevareno-ovo-nije-normalno\\\/#primaryimage\"},\"image\":{\"@id\":\"https:\\\/\\\/radioljubuski.ba\\\/index.php\\\/2022\\\/06\\\/26\\\/zena-se-vratila-iz-trgovine-pa-vidjela-racun-osjecam-se-prevareno-ovo-nije-normalno\\\/#primaryimage\"},\"thumbnailUrl\":\"https:\\\/\\\/radioljubuski.ba\\\/wp-content\\\/uploads\\\/2021\\\/05\\\/kosarica.jpg\",\"datePublished\":\"2022-06-26T11:14:48+00:00\",\"dateModified\":\"2022-06-26T11:14:49+00:00\",\"breadcrumb\":{\"@id\":\"https:\\\/\\\/radioljubuski.ba\\\/index.php\\\/2022\\\/06\\\/26\\\/zena-se-vratila-iz-trgovine-pa-vidjela-racun-osjecam-se-prevareno-ovo-nije-normalno\\\/#breadcrumb\"},\"inLanguage\":\"hr\",\"potentialAction\":[{\"@type\":\"ReadAction\",\"target\":[\"https:\\\/\\\/radioljubuski.ba\\\/index.php\\\/2022\\\/06\\\/26\\\/zena-se-vratila-iz-trgovine-pa-vidjela-racun-osjecam-se-prevareno-ovo-nije-normalno\\\/\"]}]},{\"@type\":\"ImageObject\",\"inLanguage\":\"hr\",\"@id\":\"https:\\\/\\\/radioljubuski.ba\\\/index.php\\\/2022\\\/06\\\/26\\\/zena-se-vratila-iz-trgovine-pa-vidjela-racun-osjecam-se-prevareno-ovo-nije-normalno\\\/#primaryimage\",\"url\":\"https:\\\/\\\/radioljubuski.ba\\\/wp-content\\\/uploads\\\/2021\\\/05\\\/kosarica.jpg\",\"contentUrl\":\"https:\\\/\\\/radioljubuski.ba\\\/wp-content\\\/uploads\\\/2021\\\/05\\\/kosarica.jpg\",\"width\":1000,\"height\":625},{\"@type\":\"BreadcrumbList\",\"@id\":\"https:\\\/\\\/radioljubuski.ba\\\/index.php\\\/2022\\\/06\\\/26\\\/zena-se-vratila-iz-trgovine-pa-vidjela-racun-osjecam-se-prevareno-ovo-nije-normalno\\\/#breadcrumb\",\"itemListElement\":[{\"@type\":\"ListItem\",\"position\":1,\"name\":\"Po\u010detna stranica\",\"item\":\"https:\\\/\\\/radioljubuski.ba\\\/\"},{\"@type\":\"ListItem\",\"position\":2,\"name\":\"\u017dena se vratila iz trgovine pa vidjela ra\u010dun: Osje\u0107am se prevareno. Ovo nije normalno!\"}]},{\"@type\":\"WebSite\",\"@id\":\"https:\\\/\\\/radioljubuski.ba\\\/#website\",\"url\":\"https:\\\/\\\/radioljubuski.ba\\\/\",\"name\":\"Radio Ljubu\u0161ki\",\"description\":\"Sun\u010dana frekvencija Hercegovine\",\"publisher\":{\"@id\":\"https:\\\/\\\/radioljubuski.ba\\\/#organization\"},\"potentialAction\":[{\"@type\":\"SearchAction\",\"target\":{\"@type\":\"EntryPoint\",\"urlTemplate\":\"https:\\\/\\\/radioljubuski.ba\\\/?s={search_term_string}\"},\"query-input\":{\"@type\":\"PropertyValueSpecification\",\"valueRequired\":true,\"valueName\":\"search_term_string\"}}],\"inLanguage\":\"hr\"},{\"@type\":\"Organization\",\"@id\":\"https:\\\/\\\/radioljubuski.ba\\\/#organization\",\"name\":\"Radio Ljubu\u0161ki\",\"url\":\"https:\\\/\\\/radioljubuski.ba\\\/\",\"logo\":{\"@type\":\"ImageObject\",\"inLanguage\":\"hr\",\"@id\":\"https:\\\/\\\/radioljubuski.ba\\\/#\\\/schema\\\/logo\\\/image\\\/\",\"url\":\"https:\\\/\\\/radioljubuski.ba\\\/wp-content\\\/uploads\\\/2021\\\/02\\\/cropped-Radio_Ljubuski_logo1.jpg\",\"contentUrl\":\"https:\\\/\\\/radioljubuski.ba\\\/wp-content\\\/uploads\\\/2021\\\/02\\\/cropped-Radio_Ljubuski_logo1.jpg\",\"width\":512,\"height\":512,\"caption\":\"Radio Ljubu\u0161ki\"},\"image\":{\"@id\":\"https:\\\/\\\/radioljubuski.ba\\\/#\\\/schema\\\/logo\\\/image\\\/\"},\"sameAs\":[\"https:\\\/\\\/www.facebook.com\\\/Radiio-Ljubuski-1490835324566332\",\"https:\\\/\\\/x.com\\\/radioljubuski\",\"https:\\\/\\\/hr.linkedin.com\\\/company\\\/radio-ljubuski\",\"https:\\\/\\\/www.youtube.com\\\/channel\\\/UCHYaeO_n0Db3tjNGudGpXyw\"]},{\"@type\":\"Person\",\"@id\":\"https:\\\/\\\/radioljubuski.ba\\\/#\\\/schema\\\/person\\\/19fc700381a780f69665d7956c469e3b\",\"name\":\"Radio Ljubu\u0161ki\"}]}<\/script>\n<!-- \/ Yoast SEO plugin. -->","yoast_head_json":{"title":"\u017dena se vratila iz trgovine pa vidjela ra\u010dun: Osje\u0107am se prevareno. Ovo nije normalno! - RADIO LJUBU\u0160KI","robots":{"index":"index","follow":"follow","max-snippet":"max-snippet:-1","max-image-preview":"max-image-preview:large","max-video-preview":"max-video-preview:-1"},"canonical":"https:\/\/radioljubuski.ba\/index.php\/2022\/06\/26\/zena-se-vratila-iz-trgovine-pa-vidjela-racun-osjecam-se-prevareno-ovo-nije-normalno\/","og_locale":"hr_HR","og_type":"article","og_title":"\u017dena se vratila iz trgovine pa vidjela ra\u010dun: Osje\u0107am se prevareno. Ovo nije normalno! - RADIO LJUBU\u0160KI","og_description":"I prije po\u010detka turisti\u010dke sezone cijene osnovnih prehrambenih namirnica oti\u0161le su u nebo. Tko je prije nekoliko mjeseci, kada nas je ve\u0107 zahvatila inflacija, mogao i predvidjeti \u0161ok koji je na globalnom tr\u017ei\u0161tu \u017eitarica i uljarica te energenata izazvao i rat u Ukrajini i sankcije Rusiji. Potro\u0161a\u010dka ko\u0161arica poskupjela i do 20 posto Unazad nekoliko [&hellip;]","og_url":"https:\/\/radioljubuski.ba\/index.php\/2022\/06\/26\/zena-se-vratila-iz-trgovine-pa-vidjela-racun-osjecam-se-prevareno-ovo-nije-normalno\/","og_site_name":"RADIO LJUBU\u0160KI","article_publisher":"https:\/\/www.facebook.com\/Radiio-Ljubuski-1490835324566332","article_published_time":"2022-06-26T11:14:48+00:00","article_modified_time":"2022-06-26T11:14:49+00:00","og_image":[{"width":1000,"height":625,"url":"https:\/\/radioljubuski.ba\/wp-content\/uploads\/2021\/05\/kosarica.jpg","type":"image\/jpeg"}],"author":"Radio Ljubu\u0161ki","twitter_card":"summary_large_image","twitter_creator":"@radioljubuski","twitter_site":"@radioljubuski","twitter_misc":{"Napisao\/la":"Radio Ljubu\u0161ki","Procijenjeno vrijeme \u010ditanja":"3 minute"},"schema":{"@context":"https:\/\/schema.org","@graph":[{"@type":"Article","@id":"https:\/\/radioljubuski.ba\/index.php\/2022\/06\/26\/zena-se-vratila-iz-trgovine-pa-vidjela-racun-osjecam-se-prevareno-ovo-nije-normalno\/#article","isPartOf":{"@id":"https:\/\/radioljubuski.ba\/index.php\/2022\/06\/26\/zena-se-vratila-iz-trgovine-pa-vidjela-racun-osjecam-se-prevareno-ovo-nije-normalno\/"},"author":{"name":"Radio Ljubu\u0161ki","@id":"https:\/\/radioljubuski.ba\/#\/schema\/person\/19fc700381a780f69665d7956c469e3b"},"headline":"\u017dena se vratila iz trgovine pa vidjela ra\u010dun: Osje\u0107am se prevareno. Ovo nije normalno!","datePublished":"2022-06-26T11:14:48+00:00","dateModified":"2022-06-26T11:14:49+00:00","mainEntityOfPage":{"@id":"https:\/\/radioljubuski.ba\/index.php\/2022\/06\/26\/zena-se-vratila-iz-trgovine-pa-vidjela-racun-osjecam-se-prevareno-ovo-nije-normalno\/"},"wordCount":618,"publisher":{"@id":"https:\/\/radioljubuski.ba\/#organization"},"image":{"@id":"https:\/\/radioljubuski.ba\/index.php\/2022\/06\/26\/zena-se-vratila-iz-trgovine-pa-vidjela-racun-osjecam-se-prevareno-ovo-nije-normalno\/#primaryimage"},"thumbnailUrl":"https:\/\/radioljubuski.ba\/wp-content\/uploads\/2021\/05\/kosarica.jpg","articleSection":["BIH i regija"],"inLanguage":"hr"},{"@type":"WebPage","@id":"https:\/\/radioljubuski.ba\/index.php\/2022\/06\/26\/zena-se-vratila-iz-trgovine-pa-vidjela-racun-osjecam-se-prevareno-ovo-nije-normalno\/","url":"https:\/\/radioljubuski.ba\/index.php\/2022\/06\/26\/zena-se-vratila-iz-trgovine-pa-vidjela-racun-osjecam-se-prevareno-ovo-nije-normalno\/","name":"\u017dena se vratila iz trgovine pa vidjela ra\u010dun: Osje\u0107am se prevareno. Ovo nije normalno! - RADIO LJUBU\u0160KI","isPartOf":{"@id":"https:\/\/radioljubuski.ba\/#website"},"primaryImageOfPage":{"@id":"https:\/\/radioljubuski.ba\/index.php\/2022\/06\/26\/zena-se-vratila-iz-trgovine-pa-vidjela-racun-osjecam-se-prevareno-ovo-nije-normalno\/#primaryimage"},"image":{"@id":"https:\/\/radioljubuski.ba\/index.php\/2022\/06\/26\/zena-se-vratila-iz-trgovine-pa-vidjela-racun-osjecam-se-prevareno-ovo-nije-normalno\/#primaryimage"},"thumbnailUrl":"https:\/\/radioljubuski.ba\/wp-content\/uploads\/2021\/05\/kosarica.jpg","datePublished":"2022-06-26T11:14:48+00:00","dateModified":"2022-06-26T11:14:49+00:00","breadcrumb":{"@id":"https:\/\/radioljubuski.ba\/index.php\/2022\/06\/26\/zena-se-vratila-iz-trgovine-pa-vidjela-racun-osjecam-se-prevareno-ovo-nije-normalno\/#breadcrumb"},"inLanguage":"hr","potentialAction":[{"@type":"ReadAction","target":["https:\/\/radioljubuski.ba\/index.php\/2022\/06\/26\/zena-se-vratila-iz-trgovine-pa-vidjela-racun-osjecam-se-prevareno-ovo-nije-normalno\/"]}]},{"@type":"ImageObject","inLanguage":"hr","@id":"https:\/\/radioljubuski.ba\/index.php\/2022\/06\/26\/zena-se-vratila-iz-trgovine-pa-vidjela-racun-osjecam-se-prevareno-ovo-nije-normalno\/#primaryimage","url":"https:\/\/radioljubuski.ba\/wp-content\/uploads\/2021\/05\/kosarica.jpg","contentUrl":"https:\/\/radioljubuski.ba\/wp-content\/uploads\/2021\/05\/kosarica.jpg","width":1000,"height":625},{"@type":"BreadcrumbList","@id":"https:\/\/radioljubuski.ba\/index.php\/2022\/06\/26\/zena-se-vratila-iz-trgovine-pa-vidjela-racun-osjecam-se-prevareno-ovo-nije-normalno\/#breadcrumb","itemListElement":[{"@type":"ListItem","position":1,"name":"Po\u010detna stranica","item":"https:\/\/radioljubuski.ba\/"},{"@type":"ListItem","position":2,"name":"\u017dena se vratila iz trgovine pa vidjela ra\u010dun: Osje\u0107am se prevareno. Ovo nije normalno!"}]},{"@type":"WebSite","@id":"https:\/\/radioljubuski.ba\/#website","url":"https:\/\/radioljubuski.ba\/","name":"Radio Ljubu\u0161ki","description":"Sun\u010dana frekvencija Hercegovine","publisher":{"@id":"https:\/\/radioljubuski.ba\/#organization"},"potentialAction":[{"@type":"SearchAction","target":{"@type":"EntryPoint","urlTemplate":"https:\/\/radioljubuski.ba\/?s={search_term_string}"},"query-input":{"@type":"PropertyValueSpecification","valueRequired":true,"valueName":"search_term_string"}}],"inLanguage":"hr"},{"@type":"Organization","@id":"https:\/\/radioljubuski.ba\/#organization","name":"Radio Ljubu\u0161ki","url":"https:\/\/radioljubuski.ba\/","logo":{"@type":"ImageObject","inLanguage":"hr","@id":"https:\/\/radioljubuski.ba\/#\/schema\/logo\/image\/","url":"https:\/\/radioljubuski.ba\/wp-content\/uploads\/2021\/02\/cropped-Radio_Ljubuski_logo1.jpg","contentUrl":"https:\/\/radioljubuski.ba\/wp-content\/uploads\/2021\/02\/cropped-Radio_Ljubuski_logo1.jpg","width":512,"height":512,"caption":"Radio Ljubu\u0161ki"},"image":{"@id":"https:\/\/radioljubuski.ba\/#\/schema\/logo\/image\/"},"sameAs":["https:\/\/www.facebook.com\/Radiio-Ljubuski-1490835324566332","https:\/\/x.com\/radioljubuski","https:\/\/hr.linkedin.com\/company\/radio-ljubuski","https:\/\/www.youtube.com\/channel\/UCHYaeO_n0Db3tjNGudGpXyw"]},{"@type":"Person","@id":"https:\/\/radioljubuski.ba\/#\/schema\/person\/19fc700381a780f69665d7956c469e3b","name":"Radio Ljubu\u0161ki"}]}},"_links":{"self":[{"href":"https:\/\/radioljubuski.ba\/index.php\/wp-json\/wp\/v2\/posts\/153563","targetHints":{"allow":["GET"]}}],"collection":[{"href":"https:\/\/radioljubuski.ba\/index.php\/wp-json\/wp\/v2\/posts"}],"about":[{"href":"https:\/\/radioljubuski.ba\/index.php\/wp-json\/wp\/v2\/types\/post"}],"author":[{"embeddable":true,"href":"https:\/\/radioljubuski.ba\/index.php\/wp-json\/wp\/v2\/users\/2"}],"replies":[{"embeddable":true,"href":"https:\/\/radioljubuski.ba\/index.php\/wp-json\/wp\/v2\/comments?post=153563"}],"version-history":[{"count":1,"href":"https:\/\/radioljubuski.ba\/index.php\/wp-json\/wp\/v2\/posts\/153563\/revisions"}],"predecessor-version":[{"id":153564,"href":"https:\/\/radioljubuski.ba\/index.php\/wp-json\/wp\/v2\/posts\/153563\/revisions\/153564"}],"wp:featuredmedia":[{"embeddable":true,"href":"https:\/\/radioljubuski.ba\/index.php\/wp-json\/wp\/v2\/media\/19568"}],"wp:attachment":[{"href":"https:\/\/radioljubuski.ba\/index.php\/wp-json\/wp\/v2\/media?parent=153563"}],"wp:term":[{"taxonomy":"category","embeddable":true,"href":"https:\/\/radioljubuski.ba\/index.php\/wp-json\/wp\/v2\/categories?post=153563"},{"taxonomy":"post_tag","embeddable":true,"href":"https:\/\/radioljubuski.ba\/index.php\/wp-json\/wp\/v2\/tags?post=153563"}],"curies":[{"name":"wp","href":"https:\/\/api.w.org\/{rel}","templated":true}]}}