{"id":153575,"date":"2022-06-26T12:20:20","date_gmt":"2022-06-26T11:20:20","guid":{"rendered":"https:\/\/radioljubuski.ba\/?p=153575"},"modified":"2022-06-26T12:20:21","modified_gmt":"2022-06-26T11:20:21","slug":"premijer-novalic-struju-i-hranu-mozemo-proizvesti-plin-i-gorivo-uskladistiti-vlada-ima-mehanizme-da-zastiti-gradane","status":"publish","type":"post","link":"https:\/\/radioljubuski.ba\/index.php\/2022\/06\/26\/premijer-novalic-struju-i-hranu-mozemo-proizvesti-plin-i-gorivo-uskladistiti-vlada-ima-mehanizme-da-zastiti-gradane\/","title":{"rendered":"Premijer Novali\u0107: Struju i hranu mo\u017eemo proizvesti, plin i gorivo uskladi\u0161titi, Vlada ima mehanizme da za\u0161titi gra\u0111ane"},"content":{"rendered":"\n<p>Premijer Federacije BiH Fadil Novali\u0107 u intervjuu za Fenu govorio je o socijalnim i ekonomskim kretanjima koja su uvjetovana globalnim poreme\u0107ajima, mjerama koje Vlada poduzima da se ubla\u017ee posljedice tih poreme\u0107aja, kao i o ukupnom radu Federalne vlade.<\/p>\n\n\n\n<p>&nbsp;Poskupljenja su ve\u0107 mjesecima problem koji najvi\u0161e optere\u0107uje gra\u0111ane i svi se pitaju dokle \u0107e ovi udari na njihove d\u017eepove trajati. Imate li Vi prognoze do kada \u0107e cijene nastaviti rasti?<\/p>\n\n\n\n<p>Novali\u0107: Te\u0161ko je bilo \u0161to prognozirati. Inflacija je trenutno najve\u0107i ekonomski izazov svugdje u svijetu. Nakon protekle dvije pandemijske godine, u ovoj godini suo\u010dili smo se s jednom od najve\u0107ih ekonomskih kriza. Jedan od najve\u0107ih prioriteta nam je ubla\u017eavanje njenih posljedica.<\/p>\n\n\n\n<p>Da bi bilo jasnije odakle dolaze ova poskupljenja treba sagledati cijelu situaciju kako nastaje taj lanac cijena.<\/p>\n\n\n\n<p>Va\u017eno je da ljudi razumiju da Rusija i Ukrajina zajedno \u010dine \u010detvrtinu svjetskog izvoza p\u0161enice i je\u010dma, te 15 posto svjetskog izvoza kukuruza. Dakle petina stanovni\u0161tva na\u0161e planete konzumira p\u0161enicu iz Rusije i Ukrajine.<\/p>\n\n\n\n<p>Jasno je da i najmanji poreme\u0107aj na tr\u017ei\u0161tu u ovim dr\u017eavama, a pogotovo rat u Ukrajini, neminovno dovodi do problema u snabdijevanju, pa tako i do rasta cijena.<\/p>\n\n\n\n<p>Uz to, nedavno sam \u010ditao jedan izvje\u0161taj Svjetske banke gdje se isti\u010de da prirodni plin predstavlja 70 do 80 posto ukupnog u\u010de\u0161\u0107a u proizvodnji amonijaka. Amonijak je klju\u010dan u proizvodnji \u0111ubriva. A jedni od najve\u0107ih proizvo\u0111a\u010da i izvoznika \u0111ubriva na svijetu su Rusija i Bjelorusija.<\/p>\n\n\n\n<p>Svi znamo da su u poljoprivrednoj proizvodnji dva najve\u0107a tro\u0161ka \u0111ubrivo i obrada zemlje za koju je potrebna nafta. Dakle, i u obradi zemlje klju\u010dna je energija, nafta i plin, koji su poskupjeli iz o\u010diglednih globalnih razloga, a posljedi\u010dno je poskupjela i hrana.<\/p>\n\n\n\n<p>Umjesto da se bavimo prognozama, mi u Vladi Federacije odlu\u010dili smo se fokusirati na izradu planova i sprovo\u0111enje konkretnih poteza i mjera koje imaju za cilj da u jednom dijelu pomognu gra\u0111anima, pogotovo osjetljivim grupama.<\/p>\n\n\n\n<p>Kona\u010dno, svjedoci smo da ameri\u010dka i europska centralna banka podi\u017eu kamatne stope, \u0161to je va\u017ean korak u borbi protiv inflacije, premda \u0107e kao rezultat toga vjerojatno do\u0107i do usporavanja globalne ekonomije, \u0161to je na\u017ealost cijena koju \u0107e biti potrebno platiti radi dugoro\u010dnog oporavka.<\/p>\n\n\n\n<p>\u0160to Vlada Federacije radi i \u0161to dodatno planira uraditi da pomogne gra\u0111anima u ubla\u017eavanju tih posljedica?<\/p>\n\n\n\n<p>Novali\u0107: Prije par dana sam predlo\u017eio i Vlada je prihvatila moju inicijativu da izradimo program pomo\u0107i kategorijama stanovni\u0161tva koje su posebno pogo\u0111ene inflacijom. Program \u0107emo provoditi kao dodatne intervencije uz mjere koje ve\u0107 daju rezultate a kako bi i dodatno ubla\u017eili negativne posljedice po kupovnu mo\u0107 i \u017eivotni standard gra\u0111ana Federacije, posebno onih ni\u017eeg materijalnog statusa.&nbsp;<\/p>\n\n\n\n<p>Kada je na\u0161a dr\u017eava u pitanju, jedan od izazova je i \u0161to BiH ne spada u zemlje koje se protiv negativnih ekonomskih posljedica mogu boriti svojom monetarnom politikom. Da bi vam bilo jasnije \u0161to zna\u010di ta mogu\u0107nost pomenut \u0107u samo primjer da je tijekom pandemije u Americi u promet pu\u0161teno 13 tisu\u0107a milijardi dolara novog novca. Dakle, samo papirni novac u cirkulaciji u Americi se pove\u0107ao za tre\u0107inu. Ne\u0161to sli\u010dno se desilo i sa Europskom unijom i kada imate previ\u0161e novca koji prati ograni\u010denu koli\u010dinu roba i usluga, onda neminovno imate inflaciju. To su eksterni faktori na koje nemamo utjecaja.<\/p>\n\n\n\n<p>Naravno da gra\u0111ani tra\u017ee i moraju dobiti adekvatan odgovor vlasti na ove te\u0161ke izazove, ali vlade entiteta su limitirane i nemaju nadle\u017enosti za, primjerice, dono\u0161enje odluka kakve je donijela Republika Hrvatska. Za gra\u0111ane mnogo toga zavisi od odluka s nivoa dr\u017eave, gdje se odlu\u010duje o eventualnim promjenama PDV-a i ukidanjima akciza.<\/p>\n\n\n\n<p>Sve \u0161to donese Parlamentarna skup\u0161tina Bosne i Hercegovine mi \u0107emo primijeniti. Mislim da bi bilo svrsishodno da se na dr\u017eavnom nivou donesu odluke o privremenom smanjenju PDV-a na neke od osnovnih \u017eivotnih namirnica i lijekova. Isto tako podr\u017eavam svako rastere\u0107enje i ubla\u017eavanje udara na bud\u017eete na\u0161ih gra\u0111ana kada su u pitanju cijene goriva, ali o tome se odlu\u010duje na nivou BiH.<\/p>\n\n\n\n<p>Svjesni da je najve\u0107i teret i odgovornost na fiskalnoj politici, mi u Vladi Federacije poduzeli smo niz mjera koje jesu u na\u0161oj mo\u0107i i zato smo ovogodi\u0161nji bud\u017eet od 5,6 milijardi KM koji je najve\u0107i u povijesti Federacije, usmjerili najvi\u0161e za pomo\u0107 gra\u0111anima.<\/p>\n\n\n\n<p>Mi i dalje ograni\u010davamo mar\u017ee za osnovne \u017eivotne namirnice, naftu i naftne derivate. Na\u0161a Federalna uprava inspekcija danono\u0107no kontrolira provo\u0111enje tih Vladinih odluka kako bi se sprije\u010dilo ekstraprofiterstvo. Od po\u010detka ove godine do sredine lipnja inspektori su u FBiH izdali vi\u0161e od hiljadu prekr\u0161ajnih naloga sa ukupnom kaznom od skoro millijuna maraka.<\/p>\n\n\n\n<p>Usvojili smo rekordan bud\u017eet za poljoprivredu od 106 milijuna KM. Podijelili smo na\u0161im poljoprivrednicima putem robnih rezervi 1,4 milijuna litara besplatnog goriva u vrijednosti od 5 milijuna KM, kako bismo pove\u0107ali doma\u0107u proizvodnju i postali \u0161to nezavisniji. &nbsp;O\u010dekujemo da \u0107e pozitivni efekt ove mjere biti ni\u017ea otkupna cijena p\u0161enice.<\/p>\n\n\n\n<p>U na\u0161im skladi\u0161tima imamo \u017eitarica u skladu sa europskim potrebama i sigurno je da tri mjeseca mo\u017eemo hraniti kompletno stanovni\u0161tvo Federacije BiH sa \u017eitnim i derivatima \u017eita.<\/p>\n\n\n\n<p>Na na\u0161u inicijativu je Vije\u0107e ministara zabranilo izvoz peleta i ogrjevnog drveta. Ni tu nismo stali. Na\u0161e inspekcije \u0161aljemo na teren da provjeravaju kakvo je stanje zaliha i kako trgovci i proizvo\u0111a\u010di formiraju cijene ogrjevnog drveta, peleta, briketa. O\u010dekujemo uskoro prve izvje\u0161taje kako bismo i na tom polju za\u0161titili dodatno gra\u0111ane od neopravdanih poskupljenja i sprije\u010dili eventualna ekstra profiterstva.<\/p>\n\n\n\n<p>U prehrambenoj industriji zavisimo od nekoliko klju\u010dnih proizvoda: mlije\u010dnih, p\u0161enice, uljarica, odnosno onih za uzgoj ulja, te kukuruza za uzgoj stoke i proizvodnju mesa.<\/p>\n\n\n\n<p>Mi ve\u0107 dajemo zna\u010dajne poticaje za mlijeko i zahvaljuju\u0107i tome proizvodimo sasvim dovoljne koli\u010dine za potrebe na\u0161eg stanovni\u0161tva, ali i za izvoz. Imamo balans izme\u0111u izvoza i uvoza mlijeka. To nam daje za pravo da isto mo\u017eemo uraditi sa p\u0161enicom i sa uljaricama. Sve mo\u017eemo proizvesti za svoje potrebe i slu\u010daj mlijeka nam to potvr\u0111uje.<\/p>\n\n\n\n<p>Cijene plina, posebno goriva enormno i gotovo svakodnevno ska\u010du, strahuje se i od poskupljenja struje, kako rje\u0161avate problem energenata?<\/p>\n\n\n\n<p>Novali\u0107: Dok s jedne strane ne mo\u017eemo uticati na cijene nafte i plina, imamo barem sre\u0107u, za razliku od mnogih drugih zemalja, da mo\u017eemo uticati na cijene struje. Kao \u0161to znate, ona nije, niti \u0107e poskupjeti u ovoj godini. To sam obe\u0107ao i to \u0107e tako ostati. Istovremeno, Federacija subvencionira ra\u010dune za oko 80.000 socijalno ugro\u017eenih korisnika.<\/p>\n\n\n\n<p>Na\u0161u energetsku nezavisnost vodimo putem odr\u017eavanja proizvodnje vlastite struje, jer nju proizvodimo. Zato smo izme\u0111u ostaloga podr\u017eali i nastavak rada blokova 4 i 5 termoelektrana Tuzla i Kakanj. Tako osiguravamo da Federacija ne bude prisiljena uvoziti elektri\u010dnu energiju koja je vi\u0161estruko skuplja u zemljama Europske unije.&nbsp;<\/p>\n\n\n\n<p>Vrlo brzo \u0107e na dnevnom redu Vlade Federacije BiH biti razmatran i Prijedlog zakona o obnovljivim izvorima energije koji smo pripremili u suradnji s na\u0161im partnerima iz me\u0111unarodne zajednice.&nbsp;<\/p>\n\n\n\n<p>\u0160to se ti\u010de plina i goriva, skladi\u0161ta su nam trenutno jedino rje\u0161enje za ubla\u017eavanje \u0161okova koji se pojavljuju na tr\u017ei\u0161tu. Radimo intenzivno na provo\u0111enju nekoliko rje\u0161enja.<\/p>\n\n\n\n<p>Na\u0161e rezerve pove\u0107avamo u Bla\u017euju, gdje je ve\u0107 zapo\u010dela rekonstrukcija naftnih terminala, kapaciteta 42 milijuna litara. Pozvali smo BH Gas da u Kladnju \u0161to prije projektira skladi\u0161te plina. Tako\u0111er, razgovarao sam sa direktorom Terminala u Plo\u010dama i tra\u017eimo najbr\u017ei put koji \u0107emo prije\u0107i kako bismo u tamo\u0161njim terminalima izgradili skladi\u0161te za ukapljeni plin. Radimo i na novim kapacitetima u Biha\u0107u i Mostaru. Na\u0161e procjene su da \u0107emo tako osigurati \u010detvrtinu zaliha plina i goriva.<\/p>\n\n\n\n<p>O\u010dekujem da uskoro budemo u mogu\u0107nosti po\u010deti i s projektom Ju\u017ene interkonekcije koji je alternativa da ne budemo ovisni samo o ruskom plinu. Siguran sam da \u0107e potrebne procedure u Domu naroda vrlo brzo biti zavr\u0161ene da bismo pristupili procesu projektiranja.<\/p>\n\n\n\n<p>Kakvo je trenutno stanje s rezervama osnovnih \u017eivotnih namirnica?<\/p>\n\n\n\n<p>Novali\u0107: Vlada ima mehanizme za\u0161tite i dovoljno robnih rezervi. U njima je trenutno dostupnih roba u vrijednosti od 30 milijuna KM. S dva milijuna KM bud\u017eet Direkcije robnih rezervi FBiH ove godine smo pove\u0107ali za deset puta, odnosno na 20 milijuna.<\/p>\n\n\n\n<p>Ve\u0107 sam spomenuo rekordna ulaganja u poljoprivredu, nastavak ograni\u010davanja mar\u017ei za osnovne namirnice i gorivo. Osim toga, mi iz ovogodi\u0161njeg bud\u017eeta pru\u017eamo do sada najve\u0107u financijsku podr\u0161ku socijalno ugro\u017eenim kategorijama. Razmi\u0161ljamo i o socijalnim paketima za njih, a planiramo i nove intervencije putem na\u0161e Direkcije za robne rezerve kada su u pitanju cijene bra\u0161na.<\/p>\n\n\n\n<p>Predano radimo na tome da odr\u017eimo kupovnu mo\u0107 na\u0161ih gra\u0111ana slabijeg imovnog stanja, od pove\u0107anja mirovinai bora\u010dkih naknada, uvo\u0111enja dje\u010djeg dodatka, primanja za roditelje njegovatelje koji moraju 24 sata dnevno da brinu o svojoj djeci, do podr\u0161ki zapo\u0161ljavanjima i mladim ljudima.<\/p>\n\n\n\n<p>Kada spominjete osobe slabijeg imovnog stanja, mnogi s kritikama komentiraju Va\u0161e izjave da ste protiv subvencioniranja odre\u0111enih proizvoda i da, kako se citira u javnosti, \u201cne treba pomagati bogatima\u201d. Je li to to\u010dna interpretacija?<\/p>\n\n\n\n<p>Novali\u0107: Nije to\u010dna i navikao sam ve\u0107 na to da se moje izjave pogre\u0161no i izvankontekstualno interpretiraju, ali sve je to u roku slu\u017ebe. Moj stav je da ne mo\u017eemo subvencije davati svima.<\/p>\n\n\n\n<p>Kada sam o tom govorio, rekao sam da se javni novac ne mo\u017ee tro\u0161iti da bi se smanjila cijena proizvoda koji potom mogu da kupe po ni\u017eoj cijeni i bogati i siroma\u0161ni. Jer, \u0161to ste postigli ukoliko koristite poreske prihode da i onima dobrog imovnog stanja olak\u0161ate kupovinu kruha i goriva? To onda nije pravedno dru\u0161tvo.<\/p>\n\n\n\n<p>Ja sam, s druge strane, vi\u0161e za to da se iskoriste porezni prihodi da bi direktnim transferima dali novac onima kojima je on najvi\u0161e potreban. Dakle, kroz modele intervencije prema najugro\u017eenijim. To je ekonomski efikasniji i pravedniji na\u010din.&nbsp;<\/p>\n\n\n\n<p>&nbsp;\u0160to \u010dinite da biste sprije\u010dili pad gospodarstva u Federaciji?<\/p>\n\n\n\n<p>Novali\u0107: U\u010dinilo smo ve\u0107 mnogo, a trenutno analiziramo stanje i mogu\u0107nosti dono\u0161enja dodatnih mjera. Svjesni smo da ja\u010danje potro\u0161nje ne ide u korist usporavanju inflacije, ali to je nekonvencionalni instrument o\u010duvanja \u017eivotnog standarda. Treba znati da smo mi za dugoro\u010dni razvoj na\u0161e ekonomije, u ovogodi\u0161njem federalnom bud\u017eetu izdvojili zna\u010dajna sredstva od 229 milijuna KM za izgradnju putne infrastrukture.<\/p>\n\n\n\n<p>Da bi sprije\u010dili pad na\u0161e privrede mi zbog toga ula\u017eemo toliko u infrastrukturu, jer ona ima najve\u0107i multiplikativni efekt. U kontinuitetu razvijamo programe i zakonska rje\u0161enja koja imaju za cilj ja\u010danje na\u0161e privrede. Sjetite se samo nov\u010dane podr\u0161ke tokom pandemije, a po\u010detkom ove godine isplatili smo 60 milijuna KM kao podr\u0161ku skoro 25.000 obrtnika. U aprilu smo izdvojili 45 milijuna za program zapo\u0161ljavanja te 16 milijuna za startupe.<\/p>\n\n\n\n<p>\u0160to smatrate dosada\u0161njim najboljim rezultatima ove Vlade Federacije?<\/p>\n\n\n\n<p>Novali\u0107: Na\u0161e vo\u0111enje javnih financija je doma\u0107insko. Posebno veliki rezultat smo postigli na dosada\u0161nja \u010detiri polja reforme: radnom, bora\u010dkom, mirovinskom i socijalnom. Ponosan sam na programe i projekte koji su od \u017eivotne va\u017enosti za na\u0161e penzionere, borce, porodice s djecom, roditelje njegovatelje, pronatalitetnu politiku.<\/p>\n\n\n\n<p>Iako smo imali dvije godine pandemije, poreski prihodi su rasli i danas smo bogatiji za vi\u0161e od 7 milijardi KM. Na po\u010detku na\u0161eg mandata 2015. godine, BDP je bio 17,83 milijarde, a sada prelazi 25 milijardi KM. Izvoz je godi\u0161nje u vrijeme biv\u0161e Vlade rastao 250 milijuna KM \u2013 a na\u0161 izvoz u prosjeku je 500 milijuna KM godi\u0161nje. Dakle, duplo.<\/p>\n\n\n\n<p>Za Federaciju je 2021. bila najuspje\u0161nija kada su u pitanju bruto doma\u0107i proizvod, izvoz i javni prihodi. Navest \u0107u jo\u0161 samo nekoliko primjera.<\/p>\n\n\n\n<p>Kada smo do\u0161li, kasnile su mirovine, kasnili su poticaji za poljoprivredu, postojali su ogromni dugovi za Autoceste. Sve smo to uspjeli sanirati, vratiti i ustabiliti isplate i investicije.<\/p>\n\n\n\n<p>Otkako je po\u010deo na\u0161 mandat 2015. pa do pro\u0161le godine iz bud\u017eeta FBiH za poticaje u poljoprivredi izdvojeno je ukupno 531,5 milijuna KM.<\/p>\n\n\n\n<p>U periodu 2015- 2019. iznos investicija Javnog poduze\u0107a Ceste FBiH iznosio je 145,5 milijuna KM, a za 2020. i 2021. predvi\u0111en je iznos od 483 milijuna KM investicija. U periodu 2015-2022. vrijednost izgra\u0111enih puteva, objekata, dionica autoputeva, koji su JP Autoceste FBiH pove\u0107ana je za 1,416 milijardi KM ili 85 posto.<\/p>\n\n\n\n<p>Dodatno i ove godine smo iz federalnog bud\u017eeta izdvojili 239 milijuna KM za kantone, op\u0107ine i gradove. To \u010dinimo ve\u0107 tre\u0107u godinu zaredom.<\/p>\n\n\n\n<p>Federacija je tijekom pandemije ponijela najvi\u0161i teret, \u0161to je o\u010dekivano jer smo najja\u010di. Privredi FBiH i ni\u017eim nivoima vlasti iz bud\u017eeta Federacije kroz zakone i uredbe transferirano je ukupno 826,5 milijuna KM. Sa ovih 239 milijuna ove godine, to je za trogodi\u0161nji period iznos ve\u0107i od milijardu.<\/p>\n\n\n\n<p>Kao dodatni vid asistencije privredi Razvojnoj banci FBiH, u svrhu uspostavljanja garantnog fonda kreditnog potencijala od milijardu KM, Vlada FBiH je transferirala 100 milijuna KM.<\/p>\n\n\n\n<p>Sretan sam da su na\u0161i napori u pandemiji prepoznati i pohvaljeni \u010dak i u posljednjem izvje\u0161taju Organizacije za ekonomsku suradnju i razvoj (OECD), gdje je navedeno da su sve mjere koje smo poduzimali bile u potpunosti uskla\u0111ene s mjerama koje su poduzimale zemlje \u010dlanice G20.<\/p>\n\n\n\n<p>Na stabilizaciji radimo i dalje, konstantno, osiguravaju\u0107i direktne podr\u0161ke gra\u0111anima iz bud\u017eeta, pove\u0107anje plata, penzija, naknada bora\u010dkim i socijalnim kategorijama. Istina je da poreski prihodi rastu. To ujedno zna\u010di da se na\u0161a ekonomija oporavlja i raste. \u010cinimo sve da taj novac vratimo privredi i gra\u0111anima.<\/p>\n\n\n\n<p>Kako se taj novac dijeli gra\u0111anima?<\/p>\n\n\n\n<p>Novali\u0107: Pore\u0111enja radi, kada se govori o vi\u0161ku javnih prihoda i percepciji da dr\u017eava samo ubire poreze, a da se ne zna gdje oni idu, prihodi od indirektnih poreza su na nivou Bosne i Hercegovine u prvih pet mjeseci porasli za 740 milijuna KM.<\/p>\n\n\n\n<p>Federaciji BiH, dakle na\u0161oj centralnoj vladi bez \u017eupanija i op\u0107ina, od tog iznosa je pripala sedmina, ili ne\u0161to vi\u0161e od 100 milijuna. Upravo toliko \u0107emo, naprimjer, iz federalnog bud\u017eeta davati godi\u0161nje za dje\u010dji dodatak. To je na\u010din na koji mi gra\u0111anima vra\u0107amo novac, posebno onima kojima je najvi\u0161e potreban.<\/p>\n\n\n\n<p>Na\u0161e osnovno opredjeljenje je da svi na\u0161i gra\u0111ani moraju imati jednaka prava bez obzira u kojem kantonu \u017eive. Uve\u0107ali smo braniteljske naknade za \u0161to od ove godine izdvajamo dodatnih 50 milijuna KM godi\u0161nje. Uduplali smo bud\u017eet za na\u0161e poljoprivrednike. Uduplali smo podr\u0161ku povratnicima.<\/p>\n\n\n\n<p>Kroz novi zakon o materijalnoj podr\u0161ci obiteljima s djecom, slabijeg imovinskog stanja, uvodimo dje\u010dji dodatak od 103 KM mjese\u010dno do 18. godine, \u0161to je tri puta vi\u0161e od dosada\u0161njeg prosjeka.<\/p>\n\n\n\n<p>Ujedna\u010dili smo prava sve djece, jer smo prepoznali diskriminaciju s obzirom na to da nisu sve \u017eupanije ispla\u0107ivali ovu naknadu.&nbsp;<\/p>\n\n\n\n<p>Donijeli smo Zakon o roditeljima njegovateljima. Iako je, na\u017ealost, bilo odre\u0111enih ka\u0161njenja u po\u010detku njegove provedbe, sretni smo da su kona\u010dno po\u010dela da se izdaju prva rje\u0161enja za roditelje koji moraju isklju\u010divo da brinu o svojoj djeci.<\/p>\n\n\n\n<p>Sretan sam zbog tih majki i o\u010deva koji \u0107e mo\u0107i da njeguju svoje \u010dlanove obitelji s invaliditetom, a da \u0107e pri tome imati mjese\u010dne naknade i pravo na doprinose za PIO i zdravstveno osiguranje.<\/p>\n\n\n\n<p>Isto je i sa Zakonom o biomedicinski potpomognutoj oplodnji gdje parovi nisu imali jednaka prava jer su kantoni to razli\u010dito ure\u0111ivali. Sada \u0107e svi parovi u FBiH pod jednakim uvjetima imati pravo na lije\u010denje BMPO-om na teret bud\u017eeta Federacije. Za te mjere pronatalitetne politike \u0107emo izdvajati 10 milijuna maraka godi\u0161nje. Dakle, vi\u0161e od 200 milijuna KM u godini dajemo samo za socijalno pravedne i programe zapo\u0161ljavanja kojima ubla\u017eavamo posljedice poskupljenja.Tako\u0111er, uredili smo naknade za porodilje, koje su se ispla\u0107ivale razli\u010dito od\u017eupanije do \u0111upanije ili se nisu nikako ispla\u0107ivale. \u017dupanijama smo dakle oslobodili sredstva da mogu pove\u0107ati naknade porodiljama.<\/p>\n\n\n\n<p>&nbsp;\u0160to je s umirovljenicima?<\/p>\n\n\n\n<p>Novali\u0107: Kada smo 2015. godine do\u0161li zatekli smo dugovanja u Fondu tolika da su isplate penzija zna\u010dajno kasnile. Danas je sve druga\u010dije. U okviru na\u0161e reformske agende mi smo, me\u0111u ostalim, napravili ve\u0107 ogromne pomake tako \u0161to smo reformirali Zakon o radu i Zakon o PIO. Novi Zakon o PIO kojeg su penzioneri \u010dekali 20 godina kona\u010dno je postavio pravedan bodovni sistem. Zahvaljuju\u0107i stanju na\u0161e ekonomije i Zakonu o PIO-u, u maju su ispla\u0107ene uve\u0107ane penzije, a na to dolazi sad u lipnju i naredno pove\u0107anje, \u0161to \u0107e ukupno biti 11 posto za ovu godinu. Naprimjer, penzioner koji je po\u010detkom ove godine primao prosje\u010dnu samostalnu mirovinu \u0107e od lipnja ove godine primate za 54 KM ve\u0107u. Razmi\u0161ljamo i o dodatnim mjerama kako da u ovoj godini jo\u0161 vi\u0161e pomognemo umirovljenicima.<\/p>\n\n\n\n<p>A \u0161to \u010dinite za mlade?<\/p>\n\n\n\n<p>Novali\u0107: Za mlade se iz federalnog bud\u017eeta kanali\u0161e novac iz vi\u0161e izvora. Radimo to putem vi\u0161e ministarstava, programa i projekata. \u017dao mi je \u0161to nemamo ministarstvo za mlade da to radimo sve na jednom mjestu. Mladi iz federalnog bud\u017eeta konzumiraju najvi\u0161e novac iz resora sporta, kulture, obrazovanja. Ove godine pove\u0107ali smo bud\u017eete federalnih ministarstava kulture i sporta te obrazovanja i nauke za ne\u0161to vi\u0161e od 10 milijuna KM. Oni u ovoj godini zajedno iznose oko 28 milijuna KM. Trenutno, putem Ministarstva financija izdvajamo 15 milijuna KM iz federalnog bud\u017eeta, a jo\u0161 15 milijuna osigurava Union banka za povoljne stambene kredite mladima. To je 30 milijuna KM za stanove za mlade koji od 10. lipnja ove godine mogu aplicirati za ove stambene kredite, a koje ve\u0107 petu godinu zaredom subvencionira Vlada Federacije. Za mlade je namijenjen svakako i Zakon o biomedicinski potpomognutoj oplodnji za koji \u0107e se izdvajati 10 milijuna KM godi\u0161nje. Od 61 milijun KM za dva programa pomo\u0107i pri zapo\u0161ljavanju i samozapo\u0161ljavanju koje dajemo tokom ove godine kompanijama sufinanciramo zapo\u0161ljavanje novih radnika u iznosu od 45 milijuna, a za samozapo\u0161ljavanje smo osigurali 16 milijuna.<\/p>\n\n\n\n<p>Kakva je sudbina dono\u0161enja fiskalnih zakona?<\/p>\n\n\n\n<p>Novali\u0107: Nadam se da \u0107e ih Federalni parlament uskoro kona\u010dno usvojiti, jer na\u0161 plan ekonomskih reformi na dono\u0161enju zakona o porezu na dohodak i doprinosima usko je vezan uz opredjeljenje Vlade Federacije za izgradnju socijalno pravednog dru\u0161tva. Kroz inkluzivan proces sa socijalnim partnerima, sindikatima, poslodavcima, stru\u010dnjacima, dogovaramo zakon o minimalnom primanju. \u017delimo porast minimalnih plata, ali da obaveze ne budu ve\u0107e, nego da se uz dogovor sa socijalnim partnerima pove\u0107a pla\u010da, a obaveze ostanu iste. Ekonomisti razumiju potrebu rastere\u0107enja tro\u0161kova plata i stvaranja prostora za njihovo pove\u0107anje. To je svugdje u svijetu trend i mi \u0107emo morati to pratiti.<\/p>\n\n\n\n<p>Meni bi najlak\u0161e bilo re\u0107i &#8211; hajde da neoporezivi dio plate bude 1.500 KM, a ne 800 KM. Kada je u pitanju neoporezivi dio plate, va\u017eno je razumjeti i da se ovdje radi o porezu na dohodak koji predstavlja isklju\u010divi prihod kantona i lokalnih zajednica i da nivo Federacije nema ni\u0161ta od toga.<\/p>\n\n\n\n<p>Podsjetit \u0107u da na\u0161 prijedlog zakona o porezu na dohodak predvi\u0111a da \u0107e vi\u0161e od 90 posto radnika u Federaciji BiH pla\u0107ati manji porez. Na primanja do 800 KM se ne\u0107e napla\u0107ivati porez i najmanje polovina radnika u Federaciji BiH ne\u0107e pla\u0107ati ni\u0161ta poreza na dohodak.<\/p>\n\n\n\n<p>Predlo\u017eeni novi zakon o doprinosima sni\u017eava bruto optere\u0107enje na platu s 41,5 na 32,5 posto i stvara pretpostavke za rast plata u privatnom sektoru. Novi doprinosi rastere\u0107uju privredu i donose ve\u0107e mirovine, a \u0161to je svakako jedan od na\u0161ih narednih ciljeva kako bismo nakon sada\u0161njeg pove\u0107anja od 11 posto i\u0161li i na dodatna, a kako bismo na\u0161im penzionerima \u0161to vi\u0161e omogu\u0107ili da lak\u0161e podnesu posljedice poskupljenja. Procijenili smo i da \u0107e godi\u0161nje rastere\u0107enje privrede biti oko 400 milijuna maraka, \u0161to \u0107e stvoriti prostor za nove investicije, radna mjesta i realni rast plata, a \u0161to jeste su\u0161tina i namjera dono\u0161enja ovih novih zakona.<\/p>\n\n\n\n<p>Izvor:pogled.ba<\/p>\n","protected":false},"excerpt":{"rendered":"<p>Premijer Federacije BiH Fadil Novali\u0107 u intervjuu za Fenu govorio je o socijalnim i ekonomskim kretanjima koja su uvjetovana globalnim poreme\u0107ajima, mjerama koje Vlada poduzima da se ubla\u017ee posljedice tih poreme\u0107aja, kao i o ukupnom radu Federalne vlade. &nbsp;Poskupljenja su ve\u0107 mjesecima problem koji najvi\u0161e optere\u0107uje gra\u0111ane i svi se pitaju dokle \u0107e ovi udari [&hellip;]<\/p>\n","protected":false},"author":2,"featured_media":4403,"comment_status":"closed","ping_status":"closed","sticky":false,"template":"","format":"standard","meta":{"h5ap_radio_sources":[],"footnotes":""},"categories":[1],"tags":[],"class_list":["post-153575","post","type-post","status-publish","format-standard","has-post-thumbnail","hentry","category-bihiregija"],"yoast_head":"<!-- This site is optimized with the Yoast SEO plugin v27.5 - https:\/\/yoast.com\/product\/yoast-seo-wordpress\/ -->\n<title>Premijer Novali\u0107: Struju i hranu mo\u017eemo proizvesti, plin i gorivo uskladi\u0161titi, Vlada ima mehanizme da za\u0161titi gra\u0111ane - RADIO LJUBU\u0160KI<\/title>\n<meta name=\"robots\" content=\"index, follow, max-snippet:-1, max-image-preview:large, max-video-preview:-1\" \/>\n<link rel=\"canonical\" href=\"https:\/\/radioljubuski.ba\/index.php\/2022\/06\/26\/premijer-novalic-struju-i-hranu-mozemo-proizvesti-plin-i-gorivo-uskladistiti-vlada-ima-mehanizme-da-zastiti-gradane\/\" \/>\n<meta property=\"og:locale\" content=\"hr_HR\" \/>\n<meta property=\"og:type\" content=\"article\" \/>\n<meta property=\"og:title\" content=\"Premijer Novali\u0107: Struju i hranu mo\u017eemo proizvesti, plin i gorivo uskladi\u0161titi, Vlada ima mehanizme da za\u0161titi gra\u0111ane - RADIO LJUBU\u0160KI\" \/>\n<meta property=\"og:description\" content=\"Premijer Federacije BiH Fadil Novali\u0107 u intervjuu za Fenu govorio je o socijalnim i ekonomskim kretanjima koja su uvjetovana globalnim poreme\u0107ajima, mjerama koje Vlada poduzima da se ubla\u017ee posljedice tih poreme\u0107aja, kao i o ukupnom radu Federalne vlade. &nbsp;Poskupljenja su ve\u0107 mjesecima problem koji najvi\u0161e optere\u0107uje gra\u0111ane i svi se pitaju dokle \u0107e ovi udari [&hellip;]\" \/>\n<meta property=\"og:url\" content=\"https:\/\/radioljubuski.ba\/index.php\/2022\/06\/26\/premijer-novalic-struju-i-hranu-mozemo-proizvesti-plin-i-gorivo-uskladistiti-vlada-ima-mehanizme-da-zastiti-gradane\/\" \/>\n<meta property=\"og:site_name\" content=\"RADIO LJUBU\u0160KI\" \/>\n<meta property=\"article:publisher\" content=\"https:\/\/www.facebook.com\/Radiio-Ljubuski-1490835324566332\" \/>\n<meta property=\"article:published_time\" content=\"2022-06-26T11:20:20+00:00\" \/>\n<meta property=\"article:modified_time\" content=\"2022-06-26T11:20:21+00:00\" \/>\n<meta property=\"og:image\" content=\"https:\/\/radioljubuski.ba\/wp-content\/uploads\/2021\/03\/XJg2A8fN_fadil_novalic27.jpg\" \/>\n\t<meta property=\"og:image:width\" content=\"1000\" \/>\n\t<meta property=\"og:image:height\" content=\"625\" \/>\n\t<meta property=\"og:image:type\" content=\"image\/jpeg\" \/>\n<meta name=\"author\" content=\"Radio Ljubu\u0161ki\" \/>\n<meta name=\"twitter:card\" content=\"summary_large_image\" \/>\n<meta name=\"twitter:creator\" content=\"@radioljubuski\" \/>\n<meta name=\"twitter:site\" content=\"@radioljubuski\" \/>\n<meta name=\"twitter:label1\" content=\"Napisao\/la\" \/>\n\t<meta name=\"twitter:data1\" content=\"Radio Ljubu\u0161ki\" \/>\n\t<meta name=\"twitter:label2\" content=\"Procijenjeno vrijeme \u010ditanja\" \/>\n\t<meta name=\"twitter:data2\" content=\"14 minuta\" \/>\n<script type=\"application\/ld+json\" class=\"yoast-schema-graph\">{\"@context\":\"https:\\\/\\\/schema.org\",\"@graph\":[{\"@type\":\"Article\",\"@id\":\"https:\\\/\\\/radioljubuski.ba\\\/index.php\\\/2022\\\/06\\\/26\\\/premijer-novalic-struju-i-hranu-mozemo-proizvesti-plin-i-gorivo-uskladistiti-vlada-ima-mehanizme-da-zastiti-gradane\\\/#article\",\"isPartOf\":{\"@id\":\"https:\\\/\\\/radioljubuski.ba\\\/index.php\\\/2022\\\/06\\\/26\\\/premijer-novalic-struju-i-hranu-mozemo-proizvesti-plin-i-gorivo-uskladistiti-vlada-ima-mehanizme-da-zastiti-gradane\\\/\"},\"author\":{\"name\":\"Radio Ljubu\u0161ki\",\"@id\":\"https:\\\/\\\/radioljubuski.ba\\\/#\\\/schema\\\/person\\\/19fc700381a780f69665d7956c469e3b\"},\"headline\":\"Premijer Novali\u0107: Struju i hranu mo\u017eemo proizvesti, plin i gorivo uskladi\u0161titi, Vlada ima mehanizme da za\u0161titi gra\u0111ane\",\"datePublished\":\"2022-06-26T11:20:20+00:00\",\"dateModified\":\"2022-06-26T11:20:21+00:00\",\"mainEntityOfPage\":{\"@id\":\"https:\\\/\\\/radioljubuski.ba\\\/index.php\\\/2022\\\/06\\\/26\\\/premijer-novalic-struju-i-hranu-mozemo-proizvesti-plin-i-gorivo-uskladistiti-vlada-ima-mehanizme-da-zastiti-gradane\\\/\"},\"wordCount\":3478,\"publisher\":{\"@id\":\"https:\\\/\\\/radioljubuski.ba\\\/#organization\"},\"image\":{\"@id\":\"https:\\\/\\\/radioljubuski.ba\\\/index.php\\\/2022\\\/06\\\/26\\\/premijer-novalic-struju-i-hranu-mozemo-proizvesti-plin-i-gorivo-uskladistiti-vlada-ima-mehanizme-da-zastiti-gradane\\\/#primaryimage\"},\"thumbnailUrl\":\"https:\\\/\\\/radioljubuski.ba\\\/wp-content\\\/uploads\\\/2021\\\/03\\\/XJg2A8fN_fadil_novalic27.jpg\",\"articleSection\":[\"BIH i regija\"],\"inLanguage\":\"hr\"},{\"@type\":\"WebPage\",\"@id\":\"https:\\\/\\\/radioljubuski.ba\\\/index.php\\\/2022\\\/06\\\/26\\\/premijer-novalic-struju-i-hranu-mozemo-proizvesti-plin-i-gorivo-uskladistiti-vlada-ima-mehanizme-da-zastiti-gradane\\\/\",\"url\":\"https:\\\/\\\/radioljubuski.ba\\\/index.php\\\/2022\\\/06\\\/26\\\/premijer-novalic-struju-i-hranu-mozemo-proizvesti-plin-i-gorivo-uskladistiti-vlada-ima-mehanizme-da-zastiti-gradane\\\/\",\"name\":\"Premijer Novali\u0107: Struju i hranu mo\u017eemo proizvesti, plin i gorivo uskladi\u0161titi, Vlada ima mehanizme da za\u0161titi gra\u0111ane - RADIO LJUBU\u0160KI\",\"isPartOf\":{\"@id\":\"https:\\\/\\\/radioljubuski.ba\\\/#website\"},\"primaryImageOfPage\":{\"@id\":\"https:\\\/\\\/radioljubuski.ba\\\/index.php\\\/2022\\\/06\\\/26\\\/premijer-novalic-struju-i-hranu-mozemo-proizvesti-plin-i-gorivo-uskladistiti-vlada-ima-mehanizme-da-zastiti-gradane\\\/#primaryimage\"},\"image\":{\"@id\":\"https:\\\/\\\/radioljubuski.ba\\\/index.php\\\/2022\\\/06\\\/26\\\/premijer-novalic-struju-i-hranu-mozemo-proizvesti-plin-i-gorivo-uskladistiti-vlada-ima-mehanizme-da-zastiti-gradane\\\/#primaryimage\"},\"thumbnailUrl\":\"https:\\\/\\\/radioljubuski.ba\\\/wp-content\\\/uploads\\\/2021\\\/03\\\/XJg2A8fN_fadil_novalic27.jpg\",\"datePublished\":\"2022-06-26T11:20:20+00:00\",\"dateModified\":\"2022-06-26T11:20:21+00:00\",\"breadcrumb\":{\"@id\":\"https:\\\/\\\/radioljubuski.ba\\\/index.php\\\/2022\\\/06\\\/26\\\/premijer-novalic-struju-i-hranu-mozemo-proizvesti-plin-i-gorivo-uskladistiti-vlada-ima-mehanizme-da-zastiti-gradane\\\/#breadcrumb\"},\"inLanguage\":\"hr\",\"potentialAction\":[{\"@type\":\"ReadAction\",\"target\":[\"https:\\\/\\\/radioljubuski.ba\\\/index.php\\\/2022\\\/06\\\/26\\\/premijer-novalic-struju-i-hranu-mozemo-proizvesti-plin-i-gorivo-uskladistiti-vlada-ima-mehanizme-da-zastiti-gradane\\\/\"]}]},{\"@type\":\"ImageObject\",\"inLanguage\":\"hr\",\"@id\":\"https:\\\/\\\/radioljubuski.ba\\\/index.php\\\/2022\\\/06\\\/26\\\/premijer-novalic-struju-i-hranu-mozemo-proizvesti-plin-i-gorivo-uskladistiti-vlada-ima-mehanizme-da-zastiti-gradane\\\/#primaryimage\",\"url\":\"https:\\\/\\\/radioljubuski.ba\\\/wp-content\\\/uploads\\\/2021\\\/03\\\/XJg2A8fN_fadil_novalic27.jpg\",\"contentUrl\":\"https:\\\/\\\/radioljubuski.ba\\\/wp-content\\\/uploads\\\/2021\\\/03\\\/XJg2A8fN_fadil_novalic27.jpg\",\"width\":1000,\"height\":625},{\"@type\":\"BreadcrumbList\",\"@id\":\"https:\\\/\\\/radioljubuski.ba\\\/index.php\\\/2022\\\/06\\\/26\\\/premijer-novalic-struju-i-hranu-mozemo-proizvesti-plin-i-gorivo-uskladistiti-vlada-ima-mehanizme-da-zastiti-gradane\\\/#breadcrumb\",\"itemListElement\":[{\"@type\":\"ListItem\",\"position\":1,\"name\":\"Po\u010detna stranica\",\"item\":\"https:\\\/\\\/radioljubuski.ba\\\/\"},{\"@type\":\"ListItem\",\"position\":2,\"name\":\"Premijer Novali\u0107: Struju i hranu mo\u017eemo proizvesti, plin i gorivo uskladi\u0161titi, Vlada ima mehanizme da za\u0161titi gra\u0111ane\"}]},{\"@type\":\"WebSite\",\"@id\":\"https:\\\/\\\/radioljubuski.ba\\\/#website\",\"url\":\"https:\\\/\\\/radioljubuski.ba\\\/\",\"name\":\"Radio Ljubu\u0161ki\",\"description\":\"Sun\u010dana frekvencija Hercegovine\",\"publisher\":{\"@id\":\"https:\\\/\\\/radioljubuski.ba\\\/#organization\"},\"potentialAction\":[{\"@type\":\"SearchAction\",\"target\":{\"@type\":\"EntryPoint\",\"urlTemplate\":\"https:\\\/\\\/radioljubuski.ba\\\/?s={search_term_string}\"},\"query-input\":{\"@type\":\"PropertyValueSpecification\",\"valueRequired\":true,\"valueName\":\"search_term_string\"}}],\"inLanguage\":\"hr\"},{\"@type\":\"Organization\",\"@id\":\"https:\\\/\\\/radioljubuski.ba\\\/#organization\",\"name\":\"Radio Ljubu\u0161ki\",\"url\":\"https:\\\/\\\/radioljubuski.ba\\\/\",\"logo\":{\"@type\":\"ImageObject\",\"inLanguage\":\"hr\",\"@id\":\"https:\\\/\\\/radioljubuski.ba\\\/#\\\/schema\\\/logo\\\/image\\\/\",\"url\":\"https:\\\/\\\/radioljubuski.ba\\\/wp-content\\\/uploads\\\/2021\\\/02\\\/cropped-Radio_Ljubuski_logo1.jpg\",\"contentUrl\":\"https:\\\/\\\/radioljubuski.ba\\\/wp-content\\\/uploads\\\/2021\\\/02\\\/cropped-Radio_Ljubuski_logo1.jpg\",\"width\":512,\"height\":512,\"caption\":\"Radio Ljubu\u0161ki\"},\"image\":{\"@id\":\"https:\\\/\\\/radioljubuski.ba\\\/#\\\/schema\\\/logo\\\/image\\\/\"},\"sameAs\":[\"https:\\\/\\\/www.facebook.com\\\/Radiio-Ljubuski-1490835324566332\",\"https:\\\/\\\/x.com\\\/radioljubuski\",\"https:\\\/\\\/hr.linkedin.com\\\/company\\\/radio-ljubuski\",\"https:\\\/\\\/www.youtube.com\\\/channel\\\/UCHYaeO_n0Db3tjNGudGpXyw\"]},{\"@type\":\"Person\",\"@id\":\"https:\\\/\\\/radioljubuski.ba\\\/#\\\/schema\\\/person\\\/19fc700381a780f69665d7956c469e3b\",\"name\":\"Radio Ljubu\u0161ki\"}]}<\/script>\n<!-- \/ Yoast SEO plugin. -->","yoast_head_json":{"title":"Premijer Novali\u0107: Struju i hranu mo\u017eemo proizvesti, plin i gorivo uskladi\u0161titi, Vlada ima mehanizme da za\u0161titi gra\u0111ane - RADIO LJUBU\u0160KI","robots":{"index":"index","follow":"follow","max-snippet":"max-snippet:-1","max-image-preview":"max-image-preview:large","max-video-preview":"max-video-preview:-1"},"canonical":"https:\/\/radioljubuski.ba\/index.php\/2022\/06\/26\/premijer-novalic-struju-i-hranu-mozemo-proizvesti-plin-i-gorivo-uskladistiti-vlada-ima-mehanizme-da-zastiti-gradane\/","og_locale":"hr_HR","og_type":"article","og_title":"Premijer Novali\u0107: Struju i hranu mo\u017eemo proizvesti, plin i gorivo uskladi\u0161titi, Vlada ima mehanizme da za\u0161titi gra\u0111ane - RADIO LJUBU\u0160KI","og_description":"Premijer Federacije BiH Fadil Novali\u0107 u intervjuu za Fenu govorio je o socijalnim i ekonomskim kretanjima koja su uvjetovana globalnim poreme\u0107ajima, mjerama koje Vlada poduzima da se ubla\u017ee posljedice tih poreme\u0107aja, kao i o ukupnom radu Federalne vlade. &nbsp;Poskupljenja su ve\u0107 mjesecima problem koji najvi\u0161e optere\u0107uje gra\u0111ane i svi se pitaju dokle \u0107e ovi udari [&hellip;]","og_url":"https:\/\/radioljubuski.ba\/index.php\/2022\/06\/26\/premijer-novalic-struju-i-hranu-mozemo-proizvesti-plin-i-gorivo-uskladistiti-vlada-ima-mehanizme-da-zastiti-gradane\/","og_site_name":"RADIO LJUBU\u0160KI","article_publisher":"https:\/\/www.facebook.com\/Radiio-Ljubuski-1490835324566332","article_published_time":"2022-06-26T11:20:20+00:00","article_modified_time":"2022-06-26T11:20:21+00:00","og_image":[{"width":1000,"height":625,"url":"https:\/\/radioljubuski.ba\/wp-content\/uploads\/2021\/03\/XJg2A8fN_fadil_novalic27.jpg","type":"image\/jpeg"}],"author":"Radio Ljubu\u0161ki","twitter_card":"summary_large_image","twitter_creator":"@radioljubuski","twitter_site":"@radioljubuski","twitter_misc":{"Napisao\/la":"Radio Ljubu\u0161ki","Procijenjeno vrijeme \u010ditanja":"14 minuta"},"schema":{"@context":"https:\/\/schema.org","@graph":[{"@type":"Article","@id":"https:\/\/radioljubuski.ba\/index.php\/2022\/06\/26\/premijer-novalic-struju-i-hranu-mozemo-proizvesti-plin-i-gorivo-uskladistiti-vlada-ima-mehanizme-da-zastiti-gradane\/#article","isPartOf":{"@id":"https:\/\/radioljubuski.ba\/index.php\/2022\/06\/26\/premijer-novalic-struju-i-hranu-mozemo-proizvesti-plin-i-gorivo-uskladistiti-vlada-ima-mehanizme-da-zastiti-gradane\/"},"author":{"name":"Radio Ljubu\u0161ki","@id":"https:\/\/radioljubuski.ba\/#\/schema\/person\/19fc700381a780f69665d7956c469e3b"},"headline":"Premijer Novali\u0107: Struju i hranu mo\u017eemo proizvesti, plin i gorivo uskladi\u0161titi, Vlada ima mehanizme da za\u0161titi gra\u0111ane","datePublished":"2022-06-26T11:20:20+00:00","dateModified":"2022-06-26T11:20:21+00:00","mainEntityOfPage":{"@id":"https:\/\/radioljubuski.ba\/index.php\/2022\/06\/26\/premijer-novalic-struju-i-hranu-mozemo-proizvesti-plin-i-gorivo-uskladistiti-vlada-ima-mehanizme-da-zastiti-gradane\/"},"wordCount":3478,"publisher":{"@id":"https:\/\/radioljubuski.ba\/#organization"},"image":{"@id":"https:\/\/radioljubuski.ba\/index.php\/2022\/06\/26\/premijer-novalic-struju-i-hranu-mozemo-proizvesti-plin-i-gorivo-uskladistiti-vlada-ima-mehanizme-da-zastiti-gradane\/#primaryimage"},"thumbnailUrl":"https:\/\/radioljubuski.ba\/wp-content\/uploads\/2021\/03\/XJg2A8fN_fadil_novalic27.jpg","articleSection":["BIH i regija"],"inLanguage":"hr"},{"@type":"WebPage","@id":"https:\/\/radioljubuski.ba\/index.php\/2022\/06\/26\/premijer-novalic-struju-i-hranu-mozemo-proizvesti-plin-i-gorivo-uskladistiti-vlada-ima-mehanizme-da-zastiti-gradane\/","url":"https:\/\/radioljubuski.ba\/index.php\/2022\/06\/26\/premijer-novalic-struju-i-hranu-mozemo-proizvesti-plin-i-gorivo-uskladistiti-vlada-ima-mehanizme-da-zastiti-gradane\/","name":"Premijer Novali\u0107: Struju i hranu mo\u017eemo proizvesti, plin i gorivo uskladi\u0161titi, Vlada ima mehanizme da za\u0161titi gra\u0111ane - RADIO LJUBU\u0160KI","isPartOf":{"@id":"https:\/\/radioljubuski.ba\/#website"},"primaryImageOfPage":{"@id":"https:\/\/radioljubuski.ba\/index.php\/2022\/06\/26\/premijer-novalic-struju-i-hranu-mozemo-proizvesti-plin-i-gorivo-uskladistiti-vlada-ima-mehanizme-da-zastiti-gradane\/#primaryimage"},"image":{"@id":"https:\/\/radioljubuski.ba\/index.php\/2022\/06\/26\/premijer-novalic-struju-i-hranu-mozemo-proizvesti-plin-i-gorivo-uskladistiti-vlada-ima-mehanizme-da-zastiti-gradane\/#primaryimage"},"thumbnailUrl":"https:\/\/radioljubuski.ba\/wp-content\/uploads\/2021\/03\/XJg2A8fN_fadil_novalic27.jpg","datePublished":"2022-06-26T11:20:20+00:00","dateModified":"2022-06-26T11:20:21+00:00","breadcrumb":{"@id":"https:\/\/radioljubuski.ba\/index.php\/2022\/06\/26\/premijer-novalic-struju-i-hranu-mozemo-proizvesti-plin-i-gorivo-uskladistiti-vlada-ima-mehanizme-da-zastiti-gradane\/#breadcrumb"},"inLanguage":"hr","potentialAction":[{"@type":"ReadAction","target":["https:\/\/radioljubuski.ba\/index.php\/2022\/06\/26\/premijer-novalic-struju-i-hranu-mozemo-proizvesti-plin-i-gorivo-uskladistiti-vlada-ima-mehanizme-da-zastiti-gradane\/"]}]},{"@type":"ImageObject","inLanguage":"hr","@id":"https:\/\/radioljubuski.ba\/index.php\/2022\/06\/26\/premijer-novalic-struju-i-hranu-mozemo-proizvesti-plin-i-gorivo-uskladistiti-vlada-ima-mehanizme-da-zastiti-gradane\/#primaryimage","url":"https:\/\/radioljubuski.ba\/wp-content\/uploads\/2021\/03\/XJg2A8fN_fadil_novalic27.jpg","contentUrl":"https:\/\/radioljubuski.ba\/wp-content\/uploads\/2021\/03\/XJg2A8fN_fadil_novalic27.jpg","width":1000,"height":625},{"@type":"BreadcrumbList","@id":"https:\/\/radioljubuski.ba\/index.php\/2022\/06\/26\/premijer-novalic-struju-i-hranu-mozemo-proizvesti-plin-i-gorivo-uskladistiti-vlada-ima-mehanizme-da-zastiti-gradane\/#breadcrumb","itemListElement":[{"@type":"ListItem","position":1,"name":"Po\u010detna stranica","item":"https:\/\/radioljubuski.ba\/"},{"@type":"ListItem","position":2,"name":"Premijer Novali\u0107: Struju i hranu mo\u017eemo proizvesti, plin i gorivo uskladi\u0161titi, Vlada ima mehanizme da za\u0161titi gra\u0111ane"}]},{"@type":"WebSite","@id":"https:\/\/radioljubuski.ba\/#website","url":"https:\/\/radioljubuski.ba\/","name":"Radio Ljubu\u0161ki","description":"Sun\u010dana frekvencija Hercegovine","publisher":{"@id":"https:\/\/radioljubuski.ba\/#organization"},"potentialAction":[{"@type":"SearchAction","target":{"@type":"EntryPoint","urlTemplate":"https:\/\/radioljubuski.ba\/?s={search_term_string}"},"query-input":{"@type":"PropertyValueSpecification","valueRequired":true,"valueName":"search_term_string"}}],"inLanguage":"hr"},{"@type":"Organization","@id":"https:\/\/radioljubuski.ba\/#organization","name":"Radio Ljubu\u0161ki","url":"https:\/\/radioljubuski.ba\/","logo":{"@type":"ImageObject","inLanguage":"hr","@id":"https:\/\/radioljubuski.ba\/#\/schema\/logo\/image\/","url":"https:\/\/radioljubuski.ba\/wp-content\/uploads\/2021\/02\/cropped-Radio_Ljubuski_logo1.jpg","contentUrl":"https:\/\/radioljubuski.ba\/wp-content\/uploads\/2021\/02\/cropped-Radio_Ljubuski_logo1.jpg","width":512,"height":512,"caption":"Radio Ljubu\u0161ki"},"image":{"@id":"https:\/\/radioljubuski.ba\/#\/schema\/logo\/image\/"},"sameAs":["https:\/\/www.facebook.com\/Radiio-Ljubuski-1490835324566332","https:\/\/x.com\/radioljubuski","https:\/\/hr.linkedin.com\/company\/radio-ljubuski","https:\/\/www.youtube.com\/channel\/UCHYaeO_n0Db3tjNGudGpXyw"]},{"@type":"Person","@id":"https:\/\/radioljubuski.ba\/#\/schema\/person\/19fc700381a780f69665d7956c469e3b","name":"Radio Ljubu\u0161ki"}]}},"_links":{"self":[{"href":"https:\/\/radioljubuski.ba\/index.php\/wp-json\/wp\/v2\/posts\/153575","targetHints":{"allow":["GET"]}}],"collection":[{"href":"https:\/\/radioljubuski.ba\/index.php\/wp-json\/wp\/v2\/posts"}],"about":[{"href":"https:\/\/radioljubuski.ba\/index.php\/wp-json\/wp\/v2\/types\/post"}],"author":[{"embeddable":true,"href":"https:\/\/radioljubuski.ba\/index.php\/wp-json\/wp\/v2\/users\/2"}],"replies":[{"embeddable":true,"href":"https:\/\/radioljubuski.ba\/index.php\/wp-json\/wp\/v2\/comments?post=153575"}],"version-history":[{"count":1,"href":"https:\/\/radioljubuski.ba\/index.php\/wp-json\/wp\/v2\/posts\/153575\/revisions"}],"predecessor-version":[{"id":153576,"href":"https:\/\/radioljubuski.ba\/index.php\/wp-json\/wp\/v2\/posts\/153575\/revisions\/153576"}],"wp:featuredmedia":[{"embeddable":true,"href":"https:\/\/radioljubuski.ba\/index.php\/wp-json\/wp\/v2\/media\/4403"}],"wp:attachment":[{"href":"https:\/\/radioljubuski.ba\/index.php\/wp-json\/wp\/v2\/media?parent=153575"}],"wp:term":[{"taxonomy":"category","embeddable":true,"href":"https:\/\/radioljubuski.ba\/index.php\/wp-json\/wp\/v2\/categories?post=153575"},{"taxonomy":"post_tag","embeddable":true,"href":"https:\/\/radioljubuski.ba\/index.php\/wp-json\/wp\/v2\/tags?post=153575"}],"curies":[{"name":"wp","href":"https:\/\/api.w.org\/{rel}","templated":true}]}}