{"id":153744,"date":"2022-06-26T20:31:12","date_gmt":"2022-06-26T19:31:12","guid":{"rendered":"https:\/\/radioljubuski.ba\/?p=153744"},"modified":"2022-06-29T12:39:54","modified_gmt":"2022-06-29T11:39:54","slug":"humac-odrzana-manifestacija-misecina-kazivala-suncu","status":"publish","type":"post","link":"https:\/\/radioljubuski.ba\/index.php\/2022\/06\/26\/humac-odrzana-manifestacija-misecina-kazivala-suncu\/","title":{"rendered":"Humac: Odr\u017eana manifestacija \u201eMise\u010dina kazivala Suncu\u201c"},"content":{"rendered":"\n<p>Cjelove\u010dernja folklorna manifestacija \u201eMise\u010dina kazivala Suncu\u201c odr\u017eana je na Humcu povodom devedesete obljetnice Dru\u0161tva svetog Ante Humac.<\/p>\n\n\n\n<p>Kako je na po\u010detku rekao huma\u010dki gvardijan fra Dario Dodig, ovo je bila prilika da dru\u0161tvo poka\u017ee \u0161to sve znaju nakon dugog razdoblja i duge stanke.<\/p>\n\n\n\n<p>\u201eUnato\u010d pandemiji koronavirusa i svemu ostalom, oni su se nastavili sastajati i dru\u017eiti, vje\u017ebali su i nastavili s radom i odr\u017eali se. \u010cestitam im na visokoj obljetnici\u201c, rekao je fra Dario koji je po\u017eelio dobrodo\u0161licu i gostima sa strane koji su ve\u010deras stigli na Humac kako bi uveli\u010dali ovu obljetnicu.<\/p>\n\n\n\n<p>Tako su se ve\u010deras mogli \u010duti be\u0107ari iz Studenaca, \u017deljko Ke\u017ea je pokazao svoje umije\u0107e na guslama, posjetitelji su slu\u0161ali gangu, ali i gledali plesove i izvedbe KUD-ova iz Posu\u0161ja, Cima, Vionice, Nadioca\u2026<\/p>\n\n\n\n<p>U videozapisu pogledajte dio atmosfere<\/p>\n\n\n\n<iframe loading=\"lazy\" src=\"https:\/\/www.youtube.com\/embed\/WmTjdZ-LFE0\" title=\"YouTube video player\" allow=\"accelerometer; autoplay; clipboard-write; encrypted-media; gyroscope; picture-in-picture\" allowfullscreen=\"\" width=\"560\" height=\"315\" frameborder=\"0\"><\/iframe>\n\n\n\n<figure class=\"wp-block-image\"><img decoding=\"async\" src=\"https:\/\/scontent-vie1-1.xx.fbcdn.net\/v\/t39.30808-6\/290179021_1432062680598158_7001946395855002065_n.jpg?_nc_cat=102&amp;ccb=1-7&amp;_nc_sid=8bfeb9&amp;_nc_ohc=BhI71nzX3o0AX_nFxJE&amp;_nc_ht=scontent-vie1-1.xx&amp;oh=00_AT8o4mBiCHo15fL9tom78cc6szmFUqG1u1LiH5Cru7ClSQ&amp;oe=62BDB047\" alt=\"Mo\u017ee biti slika sljede\u0107eg: stoji i tekst\"\/><\/figure>\n","protected":false},"excerpt":{"rendered":"<p>Cjelove\u010dernja folklorna manifestacija \u201eMise\u010dina kazivala Suncu\u201c odr\u017eana je na Humcu povodom devedesete obljetnice Dru\u0161tva svetog Ante Humac. Kako je na po\u010detku rekao huma\u010dki gvardijan fra Dario Dodig, ovo je bila prilika da dru\u0161tvo poka\u017ee \u0161to sve znaju nakon dugog razdoblja i duge stanke. \u201eUnato\u010d pandemiji koronavirusa i svemu ostalom, oni su se nastavili sastajati i [&hellip;]<\/p>\n","protected":false},"author":2,"featured_media":153745,"comment_status":"closed","ping_status":"closed","sticky":false,"template":"","format":"standard","meta":{"h5ap_radio_sources":[],"footnotes":""},"categories":[3],"tags":[],"class_list":["post-153744","post","type-post","status-publish","format-standard","has-post-thumbnail","hentry","category-ljubuski"],"yoast_head":"<!-- This site is optimized with the Yoast SEO plugin v27.5 - https:\/\/yoast.com\/product\/yoast-seo-wordpress\/ -->\n<title>Humac: Odr\u017eana manifestacija \u201eMise\u010dina kazivala Suncu\u201c - RADIO LJUBU\u0160KI<\/title>\n<meta name=\"robots\" content=\"index, follow, max-snippet:-1, max-image-preview:large, max-video-preview:-1\" \/>\n<link rel=\"canonical\" href=\"https:\/\/radioljubuski.ba\/index.php\/2022\/06\/26\/humac-odrzana-manifestacija-misecina-kazivala-suncu\/\" \/>\n<meta property=\"og:locale\" content=\"hr_HR\" \/>\n<meta property=\"og:type\" content=\"article\" \/>\n<meta property=\"og:title\" content=\"Humac: Odr\u017eana manifestacija \u201eMise\u010dina kazivala Suncu\u201c - RADIO LJUBU\u0160KI\" \/>\n<meta property=\"og:description\" content=\"Cjelove\u010dernja folklorna manifestacija \u201eMise\u010dina kazivala Suncu\u201c odr\u017eana je na Humcu povodom devedesete obljetnice Dru\u0161tva svetog Ante Humac. Kako je na po\u010detku rekao huma\u010dki gvardijan fra Dario Dodig, ovo je bila prilika da dru\u0161tvo poka\u017ee \u0161to sve znaju nakon dugog razdoblja i duge stanke. \u201eUnato\u010d pandemiji koronavirusa i svemu ostalom, oni su se nastavili sastajati i [&hellip;]\" \/>\n<meta property=\"og:url\" content=\"https:\/\/radioljubuski.ba\/index.php\/2022\/06\/26\/humac-odrzana-manifestacija-misecina-kazivala-suncu\/\" \/>\n<meta property=\"og:site_name\" content=\"RADIO LJUBU\u0160KI\" \/>\n<meta property=\"article:publisher\" content=\"https:\/\/www.facebook.com\/Radiio-Ljubuski-1490835324566332\" \/>\n<meta property=\"article:published_time\" content=\"2022-06-26T19:31:12+00:00\" \/>\n<meta property=\"article:modified_time\" content=\"2022-06-29T11:39:54+00:00\" \/>\n<meta property=\"og:image\" content=\"https:\/\/radioljubuski.ba\/wp-content\/uploads\/2022\/06\/humac.jpg\" \/>\n\t<meta property=\"og:image:width\" content=\"1327\" \/>\n\t<meta property=\"og:image:height\" content=\"711\" \/>\n\t<meta property=\"og:image:type\" content=\"image\/jpeg\" \/>\n<meta name=\"author\" content=\"Radio Ljubu\u0161ki\" \/>\n<meta name=\"twitter:card\" content=\"summary_large_image\" \/>\n<meta name=\"twitter:creator\" content=\"@radioljubuski\" \/>\n<meta name=\"twitter:site\" content=\"@radioljubuski\" \/>\n<meta name=\"twitter:label1\" content=\"Napisao\/la\" \/>\n\t<meta name=\"twitter:data1\" content=\"Radio Ljubu\u0161ki\" \/>\n\t<meta name=\"twitter:label2\" content=\"Procijenjeno vrijeme \u010ditanja\" \/>\n\t<meta name=\"twitter:data2\" content=\"1 minuta\" \/>\n<script type=\"application\/ld+json\" class=\"yoast-schema-graph\">{\"@context\":\"https:\\\/\\\/schema.org\",\"@graph\":[{\"@type\":\"Article\",\"@id\":\"https:\\\/\\\/radioljubuski.ba\\\/index.php\\\/2022\\\/06\\\/26\\\/humac-odrzana-manifestacija-misecina-kazivala-suncu\\\/#article\",\"isPartOf\":{\"@id\":\"https:\\\/\\\/radioljubuski.ba\\\/index.php\\\/2022\\\/06\\\/26\\\/humac-odrzana-manifestacija-misecina-kazivala-suncu\\\/\"},\"author\":{\"name\":\"Radio Ljubu\u0161ki\",\"@id\":\"https:\\\/\\\/radioljubuski.ba\\\/#\\\/schema\\\/person\\\/19fc700381a780f69665d7956c469e3b\"},\"headline\":\"Humac: Odr\u017eana manifestacija \u201eMise\u010dina kazivala Suncu\u201c\",\"datePublished\":\"2022-06-26T19:31:12+00:00\",\"dateModified\":\"2022-06-29T11:39:54+00:00\",\"mainEntityOfPage\":{\"@id\":\"https:\\\/\\\/radioljubuski.ba\\\/index.php\\\/2022\\\/06\\\/26\\\/humac-odrzana-manifestacija-misecina-kazivala-suncu\\\/\"},\"wordCount\":160,\"publisher\":{\"@id\":\"https:\\\/\\\/radioljubuski.ba\\\/#organization\"},\"image\":{\"@id\":\"https:\\\/\\\/radioljubuski.ba\\\/index.php\\\/2022\\\/06\\\/26\\\/humac-odrzana-manifestacija-misecina-kazivala-suncu\\\/#primaryimage\"},\"thumbnailUrl\":\"https:\\\/\\\/radioljubuski.ba\\\/wp-content\\\/uploads\\\/2022\\\/06\\\/humac.jpg\",\"articleSection\":[\"Ljubu\u0161ki\"],\"inLanguage\":\"hr\"},{\"@type\":\"WebPage\",\"@id\":\"https:\\\/\\\/radioljubuski.ba\\\/index.php\\\/2022\\\/06\\\/26\\\/humac-odrzana-manifestacija-misecina-kazivala-suncu\\\/\",\"url\":\"https:\\\/\\\/radioljubuski.ba\\\/index.php\\\/2022\\\/06\\\/26\\\/humac-odrzana-manifestacija-misecina-kazivala-suncu\\\/\",\"name\":\"Humac: Odr\u017eana manifestacija \u201eMise\u010dina kazivala Suncu\u201c - RADIO LJUBU\u0160KI\",\"isPartOf\":{\"@id\":\"https:\\\/\\\/radioljubuski.ba\\\/#website\"},\"primaryImageOfPage\":{\"@id\":\"https:\\\/\\\/radioljubuski.ba\\\/index.php\\\/2022\\\/06\\\/26\\\/humac-odrzana-manifestacija-misecina-kazivala-suncu\\\/#primaryimage\"},\"image\":{\"@id\":\"https:\\\/\\\/radioljubuski.ba\\\/index.php\\\/2022\\\/06\\\/26\\\/humac-odrzana-manifestacija-misecina-kazivala-suncu\\\/#primaryimage\"},\"thumbnailUrl\":\"https:\\\/\\\/radioljubuski.ba\\\/wp-content\\\/uploads\\\/2022\\\/06\\\/humac.jpg\",\"datePublished\":\"2022-06-26T19:31:12+00:00\",\"dateModified\":\"2022-06-29T11:39:54+00:00\",\"breadcrumb\":{\"@id\":\"https:\\\/\\\/radioljubuski.ba\\\/index.php\\\/2022\\\/06\\\/26\\\/humac-odrzana-manifestacija-misecina-kazivala-suncu\\\/#breadcrumb\"},\"inLanguage\":\"hr\",\"potentialAction\":[{\"@type\":\"ReadAction\",\"target\":[\"https:\\\/\\\/radioljubuski.ba\\\/index.php\\\/2022\\\/06\\\/26\\\/humac-odrzana-manifestacija-misecina-kazivala-suncu\\\/\"]}]},{\"@type\":\"ImageObject\",\"inLanguage\":\"hr\",\"@id\":\"https:\\\/\\\/radioljubuski.ba\\\/index.php\\\/2022\\\/06\\\/26\\\/humac-odrzana-manifestacija-misecina-kazivala-suncu\\\/#primaryimage\",\"url\":\"https:\\\/\\\/radioljubuski.ba\\\/wp-content\\\/uploads\\\/2022\\\/06\\\/humac.jpg\",\"contentUrl\":\"https:\\\/\\\/radioljubuski.ba\\\/wp-content\\\/uploads\\\/2022\\\/06\\\/humac.jpg\",\"width\":1327,\"height\":711},{\"@type\":\"BreadcrumbList\",\"@id\":\"https:\\\/\\\/radioljubuski.ba\\\/index.php\\\/2022\\\/06\\\/26\\\/humac-odrzana-manifestacija-misecina-kazivala-suncu\\\/#breadcrumb\",\"itemListElement\":[{\"@type\":\"ListItem\",\"position\":1,\"name\":\"Po\u010detna stranica\",\"item\":\"https:\\\/\\\/radioljubuski.ba\\\/\"},{\"@type\":\"ListItem\",\"position\":2,\"name\":\"Humac: Odr\u017eana manifestacija \u201eMise\u010dina kazivala Suncu\u201c\"}]},{\"@type\":\"WebSite\",\"@id\":\"https:\\\/\\\/radioljubuski.ba\\\/#website\",\"url\":\"https:\\\/\\\/radioljubuski.ba\\\/\",\"name\":\"Radio Ljubu\u0161ki\",\"description\":\"Sun\u010dana frekvencija Hercegovine\",\"publisher\":{\"@id\":\"https:\\\/\\\/radioljubuski.ba\\\/#organization\"},\"potentialAction\":[{\"@type\":\"SearchAction\",\"target\":{\"@type\":\"EntryPoint\",\"urlTemplate\":\"https:\\\/\\\/radioljubuski.ba\\\/?s={search_term_string}\"},\"query-input\":{\"@type\":\"PropertyValueSpecification\",\"valueRequired\":true,\"valueName\":\"search_term_string\"}}],\"inLanguage\":\"hr\"},{\"@type\":\"Organization\",\"@id\":\"https:\\\/\\\/radioljubuski.ba\\\/#organization\",\"name\":\"Radio Ljubu\u0161ki\",\"url\":\"https:\\\/\\\/radioljubuski.ba\\\/\",\"logo\":{\"@type\":\"ImageObject\",\"inLanguage\":\"hr\",\"@id\":\"https:\\\/\\\/radioljubuski.ba\\\/#\\\/schema\\\/logo\\\/image\\\/\",\"url\":\"https:\\\/\\\/radioljubuski.ba\\\/wp-content\\\/uploads\\\/2021\\\/02\\\/cropped-Radio_Ljubuski_logo1.jpg\",\"contentUrl\":\"https:\\\/\\\/radioljubuski.ba\\\/wp-content\\\/uploads\\\/2021\\\/02\\\/cropped-Radio_Ljubuski_logo1.jpg\",\"width\":512,\"height\":512,\"caption\":\"Radio Ljubu\u0161ki\"},\"image\":{\"@id\":\"https:\\\/\\\/radioljubuski.ba\\\/#\\\/schema\\\/logo\\\/image\\\/\"},\"sameAs\":[\"https:\\\/\\\/www.facebook.com\\\/Radiio-Ljubuski-1490835324566332\",\"https:\\\/\\\/x.com\\\/radioljubuski\",\"https:\\\/\\\/hr.linkedin.com\\\/company\\\/radio-ljubuski\",\"https:\\\/\\\/www.youtube.com\\\/channel\\\/UCHYaeO_n0Db3tjNGudGpXyw\"]},{\"@type\":\"Person\",\"@id\":\"https:\\\/\\\/radioljubuski.ba\\\/#\\\/schema\\\/person\\\/19fc700381a780f69665d7956c469e3b\",\"name\":\"Radio Ljubu\u0161ki\"}]}<\/script>\n<!-- \/ Yoast SEO plugin. -->","yoast_head_json":{"title":"Humac: Odr\u017eana manifestacija \u201eMise\u010dina kazivala Suncu\u201c - RADIO LJUBU\u0160KI","robots":{"index":"index","follow":"follow","max-snippet":"max-snippet:-1","max-image-preview":"max-image-preview:large","max-video-preview":"max-video-preview:-1"},"canonical":"https:\/\/radioljubuski.ba\/index.php\/2022\/06\/26\/humac-odrzana-manifestacija-misecina-kazivala-suncu\/","og_locale":"hr_HR","og_type":"article","og_title":"Humac: Odr\u017eana manifestacija \u201eMise\u010dina kazivala Suncu\u201c - RADIO LJUBU\u0160KI","og_description":"Cjelove\u010dernja folklorna manifestacija \u201eMise\u010dina kazivala Suncu\u201c odr\u017eana je na Humcu povodom devedesete obljetnice Dru\u0161tva svetog Ante Humac. Kako je na po\u010detku rekao huma\u010dki gvardijan fra Dario Dodig, ovo je bila prilika da dru\u0161tvo poka\u017ee \u0161to sve znaju nakon dugog razdoblja i duge stanke. \u201eUnato\u010d pandemiji koronavirusa i svemu ostalom, oni su se nastavili sastajati i [&hellip;]","og_url":"https:\/\/radioljubuski.ba\/index.php\/2022\/06\/26\/humac-odrzana-manifestacija-misecina-kazivala-suncu\/","og_site_name":"RADIO LJUBU\u0160KI","article_publisher":"https:\/\/www.facebook.com\/Radiio-Ljubuski-1490835324566332","article_published_time":"2022-06-26T19:31:12+00:00","article_modified_time":"2022-06-29T11:39:54+00:00","og_image":[{"width":1327,"height":711,"url":"https:\/\/radioljubuski.ba\/wp-content\/uploads\/2022\/06\/humac.jpg","type":"image\/jpeg"}],"author":"Radio Ljubu\u0161ki","twitter_card":"summary_large_image","twitter_creator":"@radioljubuski","twitter_site":"@radioljubuski","twitter_misc":{"Napisao\/la":"Radio Ljubu\u0161ki","Procijenjeno vrijeme \u010ditanja":"1 minuta"},"schema":{"@context":"https:\/\/schema.org","@graph":[{"@type":"Article","@id":"https:\/\/radioljubuski.ba\/index.php\/2022\/06\/26\/humac-odrzana-manifestacija-misecina-kazivala-suncu\/#article","isPartOf":{"@id":"https:\/\/radioljubuski.ba\/index.php\/2022\/06\/26\/humac-odrzana-manifestacija-misecina-kazivala-suncu\/"},"author":{"name":"Radio Ljubu\u0161ki","@id":"https:\/\/radioljubuski.ba\/#\/schema\/person\/19fc700381a780f69665d7956c469e3b"},"headline":"Humac: Odr\u017eana manifestacija \u201eMise\u010dina kazivala Suncu\u201c","datePublished":"2022-06-26T19:31:12+00:00","dateModified":"2022-06-29T11:39:54+00:00","mainEntityOfPage":{"@id":"https:\/\/radioljubuski.ba\/index.php\/2022\/06\/26\/humac-odrzana-manifestacija-misecina-kazivala-suncu\/"},"wordCount":160,"publisher":{"@id":"https:\/\/radioljubuski.ba\/#organization"},"image":{"@id":"https:\/\/radioljubuski.ba\/index.php\/2022\/06\/26\/humac-odrzana-manifestacija-misecina-kazivala-suncu\/#primaryimage"},"thumbnailUrl":"https:\/\/radioljubuski.ba\/wp-content\/uploads\/2022\/06\/humac.jpg","articleSection":["Ljubu\u0161ki"],"inLanguage":"hr"},{"@type":"WebPage","@id":"https:\/\/radioljubuski.ba\/index.php\/2022\/06\/26\/humac-odrzana-manifestacija-misecina-kazivala-suncu\/","url":"https:\/\/radioljubuski.ba\/index.php\/2022\/06\/26\/humac-odrzana-manifestacija-misecina-kazivala-suncu\/","name":"Humac: Odr\u017eana manifestacija \u201eMise\u010dina kazivala Suncu\u201c - RADIO LJUBU\u0160KI","isPartOf":{"@id":"https:\/\/radioljubuski.ba\/#website"},"primaryImageOfPage":{"@id":"https:\/\/radioljubuski.ba\/index.php\/2022\/06\/26\/humac-odrzana-manifestacija-misecina-kazivala-suncu\/#primaryimage"},"image":{"@id":"https:\/\/radioljubuski.ba\/index.php\/2022\/06\/26\/humac-odrzana-manifestacija-misecina-kazivala-suncu\/#primaryimage"},"thumbnailUrl":"https:\/\/radioljubuski.ba\/wp-content\/uploads\/2022\/06\/humac.jpg","datePublished":"2022-06-26T19:31:12+00:00","dateModified":"2022-06-29T11:39:54+00:00","breadcrumb":{"@id":"https:\/\/radioljubuski.ba\/index.php\/2022\/06\/26\/humac-odrzana-manifestacija-misecina-kazivala-suncu\/#breadcrumb"},"inLanguage":"hr","potentialAction":[{"@type":"ReadAction","target":["https:\/\/radioljubuski.ba\/index.php\/2022\/06\/26\/humac-odrzana-manifestacija-misecina-kazivala-suncu\/"]}]},{"@type":"ImageObject","inLanguage":"hr","@id":"https:\/\/radioljubuski.ba\/index.php\/2022\/06\/26\/humac-odrzana-manifestacija-misecina-kazivala-suncu\/#primaryimage","url":"https:\/\/radioljubuski.ba\/wp-content\/uploads\/2022\/06\/humac.jpg","contentUrl":"https:\/\/radioljubuski.ba\/wp-content\/uploads\/2022\/06\/humac.jpg","width":1327,"height":711},{"@type":"BreadcrumbList","@id":"https:\/\/radioljubuski.ba\/index.php\/2022\/06\/26\/humac-odrzana-manifestacija-misecina-kazivala-suncu\/#breadcrumb","itemListElement":[{"@type":"ListItem","position":1,"name":"Po\u010detna stranica","item":"https:\/\/radioljubuski.ba\/"},{"@type":"ListItem","position":2,"name":"Humac: Odr\u017eana manifestacija \u201eMise\u010dina kazivala Suncu\u201c"}]},{"@type":"WebSite","@id":"https:\/\/radioljubuski.ba\/#website","url":"https:\/\/radioljubuski.ba\/","name":"Radio Ljubu\u0161ki","description":"Sun\u010dana frekvencija Hercegovine","publisher":{"@id":"https:\/\/radioljubuski.ba\/#organization"},"potentialAction":[{"@type":"SearchAction","target":{"@type":"EntryPoint","urlTemplate":"https:\/\/radioljubuski.ba\/?s={search_term_string}"},"query-input":{"@type":"PropertyValueSpecification","valueRequired":true,"valueName":"search_term_string"}}],"inLanguage":"hr"},{"@type":"Organization","@id":"https:\/\/radioljubuski.ba\/#organization","name":"Radio Ljubu\u0161ki","url":"https:\/\/radioljubuski.ba\/","logo":{"@type":"ImageObject","inLanguage":"hr","@id":"https:\/\/radioljubuski.ba\/#\/schema\/logo\/image\/","url":"https:\/\/radioljubuski.ba\/wp-content\/uploads\/2021\/02\/cropped-Radio_Ljubuski_logo1.jpg","contentUrl":"https:\/\/radioljubuski.ba\/wp-content\/uploads\/2021\/02\/cropped-Radio_Ljubuski_logo1.jpg","width":512,"height":512,"caption":"Radio Ljubu\u0161ki"},"image":{"@id":"https:\/\/radioljubuski.ba\/#\/schema\/logo\/image\/"},"sameAs":["https:\/\/www.facebook.com\/Radiio-Ljubuski-1490835324566332","https:\/\/x.com\/radioljubuski","https:\/\/hr.linkedin.com\/company\/radio-ljubuski","https:\/\/www.youtube.com\/channel\/UCHYaeO_n0Db3tjNGudGpXyw"]},{"@type":"Person","@id":"https:\/\/radioljubuski.ba\/#\/schema\/person\/19fc700381a780f69665d7956c469e3b","name":"Radio Ljubu\u0161ki"}]}},"_links":{"self":[{"href":"https:\/\/radioljubuski.ba\/index.php\/wp-json\/wp\/v2\/posts\/153744","targetHints":{"allow":["GET"]}}],"collection":[{"href":"https:\/\/radioljubuski.ba\/index.php\/wp-json\/wp\/v2\/posts"}],"about":[{"href":"https:\/\/radioljubuski.ba\/index.php\/wp-json\/wp\/v2\/types\/post"}],"author":[{"embeddable":true,"href":"https:\/\/radioljubuski.ba\/index.php\/wp-json\/wp\/v2\/users\/2"}],"replies":[{"embeddable":true,"href":"https:\/\/radioljubuski.ba\/index.php\/wp-json\/wp\/v2\/comments?post=153744"}],"version-history":[{"count":3,"href":"https:\/\/radioljubuski.ba\/index.php\/wp-json\/wp\/v2\/posts\/153744\/revisions"}],"predecessor-version":[{"id":154784,"href":"https:\/\/radioljubuski.ba\/index.php\/wp-json\/wp\/v2\/posts\/153744\/revisions\/154784"}],"wp:featuredmedia":[{"embeddable":true,"href":"https:\/\/radioljubuski.ba\/index.php\/wp-json\/wp\/v2\/media\/153745"}],"wp:attachment":[{"href":"https:\/\/radioljubuski.ba\/index.php\/wp-json\/wp\/v2\/media?parent=153744"}],"wp:term":[{"taxonomy":"category","embeddable":true,"href":"https:\/\/radioljubuski.ba\/index.php\/wp-json\/wp\/v2\/categories?post=153744"},{"taxonomy":"post_tag","embeddable":true,"href":"https:\/\/radioljubuski.ba\/index.php\/wp-json\/wp\/v2\/tags?post=153744"}],"curies":[{"name":"wp","href":"https:\/\/api.w.org\/{rel}","templated":true}]}}