{"id":153789,"date":"2022-06-27T08:05:49","date_gmt":"2022-06-27T07:05:49","guid":{"rendered":"https:\/\/radioljubuski.ba\/?p=153789"},"modified":"2022-06-27T08:05:50","modified_gmt":"2022-06-27T07:05:50","slug":"novi-menadzer-manchester-uniteda-promijenio-sve-terene-u-trening-centru","status":"publish","type":"post","link":"https:\/\/radioljubuski.ba\/index.php\/2022\/06\/27\/novi-menadzer-manchester-uniteda-promijenio-sve-terene-u-trening-centru\/","title":{"rendered":"Novi menad\u017eer Manchester Uniteda promijenio sve terene u trening centru"},"content":{"rendered":"\n<p>Nogometa\u0161i Manchester Uniteda danas po\u010dinju s pripremama za novu sezonu, a menad\u017eer kluba Erik ten Hag ve\u0107 je stigao u ovaj grad i u klupskom trening centru dao prva i konkretna uputstva.<\/p>\n\n\n\n<p>Engleski mediji pi\u0161u da je Ten Hag, izme\u0111u ostalog, dao konkretna uputstva u vezi s travnatom povr\u0161inom u klupskom trening centru, a on je od osoblja tra\u017eio da se trava na svim terenima za trening skrati na to\u010dno 15 milimetara.<\/p>\n\n\n\n<p>Dalje se navodi kako ovaj stru\u010dnjak vjeruje da \u0107e takva trava pomo\u0107i igra\u010dima da pobolj\u0161aju vje\u0161tinu dodavanja, kao i da ubrzaju igru. Ranije je najavio da \u0107e se puno vi\u0161e fokusirati na vje\u017ebe s loptom, kao i na tjelesnu spremu igra\u010da.<\/p>\n\n\n\n<p>Iako navija\u010di Crvenih \u0111avola podr\u017eavaju Ten Haga i prve ideje koje je donio u klub, oni su s druge strane izuzetno nezadovoljni jer \u010delni\u0161tvo kluba jo\u0161 uvijek nije zavr\u0161ilo nijedno poja\u010danje, a jasno je da im treba minimalno \u010detiri ili pet provjerenih poja\u010danja kako bi se vratili u borbu za mjesto u Ligi prvaka.<\/p>\n\n\n\n<p>O \u0161ampionskim ambicijama, realno, te\u0161ko je govoriti, posebno znaju\u0107i da \u0107e naredne sezone Manchester City i Liverpool biti jo\u0161 sna\u017eniji, a sigurno je da \u0107e svoju igru i kvalitet nastupa dodatno popraviti i Chelsea, Tottenham pa i Arsenal.<\/p>\n\n\n\n<p>Mediji u Engleskoj su pisali da bi zbog takvog odnosa \u010delnika prema klubu iz Manchester Uniteda mogao oti\u0107i Cristiano Ronaldo, no sigurno je da bi se situacija znatno promijenila ukoliko bi Crveni \u0111avoli uspjeli zavr\u0161iti transfer Frenkiea de Jonga iz Barcelone i to posebno u trenucima kada je &#8220;razlika&#8221; u tra\u017eenoj cijeni samo desetak miliona.<\/p>\n\n\n\n<p>Njegov dolazak bi, s druge strane, pokazao jednu potpunu drugug stranu Manchester Uniteda.<\/p>\n\n\n\n<p>izvor: klix.ba<\/p>\n","protected":false},"excerpt":{"rendered":"<p>Nogometa\u0161i Manchester Uniteda danas po\u010dinju s pripremama za novu sezonu, a menad\u017eer kluba Erik ten Hag ve\u0107 je stigao u ovaj grad i u klupskom trening centru dao prva i konkretna uputstva. Engleski mediji pi\u0161u da je Ten Hag, izme\u0111u ostalog, dao konkretna uputstva u vezi s travnatom povr\u0161inom u klupskom trening centru, a on [&hellip;]<\/p>\n","protected":false},"author":2,"featured_media":153793,"comment_status":"closed","ping_status":"closed","sticky":false,"template":"","format":"standard","meta":{"h5ap_radio_sources":[],"footnotes":""},"categories":[7],"tags":[],"class_list":["post-153789","post","type-post","status-publish","format-standard","has-post-thumbnail","hentry","category-sport"],"yoast_head":"<!-- This site is optimized with the Yoast SEO plugin v27.5 - https:\/\/yoast.com\/product\/yoast-seo-wordpress\/ -->\n<title>Novi menad\u017eer Manchester Uniteda promijenio sve terene u trening centru - RADIO LJUBU\u0160KI<\/title>\n<meta name=\"robots\" content=\"index, follow, max-snippet:-1, max-image-preview:large, max-video-preview:-1\" \/>\n<link rel=\"canonical\" href=\"https:\/\/radioljubuski.ba\/index.php\/2022\/06\/27\/novi-menadzer-manchester-uniteda-promijenio-sve-terene-u-trening-centru\/\" \/>\n<meta property=\"og:locale\" content=\"hr_HR\" \/>\n<meta property=\"og:type\" content=\"article\" \/>\n<meta property=\"og:title\" content=\"Novi menad\u017eer Manchester Uniteda promijenio sve terene u trening centru - RADIO LJUBU\u0160KI\" \/>\n<meta property=\"og:description\" content=\"Nogometa\u0161i Manchester Uniteda danas po\u010dinju s pripremama za novu sezonu, a menad\u017eer kluba Erik ten Hag ve\u0107 je stigao u ovaj grad i u klupskom trening centru dao prva i konkretna uputstva. Engleski mediji pi\u0161u da je Ten Hag, izme\u0111u ostalog, dao konkretna uputstva u vezi s travnatom povr\u0161inom u klupskom trening centru, a on [&hellip;]\" \/>\n<meta property=\"og:url\" content=\"https:\/\/radioljubuski.ba\/index.php\/2022\/06\/27\/novi-menadzer-manchester-uniteda-promijenio-sve-terene-u-trening-centru\/\" \/>\n<meta property=\"og:site_name\" content=\"RADIO LJUBU\u0160KI\" \/>\n<meta property=\"article:publisher\" content=\"https:\/\/www.facebook.com\/Radiio-Ljubuski-1490835324566332\" \/>\n<meta property=\"article:published_time\" content=\"2022-06-27T07:05:49+00:00\" \/>\n<meta property=\"article:modified_time\" content=\"2022-06-27T07:05:50+00:00\" \/>\n<meta property=\"og:image\" content=\"https:\/\/radioljubuski.ba\/wp-content\/uploads\/2022\/06\/erik.jpg\" \/>\n\t<meta property=\"og:image:width\" content=\"300\" \/>\n\t<meta property=\"og:image:height\" content=\"168\" \/>\n\t<meta property=\"og:image:type\" content=\"image\/jpeg\" \/>\n<meta name=\"author\" content=\"Radio Ljubu\u0161ki\" \/>\n<meta name=\"twitter:card\" content=\"summary_large_image\" \/>\n<meta name=\"twitter:creator\" content=\"@radioljubuski\" \/>\n<meta name=\"twitter:site\" content=\"@radioljubuski\" \/>\n<meta name=\"twitter:label1\" content=\"Napisao\/la\" \/>\n\t<meta name=\"twitter:data1\" content=\"Radio Ljubu\u0161ki\" \/>\n\t<meta name=\"twitter:label2\" content=\"Procijenjeno vrijeme \u010ditanja\" \/>\n\t<meta name=\"twitter:data2\" content=\"2 minute\" \/>\n<script type=\"application\/ld+json\" class=\"yoast-schema-graph\">{\"@context\":\"https:\\\/\\\/schema.org\",\"@graph\":[{\"@type\":\"Article\",\"@id\":\"https:\\\/\\\/radioljubuski.ba\\\/index.php\\\/2022\\\/06\\\/27\\\/novi-menadzer-manchester-uniteda-promijenio-sve-terene-u-trening-centru\\\/#article\",\"isPartOf\":{\"@id\":\"https:\\\/\\\/radioljubuski.ba\\\/index.php\\\/2022\\\/06\\\/27\\\/novi-menadzer-manchester-uniteda-promijenio-sve-terene-u-trening-centru\\\/\"},\"author\":{\"name\":\"Radio Ljubu\u0161ki\",\"@id\":\"https:\\\/\\\/radioljubuski.ba\\\/#\\\/schema\\\/person\\\/19fc700381a780f69665d7956c469e3b\"},\"headline\":\"Novi menad\u017eer Manchester Uniteda promijenio sve terene u trening centru\",\"datePublished\":\"2022-06-27T07:05:49+00:00\",\"dateModified\":\"2022-06-27T07:05:50+00:00\",\"mainEntityOfPage\":{\"@id\":\"https:\\\/\\\/radioljubuski.ba\\\/index.php\\\/2022\\\/06\\\/27\\\/novi-menadzer-manchester-uniteda-promijenio-sve-terene-u-trening-centru\\\/\"},\"wordCount\":314,\"publisher\":{\"@id\":\"https:\\\/\\\/radioljubuski.ba\\\/#organization\"},\"image\":{\"@id\":\"https:\\\/\\\/radioljubuski.ba\\\/index.php\\\/2022\\\/06\\\/27\\\/novi-menadzer-manchester-uniteda-promijenio-sve-terene-u-trening-centru\\\/#primaryimage\"},\"thumbnailUrl\":\"https:\\\/\\\/radioljubuski.ba\\\/wp-content\\\/uploads\\\/2022\\\/06\\\/erik.jpg\",\"articleSection\":[\"\u0160port\"],\"inLanguage\":\"hr\"},{\"@type\":\"WebPage\",\"@id\":\"https:\\\/\\\/radioljubuski.ba\\\/index.php\\\/2022\\\/06\\\/27\\\/novi-menadzer-manchester-uniteda-promijenio-sve-terene-u-trening-centru\\\/\",\"url\":\"https:\\\/\\\/radioljubuski.ba\\\/index.php\\\/2022\\\/06\\\/27\\\/novi-menadzer-manchester-uniteda-promijenio-sve-terene-u-trening-centru\\\/\",\"name\":\"Novi menad\u017eer Manchester Uniteda promijenio sve terene u trening centru - RADIO LJUBU\u0160KI\",\"isPartOf\":{\"@id\":\"https:\\\/\\\/radioljubuski.ba\\\/#website\"},\"primaryImageOfPage\":{\"@id\":\"https:\\\/\\\/radioljubuski.ba\\\/index.php\\\/2022\\\/06\\\/27\\\/novi-menadzer-manchester-uniteda-promijenio-sve-terene-u-trening-centru\\\/#primaryimage\"},\"image\":{\"@id\":\"https:\\\/\\\/radioljubuski.ba\\\/index.php\\\/2022\\\/06\\\/27\\\/novi-menadzer-manchester-uniteda-promijenio-sve-terene-u-trening-centru\\\/#primaryimage\"},\"thumbnailUrl\":\"https:\\\/\\\/radioljubuski.ba\\\/wp-content\\\/uploads\\\/2022\\\/06\\\/erik.jpg\",\"datePublished\":\"2022-06-27T07:05:49+00:00\",\"dateModified\":\"2022-06-27T07:05:50+00:00\",\"breadcrumb\":{\"@id\":\"https:\\\/\\\/radioljubuski.ba\\\/index.php\\\/2022\\\/06\\\/27\\\/novi-menadzer-manchester-uniteda-promijenio-sve-terene-u-trening-centru\\\/#breadcrumb\"},\"inLanguage\":\"hr\",\"potentialAction\":[{\"@type\":\"ReadAction\",\"target\":[\"https:\\\/\\\/radioljubuski.ba\\\/index.php\\\/2022\\\/06\\\/27\\\/novi-menadzer-manchester-uniteda-promijenio-sve-terene-u-trening-centru\\\/\"]}]},{\"@type\":\"ImageObject\",\"inLanguage\":\"hr\",\"@id\":\"https:\\\/\\\/radioljubuski.ba\\\/index.php\\\/2022\\\/06\\\/27\\\/novi-menadzer-manchester-uniteda-promijenio-sve-terene-u-trening-centru\\\/#primaryimage\",\"url\":\"https:\\\/\\\/radioljubuski.ba\\\/wp-content\\\/uploads\\\/2022\\\/06\\\/erik.jpg\",\"contentUrl\":\"https:\\\/\\\/radioljubuski.ba\\\/wp-content\\\/uploads\\\/2022\\\/06\\\/erik.jpg\",\"width\":300,\"height\":168},{\"@type\":\"BreadcrumbList\",\"@id\":\"https:\\\/\\\/radioljubuski.ba\\\/index.php\\\/2022\\\/06\\\/27\\\/novi-menadzer-manchester-uniteda-promijenio-sve-terene-u-trening-centru\\\/#breadcrumb\",\"itemListElement\":[{\"@type\":\"ListItem\",\"position\":1,\"name\":\"Po\u010detna stranica\",\"item\":\"https:\\\/\\\/radioljubuski.ba\\\/\"},{\"@type\":\"ListItem\",\"position\":2,\"name\":\"Novi menad\u017eer Manchester Uniteda promijenio sve terene u trening centru\"}]},{\"@type\":\"WebSite\",\"@id\":\"https:\\\/\\\/radioljubuski.ba\\\/#website\",\"url\":\"https:\\\/\\\/radioljubuski.ba\\\/\",\"name\":\"Radio Ljubu\u0161ki\",\"description\":\"Sun\u010dana frekvencija Hercegovine\",\"publisher\":{\"@id\":\"https:\\\/\\\/radioljubuski.ba\\\/#organization\"},\"potentialAction\":[{\"@type\":\"SearchAction\",\"target\":{\"@type\":\"EntryPoint\",\"urlTemplate\":\"https:\\\/\\\/radioljubuski.ba\\\/?s={search_term_string}\"},\"query-input\":{\"@type\":\"PropertyValueSpecification\",\"valueRequired\":true,\"valueName\":\"search_term_string\"}}],\"inLanguage\":\"hr\"},{\"@type\":\"Organization\",\"@id\":\"https:\\\/\\\/radioljubuski.ba\\\/#organization\",\"name\":\"Radio Ljubu\u0161ki\",\"url\":\"https:\\\/\\\/radioljubuski.ba\\\/\",\"logo\":{\"@type\":\"ImageObject\",\"inLanguage\":\"hr\",\"@id\":\"https:\\\/\\\/radioljubuski.ba\\\/#\\\/schema\\\/logo\\\/image\\\/\",\"url\":\"https:\\\/\\\/radioljubuski.ba\\\/wp-content\\\/uploads\\\/2021\\\/02\\\/cropped-Radio_Ljubuski_logo1.jpg\",\"contentUrl\":\"https:\\\/\\\/radioljubuski.ba\\\/wp-content\\\/uploads\\\/2021\\\/02\\\/cropped-Radio_Ljubuski_logo1.jpg\",\"width\":512,\"height\":512,\"caption\":\"Radio Ljubu\u0161ki\"},\"image\":{\"@id\":\"https:\\\/\\\/radioljubuski.ba\\\/#\\\/schema\\\/logo\\\/image\\\/\"},\"sameAs\":[\"https:\\\/\\\/www.facebook.com\\\/Radiio-Ljubuski-1490835324566332\",\"https:\\\/\\\/x.com\\\/radioljubuski\",\"https:\\\/\\\/hr.linkedin.com\\\/company\\\/radio-ljubuski\",\"https:\\\/\\\/www.youtube.com\\\/channel\\\/UCHYaeO_n0Db3tjNGudGpXyw\"]},{\"@type\":\"Person\",\"@id\":\"https:\\\/\\\/radioljubuski.ba\\\/#\\\/schema\\\/person\\\/19fc700381a780f69665d7956c469e3b\",\"name\":\"Radio Ljubu\u0161ki\"}]}<\/script>\n<!-- \/ Yoast SEO plugin. -->","yoast_head_json":{"title":"Novi menad\u017eer Manchester Uniteda promijenio sve terene u trening centru - RADIO LJUBU\u0160KI","robots":{"index":"index","follow":"follow","max-snippet":"max-snippet:-1","max-image-preview":"max-image-preview:large","max-video-preview":"max-video-preview:-1"},"canonical":"https:\/\/radioljubuski.ba\/index.php\/2022\/06\/27\/novi-menadzer-manchester-uniteda-promijenio-sve-terene-u-trening-centru\/","og_locale":"hr_HR","og_type":"article","og_title":"Novi menad\u017eer Manchester Uniteda promijenio sve terene u trening centru - RADIO LJUBU\u0160KI","og_description":"Nogometa\u0161i Manchester Uniteda danas po\u010dinju s pripremama za novu sezonu, a menad\u017eer kluba Erik ten Hag ve\u0107 je stigao u ovaj grad i u klupskom trening centru dao prva i konkretna uputstva. Engleski mediji pi\u0161u da je Ten Hag, izme\u0111u ostalog, dao konkretna uputstva u vezi s travnatom povr\u0161inom u klupskom trening centru, a on [&hellip;]","og_url":"https:\/\/radioljubuski.ba\/index.php\/2022\/06\/27\/novi-menadzer-manchester-uniteda-promijenio-sve-terene-u-trening-centru\/","og_site_name":"RADIO LJUBU\u0160KI","article_publisher":"https:\/\/www.facebook.com\/Radiio-Ljubuski-1490835324566332","article_published_time":"2022-06-27T07:05:49+00:00","article_modified_time":"2022-06-27T07:05:50+00:00","og_image":[{"width":300,"height":168,"url":"https:\/\/radioljubuski.ba\/wp-content\/uploads\/2022\/06\/erik.jpg","type":"image\/jpeg"}],"author":"Radio Ljubu\u0161ki","twitter_card":"summary_large_image","twitter_creator":"@radioljubuski","twitter_site":"@radioljubuski","twitter_misc":{"Napisao\/la":"Radio Ljubu\u0161ki","Procijenjeno vrijeme \u010ditanja":"2 minute"},"schema":{"@context":"https:\/\/schema.org","@graph":[{"@type":"Article","@id":"https:\/\/radioljubuski.ba\/index.php\/2022\/06\/27\/novi-menadzer-manchester-uniteda-promijenio-sve-terene-u-trening-centru\/#article","isPartOf":{"@id":"https:\/\/radioljubuski.ba\/index.php\/2022\/06\/27\/novi-menadzer-manchester-uniteda-promijenio-sve-terene-u-trening-centru\/"},"author":{"name":"Radio Ljubu\u0161ki","@id":"https:\/\/radioljubuski.ba\/#\/schema\/person\/19fc700381a780f69665d7956c469e3b"},"headline":"Novi menad\u017eer Manchester Uniteda promijenio sve terene u trening centru","datePublished":"2022-06-27T07:05:49+00:00","dateModified":"2022-06-27T07:05:50+00:00","mainEntityOfPage":{"@id":"https:\/\/radioljubuski.ba\/index.php\/2022\/06\/27\/novi-menadzer-manchester-uniteda-promijenio-sve-terene-u-trening-centru\/"},"wordCount":314,"publisher":{"@id":"https:\/\/radioljubuski.ba\/#organization"},"image":{"@id":"https:\/\/radioljubuski.ba\/index.php\/2022\/06\/27\/novi-menadzer-manchester-uniteda-promijenio-sve-terene-u-trening-centru\/#primaryimage"},"thumbnailUrl":"https:\/\/radioljubuski.ba\/wp-content\/uploads\/2022\/06\/erik.jpg","articleSection":["\u0160port"],"inLanguage":"hr"},{"@type":"WebPage","@id":"https:\/\/radioljubuski.ba\/index.php\/2022\/06\/27\/novi-menadzer-manchester-uniteda-promijenio-sve-terene-u-trening-centru\/","url":"https:\/\/radioljubuski.ba\/index.php\/2022\/06\/27\/novi-menadzer-manchester-uniteda-promijenio-sve-terene-u-trening-centru\/","name":"Novi menad\u017eer Manchester Uniteda promijenio sve terene u trening centru - RADIO LJUBU\u0160KI","isPartOf":{"@id":"https:\/\/radioljubuski.ba\/#website"},"primaryImageOfPage":{"@id":"https:\/\/radioljubuski.ba\/index.php\/2022\/06\/27\/novi-menadzer-manchester-uniteda-promijenio-sve-terene-u-trening-centru\/#primaryimage"},"image":{"@id":"https:\/\/radioljubuski.ba\/index.php\/2022\/06\/27\/novi-menadzer-manchester-uniteda-promijenio-sve-terene-u-trening-centru\/#primaryimage"},"thumbnailUrl":"https:\/\/radioljubuski.ba\/wp-content\/uploads\/2022\/06\/erik.jpg","datePublished":"2022-06-27T07:05:49+00:00","dateModified":"2022-06-27T07:05:50+00:00","breadcrumb":{"@id":"https:\/\/radioljubuski.ba\/index.php\/2022\/06\/27\/novi-menadzer-manchester-uniteda-promijenio-sve-terene-u-trening-centru\/#breadcrumb"},"inLanguage":"hr","potentialAction":[{"@type":"ReadAction","target":["https:\/\/radioljubuski.ba\/index.php\/2022\/06\/27\/novi-menadzer-manchester-uniteda-promijenio-sve-terene-u-trening-centru\/"]}]},{"@type":"ImageObject","inLanguage":"hr","@id":"https:\/\/radioljubuski.ba\/index.php\/2022\/06\/27\/novi-menadzer-manchester-uniteda-promijenio-sve-terene-u-trening-centru\/#primaryimage","url":"https:\/\/radioljubuski.ba\/wp-content\/uploads\/2022\/06\/erik.jpg","contentUrl":"https:\/\/radioljubuski.ba\/wp-content\/uploads\/2022\/06\/erik.jpg","width":300,"height":168},{"@type":"BreadcrumbList","@id":"https:\/\/radioljubuski.ba\/index.php\/2022\/06\/27\/novi-menadzer-manchester-uniteda-promijenio-sve-terene-u-trening-centru\/#breadcrumb","itemListElement":[{"@type":"ListItem","position":1,"name":"Po\u010detna stranica","item":"https:\/\/radioljubuski.ba\/"},{"@type":"ListItem","position":2,"name":"Novi menad\u017eer Manchester Uniteda promijenio sve terene u trening centru"}]},{"@type":"WebSite","@id":"https:\/\/radioljubuski.ba\/#website","url":"https:\/\/radioljubuski.ba\/","name":"Radio Ljubu\u0161ki","description":"Sun\u010dana frekvencija Hercegovine","publisher":{"@id":"https:\/\/radioljubuski.ba\/#organization"},"potentialAction":[{"@type":"SearchAction","target":{"@type":"EntryPoint","urlTemplate":"https:\/\/radioljubuski.ba\/?s={search_term_string}"},"query-input":{"@type":"PropertyValueSpecification","valueRequired":true,"valueName":"search_term_string"}}],"inLanguage":"hr"},{"@type":"Organization","@id":"https:\/\/radioljubuski.ba\/#organization","name":"Radio Ljubu\u0161ki","url":"https:\/\/radioljubuski.ba\/","logo":{"@type":"ImageObject","inLanguage":"hr","@id":"https:\/\/radioljubuski.ba\/#\/schema\/logo\/image\/","url":"https:\/\/radioljubuski.ba\/wp-content\/uploads\/2021\/02\/cropped-Radio_Ljubuski_logo1.jpg","contentUrl":"https:\/\/radioljubuski.ba\/wp-content\/uploads\/2021\/02\/cropped-Radio_Ljubuski_logo1.jpg","width":512,"height":512,"caption":"Radio Ljubu\u0161ki"},"image":{"@id":"https:\/\/radioljubuski.ba\/#\/schema\/logo\/image\/"},"sameAs":["https:\/\/www.facebook.com\/Radiio-Ljubuski-1490835324566332","https:\/\/x.com\/radioljubuski","https:\/\/hr.linkedin.com\/company\/radio-ljubuski","https:\/\/www.youtube.com\/channel\/UCHYaeO_n0Db3tjNGudGpXyw"]},{"@type":"Person","@id":"https:\/\/radioljubuski.ba\/#\/schema\/person\/19fc700381a780f69665d7956c469e3b","name":"Radio Ljubu\u0161ki"}]}},"_links":{"self":[{"href":"https:\/\/radioljubuski.ba\/index.php\/wp-json\/wp\/v2\/posts\/153789","targetHints":{"allow":["GET"]}}],"collection":[{"href":"https:\/\/radioljubuski.ba\/index.php\/wp-json\/wp\/v2\/posts"}],"about":[{"href":"https:\/\/radioljubuski.ba\/index.php\/wp-json\/wp\/v2\/types\/post"}],"author":[{"embeddable":true,"href":"https:\/\/radioljubuski.ba\/index.php\/wp-json\/wp\/v2\/users\/2"}],"replies":[{"embeddable":true,"href":"https:\/\/radioljubuski.ba\/index.php\/wp-json\/wp\/v2\/comments?post=153789"}],"version-history":[{"count":1,"href":"https:\/\/radioljubuski.ba\/index.php\/wp-json\/wp\/v2\/posts\/153789\/revisions"}],"predecessor-version":[{"id":153794,"href":"https:\/\/radioljubuski.ba\/index.php\/wp-json\/wp\/v2\/posts\/153789\/revisions\/153794"}],"wp:featuredmedia":[{"embeddable":true,"href":"https:\/\/radioljubuski.ba\/index.php\/wp-json\/wp\/v2\/media\/153793"}],"wp:attachment":[{"href":"https:\/\/radioljubuski.ba\/index.php\/wp-json\/wp\/v2\/media?parent=153789"}],"wp:term":[{"taxonomy":"category","embeddable":true,"href":"https:\/\/radioljubuski.ba\/index.php\/wp-json\/wp\/v2\/categories?post=153789"},{"taxonomy":"post_tag","embeddable":true,"href":"https:\/\/radioljubuski.ba\/index.php\/wp-json\/wp\/v2\/tags?post=153789"}],"curies":[{"name":"wp","href":"https:\/\/api.w.org\/{rel}","templated":true}]}}