{"id":153798,"date":"2022-06-27T08:14:54","date_gmt":"2022-06-27T07:14:54","guid":{"rendered":"https:\/\/radioljubuski.ba\/?p=153798"},"modified":"2022-06-27T08:14:55","modified_gmt":"2022-06-27T07:14:55","slug":"odrzana-svecana-akademija-povodom-100-godina-veleza-uz-predstavu-rodeni-za-vjecnost","status":"publish","type":"post","link":"https:\/\/radioljubuski.ba\/index.php\/2022\/06\/27\/odrzana-svecana-akademija-povodom-100-godina-veleza-uz-predstavu-rodeni-za-vjecnost\/","title":{"rendered":"Odr\u017eana sve\u010dana akademija povodom 100 godina Vele\u017ea uz predstavu &#8220;Ro\u0111eni za vje\u010dnost&#8221;"},"content":{"rendered":"\n<p>Sve\u010dana akademija povodom obilje\u017eavanja 100 godina Fudbalskog kluba Vele\u017e odr\u017eana je sino\u0107 u Narodnom pozori\u0161tu Mostar. Uz prisustvo od oko 500 uzvanika, premijerno je izvedena kazali\u0161na predstava pod nazivom &#8220;Ro\u0111eni za vje\u010dnost&#8221; posve\u0107ena stogodi\u0161njoj povijesti Vele\u017ea. U predstavi su igrali Sa\u0161a Oru\u010devi\u0107, Mirsad Tuka, Mirvad Kuri\u0107 i Belma Lizde Kurt.<\/p>\n\n\n\n<p>Me\u0111u gostima su bile brojne poznate osobe iz svijeta sporta, politike i dru\u0161tvenog \u017eivota, a dominirali su biv\u0161i i sada\u0161nji asovi mostarskog kluba.<\/p>\n\n\n\n<p>U pozori\u0161te su tako stigli Vahid Halilhod\u017ei\u0107, Meho Kodro, Amar Osim, Fadil Novali\u0107, Denis Zvizdi\u0107, \u0160emsudin Hasi\u0107, D\u017eemal Had\u017eiabdi\u0107, Sejo Kajtaz, Enver Mari\u0107, Anel Karabeg, Admir Velagi\u0107, Admir Vladavi\u0107, Elvir \u010coli\u0107, Emir Bali\u0107, Adnan D\u017eemid\u017ei\u0107&#8230;<\/p>\n\n\n\n<p>&#8220;S velikim zadovoljstvom sam do\u0161ao tu. Ovo je klub koji je imao te\u0161kih trenutaka. Ja sam puno zahvalan Vele\u017eu, zahvaljuju\u0107i njemu napravio sam ne\u0161to u \u017eivotu. Izabrao sam nogomet, nisam se prevario i proveo sam u ovom klubu 13 godina. Moja zadnja utakmica u dresu Vele\u017ea bilo je osvajanje Kupa Mar\u0161ala Tita, to su nevjerovatna vremena&#8221;, rekao je Halilhod\u017ei\u0107 okupljenjim medijim prije samog po\u010detka ceremonije.<\/p>\n\n\n\n<p>Proslava povodom 100. ro\u0111endana Vele\u017ea je nastavljena na gradskom trgu Musala na kojem je odr\u017ean veliki slavljeni\u010dki koncert na kojem je nastupilo nekoliko pjeva\u010da i bendova.<\/p>\n\n\n\n<p>Glazbeni spektakl pripremili su Sa\u0161a \u0110ermanovi\u0107, Elvedin Deli\u0107-Dela, Adnan Jerlagi\u0107, \u010cizma i Proleteri, Branko \u0110uri\u0107 \u2013 \u0110uro s grupom Bombaj \u0161tampa i jedinstveni Red Army Band.<\/p>\n\n\n\n<p>Podsjetimo, navija\u010di Vele\u017ea su sino\u0107 to\u010dno u pono\u0107 priredili spektakularan performans pirotehni\u010dkim sredstvima tako da je Mostar bio u potpunosti obojen u crvenu boju.<\/p>\n\n\n\n<p>klix.ba<\/p>\n","protected":false},"excerpt":{"rendered":"<p>Sve\u010dana akademija povodom obilje\u017eavanja 100 godina Fudbalskog kluba Vele\u017e odr\u017eana je sino\u0107 u Narodnom pozori\u0161tu Mostar. Uz prisustvo od oko 500 uzvanika, premijerno je izvedena kazali\u0161na predstava pod nazivom &#8220;Ro\u0111eni za vje\u010dnost&#8221; posve\u0107ena stogodi\u0161njoj povijesti Vele\u017ea. U predstavi su igrali Sa\u0161a Oru\u010devi\u0107, Mirsad Tuka, Mirvad Kuri\u0107 i Belma Lizde Kurt. Me\u0111u gostima su bile brojne [&hellip;]<\/p>\n","protected":false},"author":2,"featured_media":153803,"comment_status":"closed","ping_status":"closed","sticky":false,"template":"","format":"standard","meta":{"h5ap_radio_sources":[],"footnotes":""},"categories":[7],"tags":[],"class_list":["post-153798","post","type-post","status-publish","format-standard","has-post-thumbnail","hentry","category-sport"],"yoast_head":"<!-- This site is optimized with the Yoast SEO plugin v27.5 - https:\/\/yoast.com\/product\/yoast-seo-wordpress\/ -->\n<title>Odr\u017eana sve\u010dana akademija povodom 100 godina Vele\u017ea uz predstavu &quot;Ro\u0111eni za vje\u010dnost&quot; - RADIO LJUBU\u0160KI<\/title>\n<meta name=\"robots\" content=\"index, follow, max-snippet:-1, max-image-preview:large, max-video-preview:-1\" \/>\n<link rel=\"canonical\" href=\"https:\/\/radioljubuski.ba\/index.php\/2022\/06\/27\/odrzana-svecana-akademija-povodom-100-godina-veleza-uz-predstavu-rodeni-za-vjecnost\/\" \/>\n<meta property=\"og:locale\" content=\"hr_HR\" \/>\n<meta property=\"og:type\" content=\"article\" \/>\n<meta property=\"og:title\" content=\"Odr\u017eana sve\u010dana akademija povodom 100 godina Vele\u017ea uz predstavu &quot;Ro\u0111eni za vje\u010dnost&quot; - RADIO LJUBU\u0160KI\" \/>\n<meta property=\"og:description\" content=\"Sve\u010dana akademija povodom obilje\u017eavanja 100 godina Fudbalskog kluba Vele\u017e odr\u017eana je sino\u0107 u Narodnom pozori\u0161tu Mostar. Uz prisustvo od oko 500 uzvanika, premijerno je izvedena kazali\u0161na predstava pod nazivom &#8220;Ro\u0111eni za vje\u010dnost&#8221; posve\u0107ena stogodi\u0161njoj povijesti Vele\u017ea. U predstavi su igrali Sa\u0161a Oru\u010devi\u0107, Mirsad Tuka, Mirvad Kuri\u0107 i Belma Lizde Kurt. Me\u0111u gostima su bile brojne [&hellip;]\" \/>\n<meta property=\"og:url\" content=\"https:\/\/radioljubuski.ba\/index.php\/2022\/06\/27\/odrzana-svecana-akademija-povodom-100-godina-veleza-uz-predstavu-rodeni-za-vjecnost\/\" \/>\n<meta property=\"og:site_name\" content=\"RADIO LJUBU\u0160KI\" \/>\n<meta property=\"article:publisher\" content=\"https:\/\/www.facebook.com\/Radiio-Ljubuski-1490835324566332\" \/>\n<meta property=\"article:published_time\" content=\"2022-06-27T07:14:54+00:00\" \/>\n<meta property=\"article:modified_time\" content=\"2022-06-27T07:14:55+00:00\" \/>\n<meta property=\"og:image\" content=\"https:\/\/radioljubuski.ba\/wp-content\/uploads\/2022\/06\/festa.jpg\" \/>\n\t<meta property=\"og:image:width\" content=\"275\" \/>\n\t<meta property=\"og:image:height\" content=\"183\" \/>\n\t<meta property=\"og:image:type\" content=\"image\/jpeg\" \/>\n<meta name=\"author\" content=\"Radio Ljubu\u0161ki\" \/>\n<meta name=\"twitter:card\" content=\"summary_large_image\" \/>\n<meta name=\"twitter:creator\" content=\"@radioljubuski\" \/>\n<meta name=\"twitter:site\" content=\"@radioljubuski\" \/>\n<meta name=\"twitter:label1\" content=\"Napisao\/la\" \/>\n\t<meta name=\"twitter:data1\" content=\"Radio Ljubu\u0161ki\" \/>\n\t<meta name=\"twitter:label2\" content=\"Procijenjeno vrijeme \u010ditanja\" \/>\n\t<meta name=\"twitter:data2\" content=\"2 minute\" \/>\n<script type=\"application\/ld+json\" class=\"yoast-schema-graph\">{\"@context\":\"https:\\\/\\\/schema.org\",\"@graph\":[{\"@type\":\"Article\",\"@id\":\"https:\\\/\\\/radioljubuski.ba\\\/index.php\\\/2022\\\/06\\\/27\\\/odrzana-svecana-akademija-povodom-100-godina-veleza-uz-predstavu-rodeni-za-vjecnost\\\/#article\",\"isPartOf\":{\"@id\":\"https:\\\/\\\/radioljubuski.ba\\\/index.php\\\/2022\\\/06\\\/27\\\/odrzana-svecana-akademija-povodom-100-godina-veleza-uz-predstavu-rodeni-za-vjecnost\\\/\"},\"author\":{\"name\":\"Radio Ljubu\u0161ki\",\"@id\":\"https:\\\/\\\/radioljubuski.ba\\\/#\\\/schema\\\/person\\\/19fc700381a780f69665d7956c469e3b\"},\"headline\":\"Odr\u017eana sve\u010dana akademija povodom 100 godina Vele\u017ea uz predstavu &#8220;Ro\u0111eni za vje\u010dnost&#8221;\",\"datePublished\":\"2022-06-27T07:14:54+00:00\",\"dateModified\":\"2022-06-27T07:14:55+00:00\",\"mainEntityOfPage\":{\"@id\":\"https:\\\/\\\/radioljubuski.ba\\\/index.php\\\/2022\\\/06\\\/27\\\/odrzana-svecana-akademija-povodom-100-godina-veleza-uz-predstavu-rodeni-za-vjecnost\\\/\"},\"wordCount\":304,\"publisher\":{\"@id\":\"https:\\\/\\\/radioljubuski.ba\\\/#organization\"},\"image\":{\"@id\":\"https:\\\/\\\/radioljubuski.ba\\\/index.php\\\/2022\\\/06\\\/27\\\/odrzana-svecana-akademija-povodom-100-godina-veleza-uz-predstavu-rodeni-za-vjecnost\\\/#primaryimage\"},\"thumbnailUrl\":\"https:\\\/\\\/radioljubuski.ba\\\/wp-content\\\/uploads\\\/2022\\\/06\\\/festa.jpg\",\"articleSection\":[\"\u0160port\"],\"inLanguage\":\"hr\"},{\"@type\":\"WebPage\",\"@id\":\"https:\\\/\\\/radioljubuski.ba\\\/index.php\\\/2022\\\/06\\\/27\\\/odrzana-svecana-akademija-povodom-100-godina-veleza-uz-predstavu-rodeni-za-vjecnost\\\/\",\"url\":\"https:\\\/\\\/radioljubuski.ba\\\/index.php\\\/2022\\\/06\\\/27\\\/odrzana-svecana-akademija-povodom-100-godina-veleza-uz-predstavu-rodeni-za-vjecnost\\\/\",\"name\":\"Odr\u017eana sve\u010dana akademija povodom 100 godina Vele\u017ea uz predstavu \\\"Ro\u0111eni za vje\u010dnost\\\" - RADIO LJUBU\u0160KI\",\"isPartOf\":{\"@id\":\"https:\\\/\\\/radioljubuski.ba\\\/#website\"},\"primaryImageOfPage\":{\"@id\":\"https:\\\/\\\/radioljubuski.ba\\\/index.php\\\/2022\\\/06\\\/27\\\/odrzana-svecana-akademija-povodom-100-godina-veleza-uz-predstavu-rodeni-za-vjecnost\\\/#primaryimage\"},\"image\":{\"@id\":\"https:\\\/\\\/radioljubuski.ba\\\/index.php\\\/2022\\\/06\\\/27\\\/odrzana-svecana-akademija-povodom-100-godina-veleza-uz-predstavu-rodeni-za-vjecnost\\\/#primaryimage\"},\"thumbnailUrl\":\"https:\\\/\\\/radioljubuski.ba\\\/wp-content\\\/uploads\\\/2022\\\/06\\\/festa.jpg\",\"datePublished\":\"2022-06-27T07:14:54+00:00\",\"dateModified\":\"2022-06-27T07:14:55+00:00\",\"breadcrumb\":{\"@id\":\"https:\\\/\\\/radioljubuski.ba\\\/index.php\\\/2022\\\/06\\\/27\\\/odrzana-svecana-akademija-povodom-100-godina-veleza-uz-predstavu-rodeni-za-vjecnost\\\/#breadcrumb\"},\"inLanguage\":\"hr\",\"potentialAction\":[{\"@type\":\"ReadAction\",\"target\":[\"https:\\\/\\\/radioljubuski.ba\\\/index.php\\\/2022\\\/06\\\/27\\\/odrzana-svecana-akademija-povodom-100-godina-veleza-uz-predstavu-rodeni-za-vjecnost\\\/\"]}]},{\"@type\":\"ImageObject\",\"inLanguage\":\"hr\",\"@id\":\"https:\\\/\\\/radioljubuski.ba\\\/index.php\\\/2022\\\/06\\\/27\\\/odrzana-svecana-akademija-povodom-100-godina-veleza-uz-predstavu-rodeni-za-vjecnost\\\/#primaryimage\",\"url\":\"https:\\\/\\\/radioljubuski.ba\\\/wp-content\\\/uploads\\\/2022\\\/06\\\/festa.jpg\",\"contentUrl\":\"https:\\\/\\\/radioljubuski.ba\\\/wp-content\\\/uploads\\\/2022\\\/06\\\/festa.jpg\",\"width\":275,\"height\":183},{\"@type\":\"BreadcrumbList\",\"@id\":\"https:\\\/\\\/radioljubuski.ba\\\/index.php\\\/2022\\\/06\\\/27\\\/odrzana-svecana-akademija-povodom-100-godina-veleza-uz-predstavu-rodeni-za-vjecnost\\\/#breadcrumb\",\"itemListElement\":[{\"@type\":\"ListItem\",\"position\":1,\"name\":\"Po\u010detna stranica\",\"item\":\"https:\\\/\\\/radioljubuski.ba\\\/\"},{\"@type\":\"ListItem\",\"position\":2,\"name\":\"Odr\u017eana sve\u010dana akademija povodom 100 godina Vele\u017ea uz predstavu &#8220;Ro\u0111eni za vje\u010dnost&#8221;\"}]},{\"@type\":\"WebSite\",\"@id\":\"https:\\\/\\\/radioljubuski.ba\\\/#website\",\"url\":\"https:\\\/\\\/radioljubuski.ba\\\/\",\"name\":\"Radio Ljubu\u0161ki\",\"description\":\"Sun\u010dana frekvencija Hercegovine\",\"publisher\":{\"@id\":\"https:\\\/\\\/radioljubuski.ba\\\/#organization\"},\"potentialAction\":[{\"@type\":\"SearchAction\",\"target\":{\"@type\":\"EntryPoint\",\"urlTemplate\":\"https:\\\/\\\/radioljubuski.ba\\\/?s={search_term_string}\"},\"query-input\":{\"@type\":\"PropertyValueSpecification\",\"valueRequired\":true,\"valueName\":\"search_term_string\"}}],\"inLanguage\":\"hr\"},{\"@type\":\"Organization\",\"@id\":\"https:\\\/\\\/radioljubuski.ba\\\/#organization\",\"name\":\"Radio Ljubu\u0161ki\",\"url\":\"https:\\\/\\\/radioljubuski.ba\\\/\",\"logo\":{\"@type\":\"ImageObject\",\"inLanguage\":\"hr\",\"@id\":\"https:\\\/\\\/radioljubuski.ba\\\/#\\\/schema\\\/logo\\\/image\\\/\",\"url\":\"https:\\\/\\\/radioljubuski.ba\\\/wp-content\\\/uploads\\\/2021\\\/02\\\/cropped-Radio_Ljubuski_logo1.jpg\",\"contentUrl\":\"https:\\\/\\\/radioljubuski.ba\\\/wp-content\\\/uploads\\\/2021\\\/02\\\/cropped-Radio_Ljubuski_logo1.jpg\",\"width\":512,\"height\":512,\"caption\":\"Radio Ljubu\u0161ki\"},\"image\":{\"@id\":\"https:\\\/\\\/radioljubuski.ba\\\/#\\\/schema\\\/logo\\\/image\\\/\"},\"sameAs\":[\"https:\\\/\\\/www.facebook.com\\\/Radiio-Ljubuski-1490835324566332\",\"https:\\\/\\\/x.com\\\/radioljubuski\",\"https:\\\/\\\/hr.linkedin.com\\\/company\\\/radio-ljubuski\",\"https:\\\/\\\/www.youtube.com\\\/channel\\\/UCHYaeO_n0Db3tjNGudGpXyw\"]},{\"@type\":\"Person\",\"@id\":\"https:\\\/\\\/radioljubuski.ba\\\/#\\\/schema\\\/person\\\/19fc700381a780f69665d7956c469e3b\",\"name\":\"Radio Ljubu\u0161ki\"}]}<\/script>\n<!-- \/ Yoast SEO plugin. -->","yoast_head_json":{"title":"Odr\u017eana sve\u010dana akademija povodom 100 godina Vele\u017ea uz predstavu \"Ro\u0111eni za vje\u010dnost\" - RADIO LJUBU\u0160KI","robots":{"index":"index","follow":"follow","max-snippet":"max-snippet:-1","max-image-preview":"max-image-preview:large","max-video-preview":"max-video-preview:-1"},"canonical":"https:\/\/radioljubuski.ba\/index.php\/2022\/06\/27\/odrzana-svecana-akademija-povodom-100-godina-veleza-uz-predstavu-rodeni-za-vjecnost\/","og_locale":"hr_HR","og_type":"article","og_title":"Odr\u017eana sve\u010dana akademija povodom 100 godina Vele\u017ea uz predstavu \"Ro\u0111eni za vje\u010dnost\" - RADIO LJUBU\u0160KI","og_description":"Sve\u010dana akademija povodom obilje\u017eavanja 100 godina Fudbalskog kluba Vele\u017e odr\u017eana je sino\u0107 u Narodnom pozori\u0161tu Mostar. Uz prisustvo od oko 500 uzvanika, premijerno je izvedena kazali\u0161na predstava pod nazivom &#8220;Ro\u0111eni za vje\u010dnost&#8221; posve\u0107ena stogodi\u0161njoj povijesti Vele\u017ea. U predstavi su igrali Sa\u0161a Oru\u010devi\u0107, Mirsad Tuka, Mirvad Kuri\u0107 i Belma Lizde Kurt. Me\u0111u gostima su bile brojne [&hellip;]","og_url":"https:\/\/radioljubuski.ba\/index.php\/2022\/06\/27\/odrzana-svecana-akademija-povodom-100-godina-veleza-uz-predstavu-rodeni-za-vjecnost\/","og_site_name":"RADIO LJUBU\u0160KI","article_publisher":"https:\/\/www.facebook.com\/Radiio-Ljubuski-1490835324566332","article_published_time":"2022-06-27T07:14:54+00:00","article_modified_time":"2022-06-27T07:14:55+00:00","og_image":[{"width":275,"height":183,"url":"https:\/\/radioljubuski.ba\/wp-content\/uploads\/2022\/06\/festa.jpg","type":"image\/jpeg"}],"author":"Radio Ljubu\u0161ki","twitter_card":"summary_large_image","twitter_creator":"@radioljubuski","twitter_site":"@radioljubuski","twitter_misc":{"Napisao\/la":"Radio Ljubu\u0161ki","Procijenjeno vrijeme \u010ditanja":"2 minute"},"schema":{"@context":"https:\/\/schema.org","@graph":[{"@type":"Article","@id":"https:\/\/radioljubuski.ba\/index.php\/2022\/06\/27\/odrzana-svecana-akademija-povodom-100-godina-veleza-uz-predstavu-rodeni-za-vjecnost\/#article","isPartOf":{"@id":"https:\/\/radioljubuski.ba\/index.php\/2022\/06\/27\/odrzana-svecana-akademija-povodom-100-godina-veleza-uz-predstavu-rodeni-za-vjecnost\/"},"author":{"name":"Radio Ljubu\u0161ki","@id":"https:\/\/radioljubuski.ba\/#\/schema\/person\/19fc700381a780f69665d7956c469e3b"},"headline":"Odr\u017eana sve\u010dana akademija povodom 100 godina Vele\u017ea uz predstavu &#8220;Ro\u0111eni za vje\u010dnost&#8221;","datePublished":"2022-06-27T07:14:54+00:00","dateModified":"2022-06-27T07:14:55+00:00","mainEntityOfPage":{"@id":"https:\/\/radioljubuski.ba\/index.php\/2022\/06\/27\/odrzana-svecana-akademija-povodom-100-godina-veleza-uz-predstavu-rodeni-za-vjecnost\/"},"wordCount":304,"publisher":{"@id":"https:\/\/radioljubuski.ba\/#organization"},"image":{"@id":"https:\/\/radioljubuski.ba\/index.php\/2022\/06\/27\/odrzana-svecana-akademija-povodom-100-godina-veleza-uz-predstavu-rodeni-za-vjecnost\/#primaryimage"},"thumbnailUrl":"https:\/\/radioljubuski.ba\/wp-content\/uploads\/2022\/06\/festa.jpg","articleSection":["\u0160port"],"inLanguage":"hr"},{"@type":"WebPage","@id":"https:\/\/radioljubuski.ba\/index.php\/2022\/06\/27\/odrzana-svecana-akademija-povodom-100-godina-veleza-uz-predstavu-rodeni-za-vjecnost\/","url":"https:\/\/radioljubuski.ba\/index.php\/2022\/06\/27\/odrzana-svecana-akademija-povodom-100-godina-veleza-uz-predstavu-rodeni-za-vjecnost\/","name":"Odr\u017eana sve\u010dana akademija povodom 100 godina Vele\u017ea uz predstavu \"Ro\u0111eni za vje\u010dnost\" - RADIO LJUBU\u0160KI","isPartOf":{"@id":"https:\/\/radioljubuski.ba\/#website"},"primaryImageOfPage":{"@id":"https:\/\/radioljubuski.ba\/index.php\/2022\/06\/27\/odrzana-svecana-akademija-povodom-100-godina-veleza-uz-predstavu-rodeni-za-vjecnost\/#primaryimage"},"image":{"@id":"https:\/\/radioljubuski.ba\/index.php\/2022\/06\/27\/odrzana-svecana-akademija-povodom-100-godina-veleza-uz-predstavu-rodeni-za-vjecnost\/#primaryimage"},"thumbnailUrl":"https:\/\/radioljubuski.ba\/wp-content\/uploads\/2022\/06\/festa.jpg","datePublished":"2022-06-27T07:14:54+00:00","dateModified":"2022-06-27T07:14:55+00:00","breadcrumb":{"@id":"https:\/\/radioljubuski.ba\/index.php\/2022\/06\/27\/odrzana-svecana-akademija-povodom-100-godina-veleza-uz-predstavu-rodeni-za-vjecnost\/#breadcrumb"},"inLanguage":"hr","potentialAction":[{"@type":"ReadAction","target":["https:\/\/radioljubuski.ba\/index.php\/2022\/06\/27\/odrzana-svecana-akademija-povodom-100-godina-veleza-uz-predstavu-rodeni-za-vjecnost\/"]}]},{"@type":"ImageObject","inLanguage":"hr","@id":"https:\/\/radioljubuski.ba\/index.php\/2022\/06\/27\/odrzana-svecana-akademija-povodom-100-godina-veleza-uz-predstavu-rodeni-za-vjecnost\/#primaryimage","url":"https:\/\/radioljubuski.ba\/wp-content\/uploads\/2022\/06\/festa.jpg","contentUrl":"https:\/\/radioljubuski.ba\/wp-content\/uploads\/2022\/06\/festa.jpg","width":275,"height":183},{"@type":"BreadcrumbList","@id":"https:\/\/radioljubuski.ba\/index.php\/2022\/06\/27\/odrzana-svecana-akademija-povodom-100-godina-veleza-uz-predstavu-rodeni-za-vjecnost\/#breadcrumb","itemListElement":[{"@type":"ListItem","position":1,"name":"Po\u010detna stranica","item":"https:\/\/radioljubuski.ba\/"},{"@type":"ListItem","position":2,"name":"Odr\u017eana sve\u010dana akademija povodom 100 godina Vele\u017ea uz predstavu &#8220;Ro\u0111eni za vje\u010dnost&#8221;"}]},{"@type":"WebSite","@id":"https:\/\/radioljubuski.ba\/#website","url":"https:\/\/radioljubuski.ba\/","name":"Radio Ljubu\u0161ki","description":"Sun\u010dana frekvencija Hercegovine","publisher":{"@id":"https:\/\/radioljubuski.ba\/#organization"},"potentialAction":[{"@type":"SearchAction","target":{"@type":"EntryPoint","urlTemplate":"https:\/\/radioljubuski.ba\/?s={search_term_string}"},"query-input":{"@type":"PropertyValueSpecification","valueRequired":true,"valueName":"search_term_string"}}],"inLanguage":"hr"},{"@type":"Organization","@id":"https:\/\/radioljubuski.ba\/#organization","name":"Radio Ljubu\u0161ki","url":"https:\/\/radioljubuski.ba\/","logo":{"@type":"ImageObject","inLanguage":"hr","@id":"https:\/\/radioljubuski.ba\/#\/schema\/logo\/image\/","url":"https:\/\/radioljubuski.ba\/wp-content\/uploads\/2021\/02\/cropped-Radio_Ljubuski_logo1.jpg","contentUrl":"https:\/\/radioljubuski.ba\/wp-content\/uploads\/2021\/02\/cropped-Radio_Ljubuski_logo1.jpg","width":512,"height":512,"caption":"Radio Ljubu\u0161ki"},"image":{"@id":"https:\/\/radioljubuski.ba\/#\/schema\/logo\/image\/"},"sameAs":["https:\/\/www.facebook.com\/Radiio-Ljubuski-1490835324566332","https:\/\/x.com\/radioljubuski","https:\/\/hr.linkedin.com\/company\/radio-ljubuski","https:\/\/www.youtube.com\/channel\/UCHYaeO_n0Db3tjNGudGpXyw"]},{"@type":"Person","@id":"https:\/\/radioljubuski.ba\/#\/schema\/person\/19fc700381a780f69665d7956c469e3b","name":"Radio Ljubu\u0161ki"}]}},"_links":{"self":[{"href":"https:\/\/radioljubuski.ba\/index.php\/wp-json\/wp\/v2\/posts\/153798","targetHints":{"allow":["GET"]}}],"collection":[{"href":"https:\/\/radioljubuski.ba\/index.php\/wp-json\/wp\/v2\/posts"}],"about":[{"href":"https:\/\/radioljubuski.ba\/index.php\/wp-json\/wp\/v2\/types\/post"}],"author":[{"embeddable":true,"href":"https:\/\/radioljubuski.ba\/index.php\/wp-json\/wp\/v2\/users\/2"}],"replies":[{"embeddable":true,"href":"https:\/\/radioljubuski.ba\/index.php\/wp-json\/wp\/v2\/comments?post=153798"}],"version-history":[{"count":1,"href":"https:\/\/radioljubuski.ba\/index.php\/wp-json\/wp\/v2\/posts\/153798\/revisions"}],"predecessor-version":[{"id":153804,"href":"https:\/\/radioljubuski.ba\/index.php\/wp-json\/wp\/v2\/posts\/153798\/revisions\/153804"}],"wp:featuredmedia":[{"embeddable":true,"href":"https:\/\/radioljubuski.ba\/index.php\/wp-json\/wp\/v2\/media\/153803"}],"wp:attachment":[{"href":"https:\/\/radioljubuski.ba\/index.php\/wp-json\/wp\/v2\/media?parent=153798"}],"wp:term":[{"taxonomy":"category","embeddable":true,"href":"https:\/\/radioljubuski.ba\/index.php\/wp-json\/wp\/v2\/categories?post=153798"},{"taxonomy":"post_tag","embeddable":true,"href":"https:\/\/radioljubuski.ba\/index.php\/wp-json\/wp\/v2\/tags?post=153798"}],"curies":[{"name":"wp","href":"https:\/\/api.w.org\/{rel}","templated":true}]}}