{"id":153816,"date":"2022-06-27T08:40:06","date_gmt":"2022-06-27T07:40:06","guid":{"rendered":"https:\/\/radioljubuski.ba\/?p=153816"},"modified":"2022-06-27T08:40:07","modified_gmt":"2022-06-27T07:40:07","slug":"istrcano-trece-najbrze-vrijeme-na-200-metara-iskreno-sokirana-sam","status":"publish","type":"post","link":"https:\/\/radioljubuski.ba\/index.php\/2022\/06\/27\/istrcano-trece-najbrze-vrijeme-na-200-metara-iskreno-sokirana-sam\/","title":{"rendered":"Istr\u010dano tre\u0107e najbr\u017ee vrijeme na 200 metara: &#8220;Iskreno, \u0161okirana sam&#8221;"},"content":{"rendered":"\n<p>Jamaj\u010danka Shericka Jackson ostvarila je u Kingstonu na atletskom prvenstvu Jamajke tre\u0107i najbolji rezultat svih vremena, 21.55 sekundi na 200 m. Jackson je pobijedila i na 100 m u petak te nije krila iznena\u0111enje kada je na semaforu vidjela svoje vrijeme, potvr\u0111eno odsustvom vjetra.<\/p>\n\n\n\n<p>&#8220;Iskreno, \u0161okirana sam, nisam o\u010dekivala da \u0107u i\u0107i tako brzo. Znala sam da imam to u nogama, ali da tako brzo tr\u010dim&#8230; Samo sam zahvalna&#8221;, rekla je.&nbsp;Iza Jackson u&nbsp;Kingstonu su ostale olimpijska pobjednica Thompson-Herah (22.05) i Shelly-Ann Fraser-Pryce (22.14).<\/p>\n\n\n\n<p>Samo pokojna Florence Griffith-Joyner, \u010diji svjetski rekord od 21.34 stoji od 1988. godine, i Elaine Thompson-Herah, koja je pro\u0161le godine na Olimpijskim igrama u Tokiju tr\u010dala za 21.53 sekunde, bile su br\u017ee od nje.<\/p>\n\n\n\n<p>Jamaj\u010danska 28-godi\u0161nja sprinterica sru\u0161ila je svoj osobni najbolji rezultat od 26.10, kao i najbolji rezultat sezone na 200 m od 21.77 sekundi koji je nekoliko sati ranije postigla Amerikanka Abby Steiner u Eugeneu (Oregon) na ameri\u010dkom dr\u017eavnom prvenstvu.<\/p>\n\n\n\n<p>izvor: index.hr<\/p>\n","protected":false},"excerpt":{"rendered":"<p>Jamaj\u010danka Shericka Jackson ostvarila je u Kingstonu na atletskom prvenstvu Jamajke tre\u0107i najbolji rezultat svih vremena, 21.55 sekundi na 200 m. Jackson je pobijedila i na 100 m u petak te nije krila iznena\u0111enje kada je na semaforu vidjela svoje vrijeme, potvr\u0111eno odsustvom vjetra. &#8220;Iskreno, \u0161okirana sam, nisam o\u010dekivala da \u0107u i\u0107i tako brzo. Znala [&hellip;]<\/p>\n","protected":false},"author":2,"featured_media":153821,"comment_status":"closed","ping_status":"closed","sticky":false,"template":"","format":"standard","meta":{"h5ap_radio_sources":[],"footnotes":""},"categories":[7],"tags":[],"class_list":["post-153816","post","type-post","status-publish","format-standard","has-post-thumbnail","hentry","category-sport"],"yoast_head":"<!-- This site is optimized with the Yoast SEO plugin v27.5 - https:\/\/yoast.com\/product\/yoast-seo-wordpress\/ -->\n<title>Istr\u010dano tre\u0107e najbr\u017ee vrijeme na 200 metara: &quot;Iskreno, \u0161okirana sam&quot; - RADIO LJUBU\u0160KI<\/title>\n<meta name=\"robots\" content=\"index, follow, max-snippet:-1, max-image-preview:large, max-video-preview:-1\" \/>\n<link rel=\"canonical\" href=\"https:\/\/radioljubuski.ba\/index.php\/2022\/06\/27\/istrcano-trece-najbrze-vrijeme-na-200-metara-iskreno-sokirana-sam\/\" \/>\n<meta property=\"og:locale\" content=\"hr_HR\" \/>\n<meta property=\"og:type\" content=\"article\" \/>\n<meta property=\"og:title\" content=\"Istr\u010dano tre\u0107e najbr\u017ee vrijeme na 200 metara: &quot;Iskreno, \u0161okirana sam&quot; - RADIO LJUBU\u0160KI\" \/>\n<meta property=\"og:description\" content=\"Jamaj\u010danka Shericka Jackson ostvarila je u Kingstonu na atletskom prvenstvu Jamajke tre\u0107i najbolji rezultat svih vremena, 21.55 sekundi na 200 m. Jackson je pobijedila i na 100 m u petak te nije krila iznena\u0111enje kada je na semaforu vidjela svoje vrijeme, potvr\u0111eno odsustvom vjetra. &#8220;Iskreno, \u0161okirana sam, nisam o\u010dekivala da \u0107u i\u0107i tako brzo. Znala [&hellip;]\" \/>\n<meta property=\"og:url\" content=\"https:\/\/radioljubuski.ba\/index.php\/2022\/06\/27\/istrcano-trece-najbrze-vrijeme-na-200-metara-iskreno-sokirana-sam\/\" \/>\n<meta property=\"og:site_name\" content=\"RADIO LJUBU\u0160KI\" \/>\n<meta property=\"article:publisher\" content=\"https:\/\/www.facebook.com\/Radiio-Ljubuski-1490835324566332\" \/>\n<meta property=\"article:published_time\" content=\"2022-06-27T07:40:06+00:00\" \/>\n<meta property=\"article:modified_time\" content=\"2022-06-27T07:40:07+00:00\" \/>\n<meta property=\"og:image\" content=\"https:\/\/radioljubuski.ba\/wp-content\/uploads\/2022\/06\/jackson.jpg\" \/>\n\t<meta property=\"og:image:width\" content=\"300\" \/>\n\t<meta property=\"og:image:height\" content=\"168\" \/>\n\t<meta property=\"og:image:type\" content=\"image\/jpeg\" \/>\n<meta name=\"author\" content=\"Radio Ljubu\u0161ki\" \/>\n<meta name=\"twitter:card\" content=\"summary_large_image\" \/>\n<meta name=\"twitter:creator\" content=\"@radioljubuski\" \/>\n<meta name=\"twitter:site\" content=\"@radioljubuski\" \/>\n<meta name=\"twitter:label1\" content=\"Napisao\/la\" \/>\n\t<meta name=\"twitter:data1\" content=\"Radio Ljubu\u0161ki\" \/>\n\t<meta name=\"twitter:label2\" content=\"Procijenjeno vrijeme \u010ditanja\" \/>\n\t<meta name=\"twitter:data2\" content=\"1 minuta\" \/>\n<script type=\"application\/ld+json\" class=\"yoast-schema-graph\">{\"@context\":\"https:\\\/\\\/schema.org\",\"@graph\":[{\"@type\":\"Article\",\"@id\":\"https:\\\/\\\/radioljubuski.ba\\\/index.php\\\/2022\\\/06\\\/27\\\/istrcano-trece-najbrze-vrijeme-na-200-metara-iskreno-sokirana-sam\\\/#article\",\"isPartOf\":{\"@id\":\"https:\\\/\\\/radioljubuski.ba\\\/index.php\\\/2022\\\/06\\\/27\\\/istrcano-trece-najbrze-vrijeme-na-200-metara-iskreno-sokirana-sam\\\/\"},\"author\":{\"name\":\"Radio Ljubu\u0161ki\",\"@id\":\"https:\\\/\\\/radioljubuski.ba\\\/#\\\/schema\\\/person\\\/19fc700381a780f69665d7956c469e3b\"},\"headline\":\"Istr\u010dano tre\u0107e najbr\u017ee vrijeme na 200 metara: &#8220;Iskreno, \u0161okirana sam&#8221;\",\"datePublished\":\"2022-06-27T07:40:06+00:00\",\"dateModified\":\"2022-06-27T07:40:07+00:00\",\"mainEntityOfPage\":{\"@id\":\"https:\\\/\\\/radioljubuski.ba\\\/index.php\\\/2022\\\/06\\\/27\\\/istrcano-trece-najbrze-vrijeme-na-200-metara-iskreno-sokirana-sam\\\/\"},\"wordCount\":178,\"publisher\":{\"@id\":\"https:\\\/\\\/radioljubuski.ba\\\/#organization\"},\"image\":{\"@id\":\"https:\\\/\\\/radioljubuski.ba\\\/index.php\\\/2022\\\/06\\\/27\\\/istrcano-trece-najbrze-vrijeme-na-200-metara-iskreno-sokirana-sam\\\/#primaryimage\"},\"thumbnailUrl\":\"https:\\\/\\\/radioljubuski.ba\\\/wp-content\\\/uploads\\\/2022\\\/06\\\/jackson.jpg\",\"articleSection\":[\"\u0160port\"],\"inLanguage\":\"hr\"},{\"@type\":\"WebPage\",\"@id\":\"https:\\\/\\\/radioljubuski.ba\\\/index.php\\\/2022\\\/06\\\/27\\\/istrcano-trece-najbrze-vrijeme-na-200-metara-iskreno-sokirana-sam\\\/\",\"url\":\"https:\\\/\\\/radioljubuski.ba\\\/index.php\\\/2022\\\/06\\\/27\\\/istrcano-trece-najbrze-vrijeme-na-200-metara-iskreno-sokirana-sam\\\/\",\"name\":\"Istr\u010dano tre\u0107e najbr\u017ee vrijeme na 200 metara: \\\"Iskreno, \u0161okirana sam\\\" - RADIO LJUBU\u0160KI\",\"isPartOf\":{\"@id\":\"https:\\\/\\\/radioljubuski.ba\\\/#website\"},\"primaryImageOfPage\":{\"@id\":\"https:\\\/\\\/radioljubuski.ba\\\/index.php\\\/2022\\\/06\\\/27\\\/istrcano-trece-najbrze-vrijeme-na-200-metara-iskreno-sokirana-sam\\\/#primaryimage\"},\"image\":{\"@id\":\"https:\\\/\\\/radioljubuski.ba\\\/index.php\\\/2022\\\/06\\\/27\\\/istrcano-trece-najbrze-vrijeme-na-200-metara-iskreno-sokirana-sam\\\/#primaryimage\"},\"thumbnailUrl\":\"https:\\\/\\\/radioljubuski.ba\\\/wp-content\\\/uploads\\\/2022\\\/06\\\/jackson.jpg\",\"datePublished\":\"2022-06-27T07:40:06+00:00\",\"dateModified\":\"2022-06-27T07:40:07+00:00\",\"breadcrumb\":{\"@id\":\"https:\\\/\\\/radioljubuski.ba\\\/index.php\\\/2022\\\/06\\\/27\\\/istrcano-trece-najbrze-vrijeme-na-200-metara-iskreno-sokirana-sam\\\/#breadcrumb\"},\"inLanguage\":\"hr\",\"potentialAction\":[{\"@type\":\"ReadAction\",\"target\":[\"https:\\\/\\\/radioljubuski.ba\\\/index.php\\\/2022\\\/06\\\/27\\\/istrcano-trece-najbrze-vrijeme-na-200-metara-iskreno-sokirana-sam\\\/\"]}]},{\"@type\":\"ImageObject\",\"inLanguage\":\"hr\",\"@id\":\"https:\\\/\\\/radioljubuski.ba\\\/index.php\\\/2022\\\/06\\\/27\\\/istrcano-trece-najbrze-vrijeme-na-200-metara-iskreno-sokirana-sam\\\/#primaryimage\",\"url\":\"https:\\\/\\\/radioljubuski.ba\\\/wp-content\\\/uploads\\\/2022\\\/06\\\/jackson.jpg\",\"contentUrl\":\"https:\\\/\\\/radioljubuski.ba\\\/wp-content\\\/uploads\\\/2022\\\/06\\\/jackson.jpg\",\"width\":300,\"height\":168},{\"@type\":\"BreadcrumbList\",\"@id\":\"https:\\\/\\\/radioljubuski.ba\\\/index.php\\\/2022\\\/06\\\/27\\\/istrcano-trece-najbrze-vrijeme-na-200-metara-iskreno-sokirana-sam\\\/#breadcrumb\",\"itemListElement\":[{\"@type\":\"ListItem\",\"position\":1,\"name\":\"Po\u010detna stranica\",\"item\":\"https:\\\/\\\/radioljubuski.ba\\\/\"},{\"@type\":\"ListItem\",\"position\":2,\"name\":\"Istr\u010dano tre\u0107e najbr\u017ee vrijeme na 200 metara: &#8220;Iskreno, \u0161okirana sam&#8221;\"}]},{\"@type\":\"WebSite\",\"@id\":\"https:\\\/\\\/radioljubuski.ba\\\/#website\",\"url\":\"https:\\\/\\\/radioljubuski.ba\\\/\",\"name\":\"Radio Ljubu\u0161ki\",\"description\":\"Sun\u010dana frekvencija Hercegovine\",\"publisher\":{\"@id\":\"https:\\\/\\\/radioljubuski.ba\\\/#organization\"},\"potentialAction\":[{\"@type\":\"SearchAction\",\"target\":{\"@type\":\"EntryPoint\",\"urlTemplate\":\"https:\\\/\\\/radioljubuski.ba\\\/?s={search_term_string}\"},\"query-input\":{\"@type\":\"PropertyValueSpecification\",\"valueRequired\":true,\"valueName\":\"search_term_string\"}}],\"inLanguage\":\"hr\"},{\"@type\":\"Organization\",\"@id\":\"https:\\\/\\\/radioljubuski.ba\\\/#organization\",\"name\":\"Radio Ljubu\u0161ki\",\"url\":\"https:\\\/\\\/radioljubuski.ba\\\/\",\"logo\":{\"@type\":\"ImageObject\",\"inLanguage\":\"hr\",\"@id\":\"https:\\\/\\\/radioljubuski.ba\\\/#\\\/schema\\\/logo\\\/image\\\/\",\"url\":\"https:\\\/\\\/radioljubuski.ba\\\/wp-content\\\/uploads\\\/2021\\\/02\\\/cropped-Radio_Ljubuski_logo1.jpg\",\"contentUrl\":\"https:\\\/\\\/radioljubuski.ba\\\/wp-content\\\/uploads\\\/2021\\\/02\\\/cropped-Radio_Ljubuski_logo1.jpg\",\"width\":512,\"height\":512,\"caption\":\"Radio Ljubu\u0161ki\"},\"image\":{\"@id\":\"https:\\\/\\\/radioljubuski.ba\\\/#\\\/schema\\\/logo\\\/image\\\/\"},\"sameAs\":[\"https:\\\/\\\/www.facebook.com\\\/Radiio-Ljubuski-1490835324566332\",\"https:\\\/\\\/x.com\\\/radioljubuski\",\"https:\\\/\\\/hr.linkedin.com\\\/company\\\/radio-ljubuski\",\"https:\\\/\\\/www.youtube.com\\\/channel\\\/UCHYaeO_n0Db3tjNGudGpXyw\"]},{\"@type\":\"Person\",\"@id\":\"https:\\\/\\\/radioljubuski.ba\\\/#\\\/schema\\\/person\\\/19fc700381a780f69665d7956c469e3b\",\"name\":\"Radio Ljubu\u0161ki\"}]}<\/script>\n<!-- \/ Yoast SEO plugin. -->","yoast_head_json":{"title":"Istr\u010dano tre\u0107e najbr\u017ee vrijeme na 200 metara: \"Iskreno, \u0161okirana sam\" - RADIO LJUBU\u0160KI","robots":{"index":"index","follow":"follow","max-snippet":"max-snippet:-1","max-image-preview":"max-image-preview:large","max-video-preview":"max-video-preview:-1"},"canonical":"https:\/\/radioljubuski.ba\/index.php\/2022\/06\/27\/istrcano-trece-najbrze-vrijeme-na-200-metara-iskreno-sokirana-sam\/","og_locale":"hr_HR","og_type":"article","og_title":"Istr\u010dano tre\u0107e najbr\u017ee vrijeme na 200 metara: \"Iskreno, \u0161okirana sam\" - RADIO LJUBU\u0160KI","og_description":"Jamaj\u010danka Shericka Jackson ostvarila je u Kingstonu na atletskom prvenstvu Jamajke tre\u0107i najbolji rezultat svih vremena, 21.55 sekundi na 200 m. Jackson je pobijedila i na 100 m u petak te nije krila iznena\u0111enje kada je na semaforu vidjela svoje vrijeme, potvr\u0111eno odsustvom vjetra. &#8220;Iskreno, \u0161okirana sam, nisam o\u010dekivala da \u0107u i\u0107i tako brzo. Znala [&hellip;]","og_url":"https:\/\/radioljubuski.ba\/index.php\/2022\/06\/27\/istrcano-trece-najbrze-vrijeme-na-200-metara-iskreno-sokirana-sam\/","og_site_name":"RADIO LJUBU\u0160KI","article_publisher":"https:\/\/www.facebook.com\/Radiio-Ljubuski-1490835324566332","article_published_time":"2022-06-27T07:40:06+00:00","article_modified_time":"2022-06-27T07:40:07+00:00","og_image":[{"width":300,"height":168,"url":"https:\/\/radioljubuski.ba\/wp-content\/uploads\/2022\/06\/jackson.jpg","type":"image\/jpeg"}],"author":"Radio Ljubu\u0161ki","twitter_card":"summary_large_image","twitter_creator":"@radioljubuski","twitter_site":"@radioljubuski","twitter_misc":{"Napisao\/la":"Radio Ljubu\u0161ki","Procijenjeno vrijeme \u010ditanja":"1 minuta"},"schema":{"@context":"https:\/\/schema.org","@graph":[{"@type":"Article","@id":"https:\/\/radioljubuski.ba\/index.php\/2022\/06\/27\/istrcano-trece-najbrze-vrijeme-na-200-metara-iskreno-sokirana-sam\/#article","isPartOf":{"@id":"https:\/\/radioljubuski.ba\/index.php\/2022\/06\/27\/istrcano-trece-najbrze-vrijeme-na-200-metara-iskreno-sokirana-sam\/"},"author":{"name":"Radio Ljubu\u0161ki","@id":"https:\/\/radioljubuski.ba\/#\/schema\/person\/19fc700381a780f69665d7956c469e3b"},"headline":"Istr\u010dano tre\u0107e najbr\u017ee vrijeme na 200 metara: &#8220;Iskreno, \u0161okirana sam&#8221;","datePublished":"2022-06-27T07:40:06+00:00","dateModified":"2022-06-27T07:40:07+00:00","mainEntityOfPage":{"@id":"https:\/\/radioljubuski.ba\/index.php\/2022\/06\/27\/istrcano-trece-najbrze-vrijeme-na-200-metara-iskreno-sokirana-sam\/"},"wordCount":178,"publisher":{"@id":"https:\/\/radioljubuski.ba\/#organization"},"image":{"@id":"https:\/\/radioljubuski.ba\/index.php\/2022\/06\/27\/istrcano-trece-najbrze-vrijeme-na-200-metara-iskreno-sokirana-sam\/#primaryimage"},"thumbnailUrl":"https:\/\/radioljubuski.ba\/wp-content\/uploads\/2022\/06\/jackson.jpg","articleSection":["\u0160port"],"inLanguage":"hr"},{"@type":"WebPage","@id":"https:\/\/radioljubuski.ba\/index.php\/2022\/06\/27\/istrcano-trece-najbrze-vrijeme-na-200-metara-iskreno-sokirana-sam\/","url":"https:\/\/radioljubuski.ba\/index.php\/2022\/06\/27\/istrcano-trece-najbrze-vrijeme-na-200-metara-iskreno-sokirana-sam\/","name":"Istr\u010dano tre\u0107e najbr\u017ee vrijeme na 200 metara: \"Iskreno, \u0161okirana sam\" - RADIO LJUBU\u0160KI","isPartOf":{"@id":"https:\/\/radioljubuski.ba\/#website"},"primaryImageOfPage":{"@id":"https:\/\/radioljubuski.ba\/index.php\/2022\/06\/27\/istrcano-trece-najbrze-vrijeme-na-200-metara-iskreno-sokirana-sam\/#primaryimage"},"image":{"@id":"https:\/\/radioljubuski.ba\/index.php\/2022\/06\/27\/istrcano-trece-najbrze-vrijeme-na-200-metara-iskreno-sokirana-sam\/#primaryimage"},"thumbnailUrl":"https:\/\/radioljubuski.ba\/wp-content\/uploads\/2022\/06\/jackson.jpg","datePublished":"2022-06-27T07:40:06+00:00","dateModified":"2022-06-27T07:40:07+00:00","breadcrumb":{"@id":"https:\/\/radioljubuski.ba\/index.php\/2022\/06\/27\/istrcano-trece-najbrze-vrijeme-na-200-metara-iskreno-sokirana-sam\/#breadcrumb"},"inLanguage":"hr","potentialAction":[{"@type":"ReadAction","target":["https:\/\/radioljubuski.ba\/index.php\/2022\/06\/27\/istrcano-trece-najbrze-vrijeme-na-200-metara-iskreno-sokirana-sam\/"]}]},{"@type":"ImageObject","inLanguage":"hr","@id":"https:\/\/radioljubuski.ba\/index.php\/2022\/06\/27\/istrcano-trece-najbrze-vrijeme-na-200-metara-iskreno-sokirana-sam\/#primaryimage","url":"https:\/\/radioljubuski.ba\/wp-content\/uploads\/2022\/06\/jackson.jpg","contentUrl":"https:\/\/radioljubuski.ba\/wp-content\/uploads\/2022\/06\/jackson.jpg","width":300,"height":168},{"@type":"BreadcrumbList","@id":"https:\/\/radioljubuski.ba\/index.php\/2022\/06\/27\/istrcano-trece-najbrze-vrijeme-na-200-metara-iskreno-sokirana-sam\/#breadcrumb","itemListElement":[{"@type":"ListItem","position":1,"name":"Po\u010detna stranica","item":"https:\/\/radioljubuski.ba\/"},{"@type":"ListItem","position":2,"name":"Istr\u010dano tre\u0107e najbr\u017ee vrijeme na 200 metara: &#8220;Iskreno, \u0161okirana sam&#8221;"}]},{"@type":"WebSite","@id":"https:\/\/radioljubuski.ba\/#website","url":"https:\/\/radioljubuski.ba\/","name":"Radio Ljubu\u0161ki","description":"Sun\u010dana frekvencija Hercegovine","publisher":{"@id":"https:\/\/radioljubuski.ba\/#organization"},"potentialAction":[{"@type":"SearchAction","target":{"@type":"EntryPoint","urlTemplate":"https:\/\/radioljubuski.ba\/?s={search_term_string}"},"query-input":{"@type":"PropertyValueSpecification","valueRequired":true,"valueName":"search_term_string"}}],"inLanguage":"hr"},{"@type":"Organization","@id":"https:\/\/radioljubuski.ba\/#organization","name":"Radio Ljubu\u0161ki","url":"https:\/\/radioljubuski.ba\/","logo":{"@type":"ImageObject","inLanguage":"hr","@id":"https:\/\/radioljubuski.ba\/#\/schema\/logo\/image\/","url":"https:\/\/radioljubuski.ba\/wp-content\/uploads\/2021\/02\/cropped-Radio_Ljubuski_logo1.jpg","contentUrl":"https:\/\/radioljubuski.ba\/wp-content\/uploads\/2021\/02\/cropped-Radio_Ljubuski_logo1.jpg","width":512,"height":512,"caption":"Radio Ljubu\u0161ki"},"image":{"@id":"https:\/\/radioljubuski.ba\/#\/schema\/logo\/image\/"},"sameAs":["https:\/\/www.facebook.com\/Radiio-Ljubuski-1490835324566332","https:\/\/x.com\/radioljubuski","https:\/\/hr.linkedin.com\/company\/radio-ljubuski","https:\/\/www.youtube.com\/channel\/UCHYaeO_n0Db3tjNGudGpXyw"]},{"@type":"Person","@id":"https:\/\/radioljubuski.ba\/#\/schema\/person\/19fc700381a780f69665d7956c469e3b","name":"Radio Ljubu\u0161ki"}]}},"_links":{"self":[{"href":"https:\/\/radioljubuski.ba\/index.php\/wp-json\/wp\/v2\/posts\/153816","targetHints":{"allow":["GET"]}}],"collection":[{"href":"https:\/\/radioljubuski.ba\/index.php\/wp-json\/wp\/v2\/posts"}],"about":[{"href":"https:\/\/radioljubuski.ba\/index.php\/wp-json\/wp\/v2\/types\/post"}],"author":[{"embeddable":true,"href":"https:\/\/radioljubuski.ba\/index.php\/wp-json\/wp\/v2\/users\/2"}],"replies":[{"embeddable":true,"href":"https:\/\/radioljubuski.ba\/index.php\/wp-json\/wp\/v2\/comments?post=153816"}],"version-history":[{"count":1,"href":"https:\/\/radioljubuski.ba\/index.php\/wp-json\/wp\/v2\/posts\/153816\/revisions"}],"predecessor-version":[{"id":153822,"href":"https:\/\/radioljubuski.ba\/index.php\/wp-json\/wp\/v2\/posts\/153816\/revisions\/153822"}],"wp:featuredmedia":[{"embeddable":true,"href":"https:\/\/radioljubuski.ba\/index.php\/wp-json\/wp\/v2\/media\/153821"}],"wp:attachment":[{"href":"https:\/\/radioljubuski.ba\/index.php\/wp-json\/wp\/v2\/media?parent=153816"}],"wp:term":[{"taxonomy":"category","embeddable":true,"href":"https:\/\/radioljubuski.ba\/index.php\/wp-json\/wp\/v2\/categories?post=153816"},{"taxonomy":"post_tag","embeddable":true,"href":"https:\/\/radioljubuski.ba\/index.php\/wp-json\/wp\/v2\/tags?post=153816"}],"curies":[{"name":"wp","href":"https:\/\/api.w.org\/{rel}","templated":true}]}}