{"id":153850,"date":"2022-06-27T09:35:07","date_gmt":"2022-06-27T08:35:07","guid":{"rendered":"https:\/\/radioljubuski.ba\/?p=153850"},"modified":"2022-06-27T09:35:09","modified_gmt":"2022-06-27T08:35:09","slug":"smotra-mazoretkinja-neumske-mazoretkinje-i-gosti-odusevila-neumsku-publiku","status":"publish","type":"post","link":"https:\/\/radioljubuski.ba\/index.php\/2022\/06\/27\/smotra-mazoretkinja-neumske-mazoretkinje-i-gosti-odusevila-neumsku-publiku\/","title":{"rendered":"Smotra ma\u017eoretkinja &#8221;Neumske ma\u017eoretkinje i gosti&#8221; odu\u0161evila neumsku publiku"},"content":{"rendered":"\n<p>Smotra je zapo\u010dela sve\u010danim defileom u 19:30 sati na glavnoj neumskoj \u0161etnici \u010dime su ma\u017eoretkinje pokazale svoju eleganciju i gracioznost, a neumski gosti su ih nagradili gromoglasnim pljeskom. <\/p>\n\n\n\n<figure class=\"wp-block-image size-large\"><img loading=\"lazy\" decoding=\"async\" width=\"800\" height=\"550\" src=\"https:\/\/radioljubuski.ba\/wp-content\/uploads\/2022\/06\/Smotra-mazoretkinja-Neum-10.jpeg\" alt=\"\" class=\"wp-image-153856\" srcset=\"https:\/\/radioljubuski.ba\/wp-content\/uploads\/2022\/06\/Smotra-mazoretkinja-Neum-10.jpeg 800w, https:\/\/radioljubuski.ba\/wp-content\/uploads\/2022\/06\/Smotra-mazoretkinja-Neum-10-300x206.jpeg 300w, https:\/\/radioljubuski.ba\/wp-content\/uploads\/2022\/06\/Smotra-mazoretkinja-Neum-10-768x528.jpeg 768w, https:\/\/radioljubuski.ba\/wp-content\/uploads\/2022\/06\/Smotra-mazoretkinja-Neum-10-18x12.jpeg 18w\" sizes=\"auto, (max-width: 800px) 100vw, 800px\" \/><\/figure>\n\n\n\n<p>U nedjelju, 26. lipnja na sportskom igrali\u0161tu hotela &#8221;Zenit&#8221; odr\u017eana je prva smotra neumskih ma\u017eoretkinja pod nazivom &#8221;Neumske ma\u017eoretkinje i gosti&#8221;. Ovogodi\u0161nja smotra ma\u017eoretkinja u Neumu odvija se u sklopu manifestacije &#8221;Neumsko ljeto 2022.&#8221;.<\/p>\n\n\n\n<p> Uz neumske ma\u017eoretkinje, sudjelovali su jo\u0161 i timovi iz Livna, Ljubu\u0161kog, Novog Travnika, Dubrovnika, Zadra i Trilja. Smotra je zapo\u010dela sve\u010danim defileom u 19:30 sati na glavnoj neumskoj \u0161etnici \u010dime su ma\u017eoretkinje pokazale svoju eleganciju i gracioznost, a neumski gosti su ih nagradili gromoglasnim pljeskom.<\/p>\n\n\n\n<figure class=\"wp-block-image size-large\"><img loading=\"lazy\" decoding=\"async\" width=\"800\" height=\"550\" src=\"https:\/\/radioljubuski.ba\/wp-content\/uploads\/2022\/06\/Smotra-mazoretkinja-Neum-20-1.jpeg\" alt=\"\" class=\"wp-image-153855\" srcset=\"https:\/\/radioljubuski.ba\/wp-content\/uploads\/2022\/06\/Smotra-mazoretkinja-Neum-20-1.jpeg 800w, https:\/\/radioljubuski.ba\/wp-content\/uploads\/2022\/06\/Smotra-mazoretkinja-Neum-20-1-300x206.jpeg 300w, https:\/\/radioljubuski.ba\/wp-content\/uploads\/2022\/06\/Smotra-mazoretkinja-Neum-20-1-768x528.jpeg 768w, https:\/\/radioljubuski.ba\/wp-content\/uploads\/2022\/06\/Smotra-mazoretkinja-Neum-20-1-18x12.jpeg 18w\" sizes=\"auto, (max-width: 800px) 100vw, 800px\" \/><\/figure>\n\n\n\n<p> Nakon sve\u010danog defilea uslijedio je prigodni program koji je vodila Renata Rimac, voditeljica plesnog kluba &#8221;Paganini&#8221; pod kojim djeluju neumske, ljubu\u0161ke i livanjske ma\u017eoretkinje.<\/p>\n\n\n\n<p> Ve\u010dera\u0161nju, prvu smotru u Neumu, slu\u017ebeno je otvorila predsjednica O. V. Neum, Daniela Mati\u0107. Voditeljica Renata udijelila je zahvalnice Op\u0107ini Neum kao glavnom sponzoru smotre, ravnateljici O\u0160 Kardinala Stepinca Neum Zorici Senti\u0107, Marini Grbe\u0161i\u0107 te Blanki Mati\u0107, neumskoj ma\u017eoretkinji. Naime, Blanka je zaslu\u017ena za ideju nastanka neumskih ma\u017eoretkinja. Ma\u017eoretkinje su odu\u0161evile neumsku publiku veselim i marljivo uvje\u017ebanim pokretima. <\/p>\n\n\n\n<figure class=\"wp-block-image size-large\"><img loading=\"lazy\" decoding=\"async\" width=\"800\" height=\"550\" src=\"https:\/\/radioljubuski.ba\/wp-content\/uploads\/2022\/06\/Smotra-mazoretkinja-Neum-16-1.jpeg\" alt=\"\" class=\"wp-image-153853\" srcset=\"https:\/\/radioljubuski.ba\/wp-content\/uploads\/2022\/06\/Smotra-mazoretkinja-Neum-16-1.jpeg 800w, https:\/\/radioljubuski.ba\/wp-content\/uploads\/2022\/06\/Smotra-mazoretkinja-Neum-16-1-300x206.jpeg 300w, https:\/\/radioljubuski.ba\/wp-content\/uploads\/2022\/06\/Smotra-mazoretkinja-Neum-16-1-768x528.jpeg 768w, https:\/\/radioljubuski.ba\/wp-content\/uploads\/2022\/06\/Smotra-mazoretkinja-Neum-16-1-18x12.jpeg 18w\" sizes=\"auto, (max-width: 800px) 100vw, 800px\" \/><\/figure>\n\n\n\n<p>Pokazale su svoje vje\u0161tine u tehniciranju ma\u017eoret \u0161tapom, ali poslale i poruku o va\u017enosti bavljenja tjelesnom aktivno\u0161\u0107u, me\u0111usobnom dru\u017eenju i suradnji. Svi timovi najljep\u0161i su ukrasi i promotori svojih gradova.<\/p>\n\n\n\n<figure class=\"wp-block-image size-large\"><img loading=\"lazy\" decoding=\"async\" width=\"1024\" height=\"839\" src=\"https:\/\/radioljubuski.ba\/wp-content\/uploads\/2022\/06\/Smotra-mazoretkinja-Neum-9-1024x839.jpeg\" alt=\"\" class=\"wp-image-153857\" srcset=\"https:\/\/radioljubuski.ba\/wp-content\/uploads\/2022\/06\/Smotra-mazoretkinja-Neum-9-1024x839.jpeg 1024w, https:\/\/radioljubuski.ba\/wp-content\/uploads\/2022\/06\/Smotra-mazoretkinja-Neum-9-300x246.jpeg 300w, https:\/\/radioljubuski.ba\/wp-content\/uploads\/2022\/06\/Smotra-mazoretkinja-Neum-9-768x629.jpeg 768w, https:\/\/radioljubuski.ba\/wp-content\/uploads\/2022\/06\/Smotra-mazoretkinja-Neum-9-15x12.jpeg 15w, https:\/\/radioljubuski.ba\/wp-content\/uploads\/2022\/06\/Smotra-mazoretkinja-Neum-9.jpeg 1280w\" sizes=\"auto, (max-width: 1024px) 100vw, 1024px\" \/><\/figure>\n\n\n\n<p>Izvor: <a href=\"https:\/\/bljesak.info\/sport\/ostali-sportovi\/smotra-mazoretkinja-neumske-mazoretkinje-i-gosti-odusevila-neumsku-publiku\/386752\">Bljesak.info<\/a><\/p>\n","protected":false},"excerpt":{"rendered":"<p>Smotra je zapo\u010dela sve\u010danim defileom u 19:30 sati na glavnoj neumskoj \u0161etnici \u010dime su ma\u017eoretkinje pokazale svoju eleganciju i gracioznost, a neumski gosti su ih nagradili gromoglasnim pljeskom. U nedjelju, 26. lipnja na sportskom igrali\u0161tu hotela &#8221;Zenit&#8221; odr\u017eana je prva smotra neumskih ma\u017eoretkinja pod nazivom &#8221;Neumske ma\u017eoretkinje i gosti&#8221;. Ovogodi\u0161nja smotra ma\u017eoretkinja u Neumu odvija [&hellip;]<\/p>\n","protected":false},"author":2,"featured_media":153859,"comment_status":"closed","ping_status":"closed","sticky":false,"template":"","format":"standard","meta":{"h5ap_radio_sources":[],"footnotes":""},"categories":[1],"tags":[],"class_list":["post-153850","post","type-post","status-publish","format-standard","has-post-thumbnail","hentry","category-bihiregija"],"yoast_head":"<!-- This site is optimized with the Yoast SEO plugin v27.5 - https:\/\/yoast.com\/product\/yoast-seo-wordpress\/ -->\n<title>Smotra ma\u017eoretkinja &#039;&#039;Neumske ma\u017eoretkinje i gosti&#039;&#039; odu\u0161evila neumsku publiku - RADIO LJUBU\u0160KI<\/title>\n<meta name=\"robots\" content=\"index, follow, max-snippet:-1, max-image-preview:large, max-video-preview:-1\" \/>\n<link rel=\"canonical\" href=\"https:\/\/radioljubuski.ba\/index.php\/2022\/06\/27\/smotra-mazoretkinja-neumske-mazoretkinje-i-gosti-odusevila-neumsku-publiku\/\" \/>\n<meta property=\"og:locale\" content=\"hr_HR\" \/>\n<meta property=\"og:type\" content=\"article\" \/>\n<meta property=\"og:title\" content=\"Smotra ma\u017eoretkinja &#039;&#039;Neumske ma\u017eoretkinje i gosti&#039;&#039; odu\u0161evila neumsku publiku - RADIO LJUBU\u0160KI\" \/>\n<meta property=\"og:description\" content=\"Smotra je zapo\u010dela sve\u010danim defileom u 19:30 sati na glavnoj neumskoj \u0161etnici \u010dime su ma\u017eoretkinje pokazale svoju eleganciju i gracioznost, a neumski gosti su ih nagradili gromoglasnim pljeskom. U nedjelju, 26. lipnja na sportskom igrali\u0161tu hotela &#8221;Zenit&#8221; odr\u017eana je prva smotra neumskih ma\u017eoretkinja pod nazivom &#8221;Neumske ma\u017eoretkinje i gosti&#8221;. Ovogodi\u0161nja smotra ma\u017eoretkinja u Neumu odvija [&hellip;]\" \/>\n<meta property=\"og:url\" content=\"https:\/\/radioljubuski.ba\/index.php\/2022\/06\/27\/smotra-mazoretkinja-neumske-mazoretkinje-i-gosti-odusevila-neumsku-publiku\/\" \/>\n<meta property=\"og:site_name\" content=\"RADIO LJUBU\u0160KI\" \/>\n<meta property=\"article:publisher\" content=\"https:\/\/www.facebook.com\/Radiio-Ljubuski-1490835324566332\" \/>\n<meta property=\"article:published_time\" content=\"2022-06-27T08:35:07+00:00\" \/>\n<meta property=\"article:modified_time\" content=\"2022-06-27T08:35:09+00:00\" \/>\n<meta property=\"og:image\" content=\"https:\/\/radioljubuski.ba\/wp-content\/uploads\/2022\/06\/Smotra-mazoretkinja-Neum-16-2.jpeg\" \/>\n\t<meta property=\"og:image:width\" content=\"800\" \/>\n\t<meta property=\"og:image:height\" content=\"550\" \/>\n\t<meta property=\"og:image:type\" content=\"image\/jpeg\" \/>\n<meta name=\"author\" content=\"Radio Ljubu\u0161ki\" \/>\n<meta name=\"twitter:card\" content=\"summary_large_image\" \/>\n<meta name=\"twitter:creator\" content=\"@radioljubuski\" \/>\n<meta name=\"twitter:site\" content=\"@radioljubuski\" \/>\n<meta name=\"twitter:label1\" content=\"Napisao\/la\" \/>\n\t<meta name=\"twitter:data1\" content=\"Radio Ljubu\u0161ki\" \/>\n\t<meta name=\"twitter:label2\" content=\"Procijenjeno vrijeme \u010ditanja\" \/>\n\t<meta name=\"twitter:data2\" content=\"2 minute\" \/>\n<script type=\"application\/ld+json\" class=\"yoast-schema-graph\">{\"@context\":\"https:\\\/\\\/schema.org\",\"@graph\":[{\"@type\":\"Article\",\"@id\":\"https:\\\/\\\/radioljubuski.ba\\\/index.php\\\/2022\\\/06\\\/27\\\/smotra-mazoretkinja-neumske-mazoretkinje-i-gosti-odusevila-neumsku-publiku\\\/#article\",\"isPartOf\":{\"@id\":\"https:\\\/\\\/radioljubuski.ba\\\/index.php\\\/2022\\\/06\\\/27\\\/smotra-mazoretkinja-neumske-mazoretkinje-i-gosti-odusevila-neumsku-publiku\\\/\"},\"author\":{\"name\":\"Radio Ljubu\u0161ki\",\"@id\":\"https:\\\/\\\/radioljubuski.ba\\\/#\\\/schema\\\/person\\\/19fc700381a780f69665d7956c469e3b\"},\"headline\":\"Smotra ma\u017eoretkinja &#8221;Neumske ma\u017eoretkinje i gosti&#8221; odu\u0161evila neumsku publiku\",\"datePublished\":\"2022-06-27T08:35:07+00:00\",\"dateModified\":\"2022-06-27T08:35:09+00:00\",\"mainEntityOfPage\":{\"@id\":\"https:\\\/\\\/radioljubuski.ba\\\/index.php\\\/2022\\\/06\\\/27\\\/smotra-mazoretkinja-neumske-mazoretkinje-i-gosti-odusevila-neumsku-publiku\\\/\"},\"wordCount\":265,\"publisher\":{\"@id\":\"https:\\\/\\\/radioljubuski.ba\\\/#organization\"},\"image\":{\"@id\":\"https:\\\/\\\/radioljubuski.ba\\\/index.php\\\/2022\\\/06\\\/27\\\/smotra-mazoretkinja-neumske-mazoretkinje-i-gosti-odusevila-neumsku-publiku\\\/#primaryimage\"},\"thumbnailUrl\":\"https:\\\/\\\/radioljubuski.ba\\\/wp-content\\\/uploads\\\/2022\\\/06\\\/Smotra-mazoretkinja-Neum-16-2.jpeg\",\"articleSection\":[\"BIH i regija\"],\"inLanguage\":\"hr\"},{\"@type\":\"WebPage\",\"@id\":\"https:\\\/\\\/radioljubuski.ba\\\/index.php\\\/2022\\\/06\\\/27\\\/smotra-mazoretkinja-neumske-mazoretkinje-i-gosti-odusevila-neumsku-publiku\\\/\",\"url\":\"https:\\\/\\\/radioljubuski.ba\\\/index.php\\\/2022\\\/06\\\/27\\\/smotra-mazoretkinja-neumske-mazoretkinje-i-gosti-odusevila-neumsku-publiku\\\/\",\"name\":\"Smotra ma\u017eoretkinja ''Neumske ma\u017eoretkinje i gosti'' odu\u0161evila neumsku publiku - RADIO LJUBU\u0160KI\",\"isPartOf\":{\"@id\":\"https:\\\/\\\/radioljubuski.ba\\\/#website\"},\"primaryImageOfPage\":{\"@id\":\"https:\\\/\\\/radioljubuski.ba\\\/index.php\\\/2022\\\/06\\\/27\\\/smotra-mazoretkinja-neumske-mazoretkinje-i-gosti-odusevila-neumsku-publiku\\\/#primaryimage\"},\"image\":{\"@id\":\"https:\\\/\\\/radioljubuski.ba\\\/index.php\\\/2022\\\/06\\\/27\\\/smotra-mazoretkinja-neumske-mazoretkinje-i-gosti-odusevila-neumsku-publiku\\\/#primaryimage\"},\"thumbnailUrl\":\"https:\\\/\\\/radioljubuski.ba\\\/wp-content\\\/uploads\\\/2022\\\/06\\\/Smotra-mazoretkinja-Neum-16-2.jpeg\",\"datePublished\":\"2022-06-27T08:35:07+00:00\",\"dateModified\":\"2022-06-27T08:35:09+00:00\",\"breadcrumb\":{\"@id\":\"https:\\\/\\\/radioljubuski.ba\\\/index.php\\\/2022\\\/06\\\/27\\\/smotra-mazoretkinja-neumske-mazoretkinje-i-gosti-odusevila-neumsku-publiku\\\/#breadcrumb\"},\"inLanguage\":\"hr\",\"potentialAction\":[{\"@type\":\"ReadAction\",\"target\":[\"https:\\\/\\\/radioljubuski.ba\\\/index.php\\\/2022\\\/06\\\/27\\\/smotra-mazoretkinja-neumske-mazoretkinje-i-gosti-odusevila-neumsku-publiku\\\/\"]}]},{\"@type\":\"ImageObject\",\"inLanguage\":\"hr\",\"@id\":\"https:\\\/\\\/radioljubuski.ba\\\/index.php\\\/2022\\\/06\\\/27\\\/smotra-mazoretkinja-neumske-mazoretkinje-i-gosti-odusevila-neumsku-publiku\\\/#primaryimage\",\"url\":\"https:\\\/\\\/radioljubuski.ba\\\/wp-content\\\/uploads\\\/2022\\\/06\\\/Smotra-mazoretkinja-Neum-16-2.jpeg\",\"contentUrl\":\"https:\\\/\\\/radioljubuski.ba\\\/wp-content\\\/uploads\\\/2022\\\/06\\\/Smotra-mazoretkinja-Neum-16-2.jpeg\",\"width\":800,\"height\":550},{\"@type\":\"BreadcrumbList\",\"@id\":\"https:\\\/\\\/radioljubuski.ba\\\/index.php\\\/2022\\\/06\\\/27\\\/smotra-mazoretkinja-neumske-mazoretkinje-i-gosti-odusevila-neumsku-publiku\\\/#breadcrumb\",\"itemListElement\":[{\"@type\":\"ListItem\",\"position\":1,\"name\":\"Po\u010detna stranica\",\"item\":\"https:\\\/\\\/radioljubuski.ba\\\/\"},{\"@type\":\"ListItem\",\"position\":2,\"name\":\"Smotra ma\u017eoretkinja &#8221;Neumske ma\u017eoretkinje i gosti&#8221; odu\u0161evila neumsku publiku\"}]},{\"@type\":\"WebSite\",\"@id\":\"https:\\\/\\\/radioljubuski.ba\\\/#website\",\"url\":\"https:\\\/\\\/radioljubuski.ba\\\/\",\"name\":\"Radio Ljubu\u0161ki\",\"description\":\"Sun\u010dana frekvencija Hercegovine\",\"publisher\":{\"@id\":\"https:\\\/\\\/radioljubuski.ba\\\/#organization\"},\"potentialAction\":[{\"@type\":\"SearchAction\",\"target\":{\"@type\":\"EntryPoint\",\"urlTemplate\":\"https:\\\/\\\/radioljubuski.ba\\\/?s={search_term_string}\"},\"query-input\":{\"@type\":\"PropertyValueSpecification\",\"valueRequired\":true,\"valueName\":\"search_term_string\"}}],\"inLanguage\":\"hr\"},{\"@type\":\"Organization\",\"@id\":\"https:\\\/\\\/radioljubuski.ba\\\/#organization\",\"name\":\"Radio Ljubu\u0161ki\",\"url\":\"https:\\\/\\\/radioljubuski.ba\\\/\",\"logo\":{\"@type\":\"ImageObject\",\"inLanguage\":\"hr\",\"@id\":\"https:\\\/\\\/radioljubuski.ba\\\/#\\\/schema\\\/logo\\\/image\\\/\",\"url\":\"https:\\\/\\\/radioljubuski.ba\\\/wp-content\\\/uploads\\\/2021\\\/02\\\/cropped-Radio_Ljubuski_logo1.jpg\",\"contentUrl\":\"https:\\\/\\\/radioljubuski.ba\\\/wp-content\\\/uploads\\\/2021\\\/02\\\/cropped-Radio_Ljubuski_logo1.jpg\",\"width\":512,\"height\":512,\"caption\":\"Radio Ljubu\u0161ki\"},\"image\":{\"@id\":\"https:\\\/\\\/radioljubuski.ba\\\/#\\\/schema\\\/logo\\\/image\\\/\"},\"sameAs\":[\"https:\\\/\\\/www.facebook.com\\\/Radiio-Ljubuski-1490835324566332\",\"https:\\\/\\\/x.com\\\/radioljubuski\",\"https:\\\/\\\/hr.linkedin.com\\\/company\\\/radio-ljubuski\",\"https:\\\/\\\/www.youtube.com\\\/channel\\\/UCHYaeO_n0Db3tjNGudGpXyw\"]},{\"@type\":\"Person\",\"@id\":\"https:\\\/\\\/radioljubuski.ba\\\/#\\\/schema\\\/person\\\/19fc700381a780f69665d7956c469e3b\",\"name\":\"Radio Ljubu\u0161ki\"}]}<\/script>\n<!-- \/ Yoast SEO plugin. -->","yoast_head_json":{"title":"Smotra ma\u017eoretkinja ''Neumske ma\u017eoretkinje i gosti'' odu\u0161evila neumsku publiku - RADIO LJUBU\u0160KI","robots":{"index":"index","follow":"follow","max-snippet":"max-snippet:-1","max-image-preview":"max-image-preview:large","max-video-preview":"max-video-preview:-1"},"canonical":"https:\/\/radioljubuski.ba\/index.php\/2022\/06\/27\/smotra-mazoretkinja-neumske-mazoretkinje-i-gosti-odusevila-neumsku-publiku\/","og_locale":"hr_HR","og_type":"article","og_title":"Smotra ma\u017eoretkinja ''Neumske ma\u017eoretkinje i gosti'' odu\u0161evila neumsku publiku - RADIO LJUBU\u0160KI","og_description":"Smotra je zapo\u010dela sve\u010danim defileom u 19:30 sati na glavnoj neumskoj \u0161etnici \u010dime su ma\u017eoretkinje pokazale svoju eleganciju i gracioznost, a neumski gosti su ih nagradili gromoglasnim pljeskom. U nedjelju, 26. lipnja na sportskom igrali\u0161tu hotela &#8221;Zenit&#8221; odr\u017eana je prva smotra neumskih ma\u017eoretkinja pod nazivom &#8221;Neumske ma\u017eoretkinje i gosti&#8221;. Ovogodi\u0161nja smotra ma\u017eoretkinja u Neumu odvija [&hellip;]","og_url":"https:\/\/radioljubuski.ba\/index.php\/2022\/06\/27\/smotra-mazoretkinja-neumske-mazoretkinje-i-gosti-odusevila-neumsku-publiku\/","og_site_name":"RADIO LJUBU\u0160KI","article_publisher":"https:\/\/www.facebook.com\/Radiio-Ljubuski-1490835324566332","article_published_time":"2022-06-27T08:35:07+00:00","article_modified_time":"2022-06-27T08:35:09+00:00","og_image":[{"width":800,"height":550,"url":"https:\/\/radioljubuski.ba\/wp-content\/uploads\/2022\/06\/Smotra-mazoretkinja-Neum-16-2.jpeg","type":"image\/jpeg"}],"author":"Radio Ljubu\u0161ki","twitter_card":"summary_large_image","twitter_creator":"@radioljubuski","twitter_site":"@radioljubuski","twitter_misc":{"Napisao\/la":"Radio Ljubu\u0161ki","Procijenjeno vrijeme \u010ditanja":"2 minute"},"schema":{"@context":"https:\/\/schema.org","@graph":[{"@type":"Article","@id":"https:\/\/radioljubuski.ba\/index.php\/2022\/06\/27\/smotra-mazoretkinja-neumske-mazoretkinje-i-gosti-odusevila-neumsku-publiku\/#article","isPartOf":{"@id":"https:\/\/radioljubuski.ba\/index.php\/2022\/06\/27\/smotra-mazoretkinja-neumske-mazoretkinje-i-gosti-odusevila-neumsku-publiku\/"},"author":{"name":"Radio Ljubu\u0161ki","@id":"https:\/\/radioljubuski.ba\/#\/schema\/person\/19fc700381a780f69665d7956c469e3b"},"headline":"Smotra ma\u017eoretkinja &#8221;Neumske ma\u017eoretkinje i gosti&#8221; odu\u0161evila neumsku publiku","datePublished":"2022-06-27T08:35:07+00:00","dateModified":"2022-06-27T08:35:09+00:00","mainEntityOfPage":{"@id":"https:\/\/radioljubuski.ba\/index.php\/2022\/06\/27\/smotra-mazoretkinja-neumske-mazoretkinje-i-gosti-odusevila-neumsku-publiku\/"},"wordCount":265,"publisher":{"@id":"https:\/\/radioljubuski.ba\/#organization"},"image":{"@id":"https:\/\/radioljubuski.ba\/index.php\/2022\/06\/27\/smotra-mazoretkinja-neumske-mazoretkinje-i-gosti-odusevila-neumsku-publiku\/#primaryimage"},"thumbnailUrl":"https:\/\/radioljubuski.ba\/wp-content\/uploads\/2022\/06\/Smotra-mazoretkinja-Neum-16-2.jpeg","articleSection":["BIH i regija"],"inLanguage":"hr"},{"@type":"WebPage","@id":"https:\/\/radioljubuski.ba\/index.php\/2022\/06\/27\/smotra-mazoretkinja-neumske-mazoretkinje-i-gosti-odusevila-neumsku-publiku\/","url":"https:\/\/radioljubuski.ba\/index.php\/2022\/06\/27\/smotra-mazoretkinja-neumske-mazoretkinje-i-gosti-odusevila-neumsku-publiku\/","name":"Smotra ma\u017eoretkinja ''Neumske ma\u017eoretkinje i gosti'' odu\u0161evila neumsku publiku - RADIO LJUBU\u0160KI","isPartOf":{"@id":"https:\/\/radioljubuski.ba\/#website"},"primaryImageOfPage":{"@id":"https:\/\/radioljubuski.ba\/index.php\/2022\/06\/27\/smotra-mazoretkinja-neumske-mazoretkinje-i-gosti-odusevila-neumsku-publiku\/#primaryimage"},"image":{"@id":"https:\/\/radioljubuski.ba\/index.php\/2022\/06\/27\/smotra-mazoretkinja-neumske-mazoretkinje-i-gosti-odusevila-neumsku-publiku\/#primaryimage"},"thumbnailUrl":"https:\/\/radioljubuski.ba\/wp-content\/uploads\/2022\/06\/Smotra-mazoretkinja-Neum-16-2.jpeg","datePublished":"2022-06-27T08:35:07+00:00","dateModified":"2022-06-27T08:35:09+00:00","breadcrumb":{"@id":"https:\/\/radioljubuski.ba\/index.php\/2022\/06\/27\/smotra-mazoretkinja-neumske-mazoretkinje-i-gosti-odusevila-neumsku-publiku\/#breadcrumb"},"inLanguage":"hr","potentialAction":[{"@type":"ReadAction","target":["https:\/\/radioljubuski.ba\/index.php\/2022\/06\/27\/smotra-mazoretkinja-neumske-mazoretkinje-i-gosti-odusevila-neumsku-publiku\/"]}]},{"@type":"ImageObject","inLanguage":"hr","@id":"https:\/\/radioljubuski.ba\/index.php\/2022\/06\/27\/smotra-mazoretkinja-neumske-mazoretkinje-i-gosti-odusevila-neumsku-publiku\/#primaryimage","url":"https:\/\/radioljubuski.ba\/wp-content\/uploads\/2022\/06\/Smotra-mazoretkinja-Neum-16-2.jpeg","contentUrl":"https:\/\/radioljubuski.ba\/wp-content\/uploads\/2022\/06\/Smotra-mazoretkinja-Neum-16-2.jpeg","width":800,"height":550},{"@type":"BreadcrumbList","@id":"https:\/\/radioljubuski.ba\/index.php\/2022\/06\/27\/smotra-mazoretkinja-neumske-mazoretkinje-i-gosti-odusevila-neumsku-publiku\/#breadcrumb","itemListElement":[{"@type":"ListItem","position":1,"name":"Po\u010detna stranica","item":"https:\/\/radioljubuski.ba\/"},{"@type":"ListItem","position":2,"name":"Smotra ma\u017eoretkinja &#8221;Neumske ma\u017eoretkinje i gosti&#8221; odu\u0161evila neumsku publiku"}]},{"@type":"WebSite","@id":"https:\/\/radioljubuski.ba\/#website","url":"https:\/\/radioljubuski.ba\/","name":"Radio Ljubu\u0161ki","description":"Sun\u010dana frekvencija Hercegovine","publisher":{"@id":"https:\/\/radioljubuski.ba\/#organization"},"potentialAction":[{"@type":"SearchAction","target":{"@type":"EntryPoint","urlTemplate":"https:\/\/radioljubuski.ba\/?s={search_term_string}"},"query-input":{"@type":"PropertyValueSpecification","valueRequired":true,"valueName":"search_term_string"}}],"inLanguage":"hr"},{"@type":"Organization","@id":"https:\/\/radioljubuski.ba\/#organization","name":"Radio Ljubu\u0161ki","url":"https:\/\/radioljubuski.ba\/","logo":{"@type":"ImageObject","inLanguage":"hr","@id":"https:\/\/radioljubuski.ba\/#\/schema\/logo\/image\/","url":"https:\/\/radioljubuski.ba\/wp-content\/uploads\/2021\/02\/cropped-Radio_Ljubuski_logo1.jpg","contentUrl":"https:\/\/radioljubuski.ba\/wp-content\/uploads\/2021\/02\/cropped-Radio_Ljubuski_logo1.jpg","width":512,"height":512,"caption":"Radio Ljubu\u0161ki"},"image":{"@id":"https:\/\/radioljubuski.ba\/#\/schema\/logo\/image\/"},"sameAs":["https:\/\/www.facebook.com\/Radiio-Ljubuski-1490835324566332","https:\/\/x.com\/radioljubuski","https:\/\/hr.linkedin.com\/company\/radio-ljubuski","https:\/\/www.youtube.com\/channel\/UCHYaeO_n0Db3tjNGudGpXyw"]},{"@type":"Person","@id":"https:\/\/radioljubuski.ba\/#\/schema\/person\/19fc700381a780f69665d7956c469e3b","name":"Radio Ljubu\u0161ki"}]}},"_links":{"self":[{"href":"https:\/\/radioljubuski.ba\/index.php\/wp-json\/wp\/v2\/posts\/153850","targetHints":{"allow":["GET"]}}],"collection":[{"href":"https:\/\/radioljubuski.ba\/index.php\/wp-json\/wp\/v2\/posts"}],"about":[{"href":"https:\/\/radioljubuski.ba\/index.php\/wp-json\/wp\/v2\/types\/post"}],"author":[{"embeddable":true,"href":"https:\/\/radioljubuski.ba\/index.php\/wp-json\/wp\/v2\/users\/2"}],"replies":[{"embeddable":true,"href":"https:\/\/radioljubuski.ba\/index.php\/wp-json\/wp\/v2\/comments?post=153850"}],"version-history":[{"count":1,"href":"https:\/\/radioljubuski.ba\/index.php\/wp-json\/wp\/v2\/posts\/153850\/revisions"}],"predecessor-version":[{"id":153860,"href":"https:\/\/radioljubuski.ba\/index.php\/wp-json\/wp\/v2\/posts\/153850\/revisions\/153860"}],"wp:featuredmedia":[{"embeddable":true,"href":"https:\/\/radioljubuski.ba\/index.php\/wp-json\/wp\/v2\/media\/153859"}],"wp:attachment":[{"href":"https:\/\/radioljubuski.ba\/index.php\/wp-json\/wp\/v2\/media?parent=153850"}],"wp:term":[{"taxonomy":"category","embeddable":true,"href":"https:\/\/radioljubuski.ba\/index.php\/wp-json\/wp\/v2\/categories?post=153850"},{"taxonomy":"post_tag","embeddable":true,"href":"https:\/\/radioljubuski.ba\/index.php\/wp-json\/wp\/v2\/tags?post=153850"}],"curies":[{"name":"wp","href":"https:\/\/api.w.org\/{rel}","templated":true}]}}