{"id":153885,"date":"2022-06-27T10:15:49","date_gmt":"2022-06-27T09:15:49","guid":{"rendered":"https:\/\/radioljubuski.ba\/?p=153885"},"modified":"2022-06-27T10:15:51","modified_gmt":"2022-06-27T09:15:51","slug":"brad-pitt-taj-film-nisam-nikada-trebao-snimiti","status":"publish","type":"post","link":"https:\/\/radioljubuski.ba\/index.php\/2022\/06\/27\/brad-pitt-taj-film-nisam-nikada-trebao-snimiti\/","title":{"rendered":"Brad Pitt: &#8220;Taj film nisam nikada trebao snimiti&#8221;"},"content":{"rendered":"\n<p>Brad Pitt snimio je brojne filmove hvaljene od kritike i od publike, a neki od njih su Bilo jednom u Hollywoodu, Sedam i Moneyball. Sada je otkrio koji svoj film smatra najgorim projektom u karijeri.<\/p>\n\n\n\n<p>Kada pojedinac postigne vrstu slave i popularnosti kakvu je dosegao Pitt, sa sigurno\u0161\u0107u se mo\u017ee re\u0107i da ima slobodu birati vlastite projekte i koristiti kreativnu slobodu.&nbsp;Na\u017ealost, to nije bio slu\u010daj s Pittom, koji je bio prisiljen glumiti u jednoj produkciji koju smatra najgorim projektom u svojoj karijeri.<\/p>\n\n\n\n<p>Radi se o filmu Troja, Homerova adaptacija Wolfganga Petersena u kojoj je Pitt glumio Ahila, legendarnog nepobjedivog ratnika, a koji je kritika do\u010dekala poprili\u010dno suzdr\u017eano.\u00a0U to vrijeme Pitt nije mogao izraziti svoje mi\u0161ljenje zbog zakonskih obveza, no kasnije je otkrio da je po\u017ealio \u0161to je snimio film jer ga je studio natjerao na to nakon \u0161to je odustao od drugog projekta.<\/p>\n\n\n\n<iframe loading=\"lazy\" title=\"Troy (2004) Official Trailer - Brad Pitt, Eric Bana, Orlando Bloom Movie HD\" width=\"640\" height=\"360\" src=\"https:\/\/www.youtube.com\/embed\/znTLzRJimeY?feature=oembed\" frameborder=\"0\" allow=\"accelerometer; autoplay; clipboard-write; encrypted-media; gyroscope; picture-in-picture; web-share\" referrerpolicy=\"strict-origin-when-cross-origin\" allowfullscreen><\/iframe>\n\n\n\n<p>&#8220;Nije bilo bolno, ali shvatio sam da na\u010din na koji se pri\u010da o tom filmu nije onakav kakav sam \u017eelio da bude.&nbsp;U tome sam napravio vlastite pogre\u0161ke.&nbsp;\u0160to poku\u0161avam re\u0107i o Troji?&nbsp;Nisam mogao iza\u0107i iz sredine kadra.&nbsp;To me je izlu\u0111ivalo&#8221;, otkrio je Pitt za New York Times za\u0161to mu se toliko nije svi\u0111alo raditi na filmu.<\/p>\n\n\n\n<p>&#8220;Postao sam razma\u017een rade\u0107i s Davidom Fincherom.&nbsp;To nije podcijenjivanje prema Wolfgangu Petersenu.&nbsp;Das Boot&nbsp;jedan je od najboljih filmova svih vremena.&nbsp;Ali negdje po putu Troja je postala komercijalna stvar.&nbsp;Svaki je kadar bio kao: &#8216;Evo heroja!&#8217;&nbsp;Nije bilo misterije&#8221;, dodao je Pitt.<\/p>\n\n\n\n<p>Nakon rada na&nbsp;Troji,&nbsp;glumac je sebi obe\u0107ao da ne\u0107e pristajati na kompromise u pogledu svoje umjetni\u010dke vizije te se odlu\u010dio raditi na filmovima za koje je osobno bio zainteresiran. To se definitivno pokazalo dobrom idejom budu\u0107i da je nastavio raditi na fantasti\u010dnim projektima kao \u0161to&nbsp;je The Assassination of Jesse James by the Coward Robert Ford&nbsp;me\u0111u ostalima.<\/p>\n\n\n\n<p>Izvor:index.hr<\/p>\n","protected":false},"excerpt":{"rendered":"<p>Brad Pitt snimio je brojne filmove hvaljene od kritike i od publike, a neki od njih su Bilo jednom u Hollywoodu, Sedam i Moneyball. Sada je otkrio koji svoj film smatra najgorim projektom u karijeri. Kada pojedinac postigne vrstu slave i popularnosti kakvu je dosegao Pitt, sa sigurno\u0161\u0107u se mo\u017ee re\u0107i da ima slobodu birati [&hellip;]<\/p>\n","protected":false},"author":2,"featured_media":152912,"comment_status":"closed","ping_status":"closed","sticky":false,"template":"","format":"standard","meta":{"h5ap_radio_sources":[],"footnotes":""},"categories":[1],"tags":[],"class_list":["post-153885","post","type-post","status-publish","format-standard","has-post-thumbnail","hentry","category-bihiregija"],"yoast_head":"<!-- This site is optimized with the Yoast SEO plugin v27.5 - https:\/\/yoast.com\/product\/yoast-seo-wordpress\/ -->\n<title>Brad Pitt: &quot;Taj film nisam nikada trebao snimiti&quot; - RADIO LJUBU\u0160KI<\/title>\n<meta name=\"robots\" content=\"index, follow, max-snippet:-1, max-image-preview:large, max-video-preview:-1\" \/>\n<link rel=\"canonical\" href=\"https:\/\/radioljubuski.ba\/index.php\/2022\/06\/27\/brad-pitt-taj-film-nisam-nikada-trebao-snimiti\/\" \/>\n<meta property=\"og:locale\" content=\"hr_HR\" \/>\n<meta property=\"og:type\" content=\"article\" \/>\n<meta property=\"og:title\" content=\"Brad Pitt: &quot;Taj film nisam nikada trebao snimiti&quot; - RADIO LJUBU\u0160KI\" \/>\n<meta property=\"og:description\" content=\"Brad Pitt snimio je brojne filmove hvaljene od kritike i od publike, a neki od njih su Bilo jednom u Hollywoodu, Sedam i Moneyball. Sada je otkrio koji svoj film smatra najgorim projektom u karijeri. Kada pojedinac postigne vrstu slave i popularnosti kakvu je dosegao Pitt, sa sigurno\u0161\u0107u se mo\u017ee re\u0107i da ima slobodu birati [&hellip;]\" \/>\n<meta property=\"og:url\" content=\"https:\/\/radioljubuski.ba\/index.php\/2022\/06\/27\/brad-pitt-taj-film-nisam-nikada-trebao-snimiti\/\" \/>\n<meta property=\"og:site_name\" content=\"RADIO LJUBU\u0160KI\" \/>\n<meta property=\"article:publisher\" content=\"https:\/\/www.facebook.com\/Radiio-Ljubuski-1490835324566332\" \/>\n<meta property=\"article:published_time\" content=\"2022-06-27T09:15:49+00:00\" \/>\n<meta property=\"article:modified_time\" content=\"2022-06-27T09:15:51+00:00\" \/>\n<meta property=\"og:image\" content=\"https:\/\/radioljubuski.ba\/wp-content\/uploads\/2022\/06\/8-2022-06-23-15-31-09-BRAD-PITT.jpg\" \/>\n\t<meta property=\"og:image:width\" content=\"1000\" \/>\n\t<meta property=\"og:image:height\" content=\"625\" \/>\n\t<meta property=\"og:image:type\" content=\"image\/jpeg\" \/>\n<meta name=\"author\" content=\"Radio Ljubu\u0161ki\" \/>\n<meta name=\"twitter:card\" content=\"summary_large_image\" \/>\n<meta name=\"twitter:creator\" content=\"@radioljubuski\" \/>\n<meta name=\"twitter:site\" content=\"@radioljubuski\" \/>\n<meta name=\"twitter:label1\" content=\"Napisao\/la\" \/>\n\t<meta name=\"twitter:data1\" content=\"Radio Ljubu\u0161ki\" \/>\n\t<meta name=\"twitter:label2\" content=\"Procijenjeno vrijeme \u010ditanja\" \/>\n\t<meta name=\"twitter:data2\" content=\"2 minute\" \/>\n<script type=\"application\/ld+json\" class=\"yoast-schema-graph\">{\"@context\":\"https:\\\/\\\/schema.org\",\"@graph\":[{\"@type\":\"Article\",\"@id\":\"https:\\\/\\\/radioljubuski.ba\\\/index.php\\\/2022\\\/06\\\/27\\\/brad-pitt-taj-film-nisam-nikada-trebao-snimiti\\\/#article\",\"isPartOf\":{\"@id\":\"https:\\\/\\\/radioljubuski.ba\\\/index.php\\\/2022\\\/06\\\/27\\\/brad-pitt-taj-film-nisam-nikada-trebao-snimiti\\\/\"},\"author\":{\"name\":\"Radio Ljubu\u0161ki\",\"@id\":\"https:\\\/\\\/radioljubuski.ba\\\/#\\\/schema\\\/person\\\/19fc700381a780f69665d7956c469e3b\"},\"headline\":\"Brad Pitt: &#8220;Taj film nisam nikada trebao snimiti&#8221;\",\"datePublished\":\"2022-06-27T09:15:49+00:00\",\"dateModified\":\"2022-06-27T09:15:51+00:00\",\"mainEntityOfPage\":{\"@id\":\"https:\\\/\\\/radioljubuski.ba\\\/index.php\\\/2022\\\/06\\\/27\\\/brad-pitt-taj-film-nisam-nikada-trebao-snimiti\\\/\"},\"wordCount\":368,\"publisher\":{\"@id\":\"https:\\\/\\\/radioljubuski.ba\\\/#organization\"},\"image\":{\"@id\":\"https:\\\/\\\/radioljubuski.ba\\\/index.php\\\/2022\\\/06\\\/27\\\/brad-pitt-taj-film-nisam-nikada-trebao-snimiti\\\/#primaryimage\"},\"thumbnailUrl\":\"https:\\\/\\\/radioljubuski.ba\\\/wp-content\\\/uploads\\\/2022\\\/06\\\/8-2022-06-23-15-31-09-BRAD-PITT.jpg\",\"articleSection\":[\"BIH i regija\"],\"inLanguage\":\"hr\"},{\"@type\":\"WebPage\",\"@id\":\"https:\\\/\\\/radioljubuski.ba\\\/index.php\\\/2022\\\/06\\\/27\\\/brad-pitt-taj-film-nisam-nikada-trebao-snimiti\\\/\",\"url\":\"https:\\\/\\\/radioljubuski.ba\\\/index.php\\\/2022\\\/06\\\/27\\\/brad-pitt-taj-film-nisam-nikada-trebao-snimiti\\\/\",\"name\":\"Brad Pitt: \\\"Taj film nisam nikada trebao snimiti\\\" - RADIO LJUBU\u0160KI\",\"isPartOf\":{\"@id\":\"https:\\\/\\\/radioljubuski.ba\\\/#website\"},\"primaryImageOfPage\":{\"@id\":\"https:\\\/\\\/radioljubuski.ba\\\/index.php\\\/2022\\\/06\\\/27\\\/brad-pitt-taj-film-nisam-nikada-trebao-snimiti\\\/#primaryimage\"},\"image\":{\"@id\":\"https:\\\/\\\/radioljubuski.ba\\\/index.php\\\/2022\\\/06\\\/27\\\/brad-pitt-taj-film-nisam-nikada-trebao-snimiti\\\/#primaryimage\"},\"thumbnailUrl\":\"https:\\\/\\\/radioljubuski.ba\\\/wp-content\\\/uploads\\\/2022\\\/06\\\/8-2022-06-23-15-31-09-BRAD-PITT.jpg\",\"datePublished\":\"2022-06-27T09:15:49+00:00\",\"dateModified\":\"2022-06-27T09:15:51+00:00\",\"breadcrumb\":{\"@id\":\"https:\\\/\\\/radioljubuski.ba\\\/index.php\\\/2022\\\/06\\\/27\\\/brad-pitt-taj-film-nisam-nikada-trebao-snimiti\\\/#breadcrumb\"},\"inLanguage\":\"hr\",\"potentialAction\":[{\"@type\":\"ReadAction\",\"target\":[\"https:\\\/\\\/radioljubuski.ba\\\/index.php\\\/2022\\\/06\\\/27\\\/brad-pitt-taj-film-nisam-nikada-trebao-snimiti\\\/\"]}]},{\"@type\":\"ImageObject\",\"inLanguage\":\"hr\",\"@id\":\"https:\\\/\\\/radioljubuski.ba\\\/index.php\\\/2022\\\/06\\\/27\\\/brad-pitt-taj-film-nisam-nikada-trebao-snimiti\\\/#primaryimage\",\"url\":\"https:\\\/\\\/radioljubuski.ba\\\/wp-content\\\/uploads\\\/2022\\\/06\\\/8-2022-06-23-15-31-09-BRAD-PITT.jpg\",\"contentUrl\":\"https:\\\/\\\/radioljubuski.ba\\\/wp-content\\\/uploads\\\/2022\\\/06\\\/8-2022-06-23-15-31-09-BRAD-PITT.jpg\",\"width\":1000,\"height\":625},{\"@type\":\"BreadcrumbList\",\"@id\":\"https:\\\/\\\/radioljubuski.ba\\\/index.php\\\/2022\\\/06\\\/27\\\/brad-pitt-taj-film-nisam-nikada-trebao-snimiti\\\/#breadcrumb\",\"itemListElement\":[{\"@type\":\"ListItem\",\"position\":1,\"name\":\"Po\u010detna stranica\",\"item\":\"https:\\\/\\\/radioljubuski.ba\\\/\"},{\"@type\":\"ListItem\",\"position\":2,\"name\":\"Brad Pitt: &#8220;Taj film nisam nikada trebao snimiti&#8221;\"}]},{\"@type\":\"WebSite\",\"@id\":\"https:\\\/\\\/radioljubuski.ba\\\/#website\",\"url\":\"https:\\\/\\\/radioljubuski.ba\\\/\",\"name\":\"Radio Ljubu\u0161ki\",\"description\":\"Sun\u010dana frekvencija Hercegovine\",\"publisher\":{\"@id\":\"https:\\\/\\\/radioljubuski.ba\\\/#organization\"},\"potentialAction\":[{\"@type\":\"SearchAction\",\"target\":{\"@type\":\"EntryPoint\",\"urlTemplate\":\"https:\\\/\\\/radioljubuski.ba\\\/?s={search_term_string}\"},\"query-input\":{\"@type\":\"PropertyValueSpecification\",\"valueRequired\":true,\"valueName\":\"search_term_string\"}}],\"inLanguage\":\"hr\"},{\"@type\":\"Organization\",\"@id\":\"https:\\\/\\\/radioljubuski.ba\\\/#organization\",\"name\":\"Radio Ljubu\u0161ki\",\"url\":\"https:\\\/\\\/radioljubuski.ba\\\/\",\"logo\":{\"@type\":\"ImageObject\",\"inLanguage\":\"hr\",\"@id\":\"https:\\\/\\\/radioljubuski.ba\\\/#\\\/schema\\\/logo\\\/image\\\/\",\"url\":\"https:\\\/\\\/radioljubuski.ba\\\/wp-content\\\/uploads\\\/2021\\\/02\\\/cropped-Radio_Ljubuski_logo1.jpg\",\"contentUrl\":\"https:\\\/\\\/radioljubuski.ba\\\/wp-content\\\/uploads\\\/2021\\\/02\\\/cropped-Radio_Ljubuski_logo1.jpg\",\"width\":512,\"height\":512,\"caption\":\"Radio Ljubu\u0161ki\"},\"image\":{\"@id\":\"https:\\\/\\\/radioljubuski.ba\\\/#\\\/schema\\\/logo\\\/image\\\/\"},\"sameAs\":[\"https:\\\/\\\/www.facebook.com\\\/Radiio-Ljubuski-1490835324566332\",\"https:\\\/\\\/x.com\\\/radioljubuski\",\"https:\\\/\\\/hr.linkedin.com\\\/company\\\/radio-ljubuski\",\"https:\\\/\\\/www.youtube.com\\\/channel\\\/UCHYaeO_n0Db3tjNGudGpXyw\"]},{\"@type\":\"Person\",\"@id\":\"https:\\\/\\\/radioljubuski.ba\\\/#\\\/schema\\\/person\\\/19fc700381a780f69665d7956c469e3b\",\"name\":\"Radio Ljubu\u0161ki\"}]}<\/script>\n<!-- \/ Yoast SEO plugin. -->","yoast_head_json":{"title":"Brad Pitt: \"Taj film nisam nikada trebao snimiti\" - RADIO LJUBU\u0160KI","robots":{"index":"index","follow":"follow","max-snippet":"max-snippet:-1","max-image-preview":"max-image-preview:large","max-video-preview":"max-video-preview:-1"},"canonical":"https:\/\/radioljubuski.ba\/index.php\/2022\/06\/27\/brad-pitt-taj-film-nisam-nikada-trebao-snimiti\/","og_locale":"hr_HR","og_type":"article","og_title":"Brad Pitt: \"Taj film nisam nikada trebao snimiti\" - RADIO LJUBU\u0160KI","og_description":"Brad Pitt snimio je brojne filmove hvaljene od kritike i od publike, a neki od njih su Bilo jednom u Hollywoodu, Sedam i Moneyball. Sada je otkrio koji svoj film smatra najgorim projektom u karijeri. Kada pojedinac postigne vrstu slave i popularnosti kakvu je dosegao Pitt, sa sigurno\u0161\u0107u se mo\u017ee re\u0107i da ima slobodu birati [&hellip;]","og_url":"https:\/\/radioljubuski.ba\/index.php\/2022\/06\/27\/brad-pitt-taj-film-nisam-nikada-trebao-snimiti\/","og_site_name":"RADIO LJUBU\u0160KI","article_publisher":"https:\/\/www.facebook.com\/Radiio-Ljubuski-1490835324566332","article_published_time":"2022-06-27T09:15:49+00:00","article_modified_time":"2022-06-27T09:15:51+00:00","og_image":[{"width":1000,"height":625,"url":"https:\/\/radioljubuski.ba\/wp-content\/uploads\/2022\/06\/8-2022-06-23-15-31-09-BRAD-PITT.jpg","type":"image\/jpeg"}],"author":"Radio Ljubu\u0161ki","twitter_card":"summary_large_image","twitter_creator":"@radioljubuski","twitter_site":"@radioljubuski","twitter_misc":{"Napisao\/la":"Radio Ljubu\u0161ki","Procijenjeno vrijeme \u010ditanja":"2 minute"},"schema":{"@context":"https:\/\/schema.org","@graph":[{"@type":"Article","@id":"https:\/\/radioljubuski.ba\/index.php\/2022\/06\/27\/brad-pitt-taj-film-nisam-nikada-trebao-snimiti\/#article","isPartOf":{"@id":"https:\/\/radioljubuski.ba\/index.php\/2022\/06\/27\/brad-pitt-taj-film-nisam-nikada-trebao-snimiti\/"},"author":{"name":"Radio Ljubu\u0161ki","@id":"https:\/\/radioljubuski.ba\/#\/schema\/person\/19fc700381a780f69665d7956c469e3b"},"headline":"Brad Pitt: &#8220;Taj film nisam nikada trebao snimiti&#8221;","datePublished":"2022-06-27T09:15:49+00:00","dateModified":"2022-06-27T09:15:51+00:00","mainEntityOfPage":{"@id":"https:\/\/radioljubuski.ba\/index.php\/2022\/06\/27\/brad-pitt-taj-film-nisam-nikada-trebao-snimiti\/"},"wordCount":368,"publisher":{"@id":"https:\/\/radioljubuski.ba\/#organization"},"image":{"@id":"https:\/\/radioljubuski.ba\/index.php\/2022\/06\/27\/brad-pitt-taj-film-nisam-nikada-trebao-snimiti\/#primaryimage"},"thumbnailUrl":"https:\/\/radioljubuski.ba\/wp-content\/uploads\/2022\/06\/8-2022-06-23-15-31-09-BRAD-PITT.jpg","articleSection":["BIH i regija"],"inLanguage":"hr"},{"@type":"WebPage","@id":"https:\/\/radioljubuski.ba\/index.php\/2022\/06\/27\/brad-pitt-taj-film-nisam-nikada-trebao-snimiti\/","url":"https:\/\/radioljubuski.ba\/index.php\/2022\/06\/27\/brad-pitt-taj-film-nisam-nikada-trebao-snimiti\/","name":"Brad Pitt: \"Taj film nisam nikada trebao snimiti\" - RADIO LJUBU\u0160KI","isPartOf":{"@id":"https:\/\/radioljubuski.ba\/#website"},"primaryImageOfPage":{"@id":"https:\/\/radioljubuski.ba\/index.php\/2022\/06\/27\/brad-pitt-taj-film-nisam-nikada-trebao-snimiti\/#primaryimage"},"image":{"@id":"https:\/\/radioljubuski.ba\/index.php\/2022\/06\/27\/brad-pitt-taj-film-nisam-nikada-trebao-snimiti\/#primaryimage"},"thumbnailUrl":"https:\/\/radioljubuski.ba\/wp-content\/uploads\/2022\/06\/8-2022-06-23-15-31-09-BRAD-PITT.jpg","datePublished":"2022-06-27T09:15:49+00:00","dateModified":"2022-06-27T09:15:51+00:00","breadcrumb":{"@id":"https:\/\/radioljubuski.ba\/index.php\/2022\/06\/27\/brad-pitt-taj-film-nisam-nikada-trebao-snimiti\/#breadcrumb"},"inLanguage":"hr","potentialAction":[{"@type":"ReadAction","target":["https:\/\/radioljubuski.ba\/index.php\/2022\/06\/27\/brad-pitt-taj-film-nisam-nikada-trebao-snimiti\/"]}]},{"@type":"ImageObject","inLanguage":"hr","@id":"https:\/\/radioljubuski.ba\/index.php\/2022\/06\/27\/brad-pitt-taj-film-nisam-nikada-trebao-snimiti\/#primaryimage","url":"https:\/\/radioljubuski.ba\/wp-content\/uploads\/2022\/06\/8-2022-06-23-15-31-09-BRAD-PITT.jpg","contentUrl":"https:\/\/radioljubuski.ba\/wp-content\/uploads\/2022\/06\/8-2022-06-23-15-31-09-BRAD-PITT.jpg","width":1000,"height":625},{"@type":"BreadcrumbList","@id":"https:\/\/radioljubuski.ba\/index.php\/2022\/06\/27\/brad-pitt-taj-film-nisam-nikada-trebao-snimiti\/#breadcrumb","itemListElement":[{"@type":"ListItem","position":1,"name":"Po\u010detna stranica","item":"https:\/\/radioljubuski.ba\/"},{"@type":"ListItem","position":2,"name":"Brad Pitt: &#8220;Taj film nisam nikada trebao snimiti&#8221;"}]},{"@type":"WebSite","@id":"https:\/\/radioljubuski.ba\/#website","url":"https:\/\/radioljubuski.ba\/","name":"Radio Ljubu\u0161ki","description":"Sun\u010dana frekvencija Hercegovine","publisher":{"@id":"https:\/\/radioljubuski.ba\/#organization"},"potentialAction":[{"@type":"SearchAction","target":{"@type":"EntryPoint","urlTemplate":"https:\/\/radioljubuski.ba\/?s={search_term_string}"},"query-input":{"@type":"PropertyValueSpecification","valueRequired":true,"valueName":"search_term_string"}}],"inLanguage":"hr"},{"@type":"Organization","@id":"https:\/\/radioljubuski.ba\/#organization","name":"Radio Ljubu\u0161ki","url":"https:\/\/radioljubuski.ba\/","logo":{"@type":"ImageObject","inLanguage":"hr","@id":"https:\/\/radioljubuski.ba\/#\/schema\/logo\/image\/","url":"https:\/\/radioljubuski.ba\/wp-content\/uploads\/2021\/02\/cropped-Radio_Ljubuski_logo1.jpg","contentUrl":"https:\/\/radioljubuski.ba\/wp-content\/uploads\/2021\/02\/cropped-Radio_Ljubuski_logo1.jpg","width":512,"height":512,"caption":"Radio Ljubu\u0161ki"},"image":{"@id":"https:\/\/radioljubuski.ba\/#\/schema\/logo\/image\/"},"sameAs":["https:\/\/www.facebook.com\/Radiio-Ljubuski-1490835324566332","https:\/\/x.com\/radioljubuski","https:\/\/hr.linkedin.com\/company\/radio-ljubuski","https:\/\/www.youtube.com\/channel\/UCHYaeO_n0Db3tjNGudGpXyw"]},{"@type":"Person","@id":"https:\/\/radioljubuski.ba\/#\/schema\/person\/19fc700381a780f69665d7956c469e3b","name":"Radio Ljubu\u0161ki"}]}},"_links":{"self":[{"href":"https:\/\/radioljubuski.ba\/index.php\/wp-json\/wp\/v2\/posts\/153885","targetHints":{"allow":["GET"]}}],"collection":[{"href":"https:\/\/radioljubuski.ba\/index.php\/wp-json\/wp\/v2\/posts"}],"about":[{"href":"https:\/\/radioljubuski.ba\/index.php\/wp-json\/wp\/v2\/types\/post"}],"author":[{"embeddable":true,"href":"https:\/\/radioljubuski.ba\/index.php\/wp-json\/wp\/v2\/users\/2"}],"replies":[{"embeddable":true,"href":"https:\/\/radioljubuski.ba\/index.php\/wp-json\/wp\/v2\/comments?post=153885"}],"version-history":[{"count":1,"href":"https:\/\/radioljubuski.ba\/index.php\/wp-json\/wp\/v2\/posts\/153885\/revisions"}],"predecessor-version":[{"id":153886,"href":"https:\/\/radioljubuski.ba\/index.php\/wp-json\/wp\/v2\/posts\/153885\/revisions\/153886"}],"wp:featuredmedia":[{"embeddable":true,"href":"https:\/\/radioljubuski.ba\/index.php\/wp-json\/wp\/v2\/media\/152912"}],"wp:attachment":[{"href":"https:\/\/radioljubuski.ba\/index.php\/wp-json\/wp\/v2\/media?parent=153885"}],"wp:term":[{"taxonomy":"category","embeddable":true,"href":"https:\/\/radioljubuski.ba\/index.php\/wp-json\/wp\/v2\/categories?post=153885"},{"taxonomy":"post_tag","embeddable":true,"href":"https:\/\/radioljubuski.ba\/index.php\/wp-json\/wp\/v2\/tags?post=153885"}],"curies":[{"name":"wp","href":"https:\/\/api.w.org\/{rel}","templated":true}]}}