{"id":153904,"date":"2022-06-27T10:25:10","date_gmt":"2022-06-27T09:25:10","guid":{"rendered":"https:\/\/radioljubuski.ba\/?p=153904"},"modified":"2022-06-27T10:25:11","modified_gmt":"2022-06-27T09:25:11","slug":"tijekom-borbe-s-bikovima-urusila-se-tribina-poginule-najmanje-cetiri-osobe","status":"publish","type":"post","link":"https:\/\/radioljubuski.ba\/index.php\/2022\/06\/27\/tijekom-borbe-s-bikovima-urusila-se-tribina-poginule-najmanje-cetiri-osobe\/","title":{"rendered":"Tijekom borbe s bikovima uru\u0161ila se tribina, poginule najmanje \u010detiri osobe"},"content":{"rendered":"\n<p>Najmanje \u010detiri osobe izgubile su \u017eivot, a na desetke ih je ozlije\u0111eno prilikom uru\u0161avanja tribine tijekom borbe bikova u sredi\u0161njem dijelu Kolumbije. Pojavila se snimka koja prikazuje kako se sru\u0161ilo nekoliko razina improviziranih drvenih krcatih gledateljima na stadionu u El Espinalu, drugom najva\u017enijem gradu u departmanu Tolima, prenosi BBC.<\/p>\n\n\n\n<p>Tradicionalna manifestacija &#8216;corraleja&#8217; podrazumijeva uklju\u010divanje ulazak gledatelja u arenu s bikovima, a upravo u trenucima dok su gledatelji na terenu izazivali bikove do\u0161lo je do velike tragedije.<\/p>\n\n\n\n<blockquote class=\"twitter-tweet\"><p lang=\"en\" dir=\"ltr\">Terrifying video emerging from Colombia tonight where a grandstand collapsed during a bullfight in El Espinal, with local reports of several deaths and possibly hundreds injured (from WRadioColombia) <a href=\"https:\/\/t.co\/Whn8Fz7ugn\">pic.twitter.com\/Whn8Fz7ugn<\/a><\/p>&mdash; Manuel Bojorquez (@BojorquezCBS) <a href=\"https:\/\/twitter.com\/BojorquezCBS\/status\/1541154622785585152?ref_src=twsrc%5Etfw\">June 26, 2022<\/a><\/blockquote> <script async src=\"https:\/\/platform.twitter.com\/widgets.js\" charset=\"utf-8\"><\/script> \n\n\n\n<p>Novoizabrani predsjednik Gustavo Petro pozvao je lokalne du\u017enosnike da zabrane takva doga\u0111anja.<\/p>\n\n\n\n<p>&#8211; Pozivam gradona\u010delnika da ne dopusti nastavak doga\u0111anja na kojima ginu ljudi ili \u017eivotinje. To nije prvi put da se dogodila takva nesre\u0107a, rekao je.<\/p>\n\n\n\n<p>Me\u0111u poginulima na tribinama su dvije \u017eene, mu\u0161karac i dijete, rekao je guverner Tolime Jose Ricardo Orozco, a najmanje 30 osoba je te\u0161ko ozlije\u0111eno. Strahuje se da bi broj poginulih mogao biti ve\u0107i.<\/p>\n\n\n\n<p>Nakon nesre\u0107e sa stadiona je pobjegao bik, \u0161to je uzrokovalo dodatnu paniku u gradu.<\/p>\n\n\n\n<p>Lokalni vije\u0107nik Iv\u00e1n Ferney Rojas rekao je da gradska bolnica i hitna pomo\u0107 nemaju dovoljno kapaciteta za toliki broj ozlije\u0111enih, prenosi list El Tiempo.<\/p>\n\n\n\n<p>&#8211; Mnogi ljudi jo\u0161 nisu dobili lije\u010dni\u010dku pomo\u0107. Pozivamo susjedne bolnice da prisko\u010de pomo\u0107, rekao je Rojas.<\/p>\n\n\n\n<p>Manifestacije borbe bikova organizirana je u sklopu sve\u010danosti na popularnom festivalu San Pedro.<\/p>\n\n\n\n<p>Guverner Orozco poru\u010dio je da \u0107e regionalne vlasti poduzeti mjere kako bi do\u0161lo do zabrane &#8216;corralejasa&#8217;, za koje ka\u017ee da su opasne i okrutne prema \u017eivotinjama.<\/p>\n\n\n\n<blockquote class=\"twitter-tweet\"><p lang=\"en\" dir=\"ltr\">Bull fighting, banned in Bogot\u00e1 since 2019 for its cruelty, is still popular in rural communities of Colombia. Authorities estimate at least 500 have been injured after a stadium collapsed during a bull fight in El Espinal, 90 miles outside of Bogot\u00e1. <a href=\"https:\/\/t.co\/rmBaM67tcr\">pic.twitter.com\/rmBaM67tcr<\/a><\/p>&mdash; Alex Bare (@alexbaretv) <a href=\"https:\/\/twitter.com\/alexbaretv\/status\/1541155036830613505?ref_src=twsrc%5Etfw\">June 26, 2022<\/a><\/blockquote> <script async src=\"https:\/\/platform.twitter.com\/widgets.js\" charset=\"utf-8\"><\/script> \n\n\n\n<p>Izvor:jutarnji.hr<\/p>\n","protected":false},"excerpt":{"rendered":"<p>Najmanje \u010detiri osobe izgubile su \u017eivot, a na desetke ih je ozlije\u0111eno prilikom uru\u0161avanja tribine tijekom borbe bikova u sredi\u0161njem dijelu Kolumbije. Pojavila se snimka koja prikazuje kako se sru\u0161ilo nekoliko razina improviziranih drvenih krcatih gledateljima na stadionu u El Espinalu, drugom najva\u017enijem gradu u departmanu Tolima, prenosi BBC. Tradicionalna manifestacija &#8216;corraleja&#8217; podrazumijeva uklju\u010divanje ulazak [&hellip;]<\/p>\n","protected":false},"author":2,"featured_media":153907,"comment_status":"closed","ping_status":"closed","sticky":false,"template":"","format":"standard","meta":{"h5ap_radio_sources":[],"footnotes":""},"categories":[1],"tags":[],"class_list":["post-153904","post","type-post","status-publish","format-standard","has-post-thumbnail","hentry","category-bihiregija"],"yoast_head":"<!-- This site is optimized with the Yoast SEO plugin v27.5 - https:\/\/yoast.com\/product\/yoast-seo-wordpress\/ -->\n<title>Tijekom borbe s bikovima uru\u0161ila se tribina, poginule najmanje \u010detiri osobe - RADIO LJUBU\u0160KI<\/title>\n<meta name=\"robots\" content=\"index, follow, max-snippet:-1, max-image-preview:large, max-video-preview:-1\" \/>\n<link rel=\"canonical\" href=\"https:\/\/radioljubuski.ba\/index.php\/2022\/06\/27\/tijekom-borbe-s-bikovima-urusila-se-tribina-poginule-najmanje-cetiri-osobe\/\" \/>\n<meta property=\"og:locale\" content=\"hr_HR\" \/>\n<meta property=\"og:type\" content=\"article\" \/>\n<meta property=\"og:title\" content=\"Tijekom borbe s bikovima uru\u0161ila se tribina, poginule najmanje \u010detiri osobe - RADIO LJUBU\u0160KI\" \/>\n<meta property=\"og:description\" content=\"Najmanje \u010detiri osobe izgubile su \u017eivot, a na desetke ih je ozlije\u0111eno prilikom uru\u0161avanja tribine tijekom borbe bikova u sredi\u0161njem dijelu Kolumbije. Pojavila se snimka koja prikazuje kako se sru\u0161ilo nekoliko razina improviziranih drvenih krcatih gledateljima na stadionu u El Espinalu, drugom najva\u017enijem gradu u departmanu Tolima, prenosi BBC. Tradicionalna manifestacija &#8216;corraleja&#8217; podrazumijeva uklju\u010divanje ulazak [&hellip;]\" \/>\n<meta property=\"og:url\" content=\"https:\/\/radioljubuski.ba\/index.php\/2022\/06\/27\/tijekom-borbe-s-bikovima-urusila-se-tribina-poginule-najmanje-cetiri-osobe\/\" \/>\n<meta property=\"og:site_name\" content=\"RADIO LJUBU\u0160KI\" \/>\n<meta property=\"article:publisher\" content=\"https:\/\/www.facebook.com\/Radiio-Ljubuski-1490835324566332\" \/>\n<meta property=\"article:published_time\" content=\"2022-06-27T09:25:10+00:00\" \/>\n<meta property=\"article:modified_time\" content=\"2022-06-27T09:25:11+00:00\" \/>\n<meta property=\"og:image\" content=\"https:\/\/radioljubuski.ba\/wp-content\/uploads\/2022\/06\/8-2022-06-27-07-15-23-kolumbija.jpg\" \/>\n\t<meta property=\"og:image:width\" content=\"1000\" \/>\n\t<meta property=\"og:image:height\" content=\"625\" \/>\n\t<meta property=\"og:image:type\" content=\"image\/jpeg\" \/>\n<meta name=\"author\" content=\"Radio Ljubu\u0161ki\" \/>\n<meta name=\"twitter:card\" content=\"summary_large_image\" \/>\n<meta name=\"twitter:creator\" content=\"@radioljubuski\" \/>\n<meta name=\"twitter:site\" content=\"@radioljubuski\" \/>\n<meta name=\"twitter:label1\" content=\"Napisao\/la\" \/>\n\t<meta name=\"twitter:data1\" content=\"Radio Ljubu\u0161ki\" \/>\n\t<meta name=\"twitter:label2\" content=\"Procijenjeno vrijeme \u010ditanja\" \/>\n\t<meta name=\"twitter:data2\" content=\"2 minute\" \/>\n<script type=\"application\/ld+json\" class=\"yoast-schema-graph\">{\"@context\":\"https:\\\/\\\/schema.org\",\"@graph\":[{\"@type\":\"Article\",\"@id\":\"https:\\\/\\\/radioljubuski.ba\\\/index.php\\\/2022\\\/06\\\/27\\\/tijekom-borbe-s-bikovima-urusila-se-tribina-poginule-najmanje-cetiri-osobe\\\/#article\",\"isPartOf\":{\"@id\":\"https:\\\/\\\/radioljubuski.ba\\\/index.php\\\/2022\\\/06\\\/27\\\/tijekom-borbe-s-bikovima-urusila-se-tribina-poginule-najmanje-cetiri-osobe\\\/\"},\"author\":{\"name\":\"Radio Ljubu\u0161ki\",\"@id\":\"https:\\\/\\\/radioljubuski.ba\\\/#\\\/schema\\\/person\\\/19fc700381a780f69665d7956c469e3b\"},\"headline\":\"Tijekom borbe s bikovima uru\u0161ila se tribina, poginule najmanje \u010detiri osobe\",\"datePublished\":\"2022-06-27T09:25:10+00:00\",\"dateModified\":\"2022-06-27T09:25:11+00:00\",\"mainEntityOfPage\":{\"@id\":\"https:\\\/\\\/radioljubuski.ba\\\/index.php\\\/2022\\\/06\\\/27\\\/tijekom-borbe-s-bikovima-urusila-se-tribina-poginule-najmanje-cetiri-osobe\\\/\"},\"wordCount\":370,\"publisher\":{\"@id\":\"https:\\\/\\\/radioljubuski.ba\\\/#organization\"},\"image\":{\"@id\":\"https:\\\/\\\/radioljubuski.ba\\\/index.php\\\/2022\\\/06\\\/27\\\/tijekom-borbe-s-bikovima-urusila-se-tribina-poginule-najmanje-cetiri-osobe\\\/#primaryimage\"},\"thumbnailUrl\":\"https:\\\/\\\/radioljubuski.ba\\\/wp-content\\\/uploads\\\/2022\\\/06\\\/8-2022-06-27-07-15-23-kolumbija.jpg\",\"articleSection\":[\"BIH i regija\"],\"inLanguage\":\"hr\"},{\"@type\":\"WebPage\",\"@id\":\"https:\\\/\\\/radioljubuski.ba\\\/index.php\\\/2022\\\/06\\\/27\\\/tijekom-borbe-s-bikovima-urusila-se-tribina-poginule-najmanje-cetiri-osobe\\\/\",\"url\":\"https:\\\/\\\/radioljubuski.ba\\\/index.php\\\/2022\\\/06\\\/27\\\/tijekom-borbe-s-bikovima-urusila-se-tribina-poginule-najmanje-cetiri-osobe\\\/\",\"name\":\"Tijekom borbe s bikovima uru\u0161ila se tribina, poginule najmanje \u010detiri osobe - RADIO LJUBU\u0160KI\",\"isPartOf\":{\"@id\":\"https:\\\/\\\/radioljubuski.ba\\\/#website\"},\"primaryImageOfPage\":{\"@id\":\"https:\\\/\\\/radioljubuski.ba\\\/index.php\\\/2022\\\/06\\\/27\\\/tijekom-borbe-s-bikovima-urusila-se-tribina-poginule-najmanje-cetiri-osobe\\\/#primaryimage\"},\"image\":{\"@id\":\"https:\\\/\\\/radioljubuski.ba\\\/index.php\\\/2022\\\/06\\\/27\\\/tijekom-borbe-s-bikovima-urusila-se-tribina-poginule-najmanje-cetiri-osobe\\\/#primaryimage\"},\"thumbnailUrl\":\"https:\\\/\\\/radioljubuski.ba\\\/wp-content\\\/uploads\\\/2022\\\/06\\\/8-2022-06-27-07-15-23-kolumbija.jpg\",\"datePublished\":\"2022-06-27T09:25:10+00:00\",\"dateModified\":\"2022-06-27T09:25:11+00:00\",\"breadcrumb\":{\"@id\":\"https:\\\/\\\/radioljubuski.ba\\\/index.php\\\/2022\\\/06\\\/27\\\/tijekom-borbe-s-bikovima-urusila-se-tribina-poginule-najmanje-cetiri-osobe\\\/#breadcrumb\"},\"inLanguage\":\"hr\",\"potentialAction\":[{\"@type\":\"ReadAction\",\"target\":[\"https:\\\/\\\/radioljubuski.ba\\\/index.php\\\/2022\\\/06\\\/27\\\/tijekom-borbe-s-bikovima-urusila-se-tribina-poginule-najmanje-cetiri-osobe\\\/\"]}]},{\"@type\":\"ImageObject\",\"inLanguage\":\"hr\",\"@id\":\"https:\\\/\\\/radioljubuski.ba\\\/index.php\\\/2022\\\/06\\\/27\\\/tijekom-borbe-s-bikovima-urusila-se-tribina-poginule-najmanje-cetiri-osobe\\\/#primaryimage\",\"url\":\"https:\\\/\\\/radioljubuski.ba\\\/wp-content\\\/uploads\\\/2022\\\/06\\\/8-2022-06-27-07-15-23-kolumbija.jpg\",\"contentUrl\":\"https:\\\/\\\/radioljubuski.ba\\\/wp-content\\\/uploads\\\/2022\\\/06\\\/8-2022-06-27-07-15-23-kolumbija.jpg\",\"width\":1000,\"height\":625},{\"@type\":\"BreadcrumbList\",\"@id\":\"https:\\\/\\\/radioljubuski.ba\\\/index.php\\\/2022\\\/06\\\/27\\\/tijekom-borbe-s-bikovima-urusila-se-tribina-poginule-najmanje-cetiri-osobe\\\/#breadcrumb\",\"itemListElement\":[{\"@type\":\"ListItem\",\"position\":1,\"name\":\"Po\u010detna stranica\",\"item\":\"https:\\\/\\\/radioljubuski.ba\\\/\"},{\"@type\":\"ListItem\",\"position\":2,\"name\":\"Tijekom borbe s bikovima uru\u0161ila se tribina, poginule najmanje \u010detiri osobe\"}]},{\"@type\":\"WebSite\",\"@id\":\"https:\\\/\\\/radioljubuski.ba\\\/#website\",\"url\":\"https:\\\/\\\/radioljubuski.ba\\\/\",\"name\":\"Radio Ljubu\u0161ki\",\"description\":\"Sun\u010dana frekvencija Hercegovine\",\"publisher\":{\"@id\":\"https:\\\/\\\/radioljubuski.ba\\\/#organization\"},\"potentialAction\":[{\"@type\":\"SearchAction\",\"target\":{\"@type\":\"EntryPoint\",\"urlTemplate\":\"https:\\\/\\\/radioljubuski.ba\\\/?s={search_term_string}\"},\"query-input\":{\"@type\":\"PropertyValueSpecification\",\"valueRequired\":true,\"valueName\":\"search_term_string\"}}],\"inLanguage\":\"hr\"},{\"@type\":\"Organization\",\"@id\":\"https:\\\/\\\/radioljubuski.ba\\\/#organization\",\"name\":\"Radio Ljubu\u0161ki\",\"url\":\"https:\\\/\\\/radioljubuski.ba\\\/\",\"logo\":{\"@type\":\"ImageObject\",\"inLanguage\":\"hr\",\"@id\":\"https:\\\/\\\/radioljubuski.ba\\\/#\\\/schema\\\/logo\\\/image\\\/\",\"url\":\"https:\\\/\\\/radioljubuski.ba\\\/wp-content\\\/uploads\\\/2021\\\/02\\\/cropped-Radio_Ljubuski_logo1.jpg\",\"contentUrl\":\"https:\\\/\\\/radioljubuski.ba\\\/wp-content\\\/uploads\\\/2021\\\/02\\\/cropped-Radio_Ljubuski_logo1.jpg\",\"width\":512,\"height\":512,\"caption\":\"Radio Ljubu\u0161ki\"},\"image\":{\"@id\":\"https:\\\/\\\/radioljubuski.ba\\\/#\\\/schema\\\/logo\\\/image\\\/\"},\"sameAs\":[\"https:\\\/\\\/www.facebook.com\\\/Radiio-Ljubuski-1490835324566332\",\"https:\\\/\\\/x.com\\\/radioljubuski\",\"https:\\\/\\\/hr.linkedin.com\\\/company\\\/radio-ljubuski\",\"https:\\\/\\\/www.youtube.com\\\/channel\\\/UCHYaeO_n0Db3tjNGudGpXyw\"]},{\"@type\":\"Person\",\"@id\":\"https:\\\/\\\/radioljubuski.ba\\\/#\\\/schema\\\/person\\\/19fc700381a780f69665d7956c469e3b\",\"name\":\"Radio Ljubu\u0161ki\"}]}<\/script>\n<!-- \/ Yoast SEO plugin. -->","yoast_head_json":{"title":"Tijekom borbe s bikovima uru\u0161ila se tribina, poginule najmanje \u010detiri osobe - RADIO LJUBU\u0160KI","robots":{"index":"index","follow":"follow","max-snippet":"max-snippet:-1","max-image-preview":"max-image-preview:large","max-video-preview":"max-video-preview:-1"},"canonical":"https:\/\/radioljubuski.ba\/index.php\/2022\/06\/27\/tijekom-borbe-s-bikovima-urusila-se-tribina-poginule-najmanje-cetiri-osobe\/","og_locale":"hr_HR","og_type":"article","og_title":"Tijekom borbe s bikovima uru\u0161ila se tribina, poginule najmanje \u010detiri osobe - RADIO LJUBU\u0160KI","og_description":"Najmanje \u010detiri osobe izgubile su \u017eivot, a na desetke ih je ozlije\u0111eno prilikom uru\u0161avanja tribine tijekom borbe bikova u sredi\u0161njem dijelu Kolumbije. Pojavila se snimka koja prikazuje kako se sru\u0161ilo nekoliko razina improviziranih drvenih krcatih gledateljima na stadionu u El Espinalu, drugom najva\u017enijem gradu u departmanu Tolima, prenosi BBC. Tradicionalna manifestacija &#8216;corraleja&#8217; podrazumijeva uklju\u010divanje ulazak [&hellip;]","og_url":"https:\/\/radioljubuski.ba\/index.php\/2022\/06\/27\/tijekom-borbe-s-bikovima-urusila-se-tribina-poginule-najmanje-cetiri-osobe\/","og_site_name":"RADIO LJUBU\u0160KI","article_publisher":"https:\/\/www.facebook.com\/Radiio-Ljubuski-1490835324566332","article_published_time":"2022-06-27T09:25:10+00:00","article_modified_time":"2022-06-27T09:25:11+00:00","og_image":[{"width":1000,"height":625,"url":"https:\/\/radioljubuski.ba\/wp-content\/uploads\/2022\/06\/8-2022-06-27-07-15-23-kolumbija.jpg","type":"image\/jpeg"}],"author":"Radio Ljubu\u0161ki","twitter_card":"summary_large_image","twitter_creator":"@radioljubuski","twitter_site":"@radioljubuski","twitter_misc":{"Napisao\/la":"Radio Ljubu\u0161ki","Procijenjeno vrijeme \u010ditanja":"2 minute"},"schema":{"@context":"https:\/\/schema.org","@graph":[{"@type":"Article","@id":"https:\/\/radioljubuski.ba\/index.php\/2022\/06\/27\/tijekom-borbe-s-bikovima-urusila-se-tribina-poginule-najmanje-cetiri-osobe\/#article","isPartOf":{"@id":"https:\/\/radioljubuski.ba\/index.php\/2022\/06\/27\/tijekom-borbe-s-bikovima-urusila-se-tribina-poginule-najmanje-cetiri-osobe\/"},"author":{"name":"Radio Ljubu\u0161ki","@id":"https:\/\/radioljubuski.ba\/#\/schema\/person\/19fc700381a780f69665d7956c469e3b"},"headline":"Tijekom borbe s bikovima uru\u0161ila se tribina, poginule najmanje \u010detiri osobe","datePublished":"2022-06-27T09:25:10+00:00","dateModified":"2022-06-27T09:25:11+00:00","mainEntityOfPage":{"@id":"https:\/\/radioljubuski.ba\/index.php\/2022\/06\/27\/tijekom-borbe-s-bikovima-urusila-se-tribina-poginule-najmanje-cetiri-osobe\/"},"wordCount":370,"publisher":{"@id":"https:\/\/radioljubuski.ba\/#organization"},"image":{"@id":"https:\/\/radioljubuski.ba\/index.php\/2022\/06\/27\/tijekom-borbe-s-bikovima-urusila-se-tribina-poginule-najmanje-cetiri-osobe\/#primaryimage"},"thumbnailUrl":"https:\/\/radioljubuski.ba\/wp-content\/uploads\/2022\/06\/8-2022-06-27-07-15-23-kolumbija.jpg","articleSection":["BIH i regija"],"inLanguage":"hr"},{"@type":"WebPage","@id":"https:\/\/radioljubuski.ba\/index.php\/2022\/06\/27\/tijekom-borbe-s-bikovima-urusila-se-tribina-poginule-najmanje-cetiri-osobe\/","url":"https:\/\/radioljubuski.ba\/index.php\/2022\/06\/27\/tijekom-borbe-s-bikovima-urusila-se-tribina-poginule-najmanje-cetiri-osobe\/","name":"Tijekom borbe s bikovima uru\u0161ila se tribina, poginule najmanje \u010detiri osobe - RADIO LJUBU\u0160KI","isPartOf":{"@id":"https:\/\/radioljubuski.ba\/#website"},"primaryImageOfPage":{"@id":"https:\/\/radioljubuski.ba\/index.php\/2022\/06\/27\/tijekom-borbe-s-bikovima-urusila-se-tribina-poginule-najmanje-cetiri-osobe\/#primaryimage"},"image":{"@id":"https:\/\/radioljubuski.ba\/index.php\/2022\/06\/27\/tijekom-borbe-s-bikovima-urusila-se-tribina-poginule-najmanje-cetiri-osobe\/#primaryimage"},"thumbnailUrl":"https:\/\/radioljubuski.ba\/wp-content\/uploads\/2022\/06\/8-2022-06-27-07-15-23-kolumbija.jpg","datePublished":"2022-06-27T09:25:10+00:00","dateModified":"2022-06-27T09:25:11+00:00","breadcrumb":{"@id":"https:\/\/radioljubuski.ba\/index.php\/2022\/06\/27\/tijekom-borbe-s-bikovima-urusila-se-tribina-poginule-najmanje-cetiri-osobe\/#breadcrumb"},"inLanguage":"hr","potentialAction":[{"@type":"ReadAction","target":["https:\/\/radioljubuski.ba\/index.php\/2022\/06\/27\/tijekom-borbe-s-bikovima-urusila-se-tribina-poginule-najmanje-cetiri-osobe\/"]}]},{"@type":"ImageObject","inLanguage":"hr","@id":"https:\/\/radioljubuski.ba\/index.php\/2022\/06\/27\/tijekom-borbe-s-bikovima-urusila-se-tribina-poginule-najmanje-cetiri-osobe\/#primaryimage","url":"https:\/\/radioljubuski.ba\/wp-content\/uploads\/2022\/06\/8-2022-06-27-07-15-23-kolumbija.jpg","contentUrl":"https:\/\/radioljubuski.ba\/wp-content\/uploads\/2022\/06\/8-2022-06-27-07-15-23-kolumbija.jpg","width":1000,"height":625},{"@type":"BreadcrumbList","@id":"https:\/\/radioljubuski.ba\/index.php\/2022\/06\/27\/tijekom-borbe-s-bikovima-urusila-se-tribina-poginule-najmanje-cetiri-osobe\/#breadcrumb","itemListElement":[{"@type":"ListItem","position":1,"name":"Po\u010detna stranica","item":"https:\/\/radioljubuski.ba\/"},{"@type":"ListItem","position":2,"name":"Tijekom borbe s bikovima uru\u0161ila se tribina, poginule najmanje \u010detiri osobe"}]},{"@type":"WebSite","@id":"https:\/\/radioljubuski.ba\/#website","url":"https:\/\/radioljubuski.ba\/","name":"Radio Ljubu\u0161ki","description":"Sun\u010dana frekvencija Hercegovine","publisher":{"@id":"https:\/\/radioljubuski.ba\/#organization"},"potentialAction":[{"@type":"SearchAction","target":{"@type":"EntryPoint","urlTemplate":"https:\/\/radioljubuski.ba\/?s={search_term_string}"},"query-input":{"@type":"PropertyValueSpecification","valueRequired":true,"valueName":"search_term_string"}}],"inLanguage":"hr"},{"@type":"Organization","@id":"https:\/\/radioljubuski.ba\/#organization","name":"Radio Ljubu\u0161ki","url":"https:\/\/radioljubuski.ba\/","logo":{"@type":"ImageObject","inLanguage":"hr","@id":"https:\/\/radioljubuski.ba\/#\/schema\/logo\/image\/","url":"https:\/\/radioljubuski.ba\/wp-content\/uploads\/2021\/02\/cropped-Radio_Ljubuski_logo1.jpg","contentUrl":"https:\/\/radioljubuski.ba\/wp-content\/uploads\/2021\/02\/cropped-Radio_Ljubuski_logo1.jpg","width":512,"height":512,"caption":"Radio Ljubu\u0161ki"},"image":{"@id":"https:\/\/radioljubuski.ba\/#\/schema\/logo\/image\/"},"sameAs":["https:\/\/www.facebook.com\/Radiio-Ljubuski-1490835324566332","https:\/\/x.com\/radioljubuski","https:\/\/hr.linkedin.com\/company\/radio-ljubuski","https:\/\/www.youtube.com\/channel\/UCHYaeO_n0Db3tjNGudGpXyw"]},{"@type":"Person","@id":"https:\/\/radioljubuski.ba\/#\/schema\/person\/19fc700381a780f69665d7956c469e3b","name":"Radio Ljubu\u0161ki"}]}},"_links":{"self":[{"href":"https:\/\/radioljubuski.ba\/index.php\/wp-json\/wp\/v2\/posts\/153904","targetHints":{"allow":["GET"]}}],"collection":[{"href":"https:\/\/radioljubuski.ba\/index.php\/wp-json\/wp\/v2\/posts"}],"about":[{"href":"https:\/\/radioljubuski.ba\/index.php\/wp-json\/wp\/v2\/types\/post"}],"author":[{"embeddable":true,"href":"https:\/\/radioljubuski.ba\/index.php\/wp-json\/wp\/v2\/users\/2"}],"replies":[{"embeddable":true,"href":"https:\/\/radioljubuski.ba\/index.php\/wp-json\/wp\/v2\/comments?post=153904"}],"version-history":[{"count":1,"href":"https:\/\/radioljubuski.ba\/index.php\/wp-json\/wp\/v2\/posts\/153904\/revisions"}],"predecessor-version":[{"id":153909,"href":"https:\/\/radioljubuski.ba\/index.php\/wp-json\/wp\/v2\/posts\/153904\/revisions\/153909"}],"wp:featuredmedia":[{"embeddable":true,"href":"https:\/\/radioljubuski.ba\/index.php\/wp-json\/wp\/v2\/media\/153907"}],"wp:attachment":[{"href":"https:\/\/radioljubuski.ba\/index.php\/wp-json\/wp\/v2\/media?parent=153904"}],"wp:term":[{"taxonomy":"category","embeddable":true,"href":"https:\/\/radioljubuski.ba\/index.php\/wp-json\/wp\/v2\/categories?post=153904"},{"taxonomy":"post_tag","embeddable":true,"href":"https:\/\/radioljubuski.ba\/index.php\/wp-json\/wp\/v2\/tags?post=153904"}],"curies":[{"name":"wp","href":"https:\/\/api.w.org\/{rel}","templated":true}]}}