{"id":153910,"date":"2022-06-27T10:28:25","date_gmt":"2022-06-27T09:28:25","guid":{"rendered":"https:\/\/radioljubuski.ba\/?p=153910"},"modified":"2022-06-27T10:28:26","modified_gmt":"2022-06-27T09:28:26","slug":"belgijski-ovcar-izgrizao-curicu-otac-je-probao-psu-rastvoriti-celjust","status":"publish","type":"post","link":"https:\/\/radioljubuski.ba\/index.php\/2022\/06\/27\/belgijski-ovcar-izgrizao-curicu-otac-je-probao-psu-rastvoriti-celjust\/","title":{"rendered":"Belgijski ov\u010dar izgrizao curicu: &#8220;Otac je probao psu rastvoriti \u010deljust&#8221;"},"content":{"rendered":"\n<p>U Zagrebu kod maksimirskog parka u subotu ujutro pas je izgrizao trogodi\u0161nju djevoj\u010dicu.<\/p>\n\n\n\n<p>Belgijski ov\u010dar napao je trogodi\u0161nju djevoj\u010dicu oko 11 sati na parkirali\u0161tu zapadno od ulaza u Park Maksimir, javio je <a href=\"https:\/\/www.jutarnji.hr\/vijesti\/crna-kronika\/belgijski-ovcar-izgrizao-trogodisnju-curicu-otac-je-pokusavao-psu-rastvoriti-celjust-15214993\" target=\"_blank\" rel=\"noreferrer noopener\">Jutarnji list.&nbsp;<\/a><\/p>\n\n\n\n<p>Groznim prizorima svjedo\u010dili su brojni prolaznici koji su poku\u0161ali pomo\u0107i.<\/p>\n\n\n\n<p>&#8220;Vidio sam da majka dr\u017ei djevoj\u010dicu na tlu te kako otac poku\u0161ava psu rastvoriti \u010deljust i sprije\u010diti da ju opet ugrize. Ja sam psa udario sna\u017eno nekoliko puta nogom u rebra. Trajalo je to mo\u017eda minutu-dvije dok ga nismo odvojili od djevoj\u010dice. Tu je do\u0161la i jedna lije\u010dnica, koja je pogledala djevoj\u010dicu. Curila joj je krv na trbuhu. Roditelji su je posjeli u automobil i odjurili prema obli\u017enjem KBC-u Zagreb&#8221;, ispri\u010dao je Jutarnjem svjedok.&nbsp;<\/p>\n\n\n\n<p>&#8220;Javio mi se jutros otac djevoj\u010dice i rekao da je otpu\u0161tena iz bolnice te kako ozljede, sre\u0107om, nisu te\u0161ke&#8221;, rekao je dalje o\u010devidac stravi\u010dnog napada.<\/p>\n\n\n\n<p>Ka\u017ee kako je pas koji je napao djevoj\u010dicu bio vezan na povocu, ali da je on bio dovoljno duga\u010dak da je pas mogao dohvatiti i napasti dijete. U \u0161oku je, ka\u017ee, bio i vlasnik psa.<\/p>\n\n\n\n<p>Izvor:jutarnji.hr<\/p>\n","protected":false},"excerpt":{"rendered":"<p>U Zagrebu kod maksimirskog parka u subotu ujutro pas je izgrizao trogodi\u0161nju djevoj\u010dicu. Belgijski ov\u010dar napao je trogodi\u0161nju djevoj\u010dicu oko 11 sati na parkirali\u0161tu zapadno od ulaza u Park Maksimir, javio je Jutarnji list.&nbsp; Groznim prizorima svjedo\u010dili su brojni prolaznici koji su poku\u0161ali pomo\u0107i. &#8220;Vidio sam da majka dr\u017ei djevoj\u010dicu na tlu te kako otac [&hellip;]<\/p>\n","protected":false},"author":2,"featured_media":153911,"comment_status":"closed","ping_status":"closed","sticky":false,"template":"","format":"standard","meta":{"h5ap_radio_sources":[],"footnotes":""},"categories":[1],"tags":[],"class_list":["post-153910","post","type-post","status-publish","format-standard","has-post-thumbnail","hentry","category-bihiregija"],"yoast_head":"<!-- This site is optimized with the Yoast SEO plugin v27.5 - https:\/\/yoast.com\/product\/yoast-seo-wordpress\/ -->\n<title>Belgijski ov\u010dar izgrizao curicu: &quot;Otac je probao psu rastvoriti \u010deljust&quot; - RADIO LJUBU\u0160KI<\/title>\n<meta name=\"robots\" content=\"index, follow, max-snippet:-1, max-image-preview:large, max-video-preview:-1\" \/>\n<link rel=\"canonical\" href=\"https:\/\/radioljubuski.ba\/index.php\/2022\/06\/27\/belgijski-ovcar-izgrizao-curicu-otac-je-probao-psu-rastvoriti-celjust\/\" \/>\n<meta property=\"og:locale\" content=\"hr_HR\" \/>\n<meta property=\"og:type\" content=\"article\" \/>\n<meta property=\"og:title\" content=\"Belgijski ov\u010dar izgrizao curicu: &quot;Otac je probao psu rastvoriti \u010deljust&quot; - RADIO LJUBU\u0160KI\" \/>\n<meta property=\"og:description\" content=\"U Zagrebu kod maksimirskog parka u subotu ujutro pas je izgrizao trogodi\u0161nju djevoj\u010dicu. Belgijski ov\u010dar napao je trogodi\u0161nju djevoj\u010dicu oko 11 sati na parkirali\u0161tu zapadno od ulaza u Park Maksimir, javio je Jutarnji list.&nbsp; Groznim prizorima svjedo\u010dili su brojni prolaznici koji su poku\u0161ali pomo\u0107i. &#8220;Vidio sam da majka dr\u017ei djevoj\u010dicu na tlu te kako otac [&hellip;]\" \/>\n<meta property=\"og:url\" content=\"https:\/\/radioljubuski.ba\/index.php\/2022\/06\/27\/belgijski-ovcar-izgrizao-curicu-otac-je-probao-psu-rastvoriti-celjust\/\" \/>\n<meta property=\"og:site_name\" content=\"RADIO LJUBU\u0160KI\" \/>\n<meta property=\"article:publisher\" content=\"https:\/\/www.facebook.com\/Radiio-Ljubuski-1490835324566332\" \/>\n<meta property=\"article:published_time\" content=\"2022-06-27T09:28:25+00:00\" \/>\n<meta property=\"article:modified_time\" content=\"2022-06-27T09:28:26+00:00\" \/>\n<meta property=\"og:image\" content=\"https:\/\/radioljubuski.ba\/wp-content\/uploads\/2022\/06\/8-2022-06-27-07-35-01-OVCAR1.jpeg\" \/>\n\t<meta property=\"og:image:width\" content=\"1000\" \/>\n\t<meta property=\"og:image:height\" content=\"625\" \/>\n\t<meta property=\"og:image:type\" content=\"image\/jpeg\" \/>\n<meta name=\"author\" content=\"Radio Ljubu\u0161ki\" \/>\n<meta name=\"twitter:card\" content=\"summary_large_image\" \/>\n<meta name=\"twitter:creator\" content=\"@radioljubuski\" \/>\n<meta name=\"twitter:site\" content=\"@radioljubuski\" \/>\n<meta name=\"twitter:label1\" content=\"Napisao\/la\" \/>\n\t<meta name=\"twitter:data1\" content=\"Radio Ljubu\u0161ki\" \/>\n\t<meta name=\"twitter:label2\" content=\"Procijenjeno vrijeme \u010ditanja\" \/>\n\t<meta name=\"twitter:data2\" content=\"1 minuta\" \/>\n<script type=\"application\/ld+json\" class=\"yoast-schema-graph\">{\"@context\":\"https:\\\/\\\/schema.org\",\"@graph\":[{\"@type\":\"Article\",\"@id\":\"https:\\\/\\\/radioljubuski.ba\\\/index.php\\\/2022\\\/06\\\/27\\\/belgijski-ovcar-izgrizao-curicu-otac-je-probao-psu-rastvoriti-celjust\\\/#article\",\"isPartOf\":{\"@id\":\"https:\\\/\\\/radioljubuski.ba\\\/index.php\\\/2022\\\/06\\\/27\\\/belgijski-ovcar-izgrizao-curicu-otac-je-probao-psu-rastvoriti-celjust\\\/\"},\"author\":{\"name\":\"Radio Ljubu\u0161ki\",\"@id\":\"https:\\\/\\\/radioljubuski.ba\\\/#\\\/schema\\\/person\\\/19fc700381a780f69665d7956c469e3b\"},\"headline\":\"Belgijski ov\u010dar izgrizao curicu: &#8220;Otac je probao psu rastvoriti \u010deljust&#8221;\",\"datePublished\":\"2022-06-27T09:28:25+00:00\",\"dateModified\":\"2022-06-27T09:28:26+00:00\",\"mainEntityOfPage\":{\"@id\":\"https:\\\/\\\/radioljubuski.ba\\\/index.php\\\/2022\\\/06\\\/27\\\/belgijski-ovcar-izgrizao-curicu-otac-je-probao-psu-rastvoriti-celjust\\\/\"},\"wordCount\":224,\"publisher\":{\"@id\":\"https:\\\/\\\/radioljubuski.ba\\\/#organization\"},\"image\":{\"@id\":\"https:\\\/\\\/radioljubuski.ba\\\/index.php\\\/2022\\\/06\\\/27\\\/belgijski-ovcar-izgrizao-curicu-otac-je-probao-psu-rastvoriti-celjust\\\/#primaryimage\"},\"thumbnailUrl\":\"https:\\\/\\\/radioljubuski.ba\\\/wp-content\\\/uploads\\\/2022\\\/06\\\/8-2022-06-27-07-35-01-OVCAR1.jpeg\",\"articleSection\":[\"BIH i regija\"],\"inLanguage\":\"hr\"},{\"@type\":\"WebPage\",\"@id\":\"https:\\\/\\\/radioljubuski.ba\\\/index.php\\\/2022\\\/06\\\/27\\\/belgijski-ovcar-izgrizao-curicu-otac-je-probao-psu-rastvoriti-celjust\\\/\",\"url\":\"https:\\\/\\\/radioljubuski.ba\\\/index.php\\\/2022\\\/06\\\/27\\\/belgijski-ovcar-izgrizao-curicu-otac-je-probao-psu-rastvoriti-celjust\\\/\",\"name\":\"Belgijski ov\u010dar izgrizao curicu: \\\"Otac je probao psu rastvoriti \u010deljust\\\" - RADIO LJUBU\u0160KI\",\"isPartOf\":{\"@id\":\"https:\\\/\\\/radioljubuski.ba\\\/#website\"},\"primaryImageOfPage\":{\"@id\":\"https:\\\/\\\/radioljubuski.ba\\\/index.php\\\/2022\\\/06\\\/27\\\/belgijski-ovcar-izgrizao-curicu-otac-je-probao-psu-rastvoriti-celjust\\\/#primaryimage\"},\"image\":{\"@id\":\"https:\\\/\\\/radioljubuski.ba\\\/index.php\\\/2022\\\/06\\\/27\\\/belgijski-ovcar-izgrizao-curicu-otac-je-probao-psu-rastvoriti-celjust\\\/#primaryimage\"},\"thumbnailUrl\":\"https:\\\/\\\/radioljubuski.ba\\\/wp-content\\\/uploads\\\/2022\\\/06\\\/8-2022-06-27-07-35-01-OVCAR1.jpeg\",\"datePublished\":\"2022-06-27T09:28:25+00:00\",\"dateModified\":\"2022-06-27T09:28:26+00:00\",\"breadcrumb\":{\"@id\":\"https:\\\/\\\/radioljubuski.ba\\\/index.php\\\/2022\\\/06\\\/27\\\/belgijski-ovcar-izgrizao-curicu-otac-je-probao-psu-rastvoriti-celjust\\\/#breadcrumb\"},\"inLanguage\":\"hr\",\"potentialAction\":[{\"@type\":\"ReadAction\",\"target\":[\"https:\\\/\\\/radioljubuski.ba\\\/index.php\\\/2022\\\/06\\\/27\\\/belgijski-ovcar-izgrizao-curicu-otac-je-probao-psu-rastvoriti-celjust\\\/\"]}]},{\"@type\":\"ImageObject\",\"inLanguage\":\"hr\",\"@id\":\"https:\\\/\\\/radioljubuski.ba\\\/index.php\\\/2022\\\/06\\\/27\\\/belgijski-ovcar-izgrizao-curicu-otac-je-probao-psu-rastvoriti-celjust\\\/#primaryimage\",\"url\":\"https:\\\/\\\/radioljubuski.ba\\\/wp-content\\\/uploads\\\/2022\\\/06\\\/8-2022-06-27-07-35-01-OVCAR1.jpeg\",\"contentUrl\":\"https:\\\/\\\/radioljubuski.ba\\\/wp-content\\\/uploads\\\/2022\\\/06\\\/8-2022-06-27-07-35-01-OVCAR1.jpeg\",\"width\":1000,\"height\":625},{\"@type\":\"BreadcrumbList\",\"@id\":\"https:\\\/\\\/radioljubuski.ba\\\/index.php\\\/2022\\\/06\\\/27\\\/belgijski-ovcar-izgrizao-curicu-otac-je-probao-psu-rastvoriti-celjust\\\/#breadcrumb\",\"itemListElement\":[{\"@type\":\"ListItem\",\"position\":1,\"name\":\"Po\u010detna stranica\",\"item\":\"https:\\\/\\\/radioljubuski.ba\\\/\"},{\"@type\":\"ListItem\",\"position\":2,\"name\":\"Belgijski ov\u010dar izgrizao curicu: &#8220;Otac je probao psu rastvoriti \u010deljust&#8221;\"}]},{\"@type\":\"WebSite\",\"@id\":\"https:\\\/\\\/radioljubuski.ba\\\/#website\",\"url\":\"https:\\\/\\\/radioljubuski.ba\\\/\",\"name\":\"Radio Ljubu\u0161ki\",\"description\":\"Sun\u010dana frekvencija Hercegovine\",\"publisher\":{\"@id\":\"https:\\\/\\\/radioljubuski.ba\\\/#organization\"},\"potentialAction\":[{\"@type\":\"SearchAction\",\"target\":{\"@type\":\"EntryPoint\",\"urlTemplate\":\"https:\\\/\\\/radioljubuski.ba\\\/?s={search_term_string}\"},\"query-input\":{\"@type\":\"PropertyValueSpecification\",\"valueRequired\":true,\"valueName\":\"search_term_string\"}}],\"inLanguage\":\"hr\"},{\"@type\":\"Organization\",\"@id\":\"https:\\\/\\\/radioljubuski.ba\\\/#organization\",\"name\":\"Radio Ljubu\u0161ki\",\"url\":\"https:\\\/\\\/radioljubuski.ba\\\/\",\"logo\":{\"@type\":\"ImageObject\",\"inLanguage\":\"hr\",\"@id\":\"https:\\\/\\\/radioljubuski.ba\\\/#\\\/schema\\\/logo\\\/image\\\/\",\"url\":\"https:\\\/\\\/radioljubuski.ba\\\/wp-content\\\/uploads\\\/2021\\\/02\\\/cropped-Radio_Ljubuski_logo1.jpg\",\"contentUrl\":\"https:\\\/\\\/radioljubuski.ba\\\/wp-content\\\/uploads\\\/2021\\\/02\\\/cropped-Radio_Ljubuski_logo1.jpg\",\"width\":512,\"height\":512,\"caption\":\"Radio Ljubu\u0161ki\"},\"image\":{\"@id\":\"https:\\\/\\\/radioljubuski.ba\\\/#\\\/schema\\\/logo\\\/image\\\/\"},\"sameAs\":[\"https:\\\/\\\/www.facebook.com\\\/Radiio-Ljubuski-1490835324566332\",\"https:\\\/\\\/x.com\\\/radioljubuski\",\"https:\\\/\\\/hr.linkedin.com\\\/company\\\/radio-ljubuski\",\"https:\\\/\\\/www.youtube.com\\\/channel\\\/UCHYaeO_n0Db3tjNGudGpXyw\"]},{\"@type\":\"Person\",\"@id\":\"https:\\\/\\\/radioljubuski.ba\\\/#\\\/schema\\\/person\\\/19fc700381a780f69665d7956c469e3b\",\"name\":\"Radio Ljubu\u0161ki\"}]}<\/script>\n<!-- \/ Yoast SEO plugin. -->","yoast_head_json":{"title":"Belgijski ov\u010dar izgrizao curicu: \"Otac je probao psu rastvoriti \u010deljust\" - RADIO LJUBU\u0160KI","robots":{"index":"index","follow":"follow","max-snippet":"max-snippet:-1","max-image-preview":"max-image-preview:large","max-video-preview":"max-video-preview:-1"},"canonical":"https:\/\/radioljubuski.ba\/index.php\/2022\/06\/27\/belgijski-ovcar-izgrizao-curicu-otac-je-probao-psu-rastvoriti-celjust\/","og_locale":"hr_HR","og_type":"article","og_title":"Belgijski ov\u010dar izgrizao curicu: \"Otac je probao psu rastvoriti \u010deljust\" - RADIO LJUBU\u0160KI","og_description":"U Zagrebu kod maksimirskog parka u subotu ujutro pas je izgrizao trogodi\u0161nju djevoj\u010dicu. Belgijski ov\u010dar napao je trogodi\u0161nju djevoj\u010dicu oko 11 sati na parkirali\u0161tu zapadno od ulaza u Park Maksimir, javio je Jutarnji list.&nbsp; Groznim prizorima svjedo\u010dili su brojni prolaznici koji su poku\u0161ali pomo\u0107i. &#8220;Vidio sam da majka dr\u017ei djevoj\u010dicu na tlu te kako otac [&hellip;]","og_url":"https:\/\/radioljubuski.ba\/index.php\/2022\/06\/27\/belgijski-ovcar-izgrizao-curicu-otac-je-probao-psu-rastvoriti-celjust\/","og_site_name":"RADIO LJUBU\u0160KI","article_publisher":"https:\/\/www.facebook.com\/Radiio-Ljubuski-1490835324566332","article_published_time":"2022-06-27T09:28:25+00:00","article_modified_time":"2022-06-27T09:28:26+00:00","og_image":[{"width":1000,"height":625,"url":"https:\/\/radioljubuski.ba\/wp-content\/uploads\/2022\/06\/8-2022-06-27-07-35-01-OVCAR1.jpeg","type":"image\/jpeg"}],"author":"Radio Ljubu\u0161ki","twitter_card":"summary_large_image","twitter_creator":"@radioljubuski","twitter_site":"@radioljubuski","twitter_misc":{"Napisao\/la":"Radio Ljubu\u0161ki","Procijenjeno vrijeme \u010ditanja":"1 minuta"},"schema":{"@context":"https:\/\/schema.org","@graph":[{"@type":"Article","@id":"https:\/\/radioljubuski.ba\/index.php\/2022\/06\/27\/belgijski-ovcar-izgrizao-curicu-otac-je-probao-psu-rastvoriti-celjust\/#article","isPartOf":{"@id":"https:\/\/radioljubuski.ba\/index.php\/2022\/06\/27\/belgijski-ovcar-izgrizao-curicu-otac-je-probao-psu-rastvoriti-celjust\/"},"author":{"name":"Radio Ljubu\u0161ki","@id":"https:\/\/radioljubuski.ba\/#\/schema\/person\/19fc700381a780f69665d7956c469e3b"},"headline":"Belgijski ov\u010dar izgrizao curicu: &#8220;Otac je probao psu rastvoriti \u010deljust&#8221;","datePublished":"2022-06-27T09:28:25+00:00","dateModified":"2022-06-27T09:28:26+00:00","mainEntityOfPage":{"@id":"https:\/\/radioljubuski.ba\/index.php\/2022\/06\/27\/belgijski-ovcar-izgrizao-curicu-otac-je-probao-psu-rastvoriti-celjust\/"},"wordCount":224,"publisher":{"@id":"https:\/\/radioljubuski.ba\/#organization"},"image":{"@id":"https:\/\/radioljubuski.ba\/index.php\/2022\/06\/27\/belgijski-ovcar-izgrizao-curicu-otac-je-probao-psu-rastvoriti-celjust\/#primaryimage"},"thumbnailUrl":"https:\/\/radioljubuski.ba\/wp-content\/uploads\/2022\/06\/8-2022-06-27-07-35-01-OVCAR1.jpeg","articleSection":["BIH i regija"],"inLanguage":"hr"},{"@type":"WebPage","@id":"https:\/\/radioljubuski.ba\/index.php\/2022\/06\/27\/belgijski-ovcar-izgrizao-curicu-otac-je-probao-psu-rastvoriti-celjust\/","url":"https:\/\/radioljubuski.ba\/index.php\/2022\/06\/27\/belgijski-ovcar-izgrizao-curicu-otac-je-probao-psu-rastvoriti-celjust\/","name":"Belgijski ov\u010dar izgrizao curicu: \"Otac je probao psu rastvoriti \u010deljust\" - RADIO LJUBU\u0160KI","isPartOf":{"@id":"https:\/\/radioljubuski.ba\/#website"},"primaryImageOfPage":{"@id":"https:\/\/radioljubuski.ba\/index.php\/2022\/06\/27\/belgijski-ovcar-izgrizao-curicu-otac-je-probao-psu-rastvoriti-celjust\/#primaryimage"},"image":{"@id":"https:\/\/radioljubuski.ba\/index.php\/2022\/06\/27\/belgijski-ovcar-izgrizao-curicu-otac-je-probao-psu-rastvoriti-celjust\/#primaryimage"},"thumbnailUrl":"https:\/\/radioljubuski.ba\/wp-content\/uploads\/2022\/06\/8-2022-06-27-07-35-01-OVCAR1.jpeg","datePublished":"2022-06-27T09:28:25+00:00","dateModified":"2022-06-27T09:28:26+00:00","breadcrumb":{"@id":"https:\/\/radioljubuski.ba\/index.php\/2022\/06\/27\/belgijski-ovcar-izgrizao-curicu-otac-je-probao-psu-rastvoriti-celjust\/#breadcrumb"},"inLanguage":"hr","potentialAction":[{"@type":"ReadAction","target":["https:\/\/radioljubuski.ba\/index.php\/2022\/06\/27\/belgijski-ovcar-izgrizao-curicu-otac-je-probao-psu-rastvoriti-celjust\/"]}]},{"@type":"ImageObject","inLanguage":"hr","@id":"https:\/\/radioljubuski.ba\/index.php\/2022\/06\/27\/belgijski-ovcar-izgrizao-curicu-otac-je-probao-psu-rastvoriti-celjust\/#primaryimage","url":"https:\/\/radioljubuski.ba\/wp-content\/uploads\/2022\/06\/8-2022-06-27-07-35-01-OVCAR1.jpeg","contentUrl":"https:\/\/radioljubuski.ba\/wp-content\/uploads\/2022\/06\/8-2022-06-27-07-35-01-OVCAR1.jpeg","width":1000,"height":625},{"@type":"BreadcrumbList","@id":"https:\/\/radioljubuski.ba\/index.php\/2022\/06\/27\/belgijski-ovcar-izgrizao-curicu-otac-je-probao-psu-rastvoriti-celjust\/#breadcrumb","itemListElement":[{"@type":"ListItem","position":1,"name":"Po\u010detna stranica","item":"https:\/\/radioljubuski.ba\/"},{"@type":"ListItem","position":2,"name":"Belgijski ov\u010dar izgrizao curicu: &#8220;Otac je probao psu rastvoriti \u010deljust&#8221;"}]},{"@type":"WebSite","@id":"https:\/\/radioljubuski.ba\/#website","url":"https:\/\/radioljubuski.ba\/","name":"Radio Ljubu\u0161ki","description":"Sun\u010dana frekvencija Hercegovine","publisher":{"@id":"https:\/\/radioljubuski.ba\/#organization"},"potentialAction":[{"@type":"SearchAction","target":{"@type":"EntryPoint","urlTemplate":"https:\/\/radioljubuski.ba\/?s={search_term_string}"},"query-input":{"@type":"PropertyValueSpecification","valueRequired":true,"valueName":"search_term_string"}}],"inLanguage":"hr"},{"@type":"Organization","@id":"https:\/\/radioljubuski.ba\/#organization","name":"Radio Ljubu\u0161ki","url":"https:\/\/radioljubuski.ba\/","logo":{"@type":"ImageObject","inLanguage":"hr","@id":"https:\/\/radioljubuski.ba\/#\/schema\/logo\/image\/","url":"https:\/\/radioljubuski.ba\/wp-content\/uploads\/2021\/02\/cropped-Radio_Ljubuski_logo1.jpg","contentUrl":"https:\/\/radioljubuski.ba\/wp-content\/uploads\/2021\/02\/cropped-Radio_Ljubuski_logo1.jpg","width":512,"height":512,"caption":"Radio Ljubu\u0161ki"},"image":{"@id":"https:\/\/radioljubuski.ba\/#\/schema\/logo\/image\/"},"sameAs":["https:\/\/www.facebook.com\/Radiio-Ljubuski-1490835324566332","https:\/\/x.com\/radioljubuski","https:\/\/hr.linkedin.com\/company\/radio-ljubuski","https:\/\/www.youtube.com\/channel\/UCHYaeO_n0Db3tjNGudGpXyw"]},{"@type":"Person","@id":"https:\/\/radioljubuski.ba\/#\/schema\/person\/19fc700381a780f69665d7956c469e3b","name":"Radio Ljubu\u0161ki"}]}},"_links":{"self":[{"href":"https:\/\/radioljubuski.ba\/index.php\/wp-json\/wp\/v2\/posts\/153910","targetHints":{"allow":["GET"]}}],"collection":[{"href":"https:\/\/radioljubuski.ba\/index.php\/wp-json\/wp\/v2\/posts"}],"about":[{"href":"https:\/\/radioljubuski.ba\/index.php\/wp-json\/wp\/v2\/types\/post"}],"author":[{"embeddable":true,"href":"https:\/\/radioljubuski.ba\/index.php\/wp-json\/wp\/v2\/users\/2"}],"replies":[{"embeddable":true,"href":"https:\/\/radioljubuski.ba\/index.php\/wp-json\/wp\/v2\/comments?post=153910"}],"version-history":[{"count":1,"href":"https:\/\/radioljubuski.ba\/index.php\/wp-json\/wp\/v2\/posts\/153910\/revisions"}],"predecessor-version":[{"id":153912,"href":"https:\/\/radioljubuski.ba\/index.php\/wp-json\/wp\/v2\/posts\/153910\/revisions\/153912"}],"wp:featuredmedia":[{"embeddable":true,"href":"https:\/\/radioljubuski.ba\/index.php\/wp-json\/wp\/v2\/media\/153911"}],"wp:attachment":[{"href":"https:\/\/radioljubuski.ba\/index.php\/wp-json\/wp\/v2\/media?parent=153910"}],"wp:term":[{"taxonomy":"category","embeddable":true,"href":"https:\/\/radioljubuski.ba\/index.php\/wp-json\/wp\/v2\/categories?post=153910"},{"taxonomy":"post_tag","embeddable":true,"href":"https:\/\/radioljubuski.ba\/index.php\/wp-json\/wp\/v2\/tags?post=153910"}],"curies":[{"name":"wp","href":"https:\/\/api.w.org\/{rel}","templated":true}]}}