{"id":153918,"date":"2022-06-27T10:30:59","date_gmt":"2022-06-27T09:30:59","guid":{"rendered":"https:\/\/radioljubuski.ba\/?p=153918"},"modified":"2022-06-27T10:31:01","modified_gmt":"2022-06-27T09:31:01","slug":"obitelj-iz-jablanice-sezonci-na-peljescu-radi-se-desetak-sati-svaki-dan-ali-placa-je-ekstra","status":"publish","type":"post","link":"https:\/\/radioljubuski.ba\/index.php\/2022\/06\/27\/obitelj-iz-jablanice-sezonci-na-peljescu-radi-se-desetak-sati-svaki-dan-ali-placa-je-ekstra\/","title":{"rendered":"Obitelj iz Jablanice sezonci na Pelje\u0161cu: &#8216;Radi se desetak sati svaki dan, ali pla\u0107a je ekstra&#8217;"},"content":{"rendered":"\n<p>Bra\u010dni par Saltaga Ado i Arnela, Jablani\u010danima su poznati kao dugogodi\u0161nji vlasnici objekata brze hrane. Praksu u kuhinji stekli su dugogodi\u0161njim iskustvom s vlastitim obrtom, a svoje znanje su iskoristili za sezonski rad na moru, to\u010dnije &#8211; na Pelje\u0161cu. Ado kao glavni kuhar jednog restorana na Pelje\u0161cu mo\u017ee dobro zaraditi, pri\u010da za <a href=\"https:\/\/jablanica.live\/iskustvo-sezonca-iz-prve-ruke-jablanicanin-ado-saltaga-o-radu-u-hrvatskoj-i-uslovim\/?fbclid=IwAR1bSU1rmJGM10xk1-lElHIf-yq8ZkMO3Qp2LUEECHTR9xK7PaYH0jqbtKU\" target=\"_blank\" rel=\"noreferrer noopener\">Jablanica.live.<\/a><\/p>\n\n\n\n<p>&#8211; Zadnji posao koji smo supruga i ja radili u Jablanici bio je pravljenje pita ispod sa\u010da na magistralnom putu M-17. Me\u0111utim, prevelika konkurencija, krize&#8230; &nbsp;<\/p>\n\n\n\n<p>-Prelomio sam da radim u Hrvatskoj. Nai\u0161ao sam na dva-tri oglasa i pozvao. Za 5 minuta sam se sa \u010dovjekom dogovorio i pla\u0107u i sve uvjete. 2019. godine sam prvi put radio sezonu. Sve \u0161to sam se dogovorio s vlasnikom restorana je ispo\u0161tovano &#8211; ka\u017ee Ado na po\u010detku razgovora.<\/p>\n\n\n\n<p>&#8211; Tko nije spreman na veliki obim posla i tko nije kvalitet, ne preporu\u010dujem mu da dolazi na sezonu. Tko je spreman da radi, dobro je do\u0161ao. Psihi\u010dki i fizi\u010dki morate biti spremni da izdr\u017eite glavni udar koji traje dva i pol mjeseca. U cugu \u0107ete raditi 60-70 dana. Nemate slobodan dan, radi se desetak sati svaki dan, a pla\u0107e su dobre. U odnosu na nas pla\u0107e su extra i to je jedna satisfakcija koja vas dr\u017ei tu da radite, rekao je Ado. Trenutno radi kao glavni kuhar na Pelje\u0161cu, a supruga mu radi na salatama i serviranju tanjura. &nbsp;Na pitanje je li zadovoljan odnosom poslodavaca prema radniku, odgovara da to ovisi od gazde do gazde. &#8211; Vlasnik na Pelje\u0161cu je zaista dobar \u010dovjek. I sam radi sa nama, poma\u017ee oko pica i prema nama je korektan i uljudan. Imam osje\u0107aj da radim kod sebe, a ne da radim za drugoga. Gazda je dobio povjerenje u mene kao kuhara, prepustio mi je organizaciju posla, brigu o robi. Slobodnije radim sada. Posla ima, sezona je u jeku &#8211; odgovorio je Ado.<\/p>\n\n\n\n<p>Na Pelje\u0161cu se trenutno nalazi vi\u0161e Jablani\u010dana, a nekoliko njih radi u istom restoranu.<\/p>\n\n\n\n<p>&#8211; Puno je lak\u0161e. Na\u0161 ritual je bio i dru\u017eenje u Jablanici, tako da je raditi s prijateljima jedna olak\u0161avaju\u0107a okolnost. Kada zavr\u0161imo posao sjednemo skupa, rezimiramo taj dan, prisjetimo se \u0161to se dogodilo, kakav je bio cirkus, tko se zezao na poslu, kakve su \u0161ale bile\u2026 Popijemo rakijicu i idemo na spavanje. Ujutro bu\u0111enje, zajedni\u010dka kava i posao ponovno &#8211; dodao je Ado.<\/p>\n\n\n\n<p>&#8211; Savjetovao bih drugima da ne misle da su po\u0161li na ljetovanje i da \u0107e se kupati i odmarati. Nema spajanja ugodnog s korisnim. Tko tako razmi\u0161lja ne treba dolaziti na sezonu. Ako \u0107ete do\u0107i morate biti spremni na rad. Ako idete sa stavom da \u0107ete se malo kupati, malo raditi, vi \u0107ete se vratiti nakon 7 dana kada shvatite o kojem obimu posla se radi. Tko je nau\u010dio raditi, on \u0107e bez problema odraditi sezonu. Sli\u010dno kao i u na\u0161im restoranima &#8211; ka\u017ee Ado. &#8211; Ja sam, recimo, iz restorana u Jablanici dolazio ku\u0107i tako umoran da ne mogu u\u0107i u kabinu da se tu\u0161iram. Ovdje mi se to jo\u0161 nikada nije dogodilo. Imamo mi svoje stolove i stolice u restoranu i kada god nema posla, gazda nas tjera da sjednemo i odmorimo. Va\u017eno je odmoriti i pripremiti se za nalet gu\u017eve. To kod nas nema niti u jednom restoranu. Radite 17 sati i morate stajati na nogama. Nema toga ovdje, mo\u017eete se odmoriti, ali kada se radi &#8211; radi se &#8211; dodaje.<\/p>\n\n\n\n<p>&#8211; Trenutno se vidimo u Hrvatskoj. Ne vidim nikakvu budu\u0107nost kod nas u Jablanici, da me netko maltretira za 800 KM. Mogu ne\u0161to sitno raditi oko gra\u0111evine, kada se vratim sa sezone, ali ovo nam je sada glavna opcija \u2013 ljeti raditi, zimi odmor. Do kada \u0107e to tako trajati vidjet \u0107emo &#8211; zaklju\u010dio je Ado.<\/p>\n\n\n\n<p>Izvor:jablanica live<\/p>\n","protected":false},"excerpt":{"rendered":"<p>Bra\u010dni par Saltaga Ado i Arnela, Jablani\u010danima su poznati kao dugogodi\u0161nji vlasnici objekata brze hrane. Praksu u kuhinji stekli su dugogodi\u0161njim iskustvom s vlastitim obrtom, a svoje znanje su iskoristili za sezonski rad na moru, to\u010dnije &#8211; na Pelje\u0161cu. Ado kao glavni kuhar jednog restorana na Pelje\u0161cu mo\u017ee dobro zaraditi, pri\u010da za Jablanica.live. &#8211; Zadnji [&hellip;]<\/p>\n","protected":false},"author":2,"featured_media":153920,"comment_status":"closed","ping_status":"closed","sticky":false,"template":"","format":"standard","meta":{"h5ap_radio_sources":[],"footnotes":""},"categories":[1],"tags":[],"class_list":["post-153918","post","type-post","status-publish","format-standard","has-post-thumbnail","hentry","category-bihiregija"],"yoast_head":"<!-- This site is optimized with the Yoast SEO plugin v27.5 - https:\/\/yoast.com\/product\/yoast-seo-wordpress\/ -->\n<title>Obitelj iz Jablanice sezonci na Pelje\u0161cu: &#039;Radi se desetak sati svaki dan, ali pla\u0107a je ekstra&#039; - RADIO LJUBU\u0160KI<\/title>\n<meta name=\"robots\" content=\"index, follow, max-snippet:-1, max-image-preview:large, max-video-preview:-1\" \/>\n<link rel=\"canonical\" href=\"https:\/\/radioljubuski.ba\/index.php\/2022\/06\/27\/obitelj-iz-jablanice-sezonci-na-peljescu-radi-se-desetak-sati-svaki-dan-ali-placa-je-ekstra\/\" \/>\n<meta property=\"og:locale\" content=\"hr_HR\" \/>\n<meta property=\"og:type\" content=\"article\" \/>\n<meta property=\"og:title\" content=\"Obitelj iz Jablanice sezonci na Pelje\u0161cu: &#039;Radi se desetak sati svaki dan, ali pla\u0107a je ekstra&#039; - RADIO LJUBU\u0160KI\" \/>\n<meta property=\"og:description\" content=\"Bra\u010dni par Saltaga Ado i Arnela, Jablani\u010danima su poznati kao dugogodi\u0161nji vlasnici objekata brze hrane. Praksu u kuhinji stekli su dugogodi\u0161njim iskustvom s vlastitim obrtom, a svoje znanje su iskoristili za sezonski rad na moru, to\u010dnije &#8211; na Pelje\u0161cu. Ado kao glavni kuhar jednog restorana na Pelje\u0161cu mo\u017ee dobro zaraditi, pri\u010da za Jablanica.live. &#8211; Zadnji [&hellip;]\" \/>\n<meta property=\"og:url\" content=\"https:\/\/radioljubuski.ba\/index.php\/2022\/06\/27\/obitelj-iz-jablanice-sezonci-na-peljescu-radi-se-desetak-sati-svaki-dan-ali-placa-je-ekstra\/\" \/>\n<meta property=\"og:site_name\" content=\"RADIO LJUBU\u0160KI\" \/>\n<meta property=\"article:publisher\" content=\"https:\/\/www.facebook.com\/Radiio-Ljubuski-1490835324566332\" \/>\n<meta property=\"article:published_time\" content=\"2022-06-27T09:30:59+00:00\" \/>\n<meta property=\"article:modified_time\" content=\"2022-06-27T09:31:01+00:00\" \/>\n<meta property=\"og:image\" content=\"https:\/\/radioljubuski.ba\/wp-content\/uploads\/2022\/06\/8-2022-06-27-07-58-58-ADO-ARNELA.jpeg\" \/>\n\t<meta property=\"og:image:width\" content=\"1000\" \/>\n\t<meta property=\"og:image:height\" content=\"625\" \/>\n\t<meta property=\"og:image:type\" content=\"image\/jpeg\" \/>\n<meta name=\"author\" content=\"Radio Ljubu\u0161ki\" \/>\n<meta name=\"twitter:card\" content=\"summary_large_image\" \/>\n<meta name=\"twitter:creator\" content=\"@radioljubuski\" \/>\n<meta name=\"twitter:site\" content=\"@radioljubuski\" \/>\n<meta name=\"twitter:label1\" content=\"Napisao\/la\" \/>\n\t<meta name=\"twitter:data1\" content=\"Radio Ljubu\u0161ki\" \/>\n\t<meta name=\"twitter:label2\" content=\"Procijenjeno vrijeme \u010ditanja\" \/>\n\t<meta name=\"twitter:data2\" content=\"3 minute\" \/>\n<script type=\"application\/ld+json\" class=\"yoast-schema-graph\">{\"@context\":\"https:\\\/\\\/schema.org\",\"@graph\":[{\"@type\":\"Article\",\"@id\":\"https:\\\/\\\/radioljubuski.ba\\\/index.php\\\/2022\\\/06\\\/27\\\/obitelj-iz-jablanice-sezonci-na-peljescu-radi-se-desetak-sati-svaki-dan-ali-placa-je-ekstra\\\/#article\",\"isPartOf\":{\"@id\":\"https:\\\/\\\/radioljubuski.ba\\\/index.php\\\/2022\\\/06\\\/27\\\/obitelj-iz-jablanice-sezonci-na-peljescu-radi-se-desetak-sati-svaki-dan-ali-placa-je-ekstra\\\/\"},\"author\":{\"name\":\"Radio Ljubu\u0161ki\",\"@id\":\"https:\\\/\\\/radioljubuski.ba\\\/#\\\/schema\\\/person\\\/19fc700381a780f69665d7956c469e3b\"},\"headline\":\"Obitelj iz Jablanice sezonci na Pelje\u0161cu: &#8216;Radi se desetak sati svaki dan, ali pla\u0107a je ekstra&#8217;\",\"datePublished\":\"2022-06-27T09:30:59+00:00\",\"dateModified\":\"2022-06-27T09:31:01+00:00\",\"mainEntityOfPage\":{\"@id\":\"https:\\\/\\\/radioljubuski.ba\\\/index.php\\\/2022\\\/06\\\/27\\\/obitelj-iz-jablanice-sezonci-na-peljescu-radi-se-desetak-sati-svaki-dan-ali-placa-je-ekstra\\\/\"},\"wordCount\":688,\"publisher\":{\"@id\":\"https:\\\/\\\/radioljubuski.ba\\\/#organization\"},\"image\":{\"@id\":\"https:\\\/\\\/radioljubuski.ba\\\/index.php\\\/2022\\\/06\\\/27\\\/obitelj-iz-jablanice-sezonci-na-peljescu-radi-se-desetak-sati-svaki-dan-ali-placa-je-ekstra\\\/#primaryimage\"},\"thumbnailUrl\":\"https:\\\/\\\/radioljubuski.ba\\\/wp-content\\\/uploads\\\/2022\\\/06\\\/8-2022-06-27-07-58-58-ADO-ARNELA.jpeg\",\"articleSection\":[\"BIH i regija\"],\"inLanguage\":\"hr\"},{\"@type\":\"WebPage\",\"@id\":\"https:\\\/\\\/radioljubuski.ba\\\/index.php\\\/2022\\\/06\\\/27\\\/obitelj-iz-jablanice-sezonci-na-peljescu-radi-se-desetak-sati-svaki-dan-ali-placa-je-ekstra\\\/\",\"url\":\"https:\\\/\\\/radioljubuski.ba\\\/index.php\\\/2022\\\/06\\\/27\\\/obitelj-iz-jablanice-sezonci-na-peljescu-radi-se-desetak-sati-svaki-dan-ali-placa-je-ekstra\\\/\",\"name\":\"Obitelj iz Jablanice sezonci na Pelje\u0161cu: 'Radi se desetak sati svaki dan, ali pla\u0107a je ekstra' - RADIO LJUBU\u0160KI\",\"isPartOf\":{\"@id\":\"https:\\\/\\\/radioljubuski.ba\\\/#website\"},\"primaryImageOfPage\":{\"@id\":\"https:\\\/\\\/radioljubuski.ba\\\/index.php\\\/2022\\\/06\\\/27\\\/obitelj-iz-jablanice-sezonci-na-peljescu-radi-se-desetak-sati-svaki-dan-ali-placa-je-ekstra\\\/#primaryimage\"},\"image\":{\"@id\":\"https:\\\/\\\/radioljubuski.ba\\\/index.php\\\/2022\\\/06\\\/27\\\/obitelj-iz-jablanice-sezonci-na-peljescu-radi-se-desetak-sati-svaki-dan-ali-placa-je-ekstra\\\/#primaryimage\"},\"thumbnailUrl\":\"https:\\\/\\\/radioljubuski.ba\\\/wp-content\\\/uploads\\\/2022\\\/06\\\/8-2022-06-27-07-58-58-ADO-ARNELA.jpeg\",\"datePublished\":\"2022-06-27T09:30:59+00:00\",\"dateModified\":\"2022-06-27T09:31:01+00:00\",\"breadcrumb\":{\"@id\":\"https:\\\/\\\/radioljubuski.ba\\\/index.php\\\/2022\\\/06\\\/27\\\/obitelj-iz-jablanice-sezonci-na-peljescu-radi-se-desetak-sati-svaki-dan-ali-placa-je-ekstra\\\/#breadcrumb\"},\"inLanguage\":\"hr\",\"potentialAction\":[{\"@type\":\"ReadAction\",\"target\":[\"https:\\\/\\\/radioljubuski.ba\\\/index.php\\\/2022\\\/06\\\/27\\\/obitelj-iz-jablanice-sezonci-na-peljescu-radi-se-desetak-sati-svaki-dan-ali-placa-je-ekstra\\\/\"]}]},{\"@type\":\"ImageObject\",\"inLanguage\":\"hr\",\"@id\":\"https:\\\/\\\/radioljubuski.ba\\\/index.php\\\/2022\\\/06\\\/27\\\/obitelj-iz-jablanice-sezonci-na-peljescu-radi-se-desetak-sati-svaki-dan-ali-placa-je-ekstra\\\/#primaryimage\",\"url\":\"https:\\\/\\\/radioljubuski.ba\\\/wp-content\\\/uploads\\\/2022\\\/06\\\/8-2022-06-27-07-58-58-ADO-ARNELA.jpeg\",\"contentUrl\":\"https:\\\/\\\/radioljubuski.ba\\\/wp-content\\\/uploads\\\/2022\\\/06\\\/8-2022-06-27-07-58-58-ADO-ARNELA.jpeg\",\"width\":1000,\"height\":625},{\"@type\":\"BreadcrumbList\",\"@id\":\"https:\\\/\\\/radioljubuski.ba\\\/index.php\\\/2022\\\/06\\\/27\\\/obitelj-iz-jablanice-sezonci-na-peljescu-radi-se-desetak-sati-svaki-dan-ali-placa-je-ekstra\\\/#breadcrumb\",\"itemListElement\":[{\"@type\":\"ListItem\",\"position\":1,\"name\":\"Po\u010detna stranica\",\"item\":\"https:\\\/\\\/radioljubuski.ba\\\/\"},{\"@type\":\"ListItem\",\"position\":2,\"name\":\"Obitelj iz Jablanice sezonci na Pelje\u0161cu: &#8216;Radi se desetak sati svaki dan, ali pla\u0107a je ekstra&#8217;\"}]},{\"@type\":\"WebSite\",\"@id\":\"https:\\\/\\\/radioljubuski.ba\\\/#website\",\"url\":\"https:\\\/\\\/radioljubuski.ba\\\/\",\"name\":\"Radio Ljubu\u0161ki\",\"description\":\"Sun\u010dana frekvencija Hercegovine\",\"publisher\":{\"@id\":\"https:\\\/\\\/radioljubuski.ba\\\/#organization\"},\"potentialAction\":[{\"@type\":\"SearchAction\",\"target\":{\"@type\":\"EntryPoint\",\"urlTemplate\":\"https:\\\/\\\/radioljubuski.ba\\\/?s={search_term_string}\"},\"query-input\":{\"@type\":\"PropertyValueSpecification\",\"valueRequired\":true,\"valueName\":\"search_term_string\"}}],\"inLanguage\":\"hr\"},{\"@type\":\"Organization\",\"@id\":\"https:\\\/\\\/radioljubuski.ba\\\/#organization\",\"name\":\"Radio Ljubu\u0161ki\",\"url\":\"https:\\\/\\\/radioljubuski.ba\\\/\",\"logo\":{\"@type\":\"ImageObject\",\"inLanguage\":\"hr\",\"@id\":\"https:\\\/\\\/radioljubuski.ba\\\/#\\\/schema\\\/logo\\\/image\\\/\",\"url\":\"https:\\\/\\\/radioljubuski.ba\\\/wp-content\\\/uploads\\\/2021\\\/02\\\/cropped-Radio_Ljubuski_logo1.jpg\",\"contentUrl\":\"https:\\\/\\\/radioljubuski.ba\\\/wp-content\\\/uploads\\\/2021\\\/02\\\/cropped-Radio_Ljubuski_logo1.jpg\",\"width\":512,\"height\":512,\"caption\":\"Radio Ljubu\u0161ki\"},\"image\":{\"@id\":\"https:\\\/\\\/radioljubuski.ba\\\/#\\\/schema\\\/logo\\\/image\\\/\"},\"sameAs\":[\"https:\\\/\\\/www.facebook.com\\\/Radiio-Ljubuski-1490835324566332\",\"https:\\\/\\\/x.com\\\/radioljubuski\",\"https:\\\/\\\/hr.linkedin.com\\\/company\\\/radio-ljubuski\",\"https:\\\/\\\/www.youtube.com\\\/channel\\\/UCHYaeO_n0Db3tjNGudGpXyw\"]},{\"@type\":\"Person\",\"@id\":\"https:\\\/\\\/radioljubuski.ba\\\/#\\\/schema\\\/person\\\/19fc700381a780f69665d7956c469e3b\",\"name\":\"Radio Ljubu\u0161ki\"}]}<\/script>\n<!-- \/ Yoast SEO plugin. -->","yoast_head_json":{"title":"Obitelj iz Jablanice sezonci na Pelje\u0161cu: 'Radi se desetak sati svaki dan, ali pla\u0107a je ekstra' - RADIO LJUBU\u0160KI","robots":{"index":"index","follow":"follow","max-snippet":"max-snippet:-1","max-image-preview":"max-image-preview:large","max-video-preview":"max-video-preview:-1"},"canonical":"https:\/\/radioljubuski.ba\/index.php\/2022\/06\/27\/obitelj-iz-jablanice-sezonci-na-peljescu-radi-se-desetak-sati-svaki-dan-ali-placa-je-ekstra\/","og_locale":"hr_HR","og_type":"article","og_title":"Obitelj iz Jablanice sezonci na Pelje\u0161cu: 'Radi se desetak sati svaki dan, ali pla\u0107a je ekstra' - RADIO LJUBU\u0160KI","og_description":"Bra\u010dni par Saltaga Ado i Arnela, Jablani\u010danima su poznati kao dugogodi\u0161nji vlasnici objekata brze hrane. Praksu u kuhinji stekli su dugogodi\u0161njim iskustvom s vlastitim obrtom, a svoje znanje su iskoristili za sezonski rad na moru, to\u010dnije &#8211; na Pelje\u0161cu. Ado kao glavni kuhar jednog restorana na Pelje\u0161cu mo\u017ee dobro zaraditi, pri\u010da za Jablanica.live. &#8211; Zadnji [&hellip;]","og_url":"https:\/\/radioljubuski.ba\/index.php\/2022\/06\/27\/obitelj-iz-jablanice-sezonci-na-peljescu-radi-se-desetak-sati-svaki-dan-ali-placa-je-ekstra\/","og_site_name":"RADIO LJUBU\u0160KI","article_publisher":"https:\/\/www.facebook.com\/Radiio-Ljubuski-1490835324566332","article_published_time":"2022-06-27T09:30:59+00:00","article_modified_time":"2022-06-27T09:31:01+00:00","og_image":[{"width":1000,"height":625,"url":"https:\/\/radioljubuski.ba\/wp-content\/uploads\/2022\/06\/8-2022-06-27-07-58-58-ADO-ARNELA.jpeg","type":"image\/jpeg"}],"author":"Radio Ljubu\u0161ki","twitter_card":"summary_large_image","twitter_creator":"@radioljubuski","twitter_site":"@radioljubuski","twitter_misc":{"Napisao\/la":"Radio Ljubu\u0161ki","Procijenjeno vrijeme \u010ditanja":"3 minute"},"schema":{"@context":"https:\/\/schema.org","@graph":[{"@type":"Article","@id":"https:\/\/radioljubuski.ba\/index.php\/2022\/06\/27\/obitelj-iz-jablanice-sezonci-na-peljescu-radi-se-desetak-sati-svaki-dan-ali-placa-je-ekstra\/#article","isPartOf":{"@id":"https:\/\/radioljubuski.ba\/index.php\/2022\/06\/27\/obitelj-iz-jablanice-sezonci-na-peljescu-radi-se-desetak-sati-svaki-dan-ali-placa-je-ekstra\/"},"author":{"name":"Radio Ljubu\u0161ki","@id":"https:\/\/radioljubuski.ba\/#\/schema\/person\/19fc700381a780f69665d7956c469e3b"},"headline":"Obitelj iz Jablanice sezonci na Pelje\u0161cu: &#8216;Radi se desetak sati svaki dan, ali pla\u0107a je ekstra&#8217;","datePublished":"2022-06-27T09:30:59+00:00","dateModified":"2022-06-27T09:31:01+00:00","mainEntityOfPage":{"@id":"https:\/\/radioljubuski.ba\/index.php\/2022\/06\/27\/obitelj-iz-jablanice-sezonci-na-peljescu-radi-se-desetak-sati-svaki-dan-ali-placa-je-ekstra\/"},"wordCount":688,"publisher":{"@id":"https:\/\/radioljubuski.ba\/#organization"},"image":{"@id":"https:\/\/radioljubuski.ba\/index.php\/2022\/06\/27\/obitelj-iz-jablanice-sezonci-na-peljescu-radi-se-desetak-sati-svaki-dan-ali-placa-je-ekstra\/#primaryimage"},"thumbnailUrl":"https:\/\/radioljubuski.ba\/wp-content\/uploads\/2022\/06\/8-2022-06-27-07-58-58-ADO-ARNELA.jpeg","articleSection":["BIH i regija"],"inLanguage":"hr"},{"@type":"WebPage","@id":"https:\/\/radioljubuski.ba\/index.php\/2022\/06\/27\/obitelj-iz-jablanice-sezonci-na-peljescu-radi-se-desetak-sati-svaki-dan-ali-placa-je-ekstra\/","url":"https:\/\/radioljubuski.ba\/index.php\/2022\/06\/27\/obitelj-iz-jablanice-sezonci-na-peljescu-radi-se-desetak-sati-svaki-dan-ali-placa-je-ekstra\/","name":"Obitelj iz Jablanice sezonci na Pelje\u0161cu: 'Radi se desetak sati svaki dan, ali pla\u0107a je ekstra' - RADIO LJUBU\u0160KI","isPartOf":{"@id":"https:\/\/radioljubuski.ba\/#website"},"primaryImageOfPage":{"@id":"https:\/\/radioljubuski.ba\/index.php\/2022\/06\/27\/obitelj-iz-jablanice-sezonci-na-peljescu-radi-se-desetak-sati-svaki-dan-ali-placa-je-ekstra\/#primaryimage"},"image":{"@id":"https:\/\/radioljubuski.ba\/index.php\/2022\/06\/27\/obitelj-iz-jablanice-sezonci-na-peljescu-radi-se-desetak-sati-svaki-dan-ali-placa-je-ekstra\/#primaryimage"},"thumbnailUrl":"https:\/\/radioljubuski.ba\/wp-content\/uploads\/2022\/06\/8-2022-06-27-07-58-58-ADO-ARNELA.jpeg","datePublished":"2022-06-27T09:30:59+00:00","dateModified":"2022-06-27T09:31:01+00:00","breadcrumb":{"@id":"https:\/\/radioljubuski.ba\/index.php\/2022\/06\/27\/obitelj-iz-jablanice-sezonci-na-peljescu-radi-se-desetak-sati-svaki-dan-ali-placa-je-ekstra\/#breadcrumb"},"inLanguage":"hr","potentialAction":[{"@type":"ReadAction","target":["https:\/\/radioljubuski.ba\/index.php\/2022\/06\/27\/obitelj-iz-jablanice-sezonci-na-peljescu-radi-se-desetak-sati-svaki-dan-ali-placa-je-ekstra\/"]}]},{"@type":"ImageObject","inLanguage":"hr","@id":"https:\/\/radioljubuski.ba\/index.php\/2022\/06\/27\/obitelj-iz-jablanice-sezonci-na-peljescu-radi-se-desetak-sati-svaki-dan-ali-placa-je-ekstra\/#primaryimage","url":"https:\/\/radioljubuski.ba\/wp-content\/uploads\/2022\/06\/8-2022-06-27-07-58-58-ADO-ARNELA.jpeg","contentUrl":"https:\/\/radioljubuski.ba\/wp-content\/uploads\/2022\/06\/8-2022-06-27-07-58-58-ADO-ARNELA.jpeg","width":1000,"height":625},{"@type":"BreadcrumbList","@id":"https:\/\/radioljubuski.ba\/index.php\/2022\/06\/27\/obitelj-iz-jablanice-sezonci-na-peljescu-radi-se-desetak-sati-svaki-dan-ali-placa-je-ekstra\/#breadcrumb","itemListElement":[{"@type":"ListItem","position":1,"name":"Po\u010detna stranica","item":"https:\/\/radioljubuski.ba\/"},{"@type":"ListItem","position":2,"name":"Obitelj iz Jablanice sezonci na Pelje\u0161cu: &#8216;Radi se desetak sati svaki dan, ali pla\u0107a je ekstra&#8217;"}]},{"@type":"WebSite","@id":"https:\/\/radioljubuski.ba\/#website","url":"https:\/\/radioljubuski.ba\/","name":"Radio Ljubu\u0161ki","description":"Sun\u010dana frekvencija Hercegovine","publisher":{"@id":"https:\/\/radioljubuski.ba\/#organization"},"potentialAction":[{"@type":"SearchAction","target":{"@type":"EntryPoint","urlTemplate":"https:\/\/radioljubuski.ba\/?s={search_term_string}"},"query-input":{"@type":"PropertyValueSpecification","valueRequired":true,"valueName":"search_term_string"}}],"inLanguage":"hr"},{"@type":"Organization","@id":"https:\/\/radioljubuski.ba\/#organization","name":"Radio Ljubu\u0161ki","url":"https:\/\/radioljubuski.ba\/","logo":{"@type":"ImageObject","inLanguage":"hr","@id":"https:\/\/radioljubuski.ba\/#\/schema\/logo\/image\/","url":"https:\/\/radioljubuski.ba\/wp-content\/uploads\/2021\/02\/cropped-Radio_Ljubuski_logo1.jpg","contentUrl":"https:\/\/radioljubuski.ba\/wp-content\/uploads\/2021\/02\/cropped-Radio_Ljubuski_logo1.jpg","width":512,"height":512,"caption":"Radio Ljubu\u0161ki"},"image":{"@id":"https:\/\/radioljubuski.ba\/#\/schema\/logo\/image\/"},"sameAs":["https:\/\/www.facebook.com\/Radiio-Ljubuski-1490835324566332","https:\/\/x.com\/radioljubuski","https:\/\/hr.linkedin.com\/company\/radio-ljubuski","https:\/\/www.youtube.com\/channel\/UCHYaeO_n0Db3tjNGudGpXyw"]},{"@type":"Person","@id":"https:\/\/radioljubuski.ba\/#\/schema\/person\/19fc700381a780f69665d7956c469e3b","name":"Radio Ljubu\u0161ki"}]}},"_links":{"self":[{"href":"https:\/\/radioljubuski.ba\/index.php\/wp-json\/wp\/v2\/posts\/153918","targetHints":{"allow":["GET"]}}],"collection":[{"href":"https:\/\/radioljubuski.ba\/index.php\/wp-json\/wp\/v2\/posts"}],"about":[{"href":"https:\/\/radioljubuski.ba\/index.php\/wp-json\/wp\/v2\/types\/post"}],"author":[{"embeddable":true,"href":"https:\/\/radioljubuski.ba\/index.php\/wp-json\/wp\/v2\/users\/2"}],"replies":[{"embeddable":true,"href":"https:\/\/radioljubuski.ba\/index.php\/wp-json\/wp\/v2\/comments?post=153918"}],"version-history":[{"count":1,"href":"https:\/\/radioljubuski.ba\/index.php\/wp-json\/wp\/v2\/posts\/153918\/revisions"}],"predecessor-version":[{"id":153921,"href":"https:\/\/radioljubuski.ba\/index.php\/wp-json\/wp\/v2\/posts\/153918\/revisions\/153921"}],"wp:featuredmedia":[{"embeddable":true,"href":"https:\/\/radioljubuski.ba\/index.php\/wp-json\/wp\/v2\/media\/153920"}],"wp:attachment":[{"href":"https:\/\/radioljubuski.ba\/index.php\/wp-json\/wp\/v2\/media?parent=153918"}],"wp:term":[{"taxonomy":"category","embeddable":true,"href":"https:\/\/radioljubuski.ba\/index.php\/wp-json\/wp\/v2\/categories?post=153918"},{"taxonomy":"post_tag","embeddable":true,"href":"https:\/\/radioljubuski.ba\/index.php\/wp-json\/wp\/v2\/tags?post=153918"}],"curies":[{"name":"wp","href":"https:\/\/api.w.org\/{rel}","templated":true}]}}