{"id":153923,"date":"2022-06-27T10:35:12","date_gmt":"2022-06-27T09:35:12","guid":{"rendered":"https:\/\/radioljubuski.ba\/?p=153923"},"modified":"2022-06-27T10:35:13","modified_gmt":"2022-06-27T09:35:13","slug":"berin-keso-teska-bolest-je-iza-mene-spreman-sam-se-vratiti-u-trening","status":"publish","type":"post","link":"https:\/\/radioljubuski.ba\/index.php\/2022\/06\/27\/berin-keso-teska-bolest-je-iza-mene-spreman-sam-se-vratiti-u-trening\/","title":{"rendered":"Berin Keso: Te\u0161ka bolest je iza mene, spreman sam se vratiti u trening"},"content":{"rendered":"\n<p>Jedan od mladih, nadarenih i perspektivnih rukometa\u0161a koje je ljubu\u0161ki Izvi\u0111a\u010d anga\u017eirao ljeta 2021. godine je Viso\u010dak Berin Keso (ro\u0111en 14. sije\u010dnja 2002. godine), kojeg je trener Toni \u010colina vodio u juniorskoj reprezentaciji Bosne i Hercegovine, ali i A timu BiH.<\/p>\n\n\n\n<p>Keso se dobro uklopio u ljubu\u0161ku \u0161kolu rukometa koja izvozi najve\u0107i broj talentiranih igra\u010da u mnogo \u0161irim razmjerima od bh. prostora, ali je u studenom pro\u0161le godine nai\u0161ao na te\u0161ke zdravstvene probleme koji su ga usporili u realizaciji visokih sportskih ambicija.<\/p>\n\n\n\n<p><em><strong>Preko no\u0107i sam zavr\u0161io u hitnoj u Ljubu\u0161kom pa onda bio preba\u010den u Mostar gdje sam se zadr\u017eao 40 dana. Dijagnosticirali su mi sepsu i tromboemboliju plu\u0107a tako da sam se ba\u0161 borio s tim i bio na intenzivnoj desetak dana. Imao sam i upalu pubi\u010dne kosti te upalu plu\u0107a. Sve se sastalo. I dan danas nitko od lije\u010dnika nije definirao uzrok svega toga. Ostalo je na tome da je zavr\u0161ilo i da sam se oporavio, a oko uzroka imam samo naga\u0111anja<\/strong><\/em>, ispri\u010dao je Berin Keso i dodao:<\/p>\n\n\n\n<p><strong><em>Sre\u0107om to je iza mene, oporavljam se i vratio sam se u trena\u017eni proces<\/em><\/strong>.<\/p>\n\n\n\n<p>Izvi\u0111a\u010d mu je olak\u0161ao maksimalno koliko su u klubu mogli.<\/p>\n\n\n\n<p><strong><em>Stvarno sam izvanredno primljen u Ljubu\u0161kom, nemam \u0161to da ka\u017eem tim ljudima, zbog svega koliko su mi pomogli. Ali i zbog toga kako sam primljen u Ljubu\u0161kom, i to ne samo od igra\u010da i uprave, ve\u0107 i od stanovnika Ljubu\u0161kog. Stvarno se osje\u0107am kao kod ku\u0107e, ponekad majci ka\u017eem: \u201cjedva \u010dekam da idem u Ljubu\u0161ki\u201d. Jednostavno se tu osje\u0107am odli\u010dno<\/em><\/strong>, isti\u010de Viso\u010dak.<\/p>\n\n\n\n<p>Od dolaska pro\u0161log ljeta 199cm visoki desni vanjski nije imao do studenog puno prostora da poka\u017ee sve svoje potencijale.<\/p>\n\n\n\n<p><em><strong>Bilo je dosta intenzivno u tom periodu, petnaest dana sa reprezentacijom pa petnaest sa klubom. Ali bitno je da su me suigra\u010di dobro prihvatili i da sam se dobro uklopio<\/strong><\/em>, ka\u017ee Keso koji je prethodno tri sezone odigrao u Premijer ligi sa viso\u010dkom Bosnom.<\/p>\n\n\n\n<p>Sa Skautima je pro\u0161log ljeta potpisao na jednu godinu, a trenutno ima na\u010delni dogovor o nastavku suradnje, \u0161to bi uskoro trebalo biti i potpisano.<\/p>\n\n\n\n<p><strong><em>Na\u010delno smo sve dogovorili. Sad sam stvarno dobro, nemam nikakvih tegoba, spreman sam da se mogu vratiti u trena\u017eni proces. Dobio sam \u201czeleno svjetlo\u201d od svih lije\u010dnika i fizioterapeuta da se mogu vratiti u trening<\/em><\/strong>, kazao je Berin Keso.<\/p>\n\n\n\n<p>\u017delja mi je biti A reprezentativac<\/p>\n\n\n\n<p>Keso je za A reprezentaciju Bosne i Hercegovine debitirao u dvome\u010du sa Ma\u0111arima studenog pro\u0161le godine, i pod vodstvom izbornika Ivice Obrvana.<\/p>\n\n\n\n<p><strong><em>\u017delja mi je postati standardni reprezentativac svoje zemlje<\/em><\/strong>, isti\u010de Keso.<\/p>\n\n\n\n<p>Dotad je svakako ve\u0107i fokus na onome \u0161to mo\u017ee napraviti sa Izvi\u0111a\u010dem koji je prava sredina za napredovanje i dokazivanje.<\/p>\n\n\n\n<p><strong><em>Nadam se da \u0107emo obraniti titulu osvaja\u010da Kupa BiH i da vratimo titulu prvaka Premijer lige BiH. Osobno o\u010dekujem da prvo vidim ho\u0107e li zdravstveno sve biti u redu i nadam se da ho\u0107e, a onda da se vratim barem na jednaku razinu igre i da sezona pro\u0111e bez ozljeda<\/em><\/strong>.<\/p>\n\n\n\n<p>izvor: izvidjac.com<\/p>\n","protected":false},"excerpt":{"rendered":"<p>Jedan od mladih, nadarenih i perspektivnih rukometa\u0161a koje je ljubu\u0161ki Izvi\u0111a\u010d anga\u017eirao ljeta 2021. godine je Viso\u010dak Berin Keso (ro\u0111en 14. sije\u010dnja 2002. godine), kojeg je trener Toni \u010colina vodio u juniorskoj reprezentaciji Bosne i Hercegovine, ali i A timu BiH. Keso se dobro uklopio u ljubu\u0161ku \u0161kolu rukometa koja izvozi najve\u0107i broj talentiranih igra\u010da [&hellip;]<\/p>\n","protected":false},"author":2,"featured_media":153932,"comment_status":"closed","ping_status":"closed","sticky":false,"template":"","format":"standard","meta":{"h5ap_radio_sources":[],"footnotes":""},"categories":[3],"tags":[],"class_list":["post-153923","post","type-post","status-publish","format-standard","has-post-thumbnail","hentry","category-ljubuski"],"yoast_head":"<!-- This site is optimized with the Yoast SEO plugin v27.5 - https:\/\/yoast.com\/product\/yoast-seo-wordpress\/ -->\n<title>Berin Keso: Te\u0161ka bolest je iza mene, spreman sam se vratiti u trening - RADIO LJUBU\u0160KI<\/title>\n<meta name=\"robots\" content=\"index, follow, max-snippet:-1, max-image-preview:large, max-video-preview:-1\" \/>\n<link rel=\"canonical\" href=\"https:\/\/radioljubuski.ba\/index.php\/2022\/06\/27\/berin-keso-teska-bolest-je-iza-mene-spreman-sam-se-vratiti-u-trening\/\" \/>\n<meta property=\"og:locale\" content=\"hr_HR\" \/>\n<meta property=\"og:type\" content=\"article\" \/>\n<meta property=\"og:title\" content=\"Berin Keso: Te\u0161ka bolest je iza mene, spreman sam se vratiti u trening - RADIO LJUBU\u0160KI\" \/>\n<meta property=\"og:description\" content=\"Jedan od mladih, nadarenih i perspektivnih rukometa\u0161a koje je ljubu\u0161ki Izvi\u0111a\u010d anga\u017eirao ljeta 2021. godine je Viso\u010dak Berin Keso (ro\u0111en 14. sije\u010dnja 2002. godine), kojeg je trener Toni \u010colina vodio u juniorskoj reprezentaciji Bosne i Hercegovine, ali i A timu BiH. Keso se dobro uklopio u ljubu\u0161ku \u0161kolu rukometa koja izvozi najve\u0107i broj talentiranih igra\u010da [&hellip;]\" \/>\n<meta property=\"og:url\" content=\"https:\/\/radioljubuski.ba\/index.php\/2022\/06\/27\/berin-keso-teska-bolest-je-iza-mene-spreman-sam-se-vratiti-u-trening\/\" \/>\n<meta property=\"og:site_name\" content=\"RADIO LJUBU\u0160KI\" \/>\n<meta property=\"article:publisher\" content=\"https:\/\/www.facebook.com\/Radiio-Ljubuski-1490835324566332\" \/>\n<meta property=\"article:published_time\" content=\"2022-06-27T09:35:12+00:00\" \/>\n<meta property=\"article:modified_time\" content=\"2022-06-27T09:35:13+00:00\" \/>\n<meta property=\"og:image\" content=\"https:\/\/radioljubuski.ba\/wp-content\/uploads\/2022\/06\/Berin-Keso-KUP1-150x150-1.jpeg\" \/>\n\t<meta property=\"og:image:width\" content=\"150\" \/>\n\t<meta property=\"og:image:height\" content=\"150\" \/>\n\t<meta property=\"og:image:type\" content=\"image\/jpeg\" \/>\n<meta name=\"author\" content=\"Radio Ljubu\u0161ki\" \/>\n<meta name=\"twitter:card\" content=\"summary_large_image\" \/>\n<meta name=\"twitter:creator\" content=\"@radioljubuski\" \/>\n<meta name=\"twitter:site\" content=\"@radioljubuski\" \/>\n<meta name=\"twitter:label1\" content=\"Napisao\/la\" \/>\n\t<meta name=\"twitter:data1\" content=\"Radio Ljubu\u0161ki\" \/>\n\t<meta name=\"twitter:label2\" content=\"Procijenjeno vrijeme \u010ditanja\" \/>\n\t<meta name=\"twitter:data2\" content=\"3 minute\" \/>\n<script type=\"application\/ld+json\" class=\"yoast-schema-graph\">{\"@context\":\"https:\\\/\\\/schema.org\",\"@graph\":[{\"@type\":\"Article\",\"@id\":\"https:\\\/\\\/radioljubuski.ba\\\/index.php\\\/2022\\\/06\\\/27\\\/berin-keso-teska-bolest-je-iza-mene-spreman-sam-se-vratiti-u-trening\\\/#article\",\"isPartOf\":{\"@id\":\"https:\\\/\\\/radioljubuski.ba\\\/index.php\\\/2022\\\/06\\\/27\\\/berin-keso-teska-bolest-je-iza-mene-spreman-sam-se-vratiti-u-trening\\\/\"},\"author\":{\"name\":\"Radio Ljubu\u0161ki\",\"@id\":\"https:\\\/\\\/radioljubuski.ba\\\/#\\\/schema\\\/person\\\/19fc700381a780f69665d7956c469e3b\"},\"headline\":\"Berin Keso: Te\u0161ka bolest je iza mene, spreman sam se vratiti u trening\",\"datePublished\":\"2022-06-27T09:35:12+00:00\",\"dateModified\":\"2022-06-27T09:35:13+00:00\",\"mainEntityOfPage\":{\"@id\":\"https:\\\/\\\/radioljubuski.ba\\\/index.php\\\/2022\\\/06\\\/27\\\/berin-keso-teska-bolest-je-iza-mene-spreman-sam-se-vratiti-u-trening\\\/\"},\"wordCount\":568,\"publisher\":{\"@id\":\"https:\\\/\\\/radioljubuski.ba\\\/#organization\"},\"image\":{\"@id\":\"https:\\\/\\\/radioljubuski.ba\\\/index.php\\\/2022\\\/06\\\/27\\\/berin-keso-teska-bolest-je-iza-mene-spreman-sam-se-vratiti-u-trening\\\/#primaryimage\"},\"thumbnailUrl\":\"https:\\\/\\\/radioljubuski.ba\\\/wp-content\\\/uploads\\\/2022\\\/06\\\/Berin-Keso-KUP1-150x150-1.jpeg\",\"articleSection\":[\"Ljubu\u0161ki\"],\"inLanguage\":\"hr\"},{\"@type\":\"WebPage\",\"@id\":\"https:\\\/\\\/radioljubuski.ba\\\/index.php\\\/2022\\\/06\\\/27\\\/berin-keso-teska-bolest-je-iza-mene-spreman-sam-se-vratiti-u-trening\\\/\",\"url\":\"https:\\\/\\\/radioljubuski.ba\\\/index.php\\\/2022\\\/06\\\/27\\\/berin-keso-teska-bolest-je-iza-mene-spreman-sam-se-vratiti-u-trening\\\/\",\"name\":\"Berin Keso: Te\u0161ka bolest je iza mene, spreman sam se vratiti u trening - RADIO LJUBU\u0160KI\",\"isPartOf\":{\"@id\":\"https:\\\/\\\/radioljubuski.ba\\\/#website\"},\"primaryImageOfPage\":{\"@id\":\"https:\\\/\\\/radioljubuski.ba\\\/index.php\\\/2022\\\/06\\\/27\\\/berin-keso-teska-bolest-je-iza-mene-spreman-sam-se-vratiti-u-trening\\\/#primaryimage\"},\"image\":{\"@id\":\"https:\\\/\\\/radioljubuski.ba\\\/index.php\\\/2022\\\/06\\\/27\\\/berin-keso-teska-bolest-je-iza-mene-spreman-sam-se-vratiti-u-trening\\\/#primaryimage\"},\"thumbnailUrl\":\"https:\\\/\\\/radioljubuski.ba\\\/wp-content\\\/uploads\\\/2022\\\/06\\\/Berin-Keso-KUP1-150x150-1.jpeg\",\"datePublished\":\"2022-06-27T09:35:12+00:00\",\"dateModified\":\"2022-06-27T09:35:13+00:00\",\"breadcrumb\":{\"@id\":\"https:\\\/\\\/radioljubuski.ba\\\/index.php\\\/2022\\\/06\\\/27\\\/berin-keso-teska-bolest-je-iza-mene-spreman-sam-se-vratiti-u-trening\\\/#breadcrumb\"},\"inLanguage\":\"hr\",\"potentialAction\":[{\"@type\":\"ReadAction\",\"target\":[\"https:\\\/\\\/radioljubuski.ba\\\/index.php\\\/2022\\\/06\\\/27\\\/berin-keso-teska-bolest-je-iza-mene-spreman-sam-se-vratiti-u-trening\\\/\"]}]},{\"@type\":\"ImageObject\",\"inLanguage\":\"hr\",\"@id\":\"https:\\\/\\\/radioljubuski.ba\\\/index.php\\\/2022\\\/06\\\/27\\\/berin-keso-teska-bolest-je-iza-mene-spreman-sam-se-vratiti-u-trening\\\/#primaryimage\",\"url\":\"https:\\\/\\\/radioljubuski.ba\\\/wp-content\\\/uploads\\\/2022\\\/06\\\/Berin-Keso-KUP1-150x150-1.jpeg\",\"contentUrl\":\"https:\\\/\\\/radioljubuski.ba\\\/wp-content\\\/uploads\\\/2022\\\/06\\\/Berin-Keso-KUP1-150x150-1.jpeg\",\"width\":150,\"height\":150},{\"@type\":\"BreadcrumbList\",\"@id\":\"https:\\\/\\\/radioljubuski.ba\\\/index.php\\\/2022\\\/06\\\/27\\\/berin-keso-teska-bolest-je-iza-mene-spreman-sam-se-vratiti-u-trening\\\/#breadcrumb\",\"itemListElement\":[{\"@type\":\"ListItem\",\"position\":1,\"name\":\"Po\u010detna stranica\",\"item\":\"https:\\\/\\\/radioljubuski.ba\\\/\"},{\"@type\":\"ListItem\",\"position\":2,\"name\":\"Berin Keso: Te\u0161ka bolest je iza mene, spreman sam se vratiti u trening\"}]},{\"@type\":\"WebSite\",\"@id\":\"https:\\\/\\\/radioljubuski.ba\\\/#website\",\"url\":\"https:\\\/\\\/radioljubuski.ba\\\/\",\"name\":\"Radio Ljubu\u0161ki\",\"description\":\"Sun\u010dana frekvencija Hercegovine\",\"publisher\":{\"@id\":\"https:\\\/\\\/radioljubuski.ba\\\/#organization\"},\"potentialAction\":[{\"@type\":\"SearchAction\",\"target\":{\"@type\":\"EntryPoint\",\"urlTemplate\":\"https:\\\/\\\/radioljubuski.ba\\\/?s={search_term_string}\"},\"query-input\":{\"@type\":\"PropertyValueSpecification\",\"valueRequired\":true,\"valueName\":\"search_term_string\"}}],\"inLanguage\":\"hr\"},{\"@type\":\"Organization\",\"@id\":\"https:\\\/\\\/radioljubuski.ba\\\/#organization\",\"name\":\"Radio Ljubu\u0161ki\",\"url\":\"https:\\\/\\\/radioljubuski.ba\\\/\",\"logo\":{\"@type\":\"ImageObject\",\"inLanguage\":\"hr\",\"@id\":\"https:\\\/\\\/radioljubuski.ba\\\/#\\\/schema\\\/logo\\\/image\\\/\",\"url\":\"https:\\\/\\\/radioljubuski.ba\\\/wp-content\\\/uploads\\\/2021\\\/02\\\/cropped-Radio_Ljubuski_logo1.jpg\",\"contentUrl\":\"https:\\\/\\\/radioljubuski.ba\\\/wp-content\\\/uploads\\\/2021\\\/02\\\/cropped-Radio_Ljubuski_logo1.jpg\",\"width\":512,\"height\":512,\"caption\":\"Radio Ljubu\u0161ki\"},\"image\":{\"@id\":\"https:\\\/\\\/radioljubuski.ba\\\/#\\\/schema\\\/logo\\\/image\\\/\"},\"sameAs\":[\"https:\\\/\\\/www.facebook.com\\\/Radiio-Ljubuski-1490835324566332\",\"https:\\\/\\\/x.com\\\/radioljubuski\",\"https:\\\/\\\/hr.linkedin.com\\\/company\\\/radio-ljubuski\",\"https:\\\/\\\/www.youtube.com\\\/channel\\\/UCHYaeO_n0Db3tjNGudGpXyw\"]},{\"@type\":\"Person\",\"@id\":\"https:\\\/\\\/radioljubuski.ba\\\/#\\\/schema\\\/person\\\/19fc700381a780f69665d7956c469e3b\",\"name\":\"Radio Ljubu\u0161ki\"}]}<\/script>\n<!-- \/ Yoast SEO plugin. -->","yoast_head_json":{"title":"Berin Keso: Te\u0161ka bolest je iza mene, spreman sam se vratiti u trening - RADIO LJUBU\u0160KI","robots":{"index":"index","follow":"follow","max-snippet":"max-snippet:-1","max-image-preview":"max-image-preview:large","max-video-preview":"max-video-preview:-1"},"canonical":"https:\/\/radioljubuski.ba\/index.php\/2022\/06\/27\/berin-keso-teska-bolest-je-iza-mene-spreman-sam-se-vratiti-u-trening\/","og_locale":"hr_HR","og_type":"article","og_title":"Berin Keso: Te\u0161ka bolest je iza mene, spreman sam se vratiti u trening - RADIO LJUBU\u0160KI","og_description":"Jedan od mladih, nadarenih i perspektivnih rukometa\u0161a koje je ljubu\u0161ki Izvi\u0111a\u010d anga\u017eirao ljeta 2021. godine je Viso\u010dak Berin Keso (ro\u0111en 14. sije\u010dnja 2002. godine), kojeg je trener Toni \u010colina vodio u juniorskoj reprezentaciji Bosne i Hercegovine, ali i A timu BiH. Keso se dobro uklopio u ljubu\u0161ku \u0161kolu rukometa koja izvozi najve\u0107i broj talentiranih igra\u010da [&hellip;]","og_url":"https:\/\/radioljubuski.ba\/index.php\/2022\/06\/27\/berin-keso-teska-bolest-je-iza-mene-spreman-sam-se-vratiti-u-trening\/","og_site_name":"RADIO LJUBU\u0160KI","article_publisher":"https:\/\/www.facebook.com\/Radiio-Ljubuski-1490835324566332","article_published_time":"2022-06-27T09:35:12+00:00","article_modified_time":"2022-06-27T09:35:13+00:00","og_image":[{"width":150,"height":150,"url":"https:\/\/radioljubuski.ba\/wp-content\/uploads\/2022\/06\/Berin-Keso-KUP1-150x150-1.jpeg","type":"image\/jpeg"}],"author":"Radio Ljubu\u0161ki","twitter_card":"summary_large_image","twitter_creator":"@radioljubuski","twitter_site":"@radioljubuski","twitter_misc":{"Napisao\/la":"Radio Ljubu\u0161ki","Procijenjeno vrijeme \u010ditanja":"3 minute"},"schema":{"@context":"https:\/\/schema.org","@graph":[{"@type":"Article","@id":"https:\/\/radioljubuski.ba\/index.php\/2022\/06\/27\/berin-keso-teska-bolest-je-iza-mene-spreman-sam-se-vratiti-u-trening\/#article","isPartOf":{"@id":"https:\/\/radioljubuski.ba\/index.php\/2022\/06\/27\/berin-keso-teska-bolest-je-iza-mene-spreman-sam-se-vratiti-u-trening\/"},"author":{"name":"Radio Ljubu\u0161ki","@id":"https:\/\/radioljubuski.ba\/#\/schema\/person\/19fc700381a780f69665d7956c469e3b"},"headline":"Berin Keso: Te\u0161ka bolest je iza mene, spreman sam se vratiti u trening","datePublished":"2022-06-27T09:35:12+00:00","dateModified":"2022-06-27T09:35:13+00:00","mainEntityOfPage":{"@id":"https:\/\/radioljubuski.ba\/index.php\/2022\/06\/27\/berin-keso-teska-bolest-je-iza-mene-spreman-sam-se-vratiti-u-trening\/"},"wordCount":568,"publisher":{"@id":"https:\/\/radioljubuski.ba\/#organization"},"image":{"@id":"https:\/\/radioljubuski.ba\/index.php\/2022\/06\/27\/berin-keso-teska-bolest-je-iza-mene-spreman-sam-se-vratiti-u-trening\/#primaryimage"},"thumbnailUrl":"https:\/\/radioljubuski.ba\/wp-content\/uploads\/2022\/06\/Berin-Keso-KUP1-150x150-1.jpeg","articleSection":["Ljubu\u0161ki"],"inLanguage":"hr"},{"@type":"WebPage","@id":"https:\/\/radioljubuski.ba\/index.php\/2022\/06\/27\/berin-keso-teska-bolest-je-iza-mene-spreman-sam-se-vratiti-u-trening\/","url":"https:\/\/radioljubuski.ba\/index.php\/2022\/06\/27\/berin-keso-teska-bolest-je-iza-mene-spreman-sam-se-vratiti-u-trening\/","name":"Berin Keso: Te\u0161ka bolest je iza mene, spreman sam se vratiti u trening - RADIO LJUBU\u0160KI","isPartOf":{"@id":"https:\/\/radioljubuski.ba\/#website"},"primaryImageOfPage":{"@id":"https:\/\/radioljubuski.ba\/index.php\/2022\/06\/27\/berin-keso-teska-bolest-je-iza-mene-spreman-sam-se-vratiti-u-trening\/#primaryimage"},"image":{"@id":"https:\/\/radioljubuski.ba\/index.php\/2022\/06\/27\/berin-keso-teska-bolest-je-iza-mene-spreman-sam-se-vratiti-u-trening\/#primaryimage"},"thumbnailUrl":"https:\/\/radioljubuski.ba\/wp-content\/uploads\/2022\/06\/Berin-Keso-KUP1-150x150-1.jpeg","datePublished":"2022-06-27T09:35:12+00:00","dateModified":"2022-06-27T09:35:13+00:00","breadcrumb":{"@id":"https:\/\/radioljubuski.ba\/index.php\/2022\/06\/27\/berin-keso-teska-bolest-je-iza-mene-spreman-sam-se-vratiti-u-trening\/#breadcrumb"},"inLanguage":"hr","potentialAction":[{"@type":"ReadAction","target":["https:\/\/radioljubuski.ba\/index.php\/2022\/06\/27\/berin-keso-teska-bolest-je-iza-mene-spreman-sam-se-vratiti-u-trening\/"]}]},{"@type":"ImageObject","inLanguage":"hr","@id":"https:\/\/radioljubuski.ba\/index.php\/2022\/06\/27\/berin-keso-teska-bolest-je-iza-mene-spreman-sam-se-vratiti-u-trening\/#primaryimage","url":"https:\/\/radioljubuski.ba\/wp-content\/uploads\/2022\/06\/Berin-Keso-KUP1-150x150-1.jpeg","contentUrl":"https:\/\/radioljubuski.ba\/wp-content\/uploads\/2022\/06\/Berin-Keso-KUP1-150x150-1.jpeg","width":150,"height":150},{"@type":"BreadcrumbList","@id":"https:\/\/radioljubuski.ba\/index.php\/2022\/06\/27\/berin-keso-teska-bolest-je-iza-mene-spreman-sam-se-vratiti-u-trening\/#breadcrumb","itemListElement":[{"@type":"ListItem","position":1,"name":"Po\u010detna stranica","item":"https:\/\/radioljubuski.ba\/"},{"@type":"ListItem","position":2,"name":"Berin Keso: Te\u0161ka bolest je iza mene, spreman sam se vratiti u trening"}]},{"@type":"WebSite","@id":"https:\/\/radioljubuski.ba\/#website","url":"https:\/\/radioljubuski.ba\/","name":"Radio Ljubu\u0161ki","description":"Sun\u010dana frekvencija Hercegovine","publisher":{"@id":"https:\/\/radioljubuski.ba\/#organization"},"potentialAction":[{"@type":"SearchAction","target":{"@type":"EntryPoint","urlTemplate":"https:\/\/radioljubuski.ba\/?s={search_term_string}"},"query-input":{"@type":"PropertyValueSpecification","valueRequired":true,"valueName":"search_term_string"}}],"inLanguage":"hr"},{"@type":"Organization","@id":"https:\/\/radioljubuski.ba\/#organization","name":"Radio Ljubu\u0161ki","url":"https:\/\/radioljubuski.ba\/","logo":{"@type":"ImageObject","inLanguage":"hr","@id":"https:\/\/radioljubuski.ba\/#\/schema\/logo\/image\/","url":"https:\/\/radioljubuski.ba\/wp-content\/uploads\/2021\/02\/cropped-Radio_Ljubuski_logo1.jpg","contentUrl":"https:\/\/radioljubuski.ba\/wp-content\/uploads\/2021\/02\/cropped-Radio_Ljubuski_logo1.jpg","width":512,"height":512,"caption":"Radio Ljubu\u0161ki"},"image":{"@id":"https:\/\/radioljubuski.ba\/#\/schema\/logo\/image\/"},"sameAs":["https:\/\/www.facebook.com\/Radiio-Ljubuski-1490835324566332","https:\/\/x.com\/radioljubuski","https:\/\/hr.linkedin.com\/company\/radio-ljubuski","https:\/\/www.youtube.com\/channel\/UCHYaeO_n0Db3tjNGudGpXyw"]},{"@type":"Person","@id":"https:\/\/radioljubuski.ba\/#\/schema\/person\/19fc700381a780f69665d7956c469e3b","name":"Radio Ljubu\u0161ki"}]}},"_links":{"self":[{"href":"https:\/\/radioljubuski.ba\/index.php\/wp-json\/wp\/v2\/posts\/153923","targetHints":{"allow":["GET"]}}],"collection":[{"href":"https:\/\/radioljubuski.ba\/index.php\/wp-json\/wp\/v2\/posts"}],"about":[{"href":"https:\/\/radioljubuski.ba\/index.php\/wp-json\/wp\/v2\/types\/post"}],"author":[{"embeddable":true,"href":"https:\/\/radioljubuski.ba\/index.php\/wp-json\/wp\/v2\/users\/2"}],"replies":[{"embeddable":true,"href":"https:\/\/radioljubuski.ba\/index.php\/wp-json\/wp\/v2\/comments?post=153923"}],"version-history":[{"count":1,"href":"https:\/\/radioljubuski.ba\/index.php\/wp-json\/wp\/v2\/posts\/153923\/revisions"}],"predecessor-version":[{"id":153933,"href":"https:\/\/radioljubuski.ba\/index.php\/wp-json\/wp\/v2\/posts\/153923\/revisions\/153933"}],"wp:featuredmedia":[{"embeddable":true,"href":"https:\/\/radioljubuski.ba\/index.php\/wp-json\/wp\/v2\/media\/153932"}],"wp:attachment":[{"href":"https:\/\/radioljubuski.ba\/index.php\/wp-json\/wp\/v2\/media?parent=153923"}],"wp:term":[{"taxonomy":"category","embeddable":true,"href":"https:\/\/radioljubuski.ba\/index.php\/wp-json\/wp\/v2\/categories?post=153923"},{"taxonomy":"post_tag","embeddable":true,"href":"https:\/\/radioljubuski.ba\/index.php\/wp-json\/wp\/v2\/tags?post=153923"}],"curies":[{"name":"wp","href":"https:\/\/api.w.org\/{rel}","templated":true}]}}