{"id":153928,"date":"2022-06-27T10:34:15","date_gmt":"2022-06-27T09:34:15","guid":{"rendered":"https:\/\/radioljubuski.ba\/?p=153928"},"modified":"2022-06-27T10:34:16","modified_gmt":"2022-06-27T09:34:16","slug":"putna-ljekarna-procitajte-popis-stvari-koje-morate-ponijeti-sa-sobom-na-odmor","status":"publish","type":"post","link":"https:\/\/radioljubuski.ba\/index.php\/2022\/06\/27\/putna-ljekarna-procitajte-popis-stvari-koje-morate-ponijeti-sa-sobom-na-odmor\/","title":{"rendered":"Putna ljekarna: Pro\u010ditajte popis stvari koje morate ponijeti sa sobom na odmor"},"content":{"rendered":"\n<p>Svako putovanje sa sobom nosi rizik od potencijalnih zdravstvenih problema uslijed promjene klime, nadmorske visine, vremenske zone ili vrste vode i hrane. Da bi situaciju lak\u0161e prebrodili po\u017eeljno je da sa sobom nosimo lijekove i preparate koji \u0107e nam olak\u0161ati eventualno pogor\u0161ano stanje, navode iz Instituta za zdravlje i sigurnost hrane Zenica (INZ).<\/p>\n\n\n\n<p>Na put se ne treba kretati bez putne ljekarne, koja treba biti neizostavni dio prtljaga svakog putnika. Njena veli\u010dina i sadr\u017eaj ovisi o broju putnika, uzrasta, njihovim potrebama kao i od vrste samog putovanja. Bitno je napomenuti da prilikom odlaska na bilo kakvo putovanje treba provjeriti zdravstveno osiguranje, a ukoliko se radi o putovanju u inozemstvo preporuka je uplatiti putni\u010dko zdravstveno osiguranje.<\/p>\n\n\n\n<p>&#8211; Za pacijente koji boluju od te\u017eih oboljenja preporuka je da ponesu medicinsku dokumentaciju, zatim da se informiraju o zakonskoj regulativi, koji lijekovi i u kojoj koli\u010dini mogu da se ponesu, ukoliko se radi o putovanju u inozemstvo &#8211; isti\u010de stru\u010dna suradnica za fitofarmaciju u INZ-u, magistrica farmacijeLejla Baru\u010dija.<\/p>\n\n\n\n<p>Ono \u0161to \u010dini sadr\u017eaj svake putni\u010dke ljekarne su analgetici, lijekovi koji se koriste za ubla\u017eavanje bolova i povi\u0161ene tjelesne temperature, te u slu\u010daju blage prehlade. Naj\u010de\u0161\u0107e je to paracetamol ili ibuprofen u dozi i ja\u010dini prilago\u0111enoj za djecu i odrasle. Za provjeru tjelesne temperature toplomjer je nezaobilazan sastojak putne ljekarne.<\/p>\n\n\n\n<p>Zbog \u010destih prehlada koje se javljaju i u ljetnom periodu kapi za nos koje smanjuju otok sluznice kao i pastile za grlo koje ubla\u017eavaju bolove u grlu neizostavni su dio putne ljekarne, ka\u017eu stru\u010dnjaci.<\/p>\n\n\n\n<p>&#8211; Za osobe koje lo\u0161e podnose vo\u017enju, po\u017eeljno je imati tablete protiv bolesti vo\u017enje. Mogu da ih koriste i djeca, ali u odgovaraju\u0107oj dozi prilago\u0111enoj djeci. Preporuka je upotreba u prilago\u0111enoj dozi pola sata prije polaska na put &#8211; ka\u017ee Baru\u010dija.<\/p>\n\n\n\n<p>Pored navedenih lijekova ono \u0161to bi uvijek trebalo da se na\u0111e u putnoj ljekarni su probiotici. Crijevne infekcije su \u010deste na putovanjima, te je &nbsp;po\u017eeljno na put ponijeti probiotik koji \u0107e olak\u0161ati obnavljanje crijevne flore. Aktivni ugalj i sredstvo za nadoknadu te\u010dnosti i elektrolita tako\u0111er su preporuka uslijed \u010destih dijareja i povra\u0107anja.<\/p>\n\n\n\n<p>Preporuka je upotreba probiotika i prije samog putovanja da bi se sprije\u010dila putna dijareja, a naro\u010dito se preporu\u010duje putnicima koji putuju u neke egzoti\u010dne zemlje. Potrebno je voditi ra\u010duna o higijeni ruku. Koristiti fla\u0161iranu vodu po mogu\u0107nosti iz staklenih boca.<\/p>\n\n\n\n<p>Stru\u010dnjaci preporu\u010duju da preparati za za\u0161titu od insekata budu neizostavni dio putne ljekarne. Za osobe sklone alergijama preporuka je da ponesu tablete i kreme sa antihistaminicima. U slu\u010daju uboda insekta de\u0161avaju se ko\u017eno alergijske reakcije \u010diji su simptomi pra\u0107eni jako izra\u017eenim svrabom i otokom. Po\u017eeljno je imati u sastavu putne ljekarne i gelove koji ubla\u017eavaju crvenilo i otok. Promjena ambijenta mo\u017ee da izazove ko\u017ene infekcije, pa je dobro imati i antibiotsku mast.<\/p>\n\n\n\n<p>U slu\u010daju blagih povreda savjetuje se upotreba &nbsp;preparate za ozljedu ko\u017ee, sredstava za obradu i dezinfekciju rane (antiseptik za \u010di\u0161\u0107enje rana, sterilne gaze i komprese, zavoje i flastere, te makazice i pincetu), kao i pra\u0161ak za brzo zarastanje rane.<\/p>\n\n\n\n<p>Bilo da se putuje na more, u planine ili samo \u0161eta na otvorenom, treba misliti o za\u0161titi od sunca. Generalno je pravilo da se ne izla\u017eu sun\u010devoj svjetlosti u periodu od 11 do 17 sati naro\u010dito za malu djecu, jer je tada koli\u010dina UV zraka jako velika, poja\u010dana UV radijacija, tako da bi u tom periodu trebalo izbjegavati direktni boravak na suncu.<\/p>\n\n\n\n<p>U INZ-u savjetuju upotreba preparata za za\u0161titu od sunca sa visokim za\u0161titnim faktorom prilago\u0111enom tipu ko\u017ee i uzrastu. Kori\u0161tenje za\u0161titnih faktora omogu\u0107ava ko\u017ei da du\u017ee bude izlo\u017eena suncu. Preporuka je svakodnevna i ponavljaju\u0107a upotreba krema sa za\u0161titnim faktorom od 30 do 50, po mogu\u0107nosti \u0161to ve\u0107i faktor za\u0161tite. Za\u0161titne kreme se nanose najmanje pola sata prije izlaganja suncu.<\/p>\n\n\n\n<p>Potrebno je obratiti pa\u017enju na njegu ko\u017ee nakon sun\u010danja. U ve\u010dernjim satima ko\u017ea postaje crvena i isu\u0161ena, stoga treba koristiti kreme koje sadr\u017ee vitamine koji poma\u017eu ko\u017ei da se regenerira, a tako\u0111er \u0107e smanjiti i isu\u0161enost ko\u017ee. Tokom sun\u010danja u slu\u010daju da do\u0111e do opekotina potrebno je nanijeti mast za regeneraciju ko\u017ee. Putnu ljekarnu uvijek \u010duvati van dohvata djece, priop\u0107eno je iz Instituta za zdravlje i sigurnost hrane Zenica.&nbsp;<\/p>\n\n\n\n<p>Izvor:pogled.ba<\/p>\n","protected":false},"excerpt":{"rendered":"<p>Svako putovanje sa sobom nosi rizik od potencijalnih zdravstvenih problema uslijed promjene klime, nadmorske visine, vremenske zone ili vrste vode i hrane. Da bi situaciju lak\u0161e prebrodili po\u017eeljno je da sa sobom nosimo lijekove i preparate koji \u0107e nam olak\u0161ati eventualno pogor\u0161ano stanje, navode iz Instituta za zdravlje i sigurnost hrane Zenica (INZ). Na put [&hellip;]<\/p>\n","protected":false},"author":2,"featured_media":153929,"comment_status":"closed","ping_status":"closed","sticky":false,"template":"","format":"standard","meta":{"h5ap_radio_sources":[],"footnotes":""},"categories":[1],"tags":[],"class_list":["post-153928","post","type-post","status-publish","format-standard","has-post-thumbnail","hentry","category-bihiregija"],"yoast_head":"<!-- This site is optimized with the Yoast SEO plugin v27.5 - https:\/\/yoast.com\/product\/yoast-seo-wordpress\/ -->\n<title>Putna ljekarna: Pro\u010ditajte popis stvari koje morate ponijeti sa sobom na odmor - RADIO LJUBU\u0160KI<\/title>\n<meta name=\"robots\" content=\"index, follow, max-snippet:-1, max-image-preview:large, max-video-preview:-1\" \/>\n<link rel=\"canonical\" href=\"https:\/\/radioljubuski.ba\/index.php\/2022\/06\/27\/putna-ljekarna-procitajte-popis-stvari-koje-morate-ponijeti-sa-sobom-na-odmor\/\" \/>\n<meta property=\"og:locale\" content=\"hr_HR\" \/>\n<meta property=\"og:type\" content=\"article\" \/>\n<meta property=\"og:title\" content=\"Putna ljekarna: Pro\u010ditajte popis stvari koje morate ponijeti sa sobom na odmor - RADIO LJUBU\u0160KI\" \/>\n<meta property=\"og:description\" content=\"Svako putovanje sa sobom nosi rizik od potencijalnih zdravstvenih problema uslijed promjene klime, nadmorske visine, vremenske zone ili vrste vode i hrane. Da bi situaciju lak\u0161e prebrodili po\u017eeljno je da sa sobom nosimo lijekove i preparate koji \u0107e nam olak\u0161ati eventualno pogor\u0161ano stanje, navode iz Instituta za zdravlje i sigurnost hrane Zenica (INZ). Na put [&hellip;]\" \/>\n<meta property=\"og:url\" content=\"https:\/\/radioljubuski.ba\/index.php\/2022\/06\/27\/putna-ljekarna-procitajte-popis-stvari-koje-morate-ponijeti-sa-sobom-na-odmor\/\" \/>\n<meta property=\"og:site_name\" content=\"RADIO LJUBU\u0160KI\" \/>\n<meta property=\"article:publisher\" content=\"https:\/\/www.facebook.com\/Radiio-Ljubuski-1490835324566332\" \/>\n<meta property=\"article:published_time\" content=\"2022-06-27T09:34:15+00:00\" \/>\n<meta property=\"article:modified_time\" content=\"2022-06-27T09:34:16+00:00\" \/>\n<meta property=\"og:image\" content=\"https:\/\/radioljubuski.ba\/wp-content\/uploads\/2022\/06\/8-2022-06-27-08-23-04-putna-ljekarna.jpg\" \/>\n\t<meta property=\"og:image:width\" content=\"1000\" \/>\n\t<meta property=\"og:image:height\" content=\"625\" \/>\n\t<meta property=\"og:image:type\" content=\"image\/jpeg\" \/>\n<meta name=\"author\" content=\"Radio Ljubu\u0161ki\" \/>\n<meta name=\"twitter:card\" content=\"summary_large_image\" \/>\n<meta name=\"twitter:creator\" content=\"@radioljubuski\" \/>\n<meta name=\"twitter:site\" content=\"@radioljubuski\" \/>\n<meta name=\"twitter:label1\" content=\"Napisao\/la\" \/>\n\t<meta name=\"twitter:data1\" content=\"Radio Ljubu\u0161ki\" \/>\n\t<meta name=\"twitter:label2\" content=\"Procijenjeno vrijeme \u010ditanja\" \/>\n\t<meta name=\"twitter:data2\" content=\"3 minute\" \/>\n<script type=\"application\/ld+json\" class=\"yoast-schema-graph\">{\"@context\":\"https:\\\/\\\/schema.org\",\"@graph\":[{\"@type\":\"Article\",\"@id\":\"https:\\\/\\\/radioljubuski.ba\\\/index.php\\\/2022\\\/06\\\/27\\\/putna-ljekarna-procitajte-popis-stvari-koje-morate-ponijeti-sa-sobom-na-odmor\\\/#article\",\"isPartOf\":{\"@id\":\"https:\\\/\\\/radioljubuski.ba\\\/index.php\\\/2022\\\/06\\\/27\\\/putna-ljekarna-procitajte-popis-stvari-koje-morate-ponijeti-sa-sobom-na-odmor\\\/\"},\"author\":{\"name\":\"Radio Ljubu\u0161ki\",\"@id\":\"https:\\\/\\\/radioljubuski.ba\\\/#\\\/schema\\\/person\\\/19fc700381a780f69665d7956c469e3b\"},\"headline\":\"Putna ljekarna: Pro\u010ditajte popis stvari koje morate ponijeti sa sobom na odmor\",\"datePublished\":\"2022-06-27T09:34:15+00:00\",\"dateModified\":\"2022-06-27T09:34:16+00:00\",\"mainEntityOfPage\":{\"@id\":\"https:\\\/\\\/radioljubuski.ba\\\/index.php\\\/2022\\\/06\\\/27\\\/putna-ljekarna-procitajte-popis-stvari-koje-morate-ponijeti-sa-sobom-na-odmor\\\/\"},\"wordCount\":797,\"publisher\":{\"@id\":\"https:\\\/\\\/radioljubuski.ba\\\/#organization\"},\"image\":{\"@id\":\"https:\\\/\\\/radioljubuski.ba\\\/index.php\\\/2022\\\/06\\\/27\\\/putna-ljekarna-procitajte-popis-stvari-koje-morate-ponijeti-sa-sobom-na-odmor\\\/#primaryimage\"},\"thumbnailUrl\":\"https:\\\/\\\/radioljubuski.ba\\\/wp-content\\\/uploads\\\/2022\\\/06\\\/8-2022-06-27-08-23-04-putna-ljekarna.jpg\",\"articleSection\":[\"BIH i regija\"],\"inLanguage\":\"hr\"},{\"@type\":\"WebPage\",\"@id\":\"https:\\\/\\\/radioljubuski.ba\\\/index.php\\\/2022\\\/06\\\/27\\\/putna-ljekarna-procitajte-popis-stvari-koje-morate-ponijeti-sa-sobom-na-odmor\\\/\",\"url\":\"https:\\\/\\\/radioljubuski.ba\\\/index.php\\\/2022\\\/06\\\/27\\\/putna-ljekarna-procitajte-popis-stvari-koje-morate-ponijeti-sa-sobom-na-odmor\\\/\",\"name\":\"Putna ljekarna: Pro\u010ditajte popis stvari koje morate ponijeti sa sobom na odmor - RADIO LJUBU\u0160KI\",\"isPartOf\":{\"@id\":\"https:\\\/\\\/radioljubuski.ba\\\/#website\"},\"primaryImageOfPage\":{\"@id\":\"https:\\\/\\\/radioljubuski.ba\\\/index.php\\\/2022\\\/06\\\/27\\\/putna-ljekarna-procitajte-popis-stvari-koje-morate-ponijeti-sa-sobom-na-odmor\\\/#primaryimage\"},\"image\":{\"@id\":\"https:\\\/\\\/radioljubuski.ba\\\/index.php\\\/2022\\\/06\\\/27\\\/putna-ljekarna-procitajte-popis-stvari-koje-morate-ponijeti-sa-sobom-na-odmor\\\/#primaryimage\"},\"thumbnailUrl\":\"https:\\\/\\\/radioljubuski.ba\\\/wp-content\\\/uploads\\\/2022\\\/06\\\/8-2022-06-27-08-23-04-putna-ljekarna.jpg\",\"datePublished\":\"2022-06-27T09:34:15+00:00\",\"dateModified\":\"2022-06-27T09:34:16+00:00\",\"breadcrumb\":{\"@id\":\"https:\\\/\\\/radioljubuski.ba\\\/index.php\\\/2022\\\/06\\\/27\\\/putna-ljekarna-procitajte-popis-stvari-koje-morate-ponijeti-sa-sobom-na-odmor\\\/#breadcrumb\"},\"inLanguage\":\"hr\",\"potentialAction\":[{\"@type\":\"ReadAction\",\"target\":[\"https:\\\/\\\/radioljubuski.ba\\\/index.php\\\/2022\\\/06\\\/27\\\/putna-ljekarna-procitajte-popis-stvari-koje-morate-ponijeti-sa-sobom-na-odmor\\\/\"]}]},{\"@type\":\"ImageObject\",\"inLanguage\":\"hr\",\"@id\":\"https:\\\/\\\/radioljubuski.ba\\\/index.php\\\/2022\\\/06\\\/27\\\/putna-ljekarna-procitajte-popis-stvari-koje-morate-ponijeti-sa-sobom-na-odmor\\\/#primaryimage\",\"url\":\"https:\\\/\\\/radioljubuski.ba\\\/wp-content\\\/uploads\\\/2022\\\/06\\\/8-2022-06-27-08-23-04-putna-ljekarna.jpg\",\"contentUrl\":\"https:\\\/\\\/radioljubuski.ba\\\/wp-content\\\/uploads\\\/2022\\\/06\\\/8-2022-06-27-08-23-04-putna-ljekarna.jpg\",\"width\":1000,\"height\":625},{\"@type\":\"BreadcrumbList\",\"@id\":\"https:\\\/\\\/radioljubuski.ba\\\/index.php\\\/2022\\\/06\\\/27\\\/putna-ljekarna-procitajte-popis-stvari-koje-morate-ponijeti-sa-sobom-na-odmor\\\/#breadcrumb\",\"itemListElement\":[{\"@type\":\"ListItem\",\"position\":1,\"name\":\"Po\u010detna stranica\",\"item\":\"https:\\\/\\\/radioljubuski.ba\\\/\"},{\"@type\":\"ListItem\",\"position\":2,\"name\":\"Putna ljekarna: Pro\u010ditajte popis stvari koje morate ponijeti sa sobom na odmor\"}]},{\"@type\":\"WebSite\",\"@id\":\"https:\\\/\\\/radioljubuski.ba\\\/#website\",\"url\":\"https:\\\/\\\/radioljubuski.ba\\\/\",\"name\":\"Radio Ljubu\u0161ki\",\"description\":\"Sun\u010dana frekvencija Hercegovine\",\"publisher\":{\"@id\":\"https:\\\/\\\/radioljubuski.ba\\\/#organization\"},\"potentialAction\":[{\"@type\":\"SearchAction\",\"target\":{\"@type\":\"EntryPoint\",\"urlTemplate\":\"https:\\\/\\\/radioljubuski.ba\\\/?s={search_term_string}\"},\"query-input\":{\"@type\":\"PropertyValueSpecification\",\"valueRequired\":true,\"valueName\":\"search_term_string\"}}],\"inLanguage\":\"hr\"},{\"@type\":\"Organization\",\"@id\":\"https:\\\/\\\/radioljubuski.ba\\\/#organization\",\"name\":\"Radio Ljubu\u0161ki\",\"url\":\"https:\\\/\\\/radioljubuski.ba\\\/\",\"logo\":{\"@type\":\"ImageObject\",\"inLanguage\":\"hr\",\"@id\":\"https:\\\/\\\/radioljubuski.ba\\\/#\\\/schema\\\/logo\\\/image\\\/\",\"url\":\"https:\\\/\\\/radioljubuski.ba\\\/wp-content\\\/uploads\\\/2021\\\/02\\\/cropped-Radio_Ljubuski_logo1.jpg\",\"contentUrl\":\"https:\\\/\\\/radioljubuski.ba\\\/wp-content\\\/uploads\\\/2021\\\/02\\\/cropped-Radio_Ljubuski_logo1.jpg\",\"width\":512,\"height\":512,\"caption\":\"Radio Ljubu\u0161ki\"},\"image\":{\"@id\":\"https:\\\/\\\/radioljubuski.ba\\\/#\\\/schema\\\/logo\\\/image\\\/\"},\"sameAs\":[\"https:\\\/\\\/www.facebook.com\\\/Radiio-Ljubuski-1490835324566332\",\"https:\\\/\\\/x.com\\\/radioljubuski\",\"https:\\\/\\\/hr.linkedin.com\\\/company\\\/radio-ljubuski\",\"https:\\\/\\\/www.youtube.com\\\/channel\\\/UCHYaeO_n0Db3tjNGudGpXyw\"]},{\"@type\":\"Person\",\"@id\":\"https:\\\/\\\/radioljubuski.ba\\\/#\\\/schema\\\/person\\\/19fc700381a780f69665d7956c469e3b\",\"name\":\"Radio Ljubu\u0161ki\"}]}<\/script>\n<!-- \/ Yoast SEO plugin. -->","yoast_head_json":{"title":"Putna ljekarna: Pro\u010ditajte popis stvari koje morate ponijeti sa sobom na odmor - RADIO LJUBU\u0160KI","robots":{"index":"index","follow":"follow","max-snippet":"max-snippet:-1","max-image-preview":"max-image-preview:large","max-video-preview":"max-video-preview:-1"},"canonical":"https:\/\/radioljubuski.ba\/index.php\/2022\/06\/27\/putna-ljekarna-procitajte-popis-stvari-koje-morate-ponijeti-sa-sobom-na-odmor\/","og_locale":"hr_HR","og_type":"article","og_title":"Putna ljekarna: Pro\u010ditajte popis stvari koje morate ponijeti sa sobom na odmor - RADIO LJUBU\u0160KI","og_description":"Svako putovanje sa sobom nosi rizik od potencijalnih zdravstvenih problema uslijed promjene klime, nadmorske visine, vremenske zone ili vrste vode i hrane. Da bi situaciju lak\u0161e prebrodili po\u017eeljno je da sa sobom nosimo lijekove i preparate koji \u0107e nam olak\u0161ati eventualno pogor\u0161ano stanje, navode iz Instituta za zdravlje i sigurnost hrane Zenica (INZ). Na put [&hellip;]","og_url":"https:\/\/radioljubuski.ba\/index.php\/2022\/06\/27\/putna-ljekarna-procitajte-popis-stvari-koje-morate-ponijeti-sa-sobom-na-odmor\/","og_site_name":"RADIO LJUBU\u0160KI","article_publisher":"https:\/\/www.facebook.com\/Radiio-Ljubuski-1490835324566332","article_published_time":"2022-06-27T09:34:15+00:00","article_modified_time":"2022-06-27T09:34:16+00:00","og_image":[{"width":1000,"height":625,"url":"https:\/\/radioljubuski.ba\/wp-content\/uploads\/2022\/06\/8-2022-06-27-08-23-04-putna-ljekarna.jpg","type":"image\/jpeg"}],"author":"Radio Ljubu\u0161ki","twitter_card":"summary_large_image","twitter_creator":"@radioljubuski","twitter_site":"@radioljubuski","twitter_misc":{"Napisao\/la":"Radio Ljubu\u0161ki","Procijenjeno vrijeme \u010ditanja":"3 minute"},"schema":{"@context":"https:\/\/schema.org","@graph":[{"@type":"Article","@id":"https:\/\/radioljubuski.ba\/index.php\/2022\/06\/27\/putna-ljekarna-procitajte-popis-stvari-koje-morate-ponijeti-sa-sobom-na-odmor\/#article","isPartOf":{"@id":"https:\/\/radioljubuski.ba\/index.php\/2022\/06\/27\/putna-ljekarna-procitajte-popis-stvari-koje-morate-ponijeti-sa-sobom-na-odmor\/"},"author":{"name":"Radio Ljubu\u0161ki","@id":"https:\/\/radioljubuski.ba\/#\/schema\/person\/19fc700381a780f69665d7956c469e3b"},"headline":"Putna ljekarna: Pro\u010ditajte popis stvari koje morate ponijeti sa sobom na odmor","datePublished":"2022-06-27T09:34:15+00:00","dateModified":"2022-06-27T09:34:16+00:00","mainEntityOfPage":{"@id":"https:\/\/radioljubuski.ba\/index.php\/2022\/06\/27\/putna-ljekarna-procitajte-popis-stvari-koje-morate-ponijeti-sa-sobom-na-odmor\/"},"wordCount":797,"publisher":{"@id":"https:\/\/radioljubuski.ba\/#organization"},"image":{"@id":"https:\/\/radioljubuski.ba\/index.php\/2022\/06\/27\/putna-ljekarna-procitajte-popis-stvari-koje-morate-ponijeti-sa-sobom-na-odmor\/#primaryimage"},"thumbnailUrl":"https:\/\/radioljubuski.ba\/wp-content\/uploads\/2022\/06\/8-2022-06-27-08-23-04-putna-ljekarna.jpg","articleSection":["BIH i regija"],"inLanguage":"hr"},{"@type":"WebPage","@id":"https:\/\/radioljubuski.ba\/index.php\/2022\/06\/27\/putna-ljekarna-procitajte-popis-stvari-koje-morate-ponijeti-sa-sobom-na-odmor\/","url":"https:\/\/radioljubuski.ba\/index.php\/2022\/06\/27\/putna-ljekarna-procitajte-popis-stvari-koje-morate-ponijeti-sa-sobom-na-odmor\/","name":"Putna ljekarna: Pro\u010ditajte popis stvari koje morate ponijeti sa sobom na odmor - RADIO LJUBU\u0160KI","isPartOf":{"@id":"https:\/\/radioljubuski.ba\/#website"},"primaryImageOfPage":{"@id":"https:\/\/radioljubuski.ba\/index.php\/2022\/06\/27\/putna-ljekarna-procitajte-popis-stvari-koje-morate-ponijeti-sa-sobom-na-odmor\/#primaryimage"},"image":{"@id":"https:\/\/radioljubuski.ba\/index.php\/2022\/06\/27\/putna-ljekarna-procitajte-popis-stvari-koje-morate-ponijeti-sa-sobom-na-odmor\/#primaryimage"},"thumbnailUrl":"https:\/\/radioljubuski.ba\/wp-content\/uploads\/2022\/06\/8-2022-06-27-08-23-04-putna-ljekarna.jpg","datePublished":"2022-06-27T09:34:15+00:00","dateModified":"2022-06-27T09:34:16+00:00","breadcrumb":{"@id":"https:\/\/radioljubuski.ba\/index.php\/2022\/06\/27\/putna-ljekarna-procitajte-popis-stvari-koje-morate-ponijeti-sa-sobom-na-odmor\/#breadcrumb"},"inLanguage":"hr","potentialAction":[{"@type":"ReadAction","target":["https:\/\/radioljubuski.ba\/index.php\/2022\/06\/27\/putna-ljekarna-procitajte-popis-stvari-koje-morate-ponijeti-sa-sobom-na-odmor\/"]}]},{"@type":"ImageObject","inLanguage":"hr","@id":"https:\/\/radioljubuski.ba\/index.php\/2022\/06\/27\/putna-ljekarna-procitajte-popis-stvari-koje-morate-ponijeti-sa-sobom-na-odmor\/#primaryimage","url":"https:\/\/radioljubuski.ba\/wp-content\/uploads\/2022\/06\/8-2022-06-27-08-23-04-putna-ljekarna.jpg","contentUrl":"https:\/\/radioljubuski.ba\/wp-content\/uploads\/2022\/06\/8-2022-06-27-08-23-04-putna-ljekarna.jpg","width":1000,"height":625},{"@type":"BreadcrumbList","@id":"https:\/\/radioljubuski.ba\/index.php\/2022\/06\/27\/putna-ljekarna-procitajte-popis-stvari-koje-morate-ponijeti-sa-sobom-na-odmor\/#breadcrumb","itemListElement":[{"@type":"ListItem","position":1,"name":"Po\u010detna stranica","item":"https:\/\/radioljubuski.ba\/"},{"@type":"ListItem","position":2,"name":"Putna ljekarna: Pro\u010ditajte popis stvari koje morate ponijeti sa sobom na odmor"}]},{"@type":"WebSite","@id":"https:\/\/radioljubuski.ba\/#website","url":"https:\/\/radioljubuski.ba\/","name":"Radio Ljubu\u0161ki","description":"Sun\u010dana frekvencija Hercegovine","publisher":{"@id":"https:\/\/radioljubuski.ba\/#organization"},"potentialAction":[{"@type":"SearchAction","target":{"@type":"EntryPoint","urlTemplate":"https:\/\/radioljubuski.ba\/?s={search_term_string}"},"query-input":{"@type":"PropertyValueSpecification","valueRequired":true,"valueName":"search_term_string"}}],"inLanguage":"hr"},{"@type":"Organization","@id":"https:\/\/radioljubuski.ba\/#organization","name":"Radio Ljubu\u0161ki","url":"https:\/\/radioljubuski.ba\/","logo":{"@type":"ImageObject","inLanguage":"hr","@id":"https:\/\/radioljubuski.ba\/#\/schema\/logo\/image\/","url":"https:\/\/radioljubuski.ba\/wp-content\/uploads\/2021\/02\/cropped-Radio_Ljubuski_logo1.jpg","contentUrl":"https:\/\/radioljubuski.ba\/wp-content\/uploads\/2021\/02\/cropped-Radio_Ljubuski_logo1.jpg","width":512,"height":512,"caption":"Radio Ljubu\u0161ki"},"image":{"@id":"https:\/\/radioljubuski.ba\/#\/schema\/logo\/image\/"},"sameAs":["https:\/\/www.facebook.com\/Radiio-Ljubuski-1490835324566332","https:\/\/x.com\/radioljubuski","https:\/\/hr.linkedin.com\/company\/radio-ljubuski","https:\/\/www.youtube.com\/channel\/UCHYaeO_n0Db3tjNGudGpXyw"]},{"@type":"Person","@id":"https:\/\/radioljubuski.ba\/#\/schema\/person\/19fc700381a780f69665d7956c469e3b","name":"Radio Ljubu\u0161ki"}]}},"_links":{"self":[{"href":"https:\/\/radioljubuski.ba\/index.php\/wp-json\/wp\/v2\/posts\/153928","targetHints":{"allow":["GET"]}}],"collection":[{"href":"https:\/\/radioljubuski.ba\/index.php\/wp-json\/wp\/v2\/posts"}],"about":[{"href":"https:\/\/radioljubuski.ba\/index.php\/wp-json\/wp\/v2\/types\/post"}],"author":[{"embeddable":true,"href":"https:\/\/radioljubuski.ba\/index.php\/wp-json\/wp\/v2\/users\/2"}],"replies":[{"embeddable":true,"href":"https:\/\/radioljubuski.ba\/index.php\/wp-json\/wp\/v2\/comments?post=153928"}],"version-history":[{"count":1,"href":"https:\/\/radioljubuski.ba\/index.php\/wp-json\/wp\/v2\/posts\/153928\/revisions"}],"predecessor-version":[{"id":153930,"href":"https:\/\/radioljubuski.ba\/index.php\/wp-json\/wp\/v2\/posts\/153928\/revisions\/153930"}],"wp:featuredmedia":[{"embeddable":true,"href":"https:\/\/radioljubuski.ba\/index.php\/wp-json\/wp\/v2\/media\/153929"}],"wp:attachment":[{"href":"https:\/\/radioljubuski.ba\/index.php\/wp-json\/wp\/v2\/media?parent=153928"}],"wp:term":[{"taxonomy":"category","embeddable":true,"href":"https:\/\/radioljubuski.ba\/index.php\/wp-json\/wp\/v2\/categories?post=153928"},{"taxonomy":"post_tag","embeddable":true,"href":"https:\/\/radioljubuski.ba\/index.php\/wp-json\/wp\/v2\/tags?post=153928"}],"curies":[{"name":"wp","href":"https:\/\/api.w.org\/{rel}","templated":true}]}}