{"id":153936,"date":"2022-06-27T10:37:44","date_gmt":"2022-06-27T09:37:44","guid":{"rendered":"https:\/\/radioljubuski.ba\/?p=153936"},"modified":"2022-06-27T10:39:22","modified_gmt":"2022-06-27T09:39:22","slug":"mediterranean-best-dance-fantasticni-rezultati-za-b-dance-iz-mostara","status":"publish","type":"post","link":"https:\/\/radioljubuski.ba\/index.php\/2022\/06\/27\/mediterranean-best-dance-fantasticni-rezultati-za-b-dance-iz-mostara\/","title":{"rendered":"\u201cMediterranean best dance\u201c: Fantasti\u010dni rezultati za B-Dance iz Mostara"},"content":{"rendered":"\n<p>Plesni studio B-Dance iz Mostara jo\u0161 je jedanput potvrdio svoju plesnu izvrsnost. Naime, u Baru u sportskoj dvorani \u201eTopolica\u201c od 25.6. do 26.6. 2022. godine odr\u017ealo se \u00a0veliko internacionalno plesno natjecanje pod nazivom \u201cMediterranean best dance\u201c.<\/p>\n\n\n\n<figure class=\"wp-block-image\"><img decoding=\"async\" src=\"https:\/\/storage.pogled.ba\/images\/e003\/3b0d\/230050\/original\/8-2022-06-27-09-07-42-IMG-20220626-WA0008.jpg\" alt=\"\"\/><\/figure>\n\n\n\n<p>Ovo internacionalno plesno natjecanje poznato je po velikom broju sudionika pa je tako i ove godine trajalo dva dana, a sudjelovali su plesa\u010di iz Gr\u010dke, Hrvatske, Crne Gore, Makedonije, Rusije, Srbije, Bosne i Hercegovine &#8230;<\/p>\n\n\n\n<figure class=\"wp-block-image\"><img decoding=\"async\" src=\"https:\/\/storage.pogled.ba\/images\/0149\/dd31\/230052\/original\/8-2022-06-27-09-07-42-IMG-20220626-WA0005.jpg\" alt=\"\"\/><\/figure>\n\n\n\n<p>Mostarski plesa\u010di iz plesnog studija B-Dance tako\u0111er su uzeli svoje u\u010de\u0161\u0107e na istom i ostvarili fantasti\u010dne rezultate.\u00a0<\/p>\n\n\n\n<figure class=\"wp-block-image\"><img decoding=\"async\" src=\"https:\/\/storage.pogled.ba\/images\/42db\/6ea5\/230053\/original\/8-2022-06-27-09-07-42-IMG-20220626-WA0001.jpg\" alt=\"\"\/><\/figure>\n\n\n\n<p>Natjecali su se &nbsp;sa \u010detiri koreografije u kategoriji street show i break dance te ostvarili slijede\u0107e rezultate: &nbsp; &nbsp; &nbsp; &nbsp;<\/p>\n\n\n\n<p>1.mjesto street show grupa djeca \u201eTik tok\u201c<\/p>\n\n\n\n<p>1.mjesto street show grupa juniori \u201eGeneration Z\u201c<\/p>\n\n\n\n<p>1.mjesto Break dance grupa juniori \u201eBboys\u201c<\/p>\n\n\n\n<p>1. mjesto street show formacija odrasli \u201eBasketball\u201c<\/p>\n\n\n\n<p><br>\u201eOvi uspjesi na internacionalnom natjecanju u Baru veliko su priznanje za na\u0161 klub, ali i odli\u010dan zavr\u0161etak ove plesne sezone na koju smo iznimno ponosni jer su \u00a0iza nas \u00a0brojni uspje\u0161ni projekti od kojih izdvajamo \u00a0veliki spektakularni koncert \u201e Betlehemsko svjetlo\u201c, klubsko natjecanje \u201eJa-koreograf\u201c, Street show za mladu \u00a0sugra\u0111anku Ivu \u0160unji\u0107, Mini Disco u parku Zrinjevac, snimanje video spotova i autorskih pjesama te nastupi na svim va\u017enijim kulturnim i sportskim doga\u0111ajima Grada Mostara kao i odlasci na brojna doma\u0107a i me\u0111unarodna natjecanja na kojima smo tako\u0111er ostvarili fantasti\u010dne rezultate.<\/p>\n\n\n\n<figure class=\"wp-block-image\"><img decoding=\"async\" src=\"https:\/\/storage.pogled.ba\/images\/84bd\/8231\/230054\/original\/8-2022-06-27-09-07-42-IMG-20220626-WA0003.jpg\" alt=\"\"\/><\/figure>\n\n\n\n<p>Da plesni studio B-Dance pomjera granice i predstavlja va\u017eno kulturolo\u0161ko i umjetni\u010dko nadahnu\u0107e u Hercegovini dokazali smo i ove plesne sezone jer smo u na\u0161 Grad Mostar donijeli fran\u0161izni glazbeni program po Bim Bam metodi za bebe i djecu i pru\u017eili mogu\u0107nost da s nama zaple\u0161u i zapjevaju bebe ve\u0107 od 6 mjeseci starosti na veliku radost brojnih roditelja i njihove dje\u010dice, ali tu su bile i mnoge druge klubske aktivnosti za djecu i mlade odgojno obrazovnog karaktera.<\/p>\n\n\n\n<figure class=\"wp-block-image\"><img decoding=\"async\" src=\"https:\/\/storage.pogled.ba\/images\/e696\/71b9\/230055\/original\/8-2022-06-27-09-07-42-IMG-20220626-WA0004.jpg\" alt=\"\"\/><\/figure>\n\n\n\n<p>Dalje \u0161to nam slijedi jeste revijalni nastup na Mostarskom ljetu i zavr\u0161ni radovi na novim video spotovima nakon \u010dega odlazimo na zaslu\u017eeni ljetni raspust. Ovom prilikom \u017eelimo se zahvaliti svim na\u0161im plesa\u010dima na marljivom i ustrajnom radu, njihovim roditeljima na velikoj podr\u0161ci kao i na\u0161im trenerima Kristini, Borisu, \u017deljki, Toniju i Tinu na velikom zalaganju i trudu kroz cijelu plesnu sezonu.<\/p>\n\n\n\n<figure class=\"wp-block-image\"><img decoding=\"async\" src=\"https:\/\/storage.pogled.ba\/images\/7589\/c15a\/230056\/original\/8-2022-06-27-09-07-42-IMG_20220625_154724_1.jpg\" alt=\"\"\/><\/figure>\n\n\n\n<p>Svi koji \u017eele biti dio na\u0161e glazbeno-plesne pri\u010de pratite nas jer uskoro kre\u0107u upisi u novu 2022.\/2023. sezonu.\u201cpriop\u0107eno je iz plesnog studija B-Dance.\u00a0<\/p>\n\n\n\n<figure class=\"wp-block-image\"><img decoding=\"async\" src=\"https:\/\/storage.pogled.ba\/images\/e003\/3b0d\/230050\/original\/8-2022-06-27-09-07-42-IMG-20220626-WA0008.jpg\" alt=\"\"\/><\/figure>\n\n\n\n<p>Izvor.pogled.ba<\/p>\n","protected":false},"excerpt":{"rendered":"<p>Plesni studio B-Dance iz Mostara jo\u0161 je jedanput potvrdio svoju plesnu izvrsnost. Naime, u Baru u sportskoj dvorani \u201eTopolica\u201c od 25.6. do 26.6. 2022. godine odr\u017ealo se \u00a0veliko internacionalno plesno natjecanje pod nazivom \u201cMediterranean best dance\u201c. Ovo internacionalno plesno natjecanje poznato je po velikom broju sudionika pa je tako i ove godine trajalo dva dana, [&hellip;]<\/p>\n","protected":false},"author":2,"featured_media":153937,"comment_status":"closed","ping_status":"closed","sticky":false,"template":"","format":"standard","meta":{"h5ap_radio_sources":[],"footnotes":""},"categories":[1],"tags":[],"class_list":["post-153936","post","type-post","status-publish","format-standard","has-post-thumbnail","hentry","category-bihiregija"],"yoast_head":"<!-- This site is optimized with the Yoast SEO plugin v27.5 - https:\/\/yoast.com\/product\/yoast-seo-wordpress\/ -->\n<title>\u201cMediterranean best dance\u201c: Fantasti\u010dni rezultati za B-Dance iz Mostara - RADIO LJUBU\u0160KI<\/title>\n<meta name=\"robots\" content=\"index, follow, max-snippet:-1, max-image-preview:large, max-video-preview:-1\" \/>\n<link rel=\"canonical\" href=\"https:\/\/radioljubuski.ba\/index.php\/2022\/06\/27\/mediterranean-best-dance-fantasticni-rezultati-za-b-dance-iz-mostara\/\" \/>\n<meta property=\"og:locale\" content=\"hr_HR\" \/>\n<meta property=\"og:type\" content=\"article\" \/>\n<meta property=\"og:title\" content=\"\u201cMediterranean best dance\u201c: Fantasti\u010dni rezultati za B-Dance iz Mostara - RADIO LJUBU\u0160KI\" \/>\n<meta property=\"og:description\" content=\"Plesni studio B-Dance iz Mostara jo\u0161 je jedanput potvrdio svoju plesnu izvrsnost. Naime, u Baru u sportskoj dvorani \u201eTopolica\u201c od 25.6. do 26.6. 2022. godine odr\u017ealo se \u00a0veliko internacionalno plesno natjecanje pod nazivom \u201cMediterranean best dance\u201c. Ovo internacionalno plesno natjecanje poznato je po velikom broju sudionika pa je tako i ove godine trajalo dva dana, [&hellip;]\" \/>\n<meta property=\"og:url\" content=\"https:\/\/radioljubuski.ba\/index.php\/2022\/06\/27\/mediterranean-best-dance-fantasticni-rezultati-za-b-dance-iz-mostara\/\" \/>\n<meta property=\"og:site_name\" content=\"RADIO LJUBU\u0160KI\" \/>\n<meta property=\"article:publisher\" content=\"https:\/\/www.facebook.com\/Radiio-Ljubuski-1490835324566332\" \/>\n<meta property=\"article:published_time\" content=\"2022-06-27T09:37:44+00:00\" \/>\n<meta property=\"article:modified_time\" content=\"2022-06-27T09:39:22+00:00\" \/>\n<meta property=\"og:image\" content=\"https:\/\/radioljubuski.ba\/wp-content\/uploads\/2022\/06\/8-2022-06-27-09-07-42-IMG-20220627-WA0005.jpg\" \/>\n\t<meta property=\"og:image:width\" content=\"1000\" \/>\n\t<meta property=\"og:image:height\" content=\"625\" \/>\n\t<meta property=\"og:image:type\" content=\"image\/jpeg\" \/>\n<meta name=\"author\" content=\"Radio Ljubu\u0161ki\" \/>\n<meta name=\"twitter:card\" content=\"summary_large_image\" \/>\n<meta name=\"twitter:creator\" content=\"@radioljubuski\" \/>\n<meta name=\"twitter:site\" content=\"@radioljubuski\" \/>\n<meta name=\"twitter:label1\" content=\"Napisao\/la\" \/>\n\t<meta name=\"twitter:data1\" content=\"Radio Ljubu\u0161ki\" \/>\n\t<meta name=\"twitter:label2\" content=\"Procijenjeno vrijeme \u010ditanja\" \/>\n\t<meta name=\"twitter:data2\" content=\"4 minute\" \/>\n<script type=\"application\/ld+json\" class=\"yoast-schema-graph\">{\"@context\":\"https:\\\/\\\/schema.org\",\"@graph\":[{\"@type\":\"Article\",\"@id\":\"https:\\\/\\\/radioljubuski.ba\\\/index.php\\\/2022\\\/06\\\/27\\\/mediterranean-best-dance-fantasticni-rezultati-za-b-dance-iz-mostara\\\/#article\",\"isPartOf\":{\"@id\":\"https:\\\/\\\/radioljubuski.ba\\\/index.php\\\/2022\\\/06\\\/27\\\/mediterranean-best-dance-fantasticni-rezultati-za-b-dance-iz-mostara\\\/\"},\"author\":{\"name\":\"Radio Ljubu\u0161ki\",\"@id\":\"https:\\\/\\\/radioljubuski.ba\\\/#\\\/schema\\\/person\\\/19fc700381a780f69665d7956c469e3b\"},\"headline\":\"\u201cMediterranean best dance\u201c: Fantasti\u010dni rezultati za B-Dance iz Mostara\",\"datePublished\":\"2022-06-27T09:37:44+00:00\",\"dateModified\":\"2022-06-27T09:39:22+00:00\",\"mainEntityOfPage\":{\"@id\":\"https:\\\/\\\/radioljubuski.ba\\\/index.php\\\/2022\\\/06\\\/27\\\/mediterranean-best-dance-fantasticni-rezultati-za-b-dance-iz-mostara\\\/\"},\"wordCount\":432,\"publisher\":{\"@id\":\"https:\\\/\\\/radioljubuski.ba\\\/#organization\"},\"image\":{\"@id\":\"https:\\\/\\\/radioljubuski.ba\\\/index.php\\\/2022\\\/06\\\/27\\\/mediterranean-best-dance-fantasticni-rezultati-za-b-dance-iz-mostara\\\/#primaryimage\"},\"thumbnailUrl\":\"https:\\\/\\\/radioljubuski.ba\\\/wp-content\\\/uploads\\\/2022\\\/06\\\/8-2022-06-27-09-07-42-IMG-20220627-WA0005.jpg\",\"articleSection\":[\"BIH i regija\"],\"inLanguage\":\"hr\"},{\"@type\":\"WebPage\",\"@id\":\"https:\\\/\\\/radioljubuski.ba\\\/index.php\\\/2022\\\/06\\\/27\\\/mediterranean-best-dance-fantasticni-rezultati-za-b-dance-iz-mostara\\\/\",\"url\":\"https:\\\/\\\/radioljubuski.ba\\\/index.php\\\/2022\\\/06\\\/27\\\/mediterranean-best-dance-fantasticni-rezultati-za-b-dance-iz-mostara\\\/\",\"name\":\"\u201cMediterranean best dance\u201c: Fantasti\u010dni rezultati za B-Dance iz Mostara - RADIO LJUBU\u0160KI\",\"isPartOf\":{\"@id\":\"https:\\\/\\\/radioljubuski.ba\\\/#website\"},\"primaryImageOfPage\":{\"@id\":\"https:\\\/\\\/radioljubuski.ba\\\/index.php\\\/2022\\\/06\\\/27\\\/mediterranean-best-dance-fantasticni-rezultati-za-b-dance-iz-mostara\\\/#primaryimage\"},\"image\":{\"@id\":\"https:\\\/\\\/radioljubuski.ba\\\/index.php\\\/2022\\\/06\\\/27\\\/mediterranean-best-dance-fantasticni-rezultati-za-b-dance-iz-mostara\\\/#primaryimage\"},\"thumbnailUrl\":\"https:\\\/\\\/radioljubuski.ba\\\/wp-content\\\/uploads\\\/2022\\\/06\\\/8-2022-06-27-09-07-42-IMG-20220627-WA0005.jpg\",\"datePublished\":\"2022-06-27T09:37:44+00:00\",\"dateModified\":\"2022-06-27T09:39:22+00:00\",\"breadcrumb\":{\"@id\":\"https:\\\/\\\/radioljubuski.ba\\\/index.php\\\/2022\\\/06\\\/27\\\/mediterranean-best-dance-fantasticni-rezultati-za-b-dance-iz-mostara\\\/#breadcrumb\"},\"inLanguage\":\"hr\",\"potentialAction\":[{\"@type\":\"ReadAction\",\"target\":[\"https:\\\/\\\/radioljubuski.ba\\\/index.php\\\/2022\\\/06\\\/27\\\/mediterranean-best-dance-fantasticni-rezultati-za-b-dance-iz-mostara\\\/\"]}]},{\"@type\":\"ImageObject\",\"inLanguage\":\"hr\",\"@id\":\"https:\\\/\\\/radioljubuski.ba\\\/index.php\\\/2022\\\/06\\\/27\\\/mediterranean-best-dance-fantasticni-rezultati-za-b-dance-iz-mostara\\\/#primaryimage\",\"url\":\"https:\\\/\\\/radioljubuski.ba\\\/wp-content\\\/uploads\\\/2022\\\/06\\\/8-2022-06-27-09-07-42-IMG-20220627-WA0005.jpg\",\"contentUrl\":\"https:\\\/\\\/radioljubuski.ba\\\/wp-content\\\/uploads\\\/2022\\\/06\\\/8-2022-06-27-09-07-42-IMG-20220627-WA0005.jpg\",\"width\":1000,\"height\":625},{\"@type\":\"BreadcrumbList\",\"@id\":\"https:\\\/\\\/radioljubuski.ba\\\/index.php\\\/2022\\\/06\\\/27\\\/mediterranean-best-dance-fantasticni-rezultati-za-b-dance-iz-mostara\\\/#breadcrumb\",\"itemListElement\":[{\"@type\":\"ListItem\",\"position\":1,\"name\":\"Po\u010detna stranica\",\"item\":\"https:\\\/\\\/radioljubuski.ba\\\/\"},{\"@type\":\"ListItem\",\"position\":2,\"name\":\"\u201cMediterranean best dance\u201c: Fantasti\u010dni rezultati za B-Dance iz Mostara\"}]},{\"@type\":\"WebSite\",\"@id\":\"https:\\\/\\\/radioljubuski.ba\\\/#website\",\"url\":\"https:\\\/\\\/radioljubuski.ba\\\/\",\"name\":\"Radio Ljubu\u0161ki\",\"description\":\"Sun\u010dana frekvencija Hercegovine\",\"publisher\":{\"@id\":\"https:\\\/\\\/radioljubuski.ba\\\/#organization\"},\"potentialAction\":[{\"@type\":\"SearchAction\",\"target\":{\"@type\":\"EntryPoint\",\"urlTemplate\":\"https:\\\/\\\/radioljubuski.ba\\\/?s={search_term_string}\"},\"query-input\":{\"@type\":\"PropertyValueSpecification\",\"valueRequired\":true,\"valueName\":\"search_term_string\"}}],\"inLanguage\":\"hr\"},{\"@type\":\"Organization\",\"@id\":\"https:\\\/\\\/radioljubuski.ba\\\/#organization\",\"name\":\"Radio Ljubu\u0161ki\",\"url\":\"https:\\\/\\\/radioljubuski.ba\\\/\",\"logo\":{\"@type\":\"ImageObject\",\"inLanguage\":\"hr\",\"@id\":\"https:\\\/\\\/radioljubuski.ba\\\/#\\\/schema\\\/logo\\\/image\\\/\",\"url\":\"https:\\\/\\\/radioljubuski.ba\\\/wp-content\\\/uploads\\\/2021\\\/02\\\/cropped-Radio_Ljubuski_logo1.jpg\",\"contentUrl\":\"https:\\\/\\\/radioljubuski.ba\\\/wp-content\\\/uploads\\\/2021\\\/02\\\/cropped-Radio_Ljubuski_logo1.jpg\",\"width\":512,\"height\":512,\"caption\":\"Radio Ljubu\u0161ki\"},\"image\":{\"@id\":\"https:\\\/\\\/radioljubuski.ba\\\/#\\\/schema\\\/logo\\\/image\\\/\"},\"sameAs\":[\"https:\\\/\\\/www.facebook.com\\\/Radiio-Ljubuski-1490835324566332\",\"https:\\\/\\\/x.com\\\/radioljubuski\",\"https:\\\/\\\/hr.linkedin.com\\\/company\\\/radio-ljubuski\",\"https:\\\/\\\/www.youtube.com\\\/channel\\\/UCHYaeO_n0Db3tjNGudGpXyw\"]},{\"@type\":\"Person\",\"@id\":\"https:\\\/\\\/radioljubuski.ba\\\/#\\\/schema\\\/person\\\/19fc700381a780f69665d7956c469e3b\",\"name\":\"Radio Ljubu\u0161ki\"}]}<\/script>\n<!-- \/ Yoast SEO plugin. -->","yoast_head_json":{"title":"\u201cMediterranean best dance\u201c: Fantasti\u010dni rezultati za B-Dance iz Mostara - RADIO LJUBU\u0160KI","robots":{"index":"index","follow":"follow","max-snippet":"max-snippet:-1","max-image-preview":"max-image-preview:large","max-video-preview":"max-video-preview:-1"},"canonical":"https:\/\/radioljubuski.ba\/index.php\/2022\/06\/27\/mediterranean-best-dance-fantasticni-rezultati-za-b-dance-iz-mostara\/","og_locale":"hr_HR","og_type":"article","og_title":"\u201cMediterranean best dance\u201c: Fantasti\u010dni rezultati za B-Dance iz Mostara - RADIO LJUBU\u0160KI","og_description":"Plesni studio B-Dance iz Mostara jo\u0161 je jedanput potvrdio svoju plesnu izvrsnost. Naime, u Baru u sportskoj dvorani \u201eTopolica\u201c od 25.6. do 26.6. 2022. godine odr\u017ealo se \u00a0veliko internacionalno plesno natjecanje pod nazivom \u201cMediterranean best dance\u201c. Ovo internacionalno plesno natjecanje poznato je po velikom broju sudionika pa je tako i ove godine trajalo dva dana, [&hellip;]","og_url":"https:\/\/radioljubuski.ba\/index.php\/2022\/06\/27\/mediterranean-best-dance-fantasticni-rezultati-za-b-dance-iz-mostara\/","og_site_name":"RADIO LJUBU\u0160KI","article_publisher":"https:\/\/www.facebook.com\/Radiio-Ljubuski-1490835324566332","article_published_time":"2022-06-27T09:37:44+00:00","article_modified_time":"2022-06-27T09:39:22+00:00","og_image":[{"width":1000,"height":625,"url":"https:\/\/radioljubuski.ba\/wp-content\/uploads\/2022\/06\/8-2022-06-27-09-07-42-IMG-20220627-WA0005.jpg","type":"image\/jpeg"}],"author":"Radio Ljubu\u0161ki","twitter_card":"summary_large_image","twitter_creator":"@radioljubuski","twitter_site":"@radioljubuski","twitter_misc":{"Napisao\/la":"Radio Ljubu\u0161ki","Procijenjeno vrijeme \u010ditanja":"4 minute"},"schema":{"@context":"https:\/\/schema.org","@graph":[{"@type":"Article","@id":"https:\/\/radioljubuski.ba\/index.php\/2022\/06\/27\/mediterranean-best-dance-fantasticni-rezultati-za-b-dance-iz-mostara\/#article","isPartOf":{"@id":"https:\/\/radioljubuski.ba\/index.php\/2022\/06\/27\/mediterranean-best-dance-fantasticni-rezultati-za-b-dance-iz-mostara\/"},"author":{"name":"Radio Ljubu\u0161ki","@id":"https:\/\/radioljubuski.ba\/#\/schema\/person\/19fc700381a780f69665d7956c469e3b"},"headline":"\u201cMediterranean best dance\u201c: Fantasti\u010dni rezultati za B-Dance iz Mostara","datePublished":"2022-06-27T09:37:44+00:00","dateModified":"2022-06-27T09:39:22+00:00","mainEntityOfPage":{"@id":"https:\/\/radioljubuski.ba\/index.php\/2022\/06\/27\/mediterranean-best-dance-fantasticni-rezultati-za-b-dance-iz-mostara\/"},"wordCount":432,"publisher":{"@id":"https:\/\/radioljubuski.ba\/#organization"},"image":{"@id":"https:\/\/radioljubuski.ba\/index.php\/2022\/06\/27\/mediterranean-best-dance-fantasticni-rezultati-za-b-dance-iz-mostara\/#primaryimage"},"thumbnailUrl":"https:\/\/radioljubuski.ba\/wp-content\/uploads\/2022\/06\/8-2022-06-27-09-07-42-IMG-20220627-WA0005.jpg","articleSection":["BIH i regija"],"inLanguage":"hr"},{"@type":"WebPage","@id":"https:\/\/radioljubuski.ba\/index.php\/2022\/06\/27\/mediterranean-best-dance-fantasticni-rezultati-za-b-dance-iz-mostara\/","url":"https:\/\/radioljubuski.ba\/index.php\/2022\/06\/27\/mediterranean-best-dance-fantasticni-rezultati-za-b-dance-iz-mostara\/","name":"\u201cMediterranean best dance\u201c: Fantasti\u010dni rezultati za B-Dance iz Mostara - RADIO LJUBU\u0160KI","isPartOf":{"@id":"https:\/\/radioljubuski.ba\/#website"},"primaryImageOfPage":{"@id":"https:\/\/radioljubuski.ba\/index.php\/2022\/06\/27\/mediterranean-best-dance-fantasticni-rezultati-za-b-dance-iz-mostara\/#primaryimage"},"image":{"@id":"https:\/\/radioljubuski.ba\/index.php\/2022\/06\/27\/mediterranean-best-dance-fantasticni-rezultati-za-b-dance-iz-mostara\/#primaryimage"},"thumbnailUrl":"https:\/\/radioljubuski.ba\/wp-content\/uploads\/2022\/06\/8-2022-06-27-09-07-42-IMG-20220627-WA0005.jpg","datePublished":"2022-06-27T09:37:44+00:00","dateModified":"2022-06-27T09:39:22+00:00","breadcrumb":{"@id":"https:\/\/radioljubuski.ba\/index.php\/2022\/06\/27\/mediterranean-best-dance-fantasticni-rezultati-za-b-dance-iz-mostara\/#breadcrumb"},"inLanguage":"hr","potentialAction":[{"@type":"ReadAction","target":["https:\/\/radioljubuski.ba\/index.php\/2022\/06\/27\/mediterranean-best-dance-fantasticni-rezultati-za-b-dance-iz-mostara\/"]}]},{"@type":"ImageObject","inLanguage":"hr","@id":"https:\/\/radioljubuski.ba\/index.php\/2022\/06\/27\/mediterranean-best-dance-fantasticni-rezultati-za-b-dance-iz-mostara\/#primaryimage","url":"https:\/\/radioljubuski.ba\/wp-content\/uploads\/2022\/06\/8-2022-06-27-09-07-42-IMG-20220627-WA0005.jpg","contentUrl":"https:\/\/radioljubuski.ba\/wp-content\/uploads\/2022\/06\/8-2022-06-27-09-07-42-IMG-20220627-WA0005.jpg","width":1000,"height":625},{"@type":"BreadcrumbList","@id":"https:\/\/radioljubuski.ba\/index.php\/2022\/06\/27\/mediterranean-best-dance-fantasticni-rezultati-za-b-dance-iz-mostara\/#breadcrumb","itemListElement":[{"@type":"ListItem","position":1,"name":"Po\u010detna stranica","item":"https:\/\/radioljubuski.ba\/"},{"@type":"ListItem","position":2,"name":"\u201cMediterranean best dance\u201c: Fantasti\u010dni rezultati za B-Dance iz Mostara"}]},{"@type":"WebSite","@id":"https:\/\/radioljubuski.ba\/#website","url":"https:\/\/radioljubuski.ba\/","name":"Radio Ljubu\u0161ki","description":"Sun\u010dana frekvencija Hercegovine","publisher":{"@id":"https:\/\/radioljubuski.ba\/#organization"},"potentialAction":[{"@type":"SearchAction","target":{"@type":"EntryPoint","urlTemplate":"https:\/\/radioljubuski.ba\/?s={search_term_string}"},"query-input":{"@type":"PropertyValueSpecification","valueRequired":true,"valueName":"search_term_string"}}],"inLanguage":"hr"},{"@type":"Organization","@id":"https:\/\/radioljubuski.ba\/#organization","name":"Radio Ljubu\u0161ki","url":"https:\/\/radioljubuski.ba\/","logo":{"@type":"ImageObject","inLanguage":"hr","@id":"https:\/\/radioljubuski.ba\/#\/schema\/logo\/image\/","url":"https:\/\/radioljubuski.ba\/wp-content\/uploads\/2021\/02\/cropped-Radio_Ljubuski_logo1.jpg","contentUrl":"https:\/\/radioljubuski.ba\/wp-content\/uploads\/2021\/02\/cropped-Radio_Ljubuski_logo1.jpg","width":512,"height":512,"caption":"Radio Ljubu\u0161ki"},"image":{"@id":"https:\/\/radioljubuski.ba\/#\/schema\/logo\/image\/"},"sameAs":["https:\/\/www.facebook.com\/Radiio-Ljubuski-1490835324566332","https:\/\/x.com\/radioljubuski","https:\/\/hr.linkedin.com\/company\/radio-ljubuski","https:\/\/www.youtube.com\/channel\/UCHYaeO_n0Db3tjNGudGpXyw"]},{"@type":"Person","@id":"https:\/\/radioljubuski.ba\/#\/schema\/person\/19fc700381a780f69665d7956c469e3b","name":"Radio Ljubu\u0161ki"}]}},"_links":{"self":[{"href":"https:\/\/radioljubuski.ba\/index.php\/wp-json\/wp\/v2\/posts\/153936","targetHints":{"allow":["GET"]}}],"collection":[{"href":"https:\/\/radioljubuski.ba\/index.php\/wp-json\/wp\/v2\/posts"}],"about":[{"href":"https:\/\/radioljubuski.ba\/index.php\/wp-json\/wp\/v2\/types\/post"}],"author":[{"embeddable":true,"href":"https:\/\/radioljubuski.ba\/index.php\/wp-json\/wp\/v2\/users\/2"}],"replies":[{"embeddable":true,"href":"https:\/\/radioljubuski.ba\/index.php\/wp-json\/wp\/v2\/comments?post=153936"}],"version-history":[{"count":3,"href":"https:\/\/radioljubuski.ba\/index.php\/wp-json\/wp\/v2\/posts\/153936\/revisions"}],"predecessor-version":[{"id":153940,"href":"https:\/\/radioljubuski.ba\/index.php\/wp-json\/wp\/v2\/posts\/153936\/revisions\/153940"}],"wp:featuredmedia":[{"embeddable":true,"href":"https:\/\/radioljubuski.ba\/index.php\/wp-json\/wp\/v2\/media\/153937"}],"wp:attachment":[{"href":"https:\/\/radioljubuski.ba\/index.php\/wp-json\/wp\/v2\/media?parent=153936"}],"wp:term":[{"taxonomy":"category","embeddable":true,"href":"https:\/\/radioljubuski.ba\/index.php\/wp-json\/wp\/v2\/categories?post=153936"},{"taxonomy":"post_tag","embeddable":true,"href":"https:\/\/radioljubuski.ba\/index.php\/wp-json\/wp\/v2\/tags?post=153936"}],"curies":[{"name":"wp","href":"https:\/\/api.w.org\/{rel}","templated":true}]}}