{"id":153995,"date":"2022-06-27T11:45:09","date_gmt":"2022-06-27T10:45:09","guid":{"rendered":"https:\/\/radioljubuski.ba\/?p=153995"},"modified":"2022-06-27T11:45:11","modified_gmt":"2022-06-27T10:45:11","slug":"tragedija-mladi-policajac-slucajno-pistoljem-upucao-oca","status":"publish","type":"post","link":"https:\/\/radioljubuski.ba\/index.php\/2022\/06\/27\/tragedija-mladi-policajac-slucajno-pistoljem-upucao-oca\/","title":{"rendered":"Tragedija: Mladi policajac slu\u010dajno pi\u0161toljem upucao oca"},"content":{"rendered":"\n<p>Jeziva tragedija dogodila se u Vr\u0161cu kada je policajac slu\u010dajno iz pi\u0161tolja smrtno ranio oca.<\/p>\n\n\n\n<p>Prema neslu\u017ebenim saznanjima, osumnji\u010deni koji je policajac je slu\u010dajno iz pi\u0161tolja pogodio oca koji je od zadobivenih ozljeda preminuo.<\/p>\n\n\n\n<p>Policijski uvi\u0111aj na mjestu tragedije jo\u0161 uvijek je u tijeku i utvr\u0111uju se sve okolnosti ove tragedije.<\/p>\n\n\n\n<p>Navodno rije\u010d je o mladom policajcu koji je u slu\u017ebi posljednjih nekoliko godina.<\/p>\n\n\n\n<p>Izcor:<a href=\"https:\/\/pogled.ba\/crna-kronika\/tragedija-mladi-policajac-slucajno-pistoljem-upucao-oca\/249186\">Pogled.ba<\/a><\/p>\n","protected":false},"excerpt":{"rendered":"<p>Jeziva tragedija dogodila se u Vr\u0161cu kada je policajac slu\u010dajno iz pi\u0161tolja smrtno ranio oca. Prema neslu\u017ebenim saznanjima, osumnji\u010deni koji je policajac je slu\u010dajno iz pi\u0161tolja pogodio oca koji je od zadobivenih ozljeda preminuo. Policijski uvi\u0111aj na mjestu tragedije jo\u0161 uvijek je u tijeku i utvr\u0111uju se sve okolnosti ove tragedije. Navodno rije\u010d je o [&hellip;]<\/p>\n","protected":false},"author":2,"featured_media":153996,"comment_status":"closed","ping_status":"closed","sticky":false,"template":"","format":"standard","meta":{"h5ap_radio_sources":[],"footnotes":""},"categories":[1],"tags":[],"class_list":["post-153995","post","type-post","status-publish","format-standard","has-post-thumbnail","hentry","category-bihiregija"],"yoast_head":"<!-- This site is optimized with the Yoast SEO plugin v27.5 - https:\/\/yoast.com\/product\/yoast-seo-wordpress\/ -->\n<title>Tragedija: Mladi policajac slu\u010dajno pi\u0161toljem upucao oca - RADIO LJUBU\u0160KI<\/title>\n<meta name=\"robots\" content=\"index, follow, max-snippet:-1, max-image-preview:large, max-video-preview:-1\" \/>\n<link rel=\"canonical\" href=\"https:\/\/radioljubuski.ba\/index.php\/2022\/06\/27\/tragedija-mladi-policajac-slucajno-pistoljem-upucao-oca\/\" \/>\n<meta property=\"og:locale\" content=\"hr_HR\" \/>\n<meta property=\"og:type\" content=\"article\" \/>\n<meta property=\"og:title\" content=\"Tragedija: Mladi policajac slu\u010dajno pi\u0161toljem upucao oca - RADIO LJUBU\u0160KI\" \/>\n<meta property=\"og:description\" content=\"Jeziva tragedija dogodila se u Vr\u0161cu kada je policajac slu\u010dajno iz pi\u0161tolja smrtno ranio oca. Prema neslu\u017ebenim saznanjima, osumnji\u010deni koji je policajac je slu\u010dajno iz pi\u0161tolja pogodio oca koji je od zadobivenih ozljeda preminuo. Policijski uvi\u0111aj na mjestu tragedije jo\u0161 uvijek je u tijeku i utvr\u0111uju se sve okolnosti ove tragedije. Navodno rije\u010d je o [&hellip;]\" \/>\n<meta property=\"og:url\" content=\"https:\/\/radioljubuski.ba\/index.php\/2022\/06\/27\/tragedija-mladi-policajac-slucajno-pistoljem-upucao-oca\/\" \/>\n<meta property=\"og:site_name\" content=\"RADIO LJUBU\u0160KI\" \/>\n<meta property=\"article:publisher\" content=\"https:\/\/www.facebook.com\/Radiio-Ljubuski-1490835324566332\" \/>\n<meta property=\"article:published_time\" content=\"2022-06-27T10:45:09+00:00\" \/>\n<meta property=\"article:modified_time\" content=\"2022-06-27T10:45:11+00:00\" \/>\n<meta property=\"og:image\" content=\"https:\/\/radioljubuski.ba\/wp-content\/uploads\/2022\/06\/2sJWr3OX_policija_auto_oznaka_policajac.jpg\" \/>\n\t<meta property=\"og:image:width\" content=\"1000\" \/>\n\t<meta property=\"og:image:height\" content=\"625\" \/>\n\t<meta property=\"og:image:type\" content=\"image\/jpeg\" \/>\n<meta name=\"author\" content=\"Radio Ljubu\u0161ki\" \/>\n<meta name=\"twitter:card\" content=\"summary_large_image\" \/>\n<meta name=\"twitter:creator\" content=\"@radioljubuski\" \/>\n<meta name=\"twitter:site\" content=\"@radioljubuski\" \/>\n<meta name=\"twitter:label1\" content=\"Napisao\/la\" \/>\n\t<meta name=\"twitter:data1\" content=\"Radio Ljubu\u0161ki\" \/>\n\t<meta name=\"twitter:label2\" content=\"Procijenjeno vrijeme \u010ditanja\" \/>\n\t<meta name=\"twitter:data2\" content=\"1 minuta\" \/>\n<script type=\"application\/ld+json\" class=\"yoast-schema-graph\">{\"@context\":\"https:\\\/\\\/schema.org\",\"@graph\":[{\"@type\":\"Article\",\"@id\":\"https:\\\/\\\/radioljubuski.ba\\\/index.php\\\/2022\\\/06\\\/27\\\/tragedija-mladi-policajac-slucajno-pistoljem-upucao-oca\\\/#article\",\"isPartOf\":{\"@id\":\"https:\\\/\\\/radioljubuski.ba\\\/index.php\\\/2022\\\/06\\\/27\\\/tragedija-mladi-policajac-slucajno-pistoljem-upucao-oca\\\/\"},\"author\":{\"name\":\"Radio Ljubu\u0161ki\",\"@id\":\"https:\\\/\\\/radioljubuski.ba\\\/#\\\/schema\\\/person\\\/19fc700381a780f69665d7956c469e3b\"},\"headline\":\"Tragedija: Mladi policajac slu\u010dajno pi\u0161toljem upucao oca\",\"datePublished\":\"2022-06-27T10:45:09+00:00\",\"dateModified\":\"2022-06-27T10:45:11+00:00\",\"mainEntityOfPage\":{\"@id\":\"https:\\\/\\\/radioljubuski.ba\\\/index.php\\\/2022\\\/06\\\/27\\\/tragedija-mladi-policajac-slucajno-pistoljem-upucao-oca\\\/\"},\"wordCount\":86,\"publisher\":{\"@id\":\"https:\\\/\\\/radioljubuski.ba\\\/#organization\"},\"image\":{\"@id\":\"https:\\\/\\\/radioljubuski.ba\\\/index.php\\\/2022\\\/06\\\/27\\\/tragedija-mladi-policajac-slucajno-pistoljem-upucao-oca\\\/#primaryimage\"},\"thumbnailUrl\":\"https:\\\/\\\/radioljubuski.ba\\\/wp-content\\\/uploads\\\/2022\\\/06\\\/2sJWr3OX_policija_auto_oznaka_policajac.jpg\",\"articleSection\":[\"BIH i regija\"],\"inLanguage\":\"hr\"},{\"@type\":\"WebPage\",\"@id\":\"https:\\\/\\\/radioljubuski.ba\\\/index.php\\\/2022\\\/06\\\/27\\\/tragedija-mladi-policajac-slucajno-pistoljem-upucao-oca\\\/\",\"url\":\"https:\\\/\\\/radioljubuski.ba\\\/index.php\\\/2022\\\/06\\\/27\\\/tragedija-mladi-policajac-slucajno-pistoljem-upucao-oca\\\/\",\"name\":\"Tragedija: Mladi policajac slu\u010dajno pi\u0161toljem upucao oca - RADIO LJUBU\u0160KI\",\"isPartOf\":{\"@id\":\"https:\\\/\\\/radioljubuski.ba\\\/#website\"},\"primaryImageOfPage\":{\"@id\":\"https:\\\/\\\/radioljubuski.ba\\\/index.php\\\/2022\\\/06\\\/27\\\/tragedija-mladi-policajac-slucajno-pistoljem-upucao-oca\\\/#primaryimage\"},\"image\":{\"@id\":\"https:\\\/\\\/radioljubuski.ba\\\/index.php\\\/2022\\\/06\\\/27\\\/tragedija-mladi-policajac-slucajno-pistoljem-upucao-oca\\\/#primaryimage\"},\"thumbnailUrl\":\"https:\\\/\\\/radioljubuski.ba\\\/wp-content\\\/uploads\\\/2022\\\/06\\\/2sJWr3OX_policija_auto_oznaka_policajac.jpg\",\"datePublished\":\"2022-06-27T10:45:09+00:00\",\"dateModified\":\"2022-06-27T10:45:11+00:00\",\"breadcrumb\":{\"@id\":\"https:\\\/\\\/radioljubuski.ba\\\/index.php\\\/2022\\\/06\\\/27\\\/tragedija-mladi-policajac-slucajno-pistoljem-upucao-oca\\\/#breadcrumb\"},\"inLanguage\":\"hr\",\"potentialAction\":[{\"@type\":\"ReadAction\",\"target\":[\"https:\\\/\\\/radioljubuski.ba\\\/index.php\\\/2022\\\/06\\\/27\\\/tragedija-mladi-policajac-slucajno-pistoljem-upucao-oca\\\/\"]}]},{\"@type\":\"ImageObject\",\"inLanguage\":\"hr\",\"@id\":\"https:\\\/\\\/radioljubuski.ba\\\/index.php\\\/2022\\\/06\\\/27\\\/tragedija-mladi-policajac-slucajno-pistoljem-upucao-oca\\\/#primaryimage\",\"url\":\"https:\\\/\\\/radioljubuski.ba\\\/wp-content\\\/uploads\\\/2022\\\/06\\\/2sJWr3OX_policija_auto_oznaka_policajac.jpg\",\"contentUrl\":\"https:\\\/\\\/radioljubuski.ba\\\/wp-content\\\/uploads\\\/2022\\\/06\\\/2sJWr3OX_policija_auto_oznaka_policajac.jpg\",\"width\":1000,\"height\":625},{\"@type\":\"BreadcrumbList\",\"@id\":\"https:\\\/\\\/radioljubuski.ba\\\/index.php\\\/2022\\\/06\\\/27\\\/tragedija-mladi-policajac-slucajno-pistoljem-upucao-oca\\\/#breadcrumb\",\"itemListElement\":[{\"@type\":\"ListItem\",\"position\":1,\"name\":\"Po\u010detna stranica\",\"item\":\"https:\\\/\\\/radioljubuski.ba\\\/\"},{\"@type\":\"ListItem\",\"position\":2,\"name\":\"Tragedija: Mladi policajac slu\u010dajno pi\u0161toljem upucao oca\"}]},{\"@type\":\"WebSite\",\"@id\":\"https:\\\/\\\/radioljubuski.ba\\\/#website\",\"url\":\"https:\\\/\\\/radioljubuski.ba\\\/\",\"name\":\"Radio Ljubu\u0161ki\",\"description\":\"Sun\u010dana frekvencija Hercegovine\",\"publisher\":{\"@id\":\"https:\\\/\\\/radioljubuski.ba\\\/#organization\"},\"potentialAction\":[{\"@type\":\"SearchAction\",\"target\":{\"@type\":\"EntryPoint\",\"urlTemplate\":\"https:\\\/\\\/radioljubuski.ba\\\/?s={search_term_string}\"},\"query-input\":{\"@type\":\"PropertyValueSpecification\",\"valueRequired\":true,\"valueName\":\"search_term_string\"}}],\"inLanguage\":\"hr\"},{\"@type\":\"Organization\",\"@id\":\"https:\\\/\\\/radioljubuski.ba\\\/#organization\",\"name\":\"Radio Ljubu\u0161ki\",\"url\":\"https:\\\/\\\/radioljubuski.ba\\\/\",\"logo\":{\"@type\":\"ImageObject\",\"inLanguage\":\"hr\",\"@id\":\"https:\\\/\\\/radioljubuski.ba\\\/#\\\/schema\\\/logo\\\/image\\\/\",\"url\":\"https:\\\/\\\/radioljubuski.ba\\\/wp-content\\\/uploads\\\/2021\\\/02\\\/cropped-Radio_Ljubuski_logo1.jpg\",\"contentUrl\":\"https:\\\/\\\/radioljubuski.ba\\\/wp-content\\\/uploads\\\/2021\\\/02\\\/cropped-Radio_Ljubuski_logo1.jpg\",\"width\":512,\"height\":512,\"caption\":\"Radio Ljubu\u0161ki\"},\"image\":{\"@id\":\"https:\\\/\\\/radioljubuski.ba\\\/#\\\/schema\\\/logo\\\/image\\\/\"},\"sameAs\":[\"https:\\\/\\\/www.facebook.com\\\/Radiio-Ljubuski-1490835324566332\",\"https:\\\/\\\/x.com\\\/radioljubuski\",\"https:\\\/\\\/hr.linkedin.com\\\/company\\\/radio-ljubuski\",\"https:\\\/\\\/www.youtube.com\\\/channel\\\/UCHYaeO_n0Db3tjNGudGpXyw\"]},{\"@type\":\"Person\",\"@id\":\"https:\\\/\\\/radioljubuski.ba\\\/#\\\/schema\\\/person\\\/19fc700381a780f69665d7956c469e3b\",\"name\":\"Radio Ljubu\u0161ki\"}]}<\/script>\n<!-- \/ Yoast SEO plugin. -->","yoast_head_json":{"title":"Tragedija: Mladi policajac slu\u010dajno pi\u0161toljem upucao oca - RADIO LJUBU\u0160KI","robots":{"index":"index","follow":"follow","max-snippet":"max-snippet:-1","max-image-preview":"max-image-preview:large","max-video-preview":"max-video-preview:-1"},"canonical":"https:\/\/radioljubuski.ba\/index.php\/2022\/06\/27\/tragedija-mladi-policajac-slucajno-pistoljem-upucao-oca\/","og_locale":"hr_HR","og_type":"article","og_title":"Tragedija: Mladi policajac slu\u010dajno pi\u0161toljem upucao oca - RADIO LJUBU\u0160KI","og_description":"Jeziva tragedija dogodila se u Vr\u0161cu kada je policajac slu\u010dajno iz pi\u0161tolja smrtno ranio oca. Prema neslu\u017ebenim saznanjima, osumnji\u010deni koji je policajac je slu\u010dajno iz pi\u0161tolja pogodio oca koji je od zadobivenih ozljeda preminuo. Policijski uvi\u0111aj na mjestu tragedije jo\u0161 uvijek je u tijeku i utvr\u0111uju se sve okolnosti ove tragedije. Navodno rije\u010d je o [&hellip;]","og_url":"https:\/\/radioljubuski.ba\/index.php\/2022\/06\/27\/tragedija-mladi-policajac-slucajno-pistoljem-upucao-oca\/","og_site_name":"RADIO LJUBU\u0160KI","article_publisher":"https:\/\/www.facebook.com\/Radiio-Ljubuski-1490835324566332","article_published_time":"2022-06-27T10:45:09+00:00","article_modified_time":"2022-06-27T10:45:11+00:00","og_image":[{"width":1000,"height":625,"url":"https:\/\/radioljubuski.ba\/wp-content\/uploads\/2022\/06\/2sJWr3OX_policija_auto_oznaka_policajac.jpg","type":"image\/jpeg"}],"author":"Radio Ljubu\u0161ki","twitter_card":"summary_large_image","twitter_creator":"@radioljubuski","twitter_site":"@radioljubuski","twitter_misc":{"Napisao\/la":"Radio Ljubu\u0161ki","Procijenjeno vrijeme \u010ditanja":"1 minuta"},"schema":{"@context":"https:\/\/schema.org","@graph":[{"@type":"Article","@id":"https:\/\/radioljubuski.ba\/index.php\/2022\/06\/27\/tragedija-mladi-policajac-slucajno-pistoljem-upucao-oca\/#article","isPartOf":{"@id":"https:\/\/radioljubuski.ba\/index.php\/2022\/06\/27\/tragedija-mladi-policajac-slucajno-pistoljem-upucao-oca\/"},"author":{"name":"Radio Ljubu\u0161ki","@id":"https:\/\/radioljubuski.ba\/#\/schema\/person\/19fc700381a780f69665d7956c469e3b"},"headline":"Tragedija: Mladi policajac slu\u010dajno pi\u0161toljem upucao oca","datePublished":"2022-06-27T10:45:09+00:00","dateModified":"2022-06-27T10:45:11+00:00","mainEntityOfPage":{"@id":"https:\/\/radioljubuski.ba\/index.php\/2022\/06\/27\/tragedija-mladi-policajac-slucajno-pistoljem-upucao-oca\/"},"wordCount":86,"publisher":{"@id":"https:\/\/radioljubuski.ba\/#organization"},"image":{"@id":"https:\/\/radioljubuski.ba\/index.php\/2022\/06\/27\/tragedija-mladi-policajac-slucajno-pistoljem-upucao-oca\/#primaryimage"},"thumbnailUrl":"https:\/\/radioljubuski.ba\/wp-content\/uploads\/2022\/06\/2sJWr3OX_policija_auto_oznaka_policajac.jpg","articleSection":["BIH i regija"],"inLanguage":"hr"},{"@type":"WebPage","@id":"https:\/\/radioljubuski.ba\/index.php\/2022\/06\/27\/tragedija-mladi-policajac-slucajno-pistoljem-upucao-oca\/","url":"https:\/\/radioljubuski.ba\/index.php\/2022\/06\/27\/tragedija-mladi-policajac-slucajno-pistoljem-upucao-oca\/","name":"Tragedija: Mladi policajac slu\u010dajno pi\u0161toljem upucao oca - RADIO LJUBU\u0160KI","isPartOf":{"@id":"https:\/\/radioljubuski.ba\/#website"},"primaryImageOfPage":{"@id":"https:\/\/radioljubuski.ba\/index.php\/2022\/06\/27\/tragedija-mladi-policajac-slucajno-pistoljem-upucao-oca\/#primaryimage"},"image":{"@id":"https:\/\/radioljubuski.ba\/index.php\/2022\/06\/27\/tragedija-mladi-policajac-slucajno-pistoljem-upucao-oca\/#primaryimage"},"thumbnailUrl":"https:\/\/radioljubuski.ba\/wp-content\/uploads\/2022\/06\/2sJWr3OX_policija_auto_oznaka_policajac.jpg","datePublished":"2022-06-27T10:45:09+00:00","dateModified":"2022-06-27T10:45:11+00:00","breadcrumb":{"@id":"https:\/\/radioljubuski.ba\/index.php\/2022\/06\/27\/tragedija-mladi-policajac-slucajno-pistoljem-upucao-oca\/#breadcrumb"},"inLanguage":"hr","potentialAction":[{"@type":"ReadAction","target":["https:\/\/radioljubuski.ba\/index.php\/2022\/06\/27\/tragedija-mladi-policajac-slucajno-pistoljem-upucao-oca\/"]}]},{"@type":"ImageObject","inLanguage":"hr","@id":"https:\/\/radioljubuski.ba\/index.php\/2022\/06\/27\/tragedija-mladi-policajac-slucajno-pistoljem-upucao-oca\/#primaryimage","url":"https:\/\/radioljubuski.ba\/wp-content\/uploads\/2022\/06\/2sJWr3OX_policija_auto_oznaka_policajac.jpg","contentUrl":"https:\/\/radioljubuski.ba\/wp-content\/uploads\/2022\/06\/2sJWr3OX_policija_auto_oznaka_policajac.jpg","width":1000,"height":625},{"@type":"BreadcrumbList","@id":"https:\/\/radioljubuski.ba\/index.php\/2022\/06\/27\/tragedija-mladi-policajac-slucajno-pistoljem-upucao-oca\/#breadcrumb","itemListElement":[{"@type":"ListItem","position":1,"name":"Po\u010detna stranica","item":"https:\/\/radioljubuski.ba\/"},{"@type":"ListItem","position":2,"name":"Tragedija: Mladi policajac slu\u010dajno pi\u0161toljem upucao oca"}]},{"@type":"WebSite","@id":"https:\/\/radioljubuski.ba\/#website","url":"https:\/\/radioljubuski.ba\/","name":"Radio Ljubu\u0161ki","description":"Sun\u010dana frekvencija Hercegovine","publisher":{"@id":"https:\/\/radioljubuski.ba\/#organization"},"potentialAction":[{"@type":"SearchAction","target":{"@type":"EntryPoint","urlTemplate":"https:\/\/radioljubuski.ba\/?s={search_term_string}"},"query-input":{"@type":"PropertyValueSpecification","valueRequired":true,"valueName":"search_term_string"}}],"inLanguage":"hr"},{"@type":"Organization","@id":"https:\/\/radioljubuski.ba\/#organization","name":"Radio Ljubu\u0161ki","url":"https:\/\/radioljubuski.ba\/","logo":{"@type":"ImageObject","inLanguage":"hr","@id":"https:\/\/radioljubuski.ba\/#\/schema\/logo\/image\/","url":"https:\/\/radioljubuski.ba\/wp-content\/uploads\/2021\/02\/cropped-Radio_Ljubuski_logo1.jpg","contentUrl":"https:\/\/radioljubuski.ba\/wp-content\/uploads\/2021\/02\/cropped-Radio_Ljubuski_logo1.jpg","width":512,"height":512,"caption":"Radio Ljubu\u0161ki"},"image":{"@id":"https:\/\/radioljubuski.ba\/#\/schema\/logo\/image\/"},"sameAs":["https:\/\/www.facebook.com\/Radiio-Ljubuski-1490835324566332","https:\/\/x.com\/radioljubuski","https:\/\/hr.linkedin.com\/company\/radio-ljubuski","https:\/\/www.youtube.com\/channel\/UCHYaeO_n0Db3tjNGudGpXyw"]},{"@type":"Person","@id":"https:\/\/radioljubuski.ba\/#\/schema\/person\/19fc700381a780f69665d7956c469e3b","name":"Radio Ljubu\u0161ki"}]}},"_links":{"self":[{"href":"https:\/\/radioljubuski.ba\/index.php\/wp-json\/wp\/v2\/posts\/153995","targetHints":{"allow":["GET"]}}],"collection":[{"href":"https:\/\/radioljubuski.ba\/index.php\/wp-json\/wp\/v2\/posts"}],"about":[{"href":"https:\/\/radioljubuski.ba\/index.php\/wp-json\/wp\/v2\/types\/post"}],"author":[{"embeddable":true,"href":"https:\/\/radioljubuski.ba\/index.php\/wp-json\/wp\/v2\/users\/2"}],"replies":[{"embeddable":true,"href":"https:\/\/radioljubuski.ba\/index.php\/wp-json\/wp\/v2\/comments?post=153995"}],"version-history":[{"count":1,"href":"https:\/\/radioljubuski.ba\/index.php\/wp-json\/wp\/v2\/posts\/153995\/revisions"}],"predecessor-version":[{"id":153997,"href":"https:\/\/radioljubuski.ba\/index.php\/wp-json\/wp\/v2\/posts\/153995\/revisions\/153997"}],"wp:featuredmedia":[{"embeddable":true,"href":"https:\/\/radioljubuski.ba\/index.php\/wp-json\/wp\/v2\/media\/153996"}],"wp:attachment":[{"href":"https:\/\/radioljubuski.ba\/index.php\/wp-json\/wp\/v2\/media?parent=153995"}],"wp:term":[{"taxonomy":"category","embeddable":true,"href":"https:\/\/radioljubuski.ba\/index.php\/wp-json\/wp\/v2\/categories?post=153995"},{"taxonomy":"post_tag","embeddable":true,"href":"https:\/\/radioljubuski.ba\/index.php\/wp-json\/wp\/v2\/tags?post=153995"}],"curies":[{"name":"wp","href":"https:\/\/api.w.org\/{rel}","templated":true}]}}