{"id":154001,"date":"2022-06-27T12:27:23","date_gmt":"2022-06-27T11:27:23","guid":{"rendered":"https:\/\/radioljubuski.ba\/?p=154001"},"modified":"2022-06-27T13:13:22","modified_gmt":"2022-06-27T12:13:22","slug":"zastupnicima-snsd-a-nije-jasan-utjecaj-akciza-na-cijenu-goriva-glasali-protiv-zakona","status":"publish","type":"post","link":"https:\/\/radioljubuski.ba\/index.php\/2022\/06\/27\/zastupnicima-snsd-a-nije-jasan-utjecaj-akciza-na-cijenu-goriva-glasali-protiv-zakona\/","title":{"rendered":"Zastupnicima SNSD-a nije jasan utjecaj tro\u0161arina na cijenu goriva, glasovali protiv zakona"},"content":{"rendered":"\n<p>Zastupnici u Predstavni\u010dkom domu Parlamentarne skup\u0161tine BiH Sa\u0161a Magazinovi\u0107 (SDP) i Branislav Borenovi\u0107 (PDP) tra\u017eili su da se na dnevni red dana\u0161nje sjednice ovog doma uvrsti to\u010dka koja se odnosi na akcize na gorivo.<\/p>\n\n\n\n<p>Ovaj prijedlog nije pro\u0161ao jer nije imao entitetsku ve\u0107inu, a jedna od onih koja je glasala protiv je i zastupnica Saveza nezavisnih socijaldemokrata (SNSD) u Predstavni\u010dkom domu Parlamentarne skup\u0161tine BiH Snje\u017eana Novakovi\u0107 Bursa\u0107.<\/p>\n\n\n\n<p>Ona je malo prije po\u010detka izja\u0161njavanja o ovom pitanju natuknula da \u0107e glasati protiv uz opasku da &#8220;nije uvjerena da \u0107e ukidanjem akciza na gorivo ono i pojeftiniti&#8221;.<\/p>\n\n\n\n<p>\u201cMi smo za ukidanje akciza na gorivo, ali mene nitko do sada nije uvjerio da \u0107e ukidanjem akciza gorivo biti jeftinije\u201d, kazala je Novakovi\u0107 Bursa\u0107.<\/p>\n\n\n\n<p>Magazinovi\u0107 je rekao da je logi\u010dno da \u0107e gorivo na benzinskim pumpama biti jeftinije za iznos akciza koje budu ukinute.<\/p>\n\n\n\n<p>&#8220;Kakvi genijalci. Ukidanje akciza od Doma naroda \u010dekamo 110 dana ili 2.640 sati. Ka\u017ee Bursa\u0107 da \u0107e podr\u017eati ukidanje akcize kad budu sigurni da \u0107e ukidanjem akcize gorivo pojeftiniti. I glasa protiv. \u0160ta re\u0107i?&#8221;, kazao je Magazinovi\u0107.<\/p>\n\n\n\n<p><strong>Izvor: Klix.ba<\/strong><\/p>\n","protected":false},"excerpt":{"rendered":"<p>Zastupnici u Predstavni\u010dkom domu Parlamentarne skup\u0161tine BiH Sa\u0161a Magazinovi\u0107 (SDP) i Branislav Borenovi\u0107 (PDP) tra\u017eili su da se na dnevni red dana\u0161nje sjednice ovog doma uvrsti to\u010dka koja se odnosi na akcize na gorivo. Ovaj prijedlog nije pro\u0161ao jer nije imao entitetsku ve\u0107inu, a jedna od onih koja je glasala protiv je i zastupnica Saveza [&hellip;]<\/p>\n","protected":false},"author":2,"featured_media":0,"comment_status":"closed","ping_status":"closed","sticky":false,"template":"","format":"standard","meta":{"h5ap_radio_sources":[],"footnotes":""},"categories":[1],"tags":[],"class_list":["post-154001","post","type-post","status-publish","format-standard","hentry","category-bihiregija"],"yoast_head":"<!-- This site is optimized with the Yoast SEO plugin v27.5 - https:\/\/yoast.com\/product\/yoast-seo-wordpress\/ -->\n<title>Zastupnicima SNSD-a nije jasan utjecaj tro\u0161arina na cijenu goriva, glasovali protiv zakona - RADIO LJUBU\u0160KI<\/title>\n<meta name=\"robots\" content=\"index, follow, max-snippet:-1, max-image-preview:large, max-video-preview:-1\" \/>\n<link rel=\"canonical\" href=\"https:\/\/radioljubuski.ba\/index.php\/2022\/06\/27\/zastupnicima-snsd-a-nije-jasan-utjecaj-akciza-na-cijenu-goriva-glasali-protiv-zakona\/\" \/>\n<meta property=\"og:locale\" content=\"hr_HR\" \/>\n<meta property=\"og:type\" content=\"article\" \/>\n<meta property=\"og:title\" content=\"Zastupnicima SNSD-a nije jasan utjecaj tro\u0161arina na cijenu goriva, glasovali protiv zakona - RADIO LJUBU\u0160KI\" \/>\n<meta property=\"og:description\" content=\"Zastupnici u Predstavni\u010dkom domu Parlamentarne skup\u0161tine BiH Sa\u0161a Magazinovi\u0107 (SDP) i Branislav Borenovi\u0107 (PDP) tra\u017eili su da se na dnevni red dana\u0161nje sjednice ovog doma uvrsti to\u010dka koja se odnosi na akcize na gorivo. Ovaj prijedlog nije pro\u0161ao jer nije imao entitetsku ve\u0107inu, a jedna od onih koja je glasala protiv je i zastupnica Saveza [&hellip;]\" \/>\n<meta property=\"og:url\" content=\"https:\/\/radioljubuski.ba\/index.php\/2022\/06\/27\/zastupnicima-snsd-a-nije-jasan-utjecaj-akciza-na-cijenu-goriva-glasali-protiv-zakona\/\" \/>\n<meta property=\"og:site_name\" content=\"RADIO LJUBU\u0160KI\" \/>\n<meta property=\"article:publisher\" content=\"https:\/\/www.facebook.com\/Radiio-Ljubuski-1490835324566332\" \/>\n<meta property=\"article:published_time\" content=\"2022-06-27T11:27:23+00:00\" \/>\n<meta property=\"article:modified_time\" content=\"2022-06-27T12:13:22+00:00\" \/>\n<meta property=\"og:image\" content=\"https:\/\/radioljubuski.ba\/wp-content\/uploads\/2022\/06\/10-2022-06-17-17-36-26-Gorivo-pojeftinilo-najvise-u-novijoj-povijesti-ali-prije-tankanja-se-informirajte.-Razlike-u-cijeni-su-ogromne-scaled-1-1.jpg\" \/>\n\t<meta property=\"og:image:width\" content=\"1000\" \/>\n\t<meta property=\"og:image:height\" content=\"625\" \/>\n\t<meta property=\"og:image:type\" content=\"image\/jpeg\" \/>\n<meta name=\"author\" content=\"Radio Ljubu\u0161ki\" \/>\n<meta name=\"twitter:card\" content=\"summary_large_image\" \/>\n<meta name=\"twitter:creator\" content=\"@radioljubuski\" \/>\n<meta name=\"twitter:site\" content=\"@radioljubuski\" \/>\n<meta name=\"twitter:label1\" content=\"Napisao\/la\" \/>\n\t<meta name=\"twitter:data1\" content=\"Radio Ljubu\u0161ki\" \/>\n\t<meta name=\"twitter:label2\" content=\"Procijenjeno vrijeme \u010ditanja\" \/>\n\t<meta name=\"twitter:data2\" content=\"1 minuta\" \/>\n<script type=\"application\/ld+json\" class=\"yoast-schema-graph\">{\"@context\":\"https:\\\/\\\/schema.org\",\"@graph\":[{\"@type\":\"Article\",\"@id\":\"https:\\\/\\\/radioljubuski.ba\\\/index.php\\\/2022\\\/06\\\/27\\\/zastupnicima-snsd-a-nije-jasan-utjecaj-akciza-na-cijenu-goriva-glasali-protiv-zakona\\\/#article\",\"isPartOf\":{\"@id\":\"https:\\\/\\\/radioljubuski.ba\\\/index.php\\\/2022\\\/06\\\/27\\\/zastupnicima-snsd-a-nije-jasan-utjecaj-akciza-na-cijenu-goriva-glasali-protiv-zakona\\\/\"},\"author\":{\"name\":\"Radio Ljubu\u0161ki\",\"@id\":\"https:\\\/\\\/radioljubuski.ba\\\/#\\\/schema\\\/person\\\/19fc700381a780f69665d7956c469e3b\"},\"headline\":\"Zastupnicima SNSD-a nije jasan utjecaj tro\u0161arina na cijenu goriva, glasovali protiv zakona\",\"datePublished\":\"2022-06-27T11:27:23+00:00\",\"dateModified\":\"2022-06-27T12:13:22+00:00\",\"mainEntityOfPage\":{\"@id\":\"https:\\\/\\\/radioljubuski.ba\\\/index.php\\\/2022\\\/06\\\/27\\\/zastupnicima-snsd-a-nije-jasan-utjecaj-akciza-na-cijenu-goriva-glasali-protiv-zakona\\\/\"},\"wordCount\":208,\"publisher\":{\"@id\":\"https:\\\/\\\/radioljubuski.ba\\\/#organization\"},\"articleSection\":[\"BIH i regija\"],\"inLanguage\":\"hr\"},{\"@type\":\"WebPage\",\"@id\":\"https:\\\/\\\/radioljubuski.ba\\\/index.php\\\/2022\\\/06\\\/27\\\/zastupnicima-snsd-a-nije-jasan-utjecaj-akciza-na-cijenu-goriva-glasali-protiv-zakona\\\/\",\"url\":\"https:\\\/\\\/radioljubuski.ba\\\/index.php\\\/2022\\\/06\\\/27\\\/zastupnicima-snsd-a-nije-jasan-utjecaj-akciza-na-cijenu-goriva-glasali-protiv-zakona\\\/\",\"name\":\"Zastupnicima SNSD-a nije jasan utjecaj tro\u0161arina na cijenu goriva, glasovali protiv zakona - RADIO LJUBU\u0160KI\",\"isPartOf\":{\"@id\":\"https:\\\/\\\/radioljubuski.ba\\\/#website\"},\"datePublished\":\"2022-06-27T11:27:23+00:00\",\"dateModified\":\"2022-06-27T12:13:22+00:00\",\"breadcrumb\":{\"@id\":\"https:\\\/\\\/radioljubuski.ba\\\/index.php\\\/2022\\\/06\\\/27\\\/zastupnicima-snsd-a-nije-jasan-utjecaj-akciza-na-cijenu-goriva-glasali-protiv-zakona\\\/#breadcrumb\"},\"inLanguage\":\"hr\",\"potentialAction\":[{\"@type\":\"ReadAction\",\"target\":[\"https:\\\/\\\/radioljubuski.ba\\\/index.php\\\/2022\\\/06\\\/27\\\/zastupnicima-snsd-a-nije-jasan-utjecaj-akciza-na-cijenu-goriva-glasali-protiv-zakona\\\/\"]}]},{\"@type\":\"BreadcrumbList\",\"@id\":\"https:\\\/\\\/radioljubuski.ba\\\/index.php\\\/2022\\\/06\\\/27\\\/zastupnicima-snsd-a-nije-jasan-utjecaj-akciza-na-cijenu-goriva-glasali-protiv-zakona\\\/#breadcrumb\",\"itemListElement\":[{\"@type\":\"ListItem\",\"position\":1,\"name\":\"Po\u010detna stranica\",\"item\":\"https:\\\/\\\/radioljubuski.ba\\\/\"},{\"@type\":\"ListItem\",\"position\":2,\"name\":\"Zastupnicima SNSD-a nije jasan utjecaj tro\u0161arina na cijenu goriva, glasovali protiv zakona\"}]},{\"@type\":\"WebSite\",\"@id\":\"https:\\\/\\\/radioljubuski.ba\\\/#website\",\"url\":\"https:\\\/\\\/radioljubuski.ba\\\/\",\"name\":\"Radio Ljubu\u0161ki\",\"description\":\"Sun\u010dana frekvencija Hercegovine\",\"publisher\":{\"@id\":\"https:\\\/\\\/radioljubuski.ba\\\/#organization\"},\"potentialAction\":[{\"@type\":\"SearchAction\",\"target\":{\"@type\":\"EntryPoint\",\"urlTemplate\":\"https:\\\/\\\/radioljubuski.ba\\\/?s={search_term_string}\"},\"query-input\":{\"@type\":\"PropertyValueSpecification\",\"valueRequired\":true,\"valueName\":\"search_term_string\"}}],\"inLanguage\":\"hr\"},{\"@type\":\"Organization\",\"@id\":\"https:\\\/\\\/radioljubuski.ba\\\/#organization\",\"name\":\"Radio Ljubu\u0161ki\",\"url\":\"https:\\\/\\\/radioljubuski.ba\\\/\",\"logo\":{\"@type\":\"ImageObject\",\"inLanguage\":\"hr\",\"@id\":\"https:\\\/\\\/radioljubuski.ba\\\/#\\\/schema\\\/logo\\\/image\\\/\",\"url\":\"https:\\\/\\\/radioljubuski.ba\\\/wp-content\\\/uploads\\\/2021\\\/02\\\/cropped-Radio_Ljubuski_logo1.jpg\",\"contentUrl\":\"https:\\\/\\\/radioljubuski.ba\\\/wp-content\\\/uploads\\\/2021\\\/02\\\/cropped-Radio_Ljubuski_logo1.jpg\",\"width\":512,\"height\":512,\"caption\":\"Radio Ljubu\u0161ki\"},\"image\":{\"@id\":\"https:\\\/\\\/radioljubuski.ba\\\/#\\\/schema\\\/logo\\\/image\\\/\"},\"sameAs\":[\"https:\\\/\\\/www.facebook.com\\\/Radiio-Ljubuski-1490835324566332\",\"https:\\\/\\\/x.com\\\/radioljubuski\",\"https:\\\/\\\/hr.linkedin.com\\\/company\\\/radio-ljubuski\",\"https:\\\/\\\/www.youtube.com\\\/channel\\\/UCHYaeO_n0Db3tjNGudGpXyw\"]},{\"@type\":\"Person\",\"@id\":\"https:\\\/\\\/radioljubuski.ba\\\/#\\\/schema\\\/person\\\/19fc700381a780f69665d7956c469e3b\",\"name\":\"Radio Ljubu\u0161ki\"}]}<\/script>\n<!-- \/ Yoast SEO plugin. -->","yoast_head_json":{"title":"Zastupnicima SNSD-a nije jasan utjecaj tro\u0161arina na cijenu goriva, glasovali protiv zakona - RADIO LJUBU\u0160KI","robots":{"index":"index","follow":"follow","max-snippet":"max-snippet:-1","max-image-preview":"max-image-preview:large","max-video-preview":"max-video-preview:-1"},"canonical":"https:\/\/radioljubuski.ba\/index.php\/2022\/06\/27\/zastupnicima-snsd-a-nije-jasan-utjecaj-akciza-na-cijenu-goriva-glasali-protiv-zakona\/","og_locale":"hr_HR","og_type":"article","og_title":"Zastupnicima SNSD-a nije jasan utjecaj tro\u0161arina na cijenu goriva, glasovali protiv zakona - RADIO LJUBU\u0160KI","og_description":"Zastupnici u Predstavni\u010dkom domu Parlamentarne skup\u0161tine BiH Sa\u0161a Magazinovi\u0107 (SDP) i Branislav Borenovi\u0107 (PDP) tra\u017eili su da se na dnevni red dana\u0161nje sjednice ovog doma uvrsti to\u010dka koja se odnosi na akcize na gorivo. Ovaj prijedlog nije pro\u0161ao jer nije imao entitetsku ve\u0107inu, a jedna od onih koja je glasala protiv je i zastupnica Saveza [&hellip;]","og_url":"https:\/\/radioljubuski.ba\/index.php\/2022\/06\/27\/zastupnicima-snsd-a-nije-jasan-utjecaj-akciza-na-cijenu-goriva-glasali-protiv-zakona\/","og_site_name":"RADIO LJUBU\u0160KI","article_publisher":"https:\/\/www.facebook.com\/Radiio-Ljubuski-1490835324566332","article_published_time":"2022-06-27T11:27:23+00:00","article_modified_time":"2022-06-27T12:13:22+00:00","og_image":[{"width":1000,"height":625,"url":"https:\/\/radioljubuski.ba\/wp-content\/uploads\/2022\/06\/10-2022-06-17-17-36-26-Gorivo-pojeftinilo-najvise-u-novijoj-povijesti-ali-prije-tankanja-se-informirajte.-Razlike-u-cijeni-su-ogromne-scaled-1-1.jpg","type":"image\/jpeg"}],"author":"Radio Ljubu\u0161ki","twitter_card":"summary_large_image","twitter_creator":"@radioljubuski","twitter_site":"@radioljubuski","twitter_misc":{"Napisao\/la":"Radio Ljubu\u0161ki","Procijenjeno vrijeme \u010ditanja":"1 minuta"},"schema":{"@context":"https:\/\/schema.org","@graph":[{"@type":"Article","@id":"https:\/\/radioljubuski.ba\/index.php\/2022\/06\/27\/zastupnicima-snsd-a-nije-jasan-utjecaj-akciza-na-cijenu-goriva-glasali-protiv-zakona\/#article","isPartOf":{"@id":"https:\/\/radioljubuski.ba\/index.php\/2022\/06\/27\/zastupnicima-snsd-a-nije-jasan-utjecaj-akciza-na-cijenu-goriva-glasali-protiv-zakona\/"},"author":{"name":"Radio Ljubu\u0161ki","@id":"https:\/\/radioljubuski.ba\/#\/schema\/person\/19fc700381a780f69665d7956c469e3b"},"headline":"Zastupnicima SNSD-a nije jasan utjecaj tro\u0161arina na cijenu goriva, glasovali protiv zakona","datePublished":"2022-06-27T11:27:23+00:00","dateModified":"2022-06-27T12:13:22+00:00","mainEntityOfPage":{"@id":"https:\/\/radioljubuski.ba\/index.php\/2022\/06\/27\/zastupnicima-snsd-a-nije-jasan-utjecaj-akciza-na-cijenu-goriva-glasali-protiv-zakona\/"},"wordCount":208,"publisher":{"@id":"https:\/\/radioljubuski.ba\/#organization"},"articleSection":["BIH i regija"],"inLanguage":"hr"},{"@type":"WebPage","@id":"https:\/\/radioljubuski.ba\/index.php\/2022\/06\/27\/zastupnicima-snsd-a-nije-jasan-utjecaj-akciza-na-cijenu-goriva-glasali-protiv-zakona\/","url":"https:\/\/radioljubuski.ba\/index.php\/2022\/06\/27\/zastupnicima-snsd-a-nije-jasan-utjecaj-akciza-na-cijenu-goriva-glasali-protiv-zakona\/","name":"Zastupnicima SNSD-a nije jasan utjecaj tro\u0161arina na cijenu goriva, glasovali protiv zakona - RADIO LJUBU\u0160KI","isPartOf":{"@id":"https:\/\/radioljubuski.ba\/#website"},"datePublished":"2022-06-27T11:27:23+00:00","dateModified":"2022-06-27T12:13:22+00:00","breadcrumb":{"@id":"https:\/\/radioljubuski.ba\/index.php\/2022\/06\/27\/zastupnicima-snsd-a-nije-jasan-utjecaj-akciza-na-cijenu-goriva-glasali-protiv-zakona\/#breadcrumb"},"inLanguage":"hr","potentialAction":[{"@type":"ReadAction","target":["https:\/\/radioljubuski.ba\/index.php\/2022\/06\/27\/zastupnicima-snsd-a-nije-jasan-utjecaj-akciza-na-cijenu-goriva-glasali-protiv-zakona\/"]}]},{"@type":"BreadcrumbList","@id":"https:\/\/radioljubuski.ba\/index.php\/2022\/06\/27\/zastupnicima-snsd-a-nije-jasan-utjecaj-akciza-na-cijenu-goriva-glasali-protiv-zakona\/#breadcrumb","itemListElement":[{"@type":"ListItem","position":1,"name":"Po\u010detna stranica","item":"https:\/\/radioljubuski.ba\/"},{"@type":"ListItem","position":2,"name":"Zastupnicima SNSD-a nije jasan utjecaj tro\u0161arina na cijenu goriva, glasovali protiv zakona"}]},{"@type":"WebSite","@id":"https:\/\/radioljubuski.ba\/#website","url":"https:\/\/radioljubuski.ba\/","name":"Radio Ljubu\u0161ki","description":"Sun\u010dana frekvencija Hercegovine","publisher":{"@id":"https:\/\/radioljubuski.ba\/#organization"},"potentialAction":[{"@type":"SearchAction","target":{"@type":"EntryPoint","urlTemplate":"https:\/\/radioljubuski.ba\/?s={search_term_string}"},"query-input":{"@type":"PropertyValueSpecification","valueRequired":true,"valueName":"search_term_string"}}],"inLanguage":"hr"},{"@type":"Organization","@id":"https:\/\/radioljubuski.ba\/#organization","name":"Radio Ljubu\u0161ki","url":"https:\/\/radioljubuski.ba\/","logo":{"@type":"ImageObject","inLanguage":"hr","@id":"https:\/\/radioljubuski.ba\/#\/schema\/logo\/image\/","url":"https:\/\/radioljubuski.ba\/wp-content\/uploads\/2021\/02\/cropped-Radio_Ljubuski_logo1.jpg","contentUrl":"https:\/\/radioljubuski.ba\/wp-content\/uploads\/2021\/02\/cropped-Radio_Ljubuski_logo1.jpg","width":512,"height":512,"caption":"Radio Ljubu\u0161ki"},"image":{"@id":"https:\/\/radioljubuski.ba\/#\/schema\/logo\/image\/"},"sameAs":["https:\/\/www.facebook.com\/Radiio-Ljubuski-1490835324566332","https:\/\/x.com\/radioljubuski","https:\/\/hr.linkedin.com\/company\/radio-ljubuski","https:\/\/www.youtube.com\/channel\/UCHYaeO_n0Db3tjNGudGpXyw"]},{"@type":"Person","@id":"https:\/\/radioljubuski.ba\/#\/schema\/person\/19fc700381a780f69665d7956c469e3b","name":"Radio Ljubu\u0161ki"}]}},"_links":{"self":[{"href":"https:\/\/radioljubuski.ba\/index.php\/wp-json\/wp\/v2\/posts\/154001","targetHints":{"allow":["GET"]}}],"collection":[{"href":"https:\/\/radioljubuski.ba\/index.php\/wp-json\/wp\/v2\/posts"}],"about":[{"href":"https:\/\/radioljubuski.ba\/index.php\/wp-json\/wp\/v2\/types\/post"}],"author":[{"embeddable":true,"href":"https:\/\/radioljubuski.ba\/index.php\/wp-json\/wp\/v2\/users\/2"}],"replies":[{"embeddable":true,"href":"https:\/\/radioljubuski.ba\/index.php\/wp-json\/wp\/v2\/comments?post=154001"}],"version-history":[{"count":2,"href":"https:\/\/radioljubuski.ba\/index.php\/wp-json\/wp\/v2\/posts\/154001\/revisions"}],"predecessor-version":[{"id":154062,"href":"https:\/\/radioljubuski.ba\/index.php\/wp-json\/wp\/v2\/posts\/154001\/revisions\/154062"}],"wp:attachment":[{"href":"https:\/\/radioljubuski.ba\/index.php\/wp-json\/wp\/v2\/media?parent=154001"}],"wp:term":[{"taxonomy":"category","embeddable":true,"href":"https:\/\/radioljubuski.ba\/index.php\/wp-json\/wp\/v2\/categories?post=154001"},{"taxonomy":"post_tag","embeddable":true,"href":"https:\/\/radioljubuski.ba\/index.php\/wp-json\/wp\/v2\/tags?post=154001"}],"curies":[{"name":"wp","href":"https:\/\/api.w.org\/{rel}","templated":true}]}}