{"id":154049,"date":"2022-06-27T13:04:16","date_gmt":"2022-06-27T12:04:16","guid":{"rendered":"https:\/\/radioljubuski.ba\/?p=154049"},"modified":"2022-06-27T13:12:41","modified_gmt":"2022-06-27T12:12:41","slug":"za-kavu-sok-i-sendvic-platili-517-kuna-ne-nije-dubrovnik","status":"publish","type":"post","link":"https:\/\/radioljubuski.ba\/index.php\/2022\/06\/27\/za-kavu-sok-i-sendvic-platili-517-kuna-ne-nije-dubrovnik\/","title":{"rendered":"Za kavu, sok i sendvi\u010d platili 517 kuna! Ne, nije Dubrovnik"},"content":{"rendered":"\n<p>Sok od jabuke, ove je godine postigao cijenu vrhunskog vina. Tako primjerice litra soka od jabuke, u &#8220;Kavani Wagner&#8221; koja se nalazi u sklopu &#8220;Milenij hotela&#8221; u Opatiji ko\u0161ta 190 kuna. Litra mineralne vode je 140 kuna, a Coca cola 154 kune. To je ako ste \u017eedni, a ako ste kojom nesre\u0107om ogladnjeli i jede vam se ba\u0161 sendvi\u010d od pure\u0107ih prsa, to \u0107ete platiti 120 kuna.<\/p>\n\n\n\n<figure class=\"wp-block-image\"><img decoding=\"async\" src=\"https:\/\/storage.pogled.ba\/images\/dc0f\/81a0\/230073\/original\/8-2022-06-27-11-45-00-25276617.jpg\" alt=\"\"\/><\/figure>\n\n\n\n<p>Visoke cijene na Jadranu ve\u0107 su godinama ljetna zanimacija \u0161okiranih turista, doma\u0107ih i stranih, ali ovaj ra\u010dun mogu\u0107e je nadma\u0161io sve dosada\u0161nje hit cijene Jadrana.<\/p>\n\n\n\n<p>Naime, revoltirani \u010ditatelj <a href=\"https:\/\/riportal.net.hr\/rijeka\/pogledajte-racun-na-kavu-sok-i-sendvic-za-517-kuna-ne-nije-dubrovnik-nego-opatija\/324055\/\" target=\"_blank\" rel=\"noreferrer noopener\">Riportala <\/a>poslao je redakciji tog medija ra\u010dun koji iznosi nevjerojatnih 517,00 kuna, za tri osobe, bez ikakvog luksuza: dva sendvi\u010da, kave, cola i sok.<\/p>\n\n\n\n<p>\u010citatelj koji poslao ra\u010dun dodaje kako na stolovima nema cjenika i ka\u017ee kako bi se sigurno ustao i napustio lokal da je znao kolike su cijene.<\/p>\n\n\n\n<p>&#8220;Kavana je malo izdvojena od hotela i po ni\u010demu se ne izdvaja od drugih kavana u Opatiji. Zato ne vidim neki poseban razlog ili posebnu ponudu na temelju koje bi ovako &#8216;derali&#8217; ljude. Na stolovima nema cjenika, \u0161to mo\u017eete vidjeti i na fotografijama koje vam \u0161aljem&#8221;, prepri\u010dava ju\u010dera\u0161nju situaciju \u010ditatelj Riportala.<\/p>\n\n\n\n<p>&#8220;Ne znam je li to prekr\u0161aj, ali svakako bi se ustali i oti\u0161li iz tog lokala da smo negdje vidjeli cijene. Ista reakcija je bila i od ljudi koji su sjedili stol do nas. Da je bar neka kvaliteta. Jo\u0161 bismo razumjeli da smo tra\u017eili i dobili nekakav specijalitet, pa to i ko\u0161ta \u2013 ali dva prosje\u010dna sendvi\u010da od pure\u0107ih prsa za 240 kn?? Za ne vjerovati! Za te novce mogli smo u Opatiji na pristojan ru\u010dak!&#8221;, isti\u010de \u010ditatelj Riportala (podaci poznati redakciji).<\/p>\n\n\n\n<p>Mo\u017eda je upravo ova pri\u010da podsjetnik svima da pitaju cijene prije nego \u0161to plate sendvi\u010d 120 kuna!<\/p>\n\n\n\n<p>Izvor:riportal<\/p>\n","protected":false},"excerpt":{"rendered":"<p>Sok od jabuke, ove je godine postigao cijenu vrhunskog vina. Tako primjerice litra soka od jabuke, u &#8220;Kavani Wagner&#8221; koja se nalazi u sklopu &#8220;Milenij hotela&#8221; u Opatiji ko\u0161ta 190 kuna. Litra mineralne vode je 140 kuna, a Coca cola 154 kune. To je ako ste \u017eedni, a ako ste kojom nesre\u0107om ogladnjeli i jede [&hellip;]<\/p>\n","protected":false},"author":2,"featured_media":154050,"comment_status":"closed","ping_status":"closed","sticky":false,"template":"","format":"standard","meta":{"h5ap_radio_sources":[],"footnotes":""},"categories":[1],"tags":[],"class_list":["post-154049","post","type-post","status-publish","format-standard","has-post-thumbnail","hentry","category-bihiregija"],"yoast_head":"<!-- This site is optimized with the Yoast SEO plugin v27.5 - https:\/\/yoast.com\/product\/yoast-seo-wordpress\/ -->\n<title>Za kavu, sok i sendvi\u010d platili 517 kuna! Ne, nije Dubrovnik - RADIO LJUBU\u0160KI<\/title>\n<meta name=\"robots\" content=\"index, follow, max-snippet:-1, max-image-preview:large, max-video-preview:-1\" \/>\n<link rel=\"canonical\" href=\"https:\/\/radioljubuski.ba\/index.php\/2022\/06\/27\/za-kavu-sok-i-sendvic-platili-517-kuna-ne-nije-dubrovnik\/\" \/>\n<meta property=\"og:locale\" content=\"hr_HR\" \/>\n<meta property=\"og:type\" content=\"article\" \/>\n<meta property=\"og:title\" content=\"Za kavu, sok i sendvi\u010d platili 517 kuna! Ne, nije Dubrovnik - RADIO LJUBU\u0160KI\" \/>\n<meta property=\"og:description\" content=\"Sok od jabuke, ove je godine postigao cijenu vrhunskog vina. Tako primjerice litra soka od jabuke, u &#8220;Kavani Wagner&#8221; koja se nalazi u sklopu &#8220;Milenij hotela&#8221; u Opatiji ko\u0161ta 190 kuna. Litra mineralne vode je 140 kuna, a Coca cola 154 kune. To je ako ste \u017eedni, a ako ste kojom nesre\u0107om ogladnjeli i jede [&hellip;]\" \/>\n<meta property=\"og:url\" content=\"https:\/\/radioljubuski.ba\/index.php\/2022\/06\/27\/za-kavu-sok-i-sendvic-platili-517-kuna-ne-nije-dubrovnik\/\" \/>\n<meta property=\"og:site_name\" content=\"RADIO LJUBU\u0160KI\" \/>\n<meta property=\"article:publisher\" content=\"https:\/\/www.facebook.com\/Radiio-Ljubuski-1490835324566332\" \/>\n<meta property=\"article:published_time\" content=\"2022-06-27T12:04:16+00:00\" \/>\n<meta property=\"article:modified_time\" content=\"2022-06-27T12:12:41+00:00\" \/>\n<meta property=\"og:image\" content=\"https:\/\/radioljubuski.ba\/wp-content\/uploads\/2022\/06\/8-2022-06-27-11-44-36-opatija.jpg\" \/>\n\t<meta property=\"og:image:width\" content=\"1000\" \/>\n\t<meta property=\"og:image:height\" content=\"625\" \/>\n\t<meta property=\"og:image:type\" content=\"image\/jpeg\" \/>\n<meta name=\"author\" content=\"Radio Ljubu\u0161ki\" \/>\n<meta name=\"twitter:card\" content=\"summary_large_image\" \/>\n<meta name=\"twitter:creator\" content=\"@radioljubuski\" \/>\n<meta name=\"twitter:site\" content=\"@radioljubuski\" \/>\n<meta name=\"twitter:label1\" content=\"Napisao\/la\" \/>\n\t<meta name=\"twitter:data1\" content=\"Radio Ljubu\u0161ki\" \/>\n\t<meta name=\"twitter:label2\" content=\"Procijenjeno vrijeme \u010ditanja\" \/>\n\t<meta name=\"twitter:data2\" content=\"2 minute\" \/>\n<script type=\"application\/ld+json\" class=\"yoast-schema-graph\">{\"@context\":\"https:\\\/\\\/schema.org\",\"@graph\":[{\"@type\":\"Article\",\"@id\":\"https:\\\/\\\/radioljubuski.ba\\\/index.php\\\/2022\\\/06\\\/27\\\/za-kavu-sok-i-sendvic-platili-517-kuna-ne-nije-dubrovnik\\\/#article\",\"isPartOf\":{\"@id\":\"https:\\\/\\\/radioljubuski.ba\\\/index.php\\\/2022\\\/06\\\/27\\\/za-kavu-sok-i-sendvic-platili-517-kuna-ne-nije-dubrovnik\\\/\"},\"author\":{\"name\":\"Radio Ljubu\u0161ki\",\"@id\":\"https:\\\/\\\/radioljubuski.ba\\\/#\\\/schema\\\/person\\\/19fc700381a780f69665d7956c469e3b\"},\"headline\":\"Za kavu, sok i sendvi\u010d platili 517 kuna! Ne, nije Dubrovnik\",\"datePublished\":\"2022-06-27T12:04:16+00:00\",\"dateModified\":\"2022-06-27T12:12:41+00:00\",\"mainEntityOfPage\":{\"@id\":\"https:\\\/\\\/radioljubuski.ba\\\/index.php\\\/2022\\\/06\\\/27\\\/za-kavu-sok-i-sendvic-platili-517-kuna-ne-nije-dubrovnik\\\/\"},\"wordCount\":328,\"publisher\":{\"@id\":\"https:\\\/\\\/radioljubuski.ba\\\/#organization\"},\"image\":{\"@id\":\"https:\\\/\\\/radioljubuski.ba\\\/index.php\\\/2022\\\/06\\\/27\\\/za-kavu-sok-i-sendvic-platili-517-kuna-ne-nije-dubrovnik\\\/#primaryimage\"},\"thumbnailUrl\":\"https:\\\/\\\/radioljubuski.ba\\\/wp-content\\\/uploads\\\/2022\\\/06\\\/8-2022-06-27-11-44-36-opatija.jpg\",\"articleSection\":[\"BIH i regija\"],\"inLanguage\":\"hr\"},{\"@type\":\"WebPage\",\"@id\":\"https:\\\/\\\/radioljubuski.ba\\\/index.php\\\/2022\\\/06\\\/27\\\/za-kavu-sok-i-sendvic-platili-517-kuna-ne-nije-dubrovnik\\\/\",\"url\":\"https:\\\/\\\/radioljubuski.ba\\\/index.php\\\/2022\\\/06\\\/27\\\/za-kavu-sok-i-sendvic-platili-517-kuna-ne-nije-dubrovnik\\\/\",\"name\":\"Za kavu, sok i sendvi\u010d platili 517 kuna! Ne, nije Dubrovnik - RADIO LJUBU\u0160KI\",\"isPartOf\":{\"@id\":\"https:\\\/\\\/radioljubuski.ba\\\/#website\"},\"primaryImageOfPage\":{\"@id\":\"https:\\\/\\\/radioljubuski.ba\\\/index.php\\\/2022\\\/06\\\/27\\\/za-kavu-sok-i-sendvic-platili-517-kuna-ne-nije-dubrovnik\\\/#primaryimage\"},\"image\":{\"@id\":\"https:\\\/\\\/radioljubuski.ba\\\/index.php\\\/2022\\\/06\\\/27\\\/za-kavu-sok-i-sendvic-platili-517-kuna-ne-nije-dubrovnik\\\/#primaryimage\"},\"thumbnailUrl\":\"https:\\\/\\\/radioljubuski.ba\\\/wp-content\\\/uploads\\\/2022\\\/06\\\/8-2022-06-27-11-44-36-opatija.jpg\",\"datePublished\":\"2022-06-27T12:04:16+00:00\",\"dateModified\":\"2022-06-27T12:12:41+00:00\",\"breadcrumb\":{\"@id\":\"https:\\\/\\\/radioljubuski.ba\\\/index.php\\\/2022\\\/06\\\/27\\\/za-kavu-sok-i-sendvic-platili-517-kuna-ne-nije-dubrovnik\\\/#breadcrumb\"},\"inLanguage\":\"hr\",\"potentialAction\":[{\"@type\":\"ReadAction\",\"target\":[\"https:\\\/\\\/radioljubuski.ba\\\/index.php\\\/2022\\\/06\\\/27\\\/za-kavu-sok-i-sendvic-platili-517-kuna-ne-nije-dubrovnik\\\/\"]}]},{\"@type\":\"ImageObject\",\"inLanguage\":\"hr\",\"@id\":\"https:\\\/\\\/radioljubuski.ba\\\/index.php\\\/2022\\\/06\\\/27\\\/za-kavu-sok-i-sendvic-platili-517-kuna-ne-nije-dubrovnik\\\/#primaryimage\",\"url\":\"https:\\\/\\\/radioljubuski.ba\\\/wp-content\\\/uploads\\\/2022\\\/06\\\/8-2022-06-27-11-44-36-opatija.jpg\",\"contentUrl\":\"https:\\\/\\\/radioljubuski.ba\\\/wp-content\\\/uploads\\\/2022\\\/06\\\/8-2022-06-27-11-44-36-opatija.jpg\",\"width\":1000,\"height\":625},{\"@type\":\"BreadcrumbList\",\"@id\":\"https:\\\/\\\/radioljubuski.ba\\\/index.php\\\/2022\\\/06\\\/27\\\/za-kavu-sok-i-sendvic-platili-517-kuna-ne-nije-dubrovnik\\\/#breadcrumb\",\"itemListElement\":[{\"@type\":\"ListItem\",\"position\":1,\"name\":\"Po\u010detna stranica\",\"item\":\"https:\\\/\\\/radioljubuski.ba\\\/\"},{\"@type\":\"ListItem\",\"position\":2,\"name\":\"Za kavu, sok i sendvi\u010d platili 517 kuna! Ne, nije Dubrovnik\"}]},{\"@type\":\"WebSite\",\"@id\":\"https:\\\/\\\/radioljubuski.ba\\\/#website\",\"url\":\"https:\\\/\\\/radioljubuski.ba\\\/\",\"name\":\"Radio Ljubu\u0161ki\",\"description\":\"Sun\u010dana frekvencija Hercegovine\",\"publisher\":{\"@id\":\"https:\\\/\\\/radioljubuski.ba\\\/#organization\"},\"potentialAction\":[{\"@type\":\"SearchAction\",\"target\":{\"@type\":\"EntryPoint\",\"urlTemplate\":\"https:\\\/\\\/radioljubuski.ba\\\/?s={search_term_string}\"},\"query-input\":{\"@type\":\"PropertyValueSpecification\",\"valueRequired\":true,\"valueName\":\"search_term_string\"}}],\"inLanguage\":\"hr\"},{\"@type\":\"Organization\",\"@id\":\"https:\\\/\\\/radioljubuski.ba\\\/#organization\",\"name\":\"Radio Ljubu\u0161ki\",\"url\":\"https:\\\/\\\/radioljubuski.ba\\\/\",\"logo\":{\"@type\":\"ImageObject\",\"inLanguage\":\"hr\",\"@id\":\"https:\\\/\\\/radioljubuski.ba\\\/#\\\/schema\\\/logo\\\/image\\\/\",\"url\":\"https:\\\/\\\/radioljubuski.ba\\\/wp-content\\\/uploads\\\/2021\\\/02\\\/cropped-Radio_Ljubuski_logo1.jpg\",\"contentUrl\":\"https:\\\/\\\/radioljubuski.ba\\\/wp-content\\\/uploads\\\/2021\\\/02\\\/cropped-Radio_Ljubuski_logo1.jpg\",\"width\":512,\"height\":512,\"caption\":\"Radio Ljubu\u0161ki\"},\"image\":{\"@id\":\"https:\\\/\\\/radioljubuski.ba\\\/#\\\/schema\\\/logo\\\/image\\\/\"},\"sameAs\":[\"https:\\\/\\\/www.facebook.com\\\/Radiio-Ljubuski-1490835324566332\",\"https:\\\/\\\/x.com\\\/radioljubuski\",\"https:\\\/\\\/hr.linkedin.com\\\/company\\\/radio-ljubuski\",\"https:\\\/\\\/www.youtube.com\\\/channel\\\/UCHYaeO_n0Db3tjNGudGpXyw\"]},{\"@type\":\"Person\",\"@id\":\"https:\\\/\\\/radioljubuski.ba\\\/#\\\/schema\\\/person\\\/19fc700381a780f69665d7956c469e3b\",\"name\":\"Radio Ljubu\u0161ki\"}]}<\/script>\n<!-- \/ Yoast SEO plugin. -->","yoast_head_json":{"title":"Za kavu, sok i sendvi\u010d platili 517 kuna! Ne, nije Dubrovnik - RADIO LJUBU\u0160KI","robots":{"index":"index","follow":"follow","max-snippet":"max-snippet:-1","max-image-preview":"max-image-preview:large","max-video-preview":"max-video-preview:-1"},"canonical":"https:\/\/radioljubuski.ba\/index.php\/2022\/06\/27\/za-kavu-sok-i-sendvic-platili-517-kuna-ne-nije-dubrovnik\/","og_locale":"hr_HR","og_type":"article","og_title":"Za kavu, sok i sendvi\u010d platili 517 kuna! Ne, nije Dubrovnik - RADIO LJUBU\u0160KI","og_description":"Sok od jabuke, ove je godine postigao cijenu vrhunskog vina. Tako primjerice litra soka od jabuke, u &#8220;Kavani Wagner&#8221; koja se nalazi u sklopu &#8220;Milenij hotela&#8221; u Opatiji ko\u0161ta 190 kuna. Litra mineralne vode je 140 kuna, a Coca cola 154 kune. To je ako ste \u017eedni, a ako ste kojom nesre\u0107om ogladnjeli i jede [&hellip;]","og_url":"https:\/\/radioljubuski.ba\/index.php\/2022\/06\/27\/za-kavu-sok-i-sendvic-platili-517-kuna-ne-nije-dubrovnik\/","og_site_name":"RADIO LJUBU\u0160KI","article_publisher":"https:\/\/www.facebook.com\/Radiio-Ljubuski-1490835324566332","article_published_time":"2022-06-27T12:04:16+00:00","article_modified_time":"2022-06-27T12:12:41+00:00","og_image":[{"width":1000,"height":625,"url":"https:\/\/radioljubuski.ba\/wp-content\/uploads\/2022\/06\/8-2022-06-27-11-44-36-opatija.jpg","type":"image\/jpeg"}],"author":"Radio Ljubu\u0161ki","twitter_card":"summary_large_image","twitter_creator":"@radioljubuski","twitter_site":"@radioljubuski","twitter_misc":{"Napisao\/la":"Radio Ljubu\u0161ki","Procijenjeno vrijeme \u010ditanja":"2 minute"},"schema":{"@context":"https:\/\/schema.org","@graph":[{"@type":"Article","@id":"https:\/\/radioljubuski.ba\/index.php\/2022\/06\/27\/za-kavu-sok-i-sendvic-platili-517-kuna-ne-nije-dubrovnik\/#article","isPartOf":{"@id":"https:\/\/radioljubuski.ba\/index.php\/2022\/06\/27\/za-kavu-sok-i-sendvic-platili-517-kuna-ne-nije-dubrovnik\/"},"author":{"name":"Radio Ljubu\u0161ki","@id":"https:\/\/radioljubuski.ba\/#\/schema\/person\/19fc700381a780f69665d7956c469e3b"},"headline":"Za kavu, sok i sendvi\u010d platili 517 kuna! Ne, nije Dubrovnik","datePublished":"2022-06-27T12:04:16+00:00","dateModified":"2022-06-27T12:12:41+00:00","mainEntityOfPage":{"@id":"https:\/\/radioljubuski.ba\/index.php\/2022\/06\/27\/za-kavu-sok-i-sendvic-platili-517-kuna-ne-nije-dubrovnik\/"},"wordCount":328,"publisher":{"@id":"https:\/\/radioljubuski.ba\/#organization"},"image":{"@id":"https:\/\/radioljubuski.ba\/index.php\/2022\/06\/27\/za-kavu-sok-i-sendvic-platili-517-kuna-ne-nije-dubrovnik\/#primaryimage"},"thumbnailUrl":"https:\/\/radioljubuski.ba\/wp-content\/uploads\/2022\/06\/8-2022-06-27-11-44-36-opatija.jpg","articleSection":["BIH i regija"],"inLanguage":"hr"},{"@type":"WebPage","@id":"https:\/\/radioljubuski.ba\/index.php\/2022\/06\/27\/za-kavu-sok-i-sendvic-platili-517-kuna-ne-nije-dubrovnik\/","url":"https:\/\/radioljubuski.ba\/index.php\/2022\/06\/27\/za-kavu-sok-i-sendvic-platili-517-kuna-ne-nije-dubrovnik\/","name":"Za kavu, sok i sendvi\u010d platili 517 kuna! Ne, nije Dubrovnik - RADIO LJUBU\u0160KI","isPartOf":{"@id":"https:\/\/radioljubuski.ba\/#website"},"primaryImageOfPage":{"@id":"https:\/\/radioljubuski.ba\/index.php\/2022\/06\/27\/za-kavu-sok-i-sendvic-platili-517-kuna-ne-nije-dubrovnik\/#primaryimage"},"image":{"@id":"https:\/\/radioljubuski.ba\/index.php\/2022\/06\/27\/za-kavu-sok-i-sendvic-platili-517-kuna-ne-nije-dubrovnik\/#primaryimage"},"thumbnailUrl":"https:\/\/radioljubuski.ba\/wp-content\/uploads\/2022\/06\/8-2022-06-27-11-44-36-opatija.jpg","datePublished":"2022-06-27T12:04:16+00:00","dateModified":"2022-06-27T12:12:41+00:00","breadcrumb":{"@id":"https:\/\/radioljubuski.ba\/index.php\/2022\/06\/27\/za-kavu-sok-i-sendvic-platili-517-kuna-ne-nije-dubrovnik\/#breadcrumb"},"inLanguage":"hr","potentialAction":[{"@type":"ReadAction","target":["https:\/\/radioljubuski.ba\/index.php\/2022\/06\/27\/za-kavu-sok-i-sendvic-platili-517-kuna-ne-nije-dubrovnik\/"]}]},{"@type":"ImageObject","inLanguage":"hr","@id":"https:\/\/radioljubuski.ba\/index.php\/2022\/06\/27\/za-kavu-sok-i-sendvic-platili-517-kuna-ne-nije-dubrovnik\/#primaryimage","url":"https:\/\/radioljubuski.ba\/wp-content\/uploads\/2022\/06\/8-2022-06-27-11-44-36-opatija.jpg","contentUrl":"https:\/\/radioljubuski.ba\/wp-content\/uploads\/2022\/06\/8-2022-06-27-11-44-36-opatija.jpg","width":1000,"height":625},{"@type":"BreadcrumbList","@id":"https:\/\/radioljubuski.ba\/index.php\/2022\/06\/27\/za-kavu-sok-i-sendvic-platili-517-kuna-ne-nije-dubrovnik\/#breadcrumb","itemListElement":[{"@type":"ListItem","position":1,"name":"Po\u010detna stranica","item":"https:\/\/radioljubuski.ba\/"},{"@type":"ListItem","position":2,"name":"Za kavu, sok i sendvi\u010d platili 517 kuna! Ne, nije Dubrovnik"}]},{"@type":"WebSite","@id":"https:\/\/radioljubuski.ba\/#website","url":"https:\/\/radioljubuski.ba\/","name":"Radio Ljubu\u0161ki","description":"Sun\u010dana frekvencija Hercegovine","publisher":{"@id":"https:\/\/radioljubuski.ba\/#organization"},"potentialAction":[{"@type":"SearchAction","target":{"@type":"EntryPoint","urlTemplate":"https:\/\/radioljubuski.ba\/?s={search_term_string}"},"query-input":{"@type":"PropertyValueSpecification","valueRequired":true,"valueName":"search_term_string"}}],"inLanguage":"hr"},{"@type":"Organization","@id":"https:\/\/radioljubuski.ba\/#organization","name":"Radio Ljubu\u0161ki","url":"https:\/\/radioljubuski.ba\/","logo":{"@type":"ImageObject","inLanguage":"hr","@id":"https:\/\/radioljubuski.ba\/#\/schema\/logo\/image\/","url":"https:\/\/radioljubuski.ba\/wp-content\/uploads\/2021\/02\/cropped-Radio_Ljubuski_logo1.jpg","contentUrl":"https:\/\/radioljubuski.ba\/wp-content\/uploads\/2021\/02\/cropped-Radio_Ljubuski_logo1.jpg","width":512,"height":512,"caption":"Radio Ljubu\u0161ki"},"image":{"@id":"https:\/\/radioljubuski.ba\/#\/schema\/logo\/image\/"},"sameAs":["https:\/\/www.facebook.com\/Radiio-Ljubuski-1490835324566332","https:\/\/x.com\/radioljubuski","https:\/\/hr.linkedin.com\/company\/radio-ljubuski","https:\/\/www.youtube.com\/channel\/UCHYaeO_n0Db3tjNGudGpXyw"]},{"@type":"Person","@id":"https:\/\/radioljubuski.ba\/#\/schema\/person\/19fc700381a780f69665d7956c469e3b","name":"Radio Ljubu\u0161ki"}]}},"_links":{"self":[{"href":"https:\/\/radioljubuski.ba\/index.php\/wp-json\/wp\/v2\/posts\/154049","targetHints":{"allow":["GET"]}}],"collection":[{"href":"https:\/\/radioljubuski.ba\/index.php\/wp-json\/wp\/v2\/posts"}],"about":[{"href":"https:\/\/radioljubuski.ba\/index.php\/wp-json\/wp\/v2\/types\/post"}],"author":[{"embeddable":true,"href":"https:\/\/radioljubuski.ba\/index.php\/wp-json\/wp\/v2\/users\/2"}],"replies":[{"embeddable":true,"href":"https:\/\/radioljubuski.ba\/index.php\/wp-json\/wp\/v2\/comments?post=154049"}],"version-history":[{"count":1,"href":"https:\/\/radioljubuski.ba\/index.php\/wp-json\/wp\/v2\/posts\/154049\/revisions"}],"predecessor-version":[{"id":154051,"href":"https:\/\/radioljubuski.ba\/index.php\/wp-json\/wp\/v2\/posts\/154049\/revisions\/154051"}],"wp:featuredmedia":[{"embeddable":true,"href":"https:\/\/radioljubuski.ba\/index.php\/wp-json\/wp\/v2\/media\/154050"}],"wp:attachment":[{"href":"https:\/\/radioljubuski.ba\/index.php\/wp-json\/wp\/v2\/media?parent=154049"}],"wp:term":[{"taxonomy":"category","embeddable":true,"href":"https:\/\/radioljubuski.ba\/index.php\/wp-json\/wp\/v2\/categories?post=154049"},{"taxonomy":"post_tag","embeddable":true,"href":"https:\/\/radioljubuski.ba\/index.php\/wp-json\/wp\/v2\/tags?post=154049"}],"curies":[{"name":"wp","href":"https:\/\/api.w.org\/{rel}","templated":true}]}}