{"id":154055,"date":"2022-06-27T13:09:29","date_gmt":"2022-06-27T12:09:29","guid":{"rendered":"https:\/\/radioljubuski.ba\/?p=154055"},"modified":"2022-06-27T13:09:31","modified_gmt":"2022-06-27T12:09:31","slug":"drzavni-sluzbenici-na-mirnim-prosvjedima-ispred-psbih-trazili-usvajanje-proracuna-i-povecanje-placa","status":"publish","type":"post","link":"https:\/\/radioljubuski.ba\/index.php\/2022\/06\/27\/drzavni-sluzbenici-na-mirnim-prosvjedima-ispred-psbih-trazili-usvajanje-proracuna-i-povecanje-placa\/","title":{"rendered":"Dr\u017eavni slu\u017ebenici na mirnim prosvjedima ispred PSBiH tra\u017eili usvajanje prora\u010duna i pove\u0107anje pla\u0107a"},"content":{"rendered":"\n<p>Zaposleni u dr\u017eavnim institucijama ponovo su se okupili ispred zgrade Parlamentarne skup\u0161tine BiH (PSBiH), poru\u010duju\u0107i da se na njihovom materijalnom polo\u017eaju ne radi ve\u0107 12 godina. Posebno ih zabrinjava to \u0161to ih javnost poistovje\u0107uje s ministrima i parlamentarcima, dok se, kako ka\u017eu, bore za golu egzistenciju.<\/p>\n\n\n\n<p>Radnici dr\u017eavnih institucija Bosne i Hercegovine danas su ponovo mirnim prosvjedom u Sarajevu, tra\u017ee\u0107i potpisivanje kolektivnog ugovora, vi\u0161e pla\u0107e i usvajanje prora\u010duna.<\/p>\n\n\n\n<p>Kako je poru\u010deno, vlast ve\u0107 godinama nad njima provodi teror.<\/p>\n\n\n\n<p>Predsjednik Samostalnog sindikata slu\u017ebenika i zaposlenika u institucijama Bosne i Hercegovine Salih Kar\u010di\u0107 je napomenuo da \u0161esti put organiziraju prosvjede.<\/p>\n\n\n\n<p>&#8211; Jedina smo dr\u017eava u Europi u kojoj vlada nema potpisan kolektivni ugovor s dr\u017eavnim slu\u017ebenicama. Mora se ubrzati potpisivanje kolektivnog ugovora, jer time postajemo partneri i dobivamo pravnu za\u0161titu. Ovako mi ne postojimo, mi smo udru\u017eenje gra\u0111ana koje nitko ni\u0161ta ne pita &#8211; podsjetio je.<\/p>\n\n\n\n<p>Kazao je da tra\u017ee i usvajanje prora\u010duna.<\/p>\n\n\n\n<p>&#8211; Tra\u017eimo usvajanje prora\u010duna. Tra\u017eimo da se osnovica i koeficijenti usklade s tro\u0161kovima \u017eivota. Potro\u0161a\u010dka korpa za \u010detvero\u010dlanu obitelj je 2.400 KM, a dvije tre\u0107ine zaposlenih u dr\u017eavnim institucijama ne mo\u017ee pre\u017eivjeti s ovim primanjima. Osnovna pla\u0107a radnicima je 475 KM &#8211; istakao je Kar\u010di\u0107.<\/p>\n\n\n\n<p>Istakao je da se zadnjih 13 godina nad radnicima dr\u017eavnih institucija provodi klasi\u010dni teror.<\/p>\n\n\n\n<p>&#8211; Mi 13 godina nemamo pove\u0107anje osnovice pla\u0107e &#8211; dodao je.<\/p>\n\n\n\n<p>Izvor:pogled.ba<\/p>\n","protected":false},"excerpt":{"rendered":"<p>Zaposleni u dr\u017eavnim institucijama ponovo su se okupili ispred zgrade Parlamentarne skup\u0161tine BiH (PSBiH), poru\u010duju\u0107i da se na njihovom materijalnom polo\u017eaju ne radi ve\u0107 12 godina. Posebno ih zabrinjava to \u0161to ih javnost poistovje\u0107uje s ministrima i parlamentarcima, dok se, kako ka\u017eu, bore za golu egzistenciju. Radnici dr\u017eavnih institucija Bosne i Hercegovine danas su ponovo [&hellip;]<\/p>\n","protected":false},"author":2,"featured_media":154056,"comment_status":"closed","ping_status":"closed","sticky":false,"template":"","format":"standard","meta":{"h5ap_radio_sources":[],"footnotes":""},"categories":[1],"tags":[],"class_list":["post-154055","post","type-post","status-publish","format-standard","has-post-thumbnail","hentry","category-bihiregija"],"yoast_head":"<!-- This site is optimized with the Yoast SEO plugin v27.5 - https:\/\/yoast.com\/product\/yoast-seo-wordpress\/ -->\n<title>Dr\u017eavni slu\u017ebenici na mirnim prosvjedima ispred PSBiH tra\u017eili usvajanje prora\u010duna i pove\u0107anje pla\u0107a - RADIO LJUBU\u0160KI<\/title>\n<meta name=\"robots\" content=\"index, follow, max-snippet:-1, max-image-preview:large, max-video-preview:-1\" \/>\n<link rel=\"canonical\" href=\"https:\/\/radioljubuski.ba\/index.php\/2022\/06\/27\/drzavni-sluzbenici-na-mirnim-prosvjedima-ispred-psbih-trazili-usvajanje-proracuna-i-povecanje-placa\/\" \/>\n<meta property=\"og:locale\" content=\"hr_HR\" \/>\n<meta property=\"og:type\" content=\"article\" \/>\n<meta property=\"og:title\" content=\"Dr\u017eavni slu\u017ebenici na mirnim prosvjedima ispred PSBiH tra\u017eili usvajanje prora\u010duna i pove\u0107anje pla\u0107a - RADIO LJUBU\u0160KI\" \/>\n<meta property=\"og:description\" content=\"Zaposleni u dr\u017eavnim institucijama ponovo su se okupili ispred zgrade Parlamentarne skup\u0161tine BiH (PSBiH), poru\u010duju\u0107i da se na njihovom materijalnom polo\u017eaju ne radi ve\u0107 12 godina. Posebno ih zabrinjava to \u0161to ih javnost poistovje\u0107uje s ministrima i parlamentarcima, dok se, kako ka\u017eu, bore za golu egzistenciju. Radnici dr\u017eavnih institucija Bosne i Hercegovine danas su ponovo [&hellip;]\" \/>\n<meta property=\"og:url\" content=\"https:\/\/radioljubuski.ba\/index.php\/2022\/06\/27\/drzavni-sluzbenici-na-mirnim-prosvjedima-ispred-psbih-trazili-usvajanje-proracuna-i-povecanje-placa\/\" \/>\n<meta property=\"og:site_name\" content=\"RADIO LJUBU\u0160KI\" \/>\n<meta property=\"article:publisher\" content=\"https:\/\/www.facebook.com\/Radiio-Ljubuski-1490835324566332\" \/>\n<meta property=\"article:published_time\" content=\"2022-06-27T12:09:29+00:00\" \/>\n<meta property=\"article:modified_time\" content=\"2022-06-27T12:09:31+00:00\" \/>\n<meta property=\"og:image\" content=\"https:\/\/radioljubuski.ba\/wp-content\/uploads\/2022\/06\/3-2022-06-27-12-33-04-l_11dc5974c6df6503db2615b6eb6eadc8.jpg\" \/>\n\t<meta property=\"og:image:width\" content=\"1000\" \/>\n\t<meta property=\"og:image:height\" content=\"625\" \/>\n\t<meta property=\"og:image:type\" content=\"image\/jpeg\" \/>\n<meta name=\"author\" content=\"Radio Ljubu\u0161ki\" \/>\n<meta name=\"twitter:card\" content=\"summary_large_image\" \/>\n<meta name=\"twitter:creator\" content=\"@radioljubuski\" \/>\n<meta name=\"twitter:site\" content=\"@radioljubuski\" \/>\n<meta name=\"twitter:label1\" content=\"Napisao\/la\" \/>\n\t<meta name=\"twitter:data1\" content=\"Radio Ljubu\u0161ki\" \/>\n\t<meta name=\"twitter:label2\" content=\"Procijenjeno vrijeme \u010ditanja\" \/>\n\t<meta name=\"twitter:data2\" content=\"1 minuta\" \/>\n<script type=\"application\/ld+json\" class=\"yoast-schema-graph\">{\"@context\":\"https:\\\/\\\/schema.org\",\"@graph\":[{\"@type\":\"Article\",\"@id\":\"https:\\\/\\\/radioljubuski.ba\\\/index.php\\\/2022\\\/06\\\/27\\\/drzavni-sluzbenici-na-mirnim-prosvjedima-ispred-psbih-trazili-usvajanje-proracuna-i-povecanje-placa\\\/#article\",\"isPartOf\":{\"@id\":\"https:\\\/\\\/radioljubuski.ba\\\/index.php\\\/2022\\\/06\\\/27\\\/drzavni-sluzbenici-na-mirnim-prosvjedima-ispred-psbih-trazili-usvajanje-proracuna-i-povecanje-placa\\\/\"},\"author\":{\"name\":\"Radio Ljubu\u0161ki\",\"@id\":\"https:\\\/\\\/radioljubuski.ba\\\/#\\\/schema\\\/person\\\/19fc700381a780f69665d7956c469e3b\"},\"headline\":\"Dr\u017eavni slu\u017ebenici na mirnim prosvjedima ispred PSBiH tra\u017eili usvajanje prora\u010duna i pove\u0107anje pla\u0107a\",\"datePublished\":\"2022-06-27T12:09:29+00:00\",\"dateModified\":\"2022-06-27T12:09:31+00:00\",\"mainEntityOfPage\":{\"@id\":\"https:\\\/\\\/radioljubuski.ba\\\/index.php\\\/2022\\\/06\\\/27\\\/drzavni-sluzbenici-na-mirnim-prosvjedima-ispred-psbih-trazili-usvajanje-proracuna-i-povecanje-placa\\\/\"},\"wordCount\":280,\"publisher\":{\"@id\":\"https:\\\/\\\/radioljubuski.ba\\\/#organization\"},\"image\":{\"@id\":\"https:\\\/\\\/radioljubuski.ba\\\/index.php\\\/2022\\\/06\\\/27\\\/drzavni-sluzbenici-na-mirnim-prosvjedima-ispred-psbih-trazili-usvajanje-proracuna-i-povecanje-placa\\\/#primaryimage\"},\"thumbnailUrl\":\"https:\\\/\\\/radioljubuski.ba\\\/wp-content\\\/uploads\\\/2022\\\/06\\\/3-2022-06-27-12-33-04-l_11dc5974c6df6503db2615b6eb6eadc8.jpg\",\"articleSection\":[\"BIH i regija\"],\"inLanguage\":\"hr\"},{\"@type\":\"WebPage\",\"@id\":\"https:\\\/\\\/radioljubuski.ba\\\/index.php\\\/2022\\\/06\\\/27\\\/drzavni-sluzbenici-na-mirnim-prosvjedima-ispred-psbih-trazili-usvajanje-proracuna-i-povecanje-placa\\\/\",\"url\":\"https:\\\/\\\/radioljubuski.ba\\\/index.php\\\/2022\\\/06\\\/27\\\/drzavni-sluzbenici-na-mirnim-prosvjedima-ispred-psbih-trazili-usvajanje-proracuna-i-povecanje-placa\\\/\",\"name\":\"Dr\u017eavni slu\u017ebenici na mirnim prosvjedima ispred PSBiH tra\u017eili usvajanje prora\u010duna i pove\u0107anje pla\u0107a - RADIO LJUBU\u0160KI\",\"isPartOf\":{\"@id\":\"https:\\\/\\\/radioljubuski.ba\\\/#website\"},\"primaryImageOfPage\":{\"@id\":\"https:\\\/\\\/radioljubuski.ba\\\/index.php\\\/2022\\\/06\\\/27\\\/drzavni-sluzbenici-na-mirnim-prosvjedima-ispred-psbih-trazili-usvajanje-proracuna-i-povecanje-placa\\\/#primaryimage\"},\"image\":{\"@id\":\"https:\\\/\\\/radioljubuski.ba\\\/index.php\\\/2022\\\/06\\\/27\\\/drzavni-sluzbenici-na-mirnim-prosvjedima-ispred-psbih-trazili-usvajanje-proracuna-i-povecanje-placa\\\/#primaryimage\"},\"thumbnailUrl\":\"https:\\\/\\\/radioljubuski.ba\\\/wp-content\\\/uploads\\\/2022\\\/06\\\/3-2022-06-27-12-33-04-l_11dc5974c6df6503db2615b6eb6eadc8.jpg\",\"datePublished\":\"2022-06-27T12:09:29+00:00\",\"dateModified\":\"2022-06-27T12:09:31+00:00\",\"breadcrumb\":{\"@id\":\"https:\\\/\\\/radioljubuski.ba\\\/index.php\\\/2022\\\/06\\\/27\\\/drzavni-sluzbenici-na-mirnim-prosvjedima-ispred-psbih-trazili-usvajanje-proracuna-i-povecanje-placa\\\/#breadcrumb\"},\"inLanguage\":\"hr\",\"potentialAction\":[{\"@type\":\"ReadAction\",\"target\":[\"https:\\\/\\\/radioljubuski.ba\\\/index.php\\\/2022\\\/06\\\/27\\\/drzavni-sluzbenici-na-mirnim-prosvjedima-ispred-psbih-trazili-usvajanje-proracuna-i-povecanje-placa\\\/\"]}]},{\"@type\":\"ImageObject\",\"inLanguage\":\"hr\",\"@id\":\"https:\\\/\\\/radioljubuski.ba\\\/index.php\\\/2022\\\/06\\\/27\\\/drzavni-sluzbenici-na-mirnim-prosvjedima-ispred-psbih-trazili-usvajanje-proracuna-i-povecanje-placa\\\/#primaryimage\",\"url\":\"https:\\\/\\\/radioljubuski.ba\\\/wp-content\\\/uploads\\\/2022\\\/06\\\/3-2022-06-27-12-33-04-l_11dc5974c6df6503db2615b6eb6eadc8.jpg\",\"contentUrl\":\"https:\\\/\\\/radioljubuski.ba\\\/wp-content\\\/uploads\\\/2022\\\/06\\\/3-2022-06-27-12-33-04-l_11dc5974c6df6503db2615b6eb6eadc8.jpg\",\"width\":1000,\"height\":625},{\"@type\":\"BreadcrumbList\",\"@id\":\"https:\\\/\\\/radioljubuski.ba\\\/index.php\\\/2022\\\/06\\\/27\\\/drzavni-sluzbenici-na-mirnim-prosvjedima-ispred-psbih-trazili-usvajanje-proracuna-i-povecanje-placa\\\/#breadcrumb\",\"itemListElement\":[{\"@type\":\"ListItem\",\"position\":1,\"name\":\"Po\u010detna stranica\",\"item\":\"https:\\\/\\\/radioljubuski.ba\\\/\"},{\"@type\":\"ListItem\",\"position\":2,\"name\":\"Dr\u017eavni slu\u017ebenici na mirnim prosvjedima ispred PSBiH tra\u017eili usvajanje prora\u010duna i pove\u0107anje pla\u0107a\"}]},{\"@type\":\"WebSite\",\"@id\":\"https:\\\/\\\/radioljubuski.ba\\\/#website\",\"url\":\"https:\\\/\\\/radioljubuski.ba\\\/\",\"name\":\"Radio Ljubu\u0161ki\",\"description\":\"Sun\u010dana frekvencija Hercegovine\",\"publisher\":{\"@id\":\"https:\\\/\\\/radioljubuski.ba\\\/#organization\"},\"potentialAction\":[{\"@type\":\"SearchAction\",\"target\":{\"@type\":\"EntryPoint\",\"urlTemplate\":\"https:\\\/\\\/radioljubuski.ba\\\/?s={search_term_string}\"},\"query-input\":{\"@type\":\"PropertyValueSpecification\",\"valueRequired\":true,\"valueName\":\"search_term_string\"}}],\"inLanguage\":\"hr\"},{\"@type\":\"Organization\",\"@id\":\"https:\\\/\\\/radioljubuski.ba\\\/#organization\",\"name\":\"Radio Ljubu\u0161ki\",\"url\":\"https:\\\/\\\/radioljubuski.ba\\\/\",\"logo\":{\"@type\":\"ImageObject\",\"inLanguage\":\"hr\",\"@id\":\"https:\\\/\\\/radioljubuski.ba\\\/#\\\/schema\\\/logo\\\/image\\\/\",\"url\":\"https:\\\/\\\/radioljubuski.ba\\\/wp-content\\\/uploads\\\/2021\\\/02\\\/cropped-Radio_Ljubuski_logo1.jpg\",\"contentUrl\":\"https:\\\/\\\/radioljubuski.ba\\\/wp-content\\\/uploads\\\/2021\\\/02\\\/cropped-Radio_Ljubuski_logo1.jpg\",\"width\":512,\"height\":512,\"caption\":\"Radio Ljubu\u0161ki\"},\"image\":{\"@id\":\"https:\\\/\\\/radioljubuski.ba\\\/#\\\/schema\\\/logo\\\/image\\\/\"},\"sameAs\":[\"https:\\\/\\\/www.facebook.com\\\/Radiio-Ljubuski-1490835324566332\",\"https:\\\/\\\/x.com\\\/radioljubuski\",\"https:\\\/\\\/hr.linkedin.com\\\/company\\\/radio-ljubuski\",\"https:\\\/\\\/www.youtube.com\\\/channel\\\/UCHYaeO_n0Db3tjNGudGpXyw\"]},{\"@type\":\"Person\",\"@id\":\"https:\\\/\\\/radioljubuski.ba\\\/#\\\/schema\\\/person\\\/19fc700381a780f69665d7956c469e3b\",\"name\":\"Radio Ljubu\u0161ki\"}]}<\/script>\n<!-- \/ Yoast SEO plugin. -->","yoast_head_json":{"title":"Dr\u017eavni slu\u017ebenici na mirnim prosvjedima ispred PSBiH tra\u017eili usvajanje prora\u010duna i pove\u0107anje pla\u0107a - RADIO LJUBU\u0160KI","robots":{"index":"index","follow":"follow","max-snippet":"max-snippet:-1","max-image-preview":"max-image-preview:large","max-video-preview":"max-video-preview:-1"},"canonical":"https:\/\/radioljubuski.ba\/index.php\/2022\/06\/27\/drzavni-sluzbenici-na-mirnim-prosvjedima-ispred-psbih-trazili-usvajanje-proracuna-i-povecanje-placa\/","og_locale":"hr_HR","og_type":"article","og_title":"Dr\u017eavni slu\u017ebenici na mirnim prosvjedima ispred PSBiH tra\u017eili usvajanje prora\u010duna i pove\u0107anje pla\u0107a - RADIO LJUBU\u0160KI","og_description":"Zaposleni u dr\u017eavnim institucijama ponovo su se okupili ispred zgrade Parlamentarne skup\u0161tine BiH (PSBiH), poru\u010duju\u0107i da se na njihovom materijalnom polo\u017eaju ne radi ve\u0107 12 godina. Posebno ih zabrinjava to \u0161to ih javnost poistovje\u0107uje s ministrima i parlamentarcima, dok se, kako ka\u017eu, bore za golu egzistenciju. Radnici dr\u017eavnih institucija Bosne i Hercegovine danas su ponovo [&hellip;]","og_url":"https:\/\/radioljubuski.ba\/index.php\/2022\/06\/27\/drzavni-sluzbenici-na-mirnim-prosvjedima-ispred-psbih-trazili-usvajanje-proracuna-i-povecanje-placa\/","og_site_name":"RADIO LJUBU\u0160KI","article_publisher":"https:\/\/www.facebook.com\/Radiio-Ljubuski-1490835324566332","article_published_time":"2022-06-27T12:09:29+00:00","article_modified_time":"2022-06-27T12:09:31+00:00","og_image":[{"width":1000,"height":625,"url":"https:\/\/radioljubuski.ba\/wp-content\/uploads\/2022\/06\/3-2022-06-27-12-33-04-l_11dc5974c6df6503db2615b6eb6eadc8.jpg","type":"image\/jpeg"}],"author":"Radio Ljubu\u0161ki","twitter_card":"summary_large_image","twitter_creator":"@radioljubuski","twitter_site":"@radioljubuski","twitter_misc":{"Napisao\/la":"Radio Ljubu\u0161ki","Procijenjeno vrijeme \u010ditanja":"1 minuta"},"schema":{"@context":"https:\/\/schema.org","@graph":[{"@type":"Article","@id":"https:\/\/radioljubuski.ba\/index.php\/2022\/06\/27\/drzavni-sluzbenici-na-mirnim-prosvjedima-ispred-psbih-trazili-usvajanje-proracuna-i-povecanje-placa\/#article","isPartOf":{"@id":"https:\/\/radioljubuski.ba\/index.php\/2022\/06\/27\/drzavni-sluzbenici-na-mirnim-prosvjedima-ispred-psbih-trazili-usvajanje-proracuna-i-povecanje-placa\/"},"author":{"name":"Radio Ljubu\u0161ki","@id":"https:\/\/radioljubuski.ba\/#\/schema\/person\/19fc700381a780f69665d7956c469e3b"},"headline":"Dr\u017eavni slu\u017ebenici na mirnim prosvjedima ispred PSBiH tra\u017eili usvajanje prora\u010duna i pove\u0107anje pla\u0107a","datePublished":"2022-06-27T12:09:29+00:00","dateModified":"2022-06-27T12:09:31+00:00","mainEntityOfPage":{"@id":"https:\/\/radioljubuski.ba\/index.php\/2022\/06\/27\/drzavni-sluzbenici-na-mirnim-prosvjedima-ispred-psbih-trazili-usvajanje-proracuna-i-povecanje-placa\/"},"wordCount":280,"publisher":{"@id":"https:\/\/radioljubuski.ba\/#organization"},"image":{"@id":"https:\/\/radioljubuski.ba\/index.php\/2022\/06\/27\/drzavni-sluzbenici-na-mirnim-prosvjedima-ispred-psbih-trazili-usvajanje-proracuna-i-povecanje-placa\/#primaryimage"},"thumbnailUrl":"https:\/\/radioljubuski.ba\/wp-content\/uploads\/2022\/06\/3-2022-06-27-12-33-04-l_11dc5974c6df6503db2615b6eb6eadc8.jpg","articleSection":["BIH i regija"],"inLanguage":"hr"},{"@type":"WebPage","@id":"https:\/\/radioljubuski.ba\/index.php\/2022\/06\/27\/drzavni-sluzbenici-na-mirnim-prosvjedima-ispred-psbih-trazili-usvajanje-proracuna-i-povecanje-placa\/","url":"https:\/\/radioljubuski.ba\/index.php\/2022\/06\/27\/drzavni-sluzbenici-na-mirnim-prosvjedima-ispred-psbih-trazili-usvajanje-proracuna-i-povecanje-placa\/","name":"Dr\u017eavni slu\u017ebenici na mirnim prosvjedima ispred PSBiH tra\u017eili usvajanje prora\u010duna i pove\u0107anje pla\u0107a - RADIO LJUBU\u0160KI","isPartOf":{"@id":"https:\/\/radioljubuski.ba\/#website"},"primaryImageOfPage":{"@id":"https:\/\/radioljubuski.ba\/index.php\/2022\/06\/27\/drzavni-sluzbenici-na-mirnim-prosvjedima-ispred-psbih-trazili-usvajanje-proracuna-i-povecanje-placa\/#primaryimage"},"image":{"@id":"https:\/\/radioljubuski.ba\/index.php\/2022\/06\/27\/drzavni-sluzbenici-na-mirnim-prosvjedima-ispred-psbih-trazili-usvajanje-proracuna-i-povecanje-placa\/#primaryimage"},"thumbnailUrl":"https:\/\/radioljubuski.ba\/wp-content\/uploads\/2022\/06\/3-2022-06-27-12-33-04-l_11dc5974c6df6503db2615b6eb6eadc8.jpg","datePublished":"2022-06-27T12:09:29+00:00","dateModified":"2022-06-27T12:09:31+00:00","breadcrumb":{"@id":"https:\/\/radioljubuski.ba\/index.php\/2022\/06\/27\/drzavni-sluzbenici-na-mirnim-prosvjedima-ispred-psbih-trazili-usvajanje-proracuna-i-povecanje-placa\/#breadcrumb"},"inLanguage":"hr","potentialAction":[{"@type":"ReadAction","target":["https:\/\/radioljubuski.ba\/index.php\/2022\/06\/27\/drzavni-sluzbenici-na-mirnim-prosvjedima-ispred-psbih-trazili-usvajanje-proracuna-i-povecanje-placa\/"]}]},{"@type":"ImageObject","inLanguage":"hr","@id":"https:\/\/radioljubuski.ba\/index.php\/2022\/06\/27\/drzavni-sluzbenici-na-mirnim-prosvjedima-ispred-psbih-trazili-usvajanje-proracuna-i-povecanje-placa\/#primaryimage","url":"https:\/\/radioljubuski.ba\/wp-content\/uploads\/2022\/06\/3-2022-06-27-12-33-04-l_11dc5974c6df6503db2615b6eb6eadc8.jpg","contentUrl":"https:\/\/radioljubuski.ba\/wp-content\/uploads\/2022\/06\/3-2022-06-27-12-33-04-l_11dc5974c6df6503db2615b6eb6eadc8.jpg","width":1000,"height":625},{"@type":"BreadcrumbList","@id":"https:\/\/radioljubuski.ba\/index.php\/2022\/06\/27\/drzavni-sluzbenici-na-mirnim-prosvjedima-ispred-psbih-trazili-usvajanje-proracuna-i-povecanje-placa\/#breadcrumb","itemListElement":[{"@type":"ListItem","position":1,"name":"Po\u010detna stranica","item":"https:\/\/radioljubuski.ba\/"},{"@type":"ListItem","position":2,"name":"Dr\u017eavni slu\u017ebenici na mirnim prosvjedima ispred PSBiH tra\u017eili usvajanje prora\u010duna i pove\u0107anje pla\u0107a"}]},{"@type":"WebSite","@id":"https:\/\/radioljubuski.ba\/#website","url":"https:\/\/radioljubuski.ba\/","name":"Radio Ljubu\u0161ki","description":"Sun\u010dana frekvencija Hercegovine","publisher":{"@id":"https:\/\/radioljubuski.ba\/#organization"},"potentialAction":[{"@type":"SearchAction","target":{"@type":"EntryPoint","urlTemplate":"https:\/\/radioljubuski.ba\/?s={search_term_string}"},"query-input":{"@type":"PropertyValueSpecification","valueRequired":true,"valueName":"search_term_string"}}],"inLanguage":"hr"},{"@type":"Organization","@id":"https:\/\/radioljubuski.ba\/#organization","name":"Radio Ljubu\u0161ki","url":"https:\/\/radioljubuski.ba\/","logo":{"@type":"ImageObject","inLanguage":"hr","@id":"https:\/\/radioljubuski.ba\/#\/schema\/logo\/image\/","url":"https:\/\/radioljubuski.ba\/wp-content\/uploads\/2021\/02\/cropped-Radio_Ljubuski_logo1.jpg","contentUrl":"https:\/\/radioljubuski.ba\/wp-content\/uploads\/2021\/02\/cropped-Radio_Ljubuski_logo1.jpg","width":512,"height":512,"caption":"Radio Ljubu\u0161ki"},"image":{"@id":"https:\/\/radioljubuski.ba\/#\/schema\/logo\/image\/"},"sameAs":["https:\/\/www.facebook.com\/Radiio-Ljubuski-1490835324566332","https:\/\/x.com\/radioljubuski","https:\/\/hr.linkedin.com\/company\/radio-ljubuski","https:\/\/www.youtube.com\/channel\/UCHYaeO_n0Db3tjNGudGpXyw"]},{"@type":"Person","@id":"https:\/\/radioljubuski.ba\/#\/schema\/person\/19fc700381a780f69665d7956c469e3b","name":"Radio Ljubu\u0161ki"}]}},"_links":{"self":[{"href":"https:\/\/radioljubuski.ba\/index.php\/wp-json\/wp\/v2\/posts\/154055","targetHints":{"allow":["GET"]}}],"collection":[{"href":"https:\/\/radioljubuski.ba\/index.php\/wp-json\/wp\/v2\/posts"}],"about":[{"href":"https:\/\/radioljubuski.ba\/index.php\/wp-json\/wp\/v2\/types\/post"}],"author":[{"embeddable":true,"href":"https:\/\/radioljubuski.ba\/index.php\/wp-json\/wp\/v2\/users\/2"}],"replies":[{"embeddable":true,"href":"https:\/\/radioljubuski.ba\/index.php\/wp-json\/wp\/v2\/comments?post=154055"}],"version-history":[{"count":1,"href":"https:\/\/radioljubuski.ba\/index.php\/wp-json\/wp\/v2\/posts\/154055\/revisions"}],"predecessor-version":[{"id":154057,"href":"https:\/\/radioljubuski.ba\/index.php\/wp-json\/wp\/v2\/posts\/154055\/revisions\/154057"}],"wp:featuredmedia":[{"embeddable":true,"href":"https:\/\/radioljubuski.ba\/index.php\/wp-json\/wp\/v2\/media\/154056"}],"wp:attachment":[{"href":"https:\/\/radioljubuski.ba\/index.php\/wp-json\/wp\/v2\/media?parent=154055"}],"wp:term":[{"taxonomy":"category","embeddable":true,"href":"https:\/\/radioljubuski.ba\/index.php\/wp-json\/wp\/v2\/categories?post=154055"},{"taxonomy":"post_tag","embeddable":true,"href":"https:\/\/radioljubuski.ba\/index.php\/wp-json\/wp\/v2\/tags?post=154055"}],"curies":[{"name":"wp","href":"https:\/\/api.w.org\/{rel}","templated":true}]}}