{"id":154058,"date":"2022-06-27T13:10:36","date_gmt":"2022-06-27T12:10:36","guid":{"rendered":"https:\/\/radioljubuski.ba\/?p=154058"},"modified":"2022-06-27T13:10:37","modified_gmt":"2022-06-27T12:10:37","slug":"nato-zbog-cega-smo-u-bih-i-sto-je-nasa-primarna-misija","status":"publish","type":"post","link":"https:\/\/radioljubuski.ba\/index.php\/2022\/06\/27\/nato-zbog-cega-smo-u-bih-i-sto-je-nasa-primarna-misija\/","title":{"rendered":"NATO: Zbog \u010dega smo u BiH i \u0161to je na\u0161a primarna misija"},"content":{"rendered":"\n<p>Informativni list NATO sto\u017eera u Sarajevu je uo\u010di NATO samita u Madridu odlu\u010dio podsjetiti javnost u Bosni i Hercegovini na svoju ulogu u na\u0161oj zemlji.<\/p>\n\n\n\n<p>&#8211; Primarna misija NATO Sto\u017eera Sarajevo je pomo\u0107i vlastima Bosne i Hercegovine u reformama i obavezama u vezi Partnerstva za mir i ostvarenja iskazanog cilja bli\u017eih euroatlantskih integracija.<\/p>\n\n\n\n<p>Zemlje Partnerstva za mir (PfP) biraju vlastite prioritete suradnje, kao i nivo i tempo napretka. Na zahtjev vlasti u BiH, me\u0111unarodni stru\u010dnjaci N\u0160Sa s kolegama iz BiH trenutno rade na sljede\u0107em:<\/p>\n\n\n\n<p>Pove\u0107anje transparentnosti i parlamentarnog i civilnog nadzora nad oru\u017eanim snagama,<br>Bolja obuka vojnog osoblja u svakoj fazi njihove karijere,&nbsp;<br>Savjetovanje o planiranju i razvoju sposobnosti i opreme,&nbsp;<br>Pomo\u0107 u razvoju bud\u017eetskih, logisti\u010dkih i procedura nabavke,&nbsp;<br>Razvijanje kapaciteta za odgovor na civilne izvanredne situacije i upravljanje katastrofama,&nbsp;<br>Odgovor na krize \u2013 uklju\u010duju\u0107i poplave i pandemiju COVID-a, Podizanje interoperabilnosti Oru\u017eanih snaga.<br>Rezultat na\u0161eg partnerstva je da \u0107e BiH imati Oru\u017eane snage koje nisu samo primjer integracije, ve\u0107 i moderna, efikasna vojska svjetske klase, sposobna da odgovori na postoje\u0107e izazove.<\/p>\n\n\n\n<p>Na\u0161a misija je podr\u0161ka miru i stabilnosti u BiH i regionu \u2013 pomo\u0107 u modernizaciji, reformama i putu naprijed. Na\u0161a misija se ti\u010de borbe protiv korupcije i promoviranja vrijednosti kao \u0161to su demokracija, sloboda i vladavina prava, ti\u010de se i nastojanja da se \u017eenama omogu\u0107i da ostvare svoju punu ulogu u dru\u0161tvu, kao i stvaranja uvjeta za ulaganja i ekonomski rast.&nbsp;<\/p>\n\n\n\n<p>U kona\u010dnici, na\u0161e aktivnosti u N\u0160Sa imaju za cilj pobolj\u0161ati svakodnevni \u017eivot svih ljudi u BiH &#8211; navodi se u odgovoru na pitanje zbog \u010dega je NATO u BiH.<\/p>\n\n\n\n<p>Prednosti suradnje BiH s NATO-om<br>Navode\u0107i prednosti suradnje BiH s NATO-om, isti\u010de se lak\u0161e rje\u0161avanje problema kada imate 30 prijatelja koji \u0107e vam pomo\u0107i.<\/p>\n\n\n\n<p>Partnerstvo<br>&#8211; Na\u0161i saveznici (i partneri) rade zajedno kroz politi\u010dki dijalog, izgradnju kapaciteta i odgovor na krize kako bi osigurali da obi\u010dni gra\u0111ani na\u0161ih zemalja mogu \u017eivjeti svoje \u017eivote u miru, na temeljima zajedni\u010dkih vrijednosti: individualnih sloboda, demokracije, ljudskih prava i vladavine prava.<\/p>\n\n\n\n<p>Svaki na\u0161 partner radi s NATO-om na na\u010din koji njemu odgovara \u2013 a svaka odluka o \u010dlanstvu u kona\u010dnici je stvar BiH. Ovdje smo, na poziv vlasti, da pomognemo u unapre\u0111enju vitalnih reformi.<\/p>\n\n\n\n<p>Sigurnost<br>Na\u0161i partneri i saveznici imaju koristi ne samo od na\u0161eg sistema kolektivne obrane ve\u0107 i od pobolj\u0161anih sposobnosti koje im omogu\u0107avaju da se suo\u010de i s nacionalnim i s regionalnim sigurnosnim izazovima.<\/p>\n\n\n\n<p>Demokratske, institucionalne, te reforme sektora obrane i sigurnosti na \u010dijoj implementaciji rade vlasti u BiH, osigurat \u0107e da BiH ima moderne i sposobne, efikasne Oru\u017eane snage, kao i moderan sigurnosni sektor koji mo\u017ee za\u0161tititi interese zemlje i efikasno doprinijeti regionalnoj stabilnosti i me\u0111unarodnoj sigurnosti.<\/p>\n\n\n\n<p>Prosperitet<br>Zemlje unutar Saveza svjedo\u010de pove\u0107anju stranih investicija koje doprinose ja\u010danju ekonomije. Sigurnost vodi stabilnosti koja vodi prosperitetu.<\/p>\n\n\n\n<p>Vi\u0161e od vojske<br>NATO se ne svodi samo na svoju vojnu mo\u0107 &#8211; NATO je u kona\u010dnici politi\u010dka organizacija. Savez je osnovan u cilju unapre\u0111enja dijaloga, prevazila\u017eenja nepovjerenja, izbjegavanja upotrebe sile i za\u0161tite svojih \u010dlanica. Primarna misija NATO-a (i NATO Sto\u017eera Sarajevo) je diplomatska.<\/p>\n\n\n\n<p>Na\u0161e vojno osoblje nisu samo ljudi koji nose uniforme \u2013 to su i ljudi sa \u0161irokom lepezom zvanja, iskustava i stru\u010dnih znanja, posve\u0107eni ja\u010danju na\u0161e misije.<\/p>\n\n\n\n<p>NATO partnerstva \u0107e \u010diniti zna\u010dajan dio razgovara na madridskom samitu koji se odr\u017eava od 28. do 30. lipnja 2022.<\/p>\n\n\n\n<p>Samit \u0107e poslati glasnu i jasnu poruku da je zapadni Balkan region od strate\u0161ke va\u017enosti za NATO i da je NATO sna\u017eno posve\u0107en regionu. NATO \u0107e nastaviti promovirati stabilnost, sigurnost i suradnju u regionu u okviru na\u0161e misije na Kosovu, u skladu s UN mandatom, kroz aktivnosti Kancelarije u Beogradu i \u0160taba u Sarajevu, kao i kroz suradnju s Europskom unijom &#8211; zato \u0161to su sigurnost i stabilnost zapadnog Balkana va\u017eni za NATO i za mir i stabilnost u Europi, navodi se u priop\u0107enjuNATO-a.<\/p>\n\n\n\n<p>Izvor:avaz.ba<\/p>\n","protected":false},"excerpt":{"rendered":"<p>Informativni list NATO sto\u017eera u Sarajevu je uo\u010di NATO samita u Madridu odlu\u010dio podsjetiti javnost u Bosni i Hercegovini na svoju ulogu u na\u0161oj zemlji. &#8211; Primarna misija NATO Sto\u017eera Sarajevo je pomo\u0107i vlastima Bosne i Hercegovine u reformama i obavezama u vezi Partnerstva za mir i ostvarenja iskazanog cilja bli\u017eih euroatlantskih integracija. Zemlje Partnerstva [&hellip;]<\/p>\n","protected":false},"author":2,"featured_media":120979,"comment_status":"closed","ping_status":"closed","sticky":false,"template":"","format":"standard","meta":{"h5ap_radio_sources":[],"footnotes":""},"categories":[1],"tags":[],"class_list":["post-154058","post","type-post","status-publish","format-standard","has-post-thumbnail","hentry","category-bihiregija"],"yoast_head":"<!-- This site is optimized with the Yoast SEO plugin v27.5 - https:\/\/yoast.com\/product\/yoast-seo-wordpress\/ -->\n<title>NATO: Zbog \u010dega smo u BiH i \u0161to je na\u0161a primarna misija - RADIO LJUBU\u0160KI<\/title>\n<meta name=\"robots\" content=\"index, follow, max-snippet:-1, max-image-preview:large, max-video-preview:-1\" \/>\n<link rel=\"canonical\" href=\"https:\/\/radioljubuski.ba\/index.php\/2022\/06\/27\/nato-zbog-cega-smo-u-bih-i-sto-je-nasa-primarna-misija\/\" \/>\n<meta property=\"og:locale\" content=\"hr_HR\" \/>\n<meta property=\"og:type\" content=\"article\" \/>\n<meta property=\"og:title\" content=\"NATO: Zbog \u010dega smo u BiH i \u0161to je na\u0161a primarna misija - RADIO LJUBU\u0160KI\" \/>\n<meta property=\"og:description\" content=\"Informativni list NATO sto\u017eera u Sarajevu je uo\u010di NATO samita u Madridu odlu\u010dio podsjetiti javnost u Bosni i Hercegovini na svoju ulogu u na\u0161oj zemlji. &#8211; Primarna misija NATO Sto\u017eera Sarajevo je pomo\u0107i vlastima Bosne i Hercegovine u reformama i obavezama u vezi Partnerstva za mir i ostvarenja iskazanog cilja bli\u017eih euroatlantskih integracija. Zemlje Partnerstva [&hellip;]\" \/>\n<meta property=\"og:url\" content=\"https:\/\/radioljubuski.ba\/index.php\/2022\/06\/27\/nato-zbog-cega-smo-u-bih-i-sto-je-nasa-primarna-misija\/\" \/>\n<meta property=\"og:site_name\" content=\"RADIO LJUBU\u0160KI\" \/>\n<meta property=\"article:publisher\" content=\"https:\/\/www.facebook.com\/Radiio-Ljubuski-1490835324566332\" \/>\n<meta property=\"article:published_time\" content=\"2022-06-27T12:10:36+00:00\" \/>\n<meta property=\"article:modified_time\" content=\"2022-06-27T12:10:37+00:00\" \/>\n<meta property=\"og:image\" content=\"https:\/\/radioljubuski.ba\/wp-content\/uploads\/2022\/03\/7-2022-03-12-20-36-17-nato-zastava.jpg\" \/>\n\t<meta property=\"og:image:width\" content=\"1000\" \/>\n\t<meta property=\"og:image:height\" content=\"625\" \/>\n\t<meta property=\"og:image:type\" content=\"image\/jpeg\" \/>\n<meta name=\"author\" content=\"Radio Ljubu\u0161ki\" \/>\n<meta name=\"twitter:card\" content=\"summary_large_image\" \/>\n<meta name=\"twitter:creator\" content=\"@radioljubuski\" \/>\n<meta name=\"twitter:site\" content=\"@radioljubuski\" \/>\n<meta name=\"twitter:label1\" content=\"Napisao\/la\" \/>\n\t<meta name=\"twitter:data1\" content=\"Radio Ljubu\u0161ki\" \/>\n\t<meta name=\"twitter:label2\" content=\"Procijenjeno vrijeme \u010ditanja\" \/>\n\t<meta name=\"twitter:data2\" content=\"3 minute\" \/>\n<script type=\"application\/ld+json\" class=\"yoast-schema-graph\">{\"@context\":\"https:\\\/\\\/schema.org\",\"@graph\":[{\"@type\":\"Article\",\"@id\":\"https:\\\/\\\/radioljubuski.ba\\\/index.php\\\/2022\\\/06\\\/27\\\/nato-zbog-cega-smo-u-bih-i-sto-je-nasa-primarna-misija\\\/#article\",\"isPartOf\":{\"@id\":\"https:\\\/\\\/radioljubuski.ba\\\/index.php\\\/2022\\\/06\\\/27\\\/nato-zbog-cega-smo-u-bih-i-sto-je-nasa-primarna-misija\\\/\"},\"author\":{\"name\":\"Radio Ljubu\u0161ki\",\"@id\":\"https:\\\/\\\/radioljubuski.ba\\\/#\\\/schema\\\/person\\\/19fc700381a780f69665d7956c469e3b\"},\"headline\":\"NATO: Zbog \u010dega smo u BiH i \u0161to je na\u0161a primarna misija\",\"datePublished\":\"2022-06-27T12:10:36+00:00\",\"dateModified\":\"2022-06-27T12:10:37+00:00\",\"mainEntityOfPage\":{\"@id\":\"https:\\\/\\\/radioljubuski.ba\\\/index.php\\\/2022\\\/06\\\/27\\\/nato-zbog-cega-smo-u-bih-i-sto-je-nasa-primarna-misija\\\/\"},\"wordCount\":716,\"publisher\":{\"@id\":\"https:\\\/\\\/radioljubuski.ba\\\/#organization\"},\"image\":{\"@id\":\"https:\\\/\\\/radioljubuski.ba\\\/index.php\\\/2022\\\/06\\\/27\\\/nato-zbog-cega-smo-u-bih-i-sto-je-nasa-primarna-misija\\\/#primaryimage\"},\"thumbnailUrl\":\"https:\\\/\\\/radioljubuski.ba\\\/wp-content\\\/uploads\\\/2022\\\/03\\\/7-2022-03-12-20-36-17-nato-zastava.jpg\",\"articleSection\":[\"BIH i regija\"],\"inLanguage\":\"hr\"},{\"@type\":\"WebPage\",\"@id\":\"https:\\\/\\\/radioljubuski.ba\\\/index.php\\\/2022\\\/06\\\/27\\\/nato-zbog-cega-smo-u-bih-i-sto-je-nasa-primarna-misija\\\/\",\"url\":\"https:\\\/\\\/radioljubuski.ba\\\/index.php\\\/2022\\\/06\\\/27\\\/nato-zbog-cega-smo-u-bih-i-sto-je-nasa-primarna-misija\\\/\",\"name\":\"NATO: Zbog \u010dega smo u BiH i \u0161to je na\u0161a primarna misija - RADIO LJUBU\u0160KI\",\"isPartOf\":{\"@id\":\"https:\\\/\\\/radioljubuski.ba\\\/#website\"},\"primaryImageOfPage\":{\"@id\":\"https:\\\/\\\/radioljubuski.ba\\\/index.php\\\/2022\\\/06\\\/27\\\/nato-zbog-cega-smo-u-bih-i-sto-je-nasa-primarna-misija\\\/#primaryimage\"},\"image\":{\"@id\":\"https:\\\/\\\/radioljubuski.ba\\\/index.php\\\/2022\\\/06\\\/27\\\/nato-zbog-cega-smo-u-bih-i-sto-je-nasa-primarna-misija\\\/#primaryimage\"},\"thumbnailUrl\":\"https:\\\/\\\/radioljubuski.ba\\\/wp-content\\\/uploads\\\/2022\\\/03\\\/7-2022-03-12-20-36-17-nato-zastava.jpg\",\"datePublished\":\"2022-06-27T12:10:36+00:00\",\"dateModified\":\"2022-06-27T12:10:37+00:00\",\"breadcrumb\":{\"@id\":\"https:\\\/\\\/radioljubuski.ba\\\/index.php\\\/2022\\\/06\\\/27\\\/nato-zbog-cega-smo-u-bih-i-sto-je-nasa-primarna-misija\\\/#breadcrumb\"},\"inLanguage\":\"hr\",\"potentialAction\":[{\"@type\":\"ReadAction\",\"target\":[\"https:\\\/\\\/radioljubuski.ba\\\/index.php\\\/2022\\\/06\\\/27\\\/nato-zbog-cega-smo-u-bih-i-sto-je-nasa-primarna-misija\\\/\"]}]},{\"@type\":\"ImageObject\",\"inLanguage\":\"hr\",\"@id\":\"https:\\\/\\\/radioljubuski.ba\\\/index.php\\\/2022\\\/06\\\/27\\\/nato-zbog-cega-smo-u-bih-i-sto-je-nasa-primarna-misija\\\/#primaryimage\",\"url\":\"https:\\\/\\\/radioljubuski.ba\\\/wp-content\\\/uploads\\\/2022\\\/03\\\/7-2022-03-12-20-36-17-nato-zastava.jpg\",\"contentUrl\":\"https:\\\/\\\/radioljubuski.ba\\\/wp-content\\\/uploads\\\/2022\\\/03\\\/7-2022-03-12-20-36-17-nato-zastava.jpg\",\"width\":1000,\"height\":625},{\"@type\":\"BreadcrumbList\",\"@id\":\"https:\\\/\\\/radioljubuski.ba\\\/index.php\\\/2022\\\/06\\\/27\\\/nato-zbog-cega-smo-u-bih-i-sto-je-nasa-primarna-misija\\\/#breadcrumb\",\"itemListElement\":[{\"@type\":\"ListItem\",\"position\":1,\"name\":\"Po\u010detna stranica\",\"item\":\"https:\\\/\\\/radioljubuski.ba\\\/\"},{\"@type\":\"ListItem\",\"position\":2,\"name\":\"NATO: Zbog \u010dega smo u BiH i \u0161to je na\u0161a primarna misija\"}]},{\"@type\":\"WebSite\",\"@id\":\"https:\\\/\\\/radioljubuski.ba\\\/#website\",\"url\":\"https:\\\/\\\/radioljubuski.ba\\\/\",\"name\":\"Radio Ljubu\u0161ki\",\"description\":\"Sun\u010dana frekvencija Hercegovine\",\"publisher\":{\"@id\":\"https:\\\/\\\/radioljubuski.ba\\\/#organization\"},\"potentialAction\":[{\"@type\":\"SearchAction\",\"target\":{\"@type\":\"EntryPoint\",\"urlTemplate\":\"https:\\\/\\\/radioljubuski.ba\\\/?s={search_term_string}\"},\"query-input\":{\"@type\":\"PropertyValueSpecification\",\"valueRequired\":true,\"valueName\":\"search_term_string\"}}],\"inLanguage\":\"hr\"},{\"@type\":\"Organization\",\"@id\":\"https:\\\/\\\/radioljubuski.ba\\\/#organization\",\"name\":\"Radio Ljubu\u0161ki\",\"url\":\"https:\\\/\\\/radioljubuski.ba\\\/\",\"logo\":{\"@type\":\"ImageObject\",\"inLanguage\":\"hr\",\"@id\":\"https:\\\/\\\/radioljubuski.ba\\\/#\\\/schema\\\/logo\\\/image\\\/\",\"url\":\"https:\\\/\\\/radioljubuski.ba\\\/wp-content\\\/uploads\\\/2021\\\/02\\\/cropped-Radio_Ljubuski_logo1.jpg\",\"contentUrl\":\"https:\\\/\\\/radioljubuski.ba\\\/wp-content\\\/uploads\\\/2021\\\/02\\\/cropped-Radio_Ljubuski_logo1.jpg\",\"width\":512,\"height\":512,\"caption\":\"Radio Ljubu\u0161ki\"},\"image\":{\"@id\":\"https:\\\/\\\/radioljubuski.ba\\\/#\\\/schema\\\/logo\\\/image\\\/\"},\"sameAs\":[\"https:\\\/\\\/www.facebook.com\\\/Radiio-Ljubuski-1490835324566332\",\"https:\\\/\\\/x.com\\\/radioljubuski\",\"https:\\\/\\\/hr.linkedin.com\\\/company\\\/radio-ljubuski\",\"https:\\\/\\\/www.youtube.com\\\/channel\\\/UCHYaeO_n0Db3tjNGudGpXyw\"]},{\"@type\":\"Person\",\"@id\":\"https:\\\/\\\/radioljubuski.ba\\\/#\\\/schema\\\/person\\\/19fc700381a780f69665d7956c469e3b\",\"name\":\"Radio Ljubu\u0161ki\"}]}<\/script>\n<!-- \/ Yoast SEO plugin. -->","yoast_head_json":{"title":"NATO: Zbog \u010dega smo u BiH i \u0161to je na\u0161a primarna misija - RADIO LJUBU\u0160KI","robots":{"index":"index","follow":"follow","max-snippet":"max-snippet:-1","max-image-preview":"max-image-preview:large","max-video-preview":"max-video-preview:-1"},"canonical":"https:\/\/radioljubuski.ba\/index.php\/2022\/06\/27\/nato-zbog-cega-smo-u-bih-i-sto-je-nasa-primarna-misija\/","og_locale":"hr_HR","og_type":"article","og_title":"NATO: Zbog \u010dega smo u BiH i \u0161to je na\u0161a primarna misija - RADIO LJUBU\u0160KI","og_description":"Informativni list NATO sto\u017eera u Sarajevu je uo\u010di NATO samita u Madridu odlu\u010dio podsjetiti javnost u Bosni i Hercegovini na svoju ulogu u na\u0161oj zemlji. &#8211; Primarna misija NATO Sto\u017eera Sarajevo je pomo\u0107i vlastima Bosne i Hercegovine u reformama i obavezama u vezi Partnerstva za mir i ostvarenja iskazanog cilja bli\u017eih euroatlantskih integracija. Zemlje Partnerstva [&hellip;]","og_url":"https:\/\/radioljubuski.ba\/index.php\/2022\/06\/27\/nato-zbog-cega-smo-u-bih-i-sto-je-nasa-primarna-misija\/","og_site_name":"RADIO LJUBU\u0160KI","article_publisher":"https:\/\/www.facebook.com\/Radiio-Ljubuski-1490835324566332","article_published_time":"2022-06-27T12:10:36+00:00","article_modified_time":"2022-06-27T12:10:37+00:00","og_image":[{"width":1000,"height":625,"url":"https:\/\/radioljubuski.ba\/wp-content\/uploads\/2022\/03\/7-2022-03-12-20-36-17-nato-zastava.jpg","type":"image\/jpeg"}],"author":"Radio Ljubu\u0161ki","twitter_card":"summary_large_image","twitter_creator":"@radioljubuski","twitter_site":"@radioljubuski","twitter_misc":{"Napisao\/la":"Radio Ljubu\u0161ki","Procijenjeno vrijeme \u010ditanja":"3 minute"},"schema":{"@context":"https:\/\/schema.org","@graph":[{"@type":"Article","@id":"https:\/\/radioljubuski.ba\/index.php\/2022\/06\/27\/nato-zbog-cega-smo-u-bih-i-sto-je-nasa-primarna-misija\/#article","isPartOf":{"@id":"https:\/\/radioljubuski.ba\/index.php\/2022\/06\/27\/nato-zbog-cega-smo-u-bih-i-sto-je-nasa-primarna-misija\/"},"author":{"name":"Radio Ljubu\u0161ki","@id":"https:\/\/radioljubuski.ba\/#\/schema\/person\/19fc700381a780f69665d7956c469e3b"},"headline":"NATO: Zbog \u010dega smo u BiH i \u0161to je na\u0161a primarna misija","datePublished":"2022-06-27T12:10:36+00:00","dateModified":"2022-06-27T12:10:37+00:00","mainEntityOfPage":{"@id":"https:\/\/radioljubuski.ba\/index.php\/2022\/06\/27\/nato-zbog-cega-smo-u-bih-i-sto-je-nasa-primarna-misija\/"},"wordCount":716,"publisher":{"@id":"https:\/\/radioljubuski.ba\/#organization"},"image":{"@id":"https:\/\/radioljubuski.ba\/index.php\/2022\/06\/27\/nato-zbog-cega-smo-u-bih-i-sto-je-nasa-primarna-misija\/#primaryimage"},"thumbnailUrl":"https:\/\/radioljubuski.ba\/wp-content\/uploads\/2022\/03\/7-2022-03-12-20-36-17-nato-zastava.jpg","articleSection":["BIH i regija"],"inLanguage":"hr"},{"@type":"WebPage","@id":"https:\/\/radioljubuski.ba\/index.php\/2022\/06\/27\/nato-zbog-cega-smo-u-bih-i-sto-je-nasa-primarna-misija\/","url":"https:\/\/radioljubuski.ba\/index.php\/2022\/06\/27\/nato-zbog-cega-smo-u-bih-i-sto-je-nasa-primarna-misija\/","name":"NATO: Zbog \u010dega smo u BiH i \u0161to je na\u0161a primarna misija - RADIO LJUBU\u0160KI","isPartOf":{"@id":"https:\/\/radioljubuski.ba\/#website"},"primaryImageOfPage":{"@id":"https:\/\/radioljubuski.ba\/index.php\/2022\/06\/27\/nato-zbog-cega-smo-u-bih-i-sto-je-nasa-primarna-misija\/#primaryimage"},"image":{"@id":"https:\/\/radioljubuski.ba\/index.php\/2022\/06\/27\/nato-zbog-cega-smo-u-bih-i-sto-je-nasa-primarna-misija\/#primaryimage"},"thumbnailUrl":"https:\/\/radioljubuski.ba\/wp-content\/uploads\/2022\/03\/7-2022-03-12-20-36-17-nato-zastava.jpg","datePublished":"2022-06-27T12:10:36+00:00","dateModified":"2022-06-27T12:10:37+00:00","breadcrumb":{"@id":"https:\/\/radioljubuski.ba\/index.php\/2022\/06\/27\/nato-zbog-cega-smo-u-bih-i-sto-je-nasa-primarna-misija\/#breadcrumb"},"inLanguage":"hr","potentialAction":[{"@type":"ReadAction","target":["https:\/\/radioljubuski.ba\/index.php\/2022\/06\/27\/nato-zbog-cega-smo-u-bih-i-sto-je-nasa-primarna-misija\/"]}]},{"@type":"ImageObject","inLanguage":"hr","@id":"https:\/\/radioljubuski.ba\/index.php\/2022\/06\/27\/nato-zbog-cega-smo-u-bih-i-sto-je-nasa-primarna-misija\/#primaryimage","url":"https:\/\/radioljubuski.ba\/wp-content\/uploads\/2022\/03\/7-2022-03-12-20-36-17-nato-zastava.jpg","contentUrl":"https:\/\/radioljubuski.ba\/wp-content\/uploads\/2022\/03\/7-2022-03-12-20-36-17-nato-zastava.jpg","width":1000,"height":625},{"@type":"BreadcrumbList","@id":"https:\/\/radioljubuski.ba\/index.php\/2022\/06\/27\/nato-zbog-cega-smo-u-bih-i-sto-je-nasa-primarna-misija\/#breadcrumb","itemListElement":[{"@type":"ListItem","position":1,"name":"Po\u010detna stranica","item":"https:\/\/radioljubuski.ba\/"},{"@type":"ListItem","position":2,"name":"NATO: Zbog \u010dega smo u BiH i \u0161to je na\u0161a primarna misija"}]},{"@type":"WebSite","@id":"https:\/\/radioljubuski.ba\/#website","url":"https:\/\/radioljubuski.ba\/","name":"Radio Ljubu\u0161ki","description":"Sun\u010dana frekvencija Hercegovine","publisher":{"@id":"https:\/\/radioljubuski.ba\/#organization"},"potentialAction":[{"@type":"SearchAction","target":{"@type":"EntryPoint","urlTemplate":"https:\/\/radioljubuski.ba\/?s={search_term_string}"},"query-input":{"@type":"PropertyValueSpecification","valueRequired":true,"valueName":"search_term_string"}}],"inLanguage":"hr"},{"@type":"Organization","@id":"https:\/\/radioljubuski.ba\/#organization","name":"Radio Ljubu\u0161ki","url":"https:\/\/radioljubuski.ba\/","logo":{"@type":"ImageObject","inLanguage":"hr","@id":"https:\/\/radioljubuski.ba\/#\/schema\/logo\/image\/","url":"https:\/\/radioljubuski.ba\/wp-content\/uploads\/2021\/02\/cropped-Radio_Ljubuski_logo1.jpg","contentUrl":"https:\/\/radioljubuski.ba\/wp-content\/uploads\/2021\/02\/cropped-Radio_Ljubuski_logo1.jpg","width":512,"height":512,"caption":"Radio Ljubu\u0161ki"},"image":{"@id":"https:\/\/radioljubuski.ba\/#\/schema\/logo\/image\/"},"sameAs":["https:\/\/www.facebook.com\/Radiio-Ljubuski-1490835324566332","https:\/\/x.com\/radioljubuski","https:\/\/hr.linkedin.com\/company\/radio-ljubuski","https:\/\/www.youtube.com\/channel\/UCHYaeO_n0Db3tjNGudGpXyw"]},{"@type":"Person","@id":"https:\/\/radioljubuski.ba\/#\/schema\/person\/19fc700381a780f69665d7956c469e3b","name":"Radio Ljubu\u0161ki"}]}},"_links":{"self":[{"href":"https:\/\/radioljubuski.ba\/index.php\/wp-json\/wp\/v2\/posts\/154058","targetHints":{"allow":["GET"]}}],"collection":[{"href":"https:\/\/radioljubuski.ba\/index.php\/wp-json\/wp\/v2\/posts"}],"about":[{"href":"https:\/\/radioljubuski.ba\/index.php\/wp-json\/wp\/v2\/types\/post"}],"author":[{"embeddable":true,"href":"https:\/\/radioljubuski.ba\/index.php\/wp-json\/wp\/v2\/users\/2"}],"replies":[{"embeddable":true,"href":"https:\/\/radioljubuski.ba\/index.php\/wp-json\/wp\/v2\/comments?post=154058"}],"version-history":[{"count":1,"href":"https:\/\/radioljubuski.ba\/index.php\/wp-json\/wp\/v2\/posts\/154058\/revisions"}],"predecessor-version":[{"id":154059,"href":"https:\/\/radioljubuski.ba\/index.php\/wp-json\/wp\/v2\/posts\/154058\/revisions\/154059"}],"wp:featuredmedia":[{"embeddable":true,"href":"https:\/\/radioljubuski.ba\/index.php\/wp-json\/wp\/v2\/media\/120979"}],"wp:attachment":[{"href":"https:\/\/radioljubuski.ba\/index.php\/wp-json\/wp\/v2\/media?parent=154058"}],"wp:term":[{"taxonomy":"category","embeddable":true,"href":"https:\/\/radioljubuski.ba\/index.php\/wp-json\/wp\/v2\/categories?post=154058"},{"taxonomy":"post_tag","embeddable":true,"href":"https:\/\/radioljubuski.ba\/index.php\/wp-json\/wp\/v2\/tags?post=154058"}],"curies":[{"name":"wp","href":"https:\/\/api.w.org\/{rel}","templated":true}]}}