{"id":154060,"date":"2022-06-27T13:11:56","date_gmt":"2022-06-27T12:11:56","guid":{"rendered":"https:\/\/radioljubuski.ba\/?p=154060"},"modified":"2022-06-27T13:11:58","modified_gmt":"2022-06-27T12:11:58","slug":"sindikat-apelira-na-nadlezne-da-sklone-radnike-sa-sunca","status":"publish","type":"post","link":"https:\/\/radioljubuski.ba\/index.php\/2022\/06\/27\/sindikat-apelira-na-nadlezne-da-sklone-radnike-sa-sunca\/","title":{"rendered":"Sindikat apelira na nadle\u017ene da sklone radnike sa sunca"},"content":{"rendered":"\n<p>Za gra\u0111evinske radnike nema predaha i njihov posao ovisi o potpisanim rokovima gradnje, a ne od vremenskih uvjeta, pa tako iz Sindikata radnika gra\u0111evinarstva i stambeno-komunalnih djelatnosti Republike Srpske apelira na nadle\u017ene da \u0161to prije donesu akt kojim \u0107e do\u0107i do preraspodjele radnog vremena, te da se radnici \u0161to prije sklone sa sunca.<\/p>\n\n\n\n<p>Visoke temperature su uveliko po\u010dele, a u toku ovog tjedna se najavljuju temperature i vi\u0161e od 40 stupnjeva.<\/p>\n\n\n\n<p>Dragana Vrabi\u010di\u0107, predsjednica Sindikata radnika gra\u0111evinarstva i stambeno-komunalnih djelatnosti Republike Srpske, kazala je za &#8220;Nezavisne novine&#8221; &nbsp;da apelira da se donese bilo kakav akt koji \u0107e primorati poslodavce da sklone radnike sa vru\u0107ina.<\/p>\n\n\n\n<p>&#8220;Mi apelujemo na poslodavce da sklonu ljude sa ovih vru\u0107ina, da se izvr\u0161i preraspodjela radnog vremena, &nbsp;a na nadle\u017enim ministarstvima je zadatak da i oni poku\u0161aju za\u0161titi ljude odre\u0111enim aktom, odnosno koje su to temperature na kojima nije dozvoljen rad&#8221;, rekla je Vrab\u010di\u0107eva.<\/p>\n\n\n\n<p>Kako je istakla, od deset sati ujutru kre\u0107u visoke temperature &nbsp;i traju do 18 \u010dsati, a kako navodi najbolje bi bilo da radnici ne rade od 11 do 17 sati.<\/p>\n\n\n\n<p>&#8220;Najbolje bi bilo da se zajedno dogovore sindikat i nadle\u017ena ministarstva \u0161to uraditi. Najgore je da se ne\u0161to name\u0107e i najbitnije je da se ljudi smaknu s ovih vru\u0107ina&#8221;, rekla je Vrba\u010di\u0107eva.<\/p>\n\n\n\n<p>Prema njenim rije\u010dima, postoje radovi koji se mogu zavr\u0161iti unutra, a bitno je napraviti pravilnu preraspodjelu rada.<\/p>\n\n\n\n<p>Izvor:nezavisne.com<\/p>\n","protected":false},"excerpt":{"rendered":"<p>Za gra\u0111evinske radnike nema predaha i njihov posao ovisi o potpisanim rokovima gradnje, a ne od vremenskih uvjeta, pa tako iz Sindikata radnika gra\u0111evinarstva i stambeno-komunalnih djelatnosti Republike Srpske apelira na nadle\u017ene da \u0161to prije donesu akt kojim \u0107e do\u0107i do preraspodjele radnog vremena, te da se radnici \u0161to prije sklone sa sunca. Visoke temperature [&hellip;]<\/p>\n","protected":false},"author":2,"featured_media":151122,"comment_status":"closed","ping_status":"closed","sticky":false,"template":"","format":"standard","meta":{"h5ap_radio_sources":[],"footnotes":""},"categories":[1],"tags":[],"class_list":["post-154060","post","type-post","status-publish","format-standard","has-post-thumbnail","hentry","category-bihiregija"],"yoast_head":"<!-- This site is optimized with the Yoast SEO plugin v27.5 - https:\/\/yoast.com\/product\/yoast-seo-wordpress\/ -->\n<title>Sindikat apelira na nadle\u017ene da sklone radnike sa sunca - RADIO LJUBU\u0160KI<\/title>\n<meta name=\"robots\" content=\"index, follow, max-snippet:-1, max-image-preview:large, max-video-preview:-1\" \/>\n<link rel=\"canonical\" href=\"https:\/\/radioljubuski.ba\/index.php\/2022\/06\/27\/sindikat-apelira-na-nadlezne-da-sklone-radnike-sa-sunca\/\" \/>\n<meta property=\"og:locale\" content=\"hr_HR\" \/>\n<meta property=\"og:type\" content=\"article\" \/>\n<meta property=\"og:title\" content=\"Sindikat apelira na nadle\u017ene da sklone radnike sa sunca - RADIO LJUBU\u0160KI\" \/>\n<meta property=\"og:description\" content=\"Za gra\u0111evinske radnike nema predaha i njihov posao ovisi o potpisanim rokovima gradnje, a ne od vremenskih uvjeta, pa tako iz Sindikata radnika gra\u0111evinarstva i stambeno-komunalnih djelatnosti Republike Srpske apelira na nadle\u017ene da \u0161to prije donesu akt kojim \u0107e do\u0107i do preraspodjele radnog vremena, te da se radnici \u0161to prije sklone sa sunca. Visoke temperature [&hellip;]\" \/>\n<meta property=\"og:url\" content=\"https:\/\/radioljubuski.ba\/index.php\/2022\/06\/27\/sindikat-apelira-na-nadlezne-da-sklone-radnike-sa-sunca\/\" \/>\n<meta property=\"og:site_name\" content=\"RADIO LJUBU\u0160KI\" \/>\n<meta property=\"article:publisher\" content=\"https:\/\/www.facebook.com\/Radiio-Ljubuski-1490835324566332\" \/>\n<meta property=\"article:published_time\" content=\"2022-06-27T12:11:56+00:00\" \/>\n<meta property=\"article:modified_time\" content=\"2022-06-27T12:11:58+00:00\" \/>\n<meta property=\"og:image\" content=\"https:\/\/radioljubuski.ba\/wp-content\/uploads\/2022\/06\/8-2022-06-04-21-14-10-radnici-most-pocitelj.jpg\" \/>\n\t<meta property=\"og:image:width\" content=\"1000\" \/>\n\t<meta property=\"og:image:height\" content=\"625\" \/>\n\t<meta property=\"og:image:type\" content=\"image\/jpeg\" \/>\n<meta name=\"author\" content=\"Radio Ljubu\u0161ki\" \/>\n<meta name=\"twitter:card\" content=\"summary_large_image\" \/>\n<meta name=\"twitter:creator\" content=\"@radioljubuski\" \/>\n<meta name=\"twitter:site\" content=\"@radioljubuski\" \/>\n<meta name=\"twitter:label1\" content=\"Napisao\/la\" \/>\n\t<meta name=\"twitter:data1\" content=\"Radio Ljubu\u0161ki\" \/>\n\t<meta name=\"twitter:label2\" content=\"Procijenjeno vrijeme \u010ditanja\" \/>\n\t<meta name=\"twitter:data2\" content=\"1 minuta\" \/>\n<script type=\"application\/ld+json\" class=\"yoast-schema-graph\">{\"@context\":\"https:\\\/\\\/schema.org\",\"@graph\":[{\"@type\":\"Article\",\"@id\":\"https:\\\/\\\/radioljubuski.ba\\\/index.php\\\/2022\\\/06\\\/27\\\/sindikat-apelira-na-nadlezne-da-sklone-radnike-sa-sunca\\\/#article\",\"isPartOf\":{\"@id\":\"https:\\\/\\\/radioljubuski.ba\\\/index.php\\\/2022\\\/06\\\/27\\\/sindikat-apelira-na-nadlezne-da-sklone-radnike-sa-sunca\\\/\"},\"author\":{\"name\":\"Radio Ljubu\u0161ki\",\"@id\":\"https:\\\/\\\/radioljubuski.ba\\\/#\\\/schema\\\/person\\\/19fc700381a780f69665d7956c469e3b\"},\"headline\":\"Sindikat apelira na nadle\u017ene da sklone radnike sa sunca\",\"datePublished\":\"2022-06-27T12:11:56+00:00\",\"dateModified\":\"2022-06-27T12:11:58+00:00\",\"mainEntityOfPage\":{\"@id\":\"https:\\\/\\\/radioljubuski.ba\\\/index.php\\\/2022\\\/06\\\/27\\\/sindikat-apelira-na-nadlezne-da-sklone-radnike-sa-sunca\\\/\"},\"wordCount\":264,\"publisher\":{\"@id\":\"https:\\\/\\\/radioljubuski.ba\\\/#organization\"},\"image\":{\"@id\":\"https:\\\/\\\/radioljubuski.ba\\\/index.php\\\/2022\\\/06\\\/27\\\/sindikat-apelira-na-nadlezne-da-sklone-radnike-sa-sunca\\\/#primaryimage\"},\"thumbnailUrl\":\"https:\\\/\\\/radioljubuski.ba\\\/wp-content\\\/uploads\\\/2022\\\/06\\\/8-2022-06-04-21-14-10-radnici-most-pocitelj.jpg\",\"articleSection\":[\"BIH i regija\"],\"inLanguage\":\"hr\"},{\"@type\":\"WebPage\",\"@id\":\"https:\\\/\\\/radioljubuski.ba\\\/index.php\\\/2022\\\/06\\\/27\\\/sindikat-apelira-na-nadlezne-da-sklone-radnike-sa-sunca\\\/\",\"url\":\"https:\\\/\\\/radioljubuski.ba\\\/index.php\\\/2022\\\/06\\\/27\\\/sindikat-apelira-na-nadlezne-da-sklone-radnike-sa-sunca\\\/\",\"name\":\"Sindikat apelira na nadle\u017ene da sklone radnike sa sunca - RADIO LJUBU\u0160KI\",\"isPartOf\":{\"@id\":\"https:\\\/\\\/radioljubuski.ba\\\/#website\"},\"primaryImageOfPage\":{\"@id\":\"https:\\\/\\\/radioljubuski.ba\\\/index.php\\\/2022\\\/06\\\/27\\\/sindikat-apelira-na-nadlezne-da-sklone-radnike-sa-sunca\\\/#primaryimage\"},\"image\":{\"@id\":\"https:\\\/\\\/radioljubuski.ba\\\/index.php\\\/2022\\\/06\\\/27\\\/sindikat-apelira-na-nadlezne-da-sklone-radnike-sa-sunca\\\/#primaryimage\"},\"thumbnailUrl\":\"https:\\\/\\\/radioljubuski.ba\\\/wp-content\\\/uploads\\\/2022\\\/06\\\/8-2022-06-04-21-14-10-radnici-most-pocitelj.jpg\",\"datePublished\":\"2022-06-27T12:11:56+00:00\",\"dateModified\":\"2022-06-27T12:11:58+00:00\",\"breadcrumb\":{\"@id\":\"https:\\\/\\\/radioljubuski.ba\\\/index.php\\\/2022\\\/06\\\/27\\\/sindikat-apelira-na-nadlezne-da-sklone-radnike-sa-sunca\\\/#breadcrumb\"},\"inLanguage\":\"hr\",\"potentialAction\":[{\"@type\":\"ReadAction\",\"target\":[\"https:\\\/\\\/radioljubuski.ba\\\/index.php\\\/2022\\\/06\\\/27\\\/sindikat-apelira-na-nadlezne-da-sklone-radnike-sa-sunca\\\/\"]}]},{\"@type\":\"ImageObject\",\"inLanguage\":\"hr\",\"@id\":\"https:\\\/\\\/radioljubuski.ba\\\/index.php\\\/2022\\\/06\\\/27\\\/sindikat-apelira-na-nadlezne-da-sklone-radnike-sa-sunca\\\/#primaryimage\",\"url\":\"https:\\\/\\\/radioljubuski.ba\\\/wp-content\\\/uploads\\\/2022\\\/06\\\/8-2022-06-04-21-14-10-radnici-most-pocitelj.jpg\",\"contentUrl\":\"https:\\\/\\\/radioljubuski.ba\\\/wp-content\\\/uploads\\\/2022\\\/06\\\/8-2022-06-04-21-14-10-radnici-most-pocitelj.jpg\",\"width\":1000,\"height\":625},{\"@type\":\"BreadcrumbList\",\"@id\":\"https:\\\/\\\/radioljubuski.ba\\\/index.php\\\/2022\\\/06\\\/27\\\/sindikat-apelira-na-nadlezne-da-sklone-radnike-sa-sunca\\\/#breadcrumb\",\"itemListElement\":[{\"@type\":\"ListItem\",\"position\":1,\"name\":\"Po\u010detna stranica\",\"item\":\"https:\\\/\\\/radioljubuski.ba\\\/\"},{\"@type\":\"ListItem\",\"position\":2,\"name\":\"Sindikat apelira na nadle\u017ene da sklone radnike sa sunca\"}]},{\"@type\":\"WebSite\",\"@id\":\"https:\\\/\\\/radioljubuski.ba\\\/#website\",\"url\":\"https:\\\/\\\/radioljubuski.ba\\\/\",\"name\":\"Radio Ljubu\u0161ki\",\"description\":\"Sun\u010dana frekvencija Hercegovine\",\"publisher\":{\"@id\":\"https:\\\/\\\/radioljubuski.ba\\\/#organization\"},\"potentialAction\":[{\"@type\":\"SearchAction\",\"target\":{\"@type\":\"EntryPoint\",\"urlTemplate\":\"https:\\\/\\\/radioljubuski.ba\\\/?s={search_term_string}\"},\"query-input\":{\"@type\":\"PropertyValueSpecification\",\"valueRequired\":true,\"valueName\":\"search_term_string\"}}],\"inLanguage\":\"hr\"},{\"@type\":\"Organization\",\"@id\":\"https:\\\/\\\/radioljubuski.ba\\\/#organization\",\"name\":\"Radio Ljubu\u0161ki\",\"url\":\"https:\\\/\\\/radioljubuski.ba\\\/\",\"logo\":{\"@type\":\"ImageObject\",\"inLanguage\":\"hr\",\"@id\":\"https:\\\/\\\/radioljubuski.ba\\\/#\\\/schema\\\/logo\\\/image\\\/\",\"url\":\"https:\\\/\\\/radioljubuski.ba\\\/wp-content\\\/uploads\\\/2021\\\/02\\\/cropped-Radio_Ljubuski_logo1.jpg\",\"contentUrl\":\"https:\\\/\\\/radioljubuski.ba\\\/wp-content\\\/uploads\\\/2021\\\/02\\\/cropped-Radio_Ljubuski_logo1.jpg\",\"width\":512,\"height\":512,\"caption\":\"Radio Ljubu\u0161ki\"},\"image\":{\"@id\":\"https:\\\/\\\/radioljubuski.ba\\\/#\\\/schema\\\/logo\\\/image\\\/\"},\"sameAs\":[\"https:\\\/\\\/www.facebook.com\\\/Radiio-Ljubuski-1490835324566332\",\"https:\\\/\\\/x.com\\\/radioljubuski\",\"https:\\\/\\\/hr.linkedin.com\\\/company\\\/radio-ljubuski\",\"https:\\\/\\\/www.youtube.com\\\/channel\\\/UCHYaeO_n0Db3tjNGudGpXyw\"]},{\"@type\":\"Person\",\"@id\":\"https:\\\/\\\/radioljubuski.ba\\\/#\\\/schema\\\/person\\\/19fc700381a780f69665d7956c469e3b\",\"name\":\"Radio Ljubu\u0161ki\"}]}<\/script>\n<!-- \/ Yoast SEO plugin. -->","yoast_head_json":{"title":"Sindikat apelira na nadle\u017ene da sklone radnike sa sunca - RADIO LJUBU\u0160KI","robots":{"index":"index","follow":"follow","max-snippet":"max-snippet:-1","max-image-preview":"max-image-preview:large","max-video-preview":"max-video-preview:-1"},"canonical":"https:\/\/radioljubuski.ba\/index.php\/2022\/06\/27\/sindikat-apelira-na-nadlezne-da-sklone-radnike-sa-sunca\/","og_locale":"hr_HR","og_type":"article","og_title":"Sindikat apelira na nadle\u017ene da sklone radnike sa sunca - RADIO LJUBU\u0160KI","og_description":"Za gra\u0111evinske radnike nema predaha i njihov posao ovisi o potpisanim rokovima gradnje, a ne od vremenskih uvjeta, pa tako iz Sindikata radnika gra\u0111evinarstva i stambeno-komunalnih djelatnosti Republike Srpske apelira na nadle\u017ene da \u0161to prije donesu akt kojim \u0107e do\u0107i do preraspodjele radnog vremena, te da se radnici \u0161to prije sklone sa sunca. Visoke temperature [&hellip;]","og_url":"https:\/\/radioljubuski.ba\/index.php\/2022\/06\/27\/sindikat-apelira-na-nadlezne-da-sklone-radnike-sa-sunca\/","og_site_name":"RADIO LJUBU\u0160KI","article_publisher":"https:\/\/www.facebook.com\/Radiio-Ljubuski-1490835324566332","article_published_time":"2022-06-27T12:11:56+00:00","article_modified_time":"2022-06-27T12:11:58+00:00","og_image":[{"width":1000,"height":625,"url":"https:\/\/radioljubuski.ba\/wp-content\/uploads\/2022\/06\/8-2022-06-04-21-14-10-radnici-most-pocitelj.jpg","type":"image\/jpeg"}],"author":"Radio Ljubu\u0161ki","twitter_card":"summary_large_image","twitter_creator":"@radioljubuski","twitter_site":"@radioljubuski","twitter_misc":{"Napisao\/la":"Radio Ljubu\u0161ki","Procijenjeno vrijeme \u010ditanja":"1 minuta"},"schema":{"@context":"https:\/\/schema.org","@graph":[{"@type":"Article","@id":"https:\/\/radioljubuski.ba\/index.php\/2022\/06\/27\/sindikat-apelira-na-nadlezne-da-sklone-radnike-sa-sunca\/#article","isPartOf":{"@id":"https:\/\/radioljubuski.ba\/index.php\/2022\/06\/27\/sindikat-apelira-na-nadlezne-da-sklone-radnike-sa-sunca\/"},"author":{"name":"Radio Ljubu\u0161ki","@id":"https:\/\/radioljubuski.ba\/#\/schema\/person\/19fc700381a780f69665d7956c469e3b"},"headline":"Sindikat apelira na nadle\u017ene da sklone radnike sa sunca","datePublished":"2022-06-27T12:11:56+00:00","dateModified":"2022-06-27T12:11:58+00:00","mainEntityOfPage":{"@id":"https:\/\/radioljubuski.ba\/index.php\/2022\/06\/27\/sindikat-apelira-na-nadlezne-da-sklone-radnike-sa-sunca\/"},"wordCount":264,"publisher":{"@id":"https:\/\/radioljubuski.ba\/#organization"},"image":{"@id":"https:\/\/radioljubuski.ba\/index.php\/2022\/06\/27\/sindikat-apelira-na-nadlezne-da-sklone-radnike-sa-sunca\/#primaryimage"},"thumbnailUrl":"https:\/\/radioljubuski.ba\/wp-content\/uploads\/2022\/06\/8-2022-06-04-21-14-10-radnici-most-pocitelj.jpg","articleSection":["BIH i regija"],"inLanguage":"hr"},{"@type":"WebPage","@id":"https:\/\/radioljubuski.ba\/index.php\/2022\/06\/27\/sindikat-apelira-na-nadlezne-da-sklone-radnike-sa-sunca\/","url":"https:\/\/radioljubuski.ba\/index.php\/2022\/06\/27\/sindikat-apelira-na-nadlezne-da-sklone-radnike-sa-sunca\/","name":"Sindikat apelira na nadle\u017ene da sklone radnike sa sunca - RADIO LJUBU\u0160KI","isPartOf":{"@id":"https:\/\/radioljubuski.ba\/#website"},"primaryImageOfPage":{"@id":"https:\/\/radioljubuski.ba\/index.php\/2022\/06\/27\/sindikat-apelira-na-nadlezne-da-sklone-radnike-sa-sunca\/#primaryimage"},"image":{"@id":"https:\/\/radioljubuski.ba\/index.php\/2022\/06\/27\/sindikat-apelira-na-nadlezne-da-sklone-radnike-sa-sunca\/#primaryimage"},"thumbnailUrl":"https:\/\/radioljubuski.ba\/wp-content\/uploads\/2022\/06\/8-2022-06-04-21-14-10-radnici-most-pocitelj.jpg","datePublished":"2022-06-27T12:11:56+00:00","dateModified":"2022-06-27T12:11:58+00:00","breadcrumb":{"@id":"https:\/\/radioljubuski.ba\/index.php\/2022\/06\/27\/sindikat-apelira-na-nadlezne-da-sklone-radnike-sa-sunca\/#breadcrumb"},"inLanguage":"hr","potentialAction":[{"@type":"ReadAction","target":["https:\/\/radioljubuski.ba\/index.php\/2022\/06\/27\/sindikat-apelira-na-nadlezne-da-sklone-radnike-sa-sunca\/"]}]},{"@type":"ImageObject","inLanguage":"hr","@id":"https:\/\/radioljubuski.ba\/index.php\/2022\/06\/27\/sindikat-apelira-na-nadlezne-da-sklone-radnike-sa-sunca\/#primaryimage","url":"https:\/\/radioljubuski.ba\/wp-content\/uploads\/2022\/06\/8-2022-06-04-21-14-10-radnici-most-pocitelj.jpg","contentUrl":"https:\/\/radioljubuski.ba\/wp-content\/uploads\/2022\/06\/8-2022-06-04-21-14-10-radnici-most-pocitelj.jpg","width":1000,"height":625},{"@type":"BreadcrumbList","@id":"https:\/\/radioljubuski.ba\/index.php\/2022\/06\/27\/sindikat-apelira-na-nadlezne-da-sklone-radnike-sa-sunca\/#breadcrumb","itemListElement":[{"@type":"ListItem","position":1,"name":"Po\u010detna stranica","item":"https:\/\/radioljubuski.ba\/"},{"@type":"ListItem","position":2,"name":"Sindikat apelira na nadle\u017ene da sklone radnike sa sunca"}]},{"@type":"WebSite","@id":"https:\/\/radioljubuski.ba\/#website","url":"https:\/\/radioljubuski.ba\/","name":"Radio Ljubu\u0161ki","description":"Sun\u010dana frekvencija Hercegovine","publisher":{"@id":"https:\/\/radioljubuski.ba\/#organization"},"potentialAction":[{"@type":"SearchAction","target":{"@type":"EntryPoint","urlTemplate":"https:\/\/radioljubuski.ba\/?s={search_term_string}"},"query-input":{"@type":"PropertyValueSpecification","valueRequired":true,"valueName":"search_term_string"}}],"inLanguage":"hr"},{"@type":"Organization","@id":"https:\/\/radioljubuski.ba\/#organization","name":"Radio Ljubu\u0161ki","url":"https:\/\/radioljubuski.ba\/","logo":{"@type":"ImageObject","inLanguage":"hr","@id":"https:\/\/radioljubuski.ba\/#\/schema\/logo\/image\/","url":"https:\/\/radioljubuski.ba\/wp-content\/uploads\/2021\/02\/cropped-Radio_Ljubuski_logo1.jpg","contentUrl":"https:\/\/radioljubuski.ba\/wp-content\/uploads\/2021\/02\/cropped-Radio_Ljubuski_logo1.jpg","width":512,"height":512,"caption":"Radio Ljubu\u0161ki"},"image":{"@id":"https:\/\/radioljubuski.ba\/#\/schema\/logo\/image\/"},"sameAs":["https:\/\/www.facebook.com\/Radiio-Ljubuski-1490835324566332","https:\/\/x.com\/radioljubuski","https:\/\/hr.linkedin.com\/company\/radio-ljubuski","https:\/\/www.youtube.com\/channel\/UCHYaeO_n0Db3tjNGudGpXyw"]},{"@type":"Person","@id":"https:\/\/radioljubuski.ba\/#\/schema\/person\/19fc700381a780f69665d7956c469e3b","name":"Radio Ljubu\u0161ki"}]}},"_links":{"self":[{"href":"https:\/\/radioljubuski.ba\/index.php\/wp-json\/wp\/v2\/posts\/154060","targetHints":{"allow":["GET"]}}],"collection":[{"href":"https:\/\/radioljubuski.ba\/index.php\/wp-json\/wp\/v2\/posts"}],"about":[{"href":"https:\/\/radioljubuski.ba\/index.php\/wp-json\/wp\/v2\/types\/post"}],"author":[{"embeddable":true,"href":"https:\/\/radioljubuski.ba\/index.php\/wp-json\/wp\/v2\/users\/2"}],"replies":[{"embeddable":true,"href":"https:\/\/radioljubuski.ba\/index.php\/wp-json\/wp\/v2\/comments?post=154060"}],"version-history":[{"count":1,"href":"https:\/\/radioljubuski.ba\/index.php\/wp-json\/wp\/v2\/posts\/154060\/revisions"}],"predecessor-version":[{"id":154061,"href":"https:\/\/radioljubuski.ba\/index.php\/wp-json\/wp\/v2\/posts\/154060\/revisions\/154061"}],"wp:featuredmedia":[{"embeddable":true,"href":"https:\/\/radioljubuski.ba\/index.php\/wp-json\/wp\/v2\/media\/151122"}],"wp:attachment":[{"href":"https:\/\/radioljubuski.ba\/index.php\/wp-json\/wp\/v2\/media?parent=154060"}],"wp:term":[{"taxonomy":"category","embeddable":true,"href":"https:\/\/radioljubuski.ba\/index.php\/wp-json\/wp\/v2\/categories?post=154060"},{"taxonomy":"post_tag","embeddable":true,"href":"https:\/\/radioljubuski.ba\/index.php\/wp-json\/wp\/v2\/tags?post=154060"}],"curies":[{"name":"wp","href":"https:\/\/api.w.org\/{rel}","templated":true}]}}