{"id":154076,"date":"2022-06-27T13:27:30","date_gmt":"2022-06-27T12:27:30","guid":{"rendered":"https:\/\/radioljubuski.ba\/?p=154076"},"modified":"2022-06-27T13:27:32","modified_gmt":"2022-06-27T12:27:32","slug":"enrico-della-casa-puna-potpora-europske-biciklisticke-federacije-za-bosnu-i-hercegovinu","status":"publish","type":"post","link":"https:\/\/radioljubuski.ba\/index.php\/2022\/06\/27\/enrico-della-casa-puna-potpora-europske-biciklisticke-federacije-za-bosnu-i-hercegovinu\/","title":{"rendered":"Enrico della Casa: Puna potpora Europske biciklisti\u010dke federacije za Bosnu i Hercegovinu"},"content":{"rendered":"\n<p>Proteklog vikenda prvi \u010dovjek Europske biciklisti\u010dke federacije (UEC), Enrico della Casa boravio je u Mostaru, gdje je sa Tonijem Zori\u0107em, predsjednikom Biciklisti\u010dkog Saveza Bosne i Hercegovine (BiSaBiH) razgovarao o modelima unaprje\u0111enja rada BiSaBiH, kao i razvoja biciklizma u Bosni i Hercegovini. Enrico della Casa ostao je odu\u0161evljen prirodnim ljepotama Hercegovine i Mostara u kojem je boravio, te najavio skoriji dolazak sa cijelim Upravnim odborom UEC-a.&nbsp;<\/p>\n\n\n\n<p>Jutros je u prostorijama Sportskog Saveza Grada Mostara (SSGM) odr\u017eana konferencija za medije, a goste je do\u010dekao Senad Kevelj, predsjednik SSGM, koji je pozdravio sve prisutne i po\u017eelio dobrodo\u0161licu prvom \u010dovjeku UEC-a u Grad Mostar.<\/p>\n\n\n\n<p>&#8220;Ovo je veoma zna\u010dajan posjet za nas, s obzirom na veli\u010dinu institucije koja je Europska biciklisti\u010dka Federacija, a na\u0161 posao i jeste svako unaprje\u0111enje sporta u Gradu Mostaru, pa tako i biciklizma koji je u posljednje vrijeme postao zna\u010dajan sport za nas. Va\u017eno je naglasiti da je ova posjeta upravo tu zbog na\u0161e suradnje i razvoja biciklisti\u010dkog sporta u Bosni i Hercegovini, te mogu\u0107a organizacija Europskog biciklisti\u010dkog prvenstva u Bosni i Hercegovini&#8221;, kazao je Kevelj.<\/p>\n\n\n\n<p>Enrico della Casa je izrazio \u017eelju da se u velja\u010di 2023 godine upravo u Mostaru odr\u017ei sastanak Upravnog odbora UEC-a, \u0161to bi zna\u010dilo kako \u0107e Mostar ugostiti \u010delne ljude federacije iz 7 zemalja svijeta, dok bi u 2026 godini Bosna i Hercegovina mogla dobiti organizaciju kongresa UEC-a \u0161to bi u na\u0161u zemlju dovelo goste iz 50 zemalja.<\/p>\n\n\n\n<p>Toni Zori\u0107, predsjednik Biciklisti\u010dkog Saveza Bosne i Hercegovine imao je za kazati: &#8220;Prije svega \u017eelio bih se zahvaliti gdinu. Kevelju na lijepom uvodu u konferenciju i na gostoprimstvu, te gdinu. Enrico della Casa na posjeti mom rodnom gradu kao i izra\u017eenoj \u017eelji za boljom suradnjom&#8221;.<\/p>\n\n\n\n<p>&#8220;Doista velika je \u010dast kada te posjeti prvi \u010dovjek UEC-a, a zna\u010daj je ve\u0107i kada je razlog posjete unaprje\u0111enje suradnje izme\u0111u UEC i BiSaBiH, kao i razvoj biciklizma u BiH. Mogu kazati kako smo dogovorili dobru suradnju i projekte od kojih \u0107e prije svega imati zna\u010daj na\u0161i sporta\u0161i kroz organizacije trening kampova i edukativnih radionica, kao i lak\u0161ih nastupa na utrkama u Europi. Na\u0161 cilj jeste i organizacija Europskog prvenstva ovdje u BiH, a koje bi dovelo ekipe i timove iz 50 zemalja u na\u0161u zemlju. Moj kona\u010dni cilj ostaje i organizacije &#8220;Trke kroz Bosnu i Hercegovinu&#8221; upravo po uzoru na utrku kroz Hrvatsku, odnosno &#8220;Tour of Croatia&#8221;, utrke koja \u0107e prema svijetu poslati najljep\u0161u razglednicu na\u0161e zemlje&#8221;, dodao je Zori\u0107.<\/p>\n\n\n\n<p>&#8220;Svjesni smo da je velik posao pred nama, ali tu je i \u010dinjenica da smo mi unato\u010d te\u0161kim uvjetima iznosili neke velike projekte, a danas prakti\u010dki kada imate ovako veliku instituciju kao UEC, koja stoji iza vas i koja je spremna sve na\u0161e napore podr\u017eati i financijski i kroz ogromna iskustva koja imaju, kao i ljudske resurse uspjeh je zagarantiran. Vjerujem da je dana\u0161nji dan prekretnica biciklizma u BiH i da \u0107e na\u0161i budu\u0107i projekti donijeti za Bosni i Hercegovinu zna\u010dajan pomak u sportu, kao i promociju na\u0161e zemlje kroz sve popularniji sport na svijetu \u2013 biciklizam&#8221;, zaklju\u010dio je Zori\u0107.<\/p>\n\n\n\n<p>Europska biciklisti\u010dka federacija broji 51 zemlju \u010dlanicu, neke od njih su velike poput Francuske, Italije, \u0160panjolske, a neke su manje poput Malte, Andore i BiH. Me\u0111utim bez obzira na to, organizacija kongresa je uvijek na istom nivou bez obzira na veli\u010dinu zemlje i svaka zemlja ima istu ulogu i jednaka prava.<\/p>\n\n\n\n<p>&#8220;Dobro jutro svima, prije svega \u017eelio bih se zahvaliti na gostoprimstvu i ponosan sam \u0161to se nalazim u ovim prostorijama koje predstavljaju stogodi\u0161nju tradiciju sporta u Mostaru. Ovo je moj prvi posjet Mostaru i bilo je pravo zadovoljstvo otkriti ovaj grad, doista sam u\u017eivao u posjeti i sigurno je kako ovo ne\u0107e biti moja i posljednja posjeta ovom gradu i zemlji, ne samo zbog ljepote ove zemlje, nego i projekata i planova koje smo dogovorili u budu\u0107nosti&#8221;, kazao je della Casa.<\/p>\n\n\n\n<p>&#8220;Europska biciklisti\u010dka federacija broji 51 zemlju \u010dlanicu u Europi i posljednje vrijeme provodim obilaze\u0107i nacionalne federacije, kako bih se bolje upoznao sa njihovim predsjednicima i nastojao unaprijediti na\u0161u suradnju. Poseban zna\u010daj dajemo pridodajemo manjim federacijama i zemljama kao \u0161to je Bosna i Hercegovina te nastojimo dati podr\u0161ku kroz &#8220;UCI Solidarity programe&#8221;, kako bi unaprijedili rad federacija, digli biciklizam na jo\u0161 ve\u0107u razinu u cijeloj Europi i kako bi smo jo\u0161 bolje povezali sporta\u0161e iz svih zemalja kroz trening kampove, edukacije osoblja koje je uposleno u Savezima kroz edukativne radionice, te organizacije profesionalnih biciklisti\u010dkih doga\u0111aja. Tako\u0111er, razgovarali smo i unaprje\u0111enju rekreativnog biciklizma ili &#8220;biciklizma za sve&#8221;, kao i kori\u0161tenju bicikla kao ekonomskog i zdravog oblika prijevoza u urbanim sredinama&#8221;, kazao je della Casa.<\/p>\n\n\n\n<p>&#8220;Ju\u010der smo dogovorili kako \u0107emo zajedno po\u010deti sura\u0111ivati na nekim projektima do kraja ove godine, kako bi smo sa njihovom implementacijom mogli krenuti ve\u0107 u 2023 godini. Europska biciklisti\u010dka federacija &nbsp;godi\u0161nje organizira 18 Europskih prvenstava, 12 utrka kupa Europe, \u0161to nam u kona\u010dnici donosi 65 dana natjecanja u godini, tako da smo jako aktivna federacija i nastojati \u0107emo neke od tih doga\u0111aja dovesti ovdje u BiH, upravo zbog odli\u010dnog posla koji ova federacija radi u posljednje vrijeme&#8221;, zaklju\u010dio je della Cassa.<\/p>\n\n\n\n<p>Biciklisti\u010dki Savez Bosne i Hercegovine trenutno broji preko 40 klubova \u010dlanica Saveza, te vi\u0161e od 300 licenciranih profesionalnih sporta\u0161a i sportskih radnika. Sve informacije vezane za rad BiSaBiH mo\u017eete prona\u0107i na slu\u017ebenoj web stranici: www.bisabih.ba&nbsp;<\/p>\n\n\n\n<p>Izvor:pogled.ba<\/p>\n","protected":false},"excerpt":{"rendered":"<p>Proteklog vikenda prvi \u010dovjek Europske biciklisti\u010dke federacije (UEC), Enrico della Casa boravio je u Mostaru, gdje je sa Tonijem Zori\u0107em, predsjednikom Biciklisti\u010dkog Saveza Bosne i Hercegovine (BiSaBiH) razgovarao o modelima unaprje\u0111enja rada BiSaBiH, kao i razvoja biciklizma u Bosni i Hercegovini. Enrico della Casa ostao je odu\u0161evljen prirodnim ljepotama Hercegovine i Mostara u kojem je [&hellip;]<\/p>\n","protected":false},"author":2,"featured_media":154077,"comment_status":"closed","ping_status":"closed","sticky":false,"template":"","format":"standard","meta":{"h5ap_radio_sources":[],"footnotes":""},"categories":[7],"tags":[],"class_list":["post-154076","post","type-post","status-publish","format-standard","has-post-thumbnail","hentry","category-sport"],"yoast_head":"<!-- This site is optimized with the Yoast SEO plugin v27.5 - https:\/\/yoast.com\/product\/yoast-seo-wordpress\/ -->\n<title>Enrico della Casa: Puna potpora Europske biciklisti\u010dke federacije za Bosnu i Hercegovinu - RADIO LJUBU\u0160KI<\/title>\n<meta name=\"robots\" content=\"index, follow, max-snippet:-1, max-image-preview:large, max-video-preview:-1\" \/>\n<link rel=\"canonical\" href=\"https:\/\/radioljubuski.ba\/index.php\/2022\/06\/27\/enrico-della-casa-puna-potpora-europske-biciklisticke-federacije-za-bosnu-i-hercegovinu\/\" \/>\n<meta property=\"og:locale\" content=\"hr_HR\" \/>\n<meta property=\"og:type\" content=\"article\" \/>\n<meta property=\"og:title\" content=\"Enrico della Casa: Puna potpora Europske biciklisti\u010dke federacije za Bosnu i Hercegovinu - RADIO LJUBU\u0160KI\" \/>\n<meta property=\"og:description\" content=\"Proteklog vikenda prvi \u010dovjek Europske biciklisti\u010dke federacije (UEC), Enrico della Casa boravio je u Mostaru, gdje je sa Tonijem Zori\u0107em, predsjednikom Biciklisti\u010dkog Saveza Bosne i Hercegovine (BiSaBiH) razgovarao o modelima unaprje\u0111enja rada BiSaBiH, kao i razvoja biciklizma u Bosni i Hercegovini. Enrico della Casa ostao je odu\u0161evljen prirodnim ljepotama Hercegovine i Mostara u kojem je [&hellip;]\" \/>\n<meta property=\"og:url\" content=\"https:\/\/radioljubuski.ba\/index.php\/2022\/06\/27\/enrico-della-casa-puna-potpora-europske-biciklisticke-federacije-za-bosnu-i-hercegovinu\/\" \/>\n<meta property=\"og:site_name\" content=\"RADIO LJUBU\u0160KI\" \/>\n<meta property=\"article:publisher\" content=\"https:\/\/www.facebook.com\/Radiio-Ljubuski-1490835324566332\" \/>\n<meta property=\"article:published_time\" content=\"2022-06-27T12:27:30+00:00\" \/>\n<meta property=\"article:modified_time\" content=\"2022-06-27T12:27:32+00:00\" \/>\n<meta property=\"og:image\" content=\"https:\/\/radioljubuski.ba\/wp-content\/uploads\/2022\/06\/3-2022-06-27-13-18-57-RSlQD.jpg\" \/>\n\t<meta property=\"og:image:width\" content=\"1000\" \/>\n\t<meta property=\"og:image:height\" content=\"625\" \/>\n\t<meta property=\"og:image:type\" content=\"image\/jpeg\" \/>\n<meta name=\"author\" content=\"Radio Ljubu\u0161ki\" \/>\n<meta name=\"twitter:card\" content=\"summary_large_image\" \/>\n<meta name=\"twitter:creator\" content=\"@radioljubuski\" \/>\n<meta name=\"twitter:site\" content=\"@radioljubuski\" \/>\n<meta name=\"twitter:label1\" content=\"Napisao\/la\" \/>\n\t<meta name=\"twitter:data1\" content=\"Radio Ljubu\u0161ki\" \/>\n\t<meta name=\"twitter:label2\" content=\"Procijenjeno vrijeme \u010ditanja\" \/>\n\t<meta name=\"twitter:data2\" content=\"4 minute\" \/>\n<script type=\"application\/ld+json\" class=\"yoast-schema-graph\">{\"@context\":\"https:\\\/\\\/schema.org\",\"@graph\":[{\"@type\":\"Article\",\"@id\":\"https:\\\/\\\/radioljubuski.ba\\\/index.php\\\/2022\\\/06\\\/27\\\/enrico-della-casa-puna-potpora-europske-biciklisticke-federacije-za-bosnu-i-hercegovinu\\\/#article\",\"isPartOf\":{\"@id\":\"https:\\\/\\\/radioljubuski.ba\\\/index.php\\\/2022\\\/06\\\/27\\\/enrico-della-casa-puna-potpora-europske-biciklisticke-federacije-za-bosnu-i-hercegovinu\\\/\"},\"author\":{\"name\":\"Radio Ljubu\u0161ki\",\"@id\":\"https:\\\/\\\/radioljubuski.ba\\\/#\\\/schema\\\/person\\\/19fc700381a780f69665d7956c469e3b\"},\"headline\":\"Enrico della Casa: Puna potpora Europske biciklisti\u010dke federacije za Bosnu i Hercegovinu\",\"datePublished\":\"2022-06-27T12:27:30+00:00\",\"dateModified\":\"2022-06-27T12:27:32+00:00\",\"mainEntityOfPage\":{\"@id\":\"https:\\\/\\\/radioljubuski.ba\\\/index.php\\\/2022\\\/06\\\/27\\\/enrico-della-casa-puna-potpora-europske-biciklisticke-federacije-za-bosnu-i-hercegovinu\\\/\"},\"wordCount\":956,\"publisher\":{\"@id\":\"https:\\\/\\\/radioljubuski.ba\\\/#organization\"},\"image\":{\"@id\":\"https:\\\/\\\/radioljubuski.ba\\\/index.php\\\/2022\\\/06\\\/27\\\/enrico-della-casa-puna-potpora-europske-biciklisticke-federacije-za-bosnu-i-hercegovinu\\\/#primaryimage\"},\"thumbnailUrl\":\"https:\\\/\\\/radioljubuski.ba\\\/wp-content\\\/uploads\\\/2022\\\/06\\\/3-2022-06-27-13-18-57-RSlQD.jpg\",\"articleSection\":[\"\u0160port\"],\"inLanguage\":\"hr\"},{\"@type\":\"WebPage\",\"@id\":\"https:\\\/\\\/radioljubuski.ba\\\/index.php\\\/2022\\\/06\\\/27\\\/enrico-della-casa-puna-potpora-europske-biciklisticke-federacije-za-bosnu-i-hercegovinu\\\/\",\"url\":\"https:\\\/\\\/radioljubuski.ba\\\/index.php\\\/2022\\\/06\\\/27\\\/enrico-della-casa-puna-potpora-europske-biciklisticke-federacije-za-bosnu-i-hercegovinu\\\/\",\"name\":\"Enrico della Casa: Puna potpora Europske biciklisti\u010dke federacije za Bosnu i Hercegovinu - RADIO LJUBU\u0160KI\",\"isPartOf\":{\"@id\":\"https:\\\/\\\/radioljubuski.ba\\\/#website\"},\"primaryImageOfPage\":{\"@id\":\"https:\\\/\\\/radioljubuski.ba\\\/index.php\\\/2022\\\/06\\\/27\\\/enrico-della-casa-puna-potpora-europske-biciklisticke-federacije-za-bosnu-i-hercegovinu\\\/#primaryimage\"},\"image\":{\"@id\":\"https:\\\/\\\/radioljubuski.ba\\\/index.php\\\/2022\\\/06\\\/27\\\/enrico-della-casa-puna-potpora-europske-biciklisticke-federacije-za-bosnu-i-hercegovinu\\\/#primaryimage\"},\"thumbnailUrl\":\"https:\\\/\\\/radioljubuski.ba\\\/wp-content\\\/uploads\\\/2022\\\/06\\\/3-2022-06-27-13-18-57-RSlQD.jpg\",\"datePublished\":\"2022-06-27T12:27:30+00:00\",\"dateModified\":\"2022-06-27T12:27:32+00:00\",\"breadcrumb\":{\"@id\":\"https:\\\/\\\/radioljubuski.ba\\\/index.php\\\/2022\\\/06\\\/27\\\/enrico-della-casa-puna-potpora-europske-biciklisticke-federacije-za-bosnu-i-hercegovinu\\\/#breadcrumb\"},\"inLanguage\":\"hr\",\"potentialAction\":[{\"@type\":\"ReadAction\",\"target\":[\"https:\\\/\\\/radioljubuski.ba\\\/index.php\\\/2022\\\/06\\\/27\\\/enrico-della-casa-puna-potpora-europske-biciklisticke-federacije-za-bosnu-i-hercegovinu\\\/\"]}]},{\"@type\":\"ImageObject\",\"inLanguage\":\"hr\",\"@id\":\"https:\\\/\\\/radioljubuski.ba\\\/index.php\\\/2022\\\/06\\\/27\\\/enrico-della-casa-puna-potpora-europske-biciklisticke-federacije-za-bosnu-i-hercegovinu\\\/#primaryimage\",\"url\":\"https:\\\/\\\/radioljubuski.ba\\\/wp-content\\\/uploads\\\/2022\\\/06\\\/3-2022-06-27-13-18-57-RSlQD.jpg\",\"contentUrl\":\"https:\\\/\\\/radioljubuski.ba\\\/wp-content\\\/uploads\\\/2022\\\/06\\\/3-2022-06-27-13-18-57-RSlQD.jpg\",\"width\":1000,\"height\":625},{\"@type\":\"BreadcrumbList\",\"@id\":\"https:\\\/\\\/radioljubuski.ba\\\/index.php\\\/2022\\\/06\\\/27\\\/enrico-della-casa-puna-potpora-europske-biciklisticke-federacije-za-bosnu-i-hercegovinu\\\/#breadcrumb\",\"itemListElement\":[{\"@type\":\"ListItem\",\"position\":1,\"name\":\"Po\u010detna stranica\",\"item\":\"https:\\\/\\\/radioljubuski.ba\\\/\"},{\"@type\":\"ListItem\",\"position\":2,\"name\":\"Enrico della Casa: Puna potpora Europske biciklisti\u010dke federacije za Bosnu i Hercegovinu\"}]},{\"@type\":\"WebSite\",\"@id\":\"https:\\\/\\\/radioljubuski.ba\\\/#website\",\"url\":\"https:\\\/\\\/radioljubuski.ba\\\/\",\"name\":\"Radio Ljubu\u0161ki\",\"description\":\"Sun\u010dana frekvencija Hercegovine\",\"publisher\":{\"@id\":\"https:\\\/\\\/radioljubuski.ba\\\/#organization\"},\"potentialAction\":[{\"@type\":\"SearchAction\",\"target\":{\"@type\":\"EntryPoint\",\"urlTemplate\":\"https:\\\/\\\/radioljubuski.ba\\\/?s={search_term_string}\"},\"query-input\":{\"@type\":\"PropertyValueSpecification\",\"valueRequired\":true,\"valueName\":\"search_term_string\"}}],\"inLanguage\":\"hr\"},{\"@type\":\"Organization\",\"@id\":\"https:\\\/\\\/radioljubuski.ba\\\/#organization\",\"name\":\"Radio Ljubu\u0161ki\",\"url\":\"https:\\\/\\\/radioljubuski.ba\\\/\",\"logo\":{\"@type\":\"ImageObject\",\"inLanguage\":\"hr\",\"@id\":\"https:\\\/\\\/radioljubuski.ba\\\/#\\\/schema\\\/logo\\\/image\\\/\",\"url\":\"https:\\\/\\\/radioljubuski.ba\\\/wp-content\\\/uploads\\\/2021\\\/02\\\/cropped-Radio_Ljubuski_logo1.jpg\",\"contentUrl\":\"https:\\\/\\\/radioljubuski.ba\\\/wp-content\\\/uploads\\\/2021\\\/02\\\/cropped-Radio_Ljubuski_logo1.jpg\",\"width\":512,\"height\":512,\"caption\":\"Radio Ljubu\u0161ki\"},\"image\":{\"@id\":\"https:\\\/\\\/radioljubuski.ba\\\/#\\\/schema\\\/logo\\\/image\\\/\"},\"sameAs\":[\"https:\\\/\\\/www.facebook.com\\\/Radiio-Ljubuski-1490835324566332\",\"https:\\\/\\\/x.com\\\/radioljubuski\",\"https:\\\/\\\/hr.linkedin.com\\\/company\\\/radio-ljubuski\",\"https:\\\/\\\/www.youtube.com\\\/channel\\\/UCHYaeO_n0Db3tjNGudGpXyw\"]},{\"@type\":\"Person\",\"@id\":\"https:\\\/\\\/radioljubuski.ba\\\/#\\\/schema\\\/person\\\/19fc700381a780f69665d7956c469e3b\",\"name\":\"Radio Ljubu\u0161ki\"}]}<\/script>\n<!-- \/ Yoast SEO plugin. -->","yoast_head_json":{"title":"Enrico della Casa: Puna potpora Europske biciklisti\u010dke federacije za Bosnu i Hercegovinu - RADIO LJUBU\u0160KI","robots":{"index":"index","follow":"follow","max-snippet":"max-snippet:-1","max-image-preview":"max-image-preview:large","max-video-preview":"max-video-preview:-1"},"canonical":"https:\/\/radioljubuski.ba\/index.php\/2022\/06\/27\/enrico-della-casa-puna-potpora-europske-biciklisticke-federacije-za-bosnu-i-hercegovinu\/","og_locale":"hr_HR","og_type":"article","og_title":"Enrico della Casa: Puna potpora Europske biciklisti\u010dke federacije za Bosnu i Hercegovinu - RADIO LJUBU\u0160KI","og_description":"Proteklog vikenda prvi \u010dovjek Europske biciklisti\u010dke federacije (UEC), Enrico della Casa boravio je u Mostaru, gdje je sa Tonijem Zori\u0107em, predsjednikom Biciklisti\u010dkog Saveza Bosne i Hercegovine (BiSaBiH) razgovarao o modelima unaprje\u0111enja rada BiSaBiH, kao i razvoja biciklizma u Bosni i Hercegovini. Enrico della Casa ostao je odu\u0161evljen prirodnim ljepotama Hercegovine i Mostara u kojem je [&hellip;]","og_url":"https:\/\/radioljubuski.ba\/index.php\/2022\/06\/27\/enrico-della-casa-puna-potpora-europske-biciklisticke-federacije-za-bosnu-i-hercegovinu\/","og_site_name":"RADIO LJUBU\u0160KI","article_publisher":"https:\/\/www.facebook.com\/Radiio-Ljubuski-1490835324566332","article_published_time":"2022-06-27T12:27:30+00:00","article_modified_time":"2022-06-27T12:27:32+00:00","og_image":[{"width":1000,"height":625,"url":"https:\/\/radioljubuski.ba\/wp-content\/uploads\/2022\/06\/3-2022-06-27-13-18-57-RSlQD.jpg","type":"image\/jpeg"}],"author":"Radio Ljubu\u0161ki","twitter_card":"summary_large_image","twitter_creator":"@radioljubuski","twitter_site":"@radioljubuski","twitter_misc":{"Napisao\/la":"Radio Ljubu\u0161ki","Procijenjeno vrijeme \u010ditanja":"4 minute"},"schema":{"@context":"https:\/\/schema.org","@graph":[{"@type":"Article","@id":"https:\/\/radioljubuski.ba\/index.php\/2022\/06\/27\/enrico-della-casa-puna-potpora-europske-biciklisticke-federacije-za-bosnu-i-hercegovinu\/#article","isPartOf":{"@id":"https:\/\/radioljubuski.ba\/index.php\/2022\/06\/27\/enrico-della-casa-puna-potpora-europske-biciklisticke-federacije-za-bosnu-i-hercegovinu\/"},"author":{"name":"Radio Ljubu\u0161ki","@id":"https:\/\/radioljubuski.ba\/#\/schema\/person\/19fc700381a780f69665d7956c469e3b"},"headline":"Enrico della Casa: Puna potpora Europske biciklisti\u010dke federacije za Bosnu i Hercegovinu","datePublished":"2022-06-27T12:27:30+00:00","dateModified":"2022-06-27T12:27:32+00:00","mainEntityOfPage":{"@id":"https:\/\/radioljubuski.ba\/index.php\/2022\/06\/27\/enrico-della-casa-puna-potpora-europske-biciklisticke-federacije-za-bosnu-i-hercegovinu\/"},"wordCount":956,"publisher":{"@id":"https:\/\/radioljubuski.ba\/#organization"},"image":{"@id":"https:\/\/radioljubuski.ba\/index.php\/2022\/06\/27\/enrico-della-casa-puna-potpora-europske-biciklisticke-federacije-za-bosnu-i-hercegovinu\/#primaryimage"},"thumbnailUrl":"https:\/\/radioljubuski.ba\/wp-content\/uploads\/2022\/06\/3-2022-06-27-13-18-57-RSlQD.jpg","articleSection":["\u0160port"],"inLanguage":"hr"},{"@type":"WebPage","@id":"https:\/\/radioljubuski.ba\/index.php\/2022\/06\/27\/enrico-della-casa-puna-potpora-europske-biciklisticke-federacije-za-bosnu-i-hercegovinu\/","url":"https:\/\/radioljubuski.ba\/index.php\/2022\/06\/27\/enrico-della-casa-puna-potpora-europske-biciklisticke-federacije-za-bosnu-i-hercegovinu\/","name":"Enrico della Casa: Puna potpora Europske biciklisti\u010dke federacije za Bosnu i Hercegovinu - RADIO LJUBU\u0160KI","isPartOf":{"@id":"https:\/\/radioljubuski.ba\/#website"},"primaryImageOfPage":{"@id":"https:\/\/radioljubuski.ba\/index.php\/2022\/06\/27\/enrico-della-casa-puna-potpora-europske-biciklisticke-federacije-za-bosnu-i-hercegovinu\/#primaryimage"},"image":{"@id":"https:\/\/radioljubuski.ba\/index.php\/2022\/06\/27\/enrico-della-casa-puna-potpora-europske-biciklisticke-federacije-za-bosnu-i-hercegovinu\/#primaryimage"},"thumbnailUrl":"https:\/\/radioljubuski.ba\/wp-content\/uploads\/2022\/06\/3-2022-06-27-13-18-57-RSlQD.jpg","datePublished":"2022-06-27T12:27:30+00:00","dateModified":"2022-06-27T12:27:32+00:00","breadcrumb":{"@id":"https:\/\/radioljubuski.ba\/index.php\/2022\/06\/27\/enrico-della-casa-puna-potpora-europske-biciklisticke-federacije-za-bosnu-i-hercegovinu\/#breadcrumb"},"inLanguage":"hr","potentialAction":[{"@type":"ReadAction","target":["https:\/\/radioljubuski.ba\/index.php\/2022\/06\/27\/enrico-della-casa-puna-potpora-europske-biciklisticke-federacije-za-bosnu-i-hercegovinu\/"]}]},{"@type":"ImageObject","inLanguage":"hr","@id":"https:\/\/radioljubuski.ba\/index.php\/2022\/06\/27\/enrico-della-casa-puna-potpora-europske-biciklisticke-federacije-za-bosnu-i-hercegovinu\/#primaryimage","url":"https:\/\/radioljubuski.ba\/wp-content\/uploads\/2022\/06\/3-2022-06-27-13-18-57-RSlQD.jpg","contentUrl":"https:\/\/radioljubuski.ba\/wp-content\/uploads\/2022\/06\/3-2022-06-27-13-18-57-RSlQD.jpg","width":1000,"height":625},{"@type":"BreadcrumbList","@id":"https:\/\/radioljubuski.ba\/index.php\/2022\/06\/27\/enrico-della-casa-puna-potpora-europske-biciklisticke-federacije-za-bosnu-i-hercegovinu\/#breadcrumb","itemListElement":[{"@type":"ListItem","position":1,"name":"Po\u010detna stranica","item":"https:\/\/radioljubuski.ba\/"},{"@type":"ListItem","position":2,"name":"Enrico della Casa: Puna potpora Europske biciklisti\u010dke federacije za Bosnu i Hercegovinu"}]},{"@type":"WebSite","@id":"https:\/\/radioljubuski.ba\/#website","url":"https:\/\/radioljubuski.ba\/","name":"Radio Ljubu\u0161ki","description":"Sun\u010dana frekvencija Hercegovine","publisher":{"@id":"https:\/\/radioljubuski.ba\/#organization"},"potentialAction":[{"@type":"SearchAction","target":{"@type":"EntryPoint","urlTemplate":"https:\/\/radioljubuski.ba\/?s={search_term_string}"},"query-input":{"@type":"PropertyValueSpecification","valueRequired":true,"valueName":"search_term_string"}}],"inLanguage":"hr"},{"@type":"Organization","@id":"https:\/\/radioljubuski.ba\/#organization","name":"Radio Ljubu\u0161ki","url":"https:\/\/radioljubuski.ba\/","logo":{"@type":"ImageObject","inLanguage":"hr","@id":"https:\/\/radioljubuski.ba\/#\/schema\/logo\/image\/","url":"https:\/\/radioljubuski.ba\/wp-content\/uploads\/2021\/02\/cropped-Radio_Ljubuski_logo1.jpg","contentUrl":"https:\/\/radioljubuski.ba\/wp-content\/uploads\/2021\/02\/cropped-Radio_Ljubuski_logo1.jpg","width":512,"height":512,"caption":"Radio Ljubu\u0161ki"},"image":{"@id":"https:\/\/radioljubuski.ba\/#\/schema\/logo\/image\/"},"sameAs":["https:\/\/www.facebook.com\/Radiio-Ljubuski-1490835324566332","https:\/\/x.com\/radioljubuski","https:\/\/hr.linkedin.com\/company\/radio-ljubuski","https:\/\/www.youtube.com\/channel\/UCHYaeO_n0Db3tjNGudGpXyw"]},{"@type":"Person","@id":"https:\/\/radioljubuski.ba\/#\/schema\/person\/19fc700381a780f69665d7956c469e3b","name":"Radio Ljubu\u0161ki"}]}},"_links":{"self":[{"href":"https:\/\/radioljubuski.ba\/index.php\/wp-json\/wp\/v2\/posts\/154076","targetHints":{"allow":["GET"]}}],"collection":[{"href":"https:\/\/radioljubuski.ba\/index.php\/wp-json\/wp\/v2\/posts"}],"about":[{"href":"https:\/\/radioljubuski.ba\/index.php\/wp-json\/wp\/v2\/types\/post"}],"author":[{"embeddable":true,"href":"https:\/\/radioljubuski.ba\/index.php\/wp-json\/wp\/v2\/users\/2"}],"replies":[{"embeddable":true,"href":"https:\/\/radioljubuski.ba\/index.php\/wp-json\/wp\/v2\/comments?post=154076"}],"version-history":[{"count":1,"href":"https:\/\/radioljubuski.ba\/index.php\/wp-json\/wp\/v2\/posts\/154076\/revisions"}],"predecessor-version":[{"id":154078,"href":"https:\/\/radioljubuski.ba\/index.php\/wp-json\/wp\/v2\/posts\/154076\/revisions\/154078"}],"wp:featuredmedia":[{"embeddable":true,"href":"https:\/\/radioljubuski.ba\/index.php\/wp-json\/wp\/v2\/media\/154077"}],"wp:attachment":[{"href":"https:\/\/radioljubuski.ba\/index.php\/wp-json\/wp\/v2\/media?parent=154076"}],"wp:term":[{"taxonomy":"category","embeddable":true,"href":"https:\/\/radioljubuski.ba\/index.php\/wp-json\/wp\/v2\/categories?post=154076"},{"taxonomy":"post_tag","embeddable":true,"href":"https:\/\/radioljubuski.ba\/index.php\/wp-json\/wp\/v2\/tags?post=154076"}],"curies":[{"name":"wp","href":"https:\/\/api.w.org\/{rel}","templated":true}]}}