{"id":154088,"date":"2022-06-27T13:33:48","date_gmt":"2022-06-27T12:33:48","guid":{"rendered":"https:\/\/radioljubuski.ba\/?p=154088"},"modified":"2022-06-27T13:33:48","modified_gmt":"2022-06-27T12:33:48","slug":"jos-nista-od-nizih-cijena-goriva-ukidanje-trosarina-nije-ni-stiglo-na-dnevni-red","status":"publish","type":"post","link":"https:\/\/radioljubuski.ba\/index.php\/2022\/06\/27\/jos-nista-od-nizih-cijena-goriva-ukidanje-trosarina-nije-ni-stiglo-na-dnevni-red\/","title":{"rendered":"Jo\u0161 ni\u0161ta od ni\u017eih cijena goriva: Ukidanje tro\u0161arina nije ni stiglo na dnevni red"},"content":{"rendered":"\n<p>Zastupni\u010dki dom Parlamentarne skup\u0161tine BiH nije prihvatio prijedlog poslanika Sa\u0161e Magazinovi\u0107a (SDP) i Branislava Borenovi\u0107a (PDP) da se na dnevni red sjednice uvrsti inicijativa koja se odnosi na poziv Domu naroda BiH na ukidanje akciza na naftu i naftne derivate na period od \u0161est mjeseci.<\/p>\n\n\n\n<p>Dok iz opozicije osu\u0111uju odbijanje prijedloga, \u010diji je cilj bio smanjenje negativnih efekata inflacije, jer nije bilo neophodne entitetske ve\u0107ine, predstavnici iz vladaju\u0107ih stranaka poru\u010duju da ovaj prijedlog nije imao nikakvog efekta i da Dom naroda sam mora da donese odluku o eventualnom ukidanju akciza.<\/p>\n\n\n\n<p>Izvor:nezavisne.com<\/p>\n","protected":false},"excerpt":{"rendered":"<p>Zastupni\u010dki dom Parlamentarne skup\u0161tine BiH nije prihvatio prijedlog poslanika Sa\u0161e Magazinovi\u0107a (SDP) i Branislava Borenovi\u0107a (PDP) da se na dnevni red sjednice uvrsti inicijativa koja se odnosi na poziv Domu naroda BiH na ukidanje akciza na naftu i naftne derivate na period od \u0161est mjeseci. Dok iz opozicije osu\u0111uju odbijanje prijedloga, \u010diji je cilj bio [&hellip;]<\/p>\n","protected":false},"author":2,"featured_media":154089,"comment_status":"closed","ping_status":"closed","sticky":false,"template":"","format":"standard","meta":{"h5ap_radio_sources":[],"footnotes":""},"categories":[1],"tags":[],"class_list":["post-154088","post","type-post","status-publish","format-standard","has-post-thumbnail","hentry","category-bihiregija"],"yoast_head":"<!-- This site is optimized with the Yoast SEO plugin v27.5 - https:\/\/yoast.com\/product\/yoast-seo-wordpress\/ -->\n<title>Jo\u0161 ni\u0161ta od ni\u017eih cijena goriva: Ukidanje tro\u0161arina nije ni stiglo na dnevni red - RADIO LJUBU\u0160KI<\/title>\n<meta name=\"robots\" content=\"index, follow, max-snippet:-1, max-image-preview:large, max-video-preview:-1\" \/>\n<link rel=\"canonical\" href=\"https:\/\/radioljubuski.ba\/index.php\/2022\/06\/27\/jos-nista-od-nizih-cijena-goriva-ukidanje-trosarina-nije-ni-stiglo-na-dnevni-red\/\" \/>\n<meta property=\"og:locale\" content=\"hr_HR\" \/>\n<meta property=\"og:type\" content=\"article\" \/>\n<meta property=\"og:title\" content=\"Jo\u0161 ni\u0161ta od ni\u017eih cijena goriva: Ukidanje tro\u0161arina nije ni stiglo na dnevni red - RADIO LJUBU\u0160KI\" \/>\n<meta property=\"og:description\" content=\"Zastupni\u010dki dom Parlamentarne skup\u0161tine BiH nije prihvatio prijedlog poslanika Sa\u0161e Magazinovi\u0107a (SDP) i Branislava Borenovi\u0107a (PDP) da se na dnevni red sjednice uvrsti inicijativa koja se odnosi na poziv Domu naroda BiH na ukidanje akciza na naftu i naftne derivate na period od \u0161est mjeseci. Dok iz opozicije osu\u0111uju odbijanje prijedloga, \u010diji je cilj bio [&hellip;]\" \/>\n<meta property=\"og:url\" content=\"https:\/\/radioljubuski.ba\/index.php\/2022\/06\/27\/jos-nista-od-nizih-cijena-goriva-ukidanje-trosarina-nije-ni-stiglo-na-dnevni-red\/\" \/>\n<meta property=\"og:site_name\" content=\"RADIO LJUBU\u0160KI\" \/>\n<meta property=\"article:publisher\" content=\"https:\/\/www.facebook.com\/Radiio-Ljubuski-1490835324566332\" \/>\n<meta property=\"article:published_time\" content=\"2022-06-27T12:33:48+00:00\" \/>\n<meta property=\"og:image\" content=\"https:\/\/radioljubuski.ba\/wp-content\/uploads\/2022\/06\/3-2022-06-27-14-10-41-l_8ee0d6c149371abd23608efb7778e8dc.jpg\" \/>\n\t<meta property=\"og:image:width\" content=\"1000\" \/>\n\t<meta property=\"og:image:height\" content=\"625\" \/>\n\t<meta property=\"og:image:type\" content=\"image\/jpeg\" \/>\n<meta name=\"author\" content=\"Radio Ljubu\u0161ki\" \/>\n<meta name=\"twitter:card\" content=\"summary_large_image\" \/>\n<meta name=\"twitter:creator\" content=\"@radioljubuski\" \/>\n<meta name=\"twitter:site\" content=\"@radioljubuski\" \/>\n<meta name=\"twitter:label1\" content=\"Napisao\/la\" \/>\n\t<meta name=\"twitter:data1\" content=\"Radio Ljubu\u0161ki\" \/>\n\t<meta name=\"twitter:label2\" content=\"Procijenjeno vrijeme \u010ditanja\" \/>\n\t<meta name=\"twitter:data2\" content=\"1 minuta\" \/>\n<script type=\"application\/ld+json\" class=\"yoast-schema-graph\">{\"@context\":\"https:\\\/\\\/schema.org\",\"@graph\":[{\"@type\":\"Article\",\"@id\":\"https:\\\/\\\/radioljubuski.ba\\\/index.php\\\/2022\\\/06\\\/27\\\/jos-nista-od-nizih-cijena-goriva-ukidanje-trosarina-nije-ni-stiglo-na-dnevni-red\\\/#article\",\"isPartOf\":{\"@id\":\"https:\\\/\\\/radioljubuski.ba\\\/index.php\\\/2022\\\/06\\\/27\\\/jos-nista-od-nizih-cijena-goriva-ukidanje-trosarina-nije-ni-stiglo-na-dnevni-red\\\/\"},\"author\":{\"name\":\"Radio Ljubu\u0161ki\",\"@id\":\"https:\\\/\\\/radioljubuski.ba\\\/#\\\/schema\\\/person\\\/19fc700381a780f69665d7956c469e3b\"},\"headline\":\"Jo\u0161 ni\u0161ta od ni\u017eih cijena goriva: Ukidanje tro\u0161arina nije ni stiglo na dnevni red\",\"datePublished\":\"2022-06-27T12:33:48+00:00\",\"mainEntityOfPage\":{\"@id\":\"https:\\\/\\\/radioljubuski.ba\\\/index.php\\\/2022\\\/06\\\/27\\\/jos-nista-od-nizih-cijena-goriva-ukidanje-trosarina-nije-ni-stiglo-na-dnevni-red\\\/\"},\"wordCount\":119,\"publisher\":{\"@id\":\"https:\\\/\\\/radioljubuski.ba\\\/#organization\"},\"image\":{\"@id\":\"https:\\\/\\\/radioljubuski.ba\\\/index.php\\\/2022\\\/06\\\/27\\\/jos-nista-od-nizih-cijena-goriva-ukidanje-trosarina-nije-ni-stiglo-na-dnevni-red\\\/#primaryimage\"},\"thumbnailUrl\":\"https:\\\/\\\/radioljubuski.ba\\\/wp-content\\\/uploads\\\/2022\\\/06\\\/3-2022-06-27-14-10-41-l_8ee0d6c149371abd23608efb7778e8dc.jpg\",\"articleSection\":[\"BIH i regija\"],\"inLanguage\":\"hr\"},{\"@type\":\"WebPage\",\"@id\":\"https:\\\/\\\/radioljubuski.ba\\\/index.php\\\/2022\\\/06\\\/27\\\/jos-nista-od-nizih-cijena-goriva-ukidanje-trosarina-nije-ni-stiglo-na-dnevni-red\\\/\",\"url\":\"https:\\\/\\\/radioljubuski.ba\\\/index.php\\\/2022\\\/06\\\/27\\\/jos-nista-od-nizih-cijena-goriva-ukidanje-trosarina-nije-ni-stiglo-na-dnevni-red\\\/\",\"name\":\"Jo\u0161 ni\u0161ta od ni\u017eih cijena goriva: Ukidanje tro\u0161arina nije ni stiglo na dnevni red - RADIO LJUBU\u0160KI\",\"isPartOf\":{\"@id\":\"https:\\\/\\\/radioljubuski.ba\\\/#website\"},\"primaryImageOfPage\":{\"@id\":\"https:\\\/\\\/radioljubuski.ba\\\/index.php\\\/2022\\\/06\\\/27\\\/jos-nista-od-nizih-cijena-goriva-ukidanje-trosarina-nije-ni-stiglo-na-dnevni-red\\\/#primaryimage\"},\"image\":{\"@id\":\"https:\\\/\\\/radioljubuski.ba\\\/index.php\\\/2022\\\/06\\\/27\\\/jos-nista-od-nizih-cijena-goriva-ukidanje-trosarina-nije-ni-stiglo-na-dnevni-red\\\/#primaryimage\"},\"thumbnailUrl\":\"https:\\\/\\\/radioljubuski.ba\\\/wp-content\\\/uploads\\\/2022\\\/06\\\/3-2022-06-27-14-10-41-l_8ee0d6c149371abd23608efb7778e8dc.jpg\",\"datePublished\":\"2022-06-27T12:33:48+00:00\",\"breadcrumb\":{\"@id\":\"https:\\\/\\\/radioljubuski.ba\\\/index.php\\\/2022\\\/06\\\/27\\\/jos-nista-od-nizih-cijena-goriva-ukidanje-trosarina-nije-ni-stiglo-na-dnevni-red\\\/#breadcrumb\"},\"inLanguage\":\"hr\",\"potentialAction\":[{\"@type\":\"ReadAction\",\"target\":[\"https:\\\/\\\/radioljubuski.ba\\\/index.php\\\/2022\\\/06\\\/27\\\/jos-nista-od-nizih-cijena-goriva-ukidanje-trosarina-nije-ni-stiglo-na-dnevni-red\\\/\"]}]},{\"@type\":\"ImageObject\",\"inLanguage\":\"hr\",\"@id\":\"https:\\\/\\\/radioljubuski.ba\\\/index.php\\\/2022\\\/06\\\/27\\\/jos-nista-od-nizih-cijena-goriva-ukidanje-trosarina-nije-ni-stiglo-na-dnevni-red\\\/#primaryimage\",\"url\":\"https:\\\/\\\/radioljubuski.ba\\\/wp-content\\\/uploads\\\/2022\\\/06\\\/3-2022-06-27-14-10-41-l_8ee0d6c149371abd23608efb7778e8dc.jpg\",\"contentUrl\":\"https:\\\/\\\/radioljubuski.ba\\\/wp-content\\\/uploads\\\/2022\\\/06\\\/3-2022-06-27-14-10-41-l_8ee0d6c149371abd23608efb7778e8dc.jpg\",\"width\":1000,\"height\":625},{\"@type\":\"BreadcrumbList\",\"@id\":\"https:\\\/\\\/radioljubuski.ba\\\/index.php\\\/2022\\\/06\\\/27\\\/jos-nista-od-nizih-cijena-goriva-ukidanje-trosarina-nije-ni-stiglo-na-dnevni-red\\\/#breadcrumb\",\"itemListElement\":[{\"@type\":\"ListItem\",\"position\":1,\"name\":\"Po\u010detna stranica\",\"item\":\"https:\\\/\\\/radioljubuski.ba\\\/\"},{\"@type\":\"ListItem\",\"position\":2,\"name\":\"Jo\u0161 ni\u0161ta od ni\u017eih cijena goriva: Ukidanje tro\u0161arina nije ni stiglo na dnevni red\"}]},{\"@type\":\"WebSite\",\"@id\":\"https:\\\/\\\/radioljubuski.ba\\\/#website\",\"url\":\"https:\\\/\\\/radioljubuski.ba\\\/\",\"name\":\"Radio Ljubu\u0161ki\",\"description\":\"Sun\u010dana frekvencija Hercegovine\",\"publisher\":{\"@id\":\"https:\\\/\\\/radioljubuski.ba\\\/#organization\"},\"potentialAction\":[{\"@type\":\"SearchAction\",\"target\":{\"@type\":\"EntryPoint\",\"urlTemplate\":\"https:\\\/\\\/radioljubuski.ba\\\/?s={search_term_string}\"},\"query-input\":{\"@type\":\"PropertyValueSpecification\",\"valueRequired\":true,\"valueName\":\"search_term_string\"}}],\"inLanguage\":\"hr\"},{\"@type\":\"Organization\",\"@id\":\"https:\\\/\\\/radioljubuski.ba\\\/#organization\",\"name\":\"Radio Ljubu\u0161ki\",\"url\":\"https:\\\/\\\/radioljubuski.ba\\\/\",\"logo\":{\"@type\":\"ImageObject\",\"inLanguage\":\"hr\",\"@id\":\"https:\\\/\\\/radioljubuski.ba\\\/#\\\/schema\\\/logo\\\/image\\\/\",\"url\":\"https:\\\/\\\/radioljubuski.ba\\\/wp-content\\\/uploads\\\/2021\\\/02\\\/cropped-Radio_Ljubuski_logo1.jpg\",\"contentUrl\":\"https:\\\/\\\/radioljubuski.ba\\\/wp-content\\\/uploads\\\/2021\\\/02\\\/cropped-Radio_Ljubuski_logo1.jpg\",\"width\":512,\"height\":512,\"caption\":\"Radio Ljubu\u0161ki\"},\"image\":{\"@id\":\"https:\\\/\\\/radioljubuski.ba\\\/#\\\/schema\\\/logo\\\/image\\\/\"},\"sameAs\":[\"https:\\\/\\\/www.facebook.com\\\/Radiio-Ljubuski-1490835324566332\",\"https:\\\/\\\/x.com\\\/radioljubuski\",\"https:\\\/\\\/hr.linkedin.com\\\/company\\\/radio-ljubuski\",\"https:\\\/\\\/www.youtube.com\\\/channel\\\/UCHYaeO_n0Db3tjNGudGpXyw\"]},{\"@type\":\"Person\",\"@id\":\"https:\\\/\\\/radioljubuski.ba\\\/#\\\/schema\\\/person\\\/19fc700381a780f69665d7956c469e3b\",\"name\":\"Radio Ljubu\u0161ki\"}]}<\/script>\n<!-- \/ Yoast SEO plugin. -->","yoast_head_json":{"title":"Jo\u0161 ni\u0161ta od ni\u017eih cijena goriva: Ukidanje tro\u0161arina nije ni stiglo na dnevni red - RADIO LJUBU\u0160KI","robots":{"index":"index","follow":"follow","max-snippet":"max-snippet:-1","max-image-preview":"max-image-preview:large","max-video-preview":"max-video-preview:-1"},"canonical":"https:\/\/radioljubuski.ba\/index.php\/2022\/06\/27\/jos-nista-od-nizih-cijena-goriva-ukidanje-trosarina-nije-ni-stiglo-na-dnevni-red\/","og_locale":"hr_HR","og_type":"article","og_title":"Jo\u0161 ni\u0161ta od ni\u017eih cijena goriva: Ukidanje tro\u0161arina nije ni stiglo na dnevni red - RADIO LJUBU\u0160KI","og_description":"Zastupni\u010dki dom Parlamentarne skup\u0161tine BiH nije prihvatio prijedlog poslanika Sa\u0161e Magazinovi\u0107a (SDP) i Branislava Borenovi\u0107a (PDP) da se na dnevni red sjednice uvrsti inicijativa koja se odnosi na poziv Domu naroda BiH na ukidanje akciza na naftu i naftne derivate na period od \u0161est mjeseci. Dok iz opozicije osu\u0111uju odbijanje prijedloga, \u010diji je cilj bio [&hellip;]","og_url":"https:\/\/radioljubuski.ba\/index.php\/2022\/06\/27\/jos-nista-od-nizih-cijena-goriva-ukidanje-trosarina-nije-ni-stiglo-na-dnevni-red\/","og_site_name":"RADIO LJUBU\u0160KI","article_publisher":"https:\/\/www.facebook.com\/Radiio-Ljubuski-1490835324566332","article_published_time":"2022-06-27T12:33:48+00:00","og_image":[{"width":1000,"height":625,"url":"https:\/\/radioljubuski.ba\/wp-content\/uploads\/2022\/06\/3-2022-06-27-14-10-41-l_8ee0d6c149371abd23608efb7778e8dc.jpg","type":"image\/jpeg"}],"author":"Radio Ljubu\u0161ki","twitter_card":"summary_large_image","twitter_creator":"@radioljubuski","twitter_site":"@radioljubuski","twitter_misc":{"Napisao\/la":"Radio Ljubu\u0161ki","Procijenjeno vrijeme \u010ditanja":"1 minuta"},"schema":{"@context":"https:\/\/schema.org","@graph":[{"@type":"Article","@id":"https:\/\/radioljubuski.ba\/index.php\/2022\/06\/27\/jos-nista-od-nizih-cijena-goriva-ukidanje-trosarina-nije-ni-stiglo-na-dnevni-red\/#article","isPartOf":{"@id":"https:\/\/radioljubuski.ba\/index.php\/2022\/06\/27\/jos-nista-od-nizih-cijena-goriva-ukidanje-trosarina-nije-ni-stiglo-na-dnevni-red\/"},"author":{"name":"Radio Ljubu\u0161ki","@id":"https:\/\/radioljubuski.ba\/#\/schema\/person\/19fc700381a780f69665d7956c469e3b"},"headline":"Jo\u0161 ni\u0161ta od ni\u017eih cijena goriva: Ukidanje tro\u0161arina nije ni stiglo na dnevni red","datePublished":"2022-06-27T12:33:48+00:00","mainEntityOfPage":{"@id":"https:\/\/radioljubuski.ba\/index.php\/2022\/06\/27\/jos-nista-od-nizih-cijena-goriva-ukidanje-trosarina-nije-ni-stiglo-na-dnevni-red\/"},"wordCount":119,"publisher":{"@id":"https:\/\/radioljubuski.ba\/#organization"},"image":{"@id":"https:\/\/radioljubuski.ba\/index.php\/2022\/06\/27\/jos-nista-od-nizih-cijena-goriva-ukidanje-trosarina-nije-ni-stiglo-na-dnevni-red\/#primaryimage"},"thumbnailUrl":"https:\/\/radioljubuski.ba\/wp-content\/uploads\/2022\/06\/3-2022-06-27-14-10-41-l_8ee0d6c149371abd23608efb7778e8dc.jpg","articleSection":["BIH i regija"],"inLanguage":"hr"},{"@type":"WebPage","@id":"https:\/\/radioljubuski.ba\/index.php\/2022\/06\/27\/jos-nista-od-nizih-cijena-goriva-ukidanje-trosarina-nije-ni-stiglo-na-dnevni-red\/","url":"https:\/\/radioljubuski.ba\/index.php\/2022\/06\/27\/jos-nista-od-nizih-cijena-goriva-ukidanje-trosarina-nije-ni-stiglo-na-dnevni-red\/","name":"Jo\u0161 ni\u0161ta od ni\u017eih cijena goriva: Ukidanje tro\u0161arina nije ni stiglo na dnevni red - RADIO LJUBU\u0160KI","isPartOf":{"@id":"https:\/\/radioljubuski.ba\/#website"},"primaryImageOfPage":{"@id":"https:\/\/radioljubuski.ba\/index.php\/2022\/06\/27\/jos-nista-od-nizih-cijena-goriva-ukidanje-trosarina-nije-ni-stiglo-na-dnevni-red\/#primaryimage"},"image":{"@id":"https:\/\/radioljubuski.ba\/index.php\/2022\/06\/27\/jos-nista-od-nizih-cijena-goriva-ukidanje-trosarina-nije-ni-stiglo-na-dnevni-red\/#primaryimage"},"thumbnailUrl":"https:\/\/radioljubuski.ba\/wp-content\/uploads\/2022\/06\/3-2022-06-27-14-10-41-l_8ee0d6c149371abd23608efb7778e8dc.jpg","datePublished":"2022-06-27T12:33:48+00:00","breadcrumb":{"@id":"https:\/\/radioljubuski.ba\/index.php\/2022\/06\/27\/jos-nista-od-nizih-cijena-goriva-ukidanje-trosarina-nije-ni-stiglo-na-dnevni-red\/#breadcrumb"},"inLanguage":"hr","potentialAction":[{"@type":"ReadAction","target":["https:\/\/radioljubuski.ba\/index.php\/2022\/06\/27\/jos-nista-od-nizih-cijena-goriva-ukidanje-trosarina-nije-ni-stiglo-na-dnevni-red\/"]}]},{"@type":"ImageObject","inLanguage":"hr","@id":"https:\/\/radioljubuski.ba\/index.php\/2022\/06\/27\/jos-nista-od-nizih-cijena-goriva-ukidanje-trosarina-nije-ni-stiglo-na-dnevni-red\/#primaryimage","url":"https:\/\/radioljubuski.ba\/wp-content\/uploads\/2022\/06\/3-2022-06-27-14-10-41-l_8ee0d6c149371abd23608efb7778e8dc.jpg","contentUrl":"https:\/\/radioljubuski.ba\/wp-content\/uploads\/2022\/06\/3-2022-06-27-14-10-41-l_8ee0d6c149371abd23608efb7778e8dc.jpg","width":1000,"height":625},{"@type":"BreadcrumbList","@id":"https:\/\/radioljubuski.ba\/index.php\/2022\/06\/27\/jos-nista-od-nizih-cijena-goriva-ukidanje-trosarina-nije-ni-stiglo-na-dnevni-red\/#breadcrumb","itemListElement":[{"@type":"ListItem","position":1,"name":"Po\u010detna stranica","item":"https:\/\/radioljubuski.ba\/"},{"@type":"ListItem","position":2,"name":"Jo\u0161 ni\u0161ta od ni\u017eih cijena goriva: Ukidanje tro\u0161arina nije ni stiglo na dnevni red"}]},{"@type":"WebSite","@id":"https:\/\/radioljubuski.ba\/#website","url":"https:\/\/radioljubuski.ba\/","name":"Radio Ljubu\u0161ki","description":"Sun\u010dana frekvencija Hercegovine","publisher":{"@id":"https:\/\/radioljubuski.ba\/#organization"},"potentialAction":[{"@type":"SearchAction","target":{"@type":"EntryPoint","urlTemplate":"https:\/\/radioljubuski.ba\/?s={search_term_string}"},"query-input":{"@type":"PropertyValueSpecification","valueRequired":true,"valueName":"search_term_string"}}],"inLanguage":"hr"},{"@type":"Organization","@id":"https:\/\/radioljubuski.ba\/#organization","name":"Radio Ljubu\u0161ki","url":"https:\/\/radioljubuski.ba\/","logo":{"@type":"ImageObject","inLanguage":"hr","@id":"https:\/\/radioljubuski.ba\/#\/schema\/logo\/image\/","url":"https:\/\/radioljubuski.ba\/wp-content\/uploads\/2021\/02\/cropped-Radio_Ljubuski_logo1.jpg","contentUrl":"https:\/\/radioljubuski.ba\/wp-content\/uploads\/2021\/02\/cropped-Radio_Ljubuski_logo1.jpg","width":512,"height":512,"caption":"Radio Ljubu\u0161ki"},"image":{"@id":"https:\/\/radioljubuski.ba\/#\/schema\/logo\/image\/"},"sameAs":["https:\/\/www.facebook.com\/Radiio-Ljubuski-1490835324566332","https:\/\/x.com\/radioljubuski","https:\/\/hr.linkedin.com\/company\/radio-ljubuski","https:\/\/www.youtube.com\/channel\/UCHYaeO_n0Db3tjNGudGpXyw"]},{"@type":"Person","@id":"https:\/\/radioljubuski.ba\/#\/schema\/person\/19fc700381a780f69665d7956c469e3b","name":"Radio Ljubu\u0161ki"}]}},"_links":{"self":[{"href":"https:\/\/radioljubuski.ba\/index.php\/wp-json\/wp\/v2\/posts\/154088","targetHints":{"allow":["GET"]}}],"collection":[{"href":"https:\/\/radioljubuski.ba\/index.php\/wp-json\/wp\/v2\/posts"}],"about":[{"href":"https:\/\/radioljubuski.ba\/index.php\/wp-json\/wp\/v2\/types\/post"}],"author":[{"embeddable":true,"href":"https:\/\/radioljubuski.ba\/index.php\/wp-json\/wp\/v2\/users\/2"}],"replies":[{"embeddable":true,"href":"https:\/\/radioljubuski.ba\/index.php\/wp-json\/wp\/v2\/comments?post=154088"}],"version-history":[{"count":1,"href":"https:\/\/radioljubuski.ba\/index.php\/wp-json\/wp\/v2\/posts\/154088\/revisions"}],"predecessor-version":[{"id":154090,"href":"https:\/\/radioljubuski.ba\/index.php\/wp-json\/wp\/v2\/posts\/154088\/revisions\/154090"}],"wp:featuredmedia":[{"embeddable":true,"href":"https:\/\/radioljubuski.ba\/index.php\/wp-json\/wp\/v2\/media\/154089"}],"wp:attachment":[{"href":"https:\/\/radioljubuski.ba\/index.php\/wp-json\/wp\/v2\/media?parent=154088"}],"wp:term":[{"taxonomy":"category","embeddable":true,"href":"https:\/\/radioljubuski.ba\/index.php\/wp-json\/wp\/v2\/categories?post=154088"},{"taxonomy":"post_tag","embeddable":true,"href":"https:\/\/radioljubuski.ba\/index.php\/wp-json\/wp\/v2\/tags?post=154088"}],"curies":[{"name":"wp","href":"https:\/\/api.w.org\/{rel}","templated":true}]}}