{"id":154091,"date":"2022-06-27T13:35:25","date_gmt":"2022-06-27T12:35:25","guid":{"rendered":"https:\/\/radioljubuski.ba\/?p=154091"},"modified":"2022-06-27T13:35:27","modified_gmt":"2022-06-27T12:35:27","slug":"opusak-cigarete-zapalio-zgradu-investicijsko-razvojne-banke-rs","status":"publish","type":"post","link":"https:\/\/radioljubuski.ba\/index.php\/2022\/06\/27\/opusak-cigarete-zapalio-zgradu-investicijsko-razvojne-banke-rs\/","title":{"rendered":"Opu\u0161ak cigarete zapalio zgradu Investicijsko-razvojne banke RS"},"content":{"rendered":"\n<p><strong>Prema dostavljenom nalazu i mi\u0161ljenju po\u017ear koji je 1. svibnja izbio u zgradi Investicijsko razvojne banke je zapo\u010deo u dijelu vrta ugostiteljskog objekta-pizzerije \u201dCORSO\u201d, priop\u0107eno je iz Okru\u017enog javnog tu\u017eiteljstva Banjaluka.<\/strong><\/p>\n\n\n\n<p>\u201cOkru\u017enom javnom tu\u017eiteljstvu Banjaluka, od strane, Ministarstva unutarnjih poslova Republike Srbije, Direkcija policije, Uprava kriminalisti\u010dke policije, Nacionalni centar za kriminalisti\u010dku forenziku, Odeljenje za trasolo\u0161ka i daktiloskopska vje\u0161ta\u010denja i vo\u0111enje Nacionalnog AFIS registra, dostavljen je nalaz i mi\u0161ljenje o uzroku po\u017eara koji se dogodio dana 1. svibnja oko 3 sata u zgradi \u201dIvesticijsko-razvojne banke Republike Srpske\u201d, stomatolo\u0161ke ambulante \u201dSimi\u0107 dent\u201d i ugostiteljskog objekta-pizzerije \u201cCORSO\u201d \u201c, navedeno je u priop\u0107enju.<\/p>\n\n\n\n<p>U izvje\u0161taju se navodi da se radi o tinjaju\u0107em po\u017earu koji je nastao na na\u010din da je najvjerojatnije opu\u0161ak cigarete zapalio sun\u0111eraste podmeta\u010de i drvenu \u017eardinjeru za cvije\u0107e.<\/p>\n\n\n\n<p>\u201cPo\u017ear se razbuktao oko 3 sata i \u0161irio se vertikalno odozdo prema gore. Vje\u0161taci su isklju\u010dili kao mogu\u0107nost nastanka po\u017eara kvar na elektroinstalacijama i dimljaku iz ugostiteljskog objekta-pizzerije \u201dCORSO\u201d, koji vodi kroz prostorije \u201dIvesticijsko-razvojne banke Republike Srpske\u201d do vrha zgrade\u201d, priop\u0107eno je iz Okru\u017enog tu\u017eiteljstva u Banja Luci.<\/p>\n\n\n\n<p>\/HMS\/<\/p>\n","protected":false},"excerpt":{"rendered":"<p>Prema dostavljenom nalazu i mi\u0161ljenju po\u017ear koji je 1. svibnja izbio u zgradi Investicijsko razvojne banke je zapo\u010deo u dijelu vrta ugostiteljskog objekta-pizzerije \u201dCORSO\u201d, priop\u0107eno je iz Okru\u017enog javnog tu\u017eiteljstva Banjaluka. \u201cOkru\u017enom javnom tu\u017eiteljstvu Banjaluka, od strane, Ministarstva unutarnjih poslova Republike Srbije, Direkcija policije, Uprava kriminalisti\u010dke policije, Nacionalni centar za kriminalisti\u010dku forenziku, Odeljenje za trasolo\u0161ka [&hellip;]<\/p>\n","protected":false},"author":2,"featured_media":154092,"comment_status":"closed","ping_status":"closed","sticky":false,"template":"","format":"standard","meta":{"h5ap_radio_sources":[],"footnotes":""},"categories":[1],"tags":[],"class_list":["post-154091","post","type-post","status-publish","format-standard","has-post-thumbnail","hentry","category-bihiregija"],"yoast_head":"<!-- This site is optimized with the Yoast SEO plugin v27.5 - https:\/\/yoast.com\/product\/yoast-seo-wordpress\/ -->\n<title>Opu\u0161ak cigarete zapalio zgradu Investicijsko-razvojne banke RS - RADIO LJUBU\u0160KI<\/title>\n<meta name=\"robots\" content=\"index, follow, max-snippet:-1, max-image-preview:large, max-video-preview:-1\" \/>\n<link rel=\"canonical\" href=\"https:\/\/radioljubuski.ba\/index.php\/2022\/06\/27\/opusak-cigarete-zapalio-zgradu-investicijsko-razvojne-banke-rs\/\" \/>\n<meta property=\"og:locale\" content=\"hr_HR\" \/>\n<meta property=\"og:type\" content=\"article\" \/>\n<meta property=\"og:title\" content=\"Opu\u0161ak cigarete zapalio zgradu Investicijsko-razvojne banke RS - RADIO LJUBU\u0160KI\" \/>\n<meta property=\"og:description\" content=\"Prema dostavljenom nalazu i mi\u0161ljenju po\u017ear koji je 1. svibnja izbio u zgradi Investicijsko razvojne banke je zapo\u010deo u dijelu vrta ugostiteljskog objekta-pizzerije \u201dCORSO\u201d, priop\u0107eno je iz Okru\u017enog javnog tu\u017eiteljstva Banjaluka. \u201cOkru\u017enom javnom tu\u017eiteljstvu Banjaluka, od strane, Ministarstva unutarnjih poslova Republike Srbije, Direkcija policije, Uprava kriminalisti\u010dke policije, Nacionalni centar za kriminalisti\u010dku forenziku, Odeljenje za trasolo\u0161ka [&hellip;]\" \/>\n<meta property=\"og:url\" content=\"https:\/\/radioljubuski.ba\/index.php\/2022\/06\/27\/opusak-cigarete-zapalio-zgradu-investicijsko-razvojne-banke-rs\/\" \/>\n<meta property=\"og:site_name\" content=\"RADIO LJUBU\u0160KI\" \/>\n<meta property=\"article:publisher\" content=\"https:\/\/www.facebook.com\/Radiio-Ljubuski-1490835324566332\" \/>\n<meta property=\"article:published_time\" content=\"2022-06-27T12:35:25+00:00\" \/>\n<meta property=\"article:modified_time\" content=\"2022-06-27T12:35:27+00:00\" \/>\n<meta property=\"og:image\" content=\"https:\/\/radioljubuski.ba\/wp-content\/uploads\/2022\/06\/irb-bl-1068x712-1.jpg\" \/>\n\t<meta property=\"og:image:width\" content=\"1068\" \/>\n\t<meta property=\"og:image:height\" content=\"712\" \/>\n\t<meta property=\"og:image:type\" content=\"image\/jpeg\" \/>\n<meta name=\"author\" content=\"Radio Ljubu\u0161ki\" \/>\n<meta name=\"twitter:card\" content=\"summary_large_image\" \/>\n<meta name=\"twitter:creator\" content=\"@radioljubuski\" \/>\n<meta name=\"twitter:site\" content=\"@radioljubuski\" \/>\n<meta name=\"twitter:label1\" content=\"Napisao\/la\" \/>\n\t<meta name=\"twitter:data1\" content=\"Radio Ljubu\u0161ki\" \/>\n\t<meta name=\"twitter:label2\" content=\"Procijenjeno vrijeme \u010ditanja\" \/>\n\t<meta name=\"twitter:data2\" content=\"1 minuta\" \/>\n<script type=\"application\/ld+json\" class=\"yoast-schema-graph\">{\"@context\":\"https:\\\/\\\/schema.org\",\"@graph\":[{\"@type\":\"Article\",\"@id\":\"https:\\\/\\\/radioljubuski.ba\\\/index.php\\\/2022\\\/06\\\/27\\\/opusak-cigarete-zapalio-zgradu-investicijsko-razvojne-banke-rs\\\/#article\",\"isPartOf\":{\"@id\":\"https:\\\/\\\/radioljubuski.ba\\\/index.php\\\/2022\\\/06\\\/27\\\/opusak-cigarete-zapalio-zgradu-investicijsko-razvojne-banke-rs\\\/\"},\"author\":{\"name\":\"Radio Ljubu\u0161ki\",\"@id\":\"https:\\\/\\\/radioljubuski.ba\\\/#\\\/schema\\\/person\\\/19fc700381a780f69665d7956c469e3b\"},\"headline\":\"Opu\u0161ak cigarete zapalio zgradu Investicijsko-razvojne banke RS\",\"datePublished\":\"2022-06-27T12:35:25+00:00\",\"dateModified\":\"2022-06-27T12:35:27+00:00\",\"mainEntityOfPage\":{\"@id\":\"https:\\\/\\\/radioljubuski.ba\\\/index.php\\\/2022\\\/06\\\/27\\\/opusak-cigarete-zapalio-zgradu-investicijsko-razvojne-banke-rs\\\/\"},\"wordCount\":213,\"publisher\":{\"@id\":\"https:\\\/\\\/radioljubuski.ba\\\/#organization\"},\"image\":{\"@id\":\"https:\\\/\\\/radioljubuski.ba\\\/index.php\\\/2022\\\/06\\\/27\\\/opusak-cigarete-zapalio-zgradu-investicijsko-razvojne-banke-rs\\\/#primaryimage\"},\"thumbnailUrl\":\"https:\\\/\\\/radioljubuski.ba\\\/wp-content\\\/uploads\\\/2022\\\/06\\\/irb-bl-1068x712-1.jpg\",\"articleSection\":[\"BIH i regija\"],\"inLanguage\":\"hr\"},{\"@type\":\"WebPage\",\"@id\":\"https:\\\/\\\/radioljubuski.ba\\\/index.php\\\/2022\\\/06\\\/27\\\/opusak-cigarete-zapalio-zgradu-investicijsko-razvojne-banke-rs\\\/\",\"url\":\"https:\\\/\\\/radioljubuski.ba\\\/index.php\\\/2022\\\/06\\\/27\\\/opusak-cigarete-zapalio-zgradu-investicijsko-razvojne-banke-rs\\\/\",\"name\":\"Opu\u0161ak cigarete zapalio zgradu Investicijsko-razvojne banke RS - RADIO LJUBU\u0160KI\",\"isPartOf\":{\"@id\":\"https:\\\/\\\/radioljubuski.ba\\\/#website\"},\"primaryImageOfPage\":{\"@id\":\"https:\\\/\\\/radioljubuski.ba\\\/index.php\\\/2022\\\/06\\\/27\\\/opusak-cigarete-zapalio-zgradu-investicijsko-razvojne-banke-rs\\\/#primaryimage\"},\"image\":{\"@id\":\"https:\\\/\\\/radioljubuski.ba\\\/index.php\\\/2022\\\/06\\\/27\\\/opusak-cigarete-zapalio-zgradu-investicijsko-razvojne-banke-rs\\\/#primaryimage\"},\"thumbnailUrl\":\"https:\\\/\\\/radioljubuski.ba\\\/wp-content\\\/uploads\\\/2022\\\/06\\\/irb-bl-1068x712-1.jpg\",\"datePublished\":\"2022-06-27T12:35:25+00:00\",\"dateModified\":\"2022-06-27T12:35:27+00:00\",\"breadcrumb\":{\"@id\":\"https:\\\/\\\/radioljubuski.ba\\\/index.php\\\/2022\\\/06\\\/27\\\/opusak-cigarete-zapalio-zgradu-investicijsko-razvojne-banke-rs\\\/#breadcrumb\"},\"inLanguage\":\"hr\",\"potentialAction\":[{\"@type\":\"ReadAction\",\"target\":[\"https:\\\/\\\/radioljubuski.ba\\\/index.php\\\/2022\\\/06\\\/27\\\/opusak-cigarete-zapalio-zgradu-investicijsko-razvojne-banke-rs\\\/\"]}]},{\"@type\":\"ImageObject\",\"inLanguage\":\"hr\",\"@id\":\"https:\\\/\\\/radioljubuski.ba\\\/index.php\\\/2022\\\/06\\\/27\\\/opusak-cigarete-zapalio-zgradu-investicijsko-razvojne-banke-rs\\\/#primaryimage\",\"url\":\"https:\\\/\\\/radioljubuski.ba\\\/wp-content\\\/uploads\\\/2022\\\/06\\\/irb-bl-1068x712-1.jpg\",\"contentUrl\":\"https:\\\/\\\/radioljubuski.ba\\\/wp-content\\\/uploads\\\/2022\\\/06\\\/irb-bl-1068x712-1.jpg\",\"width\":1068,\"height\":712},{\"@type\":\"BreadcrumbList\",\"@id\":\"https:\\\/\\\/radioljubuski.ba\\\/index.php\\\/2022\\\/06\\\/27\\\/opusak-cigarete-zapalio-zgradu-investicijsko-razvojne-banke-rs\\\/#breadcrumb\",\"itemListElement\":[{\"@type\":\"ListItem\",\"position\":1,\"name\":\"Po\u010detna stranica\",\"item\":\"https:\\\/\\\/radioljubuski.ba\\\/\"},{\"@type\":\"ListItem\",\"position\":2,\"name\":\"Opu\u0161ak cigarete zapalio zgradu Investicijsko-razvojne banke RS\"}]},{\"@type\":\"WebSite\",\"@id\":\"https:\\\/\\\/radioljubuski.ba\\\/#website\",\"url\":\"https:\\\/\\\/radioljubuski.ba\\\/\",\"name\":\"Radio Ljubu\u0161ki\",\"description\":\"Sun\u010dana frekvencija Hercegovine\",\"publisher\":{\"@id\":\"https:\\\/\\\/radioljubuski.ba\\\/#organization\"},\"potentialAction\":[{\"@type\":\"SearchAction\",\"target\":{\"@type\":\"EntryPoint\",\"urlTemplate\":\"https:\\\/\\\/radioljubuski.ba\\\/?s={search_term_string}\"},\"query-input\":{\"@type\":\"PropertyValueSpecification\",\"valueRequired\":true,\"valueName\":\"search_term_string\"}}],\"inLanguage\":\"hr\"},{\"@type\":\"Organization\",\"@id\":\"https:\\\/\\\/radioljubuski.ba\\\/#organization\",\"name\":\"Radio Ljubu\u0161ki\",\"url\":\"https:\\\/\\\/radioljubuski.ba\\\/\",\"logo\":{\"@type\":\"ImageObject\",\"inLanguage\":\"hr\",\"@id\":\"https:\\\/\\\/radioljubuski.ba\\\/#\\\/schema\\\/logo\\\/image\\\/\",\"url\":\"https:\\\/\\\/radioljubuski.ba\\\/wp-content\\\/uploads\\\/2021\\\/02\\\/cropped-Radio_Ljubuski_logo1.jpg\",\"contentUrl\":\"https:\\\/\\\/radioljubuski.ba\\\/wp-content\\\/uploads\\\/2021\\\/02\\\/cropped-Radio_Ljubuski_logo1.jpg\",\"width\":512,\"height\":512,\"caption\":\"Radio Ljubu\u0161ki\"},\"image\":{\"@id\":\"https:\\\/\\\/radioljubuski.ba\\\/#\\\/schema\\\/logo\\\/image\\\/\"},\"sameAs\":[\"https:\\\/\\\/www.facebook.com\\\/Radiio-Ljubuski-1490835324566332\",\"https:\\\/\\\/x.com\\\/radioljubuski\",\"https:\\\/\\\/hr.linkedin.com\\\/company\\\/radio-ljubuski\",\"https:\\\/\\\/www.youtube.com\\\/channel\\\/UCHYaeO_n0Db3tjNGudGpXyw\"]},{\"@type\":\"Person\",\"@id\":\"https:\\\/\\\/radioljubuski.ba\\\/#\\\/schema\\\/person\\\/19fc700381a780f69665d7956c469e3b\",\"name\":\"Radio Ljubu\u0161ki\"}]}<\/script>\n<!-- \/ Yoast SEO plugin. -->","yoast_head_json":{"title":"Opu\u0161ak cigarete zapalio zgradu Investicijsko-razvojne banke RS - RADIO LJUBU\u0160KI","robots":{"index":"index","follow":"follow","max-snippet":"max-snippet:-1","max-image-preview":"max-image-preview:large","max-video-preview":"max-video-preview:-1"},"canonical":"https:\/\/radioljubuski.ba\/index.php\/2022\/06\/27\/opusak-cigarete-zapalio-zgradu-investicijsko-razvojne-banke-rs\/","og_locale":"hr_HR","og_type":"article","og_title":"Opu\u0161ak cigarete zapalio zgradu Investicijsko-razvojne banke RS - RADIO LJUBU\u0160KI","og_description":"Prema dostavljenom nalazu i mi\u0161ljenju po\u017ear koji je 1. svibnja izbio u zgradi Investicijsko razvojne banke je zapo\u010deo u dijelu vrta ugostiteljskog objekta-pizzerije \u201dCORSO\u201d, priop\u0107eno je iz Okru\u017enog javnog tu\u017eiteljstva Banjaluka. \u201cOkru\u017enom javnom tu\u017eiteljstvu Banjaluka, od strane, Ministarstva unutarnjih poslova Republike Srbije, Direkcija policije, Uprava kriminalisti\u010dke policije, Nacionalni centar za kriminalisti\u010dku forenziku, Odeljenje za trasolo\u0161ka [&hellip;]","og_url":"https:\/\/radioljubuski.ba\/index.php\/2022\/06\/27\/opusak-cigarete-zapalio-zgradu-investicijsko-razvojne-banke-rs\/","og_site_name":"RADIO LJUBU\u0160KI","article_publisher":"https:\/\/www.facebook.com\/Radiio-Ljubuski-1490835324566332","article_published_time":"2022-06-27T12:35:25+00:00","article_modified_time":"2022-06-27T12:35:27+00:00","og_image":[{"width":1068,"height":712,"url":"https:\/\/radioljubuski.ba\/wp-content\/uploads\/2022\/06\/irb-bl-1068x712-1.jpg","type":"image\/jpeg"}],"author":"Radio Ljubu\u0161ki","twitter_card":"summary_large_image","twitter_creator":"@radioljubuski","twitter_site":"@radioljubuski","twitter_misc":{"Napisao\/la":"Radio Ljubu\u0161ki","Procijenjeno vrijeme \u010ditanja":"1 minuta"},"schema":{"@context":"https:\/\/schema.org","@graph":[{"@type":"Article","@id":"https:\/\/radioljubuski.ba\/index.php\/2022\/06\/27\/opusak-cigarete-zapalio-zgradu-investicijsko-razvojne-banke-rs\/#article","isPartOf":{"@id":"https:\/\/radioljubuski.ba\/index.php\/2022\/06\/27\/opusak-cigarete-zapalio-zgradu-investicijsko-razvojne-banke-rs\/"},"author":{"name":"Radio Ljubu\u0161ki","@id":"https:\/\/radioljubuski.ba\/#\/schema\/person\/19fc700381a780f69665d7956c469e3b"},"headline":"Opu\u0161ak cigarete zapalio zgradu Investicijsko-razvojne banke RS","datePublished":"2022-06-27T12:35:25+00:00","dateModified":"2022-06-27T12:35:27+00:00","mainEntityOfPage":{"@id":"https:\/\/radioljubuski.ba\/index.php\/2022\/06\/27\/opusak-cigarete-zapalio-zgradu-investicijsko-razvojne-banke-rs\/"},"wordCount":213,"publisher":{"@id":"https:\/\/radioljubuski.ba\/#organization"},"image":{"@id":"https:\/\/radioljubuski.ba\/index.php\/2022\/06\/27\/opusak-cigarete-zapalio-zgradu-investicijsko-razvojne-banke-rs\/#primaryimage"},"thumbnailUrl":"https:\/\/radioljubuski.ba\/wp-content\/uploads\/2022\/06\/irb-bl-1068x712-1.jpg","articleSection":["BIH i regija"],"inLanguage":"hr"},{"@type":"WebPage","@id":"https:\/\/radioljubuski.ba\/index.php\/2022\/06\/27\/opusak-cigarete-zapalio-zgradu-investicijsko-razvojne-banke-rs\/","url":"https:\/\/radioljubuski.ba\/index.php\/2022\/06\/27\/opusak-cigarete-zapalio-zgradu-investicijsko-razvojne-banke-rs\/","name":"Opu\u0161ak cigarete zapalio zgradu Investicijsko-razvojne banke RS - RADIO LJUBU\u0160KI","isPartOf":{"@id":"https:\/\/radioljubuski.ba\/#website"},"primaryImageOfPage":{"@id":"https:\/\/radioljubuski.ba\/index.php\/2022\/06\/27\/opusak-cigarete-zapalio-zgradu-investicijsko-razvojne-banke-rs\/#primaryimage"},"image":{"@id":"https:\/\/radioljubuski.ba\/index.php\/2022\/06\/27\/opusak-cigarete-zapalio-zgradu-investicijsko-razvojne-banke-rs\/#primaryimage"},"thumbnailUrl":"https:\/\/radioljubuski.ba\/wp-content\/uploads\/2022\/06\/irb-bl-1068x712-1.jpg","datePublished":"2022-06-27T12:35:25+00:00","dateModified":"2022-06-27T12:35:27+00:00","breadcrumb":{"@id":"https:\/\/radioljubuski.ba\/index.php\/2022\/06\/27\/opusak-cigarete-zapalio-zgradu-investicijsko-razvojne-banke-rs\/#breadcrumb"},"inLanguage":"hr","potentialAction":[{"@type":"ReadAction","target":["https:\/\/radioljubuski.ba\/index.php\/2022\/06\/27\/opusak-cigarete-zapalio-zgradu-investicijsko-razvojne-banke-rs\/"]}]},{"@type":"ImageObject","inLanguage":"hr","@id":"https:\/\/radioljubuski.ba\/index.php\/2022\/06\/27\/opusak-cigarete-zapalio-zgradu-investicijsko-razvojne-banke-rs\/#primaryimage","url":"https:\/\/radioljubuski.ba\/wp-content\/uploads\/2022\/06\/irb-bl-1068x712-1.jpg","contentUrl":"https:\/\/radioljubuski.ba\/wp-content\/uploads\/2022\/06\/irb-bl-1068x712-1.jpg","width":1068,"height":712},{"@type":"BreadcrumbList","@id":"https:\/\/radioljubuski.ba\/index.php\/2022\/06\/27\/opusak-cigarete-zapalio-zgradu-investicijsko-razvojne-banke-rs\/#breadcrumb","itemListElement":[{"@type":"ListItem","position":1,"name":"Po\u010detna stranica","item":"https:\/\/radioljubuski.ba\/"},{"@type":"ListItem","position":2,"name":"Opu\u0161ak cigarete zapalio zgradu Investicijsko-razvojne banke RS"}]},{"@type":"WebSite","@id":"https:\/\/radioljubuski.ba\/#website","url":"https:\/\/radioljubuski.ba\/","name":"Radio Ljubu\u0161ki","description":"Sun\u010dana frekvencija Hercegovine","publisher":{"@id":"https:\/\/radioljubuski.ba\/#organization"},"potentialAction":[{"@type":"SearchAction","target":{"@type":"EntryPoint","urlTemplate":"https:\/\/radioljubuski.ba\/?s={search_term_string}"},"query-input":{"@type":"PropertyValueSpecification","valueRequired":true,"valueName":"search_term_string"}}],"inLanguage":"hr"},{"@type":"Organization","@id":"https:\/\/radioljubuski.ba\/#organization","name":"Radio Ljubu\u0161ki","url":"https:\/\/radioljubuski.ba\/","logo":{"@type":"ImageObject","inLanguage":"hr","@id":"https:\/\/radioljubuski.ba\/#\/schema\/logo\/image\/","url":"https:\/\/radioljubuski.ba\/wp-content\/uploads\/2021\/02\/cropped-Radio_Ljubuski_logo1.jpg","contentUrl":"https:\/\/radioljubuski.ba\/wp-content\/uploads\/2021\/02\/cropped-Radio_Ljubuski_logo1.jpg","width":512,"height":512,"caption":"Radio Ljubu\u0161ki"},"image":{"@id":"https:\/\/radioljubuski.ba\/#\/schema\/logo\/image\/"},"sameAs":["https:\/\/www.facebook.com\/Radiio-Ljubuski-1490835324566332","https:\/\/x.com\/radioljubuski","https:\/\/hr.linkedin.com\/company\/radio-ljubuski","https:\/\/www.youtube.com\/channel\/UCHYaeO_n0Db3tjNGudGpXyw"]},{"@type":"Person","@id":"https:\/\/radioljubuski.ba\/#\/schema\/person\/19fc700381a780f69665d7956c469e3b","name":"Radio Ljubu\u0161ki"}]}},"_links":{"self":[{"href":"https:\/\/radioljubuski.ba\/index.php\/wp-json\/wp\/v2\/posts\/154091","targetHints":{"allow":["GET"]}}],"collection":[{"href":"https:\/\/radioljubuski.ba\/index.php\/wp-json\/wp\/v2\/posts"}],"about":[{"href":"https:\/\/radioljubuski.ba\/index.php\/wp-json\/wp\/v2\/types\/post"}],"author":[{"embeddable":true,"href":"https:\/\/radioljubuski.ba\/index.php\/wp-json\/wp\/v2\/users\/2"}],"replies":[{"embeddable":true,"href":"https:\/\/radioljubuski.ba\/index.php\/wp-json\/wp\/v2\/comments?post=154091"}],"version-history":[{"count":1,"href":"https:\/\/radioljubuski.ba\/index.php\/wp-json\/wp\/v2\/posts\/154091\/revisions"}],"predecessor-version":[{"id":154093,"href":"https:\/\/radioljubuski.ba\/index.php\/wp-json\/wp\/v2\/posts\/154091\/revisions\/154093"}],"wp:featuredmedia":[{"embeddable":true,"href":"https:\/\/radioljubuski.ba\/index.php\/wp-json\/wp\/v2\/media\/154092"}],"wp:attachment":[{"href":"https:\/\/radioljubuski.ba\/index.php\/wp-json\/wp\/v2\/media?parent=154091"}],"wp:term":[{"taxonomy":"category","embeddable":true,"href":"https:\/\/radioljubuski.ba\/index.php\/wp-json\/wp\/v2\/categories?post=154091"},{"taxonomy":"post_tag","embeddable":true,"href":"https:\/\/radioljubuski.ba\/index.php\/wp-json\/wp\/v2\/tags?post=154091"}],"curies":[{"name":"wp","href":"https:\/\/api.w.org\/{rel}","templated":true}]}}