{"id":154140,"date":"2022-06-28T06:34:06","date_gmt":"2022-06-28T05:34:06","guid":{"rendered":"https:\/\/radioljubuski.ba\/?p=154140"},"modified":"2022-06-28T06:34:07","modified_gmt":"2022-06-28T05:34:07","slug":"zaposlene-majke-u-fbih-mogu-biti-godinu-dana-uz-dijete-u-mnogim-zemljama-nije-takva-praksa","status":"publish","type":"post","link":"https:\/\/radioljubuski.ba\/index.php\/2022\/06\/28\/zaposlene-majke-u-fbih-mogu-biti-godinu-dana-uz-dijete-u-mnogim-zemljama-nije-takva-praksa\/","title":{"rendered":"Zaposlene majke u FBiH mogu biti godinu dana uz dijete, u mnogim zemljama nije takva praksa"},"content":{"rendered":"\n<p>Iako zvu\u010di nevjerojatno, kada je rije\u010d o zasnivanju obitelji, zaposlene \u017eene u Federaciji BiH u zna\u010dajno su povoljnijoj situaciji nego one u SAD-u, Francuskoj, Australiji, Kini, pa \u010dak i Velikoj Britaniji\u2026 Barem kada je u pitanju duljina rodiljskog dopusta, pi\u0161e Ve\u010dernji list BiH.<\/p>\n\n\n\n<p>Naime, dok je zaposlenim \u017eenama u Federaciji BiH zakonom osigurana godina dana uz dijete, u nekim zemljama \u017eene se na posao vra\u0107aju ve\u0107 nakon \u0161to dijete napuni dva mjeseca.<\/p>\n\n\n\n<p><strong>Iskustva u svijetu<\/strong><\/p>\n\n\n\n<p>\u2013 Za vrijeme trudno\u0107e, poro\u0111aja i njege djeteta zaposlena \u017eena ima pravo na rodiljski dopust u trajanju od jedne godine neprekidno, a u iznimnim slu\u010dajevima \u017eena mo\u017ee koristiti i kra\u0107u rodiljsku odsutnost, ali ne kra\u0107u od 42 dana poslije poro\u0111aja. Rodiljski dopust mo\u017ee po\u010deti 28 dana prije o\u010dekivanog poro\u0111aja. Otac djeteta tako\u0111er ima mogu\u0107nost kori\u0161tenja prava na rodiljski dopust, i to u slu\u010dajevima smrti majke, ako majka napusti dijete ili ako iz drugih opravdanih razloga ne mo\u017ee koristiti rodiljski dopust \u2013 propisano je zakonskim aktima koji su na snazi u Federaciji BiH.<\/p>\n\n\n\n<p>S druge strane, primjerice, u SAD-u se majka na posao mora vratiti ve\u0107 nakon 8 \u2013 12 tjedana. Velika Britanija ima zakonom propisanu pla\u0107u tijekom rodiljskog dopusta koja zaposlenicima koji ispunjavaju uvjete omogu\u0107uje odre\u0111enu pla\u0107u do 39 tjedana dopusta. Me\u0111utim, \u017eenama koje se vrate na posao do \u0161est mjeseci ponu\u0111en je isti posao, dok se \u017eenama koje se vrate nakon \u0161est mjeseci daje drugi, ali sli\u010dan posao. \u017dene u Hong Kongu obvezne su uzeti rodiljski dopust dva tjedna prije nego \u0161to se beba rodi. Kada je rije\u010d o dopustu nakon ro\u0111enja djeteta, ve\u0107ina tvrtki omogu\u0107uje rodiljski dopust od 10 tjedana.<\/p>\n\n\n\n<p>U Australiji se mo\u017ee dobiti \u0161est mjeseci rodiljskog dopusta uz pola pla\u0107e. U toj zemlji postoji mogu\u0107nost nepla\u0107enog rodiljskog dopusta u trajanju od 12 mjeseci. U Francuskoj \u017eene mogu dobiti \u010detiri mjeseca rodiljskog dopusta s punom pla\u0107om. \u017dene uglavnom odlaze na rodiljski \u0161est tjedana prije termina poro\u0111aja i vra\u0107aju se 10 tjedana nakon \u0161to se beba rodi.<\/p>\n\n\n\n<p>U ovoj zemlji majkama je tako\u0111er omogu\u0107eno uzeti dodatnih \u0161est mjeseci nepla\u0107enog rodiljskog ili, ovisno o poslodavcu, rad na pola radnog vremena. Kada je rije\u010d o zemljama koje majkama nude najvi\u0161e prava, tu se svakako u vrhu ljestvice nalazi \u0160vedska. Trudnica mo\u017ee uzeti neodre\u0111eni dopust i primati 77% svoje mjese\u010dne pla\u0107e ili zatra\u017eiti nov\u010danu naknadu za trudno\u0107u ako joj je posao previ\u0161e naporan. Svaki roditelj, uz to, dobiva i 240 dana roditeljske naknade uz 77% svojih prihoda, pi\u0161e na stranicama europa.eu. Ukupno 480 dana dijeli se prema \u017eelji roditelja. No, svaki bi roditelj trebao uzeti najmanje 90 dana dopusta. Za svako sljede\u0107e dijete roditelji dobivaju 180 dana vi\u0161e roditeljske naknade. Majke, osim toga, mogu zatra\u017eiti roditeljsku naknadu 60 dana prije o\u010dekivanog datuma poro\u0111aja. Slijedi Norve\u0161ka. Novope\u010dene majke u toj zemlji dobivaju 100% pla\u0107e za 40 tjedana rodiljskog dopusta i 80% za 52 tjedana. Da je to zemlja koja uvelike propagira obitelj, pokazuje podatak da i o\u010devi trebaju uzeti svojih 12 tjedana dopusta kako bi bili uz dijete.<\/p>\n\n\n\n<p><strong>Zemlje okru\u017eenja<\/strong><\/p>\n\n\n\n<p>U Hrvatskoj se rodiljski dopust dijeli na dva dijela, rodiljski i roditeljski. Rodiljski dopust po\u010dinje od 28, odnosno najranije 45 dana prije dana o\u010dekivanog poro\u0111aja i traje do navr\u0161enih 6 mjeseci djetetova \u017eivota. U tom razdoblju trudnice\/majke imaju pravo na naknadu 100% pla\u0107e, uz uvjet da su prije po\u010detka dopusta bile zaposlene 9 mjeseci neprekidno odnosno 12 mjeseci s prekidima u posljednje dvije godine. Ako navedeni uvjet nije ispunjen, korisnik i dalje ima pravo na rodiljski dopust, no naknada pla\u0107e tijekom njega iznosi 70% prora\u010dunske osnovice.<\/p>\n\n\n\n<p>Nakon 70 dana od ro\u0111enja majka djeteta mo\u017ee kori\u0161tenje preostalog dijela rodiljskog dopusta (tzv. dodatni rodiljski dopust) u cijelosti ili djelomi\u010dno prenijeti na oca djeteta.<\/p>\n\n\n\n<p>Izvor: <strong>Vrisak.info<\/strong><\/p>\n","protected":false},"excerpt":{"rendered":"<p>Iako zvu\u010di nevjerojatno, kada je rije\u010d o zasnivanju obitelji, zaposlene \u017eene u Federaciji BiH u zna\u010dajno su povoljnijoj situaciji nego one u SAD-u, Francuskoj, Australiji, Kini, pa \u010dak i Velikoj Britaniji\u2026 Barem kada je u pitanju duljina rodiljskog dopusta, pi\u0161e Ve\u010dernji list BiH. Naime, dok je zaposlenim \u017eenama u Federaciji BiH zakonom osigurana godina dana [&hellip;]<\/p>\n","protected":false},"author":2,"featured_media":136989,"comment_status":"closed","ping_status":"closed","sticky":false,"template":"","format":"standard","meta":{"h5ap_radio_sources":[],"footnotes":""},"categories":[1],"tags":[],"class_list":["post-154140","post","type-post","status-publish","format-standard","has-post-thumbnail","hentry","category-bihiregija"],"yoast_head":"<!-- This site is optimized with the Yoast SEO plugin v27.5 - https:\/\/yoast.com\/product\/yoast-seo-wordpress\/ -->\n<title>Zaposlene majke u FBiH mogu biti godinu dana uz dijete, u mnogim zemljama nije takva praksa - RADIO LJUBU\u0160KI<\/title>\n<meta name=\"robots\" content=\"index, follow, max-snippet:-1, max-image-preview:large, max-video-preview:-1\" \/>\n<link rel=\"canonical\" href=\"https:\/\/radioljubuski.ba\/index.php\/2022\/06\/28\/zaposlene-majke-u-fbih-mogu-biti-godinu-dana-uz-dijete-u-mnogim-zemljama-nije-takva-praksa\/\" \/>\n<meta property=\"og:locale\" content=\"hr_HR\" \/>\n<meta property=\"og:type\" content=\"article\" \/>\n<meta property=\"og:title\" content=\"Zaposlene majke u FBiH mogu biti godinu dana uz dijete, u mnogim zemljama nije takva praksa - RADIO LJUBU\u0160KI\" \/>\n<meta property=\"og:description\" content=\"Iako zvu\u010di nevjerojatno, kada je rije\u010d o zasnivanju obitelji, zaposlene \u017eene u Federaciji BiH u zna\u010dajno su povoljnijoj situaciji nego one u SAD-u, Francuskoj, Australiji, Kini, pa \u010dak i Velikoj Britaniji\u2026 Barem kada je u pitanju duljina rodiljskog dopusta, pi\u0161e Ve\u010dernji list BiH. Naime, dok je zaposlenim \u017eenama u Federaciji BiH zakonom osigurana godina dana [&hellip;]\" \/>\n<meta property=\"og:url\" content=\"https:\/\/radioljubuski.ba\/index.php\/2022\/06\/28\/zaposlene-majke-u-fbih-mogu-biti-godinu-dana-uz-dijete-u-mnogim-zemljama-nije-takva-praksa\/\" \/>\n<meta property=\"og:site_name\" content=\"RADIO LJUBU\u0160KI\" \/>\n<meta property=\"article:publisher\" content=\"https:\/\/www.facebook.com\/Radiio-Ljubuski-1490835324566332\" \/>\n<meta property=\"article:published_time\" content=\"2022-06-28T05:34:06+00:00\" \/>\n<meta property=\"article:modified_time\" content=\"2022-06-28T05:34:07+00:00\" \/>\n<meta property=\"og:image\" content=\"https:\/\/radioljubuski.ba\/wp-content\/uploads\/2022\/04\/8-2021-12-30-17-30-43-beba.jpg\" \/>\n\t<meta property=\"og:image:width\" content=\"1000\" \/>\n\t<meta property=\"og:image:height\" content=\"625\" \/>\n\t<meta property=\"og:image:type\" content=\"image\/jpeg\" \/>\n<meta name=\"author\" content=\"Radio Ljubu\u0161ki\" \/>\n<meta name=\"twitter:card\" content=\"summary_large_image\" \/>\n<meta name=\"twitter:creator\" content=\"@radioljubuski\" \/>\n<meta name=\"twitter:site\" content=\"@radioljubuski\" \/>\n<meta name=\"twitter:label1\" content=\"Napisao\/la\" \/>\n\t<meta name=\"twitter:data1\" content=\"Radio Ljubu\u0161ki\" \/>\n\t<meta name=\"twitter:label2\" content=\"Procijenjeno vrijeme \u010ditanja\" \/>\n\t<meta name=\"twitter:data2\" content=\"3 minute\" \/>\n<script type=\"application\/ld+json\" class=\"yoast-schema-graph\">{\"@context\":\"https:\\\/\\\/schema.org\",\"@graph\":[{\"@type\":\"Article\",\"@id\":\"https:\\\/\\\/radioljubuski.ba\\\/index.php\\\/2022\\\/06\\\/28\\\/zaposlene-majke-u-fbih-mogu-biti-godinu-dana-uz-dijete-u-mnogim-zemljama-nije-takva-praksa\\\/#article\",\"isPartOf\":{\"@id\":\"https:\\\/\\\/radioljubuski.ba\\\/index.php\\\/2022\\\/06\\\/28\\\/zaposlene-majke-u-fbih-mogu-biti-godinu-dana-uz-dijete-u-mnogim-zemljama-nije-takva-praksa\\\/\"},\"author\":{\"name\":\"Radio Ljubu\u0161ki\",\"@id\":\"https:\\\/\\\/radioljubuski.ba\\\/#\\\/schema\\\/person\\\/19fc700381a780f69665d7956c469e3b\"},\"headline\":\"Zaposlene majke u FBiH mogu biti godinu dana uz dijete, u mnogim zemljama nije takva praksa\",\"datePublished\":\"2022-06-28T05:34:06+00:00\",\"dateModified\":\"2022-06-28T05:34:07+00:00\",\"mainEntityOfPage\":{\"@id\":\"https:\\\/\\\/radioljubuski.ba\\\/index.php\\\/2022\\\/06\\\/28\\\/zaposlene-majke-u-fbih-mogu-biti-godinu-dana-uz-dijete-u-mnogim-zemljama-nije-takva-praksa\\\/\"},\"wordCount\":667,\"publisher\":{\"@id\":\"https:\\\/\\\/radioljubuski.ba\\\/#organization\"},\"image\":{\"@id\":\"https:\\\/\\\/radioljubuski.ba\\\/index.php\\\/2022\\\/06\\\/28\\\/zaposlene-majke-u-fbih-mogu-biti-godinu-dana-uz-dijete-u-mnogim-zemljama-nije-takva-praksa\\\/#primaryimage\"},\"thumbnailUrl\":\"https:\\\/\\\/radioljubuski.ba\\\/wp-content\\\/uploads\\\/2022\\\/04\\\/8-2021-12-30-17-30-43-beba.jpg\",\"articleSection\":[\"BIH i regija\"],\"inLanguage\":\"hr\"},{\"@type\":\"WebPage\",\"@id\":\"https:\\\/\\\/radioljubuski.ba\\\/index.php\\\/2022\\\/06\\\/28\\\/zaposlene-majke-u-fbih-mogu-biti-godinu-dana-uz-dijete-u-mnogim-zemljama-nije-takva-praksa\\\/\",\"url\":\"https:\\\/\\\/radioljubuski.ba\\\/index.php\\\/2022\\\/06\\\/28\\\/zaposlene-majke-u-fbih-mogu-biti-godinu-dana-uz-dijete-u-mnogim-zemljama-nije-takva-praksa\\\/\",\"name\":\"Zaposlene majke u FBiH mogu biti godinu dana uz dijete, u mnogim zemljama nije takva praksa - RADIO LJUBU\u0160KI\",\"isPartOf\":{\"@id\":\"https:\\\/\\\/radioljubuski.ba\\\/#website\"},\"primaryImageOfPage\":{\"@id\":\"https:\\\/\\\/radioljubuski.ba\\\/index.php\\\/2022\\\/06\\\/28\\\/zaposlene-majke-u-fbih-mogu-biti-godinu-dana-uz-dijete-u-mnogim-zemljama-nije-takva-praksa\\\/#primaryimage\"},\"image\":{\"@id\":\"https:\\\/\\\/radioljubuski.ba\\\/index.php\\\/2022\\\/06\\\/28\\\/zaposlene-majke-u-fbih-mogu-biti-godinu-dana-uz-dijete-u-mnogim-zemljama-nije-takva-praksa\\\/#primaryimage\"},\"thumbnailUrl\":\"https:\\\/\\\/radioljubuski.ba\\\/wp-content\\\/uploads\\\/2022\\\/04\\\/8-2021-12-30-17-30-43-beba.jpg\",\"datePublished\":\"2022-06-28T05:34:06+00:00\",\"dateModified\":\"2022-06-28T05:34:07+00:00\",\"breadcrumb\":{\"@id\":\"https:\\\/\\\/radioljubuski.ba\\\/index.php\\\/2022\\\/06\\\/28\\\/zaposlene-majke-u-fbih-mogu-biti-godinu-dana-uz-dijete-u-mnogim-zemljama-nije-takva-praksa\\\/#breadcrumb\"},\"inLanguage\":\"hr\",\"potentialAction\":[{\"@type\":\"ReadAction\",\"target\":[\"https:\\\/\\\/radioljubuski.ba\\\/index.php\\\/2022\\\/06\\\/28\\\/zaposlene-majke-u-fbih-mogu-biti-godinu-dana-uz-dijete-u-mnogim-zemljama-nije-takva-praksa\\\/\"]}]},{\"@type\":\"ImageObject\",\"inLanguage\":\"hr\",\"@id\":\"https:\\\/\\\/radioljubuski.ba\\\/index.php\\\/2022\\\/06\\\/28\\\/zaposlene-majke-u-fbih-mogu-biti-godinu-dana-uz-dijete-u-mnogim-zemljama-nije-takva-praksa\\\/#primaryimage\",\"url\":\"https:\\\/\\\/radioljubuski.ba\\\/wp-content\\\/uploads\\\/2022\\\/04\\\/8-2021-12-30-17-30-43-beba.jpg\",\"contentUrl\":\"https:\\\/\\\/radioljubuski.ba\\\/wp-content\\\/uploads\\\/2022\\\/04\\\/8-2021-12-30-17-30-43-beba.jpg\",\"width\":1000,\"height\":625},{\"@type\":\"BreadcrumbList\",\"@id\":\"https:\\\/\\\/radioljubuski.ba\\\/index.php\\\/2022\\\/06\\\/28\\\/zaposlene-majke-u-fbih-mogu-biti-godinu-dana-uz-dijete-u-mnogim-zemljama-nije-takva-praksa\\\/#breadcrumb\",\"itemListElement\":[{\"@type\":\"ListItem\",\"position\":1,\"name\":\"Po\u010detna stranica\",\"item\":\"https:\\\/\\\/radioljubuski.ba\\\/\"},{\"@type\":\"ListItem\",\"position\":2,\"name\":\"Zaposlene majke u FBiH mogu biti godinu dana uz dijete, u mnogim zemljama nije takva praksa\"}]},{\"@type\":\"WebSite\",\"@id\":\"https:\\\/\\\/radioljubuski.ba\\\/#website\",\"url\":\"https:\\\/\\\/radioljubuski.ba\\\/\",\"name\":\"Radio Ljubu\u0161ki\",\"description\":\"Sun\u010dana frekvencija Hercegovine\",\"publisher\":{\"@id\":\"https:\\\/\\\/radioljubuski.ba\\\/#organization\"},\"potentialAction\":[{\"@type\":\"SearchAction\",\"target\":{\"@type\":\"EntryPoint\",\"urlTemplate\":\"https:\\\/\\\/radioljubuski.ba\\\/?s={search_term_string}\"},\"query-input\":{\"@type\":\"PropertyValueSpecification\",\"valueRequired\":true,\"valueName\":\"search_term_string\"}}],\"inLanguage\":\"hr\"},{\"@type\":\"Organization\",\"@id\":\"https:\\\/\\\/radioljubuski.ba\\\/#organization\",\"name\":\"Radio Ljubu\u0161ki\",\"url\":\"https:\\\/\\\/radioljubuski.ba\\\/\",\"logo\":{\"@type\":\"ImageObject\",\"inLanguage\":\"hr\",\"@id\":\"https:\\\/\\\/radioljubuski.ba\\\/#\\\/schema\\\/logo\\\/image\\\/\",\"url\":\"https:\\\/\\\/radioljubuski.ba\\\/wp-content\\\/uploads\\\/2021\\\/02\\\/cropped-Radio_Ljubuski_logo1.jpg\",\"contentUrl\":\"https:\\\/\\\/radioljubuski.ba\\\/wp-content\\\/uploads\\\/2021\\\/02\\\/cropped-Radio_Ljubuski_logo1.jpg\",\"width\":512,\"height\":512,\"caption\":\"Radio Ljubu\u0161ki\"},\"image\":{\"@id\":\"https:\\\/\\\/radioljubuski.ba\\\/#\\\/schema\\\/logo\\\/image\\\/\"},\"sameAs\":[\"https:\\\/\\\/www.facebook.com\\\/Radiio-Ljubuski-1490835324566332\",\"https:\\\/\\\/x.com\\\/radioljubuski\",\"https:\\\/\\\/hr.linkedin.com\\\/company\\\/radio-ljubuski\",\"https:\\\/\\\/www.youtube.com\\\/channel\\\/UCHYaeO_n0Db3tjNGudGpXyw\"]},{\"@type\":\"Person\",\"@id\":\"https:\\\/\\\/radioljubuski.ba\\\/#\\\/schema\\\/person\\\/19fc700381a780f69665d7956c469e3b\",\"name\":\"Radio Ljubu\u0161ki\"}]}<\/script>\n<!-- \/ Yoast SEO plugin. -->","yoast_head_json":{"title":"Zaposlene majke u FBiH mogu biti godinu dana uz dijete, u mnogim zemljama nije takva praksa - RADIO LJUBU\u0160KI","robots":{"index":"index","follow":"follow","max-snippet":"max-snippet:-1","max-image-preview":"max-image-preview:large","max-video-preview":"max-video-preview:-1"},"canonical":"https:\/\/radioljubuski.ba\/index.php\/2022\/06\/28\/zaposlene-majke-u-fbih-mogu-biti-godinu-dana-uz-dijete-u-mnogim-zemljama-nije-takva-praksa\/","og_locale":"hr_HR","og_type":"article","og_title":"Zaposlene majke u FBiH mogu biti godinu dana uz dijete, u mnogim zemljama nije takva praksa - RADIO LJUBU\u0160KI","og_description":"Iako zvu\u010di nevjerojatno, kada je rije\u010d o zasnivanju obitelji, zaposlene \u017eene u Federaciji BiH u zna\u010dajno su povoljnijoj situaciji nego one u SAD-u, Francuskoj, Australiji, Kini, pa \u010dak i Velikoj Britaniji\u2026 Barem kada je u pitanju duljina rodiljskog dopusta, pi\u0161e Ve\u010dernji list BiH. Naime, dok je zaposlenim \u017eenama u Federaciji BiH zakonom osigurana godina dana [&hellip;]","og_url":"https:\/\/radioljubuski.ba\/index.php\/2022\/06\/28\/zaposlene-majke-u-fbih-mogu-biti-godinu-dana-uz-dijete-u-mnogim-zemljama-nije-takva-praksa\/","og_site_name":"RADIO LJUBU\u0160KI","article_publisher":"https:\/\/www.facebook.com\/Radiio-Ljubuski-1490835324566332","article_published_time":"2022-06-28T05:34:06+00:00","article_modified_time":"2022-06-28T05:34:07+00:00","og_image":[{"width":1000,"height":625,"url":"https:\/\/radioljubuski.ba\/wp-content\/uploads\/2022\/04\/8-2021-12-30-17-30-43-beba.jpg","type":"image\/jpeg"}],"author":"Radio Ljubu\u0161ki","twitter_card":"summary_large_image","twitter_creator":"@radioljubuski","twitter_site":"@radioljubuski","twitter_misc":{"Napisao\/la":"Radio Ljubu\u0161ki","Procijenjeno vrijeme \u010ditanja":"3 minute"},"schema":{"@context":"https:\/\/schema.org","@graph":[{"@type":"Article","@id":"https:\/\/radioljubuski.ba\/index.php\/2022\/06\/28\/zaposlene-majke-u-fbih-mogu-biti-godinu-dana-uz-dijete-u-mnogim-zemljama-nije-takva-praksa\/#article","isPartOf":{"@id":"https:\/\/radioljubuski.ba\/index.php\/2022\/06\/28\/zaposlene-majke-u-fbih-mogu-biti-godinu-dana-uz-dijete-u-mnogim-zemljama-nije-takva-praksa\/"},"author":{"name":"Radio Ljubu\u0161ki","@id":"https:\/\/radioljubuski.ba\/#\/schema\/person\/19fc700381a780f69665d7956c469e3b"},"headline":"Zaposlene majke u FBiH mogu biti godinu dana uz dijete, u mnogim zemljama nije takva praksa","datePublished":"2022-06-28T05:34:06+00:00","dateModified":"2022-06-28T05:34:07+00:00","mainEntityOfPage":{"@id":"https:\/\/radioljubuski.ba\/index.php\/2022\/06\/28\/zaposlene-majke-u-fbih-mogu-biti-godinu-dana-uz-dijete-u-mnogim-zemljama-nije-takva-praksa\/"},"wordCount":667,"publisher":{"@id":"https:\/\/radioljubuski.ba\/#organization"},"image":{"@id":"https:\/\/radioljubuski.ba\/index.php\/2022\/06\/28\/zaposlene-majke-u-fbih-mogu-biti-godinu-dana-uz-dijete-u-mnogim-zemljama-nije-takva-praksa\/#primaryimage"},"thumbnailUrl":"https:\/\/radioljubuski.ba\/wp-content\/uploads\/2022\/04\/8-2021-12-30-17-30-43-beba.jpg","articleSection":["BIH i regija"],"inLanguage":"hr"},{"@type":"WebPage","@id":"https:\/\/radioljubuski.ba\/index.php\/2022\/06\/28\/zaposlene-majke-u-fbih-mogu-biti-godinu-dana-uz-dijete-u-mnogim-zemljama-nije-takva-praksa\/","url":"https:\/\/radioljubuski.ba\/index.php\/2022\/06\/28\/zaposlene-majke-u-fbih-mogu-biti-godinu-dana-uz-dijete-u-mnogim-zemljama-nije-takva-praksa\/","name":"Zaposlene majke u FBiH mogu biti godinu dana uz dijete, u mnogim zemljama nije takva praksa - RADIO LJUBU\u0160KI","isPartOf":{"@id":"https:\/\/radioljubuski.ba\/#website"},"primaryImageOfPage":{"@id":"https:\/\/radioljubuski.ba\/index.php\/2022\/06\/28\/zaposlene-majke-u-fbih-mogu-biti-godinu-dana-uz-dijete-u-mnogim-zemljama-nije-takva-praksa\/#primaryimage"},"image":{"@id":"https:\/\/radioljubuski.ba\/index.php\/2022\/06\/28\/zaposlene-majke-u-fbih-mogu-biti-godinu-dana-uz-dijete-u-mnogim-zemljama-nije-takva-praksa\/#primaryimage"},"thumbnailUrl":"https:\/\/radioljubuski.ba\/wp-content\/uploads\/2022\/04\/8-2021-12-30-17-30-43-beba.jpg","datePublished":"2022-06-28T05:34:06+00:00","dateModified":"2022-06-28T05:34:07+00:00","breadcrumb":{"@id":"https:\/\/radioljubuski.ba\/index.php\/2022\/06\/28\/zaposlene-majke-u-fbih-mogu-biti-godinu-dana-uz-dijete-u-mnogim-zemljama-nije-takva-praksa\/#breadcrumb"},"inLanguage":"hr","potentialAction":[{"@type":"ReadAction","target":["https:\/\/radioljubuski.ba\/index.php\/2022\/06\/28\/zaposlene-majke-u-fbih-mogu-biti-godinu-dana-uz-dijete-u-mnogim-zemljama-nije-takva-praksa\/"]}]},{"@type":"ImageObject","inLanguage":"hr","@id":"https:\/\/radioljubuski.ba\/index.php\/2022\/06\/28\/zaposlene-majke-u-fbih-mogu-biti-godinu-dana-uz-dijete-u-mnogim-zemljama-nije-takva-praksa\/#primaryimage","url":"https:\/\/radioljubuski.ba\/wp-content\/uploads\/2022\/04\/8-2021-12-30-17-30-43-beba.jpg","contentUrl":"https:\/\/radioljubuski.ba\/wp-content\/uploads\/2022\/04\/8-2021-12-30-17-30-43-beba.jpg","width":1000,"height":625},{"@type":"BreadcrumbList","@id":"https:\/\/radioljubuski.ba\/index.php\/2022\/06\/28\/zaposlene-majke-u-fbih-mogu-biti-godinu-dana-uz-dijete-u-mnogim-zemljama-nije-takva-praksa\/#breadcrumb","itemListElement":[{"@type":"ListItem","position":1,"name":"Po\u010detna stranica","item":"https:\/\/radioljubuski.ba\/"},{"@type":"ListItem","position":2,"name":"Zaposlene majke u FBiH mogu biti godinu dana uz dijete, u mnogim zemljama nije takva praksa"}]},{"@type":"WebSite","@id":"https:\/\/radioljubuski.ba\/#website","url":"https:\/\/radioljubuski.ba\/","name":"Radio Ljubu\u0161ki","description":"Sun\u010dana frekvencija Hercegovine","publisher":{"@id":"https:\/\/radioljubuski.ba\/#organization"},"potentialAction":[{"@type":"SearchAction","target":{"@type":"EntryPoint","urlTemplate":"https:\/\/radioljubuski.ba\/?s={search_term_string}"},"query-input":{"@type":"PropertyValueSpecification","valueRequired":true,"valueName":"search_term_string"}}],"inLanguage":"hr"},{"@type":"Organization","@id":"https:\/\/radioljubuski.ba\/#organization","name":"Radio Ljubu\u0161ki","url":"https:\/\/radioljubuski.ba\/","logo":{"@type":"ImageObject","inLanguage":"hr","@id":"https:\/\/radioljubuski.ba\/#\/schema\/logo\/image\/","url":"https:\/\/radioljubuski.ba\/wp-content\/uploads\/2021\/02\/cropped-Radio_Ljubuski_logo1.jpg","contentUrl":"https:\/\/radioljubuski.ba\/wp-content\/uploads\/2021\/02\/cropped-Radio_Ljubuski_logo1.jpg","width":512,"height":512,"caption":"Radio Ljubu\u0161ki"},"image":{"@id":"https:\/\/radioljubuski.ba\/#\/schema\/logo\/image\/"},"sameAs":["https:\/\/www.facebook.com\/Radiio-Ljubuski-1490835324566332","https:\/\/x.com\/radioljubuski","https:\/\/hr.linkedin.com\/company\/radio-ljubuski","https:\/\/www.youtube.com\/channel\/UCHYaeO_n0Db3tjNGudGpXyw"]},{"@type":"Person","@id":"https:\/\/radioljubuski.ba\/#\/schema\/person\/19fc700381a780f69665d7956c469e3b","name":"Radio Ljubu\u0161ki"}]}},"_links":{"self":[{"href":"https:\/\/radioljubuski.ba\/index.php\/wp-json\/wp\/v2\/posts\/154140","targetHints":{"allow":["GET"]}}],"collection":[{"href":"https:\/\/radioljubuski.ba\/index.php\/wp-json\/wp\/v2\/posts"}],"about":[{"href":"https:\/\/radioljubuski.ba\/index.php\/wp-json\/wp\/v2\/types\/post"}],"author":[{"embeddable":true,"href":"https:\/\/radioljubuski.ba\/index.php\/wp-json\/wp\/v2\/users\/2"}],"replies":[{"embeddable":true,"href":"https:\/\/radioljubuski.ba\/index.php\/wp-json\/wp\/v2\/comments?post=154140"}],"version-history":[{"count":1,"href":"https:\/\/radioljubuski.ba\/index.php\/wp-json\/wp\/v2\/posts\/154140\/revisions"}],"predecessor-version":[{"id":154141,"href":"https:\/\/radioljubuski.ba\/index.php\/wp-json\/wp\/v2\/posts\/154140\/revisions\/154141"}],"wp:featuredmedia":[{"embeddable":true,"href":"https:\/\/radioljubuski.ba\/index.php\/wp-json\/wp\/v2\/media\/136989"}],"wp:attachment":[{"href":"https:\/\/radioljubuski.ba\/index.php\/wp-json\/wp\/v2\/media?parent=154140"}],"wp:term":[{"taxonomy":"category","embeddable":true,"href":"https:\/\/radioljubuski.ba\/index.php\/wp-json\/wp\/v2\/categories?post=154140"},{"taxonomy":"post_tag","embeddable":true,"href":"https:\/\/radioljubuski.ba\/index.php\/wp-json\/wp\/v2\/tags?post=154140"}],"curies":[{"name":"wp","href":"https:\/\/api.w.org\/{rel}","templated":true}]}}