{"id":154154,"date":"2022-06-28T06:51:26","date_gmt":"2022-06-28T05:51:26","guid":{"rendered":"https:\/\/radioljubuski.ba\/?p=154154"},"modified":"2022-06-28T06:51:27","modified_gmt":"2022-06-28T05:51:27","slug":"uzas-u-hercegovackoj-opcini-zenu-ugrizao-crnostrig-pa-nogom-stala-na-poskoka-koji-ju-je-postedio","status":"publish","type":"post","link":"https:\/\/radioljubuski.ba\/index.php\/2022\/06\/28\/uzas-u-hercegovackoj-opcini-zenu-ugrizao-crnostrig-pa-nogom-stala-na-poskoka-koji-ju-je-postedio\/","title":{"rendered":"U\u017eas u hercegova\u010dkoj op\u0107ini: \u017denu ugrizao crnostrig, pa nogom stala na poskoka koji ju je po\u0161tedio"},"content":{"rendered":"\n<p>Hitna pomo\u0107 na Trebinju u isto\u010dnoj Hercegovini ovih dana ima pune ruke posla i to zbog zmija koje su neobi\u010dno aktivne ove godine pa su ugrizi \u010desti.<br><br>U proteklim su danima imali \u010dak tri intervencije zbog ugriza zmija otrovnica, a radilo se o vrstama ri\u0111ovka (lat. Vipera berus) i poskok (lat. Vipera ammodytes), pi\u0161e Dnevni Avaz.<\/p>\n\n\n\n<p>No najzahtjevnija intervencija bila je ona na Trebinjskim brdima, gdje je stariju \u017eenu ugrizao crnostrig.<\/p>\n\n\n\n<p>Hitna pomo\u0107 dobila je dojavu da je stariju \u017eenu ugrizao crnostrig te da pacijenticu kamionom voze prema mjestu Plani Dvori. Hitna pomo\u0107 se uputila onamo da do\u010deka nesretnu \u017eenu.<\/p>\n\n\n\n<p>Me\u0111utim, kad je ekipa Hitne pomo\u0107i stigla do kamiona, \u017eena je, izlaze\u0107i iz vozila, slu\u010dajno nagazila i na poskoka pa je po\u010dela vri\u0161tati. A poskok ju je po\u0161tedio.<\/p>\n\n\n\n<p><strong>Izvor: Grude.com<\/strong><\/p>\n","protected":false},"excerpt":{"rendered":"<p>Hitna pomo\u0107 na Trebinju u isto\u010dnoj Hercegovini ovih dana ima pune ruke posla i to zbog zmija koje su neobi\u010dno aktivne ove godine pa su ugrizi \u010desti. U proteklim su danima imali \u010dak tri intervencije zbog ugriza zmija otrovnica, a radilo se o vrstama ri\u0111ovka (lat. Vipera berus) i poskok (lat. Vipera ammodytes), pi\u0161e Dnevni [&hellip;]<\/p>\n","protected":false},"author":2,"featured_media":146248,"comment_status":"closed","ping_status":"closed","sticky":false,"template":"","format":"standard","meta":{"h5ap_radio_sources":[],"footnotes":""},"categories":[1],"tags":[],"class_list":["post-154154","post","type-post","status-publish","format-standard","has-post-thumbnail","hentry","category-bihiregija"],"yoast_head":"<!-- This site is optimized with the Yoast SEO plugin v27.5 - https:\/\/yoast.com\/product\/yoast-seo-wordpress\/ -->\n<title>U\u017eas u hercegova\u010dkoj op\u0107ini: \u017denu ugrizao crnostrig, pa nogom stala na poskoka koji ju je po\u0161tedio - RADIO LJUBU\u0160KI<\/title>\n<meta name=\"robots\" content=\"index, follow, max-snippet:-1, max-image-preview:large, max-video-preview:-1\" \/>\n<link rel=\"canonical\" href=\"https:\/\/radioljubuski.ba\/index.php\/2022\/06\/28\/uzas-u-hercegovackoj-opcini-zenu-ugrizao-crnostrig-pa-nogom-stala-na-poskoka-koji-ju-je-postedio\/\" \/>\n<meta property=\"og:locale\" content=\"hr_HR\" \/>\n<meta property=\"og:type\" content=\"article\" \/>\n<meta property=\"og:title\" content=\"U\u017eas u hercegova\u010dkoj op\u0107ini: \u017denu ugrizao crnostrig, pa nogom stala na poskoka koji ju je po\u0161tedio - RADIO LJUBU\u0160KI\" \/>\n<meta property=\"og:description\" content=\"Hitna pomo\u0107 na Trebinju u isto\u010dnoj Hercegovini ovih dana ima pune ruke posla i to zbog zmija koje su neobi\u010dno aktivne ove godine pa su ugrizi \u010desti. U proteklim su danima imali \u010dak tri intervencije zbog ugriza zmija otrovnica, a radilo se o vrstama ri\u0111ovka (lat. Vipera berus) i poskok (lat. Vipera ammodytes), pi\u0161e Dnevni [&hellip;]\" \/>\n<meta property=\"og:url\" content=\"https:\/\/radioljubuski.ba\/index.php\/2022\/06\/28\/uzas-u-hercegovackoj-opcini-zenu-ugrizao-crnostrig-pa-nogom-stala-na-poskoka-koji-ju-je-postedio\/\" \/>\n<meta property=\"og:site_name\" content=\"RADIO LJUBU\u0160KI\" \/>\n<meta property=\"article:publisher\" content=\"https:\/\/www.facebook.com\/Radiio-Ljubuski-1490835324566332\" \/>\n<meta property=\"article:published_time\" content=\"2022-06-28T05:51:26+00:00\" \/>\n<meta property=\"article:modified_time\" content=\"2022-06-28T05:51:27+00:00\" \/>\n<meta property=\"og:image\" content=\"https:\/\/radioljubuski.ba\/wp-content\/uploads\/2022\/06\/1D5l7iLK_zmije.jpg\" \/>\n\t<meta property=\"og:image:width\" content=\"1000\" \/>\n\t<meta property=\"og:image:height\" content=\"625\" \/>\n\t<meta property=\"og:image:type\" content=\"image\/jpeg\" \/>\n<meta name=\"author\" content=\"Radio Ljubu\u0161ki\" \/>\n<meta name=\"twitter:card\" content=\"summary_large_image\" \/>\n<meta name=\"twitter:creator\" content=\"@radioljubuski\" \/>\n<meta name=\"twitter:site\" content=\"@radioljubuski\" \/>\n<meta name=\"twitter:label1\" content=\"Napisao\/la\" \/>\n\t<meta name=\"twitter:data1\" content=\"Radio Ljubu\u0161ki\" \/>\n\t<meta name=\"twitter:label2\" content=\"Procijenjeno vrijeme \u010ditanja\" \/>\n\t<meta name=\"twitter:data2\" content=\"1 minuta\" \/>\n<script type=\"application\/ld+json\" class=\"yoast-schema-graph\">{\"@context\":\"https:\\\/\\\/schema.org\",\"@graph\":[{\"@type\":\"Article\",\"@id\":\"https:\\\/\\\/radioljubuski.ba\\\/index.php\\\/2022\\\/06\\\/28\\\/uzas-u-hercegovackoj-opcini-zenu-ugrizao-crnostrig-pa-nogom-stala-na-poskoka-koji-ju-je-postedio\\\/#article\",\"isPartOf\":{\"@id\":\"https:\\\/\\\/radioljubuski.ba\\\/index.php\\\/2022\\\/06\\\/28\\\/uzas-u-hercegovackoj-opcini-zenu-ugrizao-crnostrig-pa-nogom-stala-na-poskoka-koji-ju-je-postedio\\\/\"},\"author\":{\"name\":\"Radio Ljubu\u0161ki\",\"@id\":\"https:\\\/\\\/radioljubuski.ba\\\/#\\\/schema\\\/person\\\/19fc700381a780f69665d7956c469e3b\"},\"headline\":\"U\u017eas u hercegova\u010dkoj op\u0107ini: \u017denu ugrizao crnostrig, pa nogom stala na poskoka koji ju je po\u0161tedio\",\"datePublished\":\"2022-06-28T05:51:26+00:00\",\"dateModified\":\"2022-06-28T05:51:27+00:00\",\"mainEntityOfPage\":{\"@id\":\"https:\\\/\\\/radioljubuski.ba\\\/index.php\\\/2022\\\/06\\\/28\\\/uzas-u-hercegovackoj-opcini-zenu-ugrizao-crnostrig-pa-nogom-stala-na-poskoka-koji-ju-je-postedio\\\/\"},\"wordCount\":163,\"publisher\":{\"@id\":\"https:\\\/\\\/radioljubuski.ba\\\/#organization\"},\"image\":{\"@id\":\"https:\\\/\\\/radioljubuski.ba\\\/index.php\\\/2022\\\/06\\\/28\\\/uzas-u-hercegovackoj-opcini-zenu-ugrizao-crnostrig-pa-nogom-stala-na-poskoka-koji-ju-je-postedio\\\/#primaryimage\"},\"thumbnailUrl\":\"https:\\\/\\\/radioljubuski.ba\\\/wp-content\\\/uploads\\\/2022\\\/06\\\/1D5l7iLK_zmije.jpg\",\"articleSection\":[\"BIH i regija\"],\"inLanguage\":\"hr\"},{\"@type\":\"WebPage\",\"@id\":\"https:\\\/\\\/radioljubuski.ba\\\/index.php\\\/2022\\\/06\\\/28\\\/uzas-u-hercegovackoj-opcini-zenu-ugrizao-crnostrig-pa-nogom-stala-na-poskoka-koji-ju-je-postedio\\\/\",\"url\":\"https:\\\/\\\/radioljubuski.ba\\\/index.php\\\/2022\\\/06\\\/28\\\/uzas-u-hercegovackoj-opcini-zenu-ugrizao-crnostrig-pa-nogom-stala-na-poskoka-koji-ju-je-postedio\\\/\",\"name\":\"U\u017eas u hercegova\u010dkoj op\u0107ini: \u017denu ugrizao crnostrig, pa nogom stala na poskoka koji ju je po\u0161tedio - RADIO LJUBU\u0160KI\",\"isPartOf\":{\"@id\":\"https:\\\/\\\/radioljubuski.ba\\\/#website\"},\"primaryImageOfPage\":{\"@id\":\"https:\\\/\\\/radioljubuski.ba\\\/index.php\\\/2022\\\/06\\\/28\\\/uzas-u-hercegovackoj-opcini-zenu-ugrizao-crnostrig-pa-nogom-stala-na-poskoka-koji-ju-je-postedio\\\/#primaryimage\"},\"image\":{\"@id\":\"https:\\\/\\\/radioljubuski.ba\\\/index.php\\\/2022\\\/06\\\/28\\\/uzas-u-hercegovackoj-opcini-zenu-ugrizao-crnostrig-pa-nogom-stala-na-poskoka-koji-ju-je-postedio\\\/#primaryimage\"},\"thumbnailUrl\":\"https:\\\/\\\/radioljubuski.ba\\\/wp-content\\\/uploads\\\/2022\\\/06\\\/1D5l7iLK_zmije.jpg\",\"datePublished\":\"2022-06-28T05:51:26+00:00\",\"dateModified\":\"2022-06-28T05:51:27+00:00\",\"breadcrumb\":{\"@id\":\"https:\\\/\\\/radioljubuski.ba\\\/index.php\\\/2022\\\/06\\\/28\\\/uzas-u-hercegovackoj-opcini-zenu-ugrizao-crnostrig-pa-nogom-stala-na-poskoka-koji-ju-je-postedio\\\/#breadcrumb\"},\"inLanguage\":\"hr\",\"potentialAction\":[{\"@type\":\"ReadAction\",\"target\":[\"https:\\\/\\\/radioljubuski.ba\\\/index.php\\\/2022\\\/06\\\/28\\\/uzas-u-hercegovackoj-opcini-zenu-ugrizao-crnostrig-pa-nogom-stala-na-poskoka-koji-ju-je-postedio\\\/\"]}]},{\"@type\":\"ImageObject\",\"inLanguage\":\"hr\",\"@id\":\"https:\\\/\\\/radioljubuski.ba\\\/index.php\\\/2022\\\/06\\\/28\\\/uzas-u-hercegovackoj-opcini-zenu-ugrizao-crnostrig-pa-nogom-stala-na-poskoka-koji-ju-je-postedio\\\/#primaryimage\",\"url\":\"https:\\\/\\\/radioljubuski.ba\\\/wp-content\\\/uploads\\\/2022\\\/06\\\/1D5l7iLK_zmije.jpg\",\"contentUrl\":\"https:\\\/\\\/radioljubuski.ba\\\/wp-content\\\/uploads\\\/2022\\\/06\\\/1D5l7iLK_zmije.jpg\",\"width\":1000,\"height\":625},{\"@type\":\"BreadcrumbList\",\"@id\":\"https:\\\/\\\/radioljubuski.ba\\\/index.php\\\/2022\\\/06\\\/28\\\/uzas-u-hercegovackoj-opcini-zenu-ugrizao-crnostrig-pa-nogom-stala-na-poskoka-koji-ju-je-postedio\\\/#breadcrumb\",\"itemListElement\":[{\"@type\":\"ListItem\",\"position\":1,\"name\":\"Po\u010detna stranica\",\"item\":\"https:\\\/\\\/radioljubuski.ba\\\/\"},{\"@type\":\"ListItem\",\"position\":2,\"name\":\"U\u017eas u hercegova\u010dkoj op\u0107ini: \u017denu ugrizao crnostrig, pa nogom stala na poskoka koji ju je po\u0161tedio\"}]},{\"@type\":\"WebSite\",\"@id\":\"https:\\\/\\\/radioljubuski.ba\\\/#website\",\"url\":\"https:\\\/\\\/radioljubuski.ba\\\/\",\"name\":\"Radio Ljubu\u0161ki\",\"description\":\"Sun\u010dana frekvencija Hercegovine\",\"publisher\":{\"@id\":\"https:\\\/\\\/radioljubuski.ba\\\/#organization\"},\"potentialAction\":[{\"@type\":\"SearchAction\",\"target\":{\"@type\":\"EntryPoint\",\"urlTemplate\":\"https:\\\/\\\/radioljubuski.ba\\\/?s={search_term_string}\"},\"query-input\":{\"@type\":\"PropertyValueSpecification\",\"valueRequired\":true,\"valueName\":\"search_term_string\"}}],\"inLanguage\":\"hr\"},{\"@type\":\"Organization\",\"@id\":\"https:\\\/\\\/radioljubuski.ba\\\/#organization\",\"name\":\"Radio Ljubu\u0161ki\",\"url\":\"https:\\\/\\\/radioljubuski.ba\\\/\",\"logo\":{\"@type\":\"ImageObject\",\"inLanguage\":\"hr\",\"@id\":\"https:\\\/\\\/radioljubuski.ba\\\/#\\\/schema\\\/logo\\\/image\\\/\",\"url\":\"https:\\\/\\\/radioljubuski.ba\\\/wp-content\\\/uploads\\\/2021\\\/02\\\/cropped-Radio_Ljubuski_logo1.jpg\",\"contentUrl\":\"https:\\\/\\\/radioljubuski.ba\\\/wp-content\\\/uploads\\\/2021\\\/02\\\/cropped-Radio_Ljubuski_logo1.jpg\",\"width\":512,\"height\":512,\"caption\":\"Radio Ljubu\u0161ki\"},\"image\":{\"@id\":\"https:\\\/\\\/radioljubuski.ba\\\/#\\\/schema\\\/logo\\\/image\\\/\"},\"sameAs\":[\"https:\\\/\\\/www.facebook.com\\\/Radiio-Ljubuski-1490835324566332\",\"https:\\\/\\\/x.com\\\/radioljubuski\",\"https:\\\/\\\/hr.linkedin.com\\\/company\\\/radio-ljubuski\",\"https:\\\/\\\/www.youtube.com\\\/channel\\\/UCHYaeO_n0Db3tjNGudGpXyw\"]},{\"@type\":\"Person\",\"@id\":\"https:\\\/\\\/radioljubuski.ba\\\/#\\\/schema\\\/person\\\/19fc700381a780f69665d7956c469e3b\",\"name\":\"Radio Ljubu\u0161ki\"}]}<\/script>\n<!-- \/ Yoast SEO plugin. -->","yoast_head_json":{"title":"U\u017eas u hercegova\u010dkoj op\u0107ini: \u017denu ugrizao crnostrig, pa nogom stala na poskoka koji ju je po\u0161tedio - RADIO LJUBU\u0160KI","robots":{"index":"index","follow":"follow","max-snippet":"max-snippet:-1","max-image-preview":"max-image-preview:large","max-video-preview":"max-video-preview:-1"},"canonical":"https:\/\/radioljubuski.ba\/index.php\/2022\/06\/28\/uzas-u-hercegovackoj-opcini-zenu-ugrizao-crnostrig-pa-nogom-stala-na-poskoka-koji-ju-je-postedio\/","og_locale":"hr_HR","og_type":"article","og_title":"U\u017eas u hercegova\u010dkoj op\u0107ini: \u017denu ugrizao crnostrig, pa nogom stala na poskoka koji ju je po\u0161tedio - RADIO LJUBU\u0160KI","og_description":"Hitna pomo\u0107 na Trebinju u isto\u010dnoj Hercegovini ovih dana ima pune ruke posla i to zbog zmija koje su neobi\u010dno aktivne ove godine pa su ugrizi \u010desti. U proteklim su danima imali \u010dak tri intervencije zbog ugriza zmija otrovnica, a radilo se o vrstama ri\u0111ovka (lat. Vipera berus) i poskok (lat. Vipera ammodytes), pi\u0161e Dnevni [&hellip;]","og_url":"https:\/\/radioljubuski.ba\/index.php\/2022\/06\/28\/uzas-u-hercegovackoj-opcini-zenu-ugrizao-crnostrig-pa-nogom-stala-na-poskoka-koji-ju-je-postedio\/","og_site_name":"RADIO LJUBU\u0160KI","article_publisher":"https:\/\/www.facebook.com\/Radiio-Ljubuski-1490835324566332","article_published_time":"2022-06-28T05:51:26+00:00","article_modified_time":"2022-06-28T05:51:27+00:00","og_image":[{"width":1000,"height":625,"url":"https:\/\/radioljubuski.ba\/wp-content\/uploads\/2022\/06\/1D5l7iLK_zmije.jpg","type":"image\/jpeg"}],"author":"Radio Ljubu\u0161ki","twitter_card":"summary_large_image","twitter_creator":"@radioljubuski","twitter_site":"@radioljubuski","twitter_misc":{"Napisao\/la":"Radio Ljubu\u0161ki","Procijenjeno vrijeme \u010ditanja":"1 minuta"},"schema":{"@context":"https:\/\/schema.org","@graph":[{"@type":"Article","@id":"https:\/\/radioljubuski.ba\/index.php\/2022\/06\/28\/uzas-u-hercegovackoj-opcini-zenu-ugrizao-crnostrig-pa-nogom-stala-na-poskoka-koji-ju-je-postedio\/#article","isPartOf":{"@id":"https:\/\/radioljubuski.ba\/index.php\/2022\/06\/28\/uzas-u-hercegovackoj-opcini-zenu-ugrizao-crnostrig-pa-nogom-stala-na-poskoka-koji-ju-je-postedio\/"},"author":{"name":"Radio Ljubu\u0161ki","@id":"https:\/\/radioljubuski.ba\/#\/schema\/person\/19fc700381a780f69665d7956c469e3b"},"headline":"U\u017eas u hercegova\u010dkoj op\u0107ini: \u017denu ugrizao crnostrig, pa nogom stala na poskoka koji ju je po\u0161tedio","datePublished":"2022-06-28T05:51:26+00:00","dateModified":"2022-06-28T05:51:27+00:00","mainEntityOfPage":{"@id":"https:\/\/radioljubuski.ba\/index.php\/2022\/06\/28\/uzas-u-hercegovackoj-opcini-zenu-ugrizao-crnostrig-pa-nogom-stala-na-poskoka-koji-ju-je-postedio\/"},"wordCount":163,"publisher":{"@id":"https:\/\/radioljubuski.ba\/#organization"},"image":{"@id":"https:\/\/radioljubuski.ba\/index.php\/2022\/06\/28\/uzas-u-hercegovackoj-opcini-zenu-ugrizao-crnostrig-pa-nogom-stala-na-poskoka-koji-ju-je-postedio\/#primaryimage"},"thumbnailUrl":"https:\/\/radioljubuski.ba\/wp-content\/uploads\/2022\/06\/1D5l7iLK_zmije.jpg","articleSection":["BIH i regija"],"inLanguage":"hr"},{"@type":"WebPage","@id":"https:\/\/radioljubuski.ba\/index.php\/2022\/06\/28\/uzas-u-hercegovackoj-opcini-zenu-ugrizao-crnostrig-pa-nogom-stala-na-poskoka-koji-ju-je-postedio\/","url":"https:\/\/radioljubuski.ba\/index.php\/2022\/06\/28\/uzas-u-hercegovackoj-opcini-zenu-ugrizao-crnostrig-pa-nogom-stala-na-poskoka-koji-ju-je-postedio\/","name":"U\u017eas u hercegova\u010dkoj op\u0107ini: \u017denu ugrizao crnostrig, pa nogom stala na poskoka koji ju je po\u0161tedio - RADIO LJUBU\u0160KI","isPartOf":{"@id":"https:\/\/radioljubuski.ba\/#website"},"primaryImageOfPage":{"@id":"https:\/\/radioljubuski.ba\/index.php\/2022\/06\/28\/uzas-u-hercegovackoj-opcini-zenu-ugrizao-crnostrig-pa-nogom-stala-na-poskoka-koji-ju-je-postedio\/#primaryimage"},"image":{"@id":"https:\/\/radioljubuski.ba\/index.php\/2022\/06\/28\/uzas-u-hercegovackoj-opcini-zenu-ugrizao-crnostrig-pa-nogom-stala-na-poskoka-koji-ju-je-postedio\/#primaryimage"},"thumbnailUrl":"https:\/\/radioljubuski.ba\/wp-content\/uploads\/2022\/06\/1D5l7iLK_zmije.jpg","datePublished":"2022-06-28T05:51:26+00:00","dateModified":"2022-06-28T05:51:27+00:00","breadcrumb":{"@id":"https:\/\/radioljubuski.ba\/index.php\/2022\/06\/28\/uzas-u-hercegovackoj-opcini-zenu-ugrizao-crnostrig-pa-nogom-stala-na-poskoka-koji-ju-je-postedio\/#breadcrumb"},"inLanguage":"hr","potentialAction":[{"@type":"ReadAction","target":["https:\/\/radioljubuski.ba\/index.php\/2022\/06\/28\/uzas-u-hercegovackoj-opcini-zenu-ugrizao-crnostrig-pa-nogom-stala-na-poskoka-koji-ju-je-postedio\/"]}]},{"@type":"ImageObject","inLanguage":"hr","@id":"https:\/\/radioljubuski.ba\/index.php\/2022\/06\/28\/uzas-u-hercegovackoj-opcini-zenu-ugrizao-crnostrig-pa-nogom-stala-na-poskoka-koji-ju-je-postedio\/#primaryimage","url":"https:\/\/radioljubuski.ba\/wp-content\/uploads\/2022\/06\/1D5l7iLK_zmije.jpg","contentUrl":"https:\/\/radioljubuski.ba\/wp-content\/uploads\/2022\/06\/1D5l7iLK_zmije.jpg","width":1000,"height":625},{"@type":"BreadcrumbList","@id":"https:\/\/radioljubuski.ba\/index.php\/2022\/06\/28\/uzas-u-hercegovackoj-opcini-zenu-ugrizao-crnostrig-pa-nogom-stala-na-poskoka-koji-ju-je-postedio\/#breadcrumb","itemListElement":[{"@type":"ListItem","position":1,"name":"Po\u010detna stranica","item":"https:\/\/radioljubuski.ba\/"},{"@type":"ListItem","position":2,"name":"U\u017eas u hercegova\u010dkoj op\u0107ini: \u017denu ugrizao crnostrig, pa nogom stala na poskoka koji ju je po\u0161tedio"}]},{"@type":"WebSite","@id":"https:\/\/radioljubuski.ba\/#website","url":"https:\/\/radioljubuski.ba\/","name":"Radio Ljubu\u0161ki","description":"Sun\u010dana frekvencija Hercegovine","publisher":{"@id":"https:\/\/radioljubuski.ba\/#organization"},"potentialAction":[{"@type":"SearchAction","target":{"@type":"EntryPoint","urlTemplate":"https:\/\/radioljubuski.ba\/?s={search_term_string}"},"query-input":{"@type":"PropertyValueSpecification","valueRequired":true,"valueName":"search_term_string"}}],"inLanguage":"hr"},{"@type":"Organization","@id":"https:\/\/radioljubuski.ba\/#organization","name":"Radio Ljubu\u0161ki","url":"https:\/\/radioljubuski.ba\/","logo":{"@type":"ImageObject","inLanguage":"hr","@id":"https:\/\/radioljubuski.ba\/#\/schema\/logo\/image\/","url":"https:\/\/radioljubuski.ba\/wp-content\/uploads\/2021\/02\/cropped-Radio_Ljubuski_logo1.jpg","contentUrl":"https:\/\/radioljubuski.ba\/wp-content\/uploads\/2021\/02\/cropped-Radio_Ljubuski_logo1.jpg","width":512,"height":512,"caption":"Radio Ljubu\u0161ki"},"image":{"@id":"https:\/\/radioljubuski.ba\/#\/schema\/logo\/image\/"},"sameAs":["https:\/\/www.facebook.com\/Radiio-Ljubuski-1490835324566332","https:\/\/x.com\/radioljubuski","https:\/\/hr.linkedin.com\/company\/radio-ljubuski","https:\/\/www.youtube.com\/channel\/UCHYaeO_n0Db3tjNGudGpXyw"]},{"@type":"Person","@id":"https:\/\/radioljubuski.ba\/#\/schema\/person\/19fc700381a780f69665d7956c469e3b","name":"Radio Ljubu\u0161ki"}]}},"_links":{"self":[{"href":"https:\/\/radioljubuski.ba\/index.php\/wp-json\/wp\/v2\/posts\/154154","targetHints":{"allow":["GET"]}}],"collection":[{"href":"https:\/\/radioljubuski.ba\/index.php\/wp-json\/wp\/v2\/posts"}],"about":[{"href":"https:\/\/radioljubuski.ba\/index.php\/wp-json\/wp\/v2\/types\/post"}],"author":[{"embeddable":true,"href":"https:\/\/radioljubuski.ba\/index.php\/wp-json\/wp\/v2\/users\/2"}],"replies":[{"embeddable":true,"href":"https:\/\/radioljubuski.ba\/index.php\/wp-json\/wp\/v2\/comments?post=154154"}],"version-history":[{"count":1,"href":"https:\/\/radioljubuski.ba\/index.php\/wp-json\/wp\/v2\/posts\/154154\/revisions"}],"predecessor-version":[{"id":154155,"href":"https:\/\/radioljubuski.ba\/index.php\/wp-json\/wp\/v2\/posts\/154154\/revisions\/154155"}],"wp:featuredmedia":[{"embeddable":true,"href":"https:\/\/radioljubuski.ba\/index.php\/wp-json\/wp\/v2\/media\/146248"}],"wp:attachment":[{"href":"https:\/\/radioljubuski.ba\/index.php\/wp-json\/wp\/v2\/media?parent=154154"}],"wp:term":[{"taxonomy":"category","embeddable":true,"href":"https:\/\/radioljubuski.ba\/index.php\/wp-json\/wp\/v2\/categories?post=154154"},{"taxonomy":"post_tag","embeddable":true,"href":"https:\/\/radioljubuski.ba\/index.php\/wp-json\/wp\/v2\/tags?post=154154"}],"curies":[{"name":"wp","href":"https:\/\/api.w.org\/{rel}","templated":true}]}}