{"id":154158,"date":"2022-06-28T07:06:11","date_gmt":"2022-06-28T06:06:11","guid":{"rendered":"https:\/\/radioljubuski.ba\/?p=154158"},"modified":"2022-06-28T07:06:12","modified_gmt":"2022-06-28T06:06:12","slug":"tragedija-u-teksasu-46-migranata-pronadeno-mrtvo-u-prikolici","status":"publish","type":"post","link":"https:\/\/radioljubuski.ba\/index.php\/2022\/06\/28\/tragedija-u-teksasu-46-migranata-pronadeno-mrtvo-u-prikolici\/","title":{"rendered":"Tragedija u Teksasu, 46 migranata prona\u0111eno mrtvo u prikolici"},"content":{"rendered":"\n<p>Ukupno 46 migranata prona\u0111eno je mrtvo u prikolici teglja\u010da u San Antoniju u Teksasu, u jednom od dosad najsmrtonosnijih incidenata u krijum\u010darenju ljudi du\u017e ameri\u010dko-meksi\u010dke granice, izvijestile su tamo\u0161nje vlasti.<\/p>\n\n\n\n<p>Vatrogasna slu\u017eba San Antonija priop\u0107ila je da je jo\u0161 16 osoba prona\u0111enih u prikolici prevezeno u bolnicu zbog toplinskog udara i iscrpljenosti, uklju\u010duju\u0107i \u010detvero maloljetnika. Vlasti su navele i da su tri osobe u pritvoru nakon incidenta.<\/p>\n\n\n\n<p>Kamion s migrantima prona\u0111en je pokraj \u017eeljezni\u010dke pruge u udaljenom podru\u010dju na ju\u017enoj periferiji grada. Temperatura u San Antoniju, koji se nalazi oko 250 kilometara od meksi\u010dke granice, narasla je u ponedjeljak na visokih 39,4 stupnja Celzijusa, uz visoku vla\u017enost zraka.<\/p>\n\n\n\n<p>U povodu tragedije meksi\u010dki ministar vanjskih poslova Marcelo Ebrard na twitteru je gu\u0161enje migranata u kamionu nazvao &#8220;tragedijom u Teksasu&#8221; a krivnju za smrt svalio na Bidenovu politiku rekav\u0161i da ona &#8220;pokazuje smrtonosne posljedice njegova odbijanja da provede zakon&#8221;. Napisao je i da su predstavnici meksi\u010dkog konzulata na putu na mjesto doga\u0111aja, iako nacionalnosti \u017ertava jo\u0161 nisu potvr\u0111ene.<\/p>\n\n\n\n<p>Posljednjih mjeseci zabilje\u017een je rekordan broj prijelaza migranata na ameri\u010dko-meksi\u010dkoj granici, \u0161to je izazvalo kritike na ra\u010dun useljeni\u010dke politike ameri\u010dkog predsjednika Joea Bidena.<\/p>\n\n\n\n<p>U srpnju 2017. deset migranata je umrlo nakon \u0161to su prevezeni u traktorskoj prikolici koju je policija San Antonija otkrila na parkirali\u0161tu Wal-Marta. Voza\u010d je osu\u0111en idu\u0107eg godine na do\u017eivotni zatvor zbog svoje uloge u operaciji krijum\u010darenja.<\/p>\n\n\n\n<p>Izvor:<a href=\"https:\/\/pogled.ba\/svijet\/tragedija-u-teksasu-46-migranata-pronadeno-mrtvo-u-prikolici\/249249\">Pogled.ba<\/a><\/p>\n","protected":false},"excerpt":{"rendered":"<p>Ukupno 46 migranata prona\u0111eno je mrtvo u prikolici teglja\u010da u San Antoniju u Teksasu, u jednom od dosad najsmrtonosnijih incidenata u krijum\u010darenju ljudi du\u017e ameri\u010dko-meksi\u010dke granice, izvijestile su tamo\u0161nje vlasti. Vatrogasna slu\u017eba San Antonija priop\u0107ila je da je jo\u0161 16 osoba prona\u0111enih u prikolici prevezeno u bolnicu zbog toplinskog udara i iscrpljenosti, uklju\u010duju\u0107i \u010detvero maloljetnika. [&hellip;]<\/p>\n","protected":false},"author":2,"featured_media":154159,"comment_status":"closed","ping_status":"closed","sticky":false,"template":"","format":"standard","meta":{"h5ap_radio_sources":[],"footnotes":""},"categories":[1],"tags":[],"class_list":["post-154158","post","type-post","status-publish","format-standard","has-post-thumbnail","hentry","category-bihiregija"],"yoast_head":"<!-- This site is optimized with the Yoast SEO plugin v27.5 - https:\/\/yoast.com\/product\/yoast-seo-wordpress\/ -->\n<title>Tragedija u Teksasu, 46 migranata prona\u0111eno mrtvo u prikolici - RADIO LJUBU\u0160KI<\/title>\n<meta name=\"robots\" content=\"index, follow, max-snippet:-1, max-image-preview:large, max-video-preview:-1\" \/>\n<link rel=\"canonical\" href=\"https:\/\/radioljubuski.ba\/index.php\/2022\/06\/28\/tragedija-u-teksasu-46-migranata-pronadeno-mrtvo-u-prikolici\/\" \/>\n<meta property=\"og:locale\" content=\"hr_HR\" \/>\n<meta property=\"og:type\" content=\"article\" \/>\n<meta property=\"og:title\" content=\"Tragedija u Teksasu, 46 migranata prona\u0111eno mrtvo u prikolici - RADIO LJUBU\u0160KI\" \/>\n<meta property=\"og:description\" content=\"Ukupno 46 migranata prona\u0111eno je mrtvo u prikolici teglja\u010da u San Antoniju u Teksasu, u jednom od dosad najsmrtonosnijih incidenata u krijum\u010darenju ljudi du\u017e ameri\u010dko-meksi\u010dke granice, izvijestile su tamo\u0161nje vlasti. Vatrogasna slu\u017eba San Antonija priop\u0107ila je da je jo\u0161 16 osoba prona\u0111enih u prikolici prevezeno u bolnicu zbog toplinskog udara i iscrpljenosti, uklju\u010duju\u0107i \u010detvero maloljetnika. [&hellip;]\" \/>\n<meta property=\"og:url\" content=\"https:\/\/radioljubuski.ba\/index.php\/2022\/06\/28\/tragedija-u-teksasu-46-migranata-pronadeno-mrtvo-u-prikolici\/\" \/>\n<meta property=\"og:site_name\" content=\"RADIO LJUBU\u0160KI\" \/>\n<meta property=\"article:publisher\" content=\"https:\/\/www.facebook.com\/Radiio-Ljubuski-1490835324566332\" \/>\n<meta property=\"article:published_time\" content=\"2022-06-28T06:06:11+00:00\" \/>\n<meta property=\"article:modified_time\" content=\"2022-06-28T06:06:12+00:00\" \/>\n<meta property=\"og:image\" content=\"https:\/\/radioljubuski.ba\/wp-content\/uploads\/2022\/06\/2-2022-06-28-07-20-29-kamion-1.jpg\" \/>\n\t<meta property=\"og:image:width\" content=\"1000\" \/>\n\t<meta property=\"og:image:height\" content=\"625\" \/>\n\t<meta property=\"og:image:type\" content=\"image\/jpeg\" \/>\n<meta name=\"author\" content=\"Radio Ljubu\u0161ki\" \/>\n<meta name=\"twitter:card\" content=\"summary_large_image\" \/>\n<meta name=\"twitter:creator\" content=\"@radioljubuski\" \/>\n<meta name=\"twitter:site\" content=\"@radioljubuski\" \/>\n<meta name=\"twitter:label1\" content=\"Napisao\/la\" \/>\n\t<meta name=\"twitter:data1\" content=\"Radio Ljubu\u0161ki\" \/>\n\t<meta name=\"twitter:label2\" content=\"Procijenjeno vrijeme \u010ditanja\" \/>\n\t<meta name=\"twitter:data2\" content=\"1 minuta\" \/>\n<script type=\"application\/ld+json\" class=\"yoast-schema-graph\">{\"@context\":\"https:\\\/\\\/schema.org\",\"@graph\":[{\"@type\":\"Article\",\"@id\":\"https:\\\/\\\/radioljubuski.ba\\\/index.php\\\/2022\\\/06\\\/28\\\/tragedija-u-teksasu-46-migranata-pronadeno-mrtvo-u-prikolici\\\/#article\",\"isPartOf\":{\"@id\":\"https:\\\/\\\/radioljubuski.ba\\\/index.php\\\/2022\\\/06\\\/28\\\/tragedija-u-teksasu-46-migranata-pronadeno-mrtvo-u-prikolici\\\/\"},\"author\":{\"name\":\"Radio Ljubu\u0161ki\",\"@id\":\"https:\\\/\\\/radioljubuski.ba\\\/#\\\/schema\\\/person\\\/19fc700381a780f69665d7956c469e3b\"},\"headline\":\"Tragedija u Teksasu, 46 migranata prona\u0111eno mrtvo u prikolici\",\"datePublished\":\"2022-06-28T06:06:11+00:00\",\"dateModified\":\"2022-06-28T06:06:12+00:00\",\"mainEntityOfPage\":{\"@id\":\"https:\\\/\\\/radioljubuski.ba\\\/index.php\\\/2022\\\/06\\\/28\\\/tragedija-u-teksasu-46-migranata-pronadeno-mrtvo-u-prikolici\\\/\"},\"wordCount\":267,\"publisher\":{\"@id\":\"https:\\\/\\\/radioljubuski.ba\\\/#organization\"},\"image\":{\"@id\":\"https:\\\/\\\/radioljubuski.ba\\\/index.php\\\/2022\\\/06\\\/28\\\/tragedija-u-teksasu-46-migranata-pronadeno-mrtvo-u-prikolici\\\/#primaryimage\"},\"thumbnailUrl\":\"https:\\\/\\\/radioljubuski.ba\\\/wp-content\\\/uploads\\\/2022\\\/06\\\/2-2022-06-28-07-20-29-kamion-1.jpg\",\"articleSection\":[\"BIH i regija\"],\"inLanguage\":\"hr\"},{\"@type\":\"WebPage\",\"@id\":\"https:\\\/\\\/radioljubuski.ba\\\/index.php\\\/2022\\\/06\\\/28\\\/tragedija-u-teksasu-46-migranata-pronadeno-mrtvo-u-prikolici\\\/\",\"url\":\"https:\\\/\\\/radioljubuski.ba\\\/index.php\\\/2022\\\/06\\\/28\\\/tragedija-u-teksasu-46-migranata-pronadeno-mrtvo-u-prikolici\\\/\",\"name\":\"Tragedija u Teksasu, 46 migranata prona\u0111eno mrtvo u prikolici - RADIO LJUBU\u0160KI\",\"isPartOf\":{\"@id\":\"https:\\\/\\\/radioljubuski.ba\\\/#website\"},\"primaryImageOfPage\":{\"@id\":\"https:\\\/\\\/radioljubuski.ba\\\/index.php\\\/2022\\\/06\\\/28\\\/tragedija-u-teksasu-46-migranata-pronadeno-mrtvo-u-prikolici\\\/#primaryimage\"},\"image\":{\"@id\":\"https:\\\/\\\/radioljubuski.ba\\\/index.php\\\/2022\\\/06\\\/28\\\/tragedija-u-teksasu-46-migranata-pronadeno-mrtvo-u-prikolici\\\/#primaryimage\"},\"thumbnailUrl\":\"https:\\\/\\\/radioljubuski.ba\\\/wp-content\\\/uploads\\\/2022\\\/06\\\/2-2022-06-28-07-20-29-kamion-1.jpg\",\"datePublished\":\"2022-06-28T06:06:11+00:00\",\"dateModified\":\"2022-06-28T06:06:12+00:00\",\"breadcrumb\":{\"@id\":\"https:\\\/\\\/radioljubuski.ba\\\/index.php\\\/2022\\\/06\\\/28\\\/tragedija-u-teksasu-46-migranata-pronadeno-mrtvo-u-prikolici\\\/#breadcrumb\"},\"inLanguage\":\"hr\",\"potentialAction\":[{\"@type\":\"ReadAction\",\"target\":[\"https:\\\/\\\/radioljubuski.ba\\\/index.php\\\/2022\\\/06\\\/28\\\/tragedija-u-teksasu-46-migranata-pronadeno-mrtvo-u-prikolici\\\/\"]}]},{\"@type\":\"ImageObject\",\"inLanguage\":\"hr\",\"@id\":\"https:\\\/\\\/radioljubuski.ba\\\/index.php\\\/2022\\\/06\\\/28\\\/tragedija-u-teksasu-46-migranata-pronadeno-mrtvo-u-prikolici\\\/#primaryimage\",\"url\":\"https:\\\/\\\/radioljubuski.ba\\\/wp-content\\\/uploads\\\/2022\\\/06\\\/2-2022-06-28-07-20-29-kamion-1.jpg\",\"contentUrl\":\"https:\\\/\\\/radioljubuski.ba\\\/wp-content\\\/uploads\\\/2022\\\/06\\\/2-2022-06-28-07-20-29-kamion-1.jpg\",\"width\":1000,\"height\":625},{\"@type\":\"BreadcrumbList\",\"@id\":\"https:\\\/\\\/radioljubuski.ba\\\/index.php\\\/2022\\\/06\\\/28\\\/tragedija-u-teksasu-46-migranata-pronadeno-mrtvo-u-prikolici\\\/#breadcrumb\",\"itemListElement\":[{\"@type\":\"ListItem\",\"position\":1,\"name\":\"Po\u010detna stranica\",\"item\":\"https:\\\/\\\/radioljubuski.ba\\\/\"},{\"@type\":\"ListItem\",\"position\":2,\"name\":\"Tragedija u Teksasu, 46 migranata prona\u0111eno mrtvo u prikolici\"}]},{\"@type\":\"WebSite\",\"@id\":\"https:\\\/\\\/radioljubuski.ba\\\/#website\",\"url\":\"https:\\\/\\\/radioljubuski.ba\\\/\",\"name\":\"Radio Ljubu\u0161ki\",\"description\":\"Sun\u010dana frekvencija Hercegovine\",\"publisher\":{\"@id\":\"https:\\\/\\\/radioljubuski.ba\\\/#organization\"},\"potentialAction\":[{\"@type\":\"SearchAction\",\"target\":{\"@type\":\"EntryPoint\",\"urlTemplate\":\"https:\\\/\\\/radioljubuski.ba\\\/?s={search_term_string}\"},\"query-input\":{\"@type\":\"PropertyValueSpecification\",\"valueRequired\":true,\"valueName\":\"search_term_string\"}}],\"inLanguage\":\"hr\"},{\"@type\":\"Organization\",\"@id\":\"https:\\\/\\\/radioljubuski.ba\\\/#organization\",\"name\":\"Radio Ljubu\u0161ki\",\"url\":\"https:\\\/\\\/radioljubuski.ba\\\/\",\"logo\":{\"@type\":\"ImageObject\",\"inLanguage\":\"hr\",\"@id\":\"https:\\\/\\\/radioljubuski.ba\\\/#\\\/schema\\\/logo\\\/image\\\/\",\"url\":\"https:\\\/\\\/radioljubuski.ba\\\/wp-content\\\/uploads\\\/2021\\\/02\\\/cropped-Radio_Ljubuski_logo1.jpg\",\"contentUrl\":\"https:\\\/\\\/radioljubuski.ba\\\/wp-content\\\/uploads\\\/2021\\\/02\\\/cropped-Radio_Ljubuski_logo1.jpg\",\"width\":512,\"height\":512,\"caption\":\"Radio Ljubu\u0161ki\"},\"image\":{\"@id\":\"https:\\\/\\\/radioljubuski.ba\\\/#\\\/schema\\\/logo\\\/image\\\/\"},\"sameAs\":[\"https:\\\/\\\/www.facebook.com\\\/Radiio-Ljubuski-1490835324566332\",\"https:\\\/\\\/x.com\\\/radioljubuski\",\"https:\\\/\\\/hr.linkedin.com\\\/company\\\/radio-ljubuski\",\"https:\\\/\\\/www.youtube.com\\\/channel\\\/UCHYaeO_n0Db3tjNGudGpXyw\"]},{\"@type\":\"Person\",\"@id\":\"https:\\\/\\\/radioljubuski.ba\\\/#\\\/schema\\\/person\\\/19fc700381a780f69665d7956c469e3b\",\"name\":\"Radio Ljubu\u0161ki\"}]}<\/script>\n<!-- \/ Yoast SEO plugin. -->","yoast_head_json":{"title":"Tragedija u Teksasu, 46 migranata prona\u0111eno mrtvo u prikolici - RADIO LJUBU\u0160KI","robots":{"index":"index","follow":"follow","max-snippet":"max-snippet:-1","max-image-preview":"max-image-preview:large","max-video-preview":"max-video-preview:-1"},"canonical":"https:\/\/radioljubuski.ba\/index.php\/2022\/06\/28\/tragedija-u-teksasu-46-migranata-pronadeno-mrtvo-u-prikolici\/","og_locale":"hr_HR","og_type":"article","og_title":"Tragedija u Teksasu, 46 migranata prona\u0111eno mrtvo u prikolici - RADIO LJUBU\u0160KI","og_description":"Ukupno 46 migranata prona\u0111eno je mrtvo u prikolici teglja\u010da u San Antoniju u Teksasu, u jednom od dosad najsmrtonosnijih incidenata u krijum\u010darenju ljudi du\u017e ameri\u010dko-meksi\u010dke granice, izvijestile su tamo\u0161nje vlasti. Vatrogasna slu\u017eba San Antonija priop\u0107ila je da je jo\u0161 16 osoba prona\u0111enih u prikolici prevezeno u bolnicu zbog toplinskog udara i iscrpljenosti, uklju\u010duju\u0107i \u010detvero maloljetnika. [&hellip;]","og_url":"https:\/\/radioljubuski.ba\/index.php\/2022\/06\/28\/tragedija-u-teksasu-46-migranata-pronadeno-mrtvo-u-prikolici\/","og_site_name":"RADIO LJUBU\u0160KI","article_publisher":"https:\/\/www.facebook.com\/Radiio-Ljubuski-1490835324566332","article_published_time":"2022-06-28T06:06:11+00:00","article_modified_time":"2022-06-28T06:06:12+00:00","og_image":[{"width":1000,"height":625,"url":"https:\/\/radioljubuski.ba\/wp-content\/uploads\/2022\/06\/2-2022-06-28-07-20-29-kamion-1.jpg","type":"image\/jpeg"}],"author":"Radio Ljubu\u0161ki","twitter_card":"summary_large_image","twitter_creator":"@radioljubuski","twitter_site":"@radioljubuski","twitter_misc":{"Napisao\/la":"Radio Ljubu\u0161ki","Procijenjeno vrijeme \u010ditanja":"1 minuta"},"schema":{"@context":"https:\/\/schema.org","@graph":[{"@type":"Article","@id":"https:\/\/radioljubuski.ba\/index.php\/2022\/06\/28\/tragedija-u-teksasu-46-migranata-pronadeno-mrtvo-u-prikolici\/#article","isPartOf":{"@id":"https:\/\/radioljubuski.ba\/index.php\/2022\/06\/28\/tragedija-u-teksasu-46-migranata-pronadeno-mrtvo-u-prikolici\/"},"author":{"name":"Radio Ljubu\u0161ki","@id":"https:\/\/radioljubuski.ba\/#\/schema\/person\/19fc700381a780f69665d7956c469e3b"},"headline":"Tragedija u Teksasu, 46 migranata prona\u0111eno mrtvo u prikolici","datePublished":"2022-06-28T06:06:11+00:00","dateModified":"2022-06-28T06:06:12+00:00","mainEntityOfPage":{"@id":"https:\/\/radioljubuski.ba\/index.php\/2022\/06\/28\/tragedija-u-teksasu-46-migranata-pronadeno-mrtvo-u-prikolici\/"},"wordCount":267,"publisher":{"@id":"https:\/\/radioljubuski.ba\/#organization"},"image":{"@id":"https:\/\/radioljubuski.ba\/index.php\/2022\/06\/28\/tragedija-u-teksasu-46-migranata-pronadeno-mrtvo-u-prikolici\/#primaryimage"},"thumbnailUrl":"https:\/\/radioljubuski.ba\/wp-content\/uploads\/2022\/06\/2-2022-06-28-07-20-29-kamion-1.jpg","articleSection":["BIH i regija"],"inLanguage":"hr"},{"@type":"WebPage","@id":"https:\/\/radioljubuski.ba\/index.php\/2022\/06\/28\/tragedija-u-teksasu-46-migranata-pronadeno-mrtvo-u-prikolici\/","url":"https:\/\/radioljubuski.ba\/index.php\/2022\/06\/28\/tragedija-u-teksasu-46-migranata-pronadeno-mrtvo-u-prikolici\/","name":"Tragedija u Teksasu, 46 migranata prona\u0111eno mrtvo u prikolici - RADIO LJUBU\u0160KI","isPartOf":{"@id":"https:\/\/radioljubuski.ba\/#website"},"primaryImageOfPage":{"@id":"https:\/\/radioljubuski.ba\/index.php\/2022\/06\/28\/tragedija-u-teksasu-46-migranata-pronadeno-mrtvo-u-prikolici\/#primaryimage"},"image":{"@id":"https:\/\/radioljubuski.ba\/index.php\/2022\/06\/28\/tragedija-u-teksasu-46-migranata-pronadeno-mrtvo-u-prikolici\/#primaryimage"},"thumbnailUrl":"https:\/\/radioljubuski.ba\/wp-content\/uploads\/2022\/06\/2-2022-06-28-07-20-29-kamion-1.jpg","datePublished":"2022-06-28T06:06:11+00:00","dateModified":"2022-06-28T06:06:12+00:00","breadcrumb":{"@id":"https:\/\/radioljubuski.ba\/index.php\/2022\/06\/28\/tragedija-u-teksasu-46-migranata-pronadeno-mrtvo-u-prikolici\/#breadcrumb"},"inLanguage":"hr","potentialAction":[{"@type":"ReadAction","target":["https:\/\/radioljubuski.ba\/index.php\/2022\/06\/28\/tragedija-u-teksasu-46-migranata-pronadeno-mrtvo-u-prikolici\/"]}]},{"@type":"ImageObject","inLanguage":"hr","@id":"https:\/\/radioljubuski.ba\/index.php\/2022\/06\/28\/tragedija-u-teksasu-46-migranata-pronadeno-mrtvo-u-prikolici\/#primaryimage","url":"https:\/\/radioljubuski.ba\/wp-content\/uploads\/2022\/06\/2-2022-06-28-07-20-29-kamion-1.jpg","contentUrl":"https:\/\/radioljubuski.ba\/wp-content\/uploads\/2022\/06\/2-2022-06-28-07-20-29-kamion-1.jpg","width":1000,"height":625},{"@type":"BreadcrumbList","@id":"https:\/\/radioljubuski.ba\/index.php\/2022\/06\/28\/tragedija-u-teksasu-46-migranata-pronadeno-mrtvo-u-prikolici\/#breadcrumb","itemListElement":[{"@type":"ListItem","position":1,"name":"Po\u010detna stranica","item":"https:\/\/radioljubuski.ba\/"},{"@type":"ListItem","position":2,"name":"Tragedija u Teksasu, 46 migranata prona\u0111eno mrtvo u prikolici"}]},{"@type":"WebSite","@id":"https:\/\/radioljubuski.ba\/#website","url":"https:\/\/radioljubuski.ba\/","name":"Radio Ljubu\u0161ki","description":"Sun\u010dana frekvencija Hercegovine","publisher":{"@id":"https:\/\/radioljubuski.ba\/#organization"},"potentialAction":[{"@type":"SearchAction","target":{"@type":"EntryPoint","urlTemplate":"https:\/\/radioljubuski.ba\/?s={search_term_string}"},"query-input":{"@type":"PropertyValueSpecification","valueRequired":true,"valueName":"search_term_string"}}],"inLanguage":"hr"},{"@type":"Organization","@id":"https:\/\/radioljubuski.ba\/#organization","name":"Radio Ljubu\u0161ki","url":"https:\/\/radioljubuski.ba\/","logo":{"@type":"ImageObject","inLanguage":"hr","@id":"https:\/\/radioljubuski.ba\/#\/schema\/logo\/image\/","url":"https:\/\/radioljubuski.ba\/wp-content\/uploads\/2021\/02\/cropped-Radio_Ljubuski_logo1.jpg","contentUrl":"https:\/\/radioljubuski.ba\/wp-content\/uploads\/2021\/02\/cropped-Radio_Ljubuski_logo1.jpg","width":512,"height":512,"caption":"Radio Ljubu\u0161ki"},"image":{"@id":"https:\/\/radioljubuski.ba\/#\/schema\/logo\/image\/"},"sameAs":["https:\/\/www.facebook.com\/Radiio-Ljubuski-1490835324566332","https:\/\/x.com\/radioljubuski","https:\/\/hr.linkedin.com\/company\/radio-ljubuski","https:\/\/www.youtube.com\/channel\/UCHYaeO_n0Db3tjNGudGpXyw"]},{"@type":"Person","@id":"https:\/\/radioljubuski.ba\/#\/schema\/person\/19fc700381a780f69665d7956c469e3b","name":"Radio Ljubu\u0161ki"}]}},"_links":{"self":[{"href":"https:\/\/radioljubuski.ba\/index.php\/wp-json\/wp\/v2\/posts\/154158","targetHints":{"allow":["GET"]}}],"collection":[{"href":"https:\/\/radioljubuski.ba\/index.php\/wp-json\/wp\/v2\/posts"}],"about":[{"href":"https:\/\/radioljubuski.ba\/index.php\/wp-json\/wp\/v2\/types\/post"}],"author":[{"embeddable":true,"href":"https:\/\/radioljubuski.ba\/index.php\/wp-json\/wp\/v2\/users\/2"}],"replies":[{"embeddable":true,"href":"https:\/\/radioljubuski.ba\/index.php\/wp-json\/wp\/v2\/comments?post=154158"}],"version-history":[{"count":1,"href":"https:\/\/radioljubuski.ba\/index.php\/wp-json\/wp\/v2\/posts\/154158\/revisions"}],"predecessor-version":[{"id":154160,"href":"https:\/\/radioljubuski.ba\/index.php\/wp-json\/wp\/v2\/posts\/154158\/revisions\/154160"}],"wp:featuredmedia":[{"embeddable":true,"href":"https:\/\/radioljubuski.ba\/index.php\/wp-json\/wp\/v2\/media\/154159"}],"wp:attachment":[{"href":"https:\/\/radioljubuski.ba\/index.php\/wp-json\/wp\/v2\/media?parent=154158"}],"wp:term":[{"taxonomy":"category","embeddable":true,"href":"https:\/\/radioljubuski.ba\/index.php\/wp-json\/wp\/v2\/categories?post=154158"},{"taxonomy":"post_tag","embeddable":true,"href":"https:\/\/radioljubuski.ba\/index.php\/wp-json\/wp\/v2\/tags?post=154158"}],"curies":[{"name":"wp","href":"https:\/\/api.w.org\/{rel}","templated":true}]}}