{"id":154167,"date":"2022-06-28T07:40:27","date_gmt":"2022-06-28T06:40:27","guid":{"rendered":"https:\/\/radioljubuski.ba\/?p=154167"},"modified":"2022-06-28T07:40:28","modified_gmt":"2022-06-28T06:40:28","slug":"neum-pun-gostiju-za-vikend-obecava-priblizavanje-rekordnoj-sezoni","status":"publish","type":"post","link":"https:\/\/radioljubuski.ba\/index.php\/2022\/06\/28\/neum-pun-gostiju-za-vikend-obecava-priblizavanje-rekordnoj-sezoni\/","title":{"rendered":"Neum pun gostiju za vikend obe\u0107ava pribli\u017eavanje rekordnoj sezoni"},"content":{"rendered":"\n<p>\u010cisto more, pristupa\u010dne cijene smje\u0161taja, hrane i usluga, zemljopisni polo\u017eaj koji jam\u010di neke od najljep\u0161ih zalazaka sunca na Jadranu, dostupnost bogate kulturno-povijesne ba\u0161tine, a napose u zale\u0111u. Neum, jedini bosanskohercegova\u010dki grad na moru, ve\u0107 se neko vrijeme probija me\u0111u zvijezde mediteranskog turizma, a ako je suditi prema vi\u0111enom ovoga vikenda, kada je u Neumu ve\u0107i broj turista tra\u017eio okrepu od vru\u0107ina u moru, o\u010dekuje ga jo\u0161 jedna iznimno uspje\u0161na ljetna sezona,&nbsp;pi\u0161e Ve\u010dernji list BiH.<\/p>\n\n\n\n<p>Tomu u prilog idu i podaci iz predsezone, a kada se tomu doda i podatak da \u0107e za nekoliko dana biti i slu\u017ebeno otvorena magistralna prometnica do Stoca, rastu o\u010dekivanja doma\u0107ih turisti\u010dkih djelatnika, posebice zbog \u010dinjenice da \u0107e velikom broju gostiju iz unutra\u0161njosti biti olak\u0161an pristup do mora.&nbsp;<\/p>\n\n\n\n<p>Informacije iz predsezone<\/p>\n\n\n\n<p>Na\u010delnik op\u0107ine Neum Dragan Jurkovi\u0107 isti\u010de kako su hotelijeri zadovoljni predsezonom, a u ovom je trenutku popunjenost kapaciteta na 60 &#8211; 70 posto, \u0161to je izvrstan podatak koji govori o dobroj predsezoni, ali i koji najavljuje izvrsnu \u0161picu sezone.<\/p>\n\n\n\n<p>&#8211; \u0160to se ti\u010de pokazatelja, svi smo zadovoljni. Nadamo se kako \u0107emo imati jako dobru sezonu &#8211; naglasio je Jurkovi\u0107, dodav\u0161i kako vesele i najave da \u0107e postsezona tako\u0111er biti dobra. Na osnovi svih parametara Jurkovi\u0107 ka\u017ee i kako se nadaju da bi se ove godine mogli pribli\u017eiti bar na 70 posto rezultatima iz izvrsne pretkrizne, odnosno pretpandemijske 2019. godine.<\/p>\n\n\n\n<p>To \u0107e u svakom slu\u010daju biti bolje od prethodnih dviju godina, a Jurkovi\u0107 podsje\u0107a kako je 2020. imala jedno kratko razdoblje s dobrim rezultatima i velikim brojem gostiju, 2021. je bila ne\u0161to bolja, a ova \u0107e se pribli\u017eiti rezultatima iz 2019. godine.<\/p>\n\n\n\n<p>U kontekstu dostupnosti radnika, na\u010delnik Neuma kazao je kako je trenuta\u010dno situacija takva da se u turizmu \u017eeli zadr\u017eati \u0161to ve\u0107i broj mladih, a isti\u010de i kako se poslodavci dobro snalaze s brojem ljudi koji imaju. Ova sezona donijet \u0107e i jednu novinu s kojom \u0107e se Neum dodatno pozicionirati na karti privla\u010dnih mediteranskih lokacija s bogatom ponudom. Rije\u010d je, naravno, o brzoj cesti do Stoca koja \u0107e donijeti nove perspektive razvoja obalnom dijelu, prvenstveno zbog mogu\u0107nosti br\u017eeg i ugodnijeg putovanja turistima koji dolaze iz unutra\u0161njosti zemlje.<\/p>\n\n\n\n<p>Razvojne mogu\u0107nosti<\/p>\n\n\n\n<p>No, cesta otvara i razvojnu pri\u010du za neumsko zale\u0111e, prostor iskonskog Mediterana bogate povijesti, ali i iznimno velikih potencijala za razvoj agroturizma. Pri\u010da se kako upravo tu, pod impozantnim masivom planine \u017dabe, rastu masline koje daju najbolje europsko ulje, a kada da se tomu dodaju i drugi proizvodi koji bez problema mogu nositi etiketu &#8220;zdravo i doma\u0107e&#8221;, neumsko zale\u0111e s pravom mo\u017ee ra\u010dunati na svojevrsni gospodarski preporod.<\/p>\n\n\n\n<p>Cesta bi se i slu\u017ebeno trebala otvoriti po\u010detkom srpnja, a njezine prednosti lokalna zajednica, ali i jugoistok Hercegovine, osjetit \u0107e vrlo brzo, i to ne samo pove\u0107anjem broja gostiju i no\u0107enja. Na strate\u0161kom planu \u0107e povezivanje Neuma s ostatkom Hercegovine biti svojevrsni pokreta\u010d \u0161ireg prostora jer nova cesta postaje dio mre\u017ee prometnica koje uklju\u010duju koridor Vc, ali i uskoro moderniziranu cestu prema Ravnom.<\/p>\n\n\n\n<p>Izvor<a href=\"https:\/\/pogled.ba\/vijesti\/neum-pun-gostiju-za-vikend-obecava-priblizavanje-rekordnoj-sezoni\/249241\">:Pogled.ba<\/a><\/p>\n","protected":false},"excerpt":{"rendered":"<p>\u010cisto more, pristupa\u010dne cijene smje\u0161taja, hrane i usluga, zemljopisni polo\u017eaj koji jam\u010di neke od najljep\u0161ih zalazaka sunca na Jadranu, dostupnost bogate kulturno-povijesne ba\u0161tine, a napose u zale\u0111u. Neum, jedini bosanskohercegova\u010dki grad na moru, ve\u0107 se neko vrijeme probija me\u0111u zvijezde mediteranskog turizma, a ako je suditi prema vi\u0111enom ovoga vikenda, kada je u Neumu ve\u0107i [&hellip;]<\/p>\n","protected":false},"author":2,"featured_media":154168,"comment_status":"closed","ping_status":"closed","sticky":false,"template":"","format":"standard","meta":{"h5ap_radio_sources":[],"footnotes":""},"categories":[1],"tags":[],"class_list":["post-154167","post","type-post","status-publish","format-standard","has-post-thumbnail","hentry","category-bihiregija"],"yoast_head":"<!-- This site is optimized with the Yoast SEO plugin v27.5 - https:\/\/yoast.com\/product\/yoast-seo-wordpress\/ -->\n<title>Neum pun gostiju za vikend obe\u0107ava pribli\u017eavanje rekordnoj sezoni - RADIO LJUBU\u0160KI<\/title>\n<meta name=\"robots\" content=\"index, follow, max-snippet:-1, max-image-preview:large, max-video-preview:-1\" \/>\n<link rel=\"canonical\" href=\"https:\/\/radioljubuski.ba\/index.php\/2022\/06\/28\/neum-pun-gostiju-za-vikend-obecava-priblizavanje-rekordnoj-sezoni\/\" \/>\n<meta property=\"og:locale\" content=\"hr_HR\" \/>\n<meta property=\"og:type\" content=\"article\" \/>\n<meta property=\"og:title\" content=\"Neum pun gostiju za vikend obe\u0107ava pribli\u017eavanje rekordnoj sezoni - RADIO LJUBU\u0160KI\" \/>\n<meta property=\"og:description\" content=\"\u010cisto more, pristupa\u010dne cijene smje\u0161taja, hrane i usluga, zemljopisni polo\u017eaj koji jam\u010di neke od najljep\u0161ih zalazaka sunca na Jadranu, dostupnost bogate kulturno-povijesne ba\u0161tine, a napose u zale\u0111u. Neum, jedini bosanskohercegova\u010dki grad na moru, ve\u0107 se neko vrijeme probija me\u0111u zvijezde mediteranskog turizma, a ako je suditi prema vi\u0111enom ovoga vikenda, kada je u Neumu ve\u0107i [&hellip;]\" \/>\n<meta property=\"og:url\" content=\"https:\/\/radioljubuski.ba\/index.php\/2022\/06\/28\/neum-pun-gostiju-za-vikend-obecava-priblizavanje-rekordnoj-sezoni\/\" \/>\n<meta property=\"og:site_name\" content=\"RADIO LJUBU\u0160KI\" \/>\n<meta property=\"article:publisher\" content=\"https:\/\/www.facebook.com\/Radiio-Ljubuski-1490835324566332\" \/>\n<meta property=\"article:published_time\" content=\"2022-06-28T06:40:27+00:00\" \/>\n<meta property=\"article:modified_time\" content=\"2022-06-28T06:40:28+00:00\" \/>\n<meta property=\"og:image\" content=\"https:\/\/radioljubuski.ba\/wp-content\/uploads\/2022\/06\/10-2022-06-27-20-28-06-Snimka-zaslona-2022-06-27-202757-1.jpg\" \/>\n\t<meta property=\"og:image:width\" content=\"1000\" \/>\n\t<meta property=\"og:image:height\" content=\"625\" \/>\n\t<meta property=\"og:image:type\" content=\"image\/jpeg\" \/>\n<meta name=\"author\" content=\"Radio Ljubu\u0161ki\" \/>\n<meta name=\"twitter:card\" content=\"summary_large_image\" \/>\n<meta name=\"twitter:creator\" content=\"@radioljubuski\" \/>\n<meta name=\"twitter:site\" content=\"@radioljubuski\" \/>\n<meta name=\"twitter:label1\" content=\"Napisao\/la\" \/>\n\t<meta name=\"twitter:data1\" content=\"Radio Ljubu\u0161ki\" \/>\n\t<meta name=\"twitter:label2\" content=\"Procijenjeno vrijeme \u010ditanja\" \/>\n\t<meta name=\"twitter:data2\" content=\"3 minute\" \/>\n<script type=\"application\/ld+json\" class=\"yoast-schema-graph\">{\"@context\":\"https:\\\/\\\/schema.org\",\"@graph\":[{\"@type\":\"Article\",\"@id\":\"https:\\\/\\\/radioljubuski.ba\\\/index.php\\\/2022\\\/06\\\/28\\\/neum-pun-gostiju-za-vikend-obecava-priblizavanje-rekordnoj-sezoni\\\/#article\",\"isPartOf\":{\"@id\":\"https:\\\/\\\/radioljubuski.ba\\\/index.php\\\/2022\\\/06\\\/28\\\/neum-pun-gostiju-za-vikend-obecava-priblizavanje-rekordnoj-sezoni\\\/\"},\"author\":{\"name\":\"Radio Ljubu\u0161ki\",\"@id\":\"https:\\\/\\\/radioljubuski.ba\\\/#\\\/schema\\\/person\\\/19fc700381a780f69665d7956c469e3b\"},\"headline\":\"Neum pun gostiju za vikend obe\u0107ava pribli\u017eavanje rekordnoj sezoni\",\"datePublished\":\"2022-06-28T06:40:27+00:00\",\"dateModified\":\"2022-06-28T06:40:28+00:00\",\"mainEntityOfPage\":{\"@id\":\"https:\\\/\\\/radioljubuski.ba\\\/index.php\\\/2022\\\/06\\\/28\\\/neum-pun-gostiju-za-vikend-obecava-priblizavanje-rekordnoj-sezoni\\\/\"},\"wordCount\":554,\"publisher\":{\"@id\":\"https:\\\/\\\/radioljubuski.ba\\\/#organization\"},\"image\":{\"@id\":\"https:\\\/\\\/radioljubuski.ba\\\/index.php\\\/2022\\\/06\\\/28\\\/neum-pun-gostiju-za-vikend-obecava-priblizavanje-rekordnoj-sezoni\\\/#primaryimage\"},\"thumbnailUrl\":\"https:\\\/\\\/radioljubuski.ba\\\/wp-content\\\/uploads\\\/2022\\\/06\\\/10-2022-06-27-20-28-06-Snimka-zaslona-2022-06-27-202757-1.jpg\",\"articleSection\":[\"BIH i regija\"],\"inLanguage\":\"hr\"},{\"@type\":\"WebPage\",\"@id\":\"https:\\\/\\\/radioljubuski.ba\\\/index.php\\\/2022\\\/06\\\/28\\\/neum-pun-gostiju-za-vikend-obecava-priblizavanje-rekordnoj-sezoni\\\/\",\"url\":\"https:\\\/\\\/radioljubuski.ba\\\/index.php\\\/2022\\\/06\\\/28\\\/neum-pun-gostiju-za-vikend-obecava-priblizavanje-rekordnoj-sezoni\\\/\",\"name\":\"Neum pun gostiju za vikend obe\u0107ava pribli\u017eavanje rekordnoj sezoni - RADIO LJUBU\u0160KI\",\"isPartOf\":{\"@id\":\"https:\\\/\\\/radioljubuski.ba\\\/#website\"},\"primaryImageOfPage\":{\"@id\":\"https:\\\/\\\/radioljubuski.ba\\\/index.php\\\/2022\\\/06\\\/28\\\/neum-pun-gostiju-za-vikend-obecava-priblizavanje-rekordnoj-sezoni\\\/#primaryimage\"},\"image\":{\"@id\":\"https:\\\/\\\/radioljubuski.ba\\\/index.php\\\/2022\\\/06\\\/28\\\/neum-pun-gostiju-za-vikend-obecava-priblizavanje-rekordnoj-sezoni\\\/#primaryimage\"},\"thumbnailUrl\":\"https:\\\/\\\/radioljubuski.ba\\\/wp-content\\\/uploads\\\/2022\\\/06\\\/10-2022-06-27-20-28-06-Snimka-zaslona-2022-06-27-202757-1.jpg\",\"datePublished\":\"2022-06-28T06:40:27+00:00\",\"dateModified\":\"2022-06-28T06:40:28+00:00\",\"breadcrumb\":{\"@id\":\"https:\\\/\\\/radioljubuski.ba\\\/index.php\\\/2022\\\/06\\\/28\\\/neum-pun-gostiju-za-vikend-obecava-priblizavanje-rekordnoj-sezoni\\\/#breadcrumb\"},\"inLanguage\":\"hr\",\"potentialAction\":[{\"@type\":\"ReadAction\",\"target\":[\"https:\\\/\\\/radioljubuski.ba\\\/index.php\\\/2022\\\/06\\\/28\\\/neum-pun-gostiju-za-vikend-obecava-priblizavanje-rekordnoj-sezoni\\\/\"]}]},{\"@type\":\"ImageObject\",\"inLanguage\":\"hr\",\"@id\":\"https:\\\/\\\/radioljubuski.ba\\\/index.php\\\/2022\\\/06\\\/28\\\/neum-pun-gostiju-za-vikend-obecava-priblizavanje-rekordnoj-sezoni\\\/#primaryimage\",\"url\":\"https:\\\/\\\/radioljubuski.ba\\\/wp-content\\\/uploads\\\/2022\\\/06\\\/10-2022-06-27-20-28-06-Snimka-zaslona-2022-06-27-202757-1.jpg\",\"contentUrl\":\"https:\\\/\\\/radioljubuski.ba\\\/wp-content\\\/uploads\\\/2022\\\/06\\\/10-2022-06-27-20-28-06-Snimka-zaslona-2022-06-27-202757-1.jpg\",\"width\":1000,\"height\":625},{\"@type\":\"BreadcrumbList\",\"@id\":\"https:\\\/\\\/radioljubuski.ba\\\/index.php\\\/2022\\\/06\\\/28\\\/neum-pun-gostiju-za-vikend-obecava-priblizavanje-rekordnoj-sezoni\\\/#breadcrumb\",\"itemListElement\":[{\"@type\":\"ListItem\",\"position\":1,\"name\":\"Po\u010detna stranica\",\"item\":\"https:\\\/\\\/radioljubuski.ba\\\/\"},{\"@type\":\"ListItem\",\"position\":2,\"name\":\"Neum pun gostiju za vikend obe\u0107ava pribli\u017eavanje rekordnoj sezoni\"}]},{\"@type\":\"WebSite\",\"@id\":\"https:\\\/\\\/radioljubuski.ba\\\/#website\",\"url\":\"https:\\\/\\\/radioljubuski.ba\\\/\",\"name\":\"Radio Ljubu\u0161ki\",\"description\":\"Sun\u010dana frekvencija Hercegovine\",\"publisher\":{\"@id\":\"https:\\\/\\\/radioljubuski.ba\\\/#organization\"},\"potentialAction\":[{\"@type\":\"SearchAction\",\"target\":{\"@type\":\"EntryPoint\",\"urlTemplate\":\"https:\\\/\\\/radioljubuski.ba\\\/?s={search_term_string}\"},\"query-input\":{\"@type\":\"PropertyValueSpecification\",\"valueRequired\":true,\"valueName\":\"search_term_string\"}}],\"inLanguage\":\"hr\"},{\"@type\":\"Organization\",\"@id\":\"https:\\\/\\\/radioljubuski.ba\\\/#organization\",\"name\":\"Radio Ljubu\u0161ki\",\"url\":\"https:\\\/\\\/radioljubuski.ba\\\/\",\"logo\":{\"@type\":\"ImageObject\",\"inLanguage\":\"hr\",\"@id\":\"https:\\\/\\\/radioljubuski.ba\\\/#\\\/schema\\\/logo\\\/image\\\/\",\"url\":\"https:\\\/\\\/radioljubuski.ba\\\/wp-content\\\/uploads\\\/2021\\\/02\\\/cropped-Radio_Ljubuski_logo1.jpg\",\"contentUrl\":\"https:\\\/\\\/radioljubuski.ba\\\/wp-content\\\/uploads\\\/2021\\\/02\\\/cropped-Radio_Ljubuski_logo1.jpg\",\"width\":512,\"height\":512,\"caption\":\"Radio Ljubu\u0161ki\"},\"image\":{\"@id\":\"https:\\\/\\\/radioljubuski.ba\\\/#\\\/schema\\\/logo\\\/image\\\/\"},\"sameAs\":[\"https:\\\/\\\/www.facebook.com\\\/Radiio-Ljubuski-1490835324566332\",\"https:\\\/\\\/x.com\\\/radioljubuski\",\"https:\\\/\\\/hr.linkedin.com\\\/company\\\/radio-ljubuski\",\"https:\\\/\\\/www.youtube.com\\\/channel\\\/UCHYaeO_n0Db3tjNGudGpXyw\"]},{\"@type\":\"Person\",\"@id\":\"https:\\\/\\\/radioljubuski.ba\\\/#\\\/schema\\\/person\\\/19fc700381a780f69665d7956c469e3b\",\"name\":\"Radio Ljubu\u0161ki\"}]}<\/script>\n<!-- \/ Yoast SEO plugin. -->","yoast_head_json":{"title":"Neum pun gostiju za vikend obe\u0107ava pribli\u017eavanje rekordnoj sezoni - RADIO LJUBU\u0160KI","robots":{"index":"index","follow":"follow","max-snippet":"max-snippet:-1","max-image-preview":"max-image-preview:large","max-video-preview":"max-video-preview:-1"},"canonical":"https:\/\/radioljubuski.ba\/index.php\/2022\/06\/28\/neum-pun-gostiju-za-vikend-obecava-priblizavanje-rekordnoj-sezoni\/","og_locale":"hr_HR","og_type":"article","og_title":"Neum pun gostiju za vikend obe\u0107ava pribli\u017eavanje rekordnoj sezoni - RADIO LJUBU\u0160KI","og_description":"\u010cisto more, pristupa\u010dne cijene smje\u0161taja, hrane i usluga, zemljopisni polo\u017eaj koji jam\u010di neke od najljep\u0161ih zalazaka sunca na Jadranu, dostupnost bogate kulturno-povijesne ba\u0161tine, a napose u zale\u0111u. Neum, jedini bosanskohercegova\u010dki grad na moru, ve\u0107 se neko vrijeme probija me\u0111u zvijezde mediteranskog turizma, a ako je suditi prema vi\u0111enom ovoga vikenda, kada je u Neumu ve\u0107i [&hellip;]","og_url":"https:\/\/radioljubuski.ba\/index.php\/2022\/06\/28\/neum-pun-gostiju-za-vikend-obecava-priblizavanje-rekordnoj-sezoni\/","og_site_name":"RADIO LJUBU\u0160KI","article_publisher":"https:\/\/www.facebook.com\/Radiio-Ljubuski-1490835324566332","article_published_time":"2022-06-28T06:40:27+00:00","article_modified_time":"2022-06-28T06:40:28+00:00","og_image":[{"width":1000,"height":625,"url":"https:\/\/radioljubuski.ba\/wp-content\/uploads\/2022\/06\/10-2022-06-27-20-28-06-Snimka-zaslona-2022-06-27-202757-1.jpg","type":"image\/jpeg"}],"author":"Radio Ljubu\u0161ki","twitter_card":"summary_large_image","twitter_creator":"@radioljubuski","twitter_site":"@radioljubuski","twitter_misc":{"Napisao\/la":"Radio Ljubu\u0161ki","Procijenjeno vrijeme \u010ditanja":"3 minute"},"schema":{"@context":"https:\/\/schema.org","@graph":[{"@type":"Article","@id":"https:\/\/radioljubuski.ba\/index.php\/2022\/06\/28\/neum-pun-gostiju-za-vikend-obecava-priblizavanje-rekordnoj-sezoni\/#article","isPartOf":{"@id":"https:\/\/radioljubuski.ba\/index.php\/2022\/06\/28\/neum-pun-gostiju-za-vikend-obecava-priblizavanje-rekordnoj-sezoni\/"},"author":{"name":"Radio Ljubu\u0161ki","@id":"https:\/\/radioljubuski.ba\/#\/schema\/person\/19fc700381a780f69665d7956c469e3b"},"headline":"Neum pun gostiju za vikend obe\u0107ava pribli\u017eavanje rekordnoj sezoni","datePublished":"2022-06-28T06:40:27+00:00","dateModified":"2022-06-28T06:40:28+00:00","mainEntityOfPage":{"@id":"https:\/\/radioljubuski.ba\/index.php\/2022\/06\/28\/neum-pun-gostiju-za-vikend-obecava-priblizavanje-rekordnoj-sezoni\/"},"wordCount":554,"publisher":{"@id":"https:\/\/radioljubuski.ba\/#organization"},"image":{"@id":"https:\/\/radioljubuski.ba\/index.php\/2022\/06\/28\/neum-pun-gostiju-za-vikend-obecava-priblizavanje-rekordnoj-sezoni\/#primaryimage"},"thumbnailUrl":"https:\/\/radioljubuski.ba\/wp-content\/uploads\/2022\/06\/10-2022-06-27-20-28-06-Snimka-zaslona-2022-06-27-202757-1.jpg","articleSection":["BIH i regija"],"inLanguage":"hr"},{"@type":"WebPage","@id":"https:\/\/radioljubuski.ba\/index.php\/2022\/06\/28\/neum-pun-gostiju-za-vikend-obecava-priblizavanje-rekordnoj-sezoni\/","url":"https:\/\/radioljubuski.ba\/index.php\/2022\/06\/28\/neum-pun-gostiju-za-vikend-obecava-priblizavanje-rekordnoj-sezoni\/","name":"Neum pun gostiju za vikend obe\u0107ava pribli\u017eavanje rekordnoj sezoni - RADIO LJUBU\u0160KI","isPartOf":{"@id":"https:\/\/radioljubuski.ba\/#website"},"primaryImageOfPage":{"@id":"https:\/\/radioljubuski.ba\/index.php\/2022\/06\/28\/neum-pun-gostiju-za-vikend-obecava-priblizavanje-rekordnoj-sezoni\/#primaryimage"},"image":{"@id":"https:\/\/radioljubuski.ba\/index.php\/2022\/06\/28\/neum-pun-gostiju-za-vikend-obecava-priblizavanje-rekordnoj-sezoni\/#primaryimage"},"thumbnailUrl":"https:\/\/radioljubuski.ba\/wp-content\/uploads\/2022\/06\/10-2022-06-27-20-28-06-Snimka-zaslona-2022-06-27-202757-1.jpg","datePublished":"2022-06-28T06:40:27+00:00","dateModified":"2022-06-28T06:40:28+00:00","breadcrumb":{"@id":"https:\/\/radioljubuski.ba\/index.php\/2022\/06\/28\/neum-pun-gostiju-za-vikend-obecava-priblizavanje-rekordnoj-sezoni\/#breadcrumb"},"inLanguage":"hr","potentialAction":[{"@type":"ReadAction","target":["https:\/\/radioljubuski.ba\/index.php\/2022\/06\/28\/neum-pun-gostiju-za-vikend-obecava-priblizavanje-rekordnoj-sezoni\/"]}]},{"@type":"ImageObject","inLanguage":"hr","@id":"https:\/\/radioljubuski.ba\/index.php\/2022\/06\/28\/neum-pun-gostiju-za-vikend-obecava-priblizavanje-rekordnoj-sezoni\/#primaryimage","url":"https:\/\/radioljubuski.ba\/wp-content\/uploads\/2022\/06\/10-2022-06-27-20-28-06-Snimka-zaslona-2022-06-27-202757-1.jpg","contentUrl":"https:\/\/radioljubuski.ba\/wp-content\/uploads\/2022\/06\/10-2022-06-27-20-28-06-Snimka-zaslona-2022-06-27-202757-1.jpg","width":1000,"height":625},{"@type":"BreadcrumbList","@id":"https:\/\/radioljubuski.ba\/index.php\/2022\/06\/28\/neum-pun-gostiju-za-vikend-obecava-priblizavanje-rekordnoj-sezoni\/#breadcrumb","itemListElement":[{"@type":"ListItem","position":1,"name":"Po\u010detna stranica","item":"https:\/\/radioljubuski.ba\/"},{"@type":"ListItem","position":2,"name":"Neum pun gostiju za vikend obe\u0107ava pribli\u017eavanje rekordnoj sezoni"}]},{"@type":"WebSite","@id":"https:\/\/radioljubuski.ba\/#website","url":"https:\/\/radioljubuski.ba\/","name":"Radio Ljubu\u0161ki","description":"Sun\u010dana frekvencija Hercegovine","publisher":{"@id":"https:\/\/radioljubuski.ba\/#organization"},"potentialAction":[{"@type":"SearchAction","target":{"@type":"EntryPoint","urlTemplate":"https:\/\/radioljubuski.ba\/?s={search_term_string}"},"query-input":{"@type":"PropertyValueSpecification","valueRequired":true,"valueName":"search_term_string"}}],"inLanguage":"hr"},{"@type":"Organization","@id":"https:\/\/radioljubuski.ba\/#organization","name":"Radio Ljubu\u0161ki","url":"https:\/\/radioljubuski.ba\/","logo":{"@type":"ImageObject","inLanguage":"hr","@id":"https:\/\/radioljubuski.ba\/#\/schema\/logo\/image\/","url":"https:\/\/radioljubuski.ba\/wp-content\/uploads\/2021\/02\/cropped-Radio_Ljubuski_logo1.jpg","contentUrl":"https:\/\/radioljubuski.ba\/wp-content\/uploads\/2021\/02\/cropped-Radio_Ljubuski_logo1.jpg","width":512,"height":512,"caption":"Radio Ljubu\u0161ki"},"image":{"@id":"https:\/\/radioljubuski.ba\/#\/schema\/logo\/image\/"},"sameAs":["https:\/\/www.facebook.com\/Radiio-Ljubuski-1490835324566332","https:\/\/x.com\/radioljubuski","https:\/\/hr.linkedin.com\/company\/radio-ljubuski","https:\/\/www.youtube.com\/channel\/UCHYaeO_n0Db3tjNGudGpXyw"]},{"@type":"Person","@id":"https:\/\/radioljubuski.ba\/#\/schema\/person\/19fc700381a780f69665d7956c469e3b","name":"Radio Ljubu\u0161ki"}]}},"_links":{"self":[{"href":"https:\/\/radioljubuski.ba\/index.php\/wp-json\/wp\/v2\/posts\/154167","targetHints":{"allow":["GET"]}}],"collection":[{"href":"https:\/\/radioljubuski.ba\/index.php\/wp-json\/wp\/v2\/posts"}],"about":[{"href":"https:\/\/radioljubuski.ba\/index.php\/wp-json\/wp\/v2\/types\/post"}],"author":[{"embeddable":true,"href":"https:\/\/radioljubuski.ba\/index.php\/wp-json\/wp\/v2\/users\/2"}],"replies":[{"embeddable":true,"href":"https:\/\/radioljubuski.ba\/index.php\/wp-json\/wp\/v2\/comments?post=154167"}],"version-history":[{"count":1,"href":"https:\/\/radioljubuski.ba\/index.php\/wp-json\/wp\/v2\/posts\/154167\/revisions"}],"predecessor-version":[{"id":154169,"href":"https:\/\/radioljubuski.ba\/index.php\/wp-json\/wp\/v2\/posts\/154167\/revisions\/154169"}],"wp:featuredmedia":[{"embeddable":true,"href":"https:\/\/radioljubuski.ba\/index.php\/wp-json\/wp\/v2\/media\/154168"}],"wp:attachment":[{"href":"https:\/\/radioljubuski.ba\/index.php\/wp-json\/wp\/v2\/media?parent=154167"}],"wp:term":[{"taxonomy":"category","embeddable":true,"href":"https:\/\/radioljubuski.ba\/index.php\/wp-json\/wp\/v2\/categories?post=154167"},{"taxonomy":"post_tag","embeddable":true,"href":"https:\/\/radioljubuski.ba\/index.php\/wp-json\/wp\/v2\/tags?post=154167"}],"curies":[{"name":"wp","href":"https:\/\/api.w.org\/{rel}","templated":true}]}}